{"id":5520,"date":"2025-06-06T08:32:43","date_gmt":"2025-06-06T03:32:43","guid":{"rendered":"https:\/\/pulso27.com\/?p=5520"},"modified":"2025-06-06T08:32:48","modified_gmt":"2025-06-06T03:32:48","slug":"dina-boluarte-y-su-gabinete-bajo-fuego-un-dialogo-o-una-repartija-politica","status":"publish","type":"post","link":"https:\/\/pulso27.com\/es\/actualidad\/politica\/dina-boluarte-y-su-gabinete-bajo-fuego-un-dialogo-o-una-repartija-politica\/","title":{"rendered":"Dina Boluarte y su Gabinete bajo fuego: \u00bfUn di\u00e1logo o una repartija pol\u00edtica?"},"content":{"rendered":"\n<p>En un intento por asegurar el voto de confianza para el Gabinete liderado por Eduardo Arana, la presidenta Dina Boluarte y su premier han iniciado una ronda de di\u00e1logos con bancadas parlamentarias, especialmente de derecha, entre el 2 y 3 de junio de 2025. Sin embargo, estas reuniones han desatado cr\u00edticas que acusan al Ejecutivo de buscar una \u201crepartija\u201d pol\u00edtica para consolidar su poder, en lugar de priorizar un plan s\u00f3lido contra la inseguridad y la crisis econ\u00f3mica. Bancadas como Fuerza Popular, Renovaci\u00f3n Popular y Avanza Pa\u00eds asistieron a las citas en Palacio de Gobierno, pero su apoyo est\u00e1 condicionado a demandas espec\u00edficas, lo que refuerza la percepci\u00f3n de negociaciones opacas.<\/p>\n\n\n\n<p>La oposici\u00f3n, liderada por la Bancada Socialista, Podemos Per\u00fa y Per\u00fa Libre, ha rechazado tajantemente el di\u00e1logo, calific\u00e1ndolo de maniobra para comprar lealtades. La Bancada Socialista tild\u00f3 a Boluarte de \u201cusurpadora\u201d y denunci\u00f3 que el Ejecutivo ofrece prebendas a cambio de votos, mientras que Podemos Per\u00fa critic\u00f3 la falta de un plan claro para enfrentar la creciente criminalidad y la pobreza, que afecta al 31.4% de los peruanos seg\u00fan recientes encuestas. Este rechazo refleja una profunda desconfianza hacia un gobierno con solo un 7% de aprobaci\u00f3n, que parece depender exclusivamente de alianzas con sectores ultraconservadores para sobrevivir pol\u00edticamente.<\/p>\n\n\n\n<figure class=\"wp-block-image size-full is-resized\"><img loading=\"lazy\" decoding=\"async\" width=\"680\" height=\"400\" src=\"https:\/\/pulso27.com\/wp-content\/uploads\/2025\/06\/image-8.png\" alt=\"\" class=\"wp-image-5522\" style=\"width:740px;height:auto\" srcset=\"https:\/\/pulso27.com\/wp-content\/uploads\/2025\/06\/image-8.png 680w, https:\/\/pulso27.com\/wp-content\/uploads\/2025\/06\/image-8-300x176.png 300w, https:\/\/pulso27.com\/wp-content\/uploads\/2025\/06\/image-8-18x12.png 18w\" sizes=\"auto, (max-width: 680px) 100vw, 680px\" \/><figcaption class=\"wp-element-caption\">Los congresista representantes de Fuerza Popular participaron en pleno de la rueda de di\u00e1logo para obtener el voto de confianza.<\/figcaption><\/figure>\n\n\n\n<p>Incluso entre las bancadas de derecha, las reuniones han generado escepticismo. Renovaci\u00f3n Popular, por ejemplo, exigi\u00f3 medidas draconianas como la deportaci\u00f3n de delincuentes y el control militar del orden interno, mientras que Fuerza Popular pidi\u00f3 neutralidad electoral para 2026, sugiriendo que el apoyo no ser\u00e1 incondicional. Estas demandas evidencian que el Ejecutivo est\u00e1 dispuesto a ceder a presiones pol\u00edticas para asegurar los 66 votos necesarios en el Congreso el 12 de junio, lo que cr\u00edticos interpretan como una \u201crepartija\u201d de favores a cambio de respaldo parlamentario, en lugar de un di\u00e1logo genuino por el bien del pa\u00eds.<\/p>\n\n\n\n<p>La percepci\u00f3n de una repartija se ve agravada por el historial de Boluarte, cuya permanencia en el poder desde diciembre de 2022 ha dependido de pactos con el fujimorismo y otros sectores conservadores. La falta de cambios significativos en el Gabinete Arana, que recicla figuras cuestionadas, y la ausencia de una hoja de ruta clara para abordar la inseguridad y la crisis econ\u00f3mica alimentan las cr\u00edticas. Para muchos, estas reuniones no son m\u00e1s que una estrategia para mantener un gobierno tambaleante, mientras los problemas estructurales del Per\u00fa quedan relegados a un segundo plano.<\/p>\n\n\n\n<p>A d\u00edas del voto de confianza, la ciudadan\u00eda observa con recelo un proceso que parece priorizar la supervivencia pol\u00edtica sobre las necesidades del pa\u00eds. Las negociaciones con las bancadas de derecha, lejos de proyectar unidad, han expuesto las fisuras de un Ejecutivo que lucha por legitimidad. Si Boluarte y Arana logran el respaldo parlamentario, ser\u00e1 a un costo pol\u00edtico alto, con acusaciones de \u201crepartija\u201d que refuerzan la desconexi\u00f3n entre el gobierno y una poblaci\u00f3n hastiada de promesas incumplidas. El 12 de junio ser\u00e1 un term\u00f3metro clave para medir hasta d\u00f3nde est\u00e1 dispuesto a llegar el Ejecutivo para mantenerse en el poder.<\/p>\n","protected":false},"excerpt":{"rendered":"<p>En un intento por asegurar el voto de confianza para el Gabinete liderado por Eduardo Arana, la presidenta Dina Boluarte y su premier han iniciado una ronda de di\u00e1logos con bancadas parlamentarias, especialmente de derecha, entre el 2 y 3 de junio de 2025. Sin embargo, estas reuniones han desatado cr\u00edticas que acusan al Ejecutivo [&hellip;]<\/p>\n","protected":false},"author":7,"featured_media":5521,"comment_status":"open","ping_status":"open","sticky":false,"template":"","format":"standard","meta":{"footnotes":""},"categories":[183,174,180],"tags":[1956,2315,2316],"class_list":["post-5520","post","type-post","status-publish","format-standard","has-post-thumbnail","hentry","category-actualidad","category-nacional","category-politica","tag-congresodelarepublica","tag-eduardoarana","tag-votodeconfianza"],"yoast_head":"<!-- This site is optimized with the Yoast SEO plugin v27.4 - https:\/\/yoast.com\/product\/yoast-seo-wordpress\/ -->\n<title>Dina Boluarte y su Gabinete bajo fuego: \u00bfUn di\u00e1logo o una repartija pol\u00edtica? - Pulso27<\/title>\n<meta name=\"robots\" content=\"index, follow, max-snippet:-1, max-image-preview:large, max-video-preview:-1\" \/>\n<link rel=\"canonical\" href=\"https:\/\/pulso27.com\/es\/actualidad\/politica\/dina-boluarte-y-su-gabinete-bajo-fuego-un-dialogo-o-una-repartija-politica\/\" \/>\n<meta property=\"og:locale\" content=\"es_ES\" \/>\n<meta property=\"og:type\" content=\"article\" \/>\n<meta property=\"og:title\" content=\"Dina Boluarte y su Gabinete bajo fuego: \u00bfUn di\u00e1logo o una repartija pol\u00edtica? - Pulso27\" \/>\n<meta property=\"og:description\" content=\"En un intento por asegurar el voto de confianza para el Gabinete liderado por Eduardo Arana, la presidenta Dina Boluarte y su premier han iniciado una ronda de di\u00e1logos con bancadas parlamentarias, especialmente de derecha, entre el 2 y 3 de junio de 2025. Sin embargo, estas reuniones han desatado cr\u00edticas que acusan al Ejecutivo [&hellip;]\" \/>\n<meta property=\"og:url\" content=\"https:\/\/pulso27.com\/es\/actualidad\/politica\/dina-boluarte-y-su-gabinete-bajo-fuego-un-dialogo-o-una-repartija-politica\/\" \/>\n<meta property=\"og:site_name\" content=\"Pulso27\" \/>\n<meta property=\"article:publisher\" content=\"https:\/\/www.facebook.com\/pulso27\/\" \/>\n<meta property=\"article:published_time\" content=\"2025-06-06T03:32:43+00:00\" \/>\n<meta property=\"article:modified_time\" content=\"2025-06-06T03:32:48+00:00\" \/>\n<meta property=\"og:image\" content=\"https:\/\/pulso27.com\/wp-content\/uploads\/2025\/06\/Arana.png\" \/>\n\t<meta property=\"og:image:width\" content=\"1024\" \/>\n\t<meta property=\"og:image:height\" content=\"768\" \/>\n\t<meta property=\"og:image:type\" content=\"image\/png\" \/>\n<meta name=\"author\" content=\"Tupaq\" \/>\n<meta name=\"twitter:card\" content=\"summary_large_image\" \/>\n<meta name=\"twitter:creator\" content=\"@Pulso_27\" \/>\n<meta name=\"twitter:site\" content=\"@Pulso_27\" \/>\n<meta name=\"twitter:label1\" content=\"Written by\" \/>\n\t<meta name=\"twitter:data1\" content=\"Tupaq\" \/>\n\t<meta name=\"twitter:label2\" content=\"Est. reading time\" \/>\n\t<meta name=\"twitter:data2\" content=\"3 minutos\" \/>\n<script type=\"application\/ld+json\" class=\"yoast-schema-graph\">{\"@context\":\"https:\\\/\\\/schema.org\",\"@graph\":[{\"@type\":\"Article\",\"@id\":\"https:\\\/\\\/pulso27.com\\\/actualidad\\\/politica\\\/dina-boluarte-y-su-gabinete-bajo-fuego-un-dialogo-o-una-repartija-politica\\\/#article\",\"isPartOf\":{\"@id\":\"https:\\\/\\\/pulso27.com\\\/actualidad\\\/politica\\\/dina-boluarte-y-su-gabinete-bajo-fuego-un-dialogo-o-una-repartija-politica\\\/\"},\"author\":{\"name\":\"Tupaq\",\"@id\":\"https:\\\/\\\/pulso27.com\\\/en\\\/#\\\/schema\\\/person\\\/d20fd7f5bc7f2e53fd150d43fca07a78\"},\"headline\":\"Dina Boluarte y su Gabinete bajo fuego: \u00bfUn di\u00e1logo o una repartija pol\u00edtica?\",\"datePublished\":\"2025-06-06T03:32:43+00:00\",\"dateModified\":\"2025-06-06T03:32:48+00:00\",\"mainEntityOfPage\":{\"@id\":\"https:\\\/\\\/pulso27.com\\\/actualidad\\\/politica\\\/dina-boluarte-y-su-gabinete-bajo-fuego-un-dialogo-o-una-repartija-politica\\\/\"},\"wordCount\":560,\"commentCount\":0,\"publisher\":{\"@id\":\"https:\\\/\\\/pulso27.com\\\/en\\\/#organization\"},\"image\":{\"@id\":\"https:\\\/\\\/pulso27.com\\\/actualidad\\\/politica\\\/dina-boluarte-y-su-gabinete-bajo-fuego-un-dialogo-o-una-repartija-politica\\\/#primaryimage\"},\"thumbnailUrl\":\"https:\\\/\\\/pulso27.com\\\/wp-content\\\/uploads\\\/2025\\\/06\\\/Arana.png\",\"keywords\":[\"CongresoDeLaRep\u00fablica\",\"EduardoArana\",\"VotoDeConfianza\"],\"articleSection\":[\"Actualidad\",\"Nacional\",\"Pol\u00edtica\"],\"inLanguage\":\"es-PE\",\"potentialAction\":[{\"@type\":\"CommentAction\",\"name\":\"Comment\",\"target\":[\"https:\\\/\\\/pulso27.com\\\/actualidad\\\/politica\\\/dina-boluarte-y-su-gabinete-bajo-fuego-un-dialogo-o-una-repartija-politica\\\/#respond\"]}]},{\"@type\":\"WebPage\",\"@id\":\"https:\\\/\\\/pulso27.com\\\/actualidad\\\/politica\\\/dina-boluarte-y-su-gabinete-bajo-fuego-un-dialogo-o-una-repartija-politica\\\/\",\"url\":\"https:\\\/\\\/pulso27.com\\\/actualidad\\\/politica\\\/dina-boluarte-y-su-gabinete-bajo-fuego-un-dialogo-o-una-repartija-politica\\\/\",\"name\":\"Dina Boluarte y su Gabinete bajo fuego: \u00bfUn di\u00e1logo o una repartija pol\u00edtica? - Pulso27\",\"isPartOf\":{\"@id\":\"https:\\\/\\\/pulso27.com\\\/en\\\/#website\"},\"primaryImageOfPage\":{\"@id\":\"https:\\\/\\\/pulso27.com\\\/actualidad\\\/politica\\\/dina-boluarte-y-su-gabinete-bajo-fuego-un-dialogo-o-una-repartija-politica\\\/#primaryimage\"},\"image\":{\"@id\":\"https:\\\/\\\/pulso27.com\\\/actualidad\\\/politica\\\/dina-boluarte-y-su-gabinete-bajo-fuego-un-dialogo-o-una-repartija-politica\\\/#primaryimage\"},\"thumbnailUrl\":\"https:\\\/\\\/pulso27.com\\\/wp-content\\\/uploads\\\/2025\\\/06\\\/Arana.png\",\"datePublished\":\"2025-06-06T03:32:43+00:00\",\"dateModified\":\"2025-06-06T03:32:48+00:00\",\"breadcrumb\":{\"@id\":\"https:\\\/\\\/pulso27.com\\\/actualidad\\\/politica\\\/dina-boluarte-y-su-gabinete-bajo-fuego-un-dialogo-o-una-repartija-politica\\\/#breadcrumb\"},\"inLanguage\":\"es-PE\",\"potentialAction\":[{\"@type\":\"ReadAction\",\"target\":[\"https:\\\/\\\/pulso27.com\\\/actualidad\\\/politica\\\/dina-boluarte-y-su-gabinete-bajo-fuego-un-dialogo-o-una-repartija-politica\\\/\"]}]},{\"@type\":\"ImageObject\",\"inLanguage\":\"es-PE\",\"@id\":\"https:\\\/\\\/pulso27.com\\\/actualidad\\\/politica\\\/dina-boluarte-y-su-gabinete-bajo-fuego-un-dialogo-o-una-repartija-politica\\\/#primaryimage\",\"url\":\"https:\\\/\\\/pulso27.com\\\/wp-content\\\/uploads\\\/2025\\\/06\\\/Arana.png\",\"contentUrl\":\"https:\\\/\\\/pulso27.com\\\/wp-content\\\/uploads\\\/2025\\\/06\\\/Arana.png\",\"width\":1024,\"height\":768},{\"@type\":\"BreadcrumbList\",\"@id\":\"https:\\\/\\\/pulso27.com\\\/actualidad\\\/politica\\\/dina-boluarte-y-su-gabinete-bajo-fuego-un-dialogo-o-una-repartija-politica\\\/#breadcrumb\",\"itemListElement\":[{\"@type\":\"ListItem\",\"position\":1,\"name\":\"Portada\",\"item\":\"https:\\\/\\\/pulso27.com\\\/\"},{\"@type\":\"ListItem\",\"position\":2,\"name\":\"Dina Boluarte y su Gabinete bajo fuego: \u00bfUn di\u00e1logo o una repartija pol\u00edtica?\"}]},{\"@type\":\"WebSite\",\"@id\":\"https:\\\/\\\/pulso27.com\\\/en\\\/#website\",\"url\":\"https:\\\/\\\/pulso27.com\\\/en\\\/\",\"name\":\"Pulso27\",\"description\":\"Web de noticias y publicidad\",\"publisher\":{\"@id\":\"https:\\\/\\\/pulso27.com\\\/en\\\/#organization\"},\"alternateName\":\"El pulso del pueblo\",\"potentialAction\":[{\"@type\":\"SearchAction\",\"target\":{\"@type\":\"EntryPoint\",\"urlTemplate\":\"https:\\\/\\\/pulso27.com\\\/en\\\/?s={search_term_string}\"},\"query-input\":{\"@type\":\"PropertyValueSpecification\",\"valueRequired\":true,\"valueName\":\"search_term_string\"}}],\"inLanguage\":\"es-PE\"},{\"@type\":\"Organization\",\"@id\":\"https:\\\/\\\/pulso27.com\\\/en\\\/#organization\",\"name\":\"Pulso27\",\"url\":\"https:\\\/\\\/pulso27.com\\\/en\\\/\",\"logo\":{\"@type\":\"ImageObject\",\"inLanguage\":\"es-PE\",\"@id\":\"https:\\\/\\\/pulso27.com\\\/en\\\/#\\\/schema\\\/logo\\\/image\\\/\",\"url\":\"https:\\\/\\\/pulso27.com\\\/wp-content\\\/uploads\\\/2026\\\/02\\\/Logotipo-de-la-organizacion-696-x-696-px-ok.png\",\"contentUrl\":\"https:\\\/\\\/pulso27.com\\\/wp-content\\\/uploads\\\/2026\\\/02\\\/Logotipo-de-la-organizacion-696-x-696-px-ok.png\",\"width\":696,\"height\":696,\"caption\":\"Pulso27\"},\"image\":{\"@id\":\"https:\\\/\\\/pulso27.com\\\/en\\\/#\\\/schema\\\/logo\\\/image\\\/\"},\"sameAs\":[\"https:\\\/\\\/www.facebook.com\\\/pulso27\\\/\",\"https:\\\/\\\/x.com\\\/Pulso_27\",\"https:\\\/\\\/www.youtube.com\\\/@Pulso27\",\"https:\\\/\\\/www.tiktok.com\\\/@pulso_27\"]},{\"@type\":\"Person\",\"@id\":\"https:\\\/\\\/pulso27.com\\\/en\\\/#\\\/schema\\\/person\\\/d20fd7f5bc7f2e53fd150d43fca07a78\",\"name\":\"Tupaq\",\"image\":{\"@type\":\"ImageObject\",\"inLanguage\":\"es-PE\",\"@id\":\"https:\\\/\\\/secure.gravatar.com\\\/avatar\\\/7929e9b034aeea560319a601e4f04c59eb5f45a79eafe192adabb67e9604e7e7?s=96&d=mm&r=g\",\"url\":\"https:\\\/\\\/secure.gravatar.com\\\/avatar\\\/7929e9b034aeea560319a601e4f04c59eb5f45a79eafe192adabb67e9604e7e7?s=96&d=mm&r=g\",\"contentUrl\":\"https:\\\/\\\/secure.gravatar.com\\\/avatar\\\/7929e9b034aeea560319a601e4f04c59eb5f45a79eafe192adabb67e9604e7e7?s=96&d=mm&r=g\",\"caption\":\"Tupaq\"},\"url\":\"https:\\\/\\\/pulso27.com\\\/es\\\/author\\\/tupaq\\\/\"}]}<\/script>\n<!-- \/ Yoast SEO plugin. -->","yoast_head_json":{"title":"Dina Boluarte y su Gabinete bajo fuego: \u00bfUn di\u00e1logo o una repartija pol\u00edtica? - Pulso27","robots":{"index":"index","follow":"follow","max-snippet":"max-snippet:-1","max-image-preview":"max-image-preview:large","max-video-preview":"max-video-preview:-1"},"canonical":"https:\/\/pulso27.com\/es\/actualidad\/politica\/dina-boluarte-y-su-gabinete-bajo-fuego-un-dialogo-o-una-repartija-politica\/","og_locale":"es_ES","og_type":"article","og_title":"Dina Boluarte y su Gabinete bajo fuego: \u00bfUn di\u00e1logo o una repartija pol\u00edtica? - Pulso27","og_description":"En un intento por asegurar el voto de confianza para el Gabinete liderado por Eduardo Arana, la presidenta Dina Boluarte y su premier han iniciado una ronda de di\u00e1logos con bancadas parlamentarias, especialmente de derecha, entre el 2 y 3 de junio de 2025. Sin embargo, estas reuniones han desatado cr\u00edticas que acusan al Ejecutivo [&hellip;]","og_url":"https:\/\/pulso27.com\/es\/actualidad\/politica\/dina-boluarte-y-su-gabinete-bajo-fuego-un-dialogo-o-una-repartija-politica\/","og_site_name":"Pulso27","article_publisher":"https:\/\/www.facebook.com\/pulso27\/","article_published_time":"2025-06-06T03:32:43+00:00","article_modified_time":"2025-06-06T03:32:48+00:00","og_image":[{"width":1024,"height":768,"url":"https:\/\/pulso27.com\/wp-content\/uploads\/2025\/06\/Arana.png","type":"image\/png"}],"author":"Tupaq","twitter_card":"summary_large_image","twitter_creator":"@Pulso_27","twitter_site":"@Pulso_27","twitter_misc":{"Written by":"Tupaq","Est. reading time":"3 minutos"},"schema":{"@context":"https:\/\/schema.org","@graph":[{"@type":"Article","@id":"https:\/\/pulso27.com\/actualidad\/politica\/dina-boluarte-y-su-gabinete-bajo-fuego-un-dialogo-o-una-repartija-politica\/#article","isPartOf":{"@id":"https:\/\/pulso27.com\/actualidad\/politica\/dina-boluarte-y-su-gabinete-bajo-fuego-un-dialogo-o-una-repartija-politica\/"},"author":{"name":"Tupaq","@id":"https:\/\/pulso27.com\/en\/#\/schema\/person\/d20fd7f5bc7f2e53fd150d43fca07a78"},"headline":"Dina Boluarte y su Gabinete bajo fuego: \u00bfUn di\u00e1logo o una repartija pol\u00edtica?","datePublished":"2025-06-06T03:32:43+00:00","dateModified":"2025-06-06T03:32:48+00:00","mainEntityOfPage":{"@id":"https:\/\/pulso27.com\/actualidad\/politica\/dina-boluarte-y-su-gabinete-bajo-fuego-un-dialogo-o-una-repartija-politica\/"},"wordCount":560,"commentCount":0,"publisher":{"@id":"https:\/\/pulso27.com\/en\/#organization"},"image":{"@id":"https:\/\/pulso27.com\/actualidad\/politica\/dina-boluarte-y-su-gabinete-bajo-fuego-un-dialogo-o-una-repartija-politica\/#primaryimage"},"thumbnailUrl":"https:\/\/pulso27.com\/wp-content\/uploads\/2025\/06\/Arana.png","keywords":["CongresoDeLaRep\u00fablica","EduardoArana","VotoDeConfianza"],"articleSection":["Actualidad","Nacional","Pol\u00edtica"],"inLanguage":"es-PE","potentialAction":[{"@type":"CommentAction","name":"Comment","target":["https:\/\/pulso27.com\/actualidad\/politica\/dina-boluarte-y-su-gabinete-bajo-fuego-un-dialogo-o-una-repartija-politica\/#respond"]}]},{"@type":"WebPage","@id":"https:\/\/pulso27.com\/actualidad\/politica\/dina-boluarte-y-su-gabinete-bajo-fuego-un-dialogo-o-una-repartija-politica\/","url":"https:\/\/pulso27.com\/actualidad\/politica\/dina-boluarte-y-su-gabinete-bajo-fuego-un-dialogo-o-una-repartija-politica\/","name":"Dina Boluarte y su Gabinete bajo fuego: \u00bfUn di\u00e1logo o una repartija pol\u00edtica? - Pulso27","isPartOf":{"@id":"https:\/\/pulso27.com\/en\/#website"},"primaryImageOfPage":{"@id":"https:\/\/pulso27.com\/actualidad\/politica\/dina-boluarte-y-su-gabinete-bajo-fuego-un-dialogo-o-una-repartija-politica\/#primaryimage"},"image":{"@id":"https:\/\/pulso27.com\/actualidad\/politica\/dina-boluarte-y-su-gabinete-bajo-fuego-un-dialogo-o-una-repartija-politica\/#primaryimage"},"thumbnailUrl":"https:\/\/pulso27.com\/wp-content\/uploads\/2025\/06\/Arana.png","datePublished":"2025-06-06T03:32:43+00:00","dateModified":"2025-06-06T03:32:48+00:00","breadcrumb":{"@id":"https:\/\/pulso27.com\/actualidad\/politica\/dina-boluarte-y-su-gabinete-bajo-fuego-un-dialogo-o-una-repartija-politica\/#breadcrumb"},"inLanguage":"es-PE","potentialAction":[{"@type":"ReadAction","target":["https:\/\/pulso27.com\/actualidad\/politica\/dina-boluarte-y-su-gabinete-bajo-fuego-un-dialogo-o-una-repartija-politica\/"]}]},{"@type":"ImageObject","inLanguage":"es-PE","@id":"https:\/\/pulso27.com\/actualidad\/politica\/dina-boluarte-y-su-gabinete-bajo-fuego-un-dialogo-o-una-repartija-politica\/#primaryimage","url":"https:\/\/pulso27.com\/wp-content\/uploads\/2025\/06\/Arana.png","contentUrl":"https:\/\/pulso27.com\/wp-content\/uploads\/2025\/06\/Arana.png","width":1024,"height":768},{"@type":"BreadcrumbList","@id":"https:\/\/pulso27.com\/actualidad\/politica\/dina-boluarte-y-su-gabinete-bajo-fuego-un-dialogo-o-una-repartija-politica\/#breadcrumb","itemListElement":[{"@type":"ListItem","position":1,"name":"Portada","item":"https:\/\/pulso27.com\/"},{"@type":"ListItem","position":2,"name":"Dina Boluarte y su Gabinete bajo fuego: \u00bfUn di\u00e1logo o una repartija pol\u00edtica?"}]},{"@type":"WebSite","@id":"https:\/\/pulso27.com\/en\/#website","url":"https:\/\/pulso27.com\/en\/","name":"Pulso27","description":"Web de noticias y publicidad","publisher":{"@id":"https:\/\/pulso27.com\/en\/#organization"},"alternateName":"El pulso del pueblo","potentialAction":[{"@type":"SearchAction","target":{"@type":"EntryPoint","urlTemplate":"https:\/\/pulso27.com\/en\/?s={search_term_string}"},"query-input":{"@type":"PropertyValueSpecification","valueRequired":true,"valueName":"search_term_string"}}],"inLanguage":"es-PE"},{"@type":"Organization","@id":"https:\/\/pulso27.com\/en\/#organization","name":"Pulso27","url":"https:\/\/pulso27.com\/en\/","logo":{"@type":"ImageObject","inLanguage":"es-PE","@id":"https:\/\/pulso27.com\/en\/#\/schema\/logo\/image\/","url":"https:\/\/pulso27.com\/wp-content\/uploads\/2026\/02\/Logotipo-de-la-organizacion-696-x-696-px-ok.png","contentUrl":"https:\/\/pulso27.com\/wp-content\/uploads\/2026\/02\/Logotipo-de-la-organizacion-696-x-696-px-ok.png","width":696,"height":696,"caption":"Pulso27"},"image":{"@id":"https:\/\/pulso27.com\/en\/#\/schema\/logo\/image\/"},"sameAs":["https:\/\/www.facebook.com\/pulso27\/","https:\/\/x.com\/Pulso_27","https:\/\/www.youtube.com\/@Pulso27","https:\/\/www.tiktok.com\/@pulso_27"]},{"@type":"Person","@id":"https:\/\/pulso27.com\/en\/#\/schema\/person\/d20fd7f5bc7f2e53fd150d43fca07a78","name":"Tupaq","image":{"@type":"ImageObject","inLanguage":"es-PE","@id":"https:\/\/secure.gravatar.com\/avatar\/7929e9b034aeea560319a601e4f04c59eb5f45a79eafe192adabb67e9604e7e7?s=96&d=mm&r=g","url":"https:\/\/secure.gravatar.com\/avatar\/7929e9b034aeea560319a601e4f04c59eb5f45a79eafe192adabb67e9604e7e7?s=96&d=mm&r=g","contentUrl":"https:\/\/secure.gravatar.com\/avatar\/7929e9b034aeea560319a601e4f04c59eb5f45a79eafe192adabb67e9604e7e7?s=96&d=mm&r=g","caption":"Tupaq"},"url":"https:\/\/pulso27.com\/es\/author\/tupaq\/"}]}},"amp_enabled":true,"_links":{"self":[{"href":"https:\/\/pulso27.com\/es\/wp-json\/wp\/v2\/posts\/5520","targetHints":{"allow":["GET"]}}],"collection":[{"href":"https:\/\/pulso27.com\/es\/wp-json\/wp\/v2\/posts"}],"about":[{"href":"https:\/\/pulso27.com\/es\/wp-json\/wp\/v2\/types\/post"}],"author":[{"embeddable":true,"href":"https:\/\/pulso27.com\/es\/wp-json\/wp\/v2\/users\/7"}],"replies":[{"embeddable":true,"href":"https:\/\/pulso27.com\/es\/wp-json\/wp\/v2\/comments?post=5520"}],"version-history":[{"count":1,"href":"https:\/\/pulso27.com\/es\/wp-json\/wp\/v2\/posts\/5520\/revisions"}],"predecessor-version":[{"id":5526,"href":"https:\/\/pulso27.com\/es\/wp-json\/wp\/v2\/posts\/5520\/revisions\/5526"}],"wp:featuredmedia":[{"embeddable":true,"href":"https:\/\/pulso27.com\/es\/wp-json\/wp\/v2\/media\/5521"}],"wp:attachment":[{"href":"https:\/\/pulso27.com\/es\/wp-json\/wp\/v2\/media?parent=5520"}],"wp:term":[{"taxonomy":"category","embeddable":true,"href":"https:\/\/pulso27.com\/es\/wp-json\/wp\/v2\/categories?post=5520"},{"taxonomy":"post_tag","embeddable":true,"href":"https:\/\/pulso27.com\/es\/wp-json\/wp\/v2\/tags?post=5520"}],"curies":[{"name":"wp","href":"https:\/\/api.w.org\/{rel}","templated":true}]}}