{"id":5589,"date":"2025-06-09T05:52:35","date_gmt":"2025-06-09T00:52:35","guid":{"rendered":"https:\/\/pulso27.com\/?p=5589"},"modified":"2025-06-09T05:52:39","modified_gmt":"2025-06-09T00:52:39","slug":"mincul-retrocede-parcialmente-en-recorte-de-proteccion-a-lineas-de-nazca-pero-criticas-persisten","status":"publish","type":"post","link":"https:\/\/pulso27.com\/es\/cultura\/mincul-retrocede-parcialmente-en-recorte-de-proteccion-a-lineas-de-nazca-pero-criticas-persisten\/","title":{"rendered":"MINCUL retrocede parcialmente en recorte de protecci\u00f3n a L\u00edneas de Nazca, pero cr\u00edticas persisten"},"content":{"rendered":"\n<p>Lima, 8 de junio de 2025 \u2013 En medio de la creciente presi\u00f3n p\u00fablica y el rechazo de especialistas, el Ministerio de Cultura (MINCUL) dej\u00f3 sin efecto el pol\u00e9mico art\u00edculo 1 de la Resoluci\u00f3n Viceministerial N\u00b0 128-2025\/VMPCIC\/MC, que reduc\u00eda en un 42% el \u00e1rea protegida de las L\u00edneas y Geoglifos de Nazca, patrimonio mundial reconocido por la UNESCO.<\/p>\n\n\n\n<p>La decisi\u00f3n fue oficializada mediante la Resoluci\u00f3n Viceministerial N\u00b0 134-2025\/VMPCIC\/MC, publicada hoy, y restituye la extensi\u00f3n protegida de 5,633.47 km\u00b2, conforme al plan perim\u00e9trico vigente desde 2004. No obstante, la medida solo anula parcialmente la norma cuestionada y mantiene vigentes sus dem\u00e1s disposiciones, lo que ha generado dudas sobre la verdadera voluntad del Ejecutivo para garantizar la protecci\u00f3n integral del sitio arqueol\u00f3gico.<\/p>\n\n\n<div class=\"wp-block-image\">\n<figure class=\"alignleft size-large is-resized\"><img loading=\"lazy\" decoding=\"async\" width=\"819\" height=\"1024\" src=\"https:\/\/pulso27.com\/wp-content\/uploads\/2025\/06\/image-16-819x1024.png\" alt=\"\" class=\"wp-image-5591\" style=\"width:404px;height:auto\" srcset=\"https:\/\/pulso27.com\/wp-content\/uploads\/2025\/06\/image-16-819x1024.png 819w, https:\/\/pulso27.com\/wp-content\/uploads\/2025\/06\/image-16-240x300.png 240w, https:\/\/pulso27.com\/wp-content\/uploads\/2025\/06\/image-16-768x960.png 768w, https:\/\/pulso27.com\/wp-content\/uploads\/2025\/06\/image-16-10x12.png 10w, https:\/\/pulso27.com\/wp-content\/uploads\/2025\/06\/image-16.png 1024w\" sizes=\"auto, (max-width: 819px) 100vw, 819px\" \/><\/figure><\/div>\n\n\n<p>Especialistas en patrimonio han advertido que este paso es insuficiente. \u201cRevocar un solo art\u00edculo no resuelve el problema de fondo. El peligro para las l\u00edneas no solo era el recorte territorial, sino tambi\u00e9n la permisividad ante actividades como la miner\u00eda ilegal o el crecimiento urbano sin control\u201d, sostuvo un arque\u00f3logo consultado, quien pidi\u00f3 una revisi\u00f3n integral de la pol\u00edtica de conservaci\u00f3n.<\/p>\n\n\n\n<p>El MINCUL ha anunciado la conformaci\u00f3n de una mesa t\u00e9cnica multisectorial para revisar la gesti\u00f3n del \u00e1rea, aunque todav\u00eda no hay fecha definida ni se conocen los actores que la integrar\u00e1n. En tanto, las cr\u00edticas persisten desde la comunidad acad\u00e9mica y de organismos internacionales, incluida la propia UNESCO, que ha reiterado la necesidad de salvaguardas m\u00e1s robustas y sostenidas en el tiempo.<\/p>\n","protected":false},"excerpt":{"rendered":"<p>Lima, 8 de junio de 2025 \u2013 En medio de la creciente presi\u00f3n p\u00fablica y el rechazo de especialistas, el Ministerio de Cultura (MINCUL) dej\u00f3 sin efecto el pol\u00e9mico art\u00edculo 1 de la Resoluci\u00f3n Viceministerial N\u00b0 128-2025\/VMPCIC\/MC, que reduc\u00eda en un 42% el \u00e1rea protegida de las L\u00edneas y Geoglifos de Nazca, patrimonio mundial reconocido [&hellip;]<\/p>\n","protected":false},"author":7,"featured_media":5592,"comment_status":"open","ping_status":"open","sticky":false,"template":"","format":"standard","meta":{"footnotes":""},"categories":[393,174],"tags":[2094,2326,2034,2327],"class_list":["post-5589","post","type-post","status-publish","format-standard","has-post-thumbnail","hentry","category-cultura","category-nacional","tag-ica","tag-linesdenazca","tag-mincul","tag-patrimoniomundial"],"yoast_head":"<!-- This site is optimized with the Yoast SEO plugin v27.4 - https:\/\/yoast.com\/product\/yoast-seo-wordpress\/ -->\n<title>MINCUL retrocede parcialmente en recorte de protecci\u00f3n a L\u00edneas de Nazca, pero cr\u00edticas persisten - Pulso27<\/title>\n<meta name=\"robots\" content=\"index, follow, max-snippet:-1, max-image-preview:large, max-video-preview:-1\" \/>\n<link rel=\"canonical\" href=\"https:\/\/pulso27.com\/es\/cultura\/mincul-retrocede-parcialmente-en-recorte-de-proteccion-a-lineas-de-nazca-pero-criticas-persisten\/\" \/>\n<meta property=\"og:locale\" content=\"es_ES\" \/>\n<meta property=\"og:type\" content=\"article\" \/>\n<meta property=\"og:title\" content=\"MINCUL retrocede parcialmente en recorte de protecci\u00f3n a L\u00edneas de Nazca, pero cr\u00edticas persisten - Pulso27\" \/>\n<meta property=\"og:description\" content=\"Lima, 8 de junio de 2025 \u2013 En medio de la creciente presi\u00f3n p\u00fablica y el rechazo de especialistas, el Ministerio de Cultura (MINCUL) dej\u00f3 sin efecto el pol\u00e9mico art\u00edculo 1 de la Resoluci\u00f3n Viceministerial N\u00b0 128-2025\/VMPCIC\/MC, que reduc\u00eda en un 42% el \u00e1rea protegida de las L\u00edneas y Geoglifos de Nazca, patrimonio mundial reconocido [&hellip;]\" \/>\n<meta property=\"og:url\" content=\"https:\/\/pulso27.com\/es\/cultura\/mincul-retrocede-parcialmente-en-recorte-de-proteccion-a-lineas-de-nazca-pero-criticas-persisten\/\" \/>\n<meta property=\"og:site_name\" content=\"Pulso27\" \/>\n<meta property=\"article:publisher\" content=\"https:\/\/www.facebook.com\/pulso27\/\" \/>\n<meta property=\"article:published_time\" content=\"2025-06-09T00:52:35+00:00\" \/>\n<meta property=\"article:modified_time\" content=\"2025-06-09T00:52:39+00:00\" \/>\n<meta property=\"og:image\" content=\"https:\/\/pulso27.com\/wp-content\/uploads\/2025\/06\/Mincul.png\" \/>\n\t<meta property=\"og:image:width\" content=\"1067\" \/>\n\t<meta property=\"og:image:height\" content=\"800\" \/>\n\t<meta property=\"og:image:type\" content=\"image\/png\" \/>\n<meta name=\"author\" content=\"Tupaq\" \/>\n<meta name=\"twitter:card\" content=\"summary_large_image\" \/>\n<meta name=\"twitter:creator\" content=\"@Pulso_27\" \/>\n<meta name=\"twitter:site\" content=\"@Pulso_27\" \/>\n<meta name=\"twitter:label1\" content=\"Written by\" \/>\n\t<meta name=\"twitter:data1\" content=\"Tupaq\" \/>\n\t<meta name=\"twitter:label2\" content=\"Est. reading time\" \/>\n\t<meta name=\"twitter:data2\" content=\"2 minutos\" \/>\n<script type=\"application\/ld+json\" class=\"yoast-schema-graph\">{\"@context\":\"https:\\\/\\\/schema.org\",\"@graph\":[{\"@type\":\"Article\",\"@id\":\"https:\\\/\\\/pulso27.com\\\/cultura\\\/mincul-retrocede-parcialmente-en-recorte-de-proteccion-a-lineas-de-nazca-pero-criticas-persisten\\\/#article\",\"isPartOf\":{\"@id\":\"https:\\\/\\\/pulso27.com\\\/cultura\\\/mincul-retrocede-parcialmente-en-recorte-de-proteccion-a-lineas-de-nazca-pero-criticas-persisten\\\/\"},\"author\":{\"name\":\"Tupaq\",\"@id\":\"https:\\\/\\\/pulso27.com\\\/en\\\/#\\\/schema\\\/person\\\/d20fd7f5bc7f2e53fd150d43fca07a78\"},\"headline\":\"MINCUL retrocede parcialmente en recorte de protecci\u00f3n a L\u00edneas de Nazca, pero cr\u00edticas persisten\",\"datePublished\":\"2025-06-09T00:52:35+00:00\",\"dateModified\":\"2025-06-09T00:52:39+00:00\",\"mainEntityOfPage\":{\"@id\":\"https:\\\/\\\/pulso27.com\\\/cultura\\\/mincul-retrocede-parcialmente-en-recorte-de-proteccion-a-lineas-de-nazca-pero-criticas-persisten\\\/\"},\"wordCount\":287,\"commentCount\":0,\"publisher\":{\"@id\":\"https:\\\/\\\/pulso27.com\\\/en\\\/#organization\"},\"image\":{\"@id\":\"https:\\\/\\\/pulso27.com\\\/cultura\\\/mincul-retrocede-parcialmente-en-recorte-de-proteccion-a-lineas-de-nazca-pero-criticas-persisten\\\/#primaryimage\"},\"thumbnailUrl\":\"https:\\\/\\\/pulso27.com\\\/wp-content\\\/uploads\\\/2025\\\/06\\\/Mincul.png\",\"keywords\":[\"Ica\",\"L\u00ednesDeNazca\",\"MINCUL\",\"PatrimonioMundial\"],\"articleSection\":[\"Cultura\",\"Nacional\"],\"inLanguage\":\"es-PE\",\"potentialAction\":[{\"@type\":\"CommentAction\",\"name\":\"Comment\",\"target\":[\"https:\\\/\\\/pulso27.com\\\/cultura\\\/mincul-retrocede-parcialmente-en-recorte-de-proteccion-a-lineas-de-nazca-pero-criticas-persisten\\\/#respond\"]}]},{\"@type\":\"WebPage\",\"@id\":\"https:\\\/\\\/pulso27.com\\\/cultura\\\/mincul-retrocede-parcialmente-en-recorte-de-proteccion-a-lineas-de-nazca-pero-criticas-persisten\\\/\",\"url\":\"https:\\\/\\\/pulso27.com\\\/cultura\\\/mincul-retrocede-parcialmente-en-recorte-de-proteccion-a-lineas-de-nazca-pero-criticas-persisten\\\/\",\"name\":\"MINCUL retrocede parcialmente en recorte de protecci\u00f3n a L\u00edneas de Nazca, pero cr\u00edticas persisten - Pulso27\",\"isPartOf\":{\"@id\":\"https:\\\/\\\/pulso27.com\\\/en\\\/#website\"},\"primaryImageOfPage\":{\"@id\":\"https:\\\/\\\/pulso27.com\\\/cultura\\\/mincul-retrocede-parcialmente-en-recorte-de-proteccion-a-lineas-de-nazca-pero-criticas-persisten\\\/#primaryimage\"},\"image\":{\"@id\":\"https:\\\/\\\/pulso27.com\\\/cultura\\\/mincul-retrocede-parcialmente-en-recorte-de-proteccion-a-lineas-de-nazca-pero-criticas-persisten\\\/#primaryimage\"},\"thumbnailUrl\":\"https:\\\/\\\/pulso27.com\\\/wp-content\\\/uploads\\\/2025\\\/06\\\/Mincul.png\",\"datePublished\":\"2025-06-09T00:52:35+00:00\",\"dateModified\":\"2025-06-09T00:52:39+00:00\",\"breadcrumb\":{\"@id\":\"https:\\\/\\\/pulso27.com\\\/cultura\\\/mincul-retrocede-parcialmente-en-recorte-de-proteccion-a-lineas-de-nazca-pero-criticas-persisten\\\/#breadcrumb\"},\"inLanguage\":\"es-PE\",\"potentialAction\":[{\"@type\":\"ReadAction\",\"target\":[\"https:\\\/\\\/pulso27.com\\\/cultura\\\/mincul-retrocede-parcialmente-en-recorte-de-proteccion-a-lineas-de-nazca-pero-criticas-persisten\\\/\"]}]},{\"@type\":\"ImageObject\",\"inLanguage\":\"es-PE\",\"@id\":\"https:\\\/\\\/pulso27.com\\\/cultura\\\/mincul-retrocede-parcialmente-en-recorte-de-proteccion-a-lineas-de-nazca-pero-criticas-persisten\\\/#primaryimage\",\"url\":\"https:\\\/\\\/pulso27.com\\\/wp-content\\\/uploads\\\/2025\\\/06\\\/Mincul.png\",\"contentUrl\":\"https:\\\/\\\/pulso27.com\\\/wp-content\\\/uploads\\\/2025\\\/06\\\/Mincul.png\",\"width\":1067,\"height\":800},{\"@type\":\"BreadcrumbList\",\"@id\":\"https:\\\/\\\/pulso27.com\\\/cultura\\\/mincul-retrocede-parcialmente-en-recorte-de-proteccion-a-lineas-de-nazca-pero-criticas-persisten\\\/#breadcrumb\",\"itemListElement\":[{\"@type\":\"ListItem\",\"position\":1,\"name\":\"Portada\",\"item\":\"https:\\\/\\\/pulso27.com\\\/\"},{\"@type\":\"ListItem\",\"position\":2,\"name\":\"MINCUL retrocede parcialmente en recorte de protecci\u00f3n a L\u00edneas de Nazca, pero cr\u00edticas persisten\"}]},{\"@type\":\"WebSite\",\"@id\":\"https:\\\/\\\/pulso27.com\\\/en\\\/#website\",\"url\":\"https:\\\/\\\/pulso27.com\\\/en\\\/\",\"name\":\"Pulso27\",\"description\":\"Web de noticias y publicidad\",\"publisher\":{\"@id\":\"https:\\\/\\\/pulso27.com\\\/en\\\/#organization\"},\"alternateName\":\"El pulso del pueblo\",\"potentialAction\":[{\"@type\":\"SearchAction\",\"target\":{\"@type\":\"EntryPoint\",\"urlTemplate\":\"https:\\\/\\\/pulso27.com\\\/en\\\/?s={search_term_string}\"},\"query-input\":{\"@type\":\"PropertyValueSpecification\",\"valueRequired\":true,\"valueName\":\"search_term_string\"}}],\"inLanguage\":\"es-PE\"},{\"@type\":\"Organization\",\"@id\":\"https:\\\/\\\/pulso27.com\\\/en\\\/#organization\",\"name\":\"Pulso27\",\"url\":\"https:\\\/\\\/pulso27.com\\\/en\\\/\",\"logo\":{\"@type\":\"ImageObject\",\"inLanguage\":\"es-PE\",\"@id\":\"https:\\\/\\\/pulso27.com\\\/en\\\/#\\\/schema\\\/logo\\\/image\\\/\",\"url\":\"https:\\\/\\\/pulso27.com\\\/wp-content\\\/uploads\\\/2026\\\/02\\\/Logotipo-de-la-organizacion-696-x-696-px-ok.png\",\"contentUrl\":\"https:\\\/\\\/pulso27.com\\\/wp-content\\\/uploads\\\/2026\\\/02\\\/Logotipo-de-la-organizacion-696-x-696-px-ok.png\",\"width\":696,\"height\":696,\"caption\":\"Pulso27\"},\"image\":{\"@id\":\"https:\\\/\\\/pulso27.com\\\/en\\\/#\\\/schema\\\/logo\\\/image\\\/\"},\"sameAs\":[\"https:\\\/\\\/www.facebook.com\\\/pulso27\\\/\",\"https:\\\/\\\/x.com\\\/Pulso_27\",\"https:\\\/\\\/www.youtube.com\\\/@Pulso27\",\"https:\\\/\\\/www.tiktok.com\\\/@pulso_27\"]},{\"@type\":\"Person\",\"@id\":\"https:\\\/\\\/pulso27.com\\\/en\\\/#\\\/schema\\\/person\\\/d20fd7f5bc7f2e53fd150d43fca07a78\",\"name\":\"Tupaq\",\"image\":{\"@type\":\"ImageObject\",\"inLanguage\":\"es-PE\",\"@id\":\"https:\\\/\\\/secure.gravatar.com\\\/avatar\\\/7929e9b034aeea560319a601e4f04c59eb5f45a79eafe192adabb67e9604e7e7?s=96&d=mm&r=g\",\"url\":\"https:\\\/\\\/secure.gravatar.com\\\/avatar\\\/7929e9b034aeea560319a601e4f04c59eb5f45a79eafe192adabb67e9604e7e7?s=96&d=mm&r=g\",\"contentUrl\":\"https:\\\/\\\/secure.gravatar.com\\\/avatar\\\/7929e9b034aeea560319a601e4f04c59eb5f45a79eafe192adabb67e9604e7e7?s=96&d=mm&r=g\",\"caption\":\"Tupaq\"},\"url\":\"https:\\\/\\\/pulso27.com\\\/es\\\/author\\\/tupaq\\\/\"}]}<\/script>\n<!-- \/ Yoast SEO plugin. -->","yoast_head_json":{"title":"MINCUL retrocede parcialmente en recorte de protecci\u00f3n a L\u00edneas de Nazca, pero cr\u00edticas persisten - Pulso27","robots":{"index":"index","follow":"follow","max-snippet":"max-snippet:-1","max-image-preview":"max-image-preview:large","max-video-preview":"max-video-preview:-1"},"canonical":"https:\/\/pulso27.com\/es\/cultura\/mincul-retrocede-parcialmente-en-recorte-de-proteccion-a-lineas-de-nazca-pero-criticas-persisten\/","og_locale":"es_ES","og_type":"article","og_title":"MINCUL retrocede parcialmente en recorte de protecci\u00f3n a L\u00edneas de Nazca, pero cr\u00edticas persisten - Pulso27","og_description":"Lima, 8 de junio de 2025 \u2013 En medio de la creciente presi\u00f3n p\u00fablica y el rechazo de especialistas, el Ministerio de Cultura (MINCUL) dej\u00f3 sin efecto el pol\u00e9mico art\u00edculo 1 de la Resoluci\u00f3n Viceministerial N\u00b0 128-2025\/VMPCIC\/MC, que reduc\u00eda en un 42% el \u00e1rea protegida de las L\u00edneas y Geoglifos de Nazca, patrimonio mundial reconocido [&hellip;]","og_url":"https:\/\/pulso27.com\/es\/cultura\/mincul-retrocede-parcialmente-en-recorte-de-proteccion-a-lineas-de-nazca-pero-criticas-persisten\/","og_site_name":"Pulso27","article_publisher":"https:\/\/www.facebook.com\/pulso27\/","article_published_time":"2025-06-09T00:52:35+00:00","article_modified_time":"2025-06-09T00:52:39+00:00","og_image":[{"width":1067,"height":800,"url":"https:\/\/pulso27.com\/wp-content\/uploads\/2025\/06\/Mincul.png","type":"image\/png"}],"author":"Tupaq","twitter_card":"summary_large_image","twitter_creator":"@Pulso_27","twitter_site":"@Pulso_27","twitter_misc":{"Written by":"Tupaq","Est. reading time":"2 minutos"},"schema":{"@context":"https:\/\/schema.org","@graph":[{"@type":"Article","@id":"https:\/\/pulso27.com\/cultura\/mincul-retrocede-parcialmente-en-recorte-de-proteccion-a-lineas-de-nazca-pero-criticas-persisten\/#article","isPartOf":{"@id":"https:\/\/pulso27.com\/cultura\/mincul-retrocede-parcialmente-en-recorte-de-proteccion-a-lineas-de-nazca-pero-criticas-persisten\/"},"author":{"name":"Tupaq","@id":"https:\/\/pulso27.com\/en\/#\/schema\/person\/d20fd7f5bc7f2e53fd150d43fca07a78"},"headline":"MINCUL retrocede parcialmente en recorte de protecci\u00f3n a L\u00edneas de Nazca, pero cr\u00edticas persisten","datePublished":"2025-06-09T00:52:35+00:00","dateModified":"2025-06-09T00:52:39+00:00","mainEntityOfPage":{"@id":"https:\/\/pulso27.com\/cultura\/mincul-retrocede-parcialmente-en-recorte-de-proteccion-a-lineas-de-nazca-pero-criticas-persisten\/"},"wordCount":287,"commentCount":0,"publisher":{"@id":"https:\/\/pulso27.com\/en\/#organization"},"image":{"@id":"https:\/\/pulso27.com\/cultura\/mincul-retrocede-parcialmente-en-recorte-de-proteccion-a-lineas-de-nazca-pero-criticas-persisten\/#primaryimage"},"thumbnailUrl":"https:\/\/pulso27.com\/wp-content\/uploads\/2025\/06\/Mincul.png","keywords":["Ica","L\u00ednesDeNazca","MINCUL","PatrimonioMundial"],"articleSection":["Cultura","Nacional"],"inLanguage":"es-PE","potentialAction":[{"@type":"CommentAction","name":"Comment","target":["https:\/\/pulso27.com\/cultura\/mincul-retrocede-parcialmente-en-recorte-de-proteccion-a-lineas-de-nazca-pero-criticas-persisten\/#respond"]}]},{"@type":"WebPage","@id":"https:\/\/pulso27.com\/cultura\/mincul-retrocede-parcialmente-en-recorte-de-proteccion-a-lineas-de-nazca-pero-criticas-persisten\/","url":"https:\/\/pulso27.com\/cultura\/mincul-retrocede-parcialmente-en-recorte-de-proteccion-a-lineas-de-nazca-pero-criticas-persisten\/","name":"MINCUL retrocede parcialmente en recorte de protecci\u00f3n a L\u00edneas de Nazca, pero cr\u00edticas persisten - Pulso27","isPartOf":{"@id":"https:\/\/pulso27.com\/en\/#website"},"primaryImageOfPage":{"@id":"https:\/\/pulso27.com\/cultura\/mincul-retrocede-parcialmente-en-recorte-de-proteccion-a-lineas-de-nazca-pero-criticas-persisten\/#primaryimage"},"image":{"@id":"https:\/\/pulso27.com\/cultura\/mincul-retrocede-parcialmente-en-recorte-de-proteccion-a-lineas-de-nazca-pero-criticas-persisten\/#primaryimage"},"thumbnailUrl":"https:\/\/pulso27.com\/wp-content\/uploads\/2025\/06\/Mincul.png","datePublished":"2025-06-09T00:52:35+00:00","dateModified":"2025-06-09T00:52:39+00:00","breadcrumb":{"@id":"https:\/\/pulso27.com\/cultura\/mincul-retrocede-parcialmente-en-recorte-de-proteccion-a-lineas-de-nazca-pero-criticas-persisten\/#breadcrumb"},"inLanguage":"es-PE","potentialAction":[{"@type":"ReadAction","target":["https:\/\/pulso27.com\/cultura\/mincul-retrocede-parcialmente-en-recorte-de-proteccion-a-lineas-de-nazca-pero-criticas-persisten\/"]}]},{"@type":"ImageObject","inLanguage":"es-PE","@id":"https:\/\/pulso27.com\/cultura\/mincul-retrocede-parcialmente-en-recorte-de-proteccion-a-lineas-de-nazca-pero-criticas-persisten\/#primaryimage","url":"https:\/\/pulso27.com\/wp-content\/uploads\/2025\/06\/Mincul.png","contentUrl":"https:\/\/pulso27.com\/wp-content\/uploads\/2025\/06\/Mincul.png","width":1067,"height":800},{"@type":"BreadcrumbList","@id":"https:\/\/pulso27.com\/cultura\/mincul-retrocede-parcialmente-en-recorte-de-proteccion-a-lineas-de-nazca-pero-criticas-persisten\/#breadcrumb","itemListElement":[{"@type":"ListItem","position":1,"name":"Portada","item":"https:\/\/pulso27.com\/"},{"@type":"ListItem","position":2,"name":"MINCUL retrocede parcialmente en recorte de protecci\u00f3n a L\u00edneas de Nazca, pero cr\u00edticas persisten"}]},{"@type":"WebSite","@id":"https:\/\/pulso27.com\/en\/#website","url":"https:\/\/pulso27.com\/en\/","name":"Pulso27","description":"Web de noticias y publicidad","publisher":{"@id":"https:\/\/pulso27.com\/en\/#organization"},"alternateName":"El pulso del pueblo","potentialAction":[{"@type":"SearchAction","target":{"@type":"EntryPoint","urlTemplate":"https:\/\/pulso27.com\/en\/?s={search_term_string}"},"query-input":{"@type":"PropertyValueSpecification","valueRequired":true,"valueName":"search_term_string"}}],"inLanguage":"es-PE"},{"@type":"Organization","@id":"https:\/\/pulso27.com\/en\/#organization","name":"Pulso27","url":"https:\/\/pulso27.com\/en\/","logo":{"@type":"ImageObject","inLanguage":"es-PE","@id":"https:\/\/pulso27.com\/en\/#\/schema\/logo\/image\/","url":"https:\/\/pulso27.com\/wp-content\/uploads\/2026\/02\/Logotipo-de-la-organizacion-696-x-696-px-ok.png","contentUrl":"https:\/\/pulso27.com\/wp-content\/uploads\/2026\/02\/Logotipo-de-la-organizacion-696-x-696-px-ok.png","width":696,"height":696,"caption":"Pulso27"},"image":{"@id":"https:\/\/pulso27.com\/en\/#\/schema\/logo\/image\/"},"sameAs":["https:\/\/www.facebook.com\/pulso27\/","https:\/\/x.com\/Pulso_27","https:\/\/www.youtube.com\/@Pulso27","https:\/\/www.tiktok.com\/@pulso_27"]},{"@type":"Person","@id":"https:\/\/pulso27.com\/en\/#\/schema\/person\/d20fd7f5bc7f2e53fd150d43fca07a78","name":"Tupaq","image":{"@type":"ImageObject","inLanguage":"es-PE","@id":"https:\/\/secure.gravatar.com\/avatar\/7929e9b034aeea560319a601e4f04c59eb5f45a79eafe192adabb67e9604e7e7?s=96&d=mm&r=g","url":"https:\/\/secure.gravatar.com\/avatar\/7929e9b034aeea560319a601e4f04c59eb5f45a79eafe192adabb67e9604e7e7?s=96&d=mm&r=g","contentUrl":"https:\/\/secure.gravatar.com\/avatar\/7929e9b034aeea560319a601e4f04c59eb5f45a79eafe192adabb67e9604e7e7?s=96&d=mm&r=g","caption":"Tupaq"},"url":"https:\/\/pulso27.com\/es\/author\/tupaq\/"}]}},"amp_enabled":true,"_links":{"self":[{"href":"https:\/\/pulso27.com\/es\/wp-json\/wp\/v2\/posts\/5589","targetHints":{"allow":["GET"]}}],"collection":[{"href":"https:\/\/pulso27.com\/es\/wp-json\/wp\/v2\/posts"}],"about":[{"href":"https:\/\/pulso27.com\/es\/wp-json\/wp\/v2\/types\/post"}],"author":[{"embeddable":true,"href":"https:\/\/pulso27.com\/es\/wp-json\/wp\/v2\/users\/7"}],"replies":[{"embeddable":true,"href":"https:\/\/pulso27.com\/es\/wp-json\/wp\/v2\/comments?post=5589"}],"version-history":[{"count":2,"href":"https:\/\/pulso27.com\/es\/wp-json\/wp\/v2\/posts\/5589\/revisions"}],"predecessor-version":[{"id":5597,"href":"https:\/\/pulso27.com\/es\/wp-json\/wp\/v2\/posts\/5589\/revisions\/5597"}],"wp:featuredmedia":[{"embeddable":true,"href":"https:\/\/pulso27.com\/es\/wp-json\/wp\/v2\/media\/5592"}],"wp:attachment":[{"href":"https:\/\/pulso27.com\/es\/wp-json\/wp\/v2\/media?parent=5589"}],"wp:term":[{"taxonomy":"category","embeddable":true,"href":"https:\/\/pulso27.com\/es\/wp-json\/wp\/v2\/categories?post=5589"},{"taxonomy":"post_tag","embeddable":true,"href":"https:\/\/pulso27.com\/es\/wp-json\/wp\/v2\/tags?post=5589"}],"curies":[{"name":"wp","href":"https:\/\/api.w.org\/{rel}","templated":true}]}}