{"id":5625,"date":"2025-06-15T10:44:40","date_gmt":"2025-06-15T05:44:40","guid":{"rendered":"https:\/\/pulso27.com\/?p=5625"},"modified":"2025-06-15T10:49:39","modified_gmt":"2025-06-15T05:49:39","slug":"ee-uu-represion-desmedida-contra-protestas-por-redadas-migratorias-de-trump","status":"publish","type":"post","link":"https:\/\/pulso27.com\/es\/internacional\/ee-uu-represion-desmedida-contra-protestas-por-redadas-migratorias-de-trump\/","title":{"rendered":"EE. UU.: Represi\u00f3n desmedida contra protestas por redadas migratorias de Trump"},"content":{"rendered":"\n<p>En Estados Unidos, la pol\u00edtica migratoria del presidente Donald Trump, caracterizada por redadas masivas del Servicio de Inmigraci\u00f3n y Control de Aduanas (ICE), ha desatado protestas que enfrentan una represi\u00f3n desproporcionada, afectando tambi\u00e9n a la comunidad peruana. Se estima que cerca de 320,000 peruanos viven en situaci\u00f3n migratoria irregular en EE. UU., representando casi el 1% de la poblaci\u00f3n total del pa\u00eds. Desde agosto de 2022 hasta enero de 2023, 12,048 peruanos fueron deportados por infracciones migratorias, y en 2025, 308 connacionales enfrentan \u00f3rdenes de deportaci\u00f3n, con 340 m\u00e1s a la espera de documentaci\u00f3n para ser expulsados.<\/p>\n\n\n\n<p>En California, epicentro de las manifestaciones, el despliegue de m\u00e1s de 4,000 efectivos de la Guardia Nacional y 700 marines, ordenado por Trump sin autorizaci\u00f3n del gobernador Gavin Newsom, ha escalado las tensiones. En Los \u00c1ngeles, donde se arrestaron a 378 personas en pocos d\u00edas, un peruano fue detenido durante protestas contra las redadas, que dejaron m\u00e1s de 40 migrantes arrestados tras enfrentamientos con agentes federales, quienes usaron gases lacrim\u00f3genos y granadas aturdidoras. En San Diego, 74 peruanos fueron detenidos en operativos migratorios. Estas acciones han generado temor, con casos como el de un peruano arrestado en un Walmart pese a estar en proceso de asilo.<\/p>\n\n\n\n<p>La narrativa oficial de Trump justifica las redadas como una medida contra la \u201cinvasi\u00f3n migratoria\u201d, tildando a los manifestantes de \u201cturbas insurrectas\u201d. Sin embargo, testimonios como el de Daniel Valdez, un joven peruano buscando asilo, reflejan el clima de incertidumbre: \u201cPuedes salir de tu casa y te pueden agarrar\u201d. <\/p>\n\n\n\n<figure class=\"wp-block-image size-large\"><img loading=\"lazy\" decoding=\"async\" width=\"1024\" height=\"576\" src=\"https:\/\/pulso27.com\/wp-content\/uploads\/2025\/06\/image-22-1024x576.png\" alt=\"\" class=\"wp-image-5627\" srcset=\"https:\/\/pulso27.com\/wp-content\/uploads\/2025\/06\/image-22-1024x576.png 1024w, https:\/\/pulso27.com\/wp-content\/uploads\/2025\/06\/image-22-300x169.png 300w, https:\/\/pulso27.com\/wp-content\/uploads\/2025\/06\/image-22-768x432.png 768w, https:\/\/pulso27.com\/wp-content\/uploads\/2025\/06\/image-22-18x10.png 18w, https:\/\/pulso27.com\/wp-content\/uploads\/2025\/06\/image-22.png 1472w\" sizes=\"auto, (max-width: 1024px) 100vw, 1024px\" \/><figcaption class=\"wp-element-caption\"><em>Estadunidenses y migrantes protestan en Desfile Militar contra ICE y Donald Trump<\/em><\/figcaption><\/figure>\n\n\n\n<p>Las t\u00e1cticas de ICE, que incluyen agentes encubiertos en centros comerciales, han afectado la estabilidad emocional y econ\u00f3mica de los migrantes. En Boston, negocios peruanos como el restaurante \u2018Peruvian Taste\u2019 reportan una ca\u00edda del 50% en clientela por el miedo a salir.<\/p>\n\n\n\n<p>Organizaciones de derechos humanos y expertos de la ONU critican estas medidas como violaciones a la libertad de expresi\u00f3n, alertando sobre un retroceso democr\u00e1tico. En Per\u00fa, la Canciller\u00eda, liderada por Elmer Schialer, monitorea la situaci\u00f3n, ofreciendo asistencia consular y preparando la reintegraci\u00f3n de los deportados, con un vuelo de 141 peruanos retornados previsto. Sin embargo, la comunidad peruana en EE. UU. vive bajo constante amenaza, con redadas que no solo afectan a indocumentados, sino tambi\u00e9n a quienes buscan protecci\u00f3n legal.<\/p>\n","protected":false},"excerpt":{"rendered":"<p>En Estados Unidos, la pol\u00edtica migratoria del presidente Donald Trump, caracterizada por redadas masivas del Servicio de Inmigraci\u00f3n y Control de Aduanas (ICE), ha desatado protestas que enfrentan una represi\u00f3n desproporcionada, afectando tambi\u00e9n a la comunidad peruana. Se estima que cerca de 320,000 peruanos viven en situaci\u00f3n migratoria irregular en EE. UU., representando casi el [&hellip;]<\/p>\n","protected":false},"author":7,"featured_media":5626,"comment_status":"open","ping_status":"open","sticky":false,"template":"","format":"standard","meta":{"footnotes":""},"categories":[177,173],"tags":[2055,1883,2331,2067,2218],"class_list":["post-5625","post","type-post","status-publish","format-standard","has-post-thumbnail","hentry","category-economia","category-internacional","tag-donaldtrump","tag-eeuu","tag-ice","tag-migrantes","tag-represionpolicial"],"yoast_head":"<!-- This site is optimized with the Yoast SEO plugin v27.4 - https:\/\/yoast.com\/product\/yoast-seo-wordpress\/ -->\n<title>EE. UU.: Represi\u00f3n desmedida contra protestas por redadas migratorias de Trump - Pulso27<\/title>\n<meta name=\"robots\" content=\"index, follow, max-snippet:-1, max-image-preview:large, max-video-preview:-1\" \/>\n<link rel=\"canonical\" href=\"https:\/\/pulso27.com\/es\/internacional\/ee-uu-represion-desmedida-contra-protestas-por-redadas-migratorias-de-trump\/\" \/>\n<meta property=\"og:locale\" content=\"es_ES\" \/>\n<meta property=\"og:type\" content=\"article\" \/>\n<meta property=\"og:title\" content=\"EE. UU.: Represi\u00f3n desmedida contra protestas por redadas migratorias de Trump - Pulso27\" \/>\n<meta property=\"og:description\" content=\"En Estados Unidos, la pol\u00edtica migratoria del presidente Donald Trump, caracterizada por redadas masivas del Servicio de Inmigraci\u00f3n y Control de Aduanas (ICE), ha desatado protestas que enfrentan una represi\u00f3n desproporcionada, afectando tambi\u00e9n a la comunidad peruana. Se estima que cerca de 320,000 peruanos viven en situaci\u00f3n migratoria irregular en EE. UU., representando casi el [&hellip;]\" \/>\n<meta property=\"og:url\" content=\"https:\/\/pulso27.com\/es\/internacional\/ee-uu-represion-desmedida-contra-protestas-por-redadas-migratorias-de-trump\/\" \/>\n<meta property=\"og:site_name\" content=\"Pulso27\" \/>\n<meta property=\"article:publisher\" content=\"https:\/\/www.facebook.com\/pulso27\/\" \/>\n<meta property=\"article:published_time\" content=\"2025-06-15T05:44:40+00:00\" \/>\n<meta property=\"article:modified_time\" content=\"2025-06-15T05:49:39+00:00\" \/>\n<meta property=\"og:image\" content=\"https:\/\/pulso27.com\/wp-content\/uploads\/2025\/06\/EEUU.png\" \/>\n\t<meta property=\"og:image:width\" content=\"971\" \/>\n\t<meta property=\"og:image:height\" content=\"600\" \/>\n\t<meta property=\"og:image:type\" content=\"image\/png\" \/>\n<meta name=\"author\" content=\"Tupaq\" \/>\n<meta name=\"twitter:card\" content=\"summary_large_image\" \/>\n<meta name=\"twitter:creator\" content=\"@Pulso_27\" \/>\n<meta name=\"twitter:site\" content=\"@Pulso_27\" \/>\n<meta name=\"twitter:label1\" content=\"Written by\" \/>\n\t<meta name=\"twitter:data1\" content=\"Tupaq\" \/>\n\t<meta name=\"twitter:label2\" content=\"Est. reading time\" \/>\n\t<meta name=\"twitter:data2\" content=\"3 minutos\" \/>\n<script type=\"application\/ld+json\" class=\"yoast-schema-graph\">{\"@context\":\"https:\\\/\\\/schema.org\",\"@graph\":[{\"@type\":\"Article\",\"@id\":\"https:\\\/\\\/pulso27.com\\\/internacional\\\/ee-uu-represion-desmedida-contra-protestas-por-redadas-migratorias-de-trump\\\/#article\",\"isPartOf\":{\"@id\":\"https:\\\/\\\/pulso27.com\\\/internacional\\\/ee-uu-represion-desmedida-contra-protestas-por-redadas-migratorias-de-trump\\\/\"},\"author\":{\"name\":\"Tupaq\",\"@id\":\"https:\\\/\\\/pulso27.com\\\/en\\\/#\\\/schema\\\/person\\\/d20fd7f5bc7f2e53fd150d43fca07a78\"},\"headline\":\"EE. UU.: Represi\u00f3n desmedida contra protestas por redadas migratorias de Trump\",\"datePublished\":\"2025-06-15T05:44:40+00:00\",\"dateModified\":\"2025-06-15T05:49:39+00:00\",\"mainEntityOfPage\":{\"@id\":\"https:\\\/\\\/pulso27.com\\\/internacional\\\/ee-uu-represion-desmedida-contra-protestas-por-redadas-migratorias-de-trump\\\/\"},\"wordCount\":409,\"commentCount\":0,\"publisher\":{\"@id\":\"https:\\\/\\\/pulso27.com\\\/en\\\/#organization\"},\"image\":{\"@id\":\"https:\\\/\\\/pulso27.com\\\/internacional\\\/ee-uu-represion-desmedida-contra-protestas-por-redadas-migratorias-de-trump\\\/#primaryimage\"},\"thumbnailUrl\":\"https:\\\/\\\/pulso27.com\\\/wp-content\\\/uploads\\\/2025\\\/06\\\/EEUU.png\",\"keywords\":[\"DonaldTrump\",\"EEUU\",\"ICE\",\"Migrantes\",\"Represi\u00f3nPolicial\"],\"articleSection\":[\"Econom\u00eda\",\"Internacional\"],\"inLanguage\":\"es-PE\",\"potentialAction\":[{\"@type\":\"CommentAction\",\"name\":\"Comment\",\"target\":[\"https:\\\/\\\/pulso27.com\\\/internacional\\\/ee-uu-represion-desmedida-contra-protestas-por-redadas-migratorias-de-trump\\\/#respond\"]}]},{\"@type\":\"WebPage\",\"@id\":\"https:\\\/\\\/pulso27.com\\\/internacional\\\/ee-uu-represion-desmedida-contra-protestas-por-redadas-migratorias-de-trump\\\/\",\"url\":\"https:\\\/\\\/pulso27.com\\\/internacional\\\/ee-uu-represion-desmedida-contra-protestas-por-redadas-migratorias-de-trump\\\/\",\"name\":\"EE. UU.: Represi\u00f3n desmedida contra protestas por redadas migratorias de Trump - Pulso27\",\"isPartOf\":{\"@id\":\"https:\\\/\\\/pulso27.com\\\/en\\\/#website\"},\"primaryImageOfPage\":{\"@id\":\"https:\\\/\\\/pulso27.com\\\/internacional\\\/ee-uu-represion-desmedida-contra-protestas-por-redadas-migratorias-de-trump\\\/#primaryimage\"},\"image\":{\"@id\":\"https:\\\/\\\/pulso27.com\\\/internacional\\\/ee-uu-represion-desmedida-contra-protestas-por-redadas-migratorias-de-trump\\\/#primaryimage\"},\"thumbnailUrl\":\"https:\\\/\\\/pulso27.com\\\/wp-content\\\/uploads\\\/2025\\\/06\\\/EEUU.png\",\"datePublished\":\"2025-06-15T05:44:40+00:00\",\"dateModified\":\"2025-06-15T05:49:39+00:00\",\"breadcrumb\":{\"@id\":\"https:\\\/\\\/pulso27.com\\\/internacional\\\/ee-uu-represion-desmedida-contra-protestas-por-redadas-migratorias-de-trump\\\/#breadcrumb\"},\"inLanguage\":\"es-PE\",\"potentialAction\":[{\"@type\":\"ReadAction\",\"target\":[\"https:\\\/\\\/pulso27.com\\\/internacional\\\/ee-uu-represion-desmedida-contra-protestas-por-redadas-migratorias-de-trump\\\/\"]}]},{\"@type\":\"ImageObject\",\"inLanguage\":\"es-PE\",\"@id\":\"https:\\\/\\\/pulso27.com\\\/internacional\\\/ee-uu-represion-desmedida-contra-protestas-por-redadas-migratorias-de-trump\\\/#primaryimage\",\"url\":\"https:\\\/\\\/pulso27.com\\\/wp-content\\\/uploads\\\/2025\\\/06\\\/EEUU.png\",\"contentUrl\":\"https:\\\/\\\/pulso27.com\\\/wp-content\\\/uploads\\\/2025\\\/06\\\/EEUU.png\",\"width\":971,\"height\":600},{\"@type\":\"BreadcrumbList\",\"@id\":\"https:\\\/\\\/pulso27.com\\\/internacional\\\/ee-uu-represion-desmedida-contra-protestas-por-redadas-migratorias-de-trump\\\/#breadcrumb\",\"itemListElement\":[{\"@type\":\"ListItem\",\"position\":1,\"name\":\"Portada\",\"item\":\"https:\\\/\\\/pulso27.com\\\/\"},{\"@type\":\"ListItem\",\"position\":2,\"name\":\"EE. UU.: Represi\u00f3n desmedida contra protestas por redadas migratorias de Trump\"}]},{\"@type\":\"WebSite\",\"@id\":\"https:\\\/\\\/pulso27.com\\\/en\\\/#website\",\"url\":\"https:\\\/\\\/pulso27.com\\\/en\\\/\",\"name\":\"Pulso27\",\"description\":\"Web de noticias y publicidad\",\"publisher\":{\"@id\":\"https:\\\/\\\/pulso27.com\\\/en\\\/#organization\"},\"alternateName\":\"El pulso del pueblo\",\"potentialAction\":[{\"@type\":\"SearchAction\",\"target\":{\"@type\":\"EntryPoint\",\"urlTemplate\":\"https:\\\/\\\/pulso27.com\\\/en\\\/?s={search_term_string}\"},\"query-input\":{\"@type\":\"PropertyValueSpecification\",\"valueRequired\":true,\"valueName\":\"search_term_string\"}}],\"inLanguage\":\"es-PE\"},{\"@type\":\"Organization\",\"@id\":\"https:\\\/\\\/pulso27.com\\\/en\\\/#organization\",\"name\":\"Pulso27\",\"url\":\"https:\\\/\\\/pulso27.com\\\/en\\\/\",\"logo\":{\"@type\":\"ImageObject\",\"inLanguage\":\"es-PE\",\"@id\":\"https:\\\/\\\/pulso27.com\\\/en\\\/#\\\/schema\\\/logo\\\/image\\\/\",\"url\":\"https:\\\/\\\/pulso27.com\\\/wp-content\\\/uploads\\\/2026\\\/02\\\/Logotipo-de-la-organizacion-696-x-696-px-ok.png\",\"contentUrl\":\"https:\\\/\\\/pulso27.com\\\/wp-content\\\/uploads\\\/2026\\\/02\\\/Logotipo-de-la-organizacion-696-x-696-px-ok.png\",\"width\":696,\"height\":696,\"caption\":\"Pulso27\"},\"image\":{\"@id\":\"https:\\\/\\\/pulso27.com\\\/en\\\/#\\\/schema\\\/logo\\\/image\\\/\"},\"sameAs\":[\"https:\\\/\\\/www.facebook.com\\\/pulso27\\\/\",\"https:\\\/\\\/x.com\\\/Pulso_27\",\"https:\\\/\\\/www.youtube.com\\\/@Pulso27\",\"https:\\\/\\\/www.tiktok.com\\\/@pulso_27\"]},{\"@type\":\"Person\",\"@id\":\"https:\\\/\\\/pulso27.com\\\/en\\\/#\\\/schema\\\/person\\\/d20fd7f5bc7f2e53fd150d43fca07a78\",\"name\":\"Tupaq\",\"image\":{\"@type\":\"ImageObject\",\"inLanguage\":\"es-PE\",\"@id\":\"https:\\\/\\\/secure.gravatar.com\\\/avatar\\\/7929e9b034aeea560319a601e4f04c59eb5f45a79eafe192adabb67e9604e7e7?s=96&d=mm&r=g\",\"url\":\"https:\\\/\\\/secure.gravatar.com\\\/avatar\\\/7929e9b034aeea560319a601e4f04c59eb5f45a79eafe192adabb67e9604e7e7?s=96&d=mm&r=g\",\"contentUrl\":\"https:\\\/\\\/secure.gravatar.com\\\/avatar\\\/7929e9b034aeea560319a601e4f04c59eb5f45a79eafe192adabb67e9604e7e7?s=96&d=mm&r=g\",\"caption\":\"Tupaq\"},\"url\":\"https:\\\/\\\/pulso27.com\\\/es\\\/author\\\/tupaq\\\/\"}]}<\/script>\n<!-- \/ Yoast SEO plugin. -->","yoast_head_json":{"title":"EE. UU.: Represi\u00f3n desmedida contra protestas por redadas migratorias de Trump - Pulso27","robots":{"index":"index","follow":"follow","max-snippet":"max-snippet:-1","max-image-preview":"max-image-preview:large","max-video-preview":"max-video-preview:-1"},"canonical":"https:\/\/pulso27.com\/es\/internacional\/ee-uu-represion-desmedida-contra-protestas-por-redadas-migratorias-de-trump\/","og_locale":"es_ES","og_type":"article","og_title":"EE. UU.: Represi\u00f3n desmedida contra protestas por redadas migratorias de Trump - Pulso27","og_description":"En Estados Unidos, la pol\u00edtica migratoria del presidente Donald Trump, caracterizada por redadas masivas del Servicio de Inmigraci\u00f3n y Control de Aduanas (ICE), ha desatado protestas que enfrentan una represi\u00f3n desproporcionada, afectando tambi\u00e9n a la comunidad peruana. Se estima que cerca de 320,000 peruanos viven en situaci\u00f3n migratoria irregular en EE. UU., representando casi el [&hellip;]","og_url":"https:\/\/pulso27.com\/es\/internacional\/ee-uu-represion-desmedida-contra-protestas-por-redadas-migratorias-de-trump\/","og_site_name":"Pulso27","article_publisher":"https:\/\/www.facebook.com\/pulso27\/","article_published_time":"2025-06-15T05:44:40+00:00","article_modified_time":"2025-06-15T05:49:39+00:00","og_image":[{"width":971,"height":600,"url":"https:\/\/pulso27.com\/wp-content\/uploads\/2025\/06\/EEUU.png","type":"image\/png"}],"author":"Tupaq","twitter_card":"summary_large_image","twitter_creator":"@Pulso_27","twitter_site":"@Pulso_27","twitter_misc":{"Written by":"Tupaq","Est. reading time":"3 minutos"},"schema":{"@context":"https:\/\/schema.org","@graph":[{"@type":"Article","@id":"https:\/\/pulso27.com\/internacional\/ee-uu-represion-desmedida-contra-protestas-por-redadas-migratorias-de-trump\/#article","isPartOf":{"@id":"https:\/\/pulso27.com\/internacional\/ee-uu-represion-desmedida-contra-protestas-por-redadas-migratorias-de-trump\/"},"author":{"name":"Tupaq","@id":"https:\/\/pulso27.com\/en\/#\/schema\/person\/d20fd7f5bc7f2e53fd150d43fca07a78"},"headline":"EE. UU.: Represi\u00f3n desmedida contra protestas por redadas migratorias de Trump","datePublished":"2025-06-15T05:44:40+00:00","dateModified":"2025-06-15T05:49:39+00:00","mainEntityOfPage":{"@id":"https:\/\/pulso27.com\/internacional\/ee-uu-represion-desmedida-contra-protestas-por-redadas-migratorias-de-trump\/"},"wordCount":409,"commentCount":0,"publisher":{"@id":"https:\/\/pulso27.com\/en\/#organization"},"image":{"@id":"https:\/\/pulso27.com\/internacional\/ee-uu-represion-desmedida-contra-protestas-por-redadas-migratorias-de-trump\/#primaryimage"},"thumbnailUrl":"https:\/\/pulso27.com\/wp-content\/uploads\/2025\/06\/EEUU.png","keywords":["DonaldTrump","EEUU","ICE","Migrantes","Represi\u00f3nPolicial"],"articleSection":["Econom\u00eda","Internacional"],"inLanguage":"es-PE","potentialAction":[{"@type":"CommentAction","name":"Comment","target":["https:\/\/pulso27.com\/internacional\/ee-uu-represion-desmedida-contra-protestas-por-redadas-migratorias-de-trump\/#respond"]}]},{"@type":"WebPage","@id":"https:\/\/pulso27.com\/internacional\/ee-uu-represion-desmedida-contra-protestas-por-redadas-migratorias-de-trump\/","url":"https:\/\/pulso27.com\/internacional\/ee-uu-represion-desmedida-contra-protestas-por-redadas-migratorias-de-trump\/","name":"EE. UU.: Represi\u00f3n desmedida contra protestas por redadas migratorias de Trump - Pulso27","isPartOf":{"@id":"https:\/\/pulso27.com\/en\/#website"},"primaryImageOfPage":{"@id":"https:\/\/pulso27.com\/internacional\/ee-uu-represion-desmedida-contra-protestas-por-redadas-migratorias-de-trump\/#primaryimage"},"image":{"@id":"https:\/\/pulso27.com\/internacional\/ee-uu-represion-desmedida-contra-protestas-por-redadas-migratorias-de-trump\/#primaryimage"},"thumbnailUrl":"https:\/\/pulso27.com\/wp-content\/uploads\/2025\/06\/EEUU.png","datePublished":"2025-06-15T05:44:40+00:00","dateModified":"2025-06-15T05:49:39+00:00","breadcrumb":{"@id":"https:\/\/pulso27.com\/internacional\/ee-uu-represion-desmedida-contra-protestas-por-redadas-migratorias-de-trump\/#breadcrumb"},"inLanguage":"es-PE","potentialAction":[{"@type":"ReadAction","target":["https:\/\/pulso27.com\/internacional\/ee-uu-represion-desmedida-contra-protestas-por-redadas-migratorias-de-trump\/"]}]},{"@type":"ImageObject","inLanguage":"es-PE","@id":"https:\/\/pulso27.com\/internacional\/ee-uu-represion-desmedida-contra-protestas-por-redadas-migratorias-de-trump\/#primaryimage","url":"https:\/\/pulso27.com\/wp-content\/uploads\/2025\/06\/EEUU.png","contentUrl":"https:\/\/pulso27.com\/wp-content\/uploads\/2025\/06\/EEUU.png","width":971,"height":600},{"@type":"BreadcrumbList","@id":"https:\/\/pulso27.com\/internacional\/ee-uu-represion-desmedida-contra-protestas-por-redadas-migratorias-de-trump\/#breadcrumb","itemListElement":[{"@type":"ListItem","position":1,"name":"Portada","item":"https:\/\/pulso27.com\/"},{"@type":"ListItem","position":2,"name":"EE. UU.: Represi\u00f3n desmedida contra protestas por redadas migratorias de Trump"}]},{"@type":"WebSite","@id":"https:\/\/pulso27.com\/en\/#website","url":"https:\/\/pulso27.com\/en\/","name":"Pulso27","description":"Web de noticias y publicidad","publisher":{"@id":"https:\/\/pulso27.com\/en\/#organization"},"alternateName":"El pulso del pueblo","potentialAction":[{"@type":"SearchAction","target":{"@type":"EntryPoint","urlTemplate":"https:\/\/pulso27.com\/en\/?s={search_term_string}"},"query-input":{"@type":"PropertyValueSpecification","valueRequired":true,"valueName":"search_term_string"}}],"inLanguage":"es-PE"},{"@type":"Organization","@id":"https:\/\/pulso27.com\/en\/#organization","name":"Pulso27","url":"https:\/\/pulso27.com\/en\/","logo":{"@type":"ImageObject","inLanguage":"es-PE","@id":"https:\/\/pulso27.com\/en\/#\/schema\/logo\/image\/","url":"https:\/\/pulso27.com\/wp-content\/uploads\/2026\/02\/Logotipo-de-la-organizacion-696-x-696-px-ok.png","contentUrl":"https:\/\/pulso27.com\/wp-content\/uploads\/2026\/02\/Logotipo-de-la-organizacion-696-x-696-px-ok.png","width":696,"height":696,"caption":"Pulso27"},"image":{"@id":"https:\/\/pulso27.com\/en\/#\/schema\/logo\/image\/"},"sameAs":["https:\/\/www.facebook.com\/pulso27\/","https:\/\/x.com\/Pulso_27","https:\/\/www.youtube.com\/@Pulso27","https:\/\/www.tiktok.com\/@pulso_27"]},{"@type":"Person","@id":"https:\/\/pulso27.com\/en\/#\/schema\/person\/d20fd7f5bc7f2e53fd150d43fca07a78","name":"Tupaq","image":{"@type":"ImageObject","inLanguage":"es-PE","@id":"https:\/\/secure.gravatar.com\/avatar\/7929e9b034aeea560319a601e4f04c59eb5f45a79eafe192adabb67e9604e7e7?s=96&d=mm&r=g","url":"https:\/\/secure.gravatar.com\/avatar\/7929e9b034aeea560319a601e4f04c59eb5f45a79eafe192adabb67e9604e7e7?s=96&d=mm&r=g","contentUrl":"https:\/\/secure.gravatar.com\/avatar\/7929e9b034aeea560319a601e4f04c59eb5f45a79eafe192adabb67e9604e7e7?s=96&d=mm&r=g","caption":"Tupaq"},"url":"https:\/\/pulso27.com\/es\/author\/tupaq\/"}]}},"amp_enabled":true,"_links":{"self":[{"href":"https:\/\/pulso27.com\/es\/wp-json\/wp\/v2\/posts\/5625","targetHints":{"allow":["GET"]}}],"collection":[{"href":"https:\/\/pulso27.com\/es\/wp-json\/wp\/v2\/posts"}],"about":[{"href":"https:\/\/pulso27.com\/es\/wp-json\/wp\/v2\/types\/post"}],"author":[{"embeddable":true,"href":"https:\/\/pulso27.com\/es\/wp-json\/wp\/v2\/users\/7"}],"replies":[{"embeddable":true,"href":"https:\/\/pulso27.com\/es\/wp-json\/wp\/v2\/comments?post=5625"}],"version-history":[{"count":1,"href":"https:\/\/pulso27.com\/es\/wp-json\/wp\/v2\/posts\/5625\/revisions"}],"predecessor-version":[{"id":5628,"href":"https:\/\/pulso27.com\/es\/wp-json\/wp\/v2\/posts\/5625\/revisions\/5628"}],"wp:featuredmedia":[{"embeddable":true,"href":"https:\/\/pulso27.com\/es\/wp-json\/wp\/v2\/media\/5626"}],"wp:attachment":[{"href":"https:\/\/pulso27.com\/es\/wp-json\/wp\/v2\/media?parent=5625"}],"wp:term":[{"taxonomy":"category","embeddable":true,"href":"https:\/\/pulso27.com\/es\/wp-json\/wp\/v2\/categories?post=5625"},{"taxonomy":"post_tag","embeddable":true,"href":"https:\/\/pulso27.com\/es\/wp-json\/wp\/v2\/tags?post=5625"}],"curies":[{"name":"wp","href":"https:\/\/api.w.org\/{rel}","templated":true}]}}