{"id":5650,"date":"2025-06-17T07:58:27","date_gmt":"2025-06-17T02:58:27","guid":{"rendered":"https:\/\/pulso27.com\/?p=5650"},"modified":"2025-06-17T07:58:32","modified_gmt":"2025-06-17T02:58:32","slug":"la-maniobra-de-la-jnj-para-reinstalar-a-patricia-benavides-como-fiscal-de-la-nacion-desata-indignacion-en-peru","status":"publish","type":"post","link":"https:\/\/pulso27.com\/es\/actualidad\/educacion\/la-maniobra-de-la-jnj-para-reinstalar-a-patricia-benavides-como-fiscal-de-la-nacion-desata-indignacion-en-peru\/","title":{"rendered":"La maniobra de la JNJ para reinstalar a Patricia Benavides como Fiscal de la Naci\u00f3n desata indignaci\u00f3n en Per\u00fa"},"content":{"rendered":"\n<p>Lima, 16 de junio de 2025 \u2013 La decisi\u00f3n de la Junta Nacional de Justicia (JNJ) de anular la destituci\u00f3n de Patricia Benavides como Fiscal Suprema, reemplaz\u00e1ndola con una suspensi\u00f3n de apenas 60 d\u00edas, ha desatado una ola de cr\u00edticas y rechazo ciudadano en Per\u00fa. Esta resoluci\u00f3n, percibida como una maniobra orquestada por la derecha conservadora y neoliberal, liderada por Fuerza Popular, Avanza Pa\u00eds, Alianza para el Progreso y sectores afines al gobierno de Dina Boluarte, busca allanar el camino para el retorno de Benavides al cargo de Fiscal de la Naci\u00f3n, en un claro desaf\u00edo a los principios democr\u00e1ticos y constitucionales del pa\u00eds.<\/p>\n\n\n\n<p>La exfiscal Benavides, destituida en 2023 por presuntamente encabezar una organizaci\u00f3n criminal que manipulaba decisiones en el Congreso, como la inhabilitaci\u00f3n de la exfiscal Zoraida \u00c1valos y el intento de remoci\u00f3n de miembros de la JNJ, es vista como una figura clave para los intereses de la coalici\u00f3n pol\u00edtica que sostiene a Boluarte en el poder. Esta alianza, que incluye al fujimorismo, el aprismo y bancadas como Per\u00fa Libre, ha sido se\u00f1alada por consolidar un pacto de impunidad que protege a figuras pol\u00edticas investigadas por corrupci\u00f3n y violaciones a los derechos humanos, como las muertes durante las protestas contra el gobierno.<\/p>\n\n\n\n<figure class=\"wp-block-image size-full is-resized\"><img loading=\"lazy\" decoding=\"async\" width=\"621\" height=\"366\" src=\"https:\/\/pulso27.com\/wp-content\/uploads\/2025\/06\/image-30.png\" alt=\"\" class=\"wp-image-5655\" style=\"width:740px;height:auto\" srcset=\"https:\/\/pulso27.com\/wp-content\/uploads\/2025\/06\/image-30.png 621w, https:\/\/pulso27.com\/wp-content\/uploads\/2025\/06\/image-30-300x177.png 300w, https:\/\/pulso27.com\/wp-content\/uploads\/2025\/06\/image-30-18x12.png 18w\" sizes=\"auto, (max-width: 621px) 100vw, 621px\" \/><figcaption class=\"wp-element-caption\"><em>Patricia Benavides tuvo como port\u00e1til a la \u00abLa Resistencia\u00bb vinculados a Fuerza Popular, quienes con meg\u00e1fono en mano gritaban \u00abFuera, Delia Espinoza\u00bb, \u00aby ya cay\u00f3\u00bb<\/em><\/figcaption><\/figure>\n\n\n\n<p>La resoluci\u00f3n de la JNJ, aprobada por mayor\u00eda, no solo contradice el esp\u00edritu de independencia judicial, sino que tambi\u00e9n vulnera el orden constitucional al pretender reinstalar a una funcionaria cuestionada por graves irregularidades. Organizaciones civiles, partidos de izquierda y amplios sectores de la ciudadan\u00eda han denunciado este hecho como un intento descarado de la derecha neoliberal por controlar el Ministerio P\u00fablico, debilitar la lucha contra la corrupci\u00f3n y perpetuar un sistema pol\u00edtico que favorece a las \u00e9lites en detrimento de la justicia y la democracia.<\/p>\n\n\n\n<p>En redes sociales, el hashtag #NoALaImpunidad se ha viralizado, reflejando el rechazo mayoritario de los peruanos, quienes ven en esta maniobra un retroceso democr\u00e1tico que consolida el poder de una coalici\u00f3n autoritaria. \u201cEsto es un golpe a la justicia. La JNJ se ha plegado a los intereses de Fuerza Popular y Boluarte, traicionando al pueblo peruano\u201d, se\u00f1al\u00f3 Rosa Quispe, activista por los derechos humanos. Por su parte, analistas advierten que el retorno de Benavides podr\u00eda frenar investigaciones clave contra figuras como Keiko Fujimori y la propia presidenta Boluarte, envuelta en el esc\u00e1ndalo del \u201cRolexgate\u201d y las muertes en protestas.<\/p>\n\n\n\n<p>La Mesa Directiva del Congreso, dominada por Fuerza Popular y sus aliados, ha jugado un rol central en este escenario, promoviendo reformas que debilitan instituciones democr\u00e1ticas como la JNJ y blindando a Boluarte de mociones de vacancia. Este pacto pol\u00edtico, que incluye a sectores aparentemente opuestos como Per\u00fa Libre, revela un pragmatismo orientado a mantener el control del sistema judicial y garantizar la impunidad de los involucrados en casos de corrupci\u00f3n.<\/p>\n\n\n\n<figure class=\"wp-block-image size-full is-resized\"><img loading=\"lazy\" decoding=\"async\" width=\"640\" height=\"371\" src=\"https:\/\/pulso27.com\/wp-content\/uploads\/2025\/06\/image-29.png\" alt=\"\" class=\"wp-image-5653\" style=\"width:740px;height:auto\" srcset=\"https:\/\/pulso27.com\/wp-content\/uploads\/2025\/06\/image-29.png 640w, https:\/\/pulso27.com\/wp-content\/uploads\/2025\/06\/image-29-300x174.png 300w, https:\/\/pulso27.com\/wp-content\/uploads\/2025\/06\/image-29-18x10.png 18w\" sizes=\"auto, (max-width: 640px) 100vw, 640px\" \/><figcaption class=\"wp-element-caption\"><em>La Fiscal de la Naci\u00f3n hab\u00eda anunciado que pasar\u00e1 la noche en la Fiscal\u00eda. Foto: Jhon Reyes\/La Rep\u00fablica<\/em><\/figcaption><\/figure>\n\n\n\n<p>La ciudadan\u00eda, hastiada de la crisis pol\u00edtica que atraviesa el pa\u00eds, comienza a organizarse para exigir la reversi\u00f3n de esta decisi\u00f3n y la defensa de la institucionalidad democr\u00e1tica. \u201cNo permitiremos que el Per\u00fa se convierta en reh\u00e9n de un grupo que solo busca proteger sus privilegios\u201d, afirm\u00f3 un vocero de la Coordinadora Nacional por la Justicia, que eval\u00faa convocar protestas en los pr\u00f3ximos d\u00edas. <\/p>\n\n\n\n<p>El intento de reinstalar a Patricia Benavides no es solo un ataque a la independencia del Ministerio P\u00fablico, sino una afrenta a la voluntad popular y al Estado de derecho. Per\u00fa enfrenta un momento cr\u00edtico: la defensa de su democracia depende de la resistencia ciudadana y de la capacidad de las instituciones para resistir las presiones de una derecha conservadora que, bajo el disfraz del neoliberalismo, busca perpetuarse en el poder a costa de la justicia y la verdad.<\/p>\n","protected":false},"excerpt":{"rendered":"<p>Lima, 16 de junio de 2025 \u2013 La decisi\u00f3n de la Junta Nacional de Justicia (JNJ) de anular la destituci\u00f3n de Patricia Benavides como Fiscal Suprema, reemplaz\u00e1ndola con una suspensi\u00f3n de apenas 60 d\u00edas, ha desatado una ola de cr\u00edticas y rechazo ciudadano en Per\u00fa. Esta resoluci\u00f3n, percibida como una maniobra orquestada por la derecha [&hellip;]<\/p>\n","protected":false},"author":13,"featured_media":5654,"comment_status":"open","ping_status":"open","sticky":false,"template":"","format":"standard","meta":{"footnotes":""},"categories":[808,174],"tags":[625,1994,702,2342,2341],"class_list":["post-5650","post","type-post","status-publish","format-standard","has-post-thumbnail","hentry","category-educacion","category-nacional","tag-fiscalia","tag-fiscaliadelanacion","tag-justicia","tag-ministeriodejusticia","tag-patriciabenavides"],"yoast_head":"<!-- This site is optimized with the Yoast SEO plugin v27.4 - https:\/\/yoast.com\/product\/yoast-seo-wordpress\/ -->\n<title>La maniobra de la JNJ para reinstalar a Patricia Benavides como Fiscal de la Naci\u00f3n desata indignaci\u00f3n en Per\u00fa - Pulso27<\/title>\n<meta name=\"robots\" content=\"index, follow, max-snippet:-1, max-image-preview:large, max-video-preview:-1\" \/>\n<link rel=\"canonical\" href=\"https:\/\/pulso27.com\/es\/actualidad\/educacion\/la-maniobra-de-la-jnj-para-reinstalar-a-patricia-benavides-como-fiscal-de-la-nacion-desata-indignacion-en-peru\/\" \/>\n<meta property=\"og:locale\" content=\"es_ES\" \/>\n<meta property=\"og:type\" content=\"article\" \/>\n<meta property=\"og:title\" content=\"La maniobra de la JNJ para reinstalar a Patricia Benavides como Fiscal de la Naci\u00f3n desata indignaci\u00f3n en Per\u00fa - Pulso27\" \/>\n<meta property=\"og:description\" content=\"Lima, 16 de junio de 2025 \u2013 La decisi\u00f3n de la Junta Nacional de Justicia (JNJ) de anular la destituci\u00f3n de Patricia Benavides como Fiscal Suprema, reemplaz\u00e1ndola con una suspensi\u00f3n de apenas 60 d\u00edas, ha desatado una ola de cr\u00edticas y rechazo ciudadano en Per\u00fa. Esta resoluci\u00f3n, percibida como una maniobra orquestada por la derecha [&hellip;]\" \/>\n<meta property=\"og:url\" content=\"https:\/\/pulso27.com\/es\/actualidad\/educacion\/la-maniobra-de-la-jnj-para-reinstalar-a-patricia-benavides-como-fiscal-de-la-nacion-desata-indignacion-en-peru\/\" \/>\n<meta property=\"og:site_name\" content=\"Pulso27\" \/>\n<meta property=\"article:publisher\" content=\"https:\/\/www.facebook.com\/pulso27\/\" \/>\n<meta property=\"article:published_time\" content=\"2025-06-17T02:58:27+00:00\" \/>\n<meta property=\"article:modified_time\" content=\"2025-06-17T02:58:32+00:00\" \/>\n<meta property=\"og:image\" content=\"https:\/\/pulso27.com\/wp-content\/uploads\/2025\/06\/PatriciaB.png\" \/>\n\t<meta property=\"og:image:width\" content=\"960\" \/>\n\t<meta property=\"og:image:height\" content=\"600\" \/>\n\t<meta property=\"og:image:type\" content=\"image\/png\" \/>\n<meta name=\"author\" content=\"Redactor\" \/>\n<meta name=\"twitter:card\" content=\"summary_large_image\" \/>\n<meta name=\"twitter:creator\" content=\"@Pulso_27\" \/>\n<meta name=\"twitter:site\" content=\"@Pulso_27\" \/>\n<meta name=\"twitter:label1\" content=\"Written by\" \/>\n\t<meta name=\"twitter:data1\" content=\"Redactor\" \/>\n\t<meta name=\"twitter:label2\" content=\"Est. reading time\" \/>\n\t<meta name=\"twitter:data2\" content=\"4 minutos\" \/>\n<script type=\"application\/ld+json\" class=\"yoast-schema-graph\">{\"@context\":\"https:\\\/\\\/schema.org\",\"@graph\":[{\"@type\":\"Article\",\"@id\":\"https:\\\/\\\/pulso27.com\\\/actualidad\\\/educacion\\\/la-maniobra-de-la-jnj-para-reinstalar-a-patricia-benavides-como-fiscal-de-la-nacion-desata-indignacion-en-peru\\\/#article\",\"isPartOf\":{\"@id\":\"https:\\\/\\\/pulso27.com\\\/actualidad\\\/educacion\\\/la-maniobra-de-la-jnj-para-reinstalar-a-patricia-benavides-como-fiscal-de-la-nacion-desata-indignacion-en-peru\\\/\"},\"author\":{\"name\":\"Redactor\",\"@id\":\"https:\\\/\\\/pulso27.com\\\/en\\\/#\\\/schema\\\/person\\\/bf5ee161e6c87f6c7d57f5e689ef8526\"},\"headline\":\"La maniobra de la JNJ para reinstalar a Patricia Benavides como Fiscal de la Naci\u00f3n desata indignaci\u00f3n en Per\u00fa\",\"datePublished\":\"2025-06-17T02:58:27+00:00\",\"dateModified\":\"2025-06-17T02:58:32+00:00\",\"mainEntityOfPage\":{\"@id\":\"https:\\\/\\\/pulso27.com\\\/actualidad\\\/educacion\\\/la-maniobra-de-la-jnj-para-reinstalar-a-patricia-benavides-como-fiscal-de-la-nacion-desata-indignacion-en-peru\\\/\"},\"wordCount\":717,\"commentCount\":0,\"publisher\":{\"@id\":\"https:\\\/\\\/pulso27.com\\\/en\\\/#organization\"},\"image\":{\"@id\":\"https:\\\/\\\/pulso27.com\\\/actualidad\\\/educacion\\\/la-maniobra-de-la-jnj-para-reinstalar-a-patricia-benavides-como-fiscal-de-la-nacion-desata-indignacion-en-peru\\\/#primaryimage\"},\"thumbnailUrl\":\"https:\\\/\\\/pulso27.com\\\/wp-content\\\/uploads\\\/2025\\\/06\\\/PatriciaB.png\",\"keywords\":[\"Fiscal\u00eda\",\"Fiscal\u00edaDeLaNaci\u00f3n\",\"Justicia\",\"MinisterioDeJusticia\",\"PatriciaBenavides\"],\"articleSection\":[\"Educaci\u00f3n\",\"Nacional\"],\"inLanguage\":\"es-PE\",\"potentialAction\":[{\"@type\":\"CommentAction\",\"name\":\"Comment\",\"target\":[\"https:\\\/\\\/pulso27.com\\\/actualidad\\\/educacion\\\/la-maniobra-de-la-jnj-para-reinstalar-a-patricia-benavides-como-fiscal-de-la-nacion-desata-indignacion-en-peru\\\/#respond\"]}]},{\"@type\":\"WebPage\",\"@id\":\"https:\\\/\\\/pulso27.com\\\/actualidad\\\/educacion\\\/la-maniobra-de-la-jnj-para-reinstalar-a-patricia-benavides-como-fiscal-de-la-nacion-desata-indignacion-en-peru\\\/\",\"url\":\"https:\\\/\\\/pulso27.com\\\/actualidad\\\/educacion\\\/la-maniobra-de-la-jnj-para-reinstalar-a-patricia-benavides-como-fiscal-de-la-nacion-desata-indignacion-en-peru\\\/\",\"name\":\"La maniobra de la JNJ para reinstalar a Patricia Benavides como Fiscal de la Naci\u00f3n desata indignaci\u00f3n en Per\u00fa - Pulso27\",\"isPartOf\":{\"@id\":\"https:\\\/\\\/pulso27.com\\\/en\\\/#website\"},\"primaryImageOfPage\":{\"@id\":\"https:\\\/\\\/pulso27.com\\\/actualidad\\\/educacion\\\/la-maniobra-de-la-jnj-para-reinstalar-a-patricia-benavides-como-fiscal-de-la-nacion-desata-indignacion-en-peru\\\/#primaryimage\"},\"image\":{\"@id\":\"https:\\\/\\\/pulso27.com\\\/actualidad\\\/educacion\\\/la-maniobra-de-la-jnj-para-reinstalar-a-patricia-benavides-como-fiscal-de-la-nacion-desata-indignacion-en-peru\\\/#primaryimage\"},\"thumbnailUrl\":\"https:\\\/\\\/pulso27.com\\\/wp-content\\\/uploads\\\/2025\\\/06\\\/PatriciaB.png\",\"datePublished\":\"2025-06-17T02:58:27+00:00\",\"dateModified\":\"2025-06-17T02:58:32+00:00\",\"breadcrumb\":{\"@id\":\"https:\\\/\\\/pulso27.com\\\/actualidad\\\/educacion\\\/la-maniobra-de-la-jnj-para-reinstalar-a-patricia-benavides-como-fiscal-de-la-nacion-desata-indignacion-en-peru\\\/#breadcrumb\"},\"inLanguage\":\"es-PE\",\"potentialAction\":[{\"@type\":\"ReadAction\",\"target\":[\"https:\\\/\\\/pulso27.com\\\/actualidad\\\/educacion\\\/la-maniobra-de-la-jnj-para-reinstalar-a-patricia-benavides-como-fiscal-de-la-nacion-desata-indignacion-en-peru\\\/\"]}]},{\"@type\":\"ImageObject\",\"inLanguage\":\"es-PE\",\"@id\":\"https:\\\/\\\/pulso27.com\\\/actualidad\\\/educacion\\\/la-maniobra-de-la-jnj-para-reinstalar-a-patricia-benavides-como-fiscal-de-la-nacion-desata-indignacion-en-peru\\\/#primaryimage\",\"url\":\"https:\\\/\\\/pulso27.com\\\/wp-content\\\/uploads\\\/2025\\\/06\\\/PatriciaB.png\",\"contentUrl\":\"https:\\\/\\\/pulso27.com\\\/wp-content\\\/uploads\\\/2025\\\/06\\\/PatriciaB.png\",\"width\":960,\"height\":600},{\"@type\":\"BreadcrumbList\",\"@id\":\"https:\\\/\\\/pulso27.com\\\/actualidad\\\/educacion\\\/la-maniobra-de-la-jnj-para-reinstalar-a-patricia-benavides-como-fiscal-de-la-nacion-desata-indignacion-en-peru\\\/#breadcrumb\",\"itemListElement\":[{\"@type\":\"ListItem\",\"position\":1,\"name\":\"Portada\",\"item\":\"https:\\\/\\\/pulso27.com\\\/\"},{\"@type\":\"ListItem\",\"position\":2,\"name\":\"La maniobra de la JNJ para reinstalar a Patricia Benavides como Fiscal de la Naci\u00f3n desata indignaci\u00f3n en Per\u00fa\"}]},{\"@type\":\"WebSite\",\"@id\":\"https:\\\/\\\/pulso27.com\\\/en\\\/#website\",\"url\":\"https:\\\/\\\/pulso27.com\\\/en\\\/\",\"name\":\"Pulso27\",\"description\":\"Web de noticias y publicidad\",\"publisher\":{\"@id\":\"https:\\\/\\\/pulso27.com\\\/en\\\/#organization\"},\"alternateName\":\"El pulso del pueblo\",\"potentialAction\":[{\"@type\":\"SearchAction\",\"target\":{\"@type\":\"EntryPoint\",\"urlTemplate\":\"https:\\\/\\\/pulso27.com\\\/en\\\/?s={search_term_string}\"},\"query-input\":{\"@type\":\"PropertyValueSpecification\",\"valueRequired\":true,\"valueName\":\"search_term_string\"}}],\"inLanguage\":\"es-PE\"},{\"@type\":\"Organization\",\"@id\":\"https:\\\/\\\/pulso27.com\\\/en\\\/#organization\",\"name\":\"Pulso27\",\"url\":\"https:\\\/\\\/pulso27.com\\\/en\\\/\",\"logo\":{\"@type\":\"ImageObject\",\"inLanguage\":\"es-PE\",\"@id\":\"https:\\\/\\\/pulso27.com\\\/en\\\/#\\\/schema\\\/logo\\\/image\\\/\",\"url\":\"https:\\\/\\\/pulso27.com\\\/wp-content\\\/uploads\\\/2026\\\/02\\\/Logotipo-de-la-organizacion-696-x-696-px-ok.png\",\"contentUrl\":\"https:\\\/\\\/pulso27.com\\\/wp-content\\\/uploads\\\/2026\\\/02\\\/Logotipo-de-la-organizacion-696-x-696-px-ok.png\",\"width\":696,\"height\":696,\"caption\":\"Pulso27\"},\"image\":{\"@id\":\"https:\\\/\\\/pulso27.com\\\/en\\\/#\\\/schema\\\/logo\\\/image\\\/\"},\"sameAs\":[\"https:\\\/\\\/www.facebook.com\\\/pulso27\\\/\",\"https:\\\/\\\/x.com\\\/Pulso_27\",\"https:\\\/\\\/www.youtube.com\\\/@Pulso27\",\"https:\\\/\\\/www.tiktok.com\\\/@pulso_27\"]},{\"@type\":\"Person\",\"@id\":\"https:\\\/\\\/pulso27.com\\\/en\\\/#\\\/schema\\\/person\\\/bf5ee161e6c87f6c7d57f5e689ef8526\",\"name\":\"Redactor\",\"image\":{\"@type\":\"ImageObject\",\"inLanguage\":\"es-PE\",\"@id\":\"https:\\\/\\\/pulso27.com\\\/wp-content\\\/uploads\\\/2025\\\/03\\\/a-150x150.png\",\"url\":\"https:\\\/\\\/pulso27.com\\\/wp-content\\\/uploads\\\/2025\\\/03\\\/a-150x150.png\",\"contentUrl\":\"https:\\\/\\\/pulso27.com\\\/wp-content\\\/uploads\\\/2025\\\/03\\\/a-150x150.png\",\"caption\":\"Redactor\"},\"sameAs\":[\"http:\\\/\\\/www.pulso27.com\"],\"url\":\"https:\\\/\\\/pulso27.com\\\/es\\\/author\\\/redactor\\\/\"}]}<\/script>\n<!-- \/ Yoast SEO plugin. -->","yoast_head_json":{"title":"La maniobra de la JNJ para reinstalar a Patricia Benavides como Fiscal de la Naci\u00f3n desata indignaci\u00f3n en Per\u00fa - Pulso27","robots":{"index":"index","follow":"follow","max-snippet":"max-snippet:-1","max-image-preview":"max-image-preview:large","max-video-preview":"max-video-preview:-1"},"canonical":"https:\/\/pulso27.com\/es\/actualidad\/educacion\/la-maniobra-de-la-jnj-para-reinstalar-a-patricia-benavides-como-fiscal-de-la-nacion-desata-indignacion-en-peru\/","og_locale":"es_ES","og_type":"article","og_title":"La maniobra de la JNJ para reinstalar a Patricia Benavides como Fiscal de la Naci\u00f3n desata indignaci\u00f3n en Per\u00fa - Pulso27","og_description":"Lima, 16 de junio de 2025 \u2013 La decisi\u00f3n de la Junta Nacional de Justicia (JNJ) de anular la destituci\u00f3n de Patricia Benavides como Fiscal Suprema, reemplaz\u00e1ndola con una suspensi\u00f3n de apenas 60 d\u00edas, ha desatado una ola de cr\u00edticas y rechazo ciudadano en Per\u00fa. Esta resoluci\u00f3n, percibida como una maniobra orquestada por la derecha [&hellip;]","og_url":"https:\/\/pulso27.com\/es\/actualidad\/educacion\/la-maniobra-de-la-jnj-para-reinstalar-a-patricia-benavides-como-fiscal-de-la-nacion-desata-indignacion-en-peru\/","og_site_name":"Pulso27","article_publisher":"https:\/\/www.facebook.com\/pulso27\/","article_published_time":"2025-06-17T02:58:27+00:00","article_modified_time":"2025-06-17T02:58:32+00:00","og_image":[{"width":960,"height":600,"url":"https:\/\/pulso27.com\/wp-content\/uploads\/2025\/06\/PatriciaB.png","type":"image\/png"}],"author":"Redactor","twitter_card":"summary_large_image","twitter_creator":"@Pulso_27","twitter_site":"@Pulso_27","twitter_misc":{"Written by":"Redactor","Est. reading time":"4 minutos"},"schema":{"@context":"https:\/\/schema.org","@graph":[{"@type":"Article","@id":"https:\/\/pulso27.com\/actualidad\/educacion\/la-maniobra-de-la-jnj-para-reinstalar-a-patricia-benavides-como-fiscal-de-la-nacion-desata-indignacion-en-peru\/#article","isPartOf":{"@id":"https:\/\/pulso27.com\/actualidad\/educacion\/la-maniobra-de-la-jnj-para-reinstalar-a-patricia-benavides-como-fiscal-de-la-nacion-desata-indignacion-en-peru\/"},"author":{"name":"Redactor","@id":"https:\/\/pulso27.com\/en\/#\/schema\/person\/bf5ee161e6c87f6c7d57f5e689ef8526"},"headline":"La maniobra de la JNJ para reinstalar a Patricia Benavides como Fiscal de la Naci\u00f3n desata indignaci\u00f3n en Per\u00fa","datePublished":"2025-06-17T02:58:27+00:00","dateModified":"2025-06-17T02:58:32+00:00","mainEntityOfPage":{"@id":"https:\/\/pulso27.com\/actualidad\/educacion\/la-maniobra-de-la-jnj-para-reinstalar-a-patricia-benavides-como-fiscal-de-la-nacion-desata-indignacion-en-peru\/"},"wordCount":717,"commentCount":0,"publisher":{"@id":"https:\/\/pulso27.com\/en\/#organization"},"image":{"@id":"https:\/\/pulso27.com\/actualidad\/educacion\/la-maniobra-de-la-jnj-para-reinstalar-a-patricia-benavides-como-fiscal-de-la-nacion-desata-indignacion-en-peru\/#primaryimage"},"thumbnailUrl":"https:\/\/pulso27.com\/wp-content\/uploads\/2025\/06\/PatriciaB.png","keywords":["Fiscal\u00eda","Fiscal\u00edaDeLaNaci\u00f3n","Justicia","MinisterioDeJusticia","PatriciaBenavides"],"articleSection":["Educaci\u00f3n","Nacional"],"inLanguage":"es-PE","potentialAction":[{"@type":"CommentAction","name":"Comment","target":["https:\/\/pulso27.com\/actualidad\/educacion\/la-maniobra-de-la-jnj-para-reinstalar-a-patricia-benavides-como-fiscal-de-la-nacion-desata-indignacion-en-peru\/#respond"]}]},{"@type":"WebPage","@id":"https:\/\/pulso27.com\/actualidad\/educacion\/la-maniobra-de-la-jnj-para-reinstalar-a-patricia-benavides-como-fiscal-de-la-nacion-desata-indignacion-en-peru\/","url":"https:\/\/pulso27.com\/actualidad\/educacion\/la-maniobra-de-la-jnj-para-reinstalar-a-patricia-benavides-como-fiscal-de-la-nacion-desata-indignacion-en-peru\/","name":"La maniobra de la JNJ para reinstalar a Patricia Benavides como Fiscal de la Naci\u00f3n desata indignaci\u00f3n en Per\u00fa - Pulso27","isPartOf":{"@id":"https:\/\/pulso27.com\/en\/#website"},"primaryImageOfPage":{"@id":"https:\/\/pulso27.com\/actualidad\/educacion\/la-maniobra-de-la-jnj-para-reinstalar-a-patricia-benavides-como-fiscal-de-la-nacion-desata-indignacion-en-peru\/#primaryimage"},"image":{"@id":"https:\/\/pulso27.com\/actualidad\/educacion\/la-maniobra-de-la-jnj-para-reinstalar-a-patricia-benavides-como-fiscal-de-la-nacion-desata-indignacion-en-peru\/#primaryimage"},"thumbnailUrl":"https:\/\/pulso27.com\/wp-content\/uploads\/2025\/06\/PatriciaB.png","datePublished":"2025-06-17T02:58:27+00:00","dateModified":"2025-06-17T02:58:32+00:00","breadcrumb":{"@id":"https:\/\/pulso27.com\/actualidad\/educacion\/la-maniobra-de-la-jnj-para-reinstalar-a-patricia-benavides-como-fiscal-de-la-nacion-desata-indignacion-en-peru\/#breadcrumb"},"inLanguage":"es-PE","potentialAction":[{"@type":"ReadAction","target":["https:\/\/pulso27.com\/actualidad\/educacion\/la-maniobra-de-la-jnj-para-reinstalar-a-patricia-benavides-como-fiscal-de-la-nacion-desata-indignacion-en-peru\/"]}]},{"@type":"ImageObject","inLanguage":"es-PE","@id":"https:\/\/pulso27.com\/actualidad\/educacion\/la-maniobra-de-la-jnj-para-reinstalar-a-patricia-benavides-como-fiscal-de-la-nacion-desata-indignacion-en-peru\/#primaryimage","url":"https:\/\/pulso27.com\/wp-content\/uploads\/2025\/06\/PatriciaB.png","contentUrl":"https:\/\/pulso27.com\/wp-content\/uploads\/2025\/06\/PatriciaB.png","width":960,"height":600},{"@type":"BreadcrumbList","@id":"https:\/\/pulso27.com\/actualidad\/educacion\/la-maniobra-de-la-jnj-para-reinstalar-a-patricia-benavides-como-fiscal-de-la-nacion-desata-indignacion-en-peru\/#breadcrumb","itemListElement":[{"@type":"ListItem","position":1,"name":"Portada","item":"https:\/\/pulso27.com\/"},{"@type":"ListItem","position":2,"name":"La maniobra de la JNJ para reinstalar a Patricia Benavides como Fiscal de la Naci\u00f3n desata indignaci\u00f3n en Per\u00fa"}]},{"@type":"WebSite","@id":"https:\/\/pulso27.com\/en\/#website","url":"https:\/\/pulso27.com\/en\/","name":"Pulso27","description":"Web de noticias y publicidad","publisher":{"@id":"https:\/\/pulso27.com\/en\/#organization"},"alternateName":"El pulso del pueblo","potentialAction":[{"@type":"SearchAction","target":{"@type":"EntryPoint","urlTemplate":"https:\/\/pulso27.com\/en\/?s={search_term_string}"},"query-input":{"@type":"PropertyValueSpecification","valueRequired":true,"valueName":"search_term_string"}}],"inLanguage":"es-PE"},{"@type":"Organization","@id":"https:\/\/pulso27.com\/en\/#organization","name":"Pulso27","url":"https:\/\/pulso27.com\/en\/","logo":{"@type":"ImageObject","inLanguage":"es-PE","@id":"https:\/\/pulso27.com\/en\/#\/schema\/logo\/image\/","url":"https:\/\/pulso27.com\/wp-content\/uploads\/2026\/02\/Logotipo-de-la-organizacion-696-x-696-px-ok.png","contentUrl":"https:\/\/pulso27.com\/wp-content\/uploads\/2026\/02\/Logotipo-de-la-organizacion-696-x-696-px-ok.png","width":696,"height":696,"caption":"Pulso27"},"image":{"@id":"https:\/\/pulso27.com\/en\/#\/schema\/logo\/image\/"},"sameAs":["https:\/\/www.facebook.com\/pulso27\/","https:\/\/x.com\/Pulso_27","https:\/\/www.youtube.com\/@Pulso27","https:\/\/www.tiktok.com\/@pulso_27"]},{"@type":"Person","@id":"https:\/\/pulso27.com\/en\/#\/schema\/person\/bf5ee161e6c87f6c7d57f5e689ef8526","name":"Redactor","image":{"@type":"ImageObject","inLanguage":"es-PE","@id":"https:\/\/pulso27.com\/wp-content\/uploads\/2025\/03\/a-150x150.png","url":"https:\/\/pulso27.com\/wp-content\/uploads\/2025\/03\/a-150x150.png","contentUrl":"https:\/\/pulso27.com\/wp-content\/uploads\/2025\/03\/a-150x150.png","caption":"Redactor"},"sameAs":["http:\/\/www.pulso27.com"],"url":"https:\/\/pulso27.com\/es\/author\/redactor\/"}]}},"amp_enabled":true,"_links":{"self":[{"href":"https:\/\/pulso27.com\/es\/wp-json\/wp\/v2\/posts\/5650","targetHints":{"allow":["GET"]}}],"collection":[{"href":"https:\/\/pulso27.com\/es\/wp-json\/wp\/v2\/posts"}],"about":[{"href":"https:\/\/pulso27.com\/es\/wp-json\/wp\/v2\/types\/post"}],"author":[{"embeddable":true,"href":"https:\/\/pulso27.com\/es\/wp-json\/wp\/v2\/users\/13"}],"replies":[{"embeddable":true,"href":"https:\/\/pulso27.com\/es\/wp-json\/wp\/v2\/comments?post=5650"}],"version-history":[{"count":1,"href":"https:\/\/pulso27.com\/es\/wp-json\/wp\/v2\/posts\/5650\/revisions"}],"predecessor-version":[{"id":5656,"href":"https:\/\/pulso27.com\/es\/wp-json\/wp\/v2\/posts\/5650\/revisions\/5656"}],"wp:featuredmedia":[{"embeddable":true,"href":"https:\/\/pulso27.com\/es\/wp-json\/wp\/v2\/media\/5654"}],"wp:attachment":[{"href":"https:\/\/pulso27.com\/es\/wp-json\/wp\/v2\/media?parent=5650"}],"wp:term":[{"taxonomy":"category","embeddable":true,"href":"https:\/\/pulso27.com\/es\/wp-json\/wp\/v2\/categories?post=5650"},{"taxonomy":"post_tag","embeddable":true,"href":"https:\/\/pulso27.com\/es\/wp-json\/wp\/v2\/tags?post=5650"}],"curies":[{"name":"wp","href":"https:\/\/api.w.org\/{rel}","templated":true}]}}