{"id":5698,"date":"2025-06-18T21:00:57","date_gmt":"2025-06-18T16:00:57","guid":{"rendered":"https:\/\/pulso27.com\/?p=5698"},"modified":"2025-06-18T21:01:02","modified_gmt":"2025-06-18T16:01:02","slug":"comision-de-fiscalizacion-aprueba-informe-para-vacar-a-dina-boluarte-por-incapacidad-moral","status":"publish","type":"post","link":"https:\/\/pulso27.com\/es\/actualidad\/educacion\/comision-de-fiscalizacion-aprueba-informe-para-vacar-a-dina-boluarte-por-incapacidad-moral\/","title":{"rendered":"Comisi\u00f3n de Fiscalizaci\u00f3n aprueba informe para vacar a Dina Boluarte por incapacidad moral"},"content":{"rendered":"\n<p>Lima, 18 de junio de 2025 \u2013 La Comisi\u00f3n de Fiscalizaci\u00f3n del Congreso de la Rep\u00fablica aprob\u00f3 hoy, el informe final que recomienda la vacancia de la presidenta Dina Boluarte por \u00abincapacidad moral permanente\u00bb en el marco del caso \u00abCirug\u00edas\u00bb; con 9 votos a favor, 3 abstenciones y ninguno en contra de los miembros titulares y alternos.<\/p>\n\n\n\n<p>Seg\u00fan el documento, la mandataria incumpli\u00f3 su deber constitucional al no informar al Parlamento sobre su ausencia durante una cirug\u00eda est\u00e9tica, lo que el grupo investigador considera un abandono de funciones. La decisi\u00f3n, tomada en una sesi\u00f3n extraordinaria, marca un hito en el proceso que ahora pasar\u00e1 al Pleno del Congreso.<\/p>\n\n\n\n<p>El informe, respaldado por la mayor\u00eda de los miembros de la comisi\u00f3n, detalla que Boluarte no notific\u00f3 oficialmente su procedimiento m\u00e9dico, lo que gener\u00f3 cuestionamientos sobre la transparencia en su gesti\u00f3n. Durante la sesi\u00f3n, se presentaron pruebas y testimonios que sustentan la acusaci\u00f3n, incluyendo la falta de comunicaci\u00f3n formal al Legislativo. Este caso, conocido como \u00abCirug\u00edas\u00bb, se suma a investigaciones previas como el caso \u00abCofre\u00bb, aprobado el 6 de junio, pero la resoluci\u00f3n de hoy centra la atenci\u00f3n en la cirug\u00eda est\u00e9tica de la presidenta.<\/p>\n\n\n\n<figure class=\"wp-block-image size-full is-resized\"><img loading=\"lazy\" decoding=\"async\" width=\"640\" height=\"351\" src=\"https:\/\/pulso27.com\/wp-content\/uploads\/2025\/06\/image-44.png\" alt=\"\" class=\"wp-image-5699\" style=\"width:737px;height:auto\" srcset=\"https:\/\/pulso27.com\/wp-content\/uploads\/2025\/06\/image-44.png 640w, https:\/\/pulso27.com\/wp-content\/uploads\/2025\/06\/image-44-300x165.png 300w, https:\/\/pulso27.com\/wp-content\/uploads\/2025\/06\/image-44-18x10.png 18w\" sizes=\"auto, (max-width: 640px) 100vw, 640px\" \/><figcaption class=\"wp-element-caption\"><em>Los cambios que obtuvo Dina Boluarte luego de la cirug\u00eda est\u00e9tica a la que se someti\u00f3<\/em><\/figcaption><\/figure>\n\n\n\n<p>La aprobaci\u00f3n del informe ha intensificado la polarizaci\u00f3n pol\u00edtica en el pa\u00eds. Sectores de oposici\u00f3n, que lideraron la investigaci\u00f3n, argumentan que la conducta de Boluarte refleja una grave irresponsabilidad, mientras que sus aliados sostienen que la acusaci\u00f3n es desproporcionada y busca desestabilizar al gobierno. La decisi\u00f3n de la Comisi\u00f3n de Fiscalizaci\u00f3n, encabezada por congresistas cr\u00edticos al Ejecutivo, ha generado un fuerte debate sobre las implicancias de un posible proceso de vacancia.<\/p>\n\n\n\n<p>El siguiente paso ser\u00e1 la discusi\u00f3n del informe en el Pleno del Congreso, donde se requerir\u00e1n 87 votos para aprobar la destituci\u00f3n de la presidenta. Este proceso podr\u00eda extenderse debido a las negociaciones entre bancadas y la compleja coyuntura pol\u00edtica. Mientras tanto, la ciudadan\u00eda sigue de cerca los acontecimientos, en un contexto de creciente incertidumbre sobre el futuro del gobierno de Boluarte.<\/p>\n","protected":false},"excerpt":{"rendered":"<p>Lima, 18 de junio de 2025 \u2013 La Comisi\u00f3n de Fiscalizaci\u00f3n del Congreso de la Rep\u00fablica aprob\u00f3 hoy, el informe final que recomienda la vacancia de la presidenta Dina Boluarte por \u00abincapacidad moral permanente\u00bb en el marco del caso \u00abCirug\u00edas\u00bb; con 9 votos a favor, 3 abstenciones y ninguno en contra de los miembros titulares [&hellip;]<\/p>\n","protected":false},"author":13,"featured_media":5701,"comment_status":"open","ping_status":"open","sticky":false,"template":"","format":"standard","meta":{"footnotes":""},"categories":[808,174],"tags":[2061,839,1849,627],"class_list":["post-5698","post","type-post","status-publish","format-standard","has-post-thumbnail","hentry","category-educacion","category-nacional","tag-comisiondefiscalizacion","tag-congresoperu","tag-dinaboluarte","tag-vacancia"],"yoast_head":"<!-- This site is optimized with the Yoast SEO plugin v27.4 - https:\/\/yoast.com\/product\/yoast-seo-wordpress\/ -->\n<title>Comisi\u00f3n de Fiscalizaci\u00f3n aprueba informe para vacar a Dina Boluarte por incapacidad moral - Pulso27<\/title>\n<meta name=\"robots\" content=\"index, follow, max-snippet:-1, max-image-preview:large, max-video-preview:-1\" \/>\n<link rel=\"canonical\" href=\"https:\/\/pulso27.com\/es\/actualidad\/educacion\/comision-de-fiscalizacion-aprueba-informe-para-vacar-a-dina-boluarte-por-incapacidad-moral\/\" \/>\n<meta property=\"og:locale\" content=\"es_ES\" \/>\n<meta property=\"og:type\" content=\"article\" \/>\n<meta property=\"og:title\" content=\"Comisi\u00f3n de Fiscalizaci\u00f3n aprueba informe para vacar a Dina Boluarte por incapacidad moral - Pulso27\" \/>\n<meta property=\"og:description\" content=\"Lima, 18 de junio de 2025 \u2013 La Comisi\u00f3n de Fiscalizaci\u00f3n del Congreso de la Rep\u00fablica aprob\u00f3 hoy, el informe final que recomienda la vacancia de la presidenta Dina Boluarte por \u00abincapacidad moral permanente\u00bb en el marco del caso \u00abCirug\u00edas\u00bb; con 9 votos a favor, 3 abstenciones y ninguno en contra de los miembros titulares [&hellip;]\" \/>\n<meta property=\"og:url\" content=\"https:\/\/pulso27.com\/es\/actualidad\/educacion\/comision-de-fiscalizacion-aprueba-informe-para-vacar-a-dina-boluarte-por-incapacidad-moral\/\" \/>\n<meta property=\"og:site_name\" content=\"Pulso27\" \/>\n<meta property=\"article:publisher\" content=\"https:\/\/www.facebook.com\/pulso27\/\" \/>\n<meta property=\"article:published_time\" content=\"2025-06-18T16:00:57+00:00\" \/>\n<meta property=\"article:modified_time\" content=\"2025-06-18T16:01:02+00:00\" \/>\n<meta property=\"og:image\" content=\"https:\/\/pulso27.com\/wp-content\/uploads\/2025\/06\/DinaB.png\" \/>\n\t<meta property=\"og:image:width\" content=\"960\" \/>\n\t<meta property=\"og:image:height\" content=\"600\" \/>\n\t<meta property=\"og:image:type\" content=\"image\/png\" \/>\n<meta name=\"author\" content=\"Redactor\" \/>\n<meta name=\"twitter:card\" content=\"summary_large_image\" \/>\n<meta name=\"twitter:creator\" content=\"@Pulso_27\" \/>\n<meta name=\"twitter:site\" content=\"@Pulso_27\" \/>\n<meta name=\"twitter:label1\" content=\"Written by\" \/>\n\t<meta name=\"twitter:data1\" content=\"Redactor\" \/>\n\t<meta name=\"twitter:label2\" content=\"Est. reading time\" \/>\n\t<meta name=\"twitter:data2\" content=\"2 minutos\" \/>\n<script type=\"application\/ld+json\" class=\"yoast-schema-graph\">{\"@context\":\"https:\\\/\\\/schema.org\",\"@graph\":[{\"@type\":\"Article\",\"@id\":\"https:\\\/\\\/pulso27.com\\\/actualidad\\\/educacion\\\/comision-de-fiscalizacion-aprueba-informe-para-vacar-a-dina-boluarte-por-incapacidad-moral\\\/#article\",\"isPartOf\":{\"@id\":\"https:\\\/\\\/pulso27.com\\\/actualidad\\\/educacion\\\/comision-de-fiscalizacion-aprueba-informe-para-vacar-a-dina-boluarte-por-incapacidad-moral\\\/\"},\"author\":{\"name\":\"Redactor\",\"@id\":\"https:\\\/\\\/pulso27.com\\\/en\\\/#\\\/schema\\\/person\\\/bf5ee161e6c87f6c7d57f5e689ef8526\"},\"headline\":\"Comisi\u00f3n de Fiscalizaci\u00f3n aprueba informe para vacar a Dina Boluarte por incapacidad moral\",\"datePublished\":\"2025-06-18T16:00:57+00:00\",\"dateModified\":\"2025-06-18T16:01:02+00:00\",\"mainEntityOfPage\":{\"@id\":\"https:\\\/\\\/pulso27.com\\\/actualidad\\\/educacion\\\/comision-de-fiscalizacion-aprueba-informe-para-vacar-a-dina-boluarte-por-incapacidad-moral\\\/\"},\"wordCount\":390,\"commentCount\":0,\"publisher\":{\"@id\":\"https:\\\/\\\/pulso27.com\\\/en\\\/#organization\"},\"image\":{\"@id\":\"https:\\\/\\\/pulso27.com\\\/actualidad\\\/educacion\\\/comision-de-fiscalizacion-aprueba-informe-para-vacar-a-dina-boluarte-por-incapacidad-moral\\\/#primaryimage\"},\"thumbnailUrl\":\"https:\\\/\\\/pulso27.com\\\/wp-content\\\/uploads\\\/2025\\\/06\\\/DinaB.png\",\"keywords\":[\"Comisi\u00f3nDeFiscalizaci\u00f3n\",\"CongresoPer\u00fa\",\"DinaBoluarte\",\"Vacancia\"],\"articleSection\":[\"Educaci\u00f3n\",\"Nacional\"],\"inLanguage\":\"es-PE\",\"potentialAction\":[{\"@type\":\"CommentAction\",\"name\":\"Comment\",\"target\":[\"https:\\\/\\\/pulso27.com\\\/actualidad\\\/educacion\\\/comision-de-fiscalizacion-aprueba-informe-para-vacar-a-dina-boluarte-por-incapacidad-moral\\\/#respond\"]}]},{\"@type\":\"WebPage\",\"@id\":\"https:\\\/\\\/pulso27.com\\\/actualidad\\\/educacion\\\/comision-de-fiscalizacion-aprueba-informe-para-vacar-a-dina-boluarte-por-incapacidad-moral\\\/\",\"url\":\"https:\\\/\\\/pulso27.com\\\/actualidad\\\/educacion\\\/comision-de-fiscalizacion-aprueba-informe-para-vacar-a-dina-boluarte-por-incapacidad-moral\\\/\",\"name\":\"Comisi\u00f3n de Fiscalizaci\u00f3n aprueba informe para vacar a Dina Boluarte por incapacidad moral - Pulso27\",\"isPartOf\":{\"@id\":\"https:\\\/\\\/pulso27.com\\\/en\\\/#website\"},\"primaryImageOfPage\":{\"@id\":\"https:\\\/\\\/pulso27.com\\\/actualidad\\\/educacion\\\/comision-de-fiscalizacion-aprueba-informe-para-vacar-a-dina-boluarte-por-incapacidad-moral\\\/#primaryimage\"},\"image\":{\"@id\":\"https:\\\/\\\/pulso27.com\\\/actualidad\\\/educacion\\\/comision-de-fiscalizacion-aprueba-informe-para-vacar-a-dina-boluarte-por-incapacidad-moral\\\/#primaryimage\"},\"thumbnailUrl\":\"https:\\\/\\\/pulso27.com\\\/wp-content\\\/uploads\\\/2025\\\/06\\\/DinaB.png\",\"datePublished\":\"2025-06-18T16:00:57+00:00\",\"dateModified\":\"2025-06-18T16:01:02+00:00\",\"breadcrumb\":{\"@id\":\"https:\\\/\\\/pulso27.com\\\/actualidad\\\/educacion\\\/comision-de-fiscalizacion-aprueba-informe-para-vacar-a-dina-boluarte-por-incapacidad-moral\\\/#breadcrumb\"},\"inLanguage\":\"es-PE\",\"potentialAction\":[{\"@type\":\"ReadAction\",\"target\":[\"https:\\\/\\\/pulso27.com\\\/actualidad\\\/educacion\\\/comision-de-fiscalizacion-aprueba-informe-para-vacar-a-dina-boluarte-por-incapacidad-moral\\\/\"]}]},{\"@type\":\"ImageObject\",\"inLanguage\":\"es-PE\",\"@id\":\"https:\\\/\\\/pulso27.com\\\/actualidad\\\/educacion\\\/comision-de-fiscalizacion-aprueba-informe-para-vacar-a-dina-boluarte-por-incapacidad-moral\\\/#primaryimage\",\"url\":\"https:\\\/\\\/pulso27.com\\\/wp-content\\\/uploads\\\/2025\\\/06\\\/DinaB.png\",\"contentUrl\":\"https:\\\/\\\/pulso27.com\\\/wp-content\\\/uploads\\\/2025\\\/06\\\/DinaB.png\",\"width\":960,\"height\":600},{\"@type\":\"BreadcrumbList\",\"@id\":\"https:\\\/\\\/pulso27.com\\\/actualidad\\\/educacion\\\/comision-de-fiscalizacion-aprueba-informe-para-vacar-a-dina-boluarte-por-incapacidad-moral\\\/#breadcrumb\",\"itemListElement\":[{\"@type\":\"ListItem\",\"position\":1,\"name\":\"Portada\",\"item\":\"https:\\\/\\\/pulso27.com\\\/\"},{\"@type\":\"ListItem\",\"position\":2,\"name\":\"Comisi\u00f3n de Fiscalizaci\u00f3n aprueba informe para vacar a Dina Boluarte por incapacidad moral\"}]},{\"@type\":\"WebSite\",\"@id\":\"https:\\\/\\\/pulso27.com\\\/en\\\/#website\",\"url\":\"https:\\\/\\\/pulso27.com\\\/en\\\/\",\"name\":\"Pulso27\",\"description\":\"Web de noticias y publicidad\",\"publisher\":{\"@id\":\"https:\\\/\\\/pulso27.com\\\/en\\\/#organization\"},\"alternateName\":\"El pulso del pueblo\",\"potentialAction\":[{\"@type\":\"SearchAction\",\"target\":{\"@type\":\"EntryPoint\",\"urlTemplate\":\"https:\\\/\\\/pulso27.com\\\/en\\\/?s={search_term_string}\"},\"query-input\":{\"@type\":\"PropertyValueSpecification\",\"valueRequired\":true,\"valueName\":\"search_term_string\"}}],\"inLanguage\":\"es-PE\"},{\"@type\":\"Organization\",\"@id\":\"https:\\\/\\\/pulso27.com\\\/en\\\/#organization\",\"name\":\"Pulso27\",\"url\":\"https:\\\/\\\/pulso27.com\\\/en\\\/\",\"logo\":{\"@type\":\"ImageObject\",\"inLanguage\":\"es-PE\",\"@id\":\"https:\\\/\\\/pulso27.com\\\/en\\\/#\\\/schema\\\/logo\\\/image\\\/\",\"url\":\"https:\\\/\\\/pulso27.com\\\/wp-content\\\/uploads\\\/2026\\\/02\\\/Logotipo-de-la-organizacion-696-x-696-px-ok.png\",\"contentUrl\":\"https:\\\/\\\/pulso27.com\\\/wp-content\\\/uploads\\\/2026\\\/02\\\/Logotipo-de-la-organizacion-696-x-696-px-ok.png\",\"width\":696,\"height\":696,\"caption\":\"Pulso27\"},\"image\":{\"@id\":\"https:\\\/\\\/pulso27.com\\\/en\\\/#\\\/schema\\\/logo\\\/image\\\/\"},\"sameAs\":[\"https:\\\/\\\/www.facebook.com\\\/pulso27\\\/\",\"https:\\\/\\\/x.com\\\/Pulso_27\",\"https:\\\/\\\/www.youtube.com\\\/@Pulso27\",\"https:\\\/\\\/www.tiktok.com\\\/@pulso_27\"]},{\"@type\":\"Person\",\"@id\":\"https:\\\/\\\/pulso27.com\\\/en\\\/#\\\/schema\\\/person\\\/bf5ee161e6c87f6c7d57f5e689ef8526\",\"name\":\"Redactor\",\"image\":{\"@type\":\"ImageObject\",\"inLanguage\":\"es-PE\",\"@id\":\"https:\\\/\\\/pulso27.com\\\/wp-content\\\/uploads\\\/2025\\\/03\\\/a-150x150.png\",\"url\":\"https:\\\/\\\/pulso27.com\\\/wp-content\\\/uploads\\\/2025\\\/03\\\/a-150x150.png\",\"contentUrl\":\"https:\\\/\\\/pulso27.com\\\/wp-content\\\/uploads\\\/2025\\\/03\\\/a-150x150.png\",\"caption\":\"Redactor\"},\"sameAs\":[\"http:\\\/\\\/www.pulso27.com\"],\"url\":\"https:\\\/\\\/pulso27.com\\\/es\\\/author\\\/redactor\\\/\"}]}<\/script>\n<!-- \/ Yoast SEO plugin. -->","yoast_head_json":{"title":"Comisi\u00f3n de Fiscalizaci\u00f3n aprueba informe para vacar a Dina Boluarte por incapacidad moral - Pulso27","robots":{"index":"index","follow":"follow","max-snippet":"max-snippet:-1","max-image-preview":"max-image-preview:large","max-video-preview":"max-video-preview:-1"},"canonical":"https:\/\/pulso27.com\/es\/actualidad\/educacion\/comision-de-fiscalizacion-aprueba-informe-para-vacar-a-dina-boluarte-por-incapacidad-moral\/","og_locale":"es_ES","og_type":"article","og_title":"Comisi\u00f3n de Fiscalizaci\u00f3n aprueba informe para vacar a Dina Boluarte por incapacidad moral - Pulso27","og_description":"Lima, 18 de junio de 2025 \u2013 La Comisi\u00f3n de Fiscalizaci\u00f3n del Congreso de la Rep\u00fablica aprob\u00f3 hoy, el informe final que recomienda la vacancia de la presidenta Dina Boluarte por \u00abincapacidad moral permanente\u00bb en el marco del caso \u00abCirug\u00edas\u00bb; con 9 votos a favor, 3 abstenciones y ninguno en contra de los miembros titulares [&hellip;]","og_url":"https:\/\/pulso27.com\/es\/actualidad\/educacion\/comision-de-fiscalizacion-aprueba-informe-para-vacar-a-dina-boluarte-por-incapacidad-moral\/","og_site_name":"Pulso27","article_publisher":"https:\/\/www.facebook.com\/pulso27\/","article_published_time":"2025-06-18T16:00:57+00:00","article_modified_time":"2025-06-18T16:01:02+00:00","og_image":[{"width":960,"height":600,"url":"https:\/\/pulso27.com\/wp-content\/uploads\/2025\/06\/DinaB.png","type":"image\/png"}],"author":"Redactor","twitter_card":"summary_large_image","twitter_creator":"@Pulso_27","twitter_site":"@Pulso_27","twitter_misc":{"Written by":"Redactor","Est. reading time":"2 minutos"},"schema":{"@context":"https:\/\/schema.org","@graph":[{"@type":"Article","@id":"https:\/\/pulso27.com\/actualidad\/educacion\/comision-de-fiscalizacion-aprueba-informe-para-vacar-a-dina-boluarte-por-incapacidad-moral\/#article","isPartOf":{"@id":"https:\/\/pulso27.com\/actualidad\/educacion\/comision-de-fiscalizacion-aprueba-informe-para-vacar-a-dina-boluarte-por-incapacidad-moral\/"},"author":{"name":"Redactor","@id":"https:\/\/pulso27.com\/en\/#\/schema\/person\/bf5ee161e6c87f6c7d57f5e689ef8526"},"headline":"Comisi\u00f3n de Fiscalizaci\u00f3n aprueba informe para vacar a Dina Boluarte por incapacidad moral","datePublished":"2025-06-18T16:00:57+00:00","dateModified":"2025-06-18T16:01:02+00:00","mainEntityOfPage":{"@id":"https:\/\/pulso27.com\/actualidad\/educacion\/comision-de-fiscalizacion-aprueba-informe-para-vacar-a-dina-boluarte-por-incapacidad-moral\/"},"wordCount":390,"commentCount":0,"publisher":{"@id":"https:\/\/pulso27.com\/en\/#organization"},"image":{"@id":"https:\/\/pulso27.com\/actualidad\/educacion\/comision-de-fiscalizacion-aprueba-informe-para-vacar-a-dina-boluarte-por-incapacidad-moral\/#primaryimage"},"thumbnailUrl":"https:\/\/pulso27.com\/wp-content\/uploads\/2025\/06\/DinaB.png","keywords":["Comisi\u00f3nDeFiscalizaci\u00f3n","CongresoPer\u00fa","DinaBoluarte","Vacancia"],"articleSection":["Educaci\u00f3n","Nacional"],"inLanguage":"es-PE","potentialAction":[{"@type":"CommentAction","name":"Comment","target":["https:\/\/pulso27.com\/actualidad\/educacion\/comision-de-fiscalizacion-aprueba-informe-para-vacar-a-dina-boluarte-por-incapacidad-moral\/#respond"]}]},{"@type":"WebPage","@id":"https:\/\/pulso27.com\/actualidad\/educacion\/comision-de-fiscalizacion-aprueba-informe-para-vacar-a-dina-boluarte-por-incapacidad-moral\/","url":"https:\/\/pulso27.com\/actualidad\/educacion\/comision-de-fiscalizacion-aprueba-informe-para-vacar-a-dina-boluarte-por-incapacidad-moral\/","name":"Comisi\u00f3n de Fiscalizaci\u00f3n aprueba informe para vacar a Dina Boluarte por incapacidad moral - Pulso27","isPartOf":{"@id":"https:\/\/pulso27.com\/en\/#website"},"primaryImageOfPage":{"@id":"https:\/\/pulso27.com\/actualidad\/educacion\/comision-de-fiscalizacion-aprueba-informe-para-vacar-a-dina-boluarte-por-incapacidad-moral\/#primaryimage"},"image":{"@id":"https:\/\/pulso27.com\/actualidad\/educacion\/comision-de-fiscalizacion-aprueba-informe-para-vacar-a-dina-boluarte-por-incapacidad-moral\/#primaryimage"},"thumbnailUrl":"https:\/\/pulso27.com\/wp-content\/uploads\/2025\/06\/DinaB.png","datePublished":"2025-06-18T16:00:57+00:00","dateModified":"2025-06-18T16:01:02+00:00","breadcrumb":{"@id":"https:\/\/pulso27.com\/actualidad\/educacion\/comision-de-fiscalizacion-aprueba-informe-para-vacar-a-dina-boluarte-por-incapacidad-moral\/#breadcrumb"},"inLanguage":"es-PE","potentialAction":[{"@type":"ReadAction","target":["https:\/\/pulso27.com\/actualidad\/educacion\/comision-de-fiscalizacion-aprueba-informe-para-vacar-a-dina-boluarte-por-incapacidad-moral\/"]}]},{"@type":"ImageObject","inLanguage":"es-PE","@id":"https:\/\/pulso27.com\/actualidad\/educacion\/comision-de-fiscalizacion-aprueba-informe-para-vacar-a-dina-boluarte-por-incapacidad-moral\/#primaryimage","url":"https:\/\/pulso27.com\/wp-content\/uploads\/2025\/06\/DinaB.png","contentUrl":"https:\/\/pulso27.com\/wp-content\/uploads\/2025\/06\/DinaB.png","width":960,"height":600},{"@type":"BreadcrumbList","@id":"https:\/\/pulso27.com\/actualidad\/educacion\/comision-de-fiscalizacion-aprueba-informe-para-vacar-a-dina-boluarte-por-incapacidad-moral\/#breadcrumb","itemListElement":[{"@type":"ListItem","position":1,"name":"Portada","item":"https:\/\/pulso27.com\/"},{"@type":"ListItem","position":2,"name":"Comisi\u00f3n de Fiscalizaci\u00f3n aprueba informe para vacar a Dina Boluarte por incapacidad moral"}]},{"@type":"WebSite","@id":"https:\/\/pulso27.com\/en\/#website","url":"https:\/\/pulso27.com\/en\/","name":"Pulso27","description":"Web de noticias y publicidad","publisher":{"@id":"https:\/\/pulso27.com\/en\/#organization"},"alternateName":"El pulso del pueblo","potentialAction":[{"@type":"SearchAction","target":{"@type":"EntryPoint","urlTemplate":"https:\/\/pulso27.com\/en\/?s={search_term_string}"},"query-input":{"@type":"PropertyValueSpecification","valueRequired":true,"valueName":"search_term_string"}}],"inLanguage":"es-PE"},{"@type":"Organization","@id":"https:\/\/pulso27.com\/en\/#organization","name":"Pulso27","url":"https:\/\/pulso27.com\/en\/","logo":{"@type":"ImageObject","inLanguage":"es-PE","@id":"https:\/\/pulso27.com\/en\/#\/schema\/logo\/image\/","url":"https:\/\/pulso27.com\/wp-content\/uploads\/2026\/02\/Logotipo-de-la-organizacion-696-x-696-px-ok.png","contentUrl":"https:\/\/pulso27.com\/wp-content\/uploads\/2026\/02\/Logotipo-de-la-organizacion-696-x-696-px-ok.png","width":696,"height":696,"caption":"Pulso27"},"image":{"@id":"https:\/\/pulso27.com\/en\/#\/schema\/logo\/image\/"},"sameAs":["https:\/\/www.facebook.com\/pulso27\/","https:\/\/x.com\/Pulso_27","https:\/\/www.youtube.com\/@Pulso27","https:\/\/www.tiktok.com\/@pulso_27"]},{"@type":"Person","@id":"https:\/\/pulso27.com\/en\/#\/schema\/person\/bf5ee161e6c87f6c7d57f5e689ef8526","name":"Redactor","image":{"@type":"ImageObject","inLanguage":"es-PE","@id":"https:\/\/pulso27.com\/wp-content\/uploads\/2025\/03\/a-150x150.png","url":"https:\/\/pulso27.com\/wp-content\/uploads\/2025\/03\/a-150x150.png","contentUrl":"https:\/\/pulso27.com\/wp-content\/uploads\/2025\/03\/a-150x150.png","caption":"Redactor"},"sameAs":["http:\/\/www.pulso27.com"],"url":"https:\/\/pulso27.com\/es\/author\/redactor\/"}]}},"amp_enabled":true,"_links":{"self":[{"href":"https:\/\/pulso27.com\/es\/wp-json\/wp\/v2\/posts\/5698","targetHints":{"allow":["GET"]}}],"collection":[{"href":"https:\/\/pulso27.com\/es\/wp-json\/wp\/v2\/posts"}],"about":[{"href":"https:\/\/pulso27.com\/es\/wp-json\/wp\/v2\/types\/post"}],"author":[{"embeddable":true,"href":"https:\/\/pulso27.com\/es\/wp-json\/wp\/v2\/users\/13"}],"replies":[{"embeddable":true,"href":"https:\/\/pulso27.com\/es\/wp-json\/wp\/v2\/comments?post=5698"}],"version-history":[{"count":1,"href":"https:\/\/pulso27.com\/es\/wp-json\/wp\/v2\/posts\/5698\/revisions"}],"predecessor-version":[{"id":5700,"href":"https:\/\/pulso27.com\/es\/wp-json\/wp\/v2\/posts\/5698\/revisions\/5700"}],"wp:featuredmedia":[{"embeddable":true,"href":"https:\/\/pulso27.com\/es\/wp-json\/wp\/v2\/media\/5701"}],"wp:attachment":[{"href":"https:\/\/pulso27.com\/es\/wp-json\/wp\/v2\/media?parent=5698"}],"wp:term":[{"taxonomy":"category","embeddable":true,"href":"https:\/\/pulso27.com\/es\/wp-json\/wp\/v2\/categories?post=5698"},{"taxonomy":"post_tag","embeddable":true,"href":"https:\/\/pulso27.com\/es\/wp-json\/wp\/v2\/tags?post=5698"}],"curies":[{"name":"wp","href":"https:\/\/api.w.org\/{rel}","templated":true}]}}