{"id":5706,"date":"2025-06-20T10:19:36","date_gmt":"2025-06-20T05:19:36","guid":{"rendered":"https:\/\/pulso27.com\/?p=5706"},"modified":"2025-06-20T10:20:08","modified_gmt":"2025-06-20T05:20:08","slug":"motociclistas-marchan-contra-norma-aprobada-por-el-gobierno-que-los-obliga-a-usar-chalecos-con-placa","status":"publish","type":"post","link":"https:\/\/pulso27.com\/es\/actualidad\/policial\/motociclistas-marchan-contra-norma-aprobada-por-el-gobierno-que-los-obliga-a-usar-chalecos-con-placa\/","title":{"rendered":"Motociclistas marchan contra norma aprobada por el Gobierno que los obliga a usar chalecos con placa"},"content":{"rendered":"\n<p>Este jueves 19 de junio, miles de motociclistas se movilizaron en distintas regiones del pa\u00eds en protesta contra el Decreto Supremo 006 2025 MTC, norma que obliga al uso de chalecos retrorreflectantes con el n\u00famero de placa visible, as\u00ed como cascos con caracter\u00edsticas t\u00e9cnicas espec\u00edficas. La medida, que ya rige en Lima y Callao desde mayo y se aplicar\u00e1 a nivel nacional desde el 22 de junio, ha generado el rechazo de gremios como la Asociaci\u00f3n de Motociclistas del Per\u00fa (Asmope) y la Asociaci\u00f3n de Hermanos Motociclistas Unidos del Per\u00fa (AHMUP).<\/p>\n\n\n\n<p>Las marchas se desarrollaron de forma pac\u00edfica en ciudades como Arequipa, Trujillo, Chiclayo, Hu\u00e1nuco, Ica, Jun\u00edn, Tumbes y Piura. En Lima, cientos de motociclistas se concentraron en el Campo de Marte desde las cinco de la tarde y recorrieron diversas avenidas hasta llegar al frontis del Ministerio del Interior. Los manifestantes denunciaron que la norma vulnera su derecho al libre tr\u00e1nsito y al trabajo, y pidieron su inmediata derogaci\u00f3n. <\/p>\n\n\n\n<figure class=\"wp-block-embed is-type-video is-provider-youtube wp-block-embed-youtube wp-embed-aspect-16-9 wp-has-aspect-ratio\"><div class=\"wp-block-embed__wrapper\">\n<div class=\"container-lazyload preview-lazyload container-youtube js-lazyload--not-loaded\"><a href=\"https:\/\/youtu.be\/2XmJiyNbWMs\" class=\"lazy-load-youtube preview-lazyload preview-youtube\" data-video-title=\"Motociclistas marchan a nivel nacional contra norma que los obliga a usar chalecos con placa\" title=\"Play video &quot;Motociclistas marchan a nivel nacional contra norma que los obliga a usar chalecos con placa&quot;\">https:\/\/youtu.be\/2XmJiyNbWMs<\/a><noscript>Video can&#8217;t be loaded because JavaScript is disabled: <a href=\"https:\/\/youtu.be\/2XmJiyNbWMs\" title=\"Motociclistas marchan a nivel nacional contra norma que los obliga a usar chalecos con placa\">Motociclistas marchan a nivel nacional contra norma que los obliga a usar chalecos con placa (https:\/\/youtu.be\/2XmJiyNbWMs)<\/a><\/noscript><\/div>\n<\/div><\/figure>\n\n\n\n<p>Los representantes de los gremios aseguran que el reglamento no contribuye a reducir la delincuencia, como sostiene el Ejecutivo, sino que m\u00e1s bien estigmatiza a quienes se desplazan en motocicleta. Adem\u00e1s, cuestionan que se sancione con multas el simple hecho de cubrir la placa con mochilas o morrales, sin tener en cuenta el contexto de los trabajadores de reparto o mensajer\u00eda. <\/p>\n\n\n\n<p>Una de las principales cr\u00edticas fue dirigida al Ministerio del Interior, entidad a la que acusan de negarse a dialogar con los representantes del gremio. Seg\u00fan Asmope, el Ministerio de Transportes y Comunicaciones (MTC) ha reconocido que la norma no tiene un sustento t\u00e9cnico real en materia de seguridad vial, pero hasta el momento no se ha concretado una mesa de di\u00e1logo para revisar o modificar la disposici\u00f3n.<\/p>\n\n\n\n<figure class=\"wp-block-image size-large\"><img loading=\"lazy\" decoding=\"async\" width=\"1006\" height=\"1024\" src=\"https:\/\/pulso27.com\/wp-content\/uploads\/2025\/06\/image-45-1006x1024.png\" alt=\"\" class=\"wp-image-5708\" srcset=\"https:\/\/pulso27.com\/wp-content\/uploads\/2025\/06\/image-45-1006x1024.png 1006w, https:\/\/pulso27.com\/wp-content\/uploads\/2025\/06\/image-45-295x300.png 295w, https:\/\/pulso27.com\/wp-content\/uploads\/2025\/06\/image-45-768x782.png 768w, https:\/\/pulso27.com\/wp-content\/uploads\/2025\/06\/image-45-12x12.png 12w, https:\/\/pulso27.com\/wp-content\/uploads\/2025\/06\/image-45-80x80.png 80w, https:\/\/pulso27.com\/wp-content\/uploads\/2025\/06\/image-45.png 1080w\" sizes=\"auto, (max-width: 1006px) 100vw, 1006px\" \/><figcaption class=\"wp-element-caption\"><em>Convocatoria similares fueron difundidos en las redes por lo afectados por la norma promulgada por el Ejecutivo<\/em><\/figcaption><\/figure>\n\n\n\n<p>Los motociclistas anunciaron que, de no obtener una respuesta favorable, continuar\u00e1n con nuevas movilizaciones a nivel nacional. Asimismo, recordaron que ya se ha presentado una acci\u00f3n popular ante el Poder Judicial para que la norma sea declarada inconstitucional, por considerar que vulnera derechos fundamentales. Exigen al gobierno que escuche sus demandas y adopte soluciones que realmente enfrenten la inseguridad ciudadana, sin criminalizar a todo un sector.<\/p>\n","protected":false},"excerpt":{"rendered":"<p>Este jueves 19 de junio, miles de motociclistas se movilizaron en distintas regiones del pa\u00eds en protesta contra el Decreto Supremo 006 2025 MTC, norma que obliga al uso de chalecos retrorreflectantes con el n\u00famero de placa visible, as\u00ed como cascos con caracter\u00edsticas t\u00e9cnicas espec\u00edficas. La medida, que ya rige en Lima y Callao desde [&hellip;]<\/p>\n","protected":false},"author":13,"featured_media":5709,"comment_status":"open","ping_status":"open","sticky":false,"template":"","format":"standard","meta":{"footnotes":""},"categories":[174,178],"tags":[2346,2345,1126],"class_list":["post-5706","post","type-post","status-publish","format-standard","has-post-thumbnail","hentry","category-nacional","category-policial","tag-chalecos","tag-motociclistas","tag-movilizacionnacional"],"yoast_head":"<!-- This site is optimized with the Yoast SEO plugin v27.4 - https:\/\/yoast.com\/product\/yoast-seo-wordpress\/ -->\n<title>Motociclistas marchan contra norma aprobada por el Gobierno que los obliga a usar chalecos con placa - Pulso27<\/title>\n<meta name=\"robots\" content=\"index, follow, max-snippet:-1, max-image-preview:large, max-video-preview:-1\" \/>\n<link rel=\"canonical\" href=\"https:\/\/pulso27.com\/es\/actualidad\/policial\/motociclistas-marchan-contra-norma-aprobada-por-el-gobierno-que-los-obliga-a-usar-chalecos-con-placa\/\" \/>\n<meta property=\"og:locale\" content=\"es_ES\" \/>\n<meta property=\"og:type\" content=\"article\" \/>\n<meta property=\"og:title\" content=\"Motociclistas marchan contra norma aprobada por el Gobierno que los obliga a usar chalecos con placa - Pulso27\" \/>\n<meta property=\"og:description\" content=\"Este jueves 19 de junio, miles de motociclistas se movilizaron en distintas regiones del pa\u00eds en protesta contra el Decreto Supremo 006 2025 MTC, norma que obliga al uso de chalecos retrorreflectantes con el n\u00famero de placa visible, as\u00ed como cascos con caracter\u00edsticas t\u00e9cnicas espec\u00edficas. La medida, que ya rige en Lima y Callao desde [&hellip;]\" \/>\n<meta property=\"og:url\" content=\"https:\/\/pulso27.com\/es\/actualidad\/policial\/motociclistas-marchan-contra-norma-aprobada-por-el-gobierno-que-los-obliga-a-usar-chalecos-con-placa\/\" \/>\n<meta property=\"og:site_name\" content=\"Pulso27\" \/>\n<meta property=\"article:publisher\" content=\"https:\/\/www.facebook.com\/pulso27\/\" \/>\n<meta property=\"article:published_time\" content=\"2025-06-20T05:19:36+00:00\" \/>\n<meta property=\"article:modified_time\" content=\"2025-06-20T05:20:08+00:00\" \/>\n<meta property=\"og:image\" content=\"https:\/\/pulso27.com\/wp-content\/uploads\/2025\/06\/Motociclista.png\" \/>\n\t<meta property=\"og:image:width\" content=\"960\" \/>\n\t<meta property=\"og:image:height\" content=\"600\" \/>\n\t<meta property=\"og:image:type\" content=\"image\/png\" \/>\n<meta name=\"author\" content=\"Redactor\" \/>\n<meta name=\"twitter:card\" content=\"summary_large_image\" \/>\n<meta name=\"twitter:creator\" content=\"@Pulso_27\" \/>\n<meta name=\"twitter:site\" content=\"@Pulso_27\" \/>\n<meta name=\"twitter:label1\" content=\"Written by\" \/>\n\t<meta name=\"twitter:data1\" content=\"Redactor\" \/>\n\t<meta name=\"twitter:label2\" content=\"Est. reading time\" \/>\n\t<meta name=\"twitter:data2\" content=\"3 minutos\" \/>\n<script type=\"application\/ld+json\" class=\"yoast-schema-graph\">{\"@context\":\"https:\\\/\\\/schema.org\",\"@graph\":[{\"@type\":\"Article\",\"@id\":\"https:\\\/\\\/pulso27.com\\\/actualidad\\\/policial\\\/motociclistas-marchan-contra-norma-aprobada-por-el-gobierno-que-los-obliga-a-usar-chalecos-con-placa\\\/#article\",\"isPartOf\":{\"@id\":\"https:\\\/\\\/pulso27.com\\\/actualidad\\\/policial\\\/motociclistas-marchan-contra-norma-aprobada-por-el-gobierno-que-los-obliga-a-usar-chalecos-con-placa\\\/\"},\"author\":{\"name\":\"Redactor\",\"@id\":\"https:\\\/\\\/pulso27.com\\\/en\\\/#\\\/schema\\\/person\\\/bf5ee161e6c87f6c7d57f5e689ef8526\"},\"headline\":\"Motociclistas marchan contra norma aprobada por el Gobierno que los obliga a usar chalecos con placa\",\"datePublished\":\"2025-06-20T05:19:36+00:00\",\"dateModified\":\"2025-06-20T05:20:08+00:00\",\"mainEntityOfPage\":{\"@id\":\"https:\\\/\\\/pulso27.com\\\/actualidad\\\/policial\\\/motociclistas-marchan-contra-norma-aprobada-por-el-gobierno-que-los-obliga-a-usar-chalecos-con-placa\\\/\"},\"wordCount\":410,\"commentCount\":0,\"publisher\":{\"@id\":\"https:\\\/\\\/pulso27.com\\\/en\\\/#organization\"},\"image\":{\"@id\":\"https:\\\/\\\/pulso27.com\\\/actualidad\\\/policial\\\/motociclistas-marchan-contra-norma-aprobada-por-el-gobierno-que-los-obliga-a-usar-chalecos-con-placa\\\/#primaryimage\"},\"thumbnailUrl\":\"https:\\\/\\\/pulso27.com\\\/wp-content\\\/uploads\\\/2025\\\/06\\\/Motociclista.png\",\"keywords\":[\"Chalecos\",\"Motociclistas\",\"Movilizaci\u00f3nNacional\"],\"articleSection\":[\"Nacional\",\"Policial\"],\"inLanguage\":\"es-PE\",\"potentialAction\":[{\"@type\":\"CommentAction\",\"name\":\"Comment\",\"target\":[\"https:\\\/\\\/pulso27.com\\\/actualidad\\\/policial\\\/motociclistas-marchan-contra-norma-aprobada-por-el-gobierno-que-los-obliga-a-usar-chalecos-con-placa\\\/#respond\"]}]},{\"@type\":\"WebPage\",\"@id\":\"https:\\\/\\\/pulso27.com\\\/actualidad\\\/policial\\\/motociclistas-marchan-contra-norma-aprobada-por-el-gobierno-que-los-obliga-a-usar-chalecos-con-placa\\\/\",\"url\":\"https:\\\/\\\/pulso27.com\\\/actualidad\\\/policial\\\/motociclistas-marchan-contra-norma-aprobada-por-el-gobierno-que-los-obliga-a-usar-chalecos-con-placa\\\/\",\"name\":\"Motociclistas marchan contra norma aprobada por el Gobierno que los obliga a usar chalecos con placa - Pulso27\",\"isPartOf\":{\"@id\":\"https:\\\/\\\/pulso27.com\\\/en\\\/#website\"},\"primaryImageOfPage\":{\"@id\":\"https:\\\/\\\/pulso27.com\\\/actualidad\\\/policial\\\/motociclistas-marchan-contra-norma-aprobada-por-el-gobierno-que-los-obliga-a-usar-chalecos-con-placa\\\/#primaryimage\"},\"image\":{\"@id\":\"https:\\\/\\\/pulso27.com\\\/actualidad\\\/policial\\\/motociclistas-marchan-contra-norma-aprobada-por-el-gobierno-que-los-obliga-a-usar-chalecos-con-placa\\\/#primaryimage\"},\"thumbnailUrl\":\"https:\\\/\\\/pulso27.com\\\/wp-content\\\/uploads\\\/2025\\\/06\\\/Motociclista.png\",\"datePublished\":\"2025-06-20T05:19:36+00:00\",\"dateModified\":\"2025-06-20T05:20:08+00:00\",\"breadcrumb\":{\"@id\":\"https:\\\/\\\/pulso27.com\\\/actualidad\\\/policial\\\/motociclistas-marchan-contra-norma-aprobada-por-el-gobierno-que-los-obliga-a-usar-chalecos-con-placa\\\/#breadcrumb\"},\"inLanguage\":\"es-PE\",\"potentialAction\":[{\"@type\":\"ReadAction\",\"target\":[\"https:\\\/\\\/pulso27.com\\\/actualidad\\\/policial\\\/motociclistas-marchan-contra-norma-aprobada-por-el-gobierno-que-los-obliga-a-usar-chalecos-con-placa\\\/\"]}]},{\"@type\":\"ImageObject\",\"inLanguage\":\"es-PE\",\"@id\":\"https:\\\/\\\/pulso27.com\\\/actualidad\\\/policial\\\/motociclistas-marchan-contra-norma-aprobada-por-el-gobierno-que-los-obliga-a-usar-chalecos-con-placa\\\/#primaryimage\",\"url\":\"https:\\\/\\\/pulso27.com\\\/wp-content\\\/uploads\\\/2025\\\/06\\\/Motociclista.png\",\"contentUrl\":\"https:\\\/\\\/pulso27.com\\\/wp-content\\\/uploads\\\/2025\\\/06\\\/Motociclista.png\",\"width\":960,\"height\":600},{\"@type\":\"BreadcrumbList\",\"@id\":\"https:\\\/\\\/pulso27.com\\\/actualidad\\\/policial\\\/motociclistas-marchan-contra-norma-aprobada-por-el-gobierno-que-los-obliga-a-usar-chalecos-con-placa\\\/#breadcrumb\",\"itemListElement\":[{\"@type\":\"ListItem\",\"position\":1,\"name\":\"Portada\",\"item\":\"https:\\\/\\\/pulso27.com\\\/\"},{\"@type\":\"ListItem\",\"position\":2,\"name\":\"Motociclistas marchan contra norma aprobada por el Gobierno que los obliga a usar chalecos con placa\"}]},{\"@type\":\"WebSite\",\"@id\":\"https:\\\/\\\/pulso27.com\\\/en\\\/#website\",\"url\":\"https:\\\/\\\/pulso27.com\\\/en\\\/\",\"name\":\"Pulso27\",\"description\":\"Web de noticias y publicidad\",\"publisher\":{\"@id\":\"https:\\\/\\\/pulso27.com\\\/en\\\/#organization\"},\"alternateName\":\"El pulso del pueblo\",\"potentialAction\":[{\"@type\":\"SearchAction\",\"target\":{\"@type\":\"EntryPoint\",\"urlTemplate\":\"https:\\\/\\\/pulso27.com\\\/en\\\/?s={search_term_string}\"},\"query-input\":{\"@type\":\"PropertyValueSpecification\",\"valueRequired\":true,\"valueName\":\"search_term_string\"}}],\"inLanguage\":\"es-PE\"},{\"@type\":\"Organization\",\"@id\":\"https:\\\/\\\/pulso27.com\\\/en\\\/#organization\",\"name\":\"Pulso27\",\"url\":\"https:\\\/\\\/pulso27.com\\\/en\\\/\",\"logo\":{\"@type\":\"ImageObject\",\"inLanguage\":\"es-PE\",\"@id\":\"https:\\\/\\\/pulso27.com\\\/en\\\/#\\\/schema\\\/logo\\\/image\\\/\",\"url\":\"https:\\\/\\\/pulso27.com\\\/wp-content\\\/uploads\\\/2026\\\/02\\\/Logotipo-de-la-organizacion-696-x-696-px-ok.png\",\"contentUrl\":\"https:\\\/\\\/pulso27.com\\\/wp-content\\\/uploads\\\/2026\\\/02\\\/Logotipo-de-la-organizacion-696-x-696-px-ok.png\",\"width\":696,\"height\":696,\"caption\":\"Pulso27\"},\"image\":{\"@id\":\"https:\\\/\\\/pulso27.com\\\/en\\\/#\\\/schema\\\/logo\\\/image\\\/\"},\"sameAs\":[\"https:\\\/\\\/www.facebook.com\\\/pulso27\\\/\",\"https:\\\/\\\/x.com\\\/Pulso_27\",\"https:\\\/\\\/www.youtube.com\\\/@Pulso27\",\"https:\\\/\\\/www.tiktok.com\\\/@pulso_27\"]},{\"@type\":\"Person\",\"@id\":\"https:\\\/\\\/pulso27.com\\\/en\\\/#\\\/schema\\\/person\\\/bf5ee161e6c87f6c7d57f5e689ef8526\",\"name\":\"Redactor\",\"image\":{\"@type\":\"ImageObject\",\"inLanguage\":\"es-PE\",\"@id\":\"https:\\\/\\\/pulso27.com\\\/wp-content\\\/uploads\\\/2025\\\/03\\\/a-150x150.png\",\"url\":\"https:\\\/\\\/pulso27.com\\\/wp-content\\\/uploads\\\/2025\\\/03\\\/a-150x150.png\",\"contentUrl\":\"https:\\\/\\\/pulso27.com\\\/wp-content\\\/uploads\\\/2025\\\/03\\\/a-150x150.png\",\"caption\":\"Redactor\"},\"sameAs\":[\"http:\\\/\\\/www.pulso27.com\"],\"url\":\"https:\\\/\\\/pulso27.com\\\/es\\\/author\\\/redactor\\\/\"}]}<\/script>\n<!-- \/ Yoast SEO plugin. -->","yoast_head_json":{"title":"Motociclistas marchan contra norma aprobada por el Gobierno que los obliga a usar chalecos con placa - Pulso27","robots":{"index":"index","follow":"follow","max-snippet":"max-snippet:-1","max-image-preview":"max-image-preview:large","max-video-preview":"max-video-preview:-1"},"canonical":"https:\/\/pulso27.com\/es\/actualidad\/policial\/motociclistas-marchan-contra-norma-aprobada-por-el-gobierno-que-los-obliga-a-usar-chalecos-con-placa\/","og_locale":"es_ES","og_type":"article","og_title":"Motociclistas marchan contra norma aprobada por el Gobierno que los obliga a usar chalecos con placa - Pulso27","og_description":"Este jueves 19 de junio, miles de motociclistas se movilizaron en distintas regiones del pa\u00eds en protesta contra el Decreto Supremo 006 2025 MTC, norma que obliga al uso de chalecos retrorreflectantes con el n\u00famero de placa visible, as\u00ed como cascos con caracter\u00edsticas t\u00e9cnicas espec\u00edficas. La medida, que ya rige en Lima y Callao desde [&hellip;]","og_url":"https:\/\/pulso27.com\/es\/actualidad\/policial\/motociclistas-marchan-contra-norma-aprobada-por-el-gobierno-que-los-obliga-a-usar-chalecos-con-placa\/","og_site_name":"Pulso27","article_publisher":"https:\/\/www.facebook.com\/pulso27\/","article_published_time":"2025-06-20T05:19:36+00:00","article_modified_time":"2025-06-20T05:20:08+00:00","og_image":[{"width":960,"height":600,"url":"https:\/\/pulso27.com\/wp-content\/uploads\/2025\/06\/Motociclista.png","type":"image\/png"}],"author":"Redactor","twitter_card":"summary_large_image","twitter_creator":"@Pulso_27","twitter_site":"@Pulso_27","twitter_misc":{"Written by":"Redactor","Est. reading time":"3 minutos"},"schema":{"@context":"https:\/\/schema.org","@graph":[{"@type":"Article","@id":"https:\/\/pulso27.com\/actualidad\/policial\/motociclistas-marchan-contra-norma-aprobada-por-el-gobierno-que-los-obliga-a-usar-chalecos-con-placa\/#article","isPartOf":{"@id":"https:\/\/pulso27.com\/actualidad\/policial\/motociclistas-marchan-contra-norma-aprobada-por-el-gobierno-que-los-obliga-a-usar-chalecos-con-placa\/"},"author":{"name":"Redactor","@id":"https:\/\/pulso27.com\/en\/#\/schema\/person\/bf5ee161e6c87f6c7d57f5e689ef8526"},"headline":"Motociclistas marchan contra norma aprobada por el Gobierno que los obliga a usar chalecos con placa","datePublished":"2025-06-20T05:19:36+00:00","dateModified":"2025-06-20T05:20:08+00:00","mainEntityOfPage":{"@id":"https:\/\/pulso27.com\/actualidad\/policial\/motociclistas-marchan-contra-norma-aprobada-por-el-gobierno-que-los-obliga-a-usar-chalecos-con-placa\/"},"wordCount":410,"commentCount":0,"publisher":{"@id":"https:\/\/pulso27.com\/en\/#organization"},"image":{"@id":"https:\/\/pulso27.com\/actualidad\/policial\/motociclistas-marchan-contra-norma-aprobada-por-el-gobierno-que-los-obliga-a-usar-chalecos-con-placa\/#primaryimage"},"thumbnailUrl":"https:\/\/pulso27.com\/wp-content\/uploads\/2025\/06\/Motociclista.png","keywords":["Chalecos","Motociclistas","Movilizaci\u00f3nNacional"],"articleSection":["Nacional","Policial"],"inLanguage":"es-PE","potentialAction":[{"@type":"CommentAction","name":"Comment","target":["https:\/\/pulso27.com\/actualidad\/policial\/motociclistas-marchan-contra-norma-aprobada-por-el-gobierno-que-los-obliga-a-usar-chalecos-con-placa\/#respond"]}]},{"@type":"WebPage","@id":"https:\/\/pulso27.com\/actualidad\/policial\/motociclistas-marchan-contra-norma-aprobada-por-el-gobierno-que-los-obliga-a-usar-chalecos-con-placa\/","url":"https:\/\/pulso27.com\/actualidad\/policial\/motociclistas-marchan-contra-norma-aprobada-por-el-gobierno-que-los-obliga-a-usar-chalecos-con-placa\/","name":"Motociclistas marchan contra norma aprobada por el Gobierno que los obliga a usar chalecos con placa - Pulso27","isPartOf":{"@id":"https:\/\/pulso27.com\/en\/#website"},"primaryImageOfPage":{"@id":"https:\/\/pulso27.com\/actualidad\/policial\/motociclistas-marchan-contra-norma-aprobada-por-el-gobierno-que-los-obliga-a-usar-chalecos-con-placa\/#primaryimage"},"image":{"@id":"https:\/\/pulso27.com\/actualidad\/policial\/motociclistas-marchan-contra-norma-aprobada-por-el-gobierno-que-los-obliga-a-usar-chalecos-con-placa\/#primaryimage"},"thumbnailUrl":"https:\/\/pulso27.com\/wp-content\/uploads\/2025\/06\/Motociclista.png","datePublished":"2025-06-20T05:19:36+00:00","dateModified":"2025-06-20T05:20:08+00:00","breadcrumb":{"@id":"https:\/\/pulso27.com\/actualidad\/policial\/motociclistas-marchan-contra-norma-aprobada-por-el-gobierno-que-los-obliga-a-usar-chalecos-con-placa\/#breadcrumb"},"inLanguage":"es-PE","potentialAction":[{"@type":"ReadAction","target":["https:\/\/pulso27.com\/actualidad\/policial\/motociclistas-marchan-contra-norma-aprobada-por-el-gobierno-que-los-obliga-a-usar-chalecos-con-placa\/"]}]},{"@type":"ImageObject","inLanguage":"es-PE","@id":"https:\/\/pulso27.com\/actualidad\/policial\/motociclistas-marchan-contra-norma-aprobada-por-el-gobierno-que-los-obliga-a-usar-chalecos-con-placa\/#primaryimage","url":"https:\/\/pulso27.com\/wp-content\/uploads\/2025\/06\/Motociclista.png","contentUrl":"https:\/\/pulso27.com\/wp-content\/uploads\/2025\/06\/Motociclista.png","width":960,"height":600},{"@type":"BreadcrumbList","@id":"https:\/\/pulso27.com\/actualidad\/policial\/motociclistas-marchan-contra-norma-aprobada-por-el-gobierno-que-los-obliga-a-usar-chalecos-con-placa\/#breadcrumb","itemListElement":[{"@type":"ListItem","position":1,"name":"Portada","item":"https:\/\/pulso27.com\/"},{"@type":"ListItem","position":2,"name":"Motociclistas marchan contra norma aprobada por el Gobierno que los obliga a usar chalecos con placa"}]},{"@type":"WebSite","@id":"https:\/\/pulso27.com\/en\/#website","url":"https:\/\/pulso27.com\/en\/","name":"Pulso27","description":"Web de noticias y publicidad","publisher":{"@id":"https:\/\/pulso27.com\/en\/#organization"},"alternateName":"El pulso del pueblo","potentialAction":[{"@type":"SearchAction","target":{"@type":"EntryPoint","urlTemplate":"https:\/\/pulso27.com\/en\/?s={search_term_string}"},"query-input":{"@type":"PropertyValueSpecification","valueRequired":true,"valueName":"search_term_string"}}],"inLanguage":"es-PE"},{"@type":"Organization","@id":"https:\/\/pulso27.com\/en\/#organization","name":"Pulso27","url":"https:\/\/pulso27.com\/en\/","logo":{"@type":"ImageObject","inLanguage":"es-PE","@id":"https:\/\/pulso27.com\/en\/#\/schema\/logo\/image\/","url":"https:\/\/pulso27.com\/wp-content\/uploads\/2026\/02\/Logotipo-de-la-organizacion-696-x-696-px-ok.png","contentUrl":"https:\/\/pulso27.com\/wp-content\/uploads\/2026\/02\/Logotipo-de-la-organizacion-696-x-696-px-ok.png","width":696,"height":696,"caption":"Pulso27"},"image":{"@id":"https:\/\/pulso27.com\/en\/#\/schema\/logo\/image\/"},"sameAs":["https:\/\/www.facebook.com\/pulso27\/","https:\/\/x.com\/Pulso_27","https:\/\/www.youtube.com\/@Pulso27","https:\/\/www.tiktok.com\/@pulso_27"]},{"@type":"Person","@id":"https:\/\/pulso27.com\/en\/#\/schema\/person\/bf5ee161e6c87f6c7d57f5e689ef8526","name":"Redactor","image":{"@type":"ImageObject","inLanguage":"es-PE","@id":"https:\/\/pulso27.com\/wp-content\/uploads\/2025\/03\/a-150x150.png","url":"https:\/\/pulso27.com\/wp-content\/uploads\/2025\/03\/a-150x150.png","contentUrl":"https:\/\/pulso27.com\/wp-content\/uploads\/2025\/03\/a-150x150.png","caption":"Redactor"},"sameAs":["http:\/\/www.pulso27.com"],"url":"https:\/\/pulso27.com\/es\/author\/redactor\/"}]}},"amp_enabled":true,"_links":{"self":[{"href":"https:\/\/pulso27.com\/es\/wp-json\/wp\/v2\/posts\/5706","targetHints":{"allow":["GET"]}}],"collection":[{"href":"https:\/\/pulso27.com\/es\/wp-json\/wp\/v2\/posts"}],"about":[{"href":"https:\/\/pulso27.com\/es\/wp-json\/wp\/v2\/types\/post"}],"author":[{"embeddable":true,"href":"https:\/\/pulso27.com\/es\/wp-json\/wp\/v2\/users\/13"}],"replies":[{"embeddable":true,"href":"https:\/\/pulso27.com\/es\/wp-json\/wp\/v2\/comments?post=5706"}],"version-history":[{"count":1,"href":"https:\/\/pulso27.com\/es\/wp-json\/wp\/v2\/posts\/5706\/revisions"}],"predecessor-version":[{"id":5710,"href":"https:\/\/pulso27.com\/es\/wp-json\/wp\/v2\/posts\/5706\/revisions\/5710"}],"wp:featuredmedia":[{"embeddable":true,"href":"https:\/\/pulso27.com\/es\/wp-json\/wp\/v2\/media\/5709"}],"wp:attachment":[{"href":"https:\/\/pulso27.com\/es\/wp-json\/wp\/v2\/media?parent=5706"}],"wp:term":[{"taxonomy":"category","embeddable":true,"href":"https:\/\/pulso27.com\/es\/wp-json\/wp\/v2\/categories?post=5706"},{"taxonomy":"post_tag","embeddable":true,"href":"https:\/\/pulso27.com\/es\/wp-json\/wp\/v2\/tags?post=5706"}],"curies":[{"name":"wp","href":"https:\/\/api.w.org\/{rel}","templated":true}]}}