{"id":5764,"date":"2025-06-26T08:31:08","date_gmt":"2025-06-26T03:31:08","guid":{"rendered":"https:\/\/pulso27.com\/?p=5764"},"modified":"2025-06-26T08:31:14","modified_gmt":"2025-06-26T03:31:14","slug":"poder-judicial-suspende-por-24-meses-a-patricia-benavides-como-fiscal-de-la-nacion","status":"publish","type":"post","link":"https:\/\/pulso27.com\/es\/nacional\/poder-judicial-suspende-por-24-meses-a-patricia-benavides-como-fiscal-de-la-nacion\/","title":{"rendered":"Poder Judicial suspende por 24 meses a Patricia Benavides como Fiscal de la Naci\u00f3n"},"content":{"rendered":"\n<p>El Poder Judicial de Per\u00fa suspendi\u00f3 por 24 meses a Patricia Benavides Vargas como fiscal suprema titular y Fiscal de la Naci\u00f3n, seg\u00fan resoluci\u00f3n emitida este 25 de junio de 2025 por el Juzgado Supremo de Investigaci\u00f3n Preparatoria. La medida, solicitada por la fiscal Delia Espinoza, responde a presuntas irregularidades durante la gesti\u00f3n de Benavides, incluyendo delitos como cohecho pasivo, abuso de autoridad y encubrimiento personal, vinculados al caso \u00abCuellos Blancos del Puerto\u00bb. La decisi\u00f3n busca evitar que Benavides interfiera en la administraci\u00f3n de justicia.<\/p>\n\n\n\n<p>La suspensi\u00f3n se produce tras una resoluci\u00f3n de la Junta Nacional de Justicia (JNJ) del 12 de junio de 2025, que anul\u00f3 la destituci\u00f3n de Benavides y orden\u00f3 su reposici\u00f3n. Sin embargo, el fallo judicial prevalece, generando tensiones institucionales. La investigaci\u00f3n se\u00f1ala que Benavides habr\u00eda favorecido al abogado Jos\u00e9 Luis Castillo Alva, comprometiendo la objetividad de procesos penales en curso.<\/p>\n\n\n\n<figure class=\"wp-block-image size-large\"><img loading=\"lazy\" decoding=\"async\" width=\"1024\" height=\"683\" src=\"https:\/\/pulso27.com\/wp-content\/uploads\/2025\/06\/image-54-1024x683.png\" alt=\"\" class=\"wp-image-5766\" srcset=\"https:\/\/pulso27.com\/wp-content\/uploads\/2025\/06\/image-54-1024x683.png 1024w, https:\/\/pulso27.com\/wp-content\/uploads\/2025\/06\/image-54-300x200.png 300w, https:\/\/pulso27.com\/wp-content\/uploads\/2025\/06\/image-54-768x512.png 768w, https:\/\/pulso27.com\/wp-content\/uploads\/2025\/06\/image-54-1536x1024.png 1536w, https:\/\/pulso27.com\/wp-content\/uploads\/2025\/06\/image-54-18x12.png 18w, https:\/\/pulso27.com\/wp-content\/uploads\/2025\/06\/image-54.png 1800w\" sizes=\"auto, (max-width: 1024px) 100vw, 1024px\" \/><figcaption class=\"wp-element-caption\"><em>Patricia Benavides escoltado y asesorado por l\u00edderes apristas como Jorge Del Castillo<\/em><\/figcaption><\/figure>\n\n\n\n<p>La defensa de Benavides, liderada por los abogados Juan Pe\u00f1a y Humberto Abanto, anunci\u00f3 que acatar\u00e1 la medida, pero presentar\u00e1 un recurso de apelaci\u00f3n ante la Sala Penal Permanente de la Corte Suprema. Pe\u00f1a argument\u00f3 que Benavides no ejerce actualmente el cargo y que solo el Congreso podr\u00eda inhabilitarla, dado que enfrenta denuncias constitucionales.<\/p>\n\n\n\n<p>El caso ha reavivado el debate sobre la independencia y el funcionamiento del sistema judicial en Per\u00fa. La suspensi\u00f3n de Benavides, figura central en recientes controversias, marca un nuevo cap\u00edtulo en la crisis institucional del Ministerio P\u00fablico, mientras se espera la resoluci\u00f3n de la apelaci\u00f3n.<\/p>\n","protected":false},"excerpt":{"rendered":"<p>El Poder Judicial de Per\u00fa suspendi\u00f3 por 24 meses a Patricia Benavides Vargas como fiscal suprema titular y Fiscal de la Naci\u00f3n, seg\u00fan resoluci\u00f3n emitida este 25 de junio de 2025 por el Juzgado Supremo de Investigaci\u00f3n Preparatoria. La medida, solicitada por la fiscal Delia Espinoza, responde a presuntas irregularidades durante la gesti\u00f3n de Benavides, [&hellip;]<\/p>\n","protected":false},"author":13,"featured_media":5765,"comment_status":"open","ping_status":"open","sticky":false,"template":"","format":"standard","meta":{"footnotes":""},"categories":[177,174,1852],"tags":[195,2350,2341,2075],"class_list":["post-5764","post","type-post","status-publish","format-standard","has-post-thumbnail","hentry","category-economia","category-nacional","category-tendencia","tag-jnj","tag-ministeriopublico","tag-patriciabenavides","tag-poderjudicial"],"yoast_head":"<!-- This site is optimized with the Yoast SEO plugin v27.4 - https:\/\/yoast.com\/product\/yoast-seo-wordpress\/ -->\n<title>Poder Judicial suspende por 24 meses a Patricia Benavides como Fiscal de la Naci\u00f3n - Pulso27<\/title>\n<meta name=\"robots\" content=\"index, follow, max-snippet:-1, max-image-preview:large, max-video-preview:-1\" \/>\n<link rel=\"canonical\" href=\"https:\/\/pulso27.com\/es\/nacional\/poder-judicial-suspende-por-24-meses-a-patricia-benavides-como-fiscal-de-la-nacion\/\" \/>\n<meta property=\"og:locale\" content=\"es_ES\" \/>\n<meta property=\"og:type\" content=\"article\" \/>\n<meta property=\"og:title\" content=\"Poder Judicial suspende por 24 meses a Patricia Benavides como Fiscal de la Naci\u00f3n - Pulso27\" \/>\n<meta property=\"og:description\" content=\"El Poder Judicial de Per\u00fa suspendi\u00f3 por 24 meses a Patricia Benavides Vargas como fiscal suprema titular y Fiscal de la Naci\u00f3n, seg\u00fan resoluci\u00f3n emitida este 25 de junio de 2025 por el Juzgado Supremo de Investigaci\u00f3n Preparatoria. La medida, solicitada por la fiscal Delia Espinoza, responde a presuntas irregularidades durante la gesti\u00f3n de Benavides, [&hellip;]\" \/>\n<meta property=\"og:url\" content=\"https:\/\/pulso27.com\/es\/nacional\/poder-judicial-suspende-por-24-meses-a-patricia-benavides-como-fiscal-de-la-nacion\/\" \/>\n<meta property=\"og:site_name\" content=\"Pulso27\" \/>\n<meta property=\"article:publisher\" content=\"https:\/\/www.facebook.com\/pulso27\/\" \/>\n<meta property=\"article:published_time\" content=\"2025-06-26T03:31:08+00:00\" \/>\n<meta property=\"article:modified_time\" content=\"2025-06-26T03:31:14+00:00\" \/>\n<meta property=\"og:image\" content=\"https:\/\/pulso27.com\/wp-content\/uploads\/2025\/06\/Patriciaa.png\" \/>\n\t<meta property=\"og:image:width\" content=\"964\" \/>\n\t<meta property=\"og:image:height\" content=\"600\" \/>\n\t<meta property=\"og:image:type\" content=\"image\/png\" \/>\n<meta name=\"author\" content=\"Redactor\" \/>\n<meta name=\"twitter:card\" content=\"summary_large_image\" \/>\n<meta name=\"twitter:creator\" content=\"@Pulso_27\" \/>\n<meta name=\"twitter:site\" content=\"@Pulso_27\" \/>\n<meta name=\"twitter:label1\" content=\"Written by\" \/>\n\t<meta name=\"twitter:data1\" content=\"Redactor\" \/>\n\t<meta name=\"twitter:label2\" content=\"Est. reading time\" \/>\n\t<meta name=\"twitter:data2\" content=\"2 minutos\" \/>\n<script type=\"application\/ld+json\" class=\"yoast-schema-graph\">{\"@context\":\"https:\\\/\\\/schema.org\",\"@graph\":[{\"@type\":\"Article\",\"@id\":\"https:\\\/\\\/pulso27.com\\\/nacional\\\/poder-judicial-suspende-por-24-meses-a-patricia-benavides-como-fiscal-de-la-nacion\\\/#article\",\"isPartOf\":{\"@id\":\"https:\\\/\\\/pulso27.com\\\/nacional\\\/poder-judicial-suspende-por-24-meses-a-patricia-benavides-como-fiscal-de-la-nacion\\\/\"},\"author\":{\"name\":\"Redactor\",\"@id\":\"https:\\\/\\\/pulso27.com\\\/en\\\/#\\\/schema\\\/person\\\/bf5ee161e6c87f6c7d57f5e689ef8526\"},\"headline\":\"Poder Judicial suspende por 24 meses a Patricia Benavides como Fiscal de la Naci\u00f3n\",\"datePublished\":\"2025-06-26T03:31:08+00:00\",\"dateModified\":\"2025-06-26T03:31:14+00:00\",\"mainEntityOfPage\":{\"@id\":\"https:\\\/\\\/pulso27.com\\\/nacional\\\/poder-judicial-suspende-por-24-meses-a-patricia-benavides-como-fiscal-de-la-nacion\\\/\"},\"wordCount\":289,\"commentCount\":0,\"publisher\":{\"@id\":\"https:\\\/\\\/pulso27.com\\\/en\\\/#organization\"},\"image\":{\"@id\":\"https:\\\/\\\/pulso27.com\\\/nacional\\\/poder-judicial-suspende-por-24-meses-a-patricia-benavides-como-fiscal-de-la-nacion\\\/#primaryimage\"},\"thumbnailUrl\":\"https:\\\/\\\/pulso27.com\\\/wp-content\\\/uploads\\\/2025\\\/06\\\/Patriciaa.png\",\"keywords\":[\"JNJ\",\"MinisterioP\u00fablico\",\"PatriciaBenavides\",\"PoderJudicial\"],\"articleSection\":[\"Econom\u00eda\",\"Nacional\",\"Tendencia\"],\"inLanguage\":\"es-PE\",\"potentialAction\":[{\"@type\":\"CommentAction\",\"name\":\"Comment\",\"target\":[\"https:\\\/\\\/pulso27.com\\\/nacional\\\/poder-judicial-suspende-por-24-meses-a-patricia-benavides-como-fiscal-de-la-nacion\\\/#respond\"]}]},{\"@type\":\"WebPage\",\"@id\":\"https:\\\/\\\/pulso27.com\\\/nacional\\\/poder-judicial-suspende-por-24-meses-a-patricia-benavides-como-fiscal-de-la-nacion\\\/\",\"url\":\"https:\\\/\\\/pulso27.com\\\/nacional\\\/poder-judicial-suspende-por-24-meses-a-patricia-benavides-como-fiscal-de-la-nacion\\\/\",\"name\":\"Poder Judicial suspende por 24 meses a Patricia Benavides como Fiscal de la Naci\u00f3n - Pulso27\",\"isPartOf\":{\"@id\":\"https:\\\/\\\/pulso27.com\\\/en\\\/#website\"},\"primaryImageOfPage\":{\"@id\":\"https:\\\/\\\/pulso27.com\\\/nacional\\\/poder-judicial-suspende-por-24-meses-a-patricia-benavides-como-fiscal-de-la-nacion\\\/#primaryimage\"},\"image\":{\"@id\":\"https:\\\/\\\/pulso27.com\\\/nacional\\\/poder-judicial-suspende-por-24-meses-a-patricia-benavides-como-fiscal-de-la-nacion\\\/#primaryimage\"},\"thumbnailUrl\":\"https:\\\/\\\/pulso27.com\\\/wp-content\\\/uploads\\\/2025\\\/06\\\/Patriciaa.png\",\"datePublished\":\"2025-06-26T03:31:08+00:00\",\"dateModified\":\"2025-06-26T03:31:14+00:00\",\"breadcrumb\":{\"@id\":\"https:\\\/\\\/pulso27.com\\\/nacional\\\/poder-judicial-suspende-por-24-meses-a-patricia-benavides-como-fiscal-de-la-nacion\\\/#breadcrumb\"},\"inLanguage\":\"es-PE\",\"potentialAction\":[{\"@type\":\"ReadAction\",\"target\":[\"https:\\\/\\\/pulso27.com\\\/nacional\\\/poder-judicial-suspende-por-24-meses-a-patricia-benavides-como-fiscal-de-la-nacion\\\/\"]}]},{\"@type\":\"ImageObject\",\"inLanguage\":\"es-PE\",\"@id\":\"https:\\\/\\\/pulso27.com\\\/nacional\\\/poder-judicial-suspende-por-24-meses-a-patricia-benavides-como-fiscal-de-la-nacion\\\/#primaryimage\",\"url\":\"https:\\\/\\\/pulso27.com\\\/wp-content\\\/uploads\\\/2025\\\/06\\\/Patriciaa.png\",\"contentUrl\":\"https:\\\/\\\/pulso27.com\\\/wp-content\\\/uploads\\\/2025\\\/06\\\/Patriciaa.png\",\"width\":964,\"height\":600},{\"@type\":\"BreadcrumbList\",\"@id\":\"https:\\\/\\\/pulso27.com\\\/nacional\\\/poder-judicial-suspende-por-24-meses-a-patricia-benavides-como-fiscal-de-la-nacion\\\/#breadcrumb\",\"itemListElement\":[{\"@type\":\"ListItem\",\"position\":1,\"name\":\"Portada\",\"item\":\"https:\\\/\\\/pulso27.com\\\/\"},{\"@type\":\"ListItem\",\"position\":2,\"name\":\"Poder Judicial suspende por 24 meses a Patricia Benavides como Fiscal de la Naci\u00f3n\"}]},{\"@type\":\"WebSite\",\"@id\":\"https:\\\/\\\/pulso27.com\\\/en\\\/#website\",\"url\":\"https:\\\/\\\/pulso27.com\\\/en\\\/\",\"name\":\"Pulso27\",\"description\":\"Web de noticias y publicidad\",\"publisher\":{\"@id\":\"https:\\\/\\\/pulso27.com\\\/en\\\/#organization\"},\"alternateName\":\"El pulso del pueblo\",\"potentialAction\":[{\"@type\":\"SearchAction\",\"target\":{\"@type\":\"EntryPoint\",\"urlTemplate\":\"https:\\\/\\\/pulso27.com\\\/en\\\/?s={search_term_string}\"},\"query-input\":{\"@type\":\"PropertyValueSpecification\",\"valueRequired\":true,\"valueName\":\"search_term_string\"}}],\"inLanguage\":\"es-PE\"},{\"@type\":\"Organization\",\"@id\":\"https:\\\/\\\/pulso27.com\\\/en\\\/#organization\",\"name\":\"Pulso27\",\"url\":\"https:\\\/\\\/pulso27.com\\\/en\\\/\",\"logo\":{\"@type\":\"ImageObject\",\"inLanguage\":\"es-PE\",\"@id\":\"https:\\\/\\\/pulso27.com\\\/en\\\/#\\\/schema\\\/logo\\\/image\\\/\",\"url\":\"https:\\\/\\\/pulso27.com\\\/wp-content\\\/uploads\\\/2026\\\/02\\\/Logotipo-de-la-organizacion-696-x-696-px-ok.png\",\"contentUrl\":\"https:\\\/\\\/pulso27.com\\\/wp-content\\\/uploads\\\/2026\\\/02\\\/Logotipo-de-la-organizacion-696-x-696-px-ok.png\",\"width\":696,\"height\":696,\"caption\":\"Pulso27\"},\"image\":{\"@id\":\"https:\\\/\\\/pulso27.com\\\/en\\\/#\\\/schema\\\/logo\\\/image\\\/\"},\"sameAs\":[\"https:\\\/\\\/www.facebook.com\\\/pulso27\\\/\",\"https:\\\/\\\/x.com\\\/Pulso_27\",\"https:\\\/\\\/www.youtube.com\\\/@Pulso27\",\"https:\\\/\\\/www.tiktok.com\\\/@pulso_27\"]},{\"@type\":\"Person\",\"@id\":\"https:\\\/\\\/pulso27.com\\\/en\\\/#\\\/schema\\\/person\\\/bf5ee161e6c87f6c7d57f5e689ef8526\",\"name\":\"Redactor\",\"image\":{\"@type\":\"ImageObject\",\"inLanguage\":\"es-PE\",\"@id\":\"https:\\\/\\\/pulso27.com\\\/wp-content\\\/uploads\\\/2025\\\/03\\\/a-150x150.png\",\"url\":\"https:\\\/\\\/pulso27.com\\\/wp-content\\\/uploads\\\/2025\\\/03\\\/a-150x150.png\",\"contentUrl\":\"https:\\\/\\\/pulso27.com\\\/wp-content\\\/uploads\\\/2025\\\/03\\\/a-150x150.png\",\"caption\":\"Redactor\"},\"sameAs\":[\"http:\\\/\\\/www.pulso27.com\"],\"url\":\"https:\\\/\\\/pulso27.com\\\/es\\\/author\\\/redactor\\\/\"}]}<\/script>\n<!-- \/ Yoast SEO plugin. -->","yoast_head_json":{"title":"Poder Judicial suspende por 24 meses a Patricia Benavides como Fiscal de la Naci\u00f3n - Pulso27","robots":{"index":"index","follow":"follow","max-snippet":"max-snippet:-1","max-image-preview":"max-image-preview:large","max-video-preview":"max-video-preview:-1"},"canonical":"https:\/\/pulso27.com\/es\/nacional\/poder-judicial-suspende-por-24-meses-a-patricia-benavides-como-fiscal-de-la-nacion\/","og_locale":"es_ES","og_type":"article","og_title":"Poder Judicial suspende por 24 meses a Patricia Benavides como Fiscal de la Naci\u00f3n - Pulso27","og_description":"El Poder Judicial de Per\u00fa suspendi\u00f3 por 24 meses a Patricia Benavides Vargas como fiscal suprema titular y Fiscal de la Naci\u00f3n, seg\u00fan resoluci\u00f3n emitida este 25 de junio de 2025 por el Juzgado Supremo de Investigaci\u00f3n Preparatoria. La medida, solicitada por la fiscal Delia Espinoza, responde a presuntas irregularidades durante la gesti\u00f3n de Benavides, [&hellip;]","og_url":"https:\/\/pulso27.com\/es\/nacional\/poder-judicial-suspende-por-24-meses-a-patricia-benavides-como-fiscal-de-la-nacion\/","og_site_name":"Pulso27","article_publisher":"https:\/\/www.facebook.com\/pulso27\/","article_published_time":"2025-06-26T03:31:08+00:00","article_modified_time":"2025-06-26T03:31:14+00:00","og_image":[{"width":964,"height":600,"url":"https:\/\/pulso27.com\/wp-content\/uploads\/2025\/06\/Patriciaa.png","type":"image\/png"}],"author":"Redactor","twitter_card":"summary_large_image","twitter_creator":"@Pulso_27","twitter_site":"@Pulso_27","twitter_misc":{"Written by":"Redactor","Est. reading time":"2 minutos"},"schema":{"@context":"https:\/\/schema.org","@graph":[{"@type":"Article","@id":"https:\/\/pulso27.com\/nacional\/poder-judicial-suspende-por-24-meses-a-patricia-benavides-como-fiscal-de-la-nacion\/#article","isPartOf":{"@id":"https:\/\/pulso27.com\/nacional\/poder-judicial-suspende-por-24-meses-a-patricia-benavides-como-fiscal-de-la-nacion\/"},"author":{"name":"Redactor","@id":"https:\/\/pulso27.com\/en\/#\/schema\/person\/bf5ee161e6c87f6c7d57f5e689ef8526"},"headline":"Poder Judicial suspende por 24 meses a Patricia Benavides como Fiscal de la Naci\u00f3n","datePublished":"2025-06-26T03:31:08+00:00","dateModified":"2025-06-26T03:31:14+00:00","mainEntityOfPage":{"@id":"https:\/\/pulso27.com\/nacional\/poder-judicial-suspende-por-24-meses-a-patricia-benavides-como-fiscal-de-la-nacion\/"},"wordCount":289,"commentCount":0,"publisher":{"@id":"https:\/\/pulso27.com\/en\/#organization"},"image":{"@id":"https:\/\/pulso27.com\/nacional\/poder-judicial-suspende-por-24-meses-a-patricia-benavides-como-fiscal-de-la-nacion\/#primaryimage"},"thumbnailUrl":"https:\/\/pulso27.com\/wp-content\/uploads\/2025\/06\/Patriciaa.png","keywords":["JNJ","MinisterioP\u00fablico","PatriciaBenavides","PoderJudicial"],"articleSection":["Econom\u00eda","Nacional","Tendencia"],"inLanguage":"es-PE","potentialAction":[{"@type":"CommentAction","name":"Comment","target":["https:\/\/pulso27.com\/nacional\/poder-judicial-suspende-por-24-meses-a-patricia-benavides-como-fiscal-de-la-nacion\/#respond"]}]},{"@type":"WebPage","@id":"https:\/\/pulso27.com\/nacional\/poder-judicial-suspende-por-24-meses-a-patricia-benavides-como-fiscal-de-la-nacion\/","url":"https:\/\/pulso27.com\/nacional\/poder-judicial-suspende-por-24-meses-a-patricia-benavides-como-fiscal-de-la-nacion\/","name":"Poder Judicial suspende por 24 meses a Patricia Benavides como Fiscal de la Naci\u00f3n - Pulso27","isPartOf":{"@id":"https:\/\/pulso27.com\/en\/#website"},"primaryImageOfPage":{"@id":"https:\/\/pulso27.com\/nacional\/poder-judicial-suspende-por-24-meses-a-patricia-benavides-como-fiscal-de-la-nacion\/#primaryimage"},"image":{"@id":"https:\/\/pulso27.com\/nacional\/poder-judicial-suspende-por-24-meses-a-patricia-benavides-como-fiscal-de-la-nacion\/#primaryimage"},"thumbnailUrl":"https:\/\/pulso27.com\/wp-content\/uploads\/2025\/06\/Patriciaa.png","datePublished":"2025-06-26T03:31:08+00:00","dateModified":"2025-06-26T03:31:14+00:00","breadcrumb":{"@id":"https:\/\/pulso27.com\/nacional\/poder-judicial-suspende-por-24-meses-a-patricia-benavides-como-fiscal-de-la-nacion\/#breadcrumb"},"inLanguage":"es-PE","potentialAction":[{"@type":"ReadAction","target":["https:\/\/pulso27.com\/nacional\/poder-judicial-suspende-por-24-meses-a-patricia-benavides-como-fiscal-de-la-nacion\/"]}]},{"@type":"ImageObject","inLanguage":"es-PE","@id":"https:\/\/pulso27.com\/nacional\/poder-judicial-suspende-por-24-meses-a-patricia-benavides-como-fiscal-de-la-nacion\/#primaryimage","url":"https:\/\/pulso27.com\/wp-content\/uploads\/2025\/06\/Patriciaa.png","contentUrl":"https:\/\/pulso27.com\/wp-content\/uploads\/2025\/06\/Patriciaa.png","width":964,"height":600},{"@type":"BreadcrumbList","@id":"https:\/\/pulso27.com\/nacional\/poder-judicial-suspende-por-24-meses-a-patricia-benavides-como-fiscal-de-la-nacion\/#breadcrumb","itemListElement":[{"@type":"ListItem","position":1,"name":"Portada","item":"https:\/\/pulso27.com\/"},{"@type":"ListItem","position":2,"name":"Poder Judicial suspende por 24 meses a Patricia Benavides como Fiscal de la Naci\u00f3n"}]},{"@type":"WebSite","@id":"https:\/\/pulso27.com\/en\/#website","url":"https:\/\/pulso27.com\/en\/","name":"Pulso27","description":"Web de noticias y publicidad","publisher":{"@id":"https:\/\/pulso27.com\/en\/#organization"},"alternateName":"El pulso del pueblo","potentialAction":[{"@type":"SearchAction","target":{"@type":"EntryPoint","urlTemplate":"https:\/\/pulso27.com\/en\/?s={search_term_string}"},"query-input":{"@type":"PropertyValueSpecification","valueRequired":true,"valueName":"search_term_string"}}],"inLanguage":"es-PE"},{"@type":"Organization","@id":"https:\/\/pulso27.com\/en\/#organization","name":"Pulso27","url":"https:\/\/pulso27.com\/en\/","logo":{"@type":"ImageObject","inLanguage":"es-PE","@id":"https:\/\/pulso27.com\/en\/#\/schema\/logo\/image\/","url":"https:\/\/pulso27.com\/wp-content\/uploads\/2026\/02\/Logotipo-de-la-organizacion-696-x-696-px-ok.png","contentUrl":"https:\/\/pulso27.com\/wp-content\/uploads\/2026\/02\/Logotipo-de-la-organizacion-696-x-696-px-ok.png","width":696,"height":696,"caption":"Pulso27"},"image":{"@id":"https:\/\/pulso27.com\/en\/#\/schema\/logo\/image\/"},"sameAs":["https:\/\/www.facebook.com\/pulso27\/","https:\/\/x.com\/Pulso_27","https:\/\/www.youtube.com\/@Pulso27","https:\/\/www.tiktok.com\/@pulso_27"]},{"@type":"Person","@id":"https:\/\/pulso27.com\/en\/#\/schema\/person\/bf5ee161e6c87f6c7d57f5e689ef8526","name":"Redactor","image":{"@type":"ImageObject","inLanguage":"es-PE","@id":"https:\/\/pulso27.com\/wp-content\/uploads\/2025\/03\/a-150x150.png","url":"https:\/\/pulso27.com\/wp-content\/uploads\/2025\/03\/a-150x150.png","contentUrl":"https:\/\/pulso27.com\/wp-content\/uploads\/2025\/03\/a-150x150.png","caption":"Redactor"},"sameAs":["http:\/\/www.pulso27.com"],"url":"https:\/\/pulso27.com\/es\/author\/redactor\/"}]}},"amp_enabled":true,"_links":{"self":[{"href":"https:\/\/pulso27.com\/es\/wp-json\/wp\/v2\/posts\/5764","targetHints":{"allow":["GET"]}}],"collection":[{"href":"https:\/\/pulso27.com\/es\/wp-json\/wp\/v2\/posts"}],"about":[{"href":"https:\/\/pulso27.com\/es\/wp-json\/wp\/v2\/types\/post"}],"author":[{"embeddable":true,"href":"https:\/\/pulso27.com\/es\/wp-json\/wp\/v2\/users\/13"}],"replies":[{"embeddable":true,"href":"https:\/\/pulso27.com\/es\/wp-json\/wp\/v2\/comments?post=5764"}],"version-history":[{"count":1,"href":"https:\/\/pulso27.com\/es\/wp-json\/wp\/v2\/posts\/5764\/revisions"}],"predecessor-version":[{"id":5767,"href":"https:\/\/pulso27.com\/es\/wp-json\/wp\/v2\/posts\/5764\/revisions\/5767"}],"wp:featuredmedia":[{"embeddable":true,"href":"https:\/\/pulso27.com\/es\/wp-json\/wp\/v2\/media\/5765"}],"wp:attachment":[{"href":"https:\/\/pulso27.com\/es\/wp-json\/wp\/v2\/media?parent=5764"}],"wp:term":[{"taxonomy":"category","embeddable":true,"href":"https:\/\/pulso27.com\/es\/wp-json\/wp\/v2\/categories?post=5764"},{"taxonomy":"post_tag","embeddable":true,"href":"https:\/\/pulso27.com\/es\/wp-json\/wp\/v2\/tags?post=5764"}],"curies":[{"name":"wp","href":"https:\/\/api.w.org\/{rel}","templated":true}]}}