{"id":5773,"date":"2025-07-04T07:01:16","date_gmt":"2025-07-04T02:01:16","guid":{"rendered":"https:\/\/pulso27.com\/?p=5773"},"modified":"2025-07-04T07:01:20","modified_gmt":"2025-07-04T02:01:20","slug":"paro-indefinido-de-mineros-informales-paraliza-el-peru-con-bloqueos-y-protestas","status":"publish","type":"post","link":"https:\/\/pulso27.com\/es\/actualidad\/economia\/paro-indefinido-de-mineros-informales-paraliza-el-peru-con-bloqueos-y-protestas\/","title":{"rendered":"Paro indefinido de mineros informales paraliza el Per\u00fa con bloqueos y protestas"},"content":{"rendered":"\n<p>Lima, 3 de julio de 2025\u2013 Desde el 26 de junio, el Per\u00fa vive una escalada de tensiones debido a un paro indefinido convocado por mineros informales y artesanales, quienes exigen la derogaci\u00f3n del Decreto Supremo N\u00b0 012-2025-EM y la aprobaci\u00f3n de una nueva Ley de Miner\u00eda Artesanal y de Peque\u00f1a Escala (MAPE). Las protestas, lideradas por la Confederaci\u00f3n Nacional de Peque\u00f1a Miner\u00eda y Miner\u00eda Artesanal del Per\u00fa (Confemin), han generado bloqueos de carreteras en regiones clave como Arequipa, Ica, Cusco y La Libertad, as\u00ed como movilizaciones frente al Congreso y el Ministerio de Energ\u00eda y Minas (Minem) en Lima.<\/p>\n\n\n\n<p><strong>Bloqueos y caos en las carreteras.<\/strong><\/p>\n\n\n\n<p>Los mineros han interrumpido v\u00edas estrat\u00e9gicas como la Panamericana Sur en Arequipa (Puente Oco\u00f1a, Chala, Yauca) y Nasca (Ica), as\u00ed como la carretera Shorey-Pampa La Julia en La Libertad. Estos bloqueos han causado demoras de hasta tres d\u00edas para pasajeros y transportistas, incrementos de precios en alimentos y combustibles, y desabastecimiento en mercados locales. En Arequipa, el 80% de los grifos se qued\u00f3 sin combustible en noviembre de 2024 debido a protestas similares, y la situaci\u00f3n actual amenaza con agravar la crisis.<\/p>\n\n\n\n<figure class=\"wp-block-image size-full\"><img loading=\"lazy\" decoding=\"async\" width=\"1024\" height=\"683\" src=\"https:\/\/pulso27.com\/wp-content\/uploads\/2025\/07\/image-1.png\" alt=\"\" class=\"wp-image-5778\" srcset=\"https:\/\/pulso27.com\/wp-content\/uploads\/2025\/07\/image-1.png 1024w, https:\/\/pulso27.com\/wp-content\/uploads\/2025\/07\/image-1-300x200.png 300w, https:\/\/pulso27.com\/wp-content\/uploads\/2025\/07\/image-1-768x512.png 768w, https:\/\/pulso27.com\/wp-content\/uploads\/2025\/07\/image-1-18x12.png 18w\" sizes=\"auto, (max-width: 1024px) 100vw, 1024px\" \/><figcaption class=\"wp-element-caption\"><em>Los mineros han interrumpido v\u00edas estrat\u00e9gicas como la Panamericana Sur en Arequipa (Puente Oco\u00f1a, Chala, Yauca) y Nasca (Ica), as\u00ed como la carretera Shorey-Pampa La Julia en La Libertad<\/em><\/figcaption><\/figure>\n\n\n\n<p>Empresas de transporte han suspendido servicios, y los costos de movilizaci\u00f3n han aumentado hasta un 100%, con transbordos que oscilan entre S\/50 y S\/70 por tramo. En Caravel\u00ed, un accidente durante los bloqueos de noviembre dej\u00f3 tres mineros fallecidos, mientras que en Pataz se reportaron agresiones a conductores que intentaron cruzar los puntos de protesta.<\/p>\n\n\n\n<p><strong>Formalizaci\u00f3n sin trabas<\/strong><\/p>\n\n\n\n<p>Los mineros exigen la derogaci\u00f3n del Decreto Supremo 012-2025, que fija el cierre del Registro Integral de Formalizaci\u00f3n Minera (Reinfo) para el 31 de diciembre de 2025. Argumentan que el plazo de 45 d\u00edas para reactivar registros suspendidos es insuficiente y que el proceso de formalizaci\u00f3n est\u00e1 plagado de trabas burocr\u00e1ticas. Adem\u00e1s, piden la aprobaci\u00f3n de una Ley MAPE que contemple las necesidades reales del sector artesanal y un censo para identificar a los mineros genuinos, excluyendo a quienes operan ilegalmente. \u201cEl gobierno no nos da soluciones reales. Queremos trabajar dentro de la legalidad, pero nos cierran las puertas\u201d, se\u00f1al\u00f3 Franco B\u00e9cquer, l\u00edder de Confemin, desde las protestas en Lima, donde cientos de mineros acampan frente al Congreso en la avenida Abancay y el Minem en San Borja.<\/p>\n\n\n\n<p><strong>Impacto econ\u00f3mico y controversias<\/strong><\/p>\n\n\n\n<p>El paro amenaza con generar p\u00e9rdidas de hasta S\/400 millones para la econom\u00eda nacional, seg\u00fan estimaciones, afectando tanto a la miner\u00eda formal como a sectores como el transporte y el comercio. Empresas como Las Bambas y Hudbay enfrentan dificultades para movilizar minerales debido a los bloqueos. El conflicto tambi\u00e9n ha reavivado el debate sobre la miner\u00eda ilegal. La Sociedad Nacional de Miner\u00eda, Petr\u00f3leo y Energ\u00eda y el Ministerio P\u00fablico se\u00f1alan que el Reinfo ha sido explotado por grupos vinculados a actividades il\u00edcitas, como el lavado de activos y la trata de personas, con un movimiento econ\u00f3mico estimado en US$12,000 millones anuales en regiones como Madre de Dios y Puno. Sin embargo, los mineros artesanales insisten en que son trabajadores que buscan formalizarse y no delincuentes.<\/p>\n\n\n\n<figure class=\"wp-block-image size-large\"><img loading=\"lazy\" decoding=\"async\" width=\"1024\" height=\"576\" src=\"https:\/\/pulso27.com\/wp-content\/uploads\/2025\/07\/image-1024x576.png\" alt=\"\" class=\"wp-image-5774\" srcset=\"https:\/\/pulso27.com\/wp-content\/uploads\/2025\/07\/image-1024x576.png 1024w, https:\/\/pulso27.com\/wp-content\/uploads\/2025\/07\/image-300x169.png 300w, https:\/\/pulso27.com\/wp-content\/uploads\/2025\/07\/image-768x432.png 768w, https:\/\/pulso27.com\/wp-content\/uploads\/2025\/07\/image-18x10.png 18w, https:\/\/pulso27.com\/wp-content\/uploads\/2025\/07\/image.png 1068w\" sizes=\"auto, (max-width: 1024px) 100vw, 1024px\" \/><figcaption class=\"wp-element-caption\"><em>Los mineros artesanales ancestrales son trabajadores que buscan formalizarse y no son delincuentes<\/em><\/figcaption><\/figure>\n\n\n\n<p><strong>Respuesta del gobierno<\/strong><\/p>\n\n\n\n<p>El ministro de Energ\u00eda y Minas, Jorge Luis Montero, ha instado a los mineros a levantar los bloqueos para iniciar un di\u00e1logo, enfatizando la necesidad de combatir la miner\u00eda ilegal. El Congreso, por su parte, debate proyectos para extender el Reinfo hasta 2027, pero a\u00fan no hay consenso. Los manifestantes han advertido que radicalizar\u00e1n las protestas si no se atienden sus demandas.<\/p>\n\n\n\n<p><strong>Un pa\u00eds en vilo<\/strong><\/p>\n\n\n\n<p>Con bloqueos persistentes y movilizaciones en curso, el paro de los mineros informales mantiene en vilo al Per\u00fa. La interrupci\u00f3n de carreteras, el encarecimiento de productos b\u00e1sicos y las tensiones sociales reflejan la urgencia de encontrar una soluci\u00f3n que equilibre la formalizaci\u00f3n del sector con la seguridad y el orden p\u00fablico.<\/p>\n","protected":false},"excerpt":{"rendered":"<p>Lima, 3 de julio de 2025\u2013 Desde el 26 de junio, el Per\u00fa vive una escalada de tensiones debido a un paro indefinido convocado por mineros informales y artesanales, quienes exigen la derogaci\u00f3n del Decreto Supremo N\u00b0 012-2025-EM y la aprobaci\u00f3n de una nueva Ley de Miner\u00eda Artesanal y de Peque\u00f1a Escala (MAPE). Las protestas, [&hellip;]<\/p>\n","protected":false},"author":11,"featured_media":5775,"comment_status":"open","ping_status":"open","sticky":false,"template":"","format":"standard","meta":{"footnotes":""},"categories":[177,174],"tags":[],"class_list":["post-5773","post","type-post","status-publish","format-standard","has-post-thumbnail","hentry","category-economia","category-nacional"],"yoast_head":"<!-- This site is optimized with the Yoast SEO plugin v27.4 - https:\/\/yoast.com\/product\/yoast-seo-wordpress\/ -->\n<title>Paro indefinido de mineros informales paraliza el Per\u00fa con bloqueos y protestas - Pulso27<\/title>\n<meta name=\"robots\" content=\"index, follow, max-snippet:-1, max-image-preview:large, max-video-preview:-1\" \/>\n<link rel=\"canonical\" href=\"https:\/\/pulso27.com\/es\/actualidad\/economia\/paro-indefinido-de-mineros-informales-paraliza-el-peru-con-bloqueos-y-protestas\/\" \/>\n<meta property=\"og:locale\" content=\"es_ES\" \/>\n<meta property=\"og:type\" content=\"article\" \/>\n<meta property=\"og:title\" content=\"Paro indefinido de mineros informales paraliza el Per\u00fa con bloqueos y protestas - Pulso27\" \/>\n<meta property=\"og:description\" content=\"Lima, 3 de julio de 2025\u2013 Desde el 26 de junio, el Per\u00fa vive una escalada de tensiones debido a un paro indefinido convocado por mineros informales y artesanales, quienes exigen la derogaci\u00f3n del Decreto Supremo N\u00b0 012-2025-EM y la aprobaci\u00f3n de una nueva Ley de Miner\u00eda Artesanal y de Peque\u00f1a Escala (MAPE). Las protestas, [&hellip;]\" \/>\n<meta property=\"og:url\" content=\"https:\/\/pulso27.com\/es\/actualidad\/economia\/paro-indefinido-de-mineros-informales-paraliza-el-peru-con-bloqueos-y-protestas\/\" \/>\n<meta property=\"og:site_name\" content=\"Pulso27\" \/>\n<meta property=\"article:publisher\" content=\"https:\/\/www.facebook.com\/pulso27\/\" \/>\n<meta property=\"article:author\" content=\"https:\/\/www.facebook.com\/pulso27\" \/>\n<meta property=\"article:published_time\" content=\"2025-07-04T02:01:16+00:00\" \/>\n<meta property=\"article:modified_time\" content=\"2025-07-04T02:01:20+00:00\" \/>\n<meta property=\"og:image\" content=\"https:\/\/pulso27.com\/wp-content\/uploads\/2025\/07\/Mineros.png\" \/>\n\t<meta property=\"og:image:width\" content=\"960\" \/>\n\t<meta property=\"og:image:height\" content=\"600\" \/>\n\t<meta property=\"og:image:type\" content=\"image\/png\" \/>\n<meta name=\"author\" content=\"Editor\" \/>\n<meta name=\"twitter:card\" content=\"summary_large_image\" \/>\n<meta name=\"twitter:creator\" content=\"@https:\/\/x.com\/Pulso_27\" \/>\n<meta name=\"twitter:site\" content=\"@Pulso_27\" \/>\n<meta name=\"twitter:label1\" content=\"Written by\" \/>\n\t<meta name=\"twitter:data1\" content=\"Editor\" \/>\n\t<meta name=\"twitter:label2\" content=\"Est. reading time\" \/>\n\t<meta name=\"twitter:data2\" content=\"4 minutos\" \/>\n<script type=\"application\/ld+json\" class=\"yoast-schema-graph\">{\"@context\":\"https:\\\/\\\/schema.org\",\"@graph\":[{\"@type\":\"Article\",\"@id\":\"https:\\\/\\\/pulso27.com\\\/actualidad\\\/economia\\\/paro-indefinido-de-mineros-informales-paraliza-el-peru-con-bloqueos-y-protestas\\\/#article\",\"isPartOf\":{\"@id\":\"https:\\\/\\\/pulso27.com\\\/actualidad\\\/economia\\\/paro-indefinido-de-mineros-informales-paraliza-el-peru-con-bloqueos-y-protestas\\\/\"},\"author\":{\"name\":\"Editor\",\"@id\":\"https:\\\/\\\/pulso27.com\\\/en\\\/#\\\/schema\\\/person\\\/e0da4cfacbab724cbf4ab44bcc030735\"},\"headline\":\"Paro indefinido de mineros informales paraliza el Per\u00fa con bloqueos y protestas\",\"datePublished\":\"2025-07-04T02:01:16+00:00\",\"dateModified\":\"2025-07-04T02:01:20+00:00\",\"mainEntityOfPage\":{\"@id\":\"https:\\\/\\\/pulso27.com\\\/actualidad\\\/economia\\\/paro-indefinido-de-mineros-informales-paraliza-el-peru-con-bloqueos-y-protestas\\\/\"},\"wordCount\":722,\"commentCount\":0,\"publisher\":{\"@id\":\"https:\\\/\\\/pulso27.com\\\/en\\\/#organization\"},\"image\":{\"@id\":\"https:\\\/\\\/pulso27.com\\\/actualidad\\\/economia\\\/paro-indefinido-de-mineros-informales-paraliza-el-peru-con-bloqueos-y-protestas\\\/#primaryimage\"},\"thumbnailUrl\":\"https:\\\/\\\/pulso27.com\\\/wp-content\\\/uploads\\\/2025\\\/07\\\/Mineros.png\",\"articleSection\":[\"Econom\u00eda\",\"Nacional\"],\"inLanguage\":\"es-PE\",\"potentialAction\":[{\"@type\":\"CommentAction\",\"name\":\"Comment\",\"target\":[\"https:\\\/\\\/pulso27.com\\\/actualidad\\\/economia\\\/paro-indefinido-de-mineros-informales-paraliza-el-peru-con-bloqueos-y-protestas\\\/#respond\"]}]},{\"@type\":\"WebPage\",\"@id\":\"https:\\\/\\\/pulso27.com\\\/actualidad\\\/economia\\\/paro-indefinido-de-mineros-informales-paraliza-el-peru-con-bloqueos-y-protestas\\\/\",\"url\":\"https:\\\/\\\/pulso27.com\\\/actualidad\\\/economia\\\/paro-indefinido-de-mineros-informales-paraliza-el-peru-con-bloqueos-y-protestas\\\/\",\"name\":\"Paro indefinido de mineros informales paraliza el Per\u00fa con bloqueos y protestas - Pulso27\",\"isPartOf\":{\"@id\":\"https:\\\/\\\/pulso27.com\\\/en\\\/#website\"},\"primaryImageOfPage\":{\"@id\":\"https:\\\/\\\/pulso27.com\\\/actualidad\\\/economia\\\/paro-indefinido-de-mineros-informales-paraliza-el-peru-con-bloqueos-y-protestas\\\/#primaryimage\"},\"image\":{\"@id\":\"https:\\\/\\\/pulso27.com\\\/actualidad\\\/economia\\\/paro-indefinido-de-mineros-informales-paraliza-el-peru-con-bloqueos-y-protestas\\\/#primaryimage\"},\"thumbnailUrl\":\"https:\\\/\\\/pulso27.com\\\/wp-content\\\/uploads\\\/2025\\\/07\\\/Mineros.png\",\"datePublished\":\"2025-07-04T02:01:16+00:00\",\"dateModified\":\"2025-07-04T02:01:20+00:00\",\"breadcrumb\":{\"@id\":\"https:\\\/\\\/pulso27.com\\\/actualidad\\\/economia\\\/paro-indefinido-de-mineros-informales-paraliza-el-peru-con-bloqueos-y-protestas\\\/#breadcrumb\"},\"inLanguage\":\"es-PE\",\"potentialAction\":[{\"@type\":\"ReadAction\",\"target\":[\"https:\\\/\\\/pulso27.com\\\/actualidad\\\/economia\\\/paro-indefinido-de-mineros-informales-paraliza-el-peru-con-bloqueos-y-protestas\\\/\"]}]},{\"@type\":\"ImageObject\",\"inLanguage\":\"es-PE\",\"@id\":\"https:\\\/\\\/pulso27.com\\\/actualidad\\\/economia\\\/paro-indefinido-de-mineros-informales-paraliza-el-peru-con-bloqueos-y-protestas\\\/#primaryimage\",\"url\":\"https:\\\/\\\/pulso27.com\\\/wp-content\\\/uploads\\\/2025\\\/07\\\/Mineros.png\",\"contentUrl\":\"https:\\\/\\\/pulso27.com\\\/wp-content\\\/uploads\\\/2025\\\/07\\\/Mineros.png\",\"width\":960,\"height\":600},{\"@type\":\"BreadcrumbList\",\"@id\":\"https:\\\/\\\/pulso27.com\\\/actualidad\\\/economia\\\/paro-indefinido-de-mineros-informales-paraliza-el-peru-con-bloqueos-y-protestas\\\/#breadcrumb\",\"itemListElement\":[{\"@type\":\"ListItem\",\"position\":1,\"name\":\"Portada\",\"item\":\"https:\\\/\\\/pulso27.com\\\/\"},{\"@type\":\"ListItem\",\"position\":2,\"name\":\"Paro indefinido de mineros informales paraliza el Per\u00fa con bloqueos y protestas\"}]},{\"@type\":\"WebSite\",\"@id\":\"https:\\\/\\\/pulso27.com\\\/en\\\/#website\",\"url\":\"https:\\\/\\\/pulso27.com\\\/en\\\/\",\"name\":\"Pulso27\",\"description\":\"Web de noticias y publicidad\",\"publisher\":{\"@id\":\"https:\\\/\\\/pulso27.com\\\/en\\\/#organization\"},\"alternateName\":\"El pulso del pueblo\",\"potentialAction\":[{\"@type\":\"SearchAction\",\"target\":{\"@type\":\"EntryPoint\",\"urlTemplate\":\"https:\\\/\\\/pulso27.com\\\/en\\\/?s={search_term_string}\"},\"query-input\":{\"@type\":\"PropertyValueSpecification\",\"valueRequired\":true,\"valueName\":\"search_term_string\"}}],\"inLanguage\":\"es-PE\"},{\"@type\":\"Organization\",\"@id\":\"https:\\\/\\\/pulso27.com\\\/en\\\/#organization\",\"name\":\"Pulso27\",\"url\":\"https:\\\/\\\/pulso27.com\\\/en\\\/\",\"logo\":{\"@type\":\"ImageObject\",\"inLanguage\":\"es-PE\",\"@id\":\"https:\\\/\\\/pulso27.com\\\/en\\\/#\\\/schema\\\/logo\\\/image\\\/\",\"url\":\"https:\\\/\\\/pulso27.com\\\/wp-content\\\/uploads\\\/2026\\\/02\\\/Logotipo-de-la-organizacion-696-x-696-px-ok.png\",\"contentUrl\":\"https:\\\/\\\/pulso27.com\\\/wp-content\\\/uploads\\\/2026\\\/02\\\/Logotipo-de-la-organizacion-696-x-696-px-ok.png\",\"width\":696,\"height\":696,\"caption\":\"Pulso27\"},\"image\":{\"@id\":\"https:\\\/\\\/pulso27.com\\\/en\\\/#\\\/schema\\\/logo\\\/image\\\/\"},\"sameAs\":[\"https:\\\/\\\/www.facebook.com\\\/pulso27\\\/\",\"https:\\\/\\\/x.com\\\/Pulso_27\",\"https:\\\/\\\/www.youtube.com\\\/@Pulso27\",\"https:\\\/\\\/www.tiktok.com\\\/@pulso_27\"]},{\"@type\":\"Person\",\"@id\":\"https:\\\/\\\/pulso27.com\\\/en\\\/#\\\/schema\\\/person\\\/e0da4cfacbab724cbf4ab44bcc030735\",\"name\":\"Editor\",\"image\":{\"@type\":\"ImageObject\",\"inLanguage\":\"es-PE\",\"@id\":\"https:\\\/\\\/pulso27.com\\\/wp-content\\\/uploads\\\/2025\\\/03\\\/c-150x150.png\",\"url\":\"https:\\\/\\\/pulso27.com\\\/wp-content\\\/uploads\\\/2025\\\/03\\\/c-150x150.png\",\"contentUrl\":\"https:\\\/\\\/pulso27.com\\\/wp-content\\\/uploads\\\/2025\\\/03\\\/c-150x150.png\",\"caption\":\"Editor\"},\"sameAs\":[\"http:\\\/\\\/www.pulso27.com\",\"https:\\\/\\\/www.facebook.com\\\/pulso27\",\"https:\\\/\\\/x.com\\\/https:\\\/\\\/x.com\\\/Pulso_27\",\"https:\\\/\\\/www.youtube.com\\\/@Pulso27\"],\"url\":\"https:\\\/\\\/pulso27.com\\\/es\\\/author\\\/editor\\\/\"}]}<\/script>\n<!-- \/ Yoast SEO plugin. -->","yoast_head_json":{"title":"Paro indefinido de mineros informales paraliza el Per\u00fa con bloqueos y protestas - Pulso27","robots":{"index":"index","follow":"follow","max-snippet":"max-snippet:-1","max-image-preview":"max-image-preview:large","max-video-preview":"max-video-preview:-1"},"canonical":"https:\/\/pulso27.com\/es\/actualidad\/economia\/paro-indefinido-de-mineros-informales-paraliza-el-peru-con-bloqueos-y-protestas\/","og_locale":"es_ES","og_type":"article","og_title":"Paro indefinido de mineros informales paraliza el Per\u00fa con bloqueos y protestas - Pulso27","og_description":"Lima, 3 de julio de 2025\u2013 Desde el 26 de junio, el Per\u00fa vive una escalada de tensiones debido a un paro indefinido convocado por mineros informales y artesanales, quienes exigen la derogaci\u00f3n del Decreto Supremo N\u00b0 012-2025-EM y la aprobaci\u00f3n de una nueva Ley de Miner\u00eda Artesanal y de Peque\u00f1a Escala (MAPE). Las protestas, [&hellip;]","og_url":"https:\/\/pulso27.com\/es\/actualidad\/economia\/paro-indefinido-de-mineros-informales-paraliza-el-peru-con-bloqueos-y-protestas\/","og_site_name":"Pulso27","article_publisher":"https:\/\/www.facebook.com\/pulso27\/","article_author":"https:\/\/www.facebook.com\/pulso27","article_published_time":"2025-07-04T02:01:16+00:00","article_modified_time":"2025-07-04T02:01:20+00:00","og_image":[{"width":960,"height":600,"url":"https:\/\/pulso27.com\/wp-content\/uploads\/2025\/07\/Mineros.png","type":"image\/png"}],"author":"Editor","twitter_card":"summary_large_image","twitter_creator":"@https:\/\/x.com\/Pulso_27","twitter_site":"@Pulso_27","twitter_misc":{"Written by":"Editor","Est. reading time":"4 minutos"},"schema":{"@context":"https:\/\/schema.org","@graph":[{"@type":"Article","@id":"https:\/\/pulso27.com\/actualidad\/economia\/paro-indefinido-de-mineros-informales-paraliza-el-peru-con-bloqueos-y-protestas\/#article","isPartOf":{"@id":"https:\/\/pulso27.com\/actualidad\/economia\/paro-indefinido-de-mineros-informales-paraliza-el-peru-con-bloqueos-y-protestas\/"},"author":{"name":"Editor","@id":"https:\/\/pulso27.com\/en\/#\/schema\/person\/e0da4cfacbab724cbf4ab44bcc030735"},"headline":"Paro indefinido de mineros informales paraliza el Per\u00fa con bloqueos y protestas","datePublished":"2025-07-04T02:01:16+00:00","dateModified":"2025-07-04T02:01:20+00:00","mainEntityOfPage":{"@id":"https:\/\/pulso27.com\/actualidad\/economia\/paro-indefinido-de-mineros-informales-paraliza-el-peru-con-bloqueos-y-protestas\/"},"wordCount":722,"commentCount":0,"publisher":{"@id":"https:\/\/pulso27.com\/en\/#organization"},"image":{"@id":"https:\/\/pulso27.com\/actualidad\/economia\/paro-indefinido-de-mineros-informales-paraliza-el-peru-con-bloqueos-y-protestas\/#primaryimage"},"thumbnailUrl":"https:\/\/pulso27.com\/wp-content\/uploads\/2025\/07\/Mineros.png","articleSection":["Econom\u00eda","Nacional"],"inLanguage":"es-PE","potentialAction":[{"@type":"CommentAction","name":"Comment","target":["https:\/\/pulso27.com\/actualidad\/economia\/paro-indefinido-de-mineros-informales-paraliza-el-peru-con-bloqueos-y-protestas\/#respond"]}]},{"@type":"WebPage","@id":"https:\/\/pulso27.com\/actualidad\/economia\/paro-indefinido-de-mineros-informales-paraliza-el-peru-con-bloqueos-y-protestas\/","url":"https:\/\/pulso27.com\/actualidad\/economia\/paro-indefinido-de-mineros-informales-paraliza-el-peru-con-bloqueos-y-protestas\/","name":"Paro indefinido de mineros informales paraliza el Per\u00fa con bloqueos y protestas - Pulso27","isPartOf":{"@id":"https:\/\/pulso27.com\/en\/#website"},"primaryImageOfPage":{"@id":"https:\/\/pulso27.com\/actualidad\/economia\/paro-indefinido-de-mineros-informales-paraliza-el-peru-con-bloqueos-y-protestas\/#primaryimage"},"image":{"@id":"https:\/\/pulso27.com\/actualidad\/economia\/paro-indefinido-de-mineros-informales-paraliza-el-peru-con-bloqueos-y-protestas\/#primaryimage"},"thumbnailUrl":"https:\/\/pulso27.com\/wp-content\/uploads\/2025\/07\/Mineros.png","datePublished":"2025-07-04T02:01:16+00:00","dateModified":"2025-07-04T02:01:20+00:00","breadcrumb":{"@id":"https:\/\/pulso27.com\/actualidad\/economia\/paro-indefinido-de-mineros-informales-paraliza-el-peru-con-bloqueos-y-protestas\/#breadcrumb"},"inLanguage":"es-PE","potentialAction":[{"@type":"ReadAction","target":["https:\/\/pulso27.com\/actualidad\/economia\/paro-indefinido-de-mineros-informales-paraliza-el-peru-con-bloqueos-y-protestas\/"]}]},{"@type":"ImageObject","inLanguage":"es-PE","@id":"https:\/\/pulso27.com\/actualidad\/economia\/paro-indefinido-de-mineros-informales-paraliza-el-peru-con-bloqueos-y-protestas\/#primaryimage","url":"https:\/\/pulso27.com\/wp-content\/uploads\/2025\/07\/Mineros.png","contentUrl":"https:\/\/pulso27.com\/wp-content\/uploads\/2025\/07\/Mineros.png","width":960,"height":600},{"@type":"BreadcrumbList","@id":"https:\/\/pulso27.com\/actualidad\/economia\/paro-indefinido-de-mineros-informales-paraliza-el-peru-con-bloqueos-y-protestas\/#breadcrumb","itemListElement":[{"@type":"ListItem","position":1,"name":"Portada","item":"https:\/\/pulso27.com\/"},{"@type":"ListItem","position":2,"name":"Paro indefinido de mineros informales paraliza el Per\u00fa con bloqueos y protestas"}]},{"@type":"WebSite","@id":"https:\/\/pulso27.com\/en\/#website","url":"https:\/\/pulso27.com\/en\/","name":"Pulso27","description":"Web de noticias y publicidad","publisher":{"@id":"https:\/\/pulso27.com\/en\/#organization"},"alternateName":"El pulso del pueblo","potentialAction":[{"@type":"SearchAction","target":{"@type":"EntryPoint","urlTemplate":"https:\/\/pulso27.com\/en\/?s={search_term_string}"},"query-input":{"@type":"PropertyValueSpecification","valueRequired":true,"valueName":"search_term_string"}}],"inLanguage":"es-PE"},{"@type":"Organization","@id":"https:\/\/pulso27.com\/en\/#organization","name":"Pulso27","url":"https:\/\/pulso27.com\/en\/","logo":{"@type":"ImageObject","inLanguage":"es-PE","@id":"https:\/\/pulso27.com\/en\/#\/schema\/logo\/image\/","url":"https:\/\/pulso27.com\/wp-content\/uploads\/2026\/02\/Logotipo-de-la-organizacion-696-x-696-px-ok.png","contentUrl":"https:\/\/pulso27.com\/wp-content\/uploads\/2026\/02\/Logotipo-de-la-organizacion-696-x-696-px-ok.png","width":696,"height":696,"caption":"Pulso27"},"image":{"@id":"https:\/\/pulso27.com\/en\/#\/schema\/logo\/image\/"},"sameAs":["https:\/\/www.facebook.com\/pulso27\/","https:\/\/x.com\/Pulso_27","https:\/\/www.youtube.com\/@Pulso27","https:\/\/www.tiktok.com\/@pulso_27"]},{"@type":"Person","@id":"https:\/\/pulso27.com\/en\/#\/schema\/person\/e0da4cfacbab724cbf4ab44bcc030735","name":"Editor","image":{"@type":"ImageObject","inLanguage":"es-PE","@id":"https:\/\/pulso27.com\/wp-content\/uploads\/2025\/03\/c-150x150.png","url":"https:\/\/pulso27.com\/wp-content\/uploads\/2025\/03\/c-150x150.png","contentUrl":"https:\/\/pulso27.com\/wp-content\/uploads\/2025\/03\/c-150x150.png","caption":"Editor"},"sameAs":["http:\/\/www.pulso27.com","https:\/\/www.facebook.com\/pulso27","https:\/\/x.com\/https:\/\/x.com\/Pulso_27","https:\/\/www.youtube.com\/@Pulso27"],"url":"https:\/\/pulso27.com\/es\/author\/editor\/"}]}},"amp_enabled":true,"_links":{"self":[{"href":"https:\/\/pulso27.com\/es\/wp-json\/wp\/v2\/posts\/5773","targetHints":{"allow":["GET"]}}],"collection":[{"href":"https:\/\/pulso27.com\/es\/wp-json\/wp\/v2\/posts"}],"about":[{"href":"https:\/\/pulso27.com\/es\/wp-json\/wp\/v2\/types\/post"}],"author":[{"embeddable":true,"href":"https:\/\/pulso27.com\/es\/wp-json\/wp\/v2\/users\/11"}],"replies":[{"embeddable":true,"href":"https:\/\/pulso27.com\/es\/wp-json\/wp\/v2\/comments?post=5773"}],"version-history":[{"count":2,"href":"https:\/\/pulso27.com\/es\/wp-json\/wp\/v2\/posts\/5773\/revisions"}],"predecessor-version":[{"id":5782,"href":"https:\/\/pulso27.com\/es\/wp-json\/wp\/v2\/posts\/5773\/revisions\/5782"}],"wp:featuredmedia":[{"embeddable":true,"href":"https:\/\/pulso27.com\/es\/wp-json\/wp\/v2\/media\/5775"}],"wp:attachment":[{"href":"https:\/\/pulso27.com\/es\/wp-json\/wp\/v2\/media?parent=5773"}],"wp:term":[{"taxonomy":"category","embeddable":true,"href":"https:\/\/pulso27.com\/es\/wp-json\/wp\/v2\/categories?post=5773"},{"taxonomy":"post_tag","embeddable":true,"href":"https:\/\/pulso27.com\/es\/wp-json\/wp\/v2\/tags?post=5773"}],"curies":[{"name":"wp","href":"https:\/\/api.w.org\/{rel}","templated":true}]}}