{"id":579,"date":"2023-11-08T16:42:27","date_gmt":"2023-11-08T16:42:27","guid":{"rendered":"https:\/\/pulso27.com\/?p=579"},"modified":"2024-11-02T08:48:03","modified_gmt":"2024-11-02T03:48:03","slug":"579","status":"publish","type":"post","link":"https:\/\/pulso27.com\/es\/nacional\/579\/","title":{"rendered":"Congreso: Acuerdan debatir y votar hoy informe final sobre JNJ, pese a fallo del Poder Judicial"},"content":{"rendered":"\n<p><\/p>\n\n\n\n<p>El Parlamento acord\u00f3 continuar con la sesi\u00f3n del 8 de noviembre. Desde la JNJ aseguraron que respetar\u00e1n el fallo del PJ y no se presentar\u00e1n ante el Pleno.<br>\u00bfQui\u00e9n es Javier Gonz\u00e1lez Olaechea, el nuevo canciller de Per\u00fa?<br>Dina Boluarte: Fiscal\u00eda abre investigaci\u00f3n contra su hermano Nicanor Boluarte<br>Junta Nacional de Justicia se pronuncia sobre apertura de investigaci\u00f3n de Congreso a sus miembros.<\/p>\n\n\n\n<figure class=\"wp-block-gallery has-nested-images columns-default is-cropped wp-block-gallery-1 is-layout-flex wp-block-gallery-is-layout-flex\">\n<figure class=\"wp-block-image size-large\"><img loading=\"lazy\" decoding=\"async\" width=\"640\" height=\"582\" data-id=\"580\" src=\"https:\/\/pulso27.com\/wp-content\/uploads\/2023\/11\/jnj-fallo.webp\" alt=\"\" class=\"wp-image-580\" srcset=\"https:\/\/pulso27.com\/wp-content\/uploads\/2023\/11\/jnj-fallo.webp 640w, https:\/\/pulso27.com\/wp-content\/uploads\/2023\/11\/jnj-fallo-300x273.webp 300w\" sizes=\"auto, (max-width: 640px) 100vw, 640px\" \/><\/figure>\n<\/figure>\n\n\n\n<p><br>Ignoran el fallo judicial. El Congreso de la Rep\u00fablica, liderado por Alejandro Soto, anunci\u00f3 que sigue en pie la sesi\u00f3n plenaria del mi\u00e9rcoles 8 de noviembre para \u00ababordar el caso de la Junta Nacional de Justicia (JNJ)\u00bb, a pesar de que la tarde de este martes 7 de noviembre la Tercera Sala Constitucional concedi\u00f3 en parte la medida cautelar solicitada por los magistrados de la JNJ que ordena al Parlamento suspender provisionalmente todos los efectos del informe final aprobado en la Comisi\u00f3n de Justicia y todos los actos procedimentales.<\/p>\n\n\n\n<p><\/p>\n\n\n\n<blockquote class=\"wp-block-quote is-layout-flow wp-block-quote-is-layout-flow\">\n<p>\u00abLa Junta de Portavoces, reunida en la Sala Grau del Congreso de la Rep\u00fablica, acord\u00f3 esta noche continuar con la sesi\u00f3n plenaria convocada para el mi\u00e9rcoles 8 de noviembre a fin de abordar el caso de la JNJ\u00bb<\/p>\n<\/blockquote>\n\n\n\n<p>\u00abLa Junta de Portavoces, reunida en la Sala Grau del Congreso de la Rep\u00fablica, acord\u00f3 esta noche continuar con la sesi\u00f3n plenaria convocada para el mi\u00e9rcoles 8 de noviembre a fin de abordar el caso de la JNJ\u00bb, escribieron en redes sociales del Parlamento.<\/p>\n\n\n\n<p>Este pronunciamiento del Parlamento se da luego de que la Sala anunci\u00f3 \u201cSUSPENDER PROVISIONALMENTE todos los efectos de la imputaci\u00f3n de cargos que la Comisi\u00f3n de Justicia y Derechos Humanos del Congreso de la Rep\u00fablica les formulara\u00bb a los siete integrantes de la JNJ: Imelda Tumial\u00e1n, Aldo V\u00e1squez, Henry \u00c1vila, Luz Tello, Antonio De la Haza, Mar\u00eda Zavala y Guillermo Thornberry.<\/p>\n\n\n\n<p>Con este accionar del Congreso de la Rep\u00fablica estar\u00eda cometiendo una \u00abinfracci\u00f3n a la Constituci\u00f3n\u00bb, dijo la experta Rosa Mar\u00eda Palacios para La Rep\u00fablica. La tambi\u00e9n periodista, mencion\u00f3 que desde el Legislativo ser\u00eda juzgado por \u00abincumplimiento del mandato judicial\u00bb. Palacios agreg\u00f3 que \u00abtodos estamos obligados a cumplir los mandatos judiciales\u00bb.<\/p>\n","protected":false},"excerpt":{"rendered":"<p>\u00abLa Junta de Portavoces, reunida en la Sala Grau del Congreso de la Rep\u00fablica, acord\u00f3 esta noche continuar con la sesi\u00f3n plenaria convocada para el mi\u00e9rcoles 8 de noviembre a fin de abordar el caso de la JNJ\u00bb<\/p>\n","protected":false},"author":11,"featured_media":581,"comment_status":"open","ping_status":"open","sticky":false,"template":"","format":"standard","meta":{"footnotes":""},"categories":[183,174,180],"tags":[195,196],"class_list":["post-579","post","type-post","status-publish","format-standard","has-post-thumbnail","hentry","category-actualidad","category-nacional","category-politica","tag-jnj","tag-poder-judicial"],"yoast_head":"<!-- This site is optimized with the Yoast SEO plugin v27.4 - https:\/\/yoast.com\/product\/yoast-seo-wordpress\/ -->\n<title>Congreso: Acuerdan debatir y votar hoy informe final sobre JNJ, pese a fallo del Poder Judicial - Pulso27<\/title>\n<meta name=\"robots\" content=\"index, follow, max-snippet:-1, max-image-preview:large, max-video-preview:-1\" \/>\n<link rel=\"canonical\" href=\"https:\/\/pulso27.com\/es\/nacional\/579\/\" \/>\n<meta property=\"og:locale\" content=\"es_ES\" \/>\n<meta property=\"og:type\" content=\"article\" \/>\n<meta property=\"og:title\" content=\"Congreso: Acuerdan debatir y votar hoy informe final sobre JNJ, pese a fallo del Poder Judicial - Pulso27\" \/>\n<meta property=\"og:description\" content=\"&quot;La Junta de Portavoces, reunida en la Sala Grau del Congreso de la Rep\u00fablica, acord\u00f3 esta noche continuar con la sesi\u00f3n plenaria convocada para el mi\u00e9rcoles 8 de noviembre a fin de abordar el caso de la JNJ&quot;\" \/>\n<meta property=\"og:url\" content=\"https:\/\/pulso27.com\/es\/nacional\/579\/\" \/>\n<meta property=\"og:site_name\" content=\"Pulso27\" \/>\n<meta property=\"article:publisher\" content=\"https:\/\/www.facebook.com\/pulso27\/\" \/>\n<meta property=\"article:author\" content=\"https:\/\/www.facebook.com\/pulso27\" \/>\n<meta property=\"article:published_time\" content=\"2023-11-08T16:42:27+00:00\" \/>\n<meta property=\"article:modified_time\" content=\"2024-11-02T03:48:03+00:00\" \/>\n<meta property=\"og:image\" content=\"https:\/\/pulso27.com\/wp-content\/uploads\/2023\/11\/JNJ_.jpg\" \/>\n\t<meta property=\"og:image:width\" content=\"1316\" \/>\n\t<meta property=\"og:image:height\" content=\"804\" \/>\n\t<meta property=\"og:image:type\" content=\"image\/jpeg\" \/>\n<meta name=\"author\" content=\"Editor\" \/>\n<meta name=\"twitter:card\" content=\"summary_large_image\" \/>\n<meta name=\"twitter:creator\" content=\"@https:\/\/x.com\/Pulso_27\" \/>\n<meta name=\"twitter:site\" content=\"@Pulso_27\" \/>\n<meta name=\"twitter:label1\" content=\"Written by\" \/>\n\t<meta name=\"twitter:data1\" content=\"Editor\" \/>\n\t<meta name=\"twitter:label2\" content=\"Est. reading time\" \/>\n\t<meta name=\"twitter:data2\" content=\"2 minutos\" \/>\n<script type=\"application\/ld+json\" class=\"yoast-schema-graph\">{\"@context\":\"https:\\\/\\\/schema.org\",\"@graph\":[{\"@type\":\"Article\",\"@id\":\"https:\\\/\\\/pulso27.com\\\/nacional\\\/579\\\/#article\",\"isPartOf\":{\"@id\":\"https:\\\/\\\/pulso27.com\\\/nacional\\\/579\\\/\"},\"author\":{\"name\":\"Editor\",\"@id\":\"https:\\\/\\\/pulso27.com\\\/en\\\/#\\\/schema\\\/person\\\/e0da4cfacbab724cbf4ab44bcc030735\"},\"headline\":\"Congreso: Acuerdan debatir y votar hoy informe final sobre JNJ, pese a fallo del Poder Judicial\",\"datePublished\":\"2023-11-08T16:42:27+00:00\",\"dateModified\":\"2024-11-02T03:48:03+00:00\",\"mainEntityOfPage\":{\"@id\":\"https:\\\/\\\/pulso27.com\\\/nacional\\\/579\\\/\"},\"wordCount\":387,\"commentCount\":0,\"publisher\":{\"@id\":\"https:\\\/\\\/pulso27.com\\\/en\\\/#organization\"},\"image\":{\"@id\":\"https:\\\/\\\/pulso27.com\\\/nacional\\\/579\\\/#primaryimage\"},\"thumbnailUrl\":\"https:\\\/\\\/pulso27.com\\\/wp-content\\\/uploads\\\/2023\\\/11\\\/JNJ_.jpg\",\"keywords\":[\"JNJ\",\"Poder judicial\"],\"articleSection\":[\"Actualidad\",\"Nacional\",\"Pol\u00edtica\"],\"inLanguage\":\"es-PE\",\"potentialAction\":[{\"@type\":\"CommentAction\",\"name\":\"Comment\",\"target\":[\"https:\\\/\\\/pulso27.com\\\/nacional\\\/579\\\/#respond\"]}]},{\"@type\":\"WebPage\",\"@id\":\"https:\\\/\\\/pulso27.com\\\/nacional\\\/579\\\/\",\"url\":\"https:\\\/\\\/pulso27.com\\\/nacional\\\/579\\\/\",\"name\":\"Congreso: Acuerdan debatir y votar hoy informe final sobre JNJ, pese a fallo del Poder Judicial - Pulso27\",\"isPartOf\":{\"@id\":\"https:\\\/\\\/pulso27.com\\\/en\\\/#website\"},\"primaryImageOfPage\":{\"@id\":\"https:\\\/\\\/pulso27.com\\\/nacional\\\/579\\\/#primaryimage\"},\"image\":{\"@id\":\"https:\\\/\\\/pulso27.com\\\/nacional\\\/579\\\/#primaryimage\"},\"thumbnailUrl\":\"https:\\\/\\\/pulso27.com\\\/wp-content\\\/uploads\\\/2023\\\/11\\\/JNJ_.jpg\",\"datePublished\":\"2023-11-08T16:42:27+00:00\",\"dateModified\":\"2024-11-02T03:48:03+00:00\",\"breadcrumb\":{\"@id\":\"https:\\\/\\\/pulso27.com\\\/nacional\\\/579\\\/#breadcrumb\"},\"inLanguage\":\"es-PE\",\"potentialAction\":[{\"@type\":\"ReadAction\",\"target\":[\"https:\\\/\\\/pulso27.com\\\/nacional\\\/579\\\/\"]}]},{\"@type\":\"ImageObject\",\"inLanguage\":\"es-PE\",\"@id\":\"https:\\\/\\\/pulso27.com\\\/nacional\\\/579\\\/#primaryimage\",\"url\":\"https:\\\/\\\/pulso27.com\\\/wp-content\\\/uploads\\\/2023\\\/11\\\/JNJ_.jpg\",\"contentUrl\":\"https:\\\/\\\/pulso27.com\\\/wp-content\\\/uploads\\\/2023\\\/11\\\/JNJ_.jpg\",\"width\":1316,\"height\":804},{\"@type\":\"BreadcrumbList\",\"@id\":\"https:\\\/\\\/pulso27.com\\\/nacional\\\/579\\\/#breadcrumb\",\"itemListElement\":[{\"@type\":\"ListItem\",\"position\":1,\"name\":\"Portada\",\"item\":\"https:\\\/\\\/pulso27.com\\\/\"},{\"@type\":\"ListItem\",\"position\":2,\"name\":\"Congreso: Acuerdan debatir y votar hoy informe final sobre JNJ, pese a fallo del Poder Judicial\"}]},{\"@type\":\"WebSite\",\"@id\":\"https:\\\/\\\/pulso27.com\\\/en\\\/#website\",\"url\":\"https:\\\/\\\/pulso27.com\\\/en\\\/\",\"name\":\"Pulso27\",\"description\":\"Web de noticias y publicidad\",\"publisher\":{\"@id\":\"https:\\\/\\\/pulso27.com\\\/en\\\/#organization\"},\"alternateName\":\"El pulso del pueblo\",\"potentialAction\":[{\"@type\":\"SearchAction\",\"target\":{\"@type\":\"EntryPoint\",\"urlTemplate\":\"https:\\\/\\\/pulso27.com\\\/en\\\/?s={search_term_string}\"},\"query-input\":{\"@type\":\"PropertyValueSpecification\",\"valueRequired\":true,\"valueName\":\"search_term_string\"}}],\"inLanguage\":\"es-PE\"},{\"@type\":\"Organization\",\"@id\":\"https:\\\/\\\/pulso27.com\\\/en\\\/#organization\",\"name\":\"Pulso27\",\"url\":\"https:\\\/\\\/pulso27.com\\\/en\\\/\",\"logo\":{\"@type\":\"ImageObject\",\"inLanguage\":\"es-PE\",\"@id\":\"https:\\\/\\\/pulso27.com\\\/en\\\/#\\\/schema\\\/logo\\\/image\\\/\",\"url\":\"https:\\\/\\\/pulso27.com\\\/wp-content\\\/uploads\\\/2026\\\/02\\\/Logotipo-de-la-organizacion-696-x-696-px-ok.png\",\"contentUrl\":\"https:\\\/\\\/pulso27.com\\\/wp-content\\\/uploads\\\/2026\\\/02\\\/Logotipo-de-la-organizacion-696-x-696-px-ok.png\",\"width\":696,\"height\":696,\"caption\":\"Pulso27\"},\"image\":{\"@id\":\"https:\\\/\\\/pulso27.com\\\/en\\\/#\\\/schema\\\/logo\\\/image\\\/\"},\"sameAs\":[\"https:\\\/\\\/www.facebook.com\\\/pulso27\\\/\",\"https:\\\/\\\/x.com\\\/Pulso_27\",\"https:\\\/\\\/www.youtube.com\\\/@Pulso27\",\"https:\\\/\\\/www.tiktok.com\\\/@pulso_27\"]},{\"@type\":\"Person\",\"@id\":\"https:\\\/\\\/pulso27.com\\\/en\\\/#\\\/schema\\\/person\\\/e0da4cfacbab724cbf4ab44bcc030735\",\"name\":\"Editor\",\"image\":{\"@type\":\"ImageObject\",\"inLanguage\":\"es-PE\",\"@id\":\"https:\\\/\\\/pulso27.com\\\/wp-content\\\/uploads\\\/2025\\\/03\\\/c-150x150.png\",\"url\":\"https:\\\/\\\/pulso27.com\\\/wp-content\\\/uploads\\\/2025\\\/03\\\/c-150x150.png\",\"contentUrl\":\"https:\\\/\\\/pulso27.com\\\/wp-content\\\/uploads\\\/2025\\\/03\\\/c-150x150.png\",\"caption\":\"Editor\"},\"sameAs\":[\"http:\\\/\\\/www.pulso27.com\",\"https:\\\/\\\/www.facebook.com\\\/pulso27\",\"https:\\\/\\\/x.com\\\/https:\\\/\\\/x.com\\\/Pulso_27\",\"https:\\\/\\\/www.youtube.com\\\/@Pulso27\"],\"url\":\"https:\\\/\\\/pulso27.com\\\/es\\\/author\\\/editor\\\/\"}]}<\/script>\n<!-- \/ Yoast SEO plugin. -->","yoast_head_json":{"title":"Congreso: Acuerdan debatir y votar hoy informe final sobre JNJ, pese a fallo del Poder Judicial - Pulso27","robots":{"index":"index","follow":"follow","max-snippet":"max-snippet:-1","max-image-preview":"max-image-preview:large","max-video-preview":"max-video-preview:-1"},"canonical":"https:\/\/pulso27.com\/es\/nacional\/579\/","og_locale":"es_ES","og_type":"article","og_title":"Congreso: Acuerdan debatir y votar hoy informe final sobre JNJ, pese a fallo del Poder Judicial - Pulso27","og_description":"\"La Junta de Portavoces, reunida en la Sala Grau del Congreso de la Rep\u00fablica, acord\u00f3 esta noche continuar con la sesi\u00f3n plenaria convocada para el mi\u00e9rcoles 8 de noviembre a fin de abordar el caso de la JNJ\"","og_url":"https:\/\/pulso27.com\/es\/nacional\/579\/","og_site_name":"Pulso27","article_publisher":"https:\/\/www.facebook.com\/pulso27\/","article_author":"https:\/\/www.facebook.com\/pulso27","article_published_time":"2023-11-08T16:42:27+00:00","article_modified_time":"2024-11-02T03:48:03+00:00","og_image":[{"width":1316,"height":804,"url":"https:\/\/pulso27.com\/wp-content\/uploads\/2023\/11\/JNJ_.jpg","type":"image\/jpeg"}],"author":"Editor","twitter_card":"summary_large_image","twitter_creator":"@https:\/\/x.com\/Pulso_27","twitter_site":"@Pulso_27","twitter_misc":{"Written by":"Editor","Est. reading time":"2 minutos"},"schema":{"@context":"https:\/\/schema.org","@graph":[{"@type":"Article","@id":"https:\/\/pulso27.com\/nacional\/579\/#article","isPartOf":{"@id":"https:\/\/pulso27.com\/nacional\/579\/"},"author":{"name":"Editor","@id":"https:\/\/pulso27.com\/en\/#\/schema\/person\/e0da4cfacbab724cbf4ab44bcc030735"},"headline":"Congreso: Acuerdan debatir y votar hoy informe final sobre JNJ, pese a fallo del Poder Judicial","datePublished":"2023-11-08T16:42:27+00:00","dateModified":"2024-11-02T03:48:03+00:00","mainEntityOfPage":{"@id":"https:\/\/pulso27.com\/nacional\/579\/"},"wordCount":387,"commentCount":0,"publisher":{"@id":"https:\/\/pulso27.com\/en\/#organization"},"image":{"@id":"https:\/\/pulso27.com\/nacional\/579\/#primaryimage"},"thumbnailUrl":"https:\/\/pulso27.com\/wp-content\/uploads\/2023\/11\/JNJ_.jpg","keywords":["JNJ","Poder judicial"],"articleSection":["Actualidad","Nacional","Pol\u00edtica"],"inLanguage":"es-PE","potentialAction":[{"@type":"CommentAction","name":"Comment","target":["https:\/\/pulso27.com\/nacional\/579\/#respond"]}]},{"@type":"WebPage","@id":"https:\/\/pulso27.com\/nacional\/579\/","url":"https:\/\/pulso27.com\/nacional\/579\/","name":"Congreso: Acuerdan debatir y votar hoy informe final sobre JNJ, pese a fallo del Poder Judicial - Pulso27","isPartOf":{"@id":"https:\/\/pulso27.com\/en\/#website"},"primaryImageOfPage":{"@id":"https:\/\/pulso27.com\/nacional\/579\/#primaryimage"},"image":{"@id":"https:\/\/pulso27.com\/nacional\/579\/#primaryimage"},"thumbnailUrl":"https:\/\/pulso27.com\/wp-content\/uploads\/2023\/11\/JNJ_.jpg","datePublished":"2023-11-08T16:42:27+00:00","dateModified":"2024-11-02T03:48:03+00:00","breadcrumb":{"@id":"https:\/\/pulso27.com\/nacional\/579\/#breadcrumb"},"inLanguage":"es-PE","potentialAction":[{"@type":"ReadAction","target":["https:\/\/pulso27.com\/nacional\/579\/"]}]},{"@type":"ImageObject","inLanguage":"es-PE","@id":"https:\/\/pulso27.com\/nacional\/579\/#primaryimage","url":"https:\/\/pulso27.com\/wp-content\/uploads\/2023\/11\/JNJ_.jpg","contentUrl":"https:\/\/pulso27.com\/wp-content\/uploads\/2023\/11\/JNJ_.jpg","width":1316,"height":804},{"@type":"BreadcrumbList","@id":"https:\/\/pulso27.com\/nacional\/579\/#breadcrumb","itemListElement":[{"@type":"ListItem","position":1,"name":"Portada","item":"https:\/\/pulso27.com\/"},{"@type":"ListItem","position":2,"name":"Congreso: Acuerdan debatir y votar hoy informe final sobre JNJ, pese a fallo del Poder Judicial"}]},{"@type":"WebSite","@id":"https:\/\/pulso27.com\/en\/#website","url":"https:\/\/pulso27.com\/en\/","name":"Pulso27","description":"Web de noticias y publicidad","publisher":{"@id":"https:\/\/pulso27.com\/en\/#organization"},"alternateName":"El pulso del pueblo","potentialAction":[{"@type":"SearchAction","target":{"@type":"EntryPoint","urlTemplate":"https:\/\/pulso27.com\/en\/?s={search_term_string}"},"query-input":{"@type":"PropertyValueSpecification","valueRequired":true,"valueName":"search_term_string"}}],"inLanguage":"es-PE"},{"@type":"Organization","@id":"https:\/\/pulso27.com\/en\/#organization","name":"Pulso27","url":"https:\/\/pulso27.com\/en\/","logo":{"@type":"ImageObject","inLanguage":"es-PE","@id":"https:\/\/pulso27.com\/en\/#\/schema\/logo\/image\/","url":"https:\/\/pulso27.com\/wp-content\/uploads\/2026\/02\/Logotipo-de-la-organizacion-696-x-696-px-ok.png","contentUrl":"https:\/\/pulso27.com\/wp-content\/uploads\/2026\/02\/Logotipo-de-la-organizacion-696-x-696-px-ok.png","width":696,"height":696,"caption":"Pulso27"},"image":{"@id":"https:\/\/pulso27.com\/en\/#\/schema\/logo\/image\/"},"sameAs":["https:\/\/www.facebook.com\/pulso27\/","https:\/\/x.com\/Pulso_27","https:\/\/www.youtube.com\/@Pulso27","https:\/\/www.tiktok.com\/@pulso_27"]},{"@type":"Person","@id":"https:\/\/pulso27.com\/en\/#\/schema\/person\/e0da4cfacbab724cbf4ab44bcc030735","name":"Editor","image":{"@type":"ImageObject","inLanguage":"es-PE","@id":"https:\/\/pulso27.com\/wp-content\/uploads\/2025\/03\/c-150x150.png","url":"https:\/\/pulso27.com\/wp-content\/uploads\/2025\/03\/c-150x150.png","contentUrl":"https:\/\/pulso27.com\/wp-content\/uploads\/2025\/03\/c-150x150.png","caption":"Editor"},"sameAs":["http:\/\/www.pulso27.com","https:\/\/www.facebook.com\/pulso27","https:\/\/x.com\/https:\/\/x.com\/Pulso_27","https:\/\/www.youtube.com\/@Pulso27"],"url":"https:\/\/pulso27.com\/es\/author\/editor\/"}]}},"amp_enabled":true,"_links":{"self":[{"href":"https:\/\/pulso27.com\/es\/wp-json\/wp\/v2\/posts\/579","targetHints":{"allow":["GET"]}}],"collection":[{"href":"https:\/\/pulso27.com\/es\/wp-json\/wp\/v2\/posts"}],"about":[{"href":"https:\/\/pulso27.com\/es\/wp-json\/wp\/v2\/types\/post"}],"author":[{"embeddable":true,"href":"https:\/\/pulso27.com\/es\/wp-json\/wp\/v2\/users\/11"}],"replies":[{"embeddable":true,"href":"https:\/\/pulso27.com\/es\/wp-json\/wp\/v2\/comments?post=579"}],"version-history":[{"count":2,"href":"https:\/\/pulso27.com\/es\/wp-json\/wp\/v2\/posts\/579\/revisions"}],"predecessor-version":[{"id":584,"href":"https:\/\/pulso27.com\/es\/wp-json\/wp\/v2\/posts\/579\/revisions\/584"}],"wp:featuredmedia":[{"embeddable":true,"href":"https:\/\/pulso27.com\/es\/wp-json\/wp\/v2\/media\/581"}],"wp:attachment":[{"href":"https:\/\/pulso27.com\/es\/wp-json\/wp\/v2\/media?parent=579"}],"wp:term":[{"taxonomy":"category","embeddable":true,"href":"https:\/\/pulso27.com\/es\/wp-json\/wp\/v2\/categories?post=579"},{"taxonomy":"post_tag","embeddable":true,"href":"https:\/\/pulso27.com\/es\/wp-json\/wp\/v2\/tags?post=579"}],"curies":[{"name":"wp","href":"https:\/\/api.w.org\/{rel}","templated":true}]}}