{"id":6001,"date":"2025-08-08T07:21:39","date_gmt":"2025-08-08T02:21:39","guid":{"rendered":"https:\/\/pulso27.com\/?p=6001"},"modified":"2025-08-08T07:21:45","modified_gmt":"2025-08-08T02:21:45","slug":"colombia-y-peru-se-disputan-la-soberania-de-la-isla-santa-rosa-de-loreto","status":"publish","type":"post","link":"https:\/\/pulso27.com\/es\/actualidad\/ambiente\/colombia-y-peru-se-disputan-la-soberania-de-la-isla-santa-rosa-de-loreto\/","title":{"rendered":"Colombia y Per\u00fa se disputan la soberan\u00eda de la isla Santa Rosa de Loreto"},"content":{"rendered":"\n<p>Una nueva controversia ha surgido entre Colombia y Per\u00fa en torno a la isla Santa Rosa, ubicada en el r\u00edo Amazonas, cerca de la triple frontera con Brasil. El presidente colombiano, Gustavo Petro, aviv\u00f3 el debate al afirmar en su cuenta de X que \u201cel gobierno de Per\u00fa ha copado un territorio que es de Colombia\u201d, refiri\u00e9ndose a la creaci\u00f3n del distrito de Santa Rosa de Loreto por parte del Congreso peruano en junio de 2024. Seg\u00fan Petro, esta acci\u00f3n violar\u00eda el Protocolo de R\u00edo de Janeiro de 1934, que define los l\u00edmites fronterizos seg\u00fan el thalweg del r\u00edo Amazonas. El mandatario anunci\u00f3 que la conmemoraci\u00f3n de la Batalla de Boyac\u00e1 se trasladar\u00e1 a Leticia, como gesto de reafirmaci\u00f3n territorial, subrayando la importancia del acceso colombiano al r\u00edo.<\/p>\n\n\n\n<p>Por su parte, el gobierno peruano ha respondido con firmeza, defendiendo su soberan\u00eda sobre la isla. El canciller Elmer Schialer expres\u00f3 sorpresa ante las declaraciones de Petro, sugiriendo que \u201cprobablemente no ha sido adecuadamente informado\u201d y reafirm\u00f3 que Santa Rosa forma parte del territorio peruano, conforme al Tratado Salom\u00f3n-Lozano de 1922 y los acuerdos de 1929 que asignaron la isla de Chiner\u00eda, de la cual Per\u00fa considera que Santa Rosa es una extensi\u00f3n. La Asamblea Nacional de Gobiernos Regionales de Per\u00fa (ANGR) respald\u00f3 esta postura, destacando la presencia hist\u00f3rica de pobladores peruanos en la isla y llamando al di\u00e1logo a trav\u00e9s de canales diplom\u00e1ticos para evitar escaladas que afecten las relaciones bilaterales.<br>Ambos pa\u00edses han manifestado su compromiso con una resoluci\u00f3n pac\u00edfica. La Canciller\u00eda colombiana aclar\u00f3 que Santa Rosa, al ser una isla emergida tras 1929, no est\u00e1 formalmente asignada a ninguna de las dos naciones y abog\u00f3 por una soluci\u00f3n a trav\u00e9s de una comisi\u00f3n binacional. Por su lado, Per\u00fa insiste en que no existe un conflicto lim\u00edtrofe activo, ya que los tratados internacionales son claros, pero se mostr\u00f3 abierto a continuar el di\u00e1logo para promover la integraci\u00f3n amaz\u00f3nica y el desarrollo de las comunidades fronterizas. Expertos como \u00d3scar Vidarte, de la Pontificia Universidad Cat\u00f3lica del Per\u00fa, subrayan que la disputa refleja m\u00e1s un gesto pol\u00edtico que una amenaza concreta, y destacan la importancia de mantener la cooperaci\u00f3n en una regi\u00f3n donde las poblaciones de Colombia, Per\u00fa y Brasil conviven en un entorno de intercambio cultural y comercial.<\/p>\n","protected":false},"excerpt":{"rendered":"<p>Una nueva controversia ha surgido entre Colombia y Per\u00fa en torno a la isla Santa Rosa, ubicada en el r\u00edo Amazonas, cerca de la triple frontera con Brasil. El presidente colombiano, Gustavo Petro, aviv\u00f3 el debate al afirmar en su cuenta de X que \u201cel gobierno de Per\u00fa ha copado un territorio que es de [&hellip;]<\/p>\n","protected":false},"author":7,"featured_media":6002,"comment_status":"open","ping_status":"open","sticky":false,"template":"","format":"standard","meta":{"footnotes":""},"categories":[1847,173],"tags":[1997,2402,2400,316,2401],"class_list":["post-6001","post","type-post","status-publish","format-standard","has-post-thumbnail","hentry","category-ambiente","category-internacional","tag-colombia","tag-gustavo-petro","tag-loreto","tag-peru","tag-santa-rosa"],"yoast_head":"<!-- This site is optimized with the Yoast SEO plugin v27.4 - https:\/\/yoast.com\/product\/yoast-seo-wordpress\/ -->\n<title>Colombia y Per\u00fa se disputan la soberan\u00eda de la isla Santa Rosa de Loreto - Pulso27<\/title>\n<meta name=\"robots\" content=\"index, follow, max-snippet:-1, max-image-preview:large, max-video-preview:-1\" \/>\n<link rel=\"canonical\" href=\"https:\/\/pulso27.com\/es\/actualidad\/ambiente\/colombia-y-peru-se-disputan-la-soberania-de-la-isla-santa-rosa-de-loreto\/\" \/>\n<meta property=\"og:locale\" content=\"es_ES\" \/>\n<meta property=\"og:type\" content=\"article\" \/>\n<meta property=\"og:title\" content=\"Colombia y Per\u00fa se disputan la soberan\u00eda de la isla Santa Rosa de Loreto - Pulso27\" \/>\n<meta property=\"og:description\" content=\"Una nueva controversia ha surgido entre Colombia y Per\u00fa en torno a la isla Santa Rosa, ubicada en el r\u00edo Amazonas, cerca de la triple frontera con Brasil. El presidente colombiano, Gustavo Petro, aviv\u00f3 el debate al afirmar en su cuenta de X que \u201cel gobierno de Per\u00fa ha copado un territorio que es de [&hellip;]\" \/>\n<meta property=\"og:url\" content=\"https:\/\/pulso27.com\/es\/actualidad\/ambiente\/colombia-y-peru-se-disputan-la-soberania-de-la-isla-santa-rosa-de-loreto\/\" \/>\n<meta property=\"og:site_name\" content=\"Pulso27\" \/>\n<meta property=\"article:publisher\" content=\"https:\/\/www.facebook.com\/pulso27\/\" \/>\n<meta property=\"article:published_time\" content=\"2025-08-08T02:21:39+00:00\" \/>\n<meta property=\"article:modified_time\" content=\"2025-08-08T02:21:45+00:00\" \/>\n<meta property=\"og:image\" content=\"https:\/\/pulso27.com\/wp-content\/uploads\/2025\/08\/Santa-Rosa.png\" \/>\n\t<meta property=\"og:image:width\" content=\"1280\" \/>\n\t<meta property=\"og:image:height\" content=\"800\" \/>\n\t<meta property=\"og:image:type\" content=\"image\/png\" \/>\n<meta name=\"author\" content=\"Tupaq\" \/>\n<meta name=\"twitter:card\" content=\"summary_large_image\" \/>\n<meta name=\"twitter:creator\" content=\"@Pulso_27\" \/>\n<meta name=\"twitter:site\" content=\"@Pulso_27\" \/>\n<meta name=\"twitter:label1\" content=\"Written by\" \/>\n\t<meta name=\"twitter:data1\" content=\"Tupaq\" \/>\n\t<meta name=\"twitter:label2\" content=\"Est. reading time\" \/>\n\t<meta name=\"twitter:data2\" content=\"2 minutos\" \/>\n<script type=\"application\/ld+json\" class=\"yoast-schema-graph\">{\"@context\":\"https:\\\/\\\/schema.org\",\"@graph\":[{\"@type\":\"Article\",\"@id\":\"https:\\\/\\\/pulso27.com\\\/actualidad\\\/ambiente\\\/colombia-y-peru-se-disputan-la-soberania-de-la-isla-santa-rosa-de-loreto\\\/#article\",\"isPartOf\":{\"@id\":\"https:\\\/\\\/pulso27.com\\\/actualidad\\\/ambiente\\\/colombia-y-peru-se-disputan-la-soberania-de-la-isla-santa-rosa-de-loreto\\\/\"},\"author\":{\"name\":\"Tupaq\",\"@id\":\"https:\\\/\\\/pulso27.com\\\/en\\\/#\\\/schema\\\/person\\\/d20fd7f5bc7f2e53fd150d43fca07a78\"},\"headline\":\"Colombia y Per\u00fa se disputan la soberan\u00eda de la isla Santa Rosa de Loreto\",\"datePublished\":\"2025-08-08T02:21:39+00:00\",\"dateModified\":\"2025-08-08T02:21:45+00:00\",\"mainEntityOfPage\":{\"@id\":\"https:\\\/\\\/pulso27.com\\\/actualidad\\\/ambiente\\\/colombia-y-peru-se-disputan-la-soberania-de-la-isla-santa-rosa-de-loreto\\\/\"},\"wordCount\":424,\"commentCount\":0,\"publisher\":{\"@id\":\"https:\\\/\\\/pulso27.com\\\/en\\\/#organization\"},\"image\":{\"@id\":\"https:\\\/\\\/pulso27.com\\\/actualidad\\\/ambiente\\\/colombia-y-peru-se-disputan-la-soberania-de-la-isla-santa-rosa-de-loreto\\\/#primaryimage\"},\"thumbnailUrl\":\"https:\\\/\\\/pulso27.com\\\/wp-content\\\/uploads\\\/2025\\\/08\\\/Santa-Rosa.png\",\"keywords\":[\"Colombia\",\"Gustavo Petro\",\"Loreto\",\"Per\u00fa\",\"Santa Rosa\"],\"articleSection\":[\"Ambiente\",\"Internacional\"],\"inLanguage\":\"es-PE\",\"potentialAction\":[{\"@type\":\"CommentAction\",\"name\":\"Comment\",\"target\":[\"https:\\\/\\\/pulso27.com\\\/actualidad\\\/ambiente\\\/colombia-y-peru-se-disputan-la-soberania-de-la-isla-santa-rosa-de-loreto\\\/#respond\"]}]},{\"@type\":\"WebPage\",\"@id\":\"https:\\\/\\\/pulso27.com\\\/actualidad\\\/ambiente\\\/colombia-y-peru-se-disputan-la-soberania-de-la-isla-santa-rosa-de-loreto\\\/\",\"url\":\"https:\\\/\\\/pulso27.com\\\/actualidad\\\/ambiente\\\/colombia-y-peru-se-disputan-la-soberania-de-la-isla-santa-rosa-de-loreto\\\/\",\"name\":\"Colombia y Per\u00fa se disputan la soberan\u00eda de la isla Santa Rosa de Loreto - Pulso27\",\"isPartOf\":{\"@id\":\"https:\\\/\\\/pulso27.com\\\/en\\\/#website\"},\"primaryImageOfPage\":{\"@id\":\"https:\\\/\\\/pulso27.com\\\/actualidad\\\/ambiente\\\/colombia-y-peru-se-disputan-la-soberania-de-la-isla-santa-rosa-de-loreto\\\/#primaryimage\"},\"image\":{\"@id\":\"https:\\\/\\\/pulso27.com\\\/actualidad\\\/ambiente\\\/colombia-y-peru-se-disputan-la-soberania-de-la-isla-santa-rosa-de-loreto\\\/#primaryimage\"},\"thumbnailUrl\":\"https:\\\/\\\/pulso27.com\\\/wp-content\\\/uploads\\\/2025\\\/08\\\/Santa-Rosa.png\",\"datePublished\":\"2025-08-08T02:21:39+00:00\",\"dateModified\":\"2025-08-08T02:21:45+00:00\",\"breadcrumb\":{\"@id\":\"https:\\\/\\\/pulso27.com\\\/actualidad\\\/ambiente\\\/colombia-y-peru-se-disputan-la-soberania-de-la-isla-santa-rosa-de-loreto\\\/#breadcrumb\"},\"inLanguage\":\"es-PE\",\"potentialAction\":[{\"@type\":\"ReadAction\",\"target\":[\"https:\\\/\\\/pulso27.com\\\/actualidad\\\/ambiente\\\/colombia-y-peru-se-disputan-la-soberania-de-la-isla-santa-rosa-de-loreto\\\/\"]}]},{\"@type\":\"ImageObject\",\"inLanguage\":\"es-PE\",\"@id\":\"https:\\\/\\\/pulso27.com\\\/actualidad\\\/ambiente\\\/colombia-y-peru-se-disputan-la-soberania-de-la-isla-santa-rosa-de-loreto\\\/#primaryimage\",\"url\":\"https:\\\/\\\/pulso27.com\\\/wp-content\\\/uploads\\\/2025\\\/08\\\/Santa-Rosa.png\",\"contentUrl\":\"https:\\\/\\\/pulso27.com\\\/wp-content\\\/uploads\\\/2025\\\/08\\\/Santa-Rosa.png\",\"width\":1280,\"height\":800},{\"@type\":\"BreadcrumbList\",\"@id\":\"https:\\\/\\\/pulso27.com\\\/actualidad\\\/ambiente\\\/colombia-y-peru-se-disputan-la-soberania-de-la-isla-santa-rosa-de-loreto\\\/#breadcrumb\",\"itemListElement\":[{\"@type\":\"ListItem\",\"position\":1,\"name\":\"Portada\",\"item\":\"https:\\\/\\\/pulso27.com\\\/\"},{\"@type\":\"ListItem\",\"position\":2,\"name\":\"Colombia y Per\u00fa se disputan la soberan\u00eda de la isla Santa Rosa de Loreto\"}]},{\"@type\":\"WebSite\",\"@id\":\"https:\\\/\\\/pulso27.com\\\/en\\\/#website\",\"url\":\"https:\\\/\\\/pulso27.com\\\/en\\\/\",\"name\":\"Pulso27\",\"description\":\"Web de noticias y publicidad\",\"publisher\":{\"@id\":\"https:\\\/\\\/pulso27.com\\\/en\\\/#organization\"},\"alternateName\":\"El pulso del pueblo\",\"potentialAction\":[{\"@type\":\"SearchAction\",\"target\":{\"@type\":\"EntryPoint\",\"urlTemplate\":\"https:\\\/\\\/pulso27.com\\\/en\\\/?s={search_term_string}\"},\"query-input\":{\"@type\":\"PropertyValueSpecification\",\"valueRequired\":true,\"valueName\":\"search_term_string\"}}],\"inLanguage\":\"es-PE\"},{\"@type\":\"Organization\",\"@id\":\"https:\\\/\\\/pulso27.com\\\/en\\\/#organization\",\"name\":\"Pulso27\",\"url\":\"https:\\\/\\\/pulso27.com\\\/en\\\/\",\"logo\":{\"@type\":\"ImageObject\",\"inLanguage\":\"es-PE\",\"@id\":\"https:\\\/\\\/pulso27.com\\\/en\\\/#\\\/schema\\\/logo\\\/image\\\/\",\"url\":\"https:\\\/\\\/pulso27.com\\\/wp-content\\\/uploads\\\/2026\\\/02\\\/Logotipo-de-la-organizacion-696-x-696-px-ok.png\",\"contentUrl\":\"https:\\\/\\\/pulso27.com\\\/wp-content\\\/uploads\\\/2026\\\/02\\\/Logotipo-de-la-organizacion-696-x-696-px-ok.png\",\"width\":696,\"height\":696,\"caption\":\"Pulso27\"},\"image\":{\"@id\":\"https:\\\/\\\/pulso27.com\\\/en\\\/#\\\/schema\\\/logo\\\/image\\\/\"},\"sameAs\":[\"https:\\\/\\\/www.facebook.com\\\/pulso27\\\/\",\"https:\\\/\\\/x.com\\\/Pulso_27\",\"https:\\\/\\\/www.youtube.com\\\/@Pulso27\",\"https:\\\/\\\/www.tiktok.com\\\/@pulso_27\"]},{\"@type\":\"Person\",\"@id\":\"https:\\\/\\\/pulso27.com\\\/en\\\/#\\\/schema\\\/person\\\/d20fd7f5bc7f2e53fd150d43fca07a78\",\"name\":\"Tupaq\",\"image\":{\"@type\":\"ImageObject\",\"inLanguage\":\"es-PE\",\"@id\":\"https:\\\/\\\/secure.gravatar.com\\\/avatar\\\/7929e9b034aeea560319a601e4f04c59eb5f45a79eafe192adabb67e9604e7e7?s=96&d=mm&r=g\",\"url\":\"https:\\\/\\\/secure.gravatar.com\\\/avatar\\\/7929e9b034aeea560319a601e4f04c59eb5f45a79eafe192adabb67e9604e7e7?s=96&d=mm&r=g\",\"contentUrl\":\"https:\\\/\\\/secure.gravatar.com\\\/avatar\\\/7929e9b034aeea560319a601e4f04c59eb5f45a79eafe192adabb67e9604e7e7?s=96&d=mm&r=g\",\"caption\":\"Tupaq\"},\"url\":\"https:\\\/\\\/pulso27.com\\\/es\\\/author\\\/tupaq\\\/\"}]}<\/script>\n<!-- \/ Yoast SEO plugin. -->","yoast_head_json":{"title":"Colombia y Per\u00fa se disputan la soberan\u00eda de la isla Santa Rosa de Loreto - Pulso27","robots":{"index":"index","follow":"follow","max-snippet":"max-snippet:-1","max-image-preview":"max-image-preview:large","max-video-preview":"max-video-preview:-1"},"canonical":"https:\/\/pulso27.com\/es\/actualidad\/ambiente\/colombia-y-peru-se-disputan-la-soberania-de-la-isla-santa-rosa-de-loreto\/","og_locale":"es_ES","og_type":"article","og_title":"Colombia y Per\u00fa se disputan la soberan\u00eda de la isla Santa Rosa de Loreto - Pulso27","og_description":"Una nueva controversia ha surgido entre Colombia y Per\u00fa en torno a la isla Santa Rosa, ubicada en el r\u00edo Amazonas, cerca de la triple frontera con Brasil. El presidente colombiano, Gustavo Petro, aviv\u00f3 el debate al afirmar en su cuenta de X que \u201cel gobierno de Per\u00fa ha copado un territorio que es de [&hellip;]","og_url":"https:\/\/pulso27.com\/es\/actualidad\/ambiente\/colombia-y-peru-se-disputan-la-soberania-de-la-isla-santa-rosa-de-loreto\/","og_site_name":"Pulso27","article_publisher":"https:\/\/www.facebook.com\/pulso27\/","article_published_time":"2025-08-08T02:21:39+00:00","article_modified_time":"2025-08-08T02:21:45+00:00","og_image":[{"width":1280,"height":800,"url":"https:\/\/pulso27.com\/wp-content\/uploads\/2025\/08\/Santa-Rosa.png","type":"image\/png"}],"author":"Tupaq","twitter_card":"summary_large_image","twitter_creator":"@Pulso_27","twitter_site":"@Pulso_27","twitter_misc":{"Written by":"Tupaq","Est. reading time":"2 minutos"},"schema":{"@context":"https:\/\/schema.org","@graph":[{"@type":"Article","@id":"https:\/\/pulso27.com\/actualidad\/ambiente\/colombia-y-peru-se-disputan-la-soberania-de-la-isla-santa-rosa-de-loreto\/#article","isPartOf":{"@id":"https:\/\/pulso27.com\/actualidad\/ambiente\/colombia-y-peru-se-disputan-la-soberania-de-la-isla-santa-rosa-de-loreto\/"},"author":{"name":"Tupaq","@id":"https:\/\/pulso27.com\/en\/#\/schema\/person\/d20fd7f5bc7f2e53fd150d43fca07a78"},"headline":"Colombia y Per\u00fa se disputan la soberan\u00eda de la isla Santa Rosa de Loreto","datePublished":"2025-08-08T02:21:39+00:00","dateModified":"2025-08-08T02:21:45+00:00","mainEntityOfPage":{"@id":"https:\/\/pulso27.com\/actualidad\/ambiente\/colombia-y-peru-se-disputan-la-soberania-de-la-isla-santa-rosa-de-loreto\/"},"wordCount":424,"commentCount":0,"publisher":{"@id":"https:\/\/pulso27.com\/en\/#organization"},"image":{"@id":"https:\/\/pulso27.com\/actualidad\/ambiente\/colombia-y-peru-se-disputan-la-soberania-de-la-isla-santa-rosa-de-loreto\/#primaryimage"},"thumbnailUrl":"https:\/\/pulso27.com\/wp-content\/uploads\/2025\/08\/Santa-Rosa.png","keywords":["Colombia","Gustavo Petro","Loreto","Per\u00fa","Santa Rosa"],"articleSection":["Ambiente","Internacional"],"inLanguage":"es-PE","potentialAction":[{"@type":"CommentAction","name":"Comment","target":["https:\/\/pulso27.com\/actualidad\/ambiente\/colombia-y-peru-se-disputan-la-soberania-de-la-isla-santa-rosa-de-loreto\/#respond"]}]},{"@type":"WebPage","@id":"https:\/\/pulso27.com\/actualidad\/ambiente\/colombia-y-peru-se-disputan-la-soberania-de-la-isla-santa-rosa-de-loreto\/","url":"https:\/\/pulso27.com\/actualidad\/ambiente\/colombia-y-peru-se-disputan-la-soberania-de-la-isla-santa-rosa-de-loreto\/","name":"Colombia y Per\u00fa se disputan la soberan\u00eda de la isla Santa Rosa de Loreto - Pulso27","isPartOf":{"@id":"https:\/\/pulso27.com\/en\/#website"},"primaryImageOfPage":{"@id":"https:\/\/pulso27.com\/actualidad\/ambiente\/colombia-y-peru-se-disputan-la-soberania-de-la-isla-santa-rosa-de-loreto\/#primaryimage"},"image":{"@id":"https:\/\/pulso27.com\/actualidad\/ambiente\/colombia-y-peru-se-disputan-la-soberania-de-la-isla-santa-rosa-de-loreto\/#primaryimage"},"thumbnailUrl":"https:\/\/pulso27.com\/wp-content\/uploads\/2025\/08\/Santa-Rosa.png","datePublished":"2025-08-08T02:21:39+00:00","dateModified":"2025-08-08T02:21:45+00:00","breadcrumb":{"@id":"https:\/\/pulso27.com\/actualidad\/ambiente\/colombia-y-peru-se-disputan-la-soberania-de-la-isla-santa-rosa-de-loreto\/#breadcrumb"},"inLanguage":"es-PE","potentialAction":[{"@type":"ReadAction","target":["https:\/\/pulso27.com\/actualidad\/ambiente\/colombia-y-peru-se-disputan-la-soberania-de-la-isla-santa-rosa-de-loreto\/"]}]},{"@type":"ImageObject","inLanguage":"es-PE","@id":"https:\/\/pulso27.com\/actualidad\/ambiente\/colombia-y-peru-se-disputan-la-soberania-de-la-isla-santa-rosa-de-loreto\/#primaryimage","url":"https:\/\/pulso27.com\/wp-content\/uploads\/2025\/08\/Santa-Rosa.png","contentUrl":"https:\/\/pulso27.com\/wp-content\/uploads\/2025\/08\/Santa-Rosa.png","width":1280,"height":800},{"@type":"BreadcrumbList","@id":"https:\/\/pulso27.com\/actualidad\/ambiente\/colombia-y-peru-se-disputan-la-soberania-de-la-isla-santa-rosa-de-loreto\/#breadcrumb","itemListElement":[{"@type":"ListItem","position":1,"name":"Portada","item":"https:\/\/pulso27.com\/"},{"@type":"ListItem","position":2,"name":"Colombia y Per\u00fa se disputan la soberan\u00eda de la isla Santa Rosa de Loreto"}]},{"@type":"WebSite","@id":"https:\/\/pulso27.com\/en\/#website","url":"https:\/\/pulso27.com\/en\/","name":"Pulso27","description":"Web de noticias y publicidad","publisher":{"@id":"https:\/\/pulso27.com\/en\/#organization"},"alternateName":"El pulso del pueblo","potentialAction":[{"@type":"SearchAction","target":{"@type":"EntryPoint","urlTemplate":"https:\/\/pulso27.com\/en\/?s={search_term_string}"},"query-input":{"@type":"PropertyValueSpecification","valueRequired":true,"valueName":"search_term_string"}}],"inLanguage":"es-PE"},{"@type":"Organization","@id":"https:\/\/pulso27.com\/en\/#organization","name":"Pulso27","url":"https:\/\/pulso27.com\/en\/","logo":{"@type":"ImageObject","inLanguage":"es-PE","@id":"https:\/\/pulso27.com\/en\/#\/schema\/logo\/image\/","url":"https:\/\/pulso27.com\/wp-content\/uploads\/2026\/02\/Logotipo-de-la-organizacion-696-x-696-px-ok.png","contentUrl":"https:\/\/pulso27.com\/wp-content\/uploads\/2026\/02\/Logotipo-de-la-organizacion-696-x-696-px-ok.png","width":696,"height":696,"caption":"Pulso27"},"image":{"@id":"https:\/\/pulso27.com\/en\/#\/schema\/logo\/image\/"},"sameAs":["https:\/\/www.facebook.com\/pulso27\/","https:\/\/x.com\/Pulso_27","https:\/\/www.youtube.com\/@Pulso27","https:\/\/www.tiktok.com\/@pulso_27"]},{"@type":"Person","@id":"https:\/\/pulso27.com\/en\/#\/schema\/person\/d20fd7f5bc7f2e53fd150d43fca07a78","name":"Tupaq","image":{"@type":"ImageObject","inLanguage":"es-PE","@id":"https:\/\/secure.gravatar.com\/avatar\/7929e9b034aeea560319a601e4f04c59eb5f45a79eafe192adabb67e9604e7e7?s=96&d=mm&r=g","url":"https:\/\/secure.gravatar.com\/avatar\/7929e9b034aeea560319a601e4f04c59eb5f45a79eafe192adabb67e9604e7e7?s=96&d=mm&r=g","contentUrl":"https:\/\/secure.gravatar.com\/avatar\/7929e9b034aeea560319a601e4f04c59eb5f45a79eafe192adabb67e9604e7e7?s=96&d=mm&r=g","caption":"Tupaq"},"url":"https:\/\/pulso27.com\/es\/author\/tupaq\/"}]}},"amp_enabled":true,"_links":{"self":[{"href":"https:\/\/pulso27.com\/es\/wp-json\/wp\/v2\/posts\/6001","targetHints":{"allow":["GET"]}}],"collection":[{"href":"https:\/\/pulso27.com\/es\/wp-json\/wp\/v2\/posts"}],"about":[{"href":"https:\/\/pulso27.com\/es\/wp-json\/wp\/v2\/types\/post"}],"author":[{"embeddable":true,"href":"https:\/\/pulso27.com\/es\/wp-json\/wp\/v2\/users\/7"}],"replies":[{"embeddable":true,"href":"https:\/\/pulso27.com\/es\/wp-json\/wp\/v2\/comments?post=6001"}],"version-history":[{"count":1,"href":"https:\/\/pulso27.com\/es\/wp-json\/wp\/v2\/posts\/6001\/revisions"}],"predecessor-version":[{"id":6003,"href":"https:\/\/pulso27.com\/es\/wp-json\/wp\/v2\/posts\/6001\/revisions\/6003"}],"wp:featuredmedia":[{"embeddable":true,"href":"https:\/\/pulso27.com\/es\/wp-json\/wp\/v2\/media\/6002"}],"wp:attachment":[{"href":"https:\/\/pulso27.com\/es\/wp-json\/wp\/v2\/media?parent=6001"}],"wp:term":[{"taxonomy":"category","embeddable":true,"href":"https:\/\/pulso27.com\/es\/wp-json\/wp\/v2\/categories?post=6001"},{"taxonomy":"post_tag","embeddable":true,"href":"https:\/\/pulso27.com\/es\/wp-json\/wp\/v2\/tags?post=6001"}],"curies":[{"name":"wp","href":"https:\/\/api.w.org\/{rel}","templated":true}]}}