{"id":6007,"date":"2025-08-08T08:17:26","date_gmt":"2025-08-08T03:17:26","guid":{"rendered":"https:\/\/pulso27.com\/?p=6007"},"modified":"2025-08-08T08:17:32","modified_gmt":"2025-08-08T03:17:32","slug":"juntos-por-el-peru-anuncia-la-presentacion-de-una-alianza-politica-en-huaycan","status":"publish","type":"post","link":"https:\/\/pulso27.com\/es\/actualidad\/educacion\/juntos-por-el-peru-anuncia-la-presentacion-de-una-alianza-politica-en-huaycan\/","title":{"rendered":"Juntos por el Per\u00fa anuncia la presentaci\u00f3n de una Alianza Pol\u00edtica en Huayc\u00e1n"},"content":{"rendered":"\n<p>La anunciada alianza es un movimiento que busca revitalizar la esperanza de los sectores populares de cara a las elecciones generales de 2026. El evento, liderado por Pedro Castillo Terrones, se llevar\u00e1 a cabo el domingo 17 de agosto de 2025 en la Plaza Central de Huayc\u00e1n, marcando un nuevo cap\u00edtulo en la lucha por la justicia social y la democracia en el pa\u00eds. Este llamado a la unidad buscar\u00eda congregar a diversas fuerzas vivas del campo y la ciudad para construir un futuro m\u00e1s equitativo.<\/p>\n\n\n\n<p>Castillo, quien fuera presidente entre 2021 y 2022, ha reafirmado su compromiso con el pueblo peruano, proponiendo una agenda que incluye la creaci\u00f3n de una Asamblea Constituyente para una nueva Constituci\u00f3n Pol\u00edtica del Pueblo, la recuperaci\u00f3n de la soberan\u00eda sobre los recursos naturales y la reestructuraci\u00f3n del sistema de justicia. Adem\u00e1s, el partido exige reparaci\u00f3n para las v\u00edctimas de las masacres de 2022 y 2023, as\u00ed como la libertad de Castillo y otros presos pol\u00edticos, reflejando su postura firme contra lo que consideran un gobierno de facto.<\/p>\n\n\n\n<p>La alianza surge como respuesta a lo que Juntos por el Per\u00fa denomina un \u00abgolpe de Estado\u00bb y una persecuci\u00f3n pol\u00edtica, invitando a la poblaci\u00f3n a organizarse y movilizarse para transformar la patria. Con un programa que aboga por una econom\u00eda nacional participativa, la derogaci\u00f3n de leyes aprobadas por el actual Congreso y pol\u00edticas de seguridad ciudadana con participaci\u00f3n popular, el partido busca consolidar un frente amplio que represente las mayor\u00edas populares.<\/p>\n\n\n\n<p>La convocatoria ha generado expectativa entre los simpatizantes, quienes ven en este movimiento una oportunidad para recuperar la democracia y el Estado de derecho. La presentaci\u00f3n en Huayc\u00e1n promete ser un momento hist\u00f3rico, donde la voz del pueblo resonar\u00e1 con fuerza, alentando a todos a sumarse a esta lucha por un Per\u00fa justo y sin brechas sociales.<\/p>\n","protected":false},"excerpt":{"rendered":"<p>La anunciada alianza es un movimiento que busca revitalizar la esperanza de los sectores populares de cara a las elecciones generales de 2026. El evento, liderado por Pedro Castillo Terrones, se llevar\u00e1 a cabo el domingo 17 de agosto de 2025 en la Plaza Central de Huayc\u00e1n, marcando un nuevo cap\u00edtulo en la lucha por [&hellip;]<\/p>\n","protected":false},"author":13,"featured_media":6008,"comment_status":"open","ping_status":"open","sticky":false,"template":"","format":"standard","meta":{"footnotes":""},"categories":[808,1852],"tags":[2403,2384,663,563,2404],"class_list":["post-6007","post","type-post","status-publish","format-standard","has-post-thumbnail","hentry","category-educacion","category-tendencia","tag-alianza-electoral","tag-juntos-por-el-peru","tag-margot-palacios","tag-pedro-castillo","tag-roberto-sanchez"],"yoast_head":"<!-- This site is optimized with the Yoast SEO plugin v27.4 - https:\/\/yoast.com\/product\/yoast-seo-wordpress\/ -->\n<title>Juntos por el Per\u00fa anuncia la presentaci\u00f3n de una Alianza Pol\u00edtica en Huayc\u00e1n - Pulso27<\/title>\n<meta name=\"robots\" content=\"index, follow, max-snippet:-1, max-image-preview:large, max-video-preview:-1\" \/>\n<link rel=\"canonical\" href=\"https:\/\/pulso27.com\/es\/actualidad\/educacion\/juntos-por-el-peru-anuncia-la-presentacion-de-una-alianza-politica-en-huaycan\/\" \/>\n<meta property=\"og:locale\" content=\"es_ES\" \/>\n<meta property=\"og:type\" content=\"article\" \/>\n<meta property=\"og:title\" content=\"Juntos por el Per\u00fa anuncia la presentaci\u00f3n de una Alianza Pol\u00edtica en Huayc\u00e1n - Pulso27\" \/>\n<meta property=\"og:description\" content=\"La anunciada alianza es un movimiento que busca revitalizar la esperanza de los sectores populares de cara a las elecciones generales de 2026. El evento, liderado por Pedro Castillo Terrones, se llevar\u00e1 a cabo el domingo 17 de agosto de 2025 en la Plaza Central de Huayc\u00e1n, marcando un nuevo cap\u00edtulo en la lucha por [&hellip;]\" \/>\n<meta property=\"og:url\" content=\"https:\/\/pulso27.com\/es\/actualidad\/educacion\/juntos-por-el-peru-anuncia-la-presentacion-de-una-alianza-politica-en-huaycan\/\" \/>\n<meta property=\"og:site_name\" content=\"Pulso27\" \/>\n<meta property=\"article:publisher\" content=\"https:\/\/www.facebook.com\/pulso27\/\" \/>\n<meta property=\"article:published_time\" content=\"2025-08-08T03:17:26+00:00\" \/>\n<meta property=\"article:modified_time\" content=\"2025-08-08T03:17:32+00:00\" \/>\n<meta property=\"og:image\" content=\"https:\/\/pulso27.com\/wp-content\/uploads\/2025\/08\/Presentacion.png\" \/>\n\t<meta property=\"og:image:width\" content=\"1280\" \/>\n\t<meta property=\"og:image:height\" content=\"802\" \/>\n\t<meta property=\"og:image:type\" content=\"image\/png\" \/>\n<meta name=\"author\" content=\"Redactor\" \/>\n<meta name=\"twitter:card\" content=\"summary_large_image\" \/>\n<meta name=\"twitter:creator\" content=\"@Pulso_27\" \/>\n<meta name=\"twitter:site\" content=\"@Pulso_27\" \/>\n<meta name=\"twitter:label1\" content=\"Written by\" \/>\n\t<meta name=\"twitter:data1\" content=\"Redactor\" \/>\n\t<meta name=\"twitter:label2\" content=\"Est. reading time\" \/>\n\t<meta name=\"twitter:data2\" content=\"2 minutos\" \/>\n<script type=\"application\/ld+json\" class=\"yoast-schema-graph\">{\"@context\":\"https:\\\/\\\/schema.org\",\"@graph\":[{\"@type\":\"Article\",\"@id\":\"https:\\\/\\\/pulso27.com\\\/actualidad\\\/educacion\\\/juntos-por-el-peru-anuncia-la-presentacion-de-una-alianza-politica-en-huaycan\\\/#article\",\"isPartOf\":{\"@id\":\"https:\\\/\\\/pulso27.com\\\/actualidad\\\/educacion\\\/juntos-por-el-peru-anuncia-la-presentacion-de-una-alianza-politica-en-huaycan\\\/\"},\"author\":{\"name\":\"Redactor\",\"@id\":\"https:\\\/\\\/pulso27.com\\\/en\\\/#\\\/schema\\\/person\\\/bf5ee161e6c87f6c7d57f5e689ef8526\"},\"headline\":\"Juntos por el Per\u00fa anuncia la presentaci\u00f3n de una Alianza Pol\u00edtica en Huayc\u00e1n\",\"datePublished\":\"2025-08-08T03:17:26+00:00\",\"dateModified\":\"2025-08-08T03:17:32+00:00\",\"mainEntityOfPage\":{\"@id\":\"https:\\\/\\\/pulso27.com\\\/actualidad\\\/educacion\\\/juntos-por-el-peru-anuncia-la-presentacion-de-una-alianza-politica-en-huaycan\\\/\"},\"wordCount\":337,\"commentCount\":0,\"publisher\":{\"@id\":\"https:\\\/\\\/pulso27.com\\\/en\\\/#organization\"},\"image\":{\"@id\":\"https:\\\/\\\/pulso27.com\\\/actualidad\\\/educacion\\\/juntos-por-el-peru-anuncia-la-presentacion-de-una-alianza-politica-en-huaycan\\\/#primaryimage\"},\"thumbnailUrl\":\"https:\\\/\\\/pulso27.com\\\/wp-content\\\/uploads\\\/2025\\\/08\\\/Presentacion.png\",\"keywords\":[\"Alianza Electoral\",\"Juntos por el Per\u00fa\",\"Margot Palacios\",\"Pedro Castillo\",\"Roberto S\u00e1nchez\"],\"articleSection\":[\"Educaci\u00f3n\",\"Tendencia\"],\"inLanguage\":\"es-PE\",\"potentialAction\":[{\"@type\":\"CommentAction\",\"name\":\"Comment\",\"target\":[\"https:\\\/\\\/pulso27.com\\\/actualidad\\\/educacion\\\/juntos-por-el-peru-anuncia-la-presentacion-de-una-alianza-politica-en-huaycan\\\/#respond\"]}]},{\"@type\":\"WebPage\",\"@id\":\"https:\\\/\\\/pulso27.com\\\/actualidad\\\/educacion\\\/juntos-por-el-peru-anuncia-la-presentacion-de-una-alianza-politica-en-huaycan\\\/\",\"url\":\"https:\\\/\\\/pulso27.com\\\/actualidad\\\/educacion\\\/juntos-por-el-peru-anuncia-la-presentacion-de-una-alianza-politica-en-huaycan\\\/\",\"name\":\"Juntos por el Per\u00fa anuncia la presentaci\u00f3n de una Alianza Pol\u00edtica en Huayc\u00e1n - Pulso27\",\"isPartOf\":{\"@id\":\"https:\\\/\\\/pulso27.com\\\/en\\\/#website\"},\"primaryImageOfPage\":{\"@id\":\"https:\\\/\\\/pulso27.com\\\/actualidad\\\/educacion\\\/juntos-por-el-peru-anuncia-la-presentacion-de-una-alianza-politica-en-huaycan\\\/#primaryimage\"},\"image\":{\"@id\":\"https:\\\/\\\/pulso27.com\\\/actualidad\\\/educacion\\\/juntos-por-el-peru-anuncia-la-presentacion-de-una-alianza-politica-en-huaycan\\\/#primaryimage\"},\"thumbnailUrl\":\"https:\\\/\\\/pulso27.com\\\/wp-content\\\/uploads\\\/2025\\\/08\\\/Presentacion.png\",\"datePublished\":\"2025-08-08T03:17:26+00:00\",\"dateModified\":\"2025-08-08T03:17:32+00:00\",\"breadcrumb\":{\"@id\":\"https:\\\/\\\/pulso27.com\\\/actualidad\\\/educacion\\\/juntos-por-el-peru-anuncia-la-presentacion-de-una-alianza-politica-en-huaycan\\\/#breadcrumb\"},\"inLanguage\":\"es-PE\",\"potentialAction\":[{\"@type\":\"ReadAction\",\"target\":[\"https:\\\/\\\/pulso27.com\\\/actualidad\\\/educacion\\\/juntos-por-el-peru-anuncia-la-presentacion-de-una-alianza-politica-en-huaycan\\\/\"]}]},{\"@type\":\"ImageObject\",\"inLanguage\":\"es-PE\",\"@id\":\"https:\\\/\\\/pulso27.com\\\/actualidad\\\/educacion\\\/juntos-por-el-peru-anuncia-la-presentacion-de-una-alianza-politica-en-huaycan\\\/#primaryimage\",\"url\":\"https:\\\/\\\/pulso27.com\\\/wp-content\\\/uploads\\\/2025\\\/08\\\/Presentacion.png\",\"contentUrl\":\"https:\\\/\\\/pulso27.com\\\/wp-content\\\/uploads\\\/2025\\\/08\\\/Presentacion.png\",\"width\":1280,\"height\":802},{\"@type\":\"BreadcrumbList\",\"@id\":\"https:\\\/\\\/pulso27.com\\\/actualidad\\\/educacion\\\/juntos-por-el-peru-anuncia-la-presentacion-de-una-alianza-politica-en-huaycan\\\/#breadcrumb\",\"itemListElement\":[{\"@type\":\"ListItem\",\"position\":1,\"name\":\"Portada\",\"item\":\"https:\\\/\\\/pulso27.com\\\/\"},{\"@type\":\"ListItem\",\"position\":2,\"name\":\"Juntos por el Per\u00fa anuncia la presentaci\u00f3n de una Alianza Pol\u00edtica en Huayc\u00e1n\"}]},{\"@type\":\"WebSite\",\"@id\":\"https:\\\/\\\/pulso27.com\\\/en\\\/#website\",\"url\":\"https:\\\/\\\/pulso27.com\\\/en\\\/\",\"name\":\"Pulso27\",\"description\":\"Web de noticias y publicidad\",\"publisher\":{\"@id\":\"https:\\\/\\\/pulso27.com\\\/en\\\/#organization\"},\"alternateName\":\"El pulso del pueblo\",\"potentialAction\":[{\"@type\":\"SearchAction\",\"target\":{\"@type\":\"EntryPoint\",\"urlTemplate\":\"https:\\\/\\\/pulso27.com\\\/en\\\/?s={search_term_string}\"},\"query-input\":{\"@type\":\"PropertyValueSpecification\",\"valueRequired\":true,\"valueName\":\"search_term_string\"}}],\"inLanguage\":\"es-PE\"},{\"@type\":\"Organization\",\"@id\":\"https:\\\/\\\/pulso27.com\\\/en\\\/#organization\",\"name\":\"Pulso27\",\"url\":\"https:\\\/\\\/pulso27.com\\\/en\\\/\",\"logo\":{\"@type\":\"ImageObject\",\"inLanguage\":\"es-PE\",\"@id\":\"https:\\\/\\\/pulso27.com\\\/en\\\/#\\\/schema\\\/logo\\\/image\\\/\",\"url\":\"https:\\\/\\\/pulso27.com\\\/wp-content\\\/uploads\\\/2026\\\/02\\\/Logotipo-de-la-organizacion-696-x-696-px-ok.png\",\"contentUrl\":\"https:\\\/\\\/pulso27.com\\\/wp-content\\\/uploads\\\/2026\\\/02\\\/Logotipo-de-la-organizacion-696-x-696-px-ok.png\",\"width\":696,\"height\":696,\"caption\":\"Pulso27\"},\"image\":{\"@id\":\"https:\\\/\\\/pulso27.com\\\/en\\\/#\\\/schema\\\/logo\\\/image\\\/\"},\"sameAs\":[\"https:\\\/\\\/www.facebook.com\\\/pulso27\\\/\",\"https:\\\/\\\/x.com\\\/Pulso_27\",\"https:\\\/\\\/www.youtube.com\\\/@Pulso27\",\"https:\\\/\\\/www.tiktok.com\\\/@pulso_27\"]},{\"@type\":\"Person\",\"@id\":\"https:\\\/\\\/pulso27.com\\\/en\\\/#\\\/schema\\\/person\\\/bf5ee161e6c87f6c7d57f5e689ef8526\",\"name\":\"Redactor\",\"image\":{\"@type\":\"ImageObject\",\"inLanguage\":\"es-PE\",\"@id\":\"https:\\\/\\\/pulso27.com\\\/wp-content\\\/uploads\\\/2025\\\/03\\\/a-150x150.png\",\"url\":\"https:\\\/\\\/pulso27.com\\\/wp-content\\\/uploads\\\/2025\\\/03\\\/a-150x150.png\",\"contentUrl\":\"https:\\\/\\\/pulso27.com\\\/wp-content\\\/uploads\\\/2025\\\/03\\\/a-150x150.png\",\"caption\":\"Redactor\"},\"sameAs\":[\"http:\\\/\\\/www.pulso27.com\"],\"url\":\"https:\\\/\\\/pulso27.com\\\/es\\\/author\\\/redactor\\\/\"}]}<\/script>\n<!-- \/ Yoast SEO plugin. -->","yoast_head_json":{"title":"Juntos por el Per\u00fa anuncia la presentaci\u00f3n de una Alianza Pol\u00edtica en Huayc\u00e1n - Pulso27","robots":{"index":"index","follow":"follow","max-snippet":"max-snippet:-1","max-image-preview":"max-image-preview:large","max-video-preview":"max-video-preview:-1"},"canonical":"https:\/\/pulso27.com\/es\/actualidad\/educacion\/juntos-por-el-peru-anuncia-la-presentacion-de-una-alianza-politica-en-huaycan\/","og_locale":"es_ES","og_type":"article","og_title":"Juntos por el Per\u00fa anuncia la presentaci\u00f3n de una Alianza Pol\u00edtica en Huayc\u00e1n - Pulso27","og_description":"La anunciada alianza es un movimiento que busca revitalizar la esperanza de los sectores populares de cara a las elecciones generales de 2026. El evento, liderado por Pedro Castillo Terrones, se llevar\u00e1 a cabo el domingo 17 de agosto de 2025 en la Plaza Central de Huayc\u00e1n, marcando un nuevo cap\u00edtulo en la lucha por [&hellip;]","og_url":"https:\/\/pulso27.com\/es\/actualidad\/educacion\/juntos-por-el-peru-anuncia-la-presentacion-de-una-alianza-politica-en-huaycan\/","og_site_name":"Pulso27","article_publisher":"https:\/\/www.facebook.com\/pulso27\/","article_published_time":"2025-08-08T03:17:26+00:00","article_modified_time":"2025-08-08T03:17:32+00:00","og_image":[{"width":1280,"height":802,"url":"https:\/\/pulso27.com\/wp-content\/uploads\/2025\/08\/Presentacion.png","type":"image\/png"}],"author":"Redactor","twitter_card":"summary_large_image","twitter_creator":"@Pulso_27","twitter_site":"@Pulso_27","twitter_misc":{"Written by":"Redactor","Est. reading time":"2 minutos"},"schema":{"@context":"https:\/\/schema.org","@graph":[{"@type":"Article","@id":"https:\/\/pulso27.com\/actualidad\/educacion\/juntos-por-el-peru-anuncia-la-presentacion-de-una-alianza-politica-en-huaycan\/#article","isPartOf":{"@id":"https:\/\/pulso27.com\/actualidad\/educacion\/juntos-por-el-peru-anuncia-la-presentacion-de-una-alianza-politica-en-huaycan\/"},"author":{"name":"Redactor","@id":"https:\/\/pulso27.com\/en\/#\/schema\/person\/bf5ee161e6c87f6c7d57f5e689ef8526"},"headline":"Juntos por el Per\u00fa anuncia la presentaci\u00f3n de una Alianza Pol\u00edtica en Huayc\u00e1n","datePublished":"2025-08-08T03:17:26+00:00","dateModified":"2025-08-08T03:17:32+00:00","mainEntityOfPage":{"@id":"https:\/\/pulso27.com\/actualidad\/educacion\/juntos-por-el-peru-anuncia-la-presentacion-de-una-alianza-politica-en-huaycan\/"},"wordCount":337,"commentCount":0,"publisher":{"@id":"https:\/\/pulso27.com\/en\/#organization"},"image":{"@id":"https:\/\/pulso27.com\/actualidad\/educacion\/juntos-por-el-peru-anuncia-la-presentacion-de-una-alianza-politica-en-huaycan\/#primaryimage"},"thumbnailUrl":"https:\/\/pulso27.com\/wp-content\/uploads\/2025\/08\/Presentacion.png","keywords":["Alianza Electoral","Juntos por el Per\u00fa","Margot Palacios","Pedro Castillo","Roberto S\u00e1nchez"],"articleSection":["Educaci\u00f3n","Tendencia"],"inLanguage":"es-PE","potentialAction":[{"@type":"CommentAction","name":"Comment","target":["https:\/\/pulso27.com\/actualidad\/educacion\/juntos-por-el-peru-anuncia-la-presentacion-de-una-alianza-politica-en-huaycan\/#respond"]}]},{"@type":"WebPage","@id":"https:\/\/pulso27.com\/actualidad\/educacion\/juntos-por-el-peru-anuncia-la-presentacion-de-una-alianza-politica-en-huaycan\/","url":"https:\/\/pulso27.com\/actualidad\/educacion\/juntos-por-el-peru-anuncia-la-presentacion-de-una-alianza-politica-en-huaycan\/","name":"Juntos por el Per\u00fa anuncia la presentaci\u00f3n de una Alianza Pol\u00edtica en Huayc\u00e1n - Pulso27","isPartOf":{"@id":"https:\/\/pulso27.com\/en\/#website"},"primaryImageOfPage":{"@id":"https:\/\/pulso27.com\/actualidad\/educacion\/juntos-por-el-peru-anuncia-la-presentacion-de-una-alianza-politica-en-huaycan\/#primaryimage"},"image":{"@id":"https:\/\/pulso27.com\/actualidad\/educacion\/juntos-por-el-peru-anuncia-la-presentacion-de-una-alianza-politica-en-huaycan\/#primaryimage"},"thumbnailUrl":"https:\/\/pulso27.com\/wp-content\/uploads\/2025\/08\/Presentacion.png","datePublished":"2025-08-08T03:17:26+00:00","dateModified":"2025-08-08T03:17:32+00:00","breadcrumb":{"@id":"https:\/\/pulso27.com\/actualidad\/educacion\/juntos-por-el-peru-anuncia-la-presentacion-de-una-alianza-politica-en-huaycan\/#breadcrumb"},"inLanguage":"es-PE","potentialAction":[{"@type":"ReadAction","target":["https:\/\/pulso27.com\/actualidad\/educacion\/juntos-por-el-peru-anuncia-la-presentacion-de-una-alianza-politica-en-huaycan\/"]}]},{"@type":"ImageObject","inLanguage":"es-PE","@id":"https:\/\/pulso27.com\/actualidad\/educacion\/juntos-por-el-peru-anuncia-la-presentacion-de-una-alianza-politica-en-huaycan\/#primaryimage","url":"https:\/\/pulso27.com\/wp-content\/uploads\/2025\/08\/Presentacion.png","contentUrl":"https:\/\/pulso27.com\/wp-content\/uploads\/2025\/08\/Presentacion.png","width":1280,"height":802},{"@type":"BreadcrumbList","@id":"https:\/\/pulso27.com\/actualidad\/educacion\/juntos-por-el-peru-anuncia-la-presentacion-de-una-alianza-politica-en-huaycan\/#breadcrumb","itemListElement":[{"@type":"ListItem","position":1,"name":"Portada","item":"https:\/\/pulso27.com\/"},{"@type":"ListItem","position":2,"name":"Juntos por el Per\u00fa anuncia la presentaci\u00f3n de una Alianza Pol\u00edtica en Huayc\u00e1n"}]},{"@type":"WebSite","@id":"https:\/\/pulso27.com\/en\/#website","url":"https:\/\/pulso27.com\/en\/","name":"Pulso27","description":"Web de noticias y publicidad","publisher":{"@id":"https:\/\/pulso27.com\/en\/#organization"},"alternateName":"El pulso del pueblo","potentialAction":[{"@type":"SearchAction","target":{"@type":"EntryPoint","urlTemplate":"https:\/\/pulso27.com\/en\/?s={search_term_string}"},"query-input":{"@type":"PropertyValueSpecification","valueRequired":true,"valueName":"search_term_string"}}],"inLanguage":"es-PE"},{"@type":"Organization","@id":"https:\/\/pulso27.com\/en\/#organization","name":"Pulso27","url":"https:\/\/pulso27.com\/en\/","logo":{"@type":"ImageObject","inLanguage":"es-PE","@id":"https:\/\/pulso27.com\/en\/#\/schema\/logo\/image\/","url":"https:\/\/pulso27.com\/wp-content\/uploads\/2026\/02\/Logotipo-de-la-organizacion-696-x-696-px-ok.png","contentUrl":"https:\/\/pulso27.com\/wp-content\/uploads\/2026\/02\/Logotipo-de-la-organizacion-696-x-696-px-ok.png","width":696,"height":696,"caption":"Pulso27"},"image":{"@id":"https:\/\/pulso27.com\/en\/#\/schema\/logo\/image\/"},"sameAs":["https:\/\/www.facebook.com\/pulso27\/","https:\/\/x.com\/Pulso_27","https:\/\/www.youtube.com\/@Pulso27","https:\/\/www.tiktok.com\/@pulso_27"]},{"@type":"Person","@id":"https:\/\/pulso27.com\/en\/#\/schema\/person\/bf5ee161e6c87f6c7d57f5e689ef8526","name":"Redactor","image":{"@type":"ImageObject","inLanguage":"es-PE","@id":"https:\/\/pulso27.com\/wp-content\/uploads\/2025\/03\/a-150x150.png","url":"https:\/\/pulso27.com\/wp-content\/uploads\/2025\/03\/a-150x150.png","contentUrl":"https:\/\/pulso27.com\/wp-content\/uploads\/2025\/03\/a-150x150.png","caption":"Redactor"},"sameAs":["http:\/\/www.pulso27.com"],"url":"https:\/\/pulso27.com\/es\/author\/redactor\/"}]}},"amp_enabled":true,"_links":{"self":[{"href":"https:\/\/pulso27.com\/es\/wp-json\/wp\/v2\/posts\/6007","targetHints":{"allow":["GET"]}}],"collection":[{"href":"https:\/\/pulso27.com\/es\/wp-json\/wp\/v2\/posts"}],"about":[{"href":"https:\/\/pulso27.com\/es\/wp-json\/wp\/v2\/types\/post"}],"author":[{"embeddable":true,"href":"https:\/\/pulso27.com\/es\/wp-json\/wp\/v2\/users\/13"}],"replies":[{"embeddable":true,"href":"https:\/\/pulso27.com\/es\/wp-json\/wp\/v2\/comments?post=6007"}],"version-history":[{"count":1,"href":"https:\/\/pulso27.com\/es\/wp-json\/wp\/v2\/posts\/6007\/revisions"}],"predecessor-version":[{"id":6009,"href":"https:\/\/pulso27.com\/es\/wp-json\/wp\/v2\/posts\/6007\/revisions\/6009"}],"wp:featuredmedia":[{"embeddable":true,"href":"https:\/\/pulso27.com\/es\/wp-json\/wp\/v2\/media\/6008"}],"wp:attachment":[{"href":"https:\/\/pulso27.com\/es\/wp-json\/wp\/v2\/media?parent=6007"}],"wp:term":[{"taxonomy":"category","embeddable":true,"href":"https:\/\/pulso27.com\/es\/wp-json\/wp\/v2\/categories?post=6007"},{"taxonomy":"post_tag","embeddable":true,"href":"https:\/\/pulso27.com\/es\/wp-json\/wp\/v2\/tags?post=6007"}],"curies":[{"name":"wp","href":"https:\/\/api.w.org\/{rel}","templated":true}]}}