{"id":601,"date":"2023-11-09T10:48:15","date_gmt":"2023-11-09T10:48:15","guid":{"rendered":"https:\/\/pulso27.com\/?p=601"},"modified":"2024-11-02T08:53:50","modified_gmt":"2024-11-02T03:53:50","slug":"vicepresidente-de-la-jnj-senala-que-apelacion-del-congreso-a-la-cautelar-se-resolveria-a-fines-de-este-ano-o-inicios-del-proximo","status":"publish","type":"post","link":"https:\/\/pulso27.com\/es\/nacional\/vicepresidente-de-la-jnj-senala-que-apelacion-del-congreso-a-la-cautelar-se-resolveria-a-fines-de-este-ano-o-inicios-del-proximo\/","title":{"rendered":"Vicepresidente de la JNJ se\u00f1ala que apelaci\u00f3n del Congreso a la cautelar se resolver\u00eda a fines de este a\u00f1o o inicios del pr\u00f3ximo"},"content":{"rendered":"\n<p>La Procuradur\u00eda P\u00fablica del Poder Legislativo present\u00f3 este mi\u00e9rcoles una apelaci\u00f3n ante la Tercera Sala Constitucional de la Corte Superior de Justicia de Lima respecto a la medida cautelar que emiti\u00f3 y en la que suspende provisionalmente todos los efectos de la imputaci\u00f3n de cargos de la Comisi\u00f3n de Justicia y Derechos Humanos contra los miembros de la Junta Nacional de Justicia (JNJ).<br><br>La Procuradur\u00eda P\u00fablica del Poder Legislativo present\u00f3 este mi\u00e9rcoles una apelaci\u00f3n ante la Tercera Sala Constitucional de la Corte Superior de Justicia de Lima respecto a la medida cautelar que emiti\u00f3 y en la que suspende provisionalmente todos los efectos de la imputaci\u00f3n de cargos de la Comisi\u00f3n de Justicia y Derechos Humanos contra los miembros de la Junta Nacional de Justicia (JNJ).<\/p>\n\n\n\n<blockquote class=\"wp-block-quote is-layout-flow wp-block-quote-is-layout-flow\">\n<p>Aldo V\u00e1squez sobre apelaci\u00f3n de medida cautelar: \u00abTrat\u00e1ndose de un tema de especial relevancia que implica al Congreso y a la JNJ, seguramente habr\u00e1 un pronunciamiento antes de fin de a\u00f1o o a inicio del pr\u00f3ximo\u00bb<\/p>\n<\/blockquote>\n\n\n\n<p><br>En entrevista realizada en el medio RPP, Aldo V\u00e1squez sobre apelaci\u00f3n de medida cautelar: \u00abTrat\u00e1ndose de un tema de especial relevancia que implica al Congreso y a la JNJ, seguramente habr\u00e1 un pronunciamiento antes de fin de a\u00f1o o a inicio del pr\u00f3ximo\u00bb<br>El vicepresidente de la Junta Nacional de Justicia (JNJ), Aldo V\u00e1zquez, se pronunci\u00f3 respecto al recurso de apelaci\u00f3n que present\u00f3 la Procuradur\u00eda P\u00fablica del Congreso ante la Corte Superior de Justicia por la medida cautelar que emiti\u00f3 y en la que concede suspender provisionalmente todas las imputaciones de cargos que realiza la Comisi\u00f3n de Justicia del Legislativo contra los siete miembros del organismo aut\u00f3nomo encargado de nombrar, ratificar y destituir a jueces y fiscales.<\/p>\n\n\n\n<p>Sobre ello, indic\u00f3 que la resoluci\u00f3n de esta medida podr\u00eda darse en los pr\u00f3ximos meses o a m\u00e1s tardar a comienzos del pr\u00f3ximo a\u00f1o debido a que es un tema de gran importancia.<\/p>\n\n\n\n<p>\u201cSi uno se atiene a los antecedentes podr\u00eda prolongarse por algunos meses, pero trat\u00e1ndose de un tema de especial relevancia que implica al Congreso y a la JNJ, seguramente habr\u00e1 un pronunciamiento antes de fin de a\u00f1o o a inicio del pr\u00f3ximo\u201d, indic\u00f3 el magistrado en el programa Las cosas como son.<\/p>\n\n\n\n<p>Sobre este enfrentamiento, precis\u00f3 que siente que \u201cno gana el Congreso, no gana la Junta Nacional de Justicia, no gana la institucionalidad del pa\u00eds, no gana la sociedad peruana que por el contrario percibe una situaci\u00f3n de inestabilidad que no se justifica en modo alguno\u201d.<\/p>\n\n\n\n<p>\u201cLo m\u00ednimo que podemos esperar es que todo esto se reconduzca por canales leg\u00edtimos, por canales v\u00e1lidos. Nosotros no nos negamos a ser investigados, a lo que nos negamos es ser llevados a un procedimiento que no est\u00e1 regulado en la norma y por una causa grave que tampoco est\u00e1 definido en la norma\u201d, finaliz\u00f3.<\/p>\n\n\n\n<p>Fiscal\u00eda abre investigaci\u00f3n preliminar contra jueces que concedieron medida cautelar a miembros de la JNJ<br>La Fiscal\u00eda de la Naci\u00f3n abri\u00f3 investigaci\u00f3n preliminar contra los jueces N\u00e9stor Fernando Paredes Flores, Jos\u00e9 Luis Velarde Acosta e Iv\u00e1n Alfredo Cabrero Giurisich por conceder la medida cautelar que suspend\u00eda el proceso de investigaci\u00f3n y destituci\u00f3n contra los miembros de la Junta Nacional de Justicia llevado a cabo por el Congreso.<\/p>\n\n\n\n<p>El inicio de las diligencias responde a la denuncia presentada por la parlamentaria Patricia Chirinos contra los magistrados por los presuntos delitos de abuso de autoridad y prevaricato.<\/p>\n\n\n\n<p>La Fiscal\u00eda estableci\u00f3 un plazo de 60 d\u00edas naturales para poder llevar a cabo las diligencias preliminares \u00absin perjuicio que el plazo pueda ser ampliado\u00bb.<\/p>\n","protected":false},"excerpt":{"rendered":"<p>La Procuradur\u00eda P\u00fablica del Poder Legislativo present\u00f3 este mi\u00e9rcoles una apelaci\u00f3n ante la Tercera Sala Constitucional de la Corte Superior de Justicia de Lima respecto a la medida cautelar que emiti\u00f3 y en la que suspende provisionalmente todos los efectos de la imputaci\u00f3n de cargos de la Comisi\u00f3n de Justicia y Derechos Humanos contra los miembros de la Junta Nacional de Justicia (JNJ).<\/p>\n","protected":false},"author":8,"featured_media":602,"comment_status":"open","ping_status":"open","sticky":false,"template":"","format":"standard","meta":{"footnotes":""},"categories":[183,174,180],"tags":[195,1880],"class_list":["post-601","post","type-post","status-publish","format-standard","has-post-thumbnail","hentry","category-actualidad","category-nacional","category-politica","tag-jnj","tag-nuevajnj"],"yoast_head":"<!-- This site is optimized with the Yoast SEO plugin v27.4 - https:\/\/yoast.com\/product\/yoast-seo-wordpress\/ -->\n<title>Vicepresidente de la JNJ se\u00f1ala que apelaci\u00f3n del Congreso a la cautelar se resolver\u00eda a fines de este a\u00f1o o inicios del pr\u00f3ximo - Pulso27<\/title>\n<meta name=\"robots\" content=\"index, follow, max-snippet:-1, max-image-preview:large, max-video-preview:-1\" \/>\n<link rel=\"canonical\" href=\"https:\/\/pulso27.com\/es\/nacional\/vicepresidente-de-la-jnj-senala-que-apelacion-del-congreso-a-la-cautelar-se-resolveria-a-fines-de-este-ano-o-inicios-del-proximo\/\" \/>\n<meta property=\"og:locale\" content=\"es_ES\" \/>\n<meta property=\"og:type\" content=\"article\" \/>\n<meta property=\"og:title\" content=\"Vicepresidente de la JNJ se\u00f1ala que apelaci\u00f3n del Congreso a la cautelar se resolver\u00eda a fines de este a\u00f1o o inicios del pr\u00f3ximo - Pulso27\" \/>\n<meta property=\"og:description\" content=\"La Procuradur\u00eda P\u00fablica del Poder Legislativo present\u00f3 este mi\u00e9rcoles una apelaci\u00f3n ante la Tercera Sala Constitucional de la Corte Superior de Justicia de Lima respecto a la medida cautelar que emiti\u00f3 y en la que suspende provisionalmente todos los efectos de la imputaci\u00f3n de cargos de la Comisi\u00f3n de Justicia y Derechos Humanos contra los miembros de la Junta Nacional de Justicia (JNJ).\" \/>\n<meta property=\"og:url\" content=\"https:\/\/pulso27.com\/es\/nacional\/vicepresidente-de-la-jnj-senala-que-apelacion-del-congreso-a-la-cautelar-se-resolveria-a-fines-de-este-ano-o-inicios-del-proximo\/\" \/>\n<meta property=\"og:site_name\" content=\"Pulso27\" \/>\n<meta property=\"article:publisher\" content=\"https:\/\/www.facebook.com\/pulso27\/\" \/>\n<meta property=\"article:published_time\" content=\"2023-11-09T10:48:15+00:00\" \/>\n<meta property=\"article:modified_time\" content=\"2024-11-02T03:53:50+00:00\" \/>\n<meta property=\"og:image\" content=\"https:\/\/pulso27.com\/wp-content\/uploads\/2023\/11\/aldo-vasquez.png\" \/>\n\t<meta property=\"og:image:width\" content=\"693\" \/>\n\t<meta property=\"og:image:height\" content=\"424\" \/>\n\t<meta property=\"og:image:type\" content=\"image\/png\" \/>\n<meta name=\"author\" content=\"Maga\" \/>\n<meta name=\"twitter:card\" content=\"summary_large_image\" \/>\n<meta name=\"twitter:creator\" content=\"@Pulso_27\" \/>\n<meta name=\"twitter:site\" content=\"@Pulso_27\" \/>\n<meta name=\"twitter:label1\" content=\"Written by\" \/>\n\t<meta name=\"twitter:data1\" content=\"Maga\" \/>\n\t<meta name=\"twitter:label2\" content=\"Est. reading time\" \/>\n\t<meta name=\"twitter:data2\" content=\"3 minutos\" \/>\n<script type=\"application\/ld+json\" class=\"yoast-schema-graph\">{\"@context\":\"https:\\\/\\\/schema.org\",\"@graph\":[{\"@type\":\"Article\",\"@id\":\"https:\\\/\\\/pulso27.com\\\/nacional\\\/vicepresidente-de-la-jnj-senala-que-apelacion-del-congreso-a-la-cautelar-se-resolveria-a-fines-de-este-ano-o-inicios-del-proximo\\\/#article\",\"isPartOf\":{\"@id\":\"https:\\\/\\\/pulso27.com\\\/nacional\\\/vicepresidente-de-la-jnj-senala-que-apelacion-del-congreso-a-la-cautelar-se-resolveria-a-fines-de-este-ano-o-inicios-del-proximo\\\/\"},\"author\":{\"name\":\"Maga\",\"@id\":\"https:\\\/\\\/pulso27.com\\\/en\\\/#\\\/schema\\\/person\\\/92f5059eb04cb644a32d22c9bc998684\"},\"headline\":\"Vicepresidente de la JNJ se\u00f1ala que apelaci\u00f3n del Congreso a la cautelar se resolver\u00eda a fines de este a\u00f1o o inicios del pr\u00f3ximo\",\"datePublished\":\"2023-11-09T10:48:15+00:00\",\"dateModified\":\"2024-11-02T03:53:50+00:00\",\"mainEntityOfPage\":{\"@id\":\"https:\\\/\\\/pulso27.com\\\/nacional\\\/vicepresidente-de-la-jnj-senala-que-apelacion-del-congreso-a-la-cautelar-se-resolveria-a-fines-de-este-ano-o-inicios-del-proximo\\\/\"},\"wordCount\":665,\"commentCount\":0,\"publisher\":{\"@id\":\"https:\\\/\\\/pulso27.com\\\/en\\\/#organization\"},\"image\":{\"@id\":\"https:\\\/\\\/pulso27.com\\\/nacional\\\/vicepresidente-de-la-jnj-senala-que-apelacion-del-congreso-a-la-cautelar-se-resolveria-a-fines-de-este-ano-o-inicios-del-proximo\\\/#primaryimage\"},\"thumbnailUrl\":\"https:\\\/\\\/pulso27.com\\\/wp-content\\\/uploads\\\/2023\\\/11\\\/aldo-vasquez.png\",\"keywords\":[\"JNJ\",\"NuevaJNJ\"],\"articleSection\":[\"Actualidad\",\"Nacional\",\"Pol\u00edtica\"],\"inLanguage\":\"es-PE\",\"potentialAction\":[{\"@type\":\"CommentAction\",\"name\":\"Comment\",\"target\":[\"https:\\\/\\\/pulso27.com\\\/nacional\\\/vicepresidente-de-la-jnj-senala-que-apelacion-del-congreso-a-la-cautelar-se-resolveria-a-fines-de-este-ano-o-inicios-del-proximo\\\/#respond\"]}]},{\"@type\":\"WebPage\",\"@id\":\"https:\\\/\\\/pulso27.com\\\/nacional\\\/vicepresidente-de-la-jnj-senala-que-apelacion-del-congreso-a-la-cautelar-se-resolveria-a-fines-de-este-ano-o-inicios-del-proximo\\\/\",\"url\":\"https:\\\/\\\/pulso27.com\\\/nacional\\\/vicepresidente-de-la-jnj-senala-que-apelacion-del-congreso-a-la-cautelar-se-resolveria-a-fines-de-este-ano-o-inicios-del-proximo\\\/\",\"name\":\"Vicepresidente de la JNJ se\u00f1ala que apelaci\u00f3n del Congreso a la cautelar se resolver\u00eda a fines de este a\u00f1o o inicios del pr\u00f3ximo - Pulso27\",\"isPartOf\":{\"@id\":\"https:\\\/\\\/pulso27.com\\\/en\\\/#website\"},\"primaryImageOfPage\":{\"@id\":\"https:\\\/\\\/pulso27.com\\\/nacional\\\/vicepresidente-de-la-jnj-senala-que-apelacion-del-congreso-a-la-cautelar-se-resolveria-a-fines-de-este-ano-o-inicios-del-proximo\\\/#primaryimage\"},\"image\":{\"@id\":\"https:\\\/\\\/pulso27.com\\\/nacional\\\/vicepresidente-de-la-jnj-senala-que-apelacion-del-congreso-a-la-cautelar-se-resolveria-a-fines-de-este-ano-o-inicios-del-proximo\\\/#primaryimage\"},\"thumbnailUrl\":\"https:\\\/\\\/pulso27.com\\\/wp-content\\\/uploads\\\/2023\\\/11\\\/aldo-vasquez.png\",\"datePublished\":\"2023-11-09T10:48:15+00:00\",\"dateModified\":\"2024-11-02T03:53:50+00:00\",\"breadcrumb\":{\"@id\":\"https:\\\/\\\/pulso27.com\\\/nacional\\\/vicepresidente-de-la-jnj-senala-que-apelacion-del-congreso-a-la-cautelar-se-resolveria-a-fines-de-este-ano-o-inicios-del-proximo\\\/#breadcrumb\"},\"inLanguage\":\"es-PE\",\"potentialAction\":[{\"@type\":\"ReadAction\",\"target\":[\"https:\\\/\\\/pulso27.com\\\/nacional\\\/vicepresidente-de-la-jnj-senala-que-apelacion-del-congreso-a-la-cautelar-se-resolveria-a-fines-de-este-ano-o-inicios-del-proximo\\\/\"]}]},{\"@type\":\"ImageObject\",\"inLanguage\":\"es-PE\",\"@id\":\"https:\\\/\\\/pulso27.com\\\/nacional\\\/vicepresidente-de-la-jnj-senala-que-apelacion-del-congreso-a-la-cautelar-se-resolveria-a-fines-de-este-ano-o-inicios-del-proximo\\\/#primaryimage\",\"url\":\"https:\\\/\\\/pulso27.com\\\/wp-content\\\/uploads\\\/2023\\\/11\\\/aldo-vasquez.png\",\"contentUrl\":\"https:\\\/\\\/pulso27.com\\\/wp-content\\\/uploads\\\/2023\\\/11\\\/aldo-vasquez.png\",\"width\":693,\"height\":424},{\"@type\":\"BreadcrumbList\",\"@id\":\"https:\\\/\\\/pulso27.com\\\/nacional\\\/vicepresidente-de-la-jnj-senala-que-apelacion-del-congreso-a-la-cautelar-se-resolveria-a-fines-de-este-ano-o-inicios-del-proximo\\\/#breadcrumb\",\"itemListElement\":[{\"@type\":\"ListItem\",\"position\":1,\"name\":\"Portada\",\"item\":\"https:\\\/\\\/pulso27.com\\\/\"},{\"@type\":\"ListItem\",\"position\":2,\"name\":\"Vicepresidente de la JNJ se\u00f1ala que apelaci\u00f3n del Congreso a la cautelar se resolver\u00eda a fines de este a\u00f1o o inicios del pr\u00f3ximo\"}]},{\"@type\":\"WebSite\",\"@id\":\"https:\\\/\\\/pulso27.com\\\/en\\\/#website\",\"url\":\"https:\\\/\\\/pulso27.com\\\/en\\\/\",\"name\":\"Pulso27\",\"description\":\"Web de noticias y publicidad\",\"publisher\":{\"@id\":\"https:\\\/\\\/pulso27.com\\\/en\\\/#organization\"},\"alternateName\":\"El pulso del pueblo\",\"potentialAction\":[{\"@type\":\"SearchAction\",\"target\":{\"@type\":\"EntryPoint\",\"urlTemplate\":\"https:\\\/\\\/pulso27.com\\\/en\\\/?s={search_term_string}\"},\"query-input\":{\"@type\":\"PropertyValueSpecification\",\"valueRequired\":true,\"valueName\":\"search_term_string\"}}],\"inLanguage\":\"es-PE\"},{\"@type\":\"Organization\",\"@id\":\"https:\\\/\\\/pulso27.com\\\/en\\\/#organization\",\"name\":\"Pulso27\",\"url\":\"https:\\\/\\\/pulso27.com\\\/en\\\/\",\"logo\":{\"@type\":\"ImageObject\",\"inLanguage\":\"es-PE\",\"@id\":\"https:\\\/\\\/pulso27.com\\\/en\\\/#\\\/schema\\\/logo\\\/image\\\/\",\"url\":\"https:\\\/\\\/pulso27.com\\\/wp-content\\\/uploads\\\/2026\\\/02\\\/Logotipo-de-la-organizacion-696-x-696-px-ok.png\",\"contentUrl\":\"https:\\\/\\\/pulso27.com\\\/wp-content\\\/uploads\\\/2026\\\/02\\\/Logotipo-de-la-organizacion-696-x-696-px-ok.png\",\"width\":696,\"height\":696,\"caption\":\"Pulso27\"},\"image\":{\"@id\":\"https:\\\/\\\/pulso27.com\\\/en\\\/#\\\/schema\\\/logo\\\/image\\\/\"},\"sameAs\":[\"https:\\\/\\\/www.facebook.com\\\/pulso27\\\/\",\"https:\\\/\\\/x.com\\\/Pulso_27\",\"https:\\\/\\\/www.youtube.com\\\/@Pulso27\",\"https:\\\/\\\/www.tiktok.com\\\/@pulso_27\"]},{\"@type\":\"Person\",\"@id\":\"https:\\\/\\\/pulso27.com\\\/en\\\/#\\\/schema\\\/person\\\/92f5059eb04cb644a32d22c9bc998684\",\"name\":\"Maga\",\"image\":{\"@type\":\"ImageObject\",\"inLanguage\":\"es-PE\",\"@id\":\"https:\\\/\\\/secure.gravatar.com\\\/avatar\\\/c4d5224d4227e7c057cd5793ba910425cc902f3aef97cda3eccc7acba8be2edc?s=96&d=mm&r=g\",\"url\":\"https:\\\/\\\/secure.gravatar.com\\\/avatar\\\/c4d5224d4227e7c057cd5793ba910425cc902f3aef97cda3eccc7acba8be2edc?s=96&d=mm&r=g\",\"contentUrl\":\"https:\\\/\\\/secure.gravatar.com\\\/avatar\\\/c4d5224d4227e7c057cd5793ba910425cc902f3aef97cda3eccc7acba8be2edc?s=96&d=mm&r=g\",\"caption\":\"Maga\"},\"sameAs\":[\"http:\\\/\\\/www.pulso27.com\"],\"url\":\"https:\\\/\\\/pulso27.com\\\/es\\\/author\\\/maga\\\/\"}]}<\/script>\n<!-- \/ Yoast SEO plugin. -->","yoast_head_json":{"title":"Vicepresidente de la JNJ se\u00f1ala que apelaci\u00f3n del Congreso a la cautelar se resolver\u00eda a fines de este a\u00f1o o inicios del pr\u00f3ximo - Pulso27","robots":{"index":"index","follow":"follow","max-snippet":"max-snippet:-1","max-image-preview":"max-image-preview:large","max-video-preview":"max-video-preview:-1"},"canonical":"https:\/\/pulso27.com\/es\/nacional\/vicepresidente-de-la-jnj-senala-que-apelacion-del-congreso-a-la-cautelar-se-resolveria-a-fines-de-este-ano-o-inicios-del-proximo\/","og_locale":"es_ES","og_type":"article","og_title":"Vicepresidente de la JNJ se\u00f1ala que apelaci\u00f3n del Congreso a la cautelar se resolver\u00eda a fines de este a\u00f1o o inicios del pr\u00f3ximo - Pulso27","og_description":"La Procuradur\u00eda P\u00fablica del Poder Legislativo present\u00f3 este mi\u00e9rcoles una apelaci\u00f3n ante la Tercera Sala Constitucional de la Corte Superior de Justicia de Lima respecto a la medida cautelar que emiti\u00f3 y en la que suspende provisionalmente todos los efectos de la imputaci\u00f3n de cargos de la Comisi\u00f3n de Justicia y Derechos Humanos contra los miembros de la Junta Nacional de Justicia (JNJ).","og_url":"https:\/\/pulso27.com\/es\/nacional\/vicepresidente-de-la-jnj-senala-que-apelacion-del-congreso-a-la-cautelar-se-resolveria-a-fines-de-este-ano-o-inicios-del-proximo\/","og_site_name":"Pulso27","article_publisher":"https:\/\/www.facebook.com\/pulso27\/","article_published_time":"2023-11-09T10:48:15+00:00","article_modified_time":"2024-11-02T03:53:50+00:00","og_image":[{"width":693,"height":424,"url":"https:\/\/pulso27.com\/wp-content\/uploads\/2023\/11\/aldo-vasquez.png","type":"image\/png"}],"author":"Maga","twitter_card":"summary_large_image","twitter_creator":"@Pulso_27","twitter_site":"@Pulso_27","twitter_misc":{"Written by":"Maga","Est. reading time":"3 minutos"},"schema":{"@context":"https:\/\/schema.org","@graph":[{"@type":"Article","@id":"https:\/\/pulso27.com\/nacional\/vicepresidente-de-la-jnj-senala-que-apelacion-del-congreso-a-la-cautelar-se-resolveria-a-fines-de-este-ano-o-inicios-del-proximo\/#article","isPartOf":{"@id":"https:\/\/pulso27.com\/nacional\/vicepresidente-de-la-jnj-senala-que-apelacion-del-congreso-a-la-cautelar-se-resolveria-a-fines-de-este-ano-o-inicios-del-proximo\/"},"author":{"name":"Maga","@id":"https:\/\/pulso27.com\/en\/#\/schema\/person\/92f5059eb04cb644a32d22c9bc998684"},"headline":"Vicepresidente de la JNJ se\u00f1ala que apelaci\u00f3n del Congreso a la cautelar se resolver\u00eda a fines de este a\u00f1o o inicios del pr\u00f3ximo","datePublished":"2023-11-09T10:48:15+00:00","dateModified":"2024-11-02T03:53:50+00:00","mainEntityOfPage":{"@id":"https:\/\/pulso27.com\/nacional\/vicepresidente-de-la-jnj-senala-que-apelacion-del-congreso-a-la-cautelar-se-resolveria-a-fines-de-este-ano-o-inicios-del-proximo\/"},"wordCount":665,"commentCount":0,"publisher":{"@id":"https:\/\/pulso27.com\/en\/#organization"},"image":{"@id":"https:\/\/pulso27.com\/nacional\/vicepresidente-de-la-jnj-senala-que-apelacion-del-congreso-a-la-cautelar-se-resolveria-a-fines-de-este-ano-o-inicios-del-proximo\/#primaryimage"},"thumbnailUrl":"https:\/\/pulso27.com\/wp-content\/uploads\/2023\/11\/aldo-vasquez.png","keywords":["JNJ","NuevaJNJ"],"articleSection":["Actualidad","Nacional","Pol\u00edtica"],"inLanguage":"es-PE","potentialAction":[{"@type":"CommentAction","name":"Comment","target":["https:\/\/pulso27.com\/nacional\/vicepresidente-de-la-jnj-senala-que-apelacion-del-congreso-a-la-cautelar-se-resolveria-a-fines-de-este-ano-o-inicios-del-proximo\/#respond"]}]},{"@type":"WebPage","@id":"https:\/\/pulso27.com\/nacional\/vicepresidente-de-la-jnj-senala-que-apelacion-del-congreso-a-la-cautelar-se-resolveria-a-fines-de-este-ano-o-inicios-del-proximo\/","url":"https:\/\/pulso27.com\/nacional\/vicepresidente-de-la-jnj-senala-que-apelacion-del-congreso-a-la-cautelar-se-resolveria-a-fines-de-este-ano-o-inicios-del-proximo\/","name":"Vicepresidente de la JNJ se\u00f1ala que apelaci\u00f3n del Congreso a la cautelar se resolver\u00eda a fines de este a\u00f1o o inicios del pr\u00f3ximo - Pulso27","isPartOf":{"@id":"https:\/\/pulso27.com\/en\/#website"},"primaryImageOfPage":{"@id":"https:\/\/pulso27.com\/nacional\/vicepresidente-de-la-jnj-senala-que-apelacion-del-congreso-a-la-cautelar-se-resolveria-a-fines-de-este-ano-o-inicios-del-proximo\/#primaryimage"},"image":{"@id":"https:\/\/pulso27.com\/nacional\/vicepresidente-de-la-jnj-senala-que-apelacion-del-congreso-a-la-cautelar-se-resolveria-a-fines-de-este-ano-o-inicios-del-proximo\/#primaryimage"},"thumbnailUrl":"https:\/\/pulso27.com\/wp-content\/uploads\/2023\/11\/aldo-vasquez.png","datePublished":"2023-11-09T10:48:15+00:00","dateModified":"2024-11-02T03:53:50+00:00","breadcrumb":{"@id":"https:\/\/pulso27.com\/nacional\/vicepresidente-de-la-jnj-senala-que-apelacion-del-congreso-a-la-cautelar-se-resolveria-a-fines-de-este-ano-o-inicios-del-proximo\/#breadcrumb"},"inLanguage":"es-PE","potentialAction":[{"@type":"ReadAction","target":["https:\/\/pulso27.com\/nacional\/vicepresidente-de-la-jnj-senala-que-apelacion-del-congreso-a-la-cautelar-se-resolveria-a-fines-de-este-ano-o-inicios-del-proximo\/"]}]},{"@type":"ImageObject","inLanguage":"es-PE","@id":"https:\/\/pulso27.com\/nacional\/vicepresidente-de-la-jnj-senala-que-apelacion-del-congreso-a-la-cautelar-se-resolveria-a-fines-de-este-ano-o-inicios-del-proximo\/#primaryimage","url":"https:\/\/pulso27.com\/wp-content\/uploads\/2023\/11\/aldo-vasquez.png","contentUrl":"https:\/\/pulso27.com\/wp-content\/uploads\/2023\/11\/aldo-vasquez.png","width":693,"height":424},{"@type":"BreadcrumbList","@id":"https:\/\/pulso27.com\/nacional\/vicepresidente-de-la-jnj-senala-que-apelacion-del-congreso-a-la-cautelar-se-resolveria-a-fines-de-este-ano-o-inicios-del-proximo\/#breadcrumb","itemListElement":[{"@type":"ListItem","position":1,"name":"Portada","item":"https:\/\/pulso27.com\/"},{"@type":"ListItem","position":2,"name":"Vicepresidente de la JNJ se\u00f1ala que apelaci\u00f3n del Congreso a la cautelar se resolver\u00eda a fines de este a\u00f1o o inicios del pr\u00f3ximo"}]},{"@type":"WebSite","@id":"https:\/\/pulso27.com\/en\/#website","url":"https:\/\/pulso27.com\/en\/","name":"Pulso27","description":"Web de noticias y publicidad","publisher":{"@id":"https:\/\/pulso27.com\/en\/#organization"},"alternateName":"El pulso del pueblo","potentialAction":[{"@type":"SearchAction","target":{"@type":"EntryPoint","urlTemplate":"https:\/\/pulso27.com\/en\/?s={search_term_string}"},"query-input":{"@type":"PropertyValueSpecification","valueRequired":true,"valueName":"search_term_string"}}],"inLanguage":"es-PE"},{"@type":"Organization","@id":"https:\/\/pulso27.com\/en\/#organization","name":"Pulso27","url":"https:\/\/pulso27.com\/en\/","logo":{"@type":"ImageObject","inLanguage":"es-PE","@id":"https:\/\/pulso27.com\/en\/#\/schema\/logo\/image\/","url":"https:\/\/pulso27.com\/wp-content\/uploads\/2026\/02\/Logotipo-de-la-organizacion-696-x-696-px-ok.png","contentUrl":"https:\/\/pulso27.com\/wp-content\/uploads\/2026\/02\/Logotipo-de-la-organizacion-696-x-696-px-ok.png","width":696,"height":696,"caption":"Pulso27"},"image":{"@id":"https:\/\/pulso27.com\/en\/#\/schema\/logo\/image\/"},"sameAs":["https:\/\/www.facebook.com\/pulso27\/","https:\/\/x.com\/Pulso_27","https:\/\/www.youtube.com\/@Pulso27","https:\/\/www.tiktok.com\/@pulso_27"]},{"@type":"Person","@id":"https:\/\/pulso27.com\/en\/#\/schema\/person\/92f5059eb04cb644a32d22c9bc998684","name":"Maga","image":{"@type":"ImageObject","inLanguage":"es-PE","@id":"https:\/\/secure.gravatar.com\/avatar\/c4d5224d4227e7c057cd5793ba910425cc902f3aef97cda3eccc7acba8be2edc?s=96&d=mm&r=g","url":"https:\/\/secure.gravatar.com\/avatar\/c4d5224d4227e7c057cd5793ba910425cc902f3aef97cda3eccc7acba8be2edc?s=96&d=mm&r=g","contentUrl":"https:\/\/secure.gravatar.com\/avatar\/c4d5224d4227e7c057cd5793ba910425cc902f3aef97cda3eccc7acba8be2edc?s=96&d=mm&r=g","caption":"Maga"},"sameAs":["http:\/\/www.pulso27.com"],"url":"https:\/\/pulso27.com\/es\/author\/maga\/"}]}},"amp_enabled":true,"_links":{"self":[{"href":"https:\/\/pulso27.com\/es\/wp-json\/wp\/v2\/posts\/601","targetHints":{"allow":["GET"]}}],"collection":[{"href":"https:\/\/pulso27.com\/es\/wp-json\/wp\/v2\/posts"}],"about":[{"href":"https:\/\/pulso27.com\/es\/wp-json\/wp\/v2\/types\/post"}],"author":[{"embeddable":true,"href":"https:\/\/pulso27.com\/es\/wp-json\/wp\/v2\/users\/8"}],"replies":[{"embeddable":true,"href":"https:\/\/pulso27.com\/es\/wp-json\/wp\/v2\/comments?post=601"}],"version-history":[{"count":2,"href":"https:\/\/pulso27.com\/es\/wp-json\/wp\/v2\/posts\/601\/revisions"}],"predecessor-version":[{"id":605,"href":"https:\/\/pulso27.com\/es\/wp-json\/wp\/v2\/posts\/601\/revisions\/605"}],"wp:featuredmedia":[{"embeddable":true,"href":"https:\/\/pulso27.com\/es\/wp-json\/wp\/v2\/media\/602"}],"wp:attachment":[{"href":"https:\/\/pulso27.com\/es\/wp-json\/wp\/v2\/media?parent=601"}],"wp:term":[{"taxonomy":"category","embeddable":true,"href":"https:\/\/pulso27.com\/es\/wp-json\/wp\/v2\/categories?post=601"},{"taxonomy":"post_tag","embeddable":true,"href":"https:\/\/pulso27.com\/es\/wp-json\/wp\/v2\/tags?post=601"}],"curies":[{"name":"wp","href":"https:\/\/api.w.org\/{rel}","templated":true}]}}