{"id":6019,"date":"2025-08-08T10:25:28","date_gmt":"2025-08-08T05:25:28","guid":{"rendered":"https:\/\/pulso27.com\/?p=6019"},"modified":"2025-08-08T10:25:32","modified_gmt":"2025-08-08T05:25:32","slug":"margot-palacios-hace-firme-defensa-del-medio-ambiente-y-los-pueblos-indigenas-en-cumbre-parlamentaria-en-brasilia","status":"publish","type":"post","link":"https:\/\/pulso27.com\/es\/actualidad\/ambiente\/margot-palacios-hace-firme-defensa-del-medio-ambiente-y-los-pueblos-indigenas-en-cumbre-parlamentaria-en-brasilia\/","title":{"rendered":"Margot Palacios hace firme defensa del medio ambiente y los pueblos ind\u00edgenas en cumbre parlamentaria en Brasilia"},"content":{"rendered":"\n<p>La congresista peruana Margot Palacios Huam\u00e1n destac\u00f3 en la II Cumbre Parlamentaria sobre Cambio Clim\u00e1tico y Transici\u00f3n Justa de Am\u00e9rica Latina y el Caribe, celebrada en Brasilia, con un discurso en\u00e9rgico en defensa del medio ambiente y los derechos de los pueblos ind\u00edgenas y originarios.<\/p>\n\n\n\n<p>Palacios denunci\u00f3 los da\u00f1os ambientales causados por empresas transnacionales, como el derrame de 12,000 barriles de petr\u00f3leo de Repsol en Ventanilla en 2022, criticando la falta de remediaci\u00f3n total y la inacci\u00f3n institucional. Tambi\u00e9n se\u00f1al\u00f3 el impacto de proyectos extractivistas, como Las Bambas en Apur\u00edmac, que afectan a comunidades originarias y contaminan sus territorios, seg\u00fan informes del Ministerio de Salud y el OEFA.<\/p>\n\n\n\n<p>Como presidenta de la Comisi\u00f3n de Ambiente y Ecolog\u00eda del Congreso peruano, propuso iniciativas como la protecci\u00f3n de cabeceras de cuenca, licencias sociales para proyectos extractivos y un fondo de contingencia para la remediaci\u00f3n ambiental, aunque lament\u00f3 su bloqueo por sectores mayoritarios de la derecha en el Congreso peruano. Entre sus propuestas, destac\u00f3 la creaci\u00f3n de un banco p\u00fablico de innovaci\u00f3n para financiar la reconversi\u00f3n ecol\u00f3gica y una ley marco de transici\u00f3n energ\u00e9tica justa.<\/p>\n\n\n\n<figure class=\"wp-block-image size-large\"><img loading=\"lazy\" decoding=\"async\" width=\"1024\" height=\"683\" src=\"https:\/\/pulso27.com\/wp-content\/uploads\/2025\/08\/image-1024x683.png\" alt=\"\" class=\"wp-image-6020\" srcset=\"https:\/\/pulso27.com\/wp-content\/uploads\/2025\/08\/image-1024x683.png 1024w, https:\/\/pulso27.com\/wp-content\/uploads\/2025\/08\/image-300x200.png 300w, https:\/\/pulso27.com\/wp-content\/uploads\/2025\/08\/image-768x512.png 768w, https:\/\/pulso27.com\/wp-content\/uploads\/2025\/08\/image-1536x1025.png 1536w, https:\/\/pulso27.com\/wp-content\/uploads\/2025\/08\/image-18x12.png 18w, https:\/\/pulso27.com\/wp-content\/uploads\/2025\/08\/image.png 2048w\" sizes=\"auto, (max-width: 1024px) 100vw, 1024px\" \/><figcaption class=\"wp-element-caption\"><em>II Cumbre Parlamentaria sobre Cambio Clim\u00e1tico y Transici\u00f3n Justa de Am\u00e9rica Latina y el Caribe, organizada por la Comisi\u00f3n Econ\u00f3mica para Am\u00e9rica Latina y el Caribe (CEPAL) de las Naciones Unidas, en Brasilia, Brasil<\/em><\/figcaption><\/figure>\n\n\n\n<p>Condenando el negacionismo clim\u00e1tico en la regi\u00f3n, Palacios llam\u00f3 a evitar que Am\u00e9rica Latina sea una \u201czona de sacrificio\u201d. Su intervenci\u00f3n reafirma su compromiso con un Per\u00fa sostenible, donde los recursos naturales beneficien primero a las comunidades y no a las grandes industrias for\u00e1neas.<\/p>\n","protected":false},"excerpt":{"rendered":"<p>La congresista peruana Margot Palacios Huam\u00e1n destac\u00f3 en la II Cumbre Parlamentaria sobre Cambio Clim\u00e1tico y Transici\u00f3n Justa de Am\u00e9rica Latina y el Caribe, celebrada en Brasilia, con un discurso en\u00e9rgico en defensa del medio ambiente y los derechos de los pueblos ind\u00edgenas y originarios. Palacios denunci\u00f3 los da\u00f1os ambientales causados por empresas transnacionales, como [&hellip;]<\/p>\n","protected":false},"author":7,"featured_media":6021,"comment_status":"open","ping_status":"open","sticky":false,"template":"","format":"standard","meta":{"footnotes":""},"categories":[1847,173,1852],"tags":[2412,2413,2411,2410,2414],"class_list":["post-6019","post","type-post","status-publish","format-standard","has-post-thumbnail","hentry","category-ambiente","category-internacional","category-tendencia","tag-america-latina-y-el-caribe","tag-brasilia","tag-cumbre-parlamentaria","tag-margot-palacios-huaman","tag-medio-ambiente"],"yoast_head":"<!-- This site is optimized with the Yoast SEO plugin v27.4 - https:\/\/yoast.com\/product\/yoast-seo-wordpress\/ -->\n<title>Margot Palacios hace firme defensa del medio ambiente y los pueblos ind\u00edgenas en cumbre parlamentaria en Brasilia - Pulso27<\/title>\n<meta name=\"robots\" content=\"index, follow, max-snippet:-1, max-image-preview:large, max-video-preview:-1\" \/>\n<link rel=\"canonical\" href=\"https:\/\/pulso27.com\/es\/actualidad\/ambiente\/margot-palacios-hace-firme-defensa-del-medio-ambiente-y-los-pueblos-indigenas-en-cumbre-parlamentaria-en-brasilia\/\" \/>\n<meta property=\"og:locale\" content=\"es_ES\" \/>\n<meta property=\"og:type\" content=\"article\" \/>\n<meta property=\"og:title\" content=\"Margot Palacios hace firme defensa del medio ambiente y los pueblos ind\u00edgenas en cumbre parlamentaria en Brasilia - Pulso27\" \/>\n<meta property=\"og:description\" content=\"La congresista peruana Margot Palacios Huam\u00e1n destac\u00f3 en la II Cumbre Parlamentaria sobre Cambio Clim\u00e1tico y Transici\u00f3n Justa de Am\u00e9rica Latina y el Caribe, celebrada en Brasilia, con un discurso en\u00e9rgico en defensa del medio ambiente y los derechos de los pueblos ind\u00edgenas y originarios. Palacios denunci\u00f3 los da\u00f1os ambientales causados por empresas transnacionales, como [&hellip;]\" \/>\n<meta property=\"og:url\" content=\"https:\/\/pulso27.com\/es\/actualidad\/ambiente\/margot-palacios-hace-firme-defensa-del-medio-ambiente-y-los-pueblos-indigenas-en-cumbre-parlamentaria-en-brasilia\/\" \/>\n<meta property=\"og:site_name\" content=\"Pulso27\" \/>\n<meta property=\"article:publisher\" content=\"https:\/\/www.facebook.com\/pulso27\/\" \/>\n<meta property=\"article:published_time\" content=\"2025-08-08T05:25:28+00:00\" \/>\n<meta property=\"article:modified_time\" content=\"2025-08-08T05:25:32+00:00\" \/>\n<meta property=\"og:image\" content=\"https:\/\/pulso27.com\/wp-content\/uploads\/2025\/08\/Margottt.png\" \/>\n\t<meta property=\"og:image:width\" content=\"1280\" \/>\n\t<meta property=\"og:image:height\" content=\"799\" \/>\n\t<meta property=\"og:image:type\" content=\"image\/png\" \/>\n<meta name=\"author\" content=\"Tupaq\" \/>\n<meta name=\"twitter:card\" content=\"summary_large_image\" \/>\n<meta name=\"twitter:creator\" content=\"@Pulso_27\" \/>\n<meta name=\"twitter:site\" content=\"@Pulso_27\" \/>\n<meta name=\"twitter:label1\" content=\"Written by\" \/>\n\t<meta name=\"twitter:data1\" content=\"Tupaq\" \/>\n\t<meta name=\"twitter:label2\" content=\"Est. reading time\" \/>\n\t<meta name=\"twitter:data2\" content=\"2 minutos\" \/>\n<script type=\"application\/ld+json\" class=\"yoast-schema-graph\">{\"@context\":\"https:\\\/\\\/schema.org\",\"@graph\":[{\"@type\":\"Article\",\"@id\":\"https:\\\/\\\/pulso27.com\\\/actualidad\\\/ambiente\\\/margot-palacios-hace-firme-defensa-del-medio-ambiente-y-los-pueblos-indigenas-en-cumbre-parlamentaria-en-brasilia\\\/#article\",\"isPartOf\":{\"@id\":\"https:\\\/\\\/pulso27.com\\\/actualidad\\\/ambiente\\\/margot-palacios-hace-firme-defensa-del-medio-ambiente-y-los-pueblos-indigenas-en-cumbre-parlamentaria-en-brasilia\\\/\"},\"author\":{\"name\":\"Tupaq\",\"@id\":\"https:\\\/\\\/pulso27.com\\\/en\\\/#\\\/schema\\\/person\\\/d20fd7f5bc7f2e53fd150d43fca07a78\"},\"headline\":\"Margot Palacios hace firme defensa del medio ambiente y los pueblos ind\u00edgenas en cumbre parlamentaria en Brasilia\",\"datePublished\":\"2025-08-08T05:25:28+00:00\",\"dateModified\":\"2025-08-08T05:25:32+00:00\",\"mainEntityOfPage\":{\"@id\":\"https:\\\/\\\/pulso27.com\\\/actualidad\\\/ambiente\\\/margot-palacios-hace-firme-defensa-del-medio-ambiente-y-los-pueblos-indigenas-en-cumbre-parlamentaria-en-brasilia\\\/\"},\"wordCount\":312,\"commentCount\":0,\"publisher\":{\"@id\":\"https:\\\/\\\/pulso27.com\\\/en\\\/#organization\"},\"image\":{\"@id\":\"https:\\\/\\\/pulso27.com\\\/actualidad\\\/ambiente\\\/margot-palacios-hace-firme-defensa-del-medio-ambiente-y-los-pueblos-indigenas-en-cumbre-parlamentaria-en-brasilia\\\/#primaryimage\"},\"thumbnailUrl\":\"https:\\\/\\\/pulso27.com\\\/wp-content\\\/uploads\\\/2025\\\/08\\\/Margottt.png\",\"keywords\":[\"Am\u00e9rica Latina y el Caribe\",\"Brasilia\",\"Cumbre Parlamentaria\",\"Margot Palacios Huaman\",\"Medio Ambiente\"],\"articleSection\":[\"Ambiente\",\"Internacional\",\"Tendencia\"],\"inLanguage\":\"es-PE\",\"potentialAction\":[{\"@type\":\"CommentAction\",\"name\":\"Comment\",\"target\":[\"https:\\\/\\\/pulso27.com\\\/actualidad\\\/ambiente\\\/margot-palacios-hace-firme-defensa-del-medio-ambiente-y-los-pueblos-indigenas-en-cumbre-parlamentaria-en-brasilia\\\/#respond\"]}]},{\"@type\":\"WebPage\",\"@id\":\"https:\\\/\\\/pulso27.com\\\/actualidad\\\/ambiente\\\/margot-palacios-hace-firme-defensa-del-medio-ambiente-y-los-pueblos-indigenas-en-cumbre-parlamentaria-en-brasilia\\\/\",\"url\":\"https:\\\/\\\/pulso27.com\\\/actualidad\\\/ambiente\\\/margot-palacios-hace-firme-defensa-del-medio-ambiente-y-los-pueblos-indigenas-en-cumbre-parlamentaria-en-brasilia\\\/\",\"name\":\"Margot Palacios hace firme defensa del medio ambiente y los pueblos ind\u00edgenas en cumbre parlamentaria en Brasilia - Pulso27\",\"isPartOf\":{\"@id\":\"https:\\\/\\\/pulso27.com\\\/en\\\/#website\"},\"primaryImageOfPage\":{\"@id\":\"https:\\\/\\\/pulso27.com\\\/actualidad\\\/ambiente\\\/margot-palacios-hace-firme-defensa-del-medio-ambiente-y-los-pueblos-indigenas-en-cumbre-parlamentaria-en-brasilia\\\/#primaryimage\"},\"image\":{\"@id\":\"https:\\\/\\\/pulso27.com\\\/actualidad\\\/ambiente\\\/margot-palacios-hace-firme-defensa-del-medio-ambiente-y-los-pueblos-indigenas-en-cumbre-parlamentaria-en-brasilia\\\/#primaryimage\"},\"thumbnailUrl\":\"https:\\\/\\\/pulso27.com\\\/wp-content\\\/uploads\\\/2025\\\/08\\\/Margottt.png\",\"datePublished\":\"2025-08-08T05:25:28+00:00\",\"dateModified\":\"2025-08-08T05:25:32+00:00\",\"breadcrumb\":{\"@id\":\"https:\\\/\\\/pulso27.com\\\/actualidad\\\/ambiente\\\/margot-palacios-hace-firme-defensa-del-medio-ambiente-y-los-pueblos-indigenas-en-cumbre-parlamentaria-en-brasilia\\\/#breadcrumb\"},\"inLanguage\":\"es-PE\",\"potentialAction\":[{\"@type\":\"ReadAction\",\"target\":[\"https:\\\/\\\/pulso27.com\\\/actualidad\\\/ambiente\\\/margot-palacios-hace-firme-defensa-del-medio-ambiente-y-los-pueblos-indigenas-en-cumbre-parlamentaria-en-brasilia\\\/\"]}]},{\"@type\":\"ImageObject\",\"inLanguage\":\"es-PE\",\"@id\":\"https:\\\/\\\/pulso27.com\\\/actualidad\\\/ambiente\\\/margot-palacios-hace-firme-defensa-del-medio-ambiente-y-los-pueblos-indigenas-en-cumbre-parlamentaria-en-brasilia\\\/#primaryimage\",\"url\":\"https:\\\/\\\/pulso27.com\\\/wp-content\\\/uploads\\\/2025\\\/08\\\/Margottt.png\",\"contentUrl\":\"https:\\\/\\\/pulso27.com\\\/wp-content\\\/uploads\\\/2025\\\/08\\\/Margottt.png\",\"width\":1280,\"height\":799},{\"@type\":\"BreadcrumbList\",\"@id\":\"https:\\\/\\\/pulso27.com\\\/actualidad\\\/ambiente\\\/margot-palacios-hace-firme-defensa-del-medio-ambiente-y-los-pueblos-indigenas-en-cumbre-parlamentaria-en-brasilia\\\/#breadcrumb\",\"itemListElement\":[{\"@type\":\"ListItem\",\"position\":1,\"name\":\"Portada\",\"item\":\"https:\\\/\\\/pulso27.com\\\/\"},{\"@type\":\"ListItem\",\"position\":2,\"name\":\"Margot Palacios hace firme defensa del medio ambiente y los pueblos ind\u00edgenas en cumbre parlamentaria en Brasilia\"}]},{\"@type\":\"WebSite\",\"@id\":\"https:\\\/\\\/pulso27.com\\\/en\\\/#website\",\"url\":\"https:\\\/\\\/pulso27.com\\\/en\\\/\",\"name\":\"Pulso27\",\"description\":\"Web de noticias y publicidad\",\"publisher\":{\"@id\":\"https:\\\/\\\/pulso27.com\\\/en\\\/#organization\"},\"alternateName\":\"El pulso del pueblo\",\"potentialAction\":[{\"@type\":\"SearchAction\",\"target\":{\"@type\":\"EntryPoint\",\"urlTemplate\":\"https:\\\/\\\/pulso27.com\\\/en\\\/?s={search_term_string}\"},\"query-input\":{\"@type\":\"PropertyValueSpecification\",\"valueRequired\":true,\"valueName\":\"search_term_string\"}}],\"inLanguage\":\"es-PE\"},{\"@type\":\"Organization\",\"@id\":\"https:\\\/\\\/pulso27.com\\\/en\\\/#organization\",\"name\":\"Pulso27\",\"url\":\"https:\\\/\\\/pulso27.com\\\/en\\\/\",\"logo\":{\"@type\":\"ImageObject\",\"inLanguage\":\"es-PE\",\"@id\":\"https:\\\/\\\/pulso27.com\\\/en\\\/#\\\/schema\\\/logo\\\/image\\\/\",\"url\":\"https:\\\/\\\/pulso27.com\\\/wp-content\\\/uploads\\\/2026\\\/02\\\/Logotipo-de-la-organizacion-696-x-696-px-ok.png\",\"contentUrl\":\"https:\\\/\\\/pulso27.com\\\/wp-content\\\/uploads\\\/2026\\\/02\\\/Logotipo-de-la-organizacion-696-x-696-px-ok.png\",\"width\":696,\"height\":696,\"caption\":\"Pulso27\"},\"image\":{\"@id\":\"https:\\\/\\\/pulso27.com\\\/en\\\/#\\\/schema\\\/logo\\\/image\\\/\"},\"sameAs\":[\"https:\\\/\\\/www.facebook.com\\\/pulso27\\\/\",\"https:\\\/\\\/x.com\\\/Pulso_27\",\"https:\\\/\\\/www.youtube.com\\\/@Pulso27\",\"https:\\\/\\\/www.tiktok.com\\\/@pulso_27\"]},{\"@type\":\"Person\",\"@id\":\"https:\\\/\\\/pulso27.com\\\/en\\\/#\\\/schema\\\/person\\\/d20fd7f5bc7f2e53fd150d43fca07a78\",\"name\":\"Tupaq\",\"image\":{\"@type\":\"ImageObject\",\"inLanguage\":\"es-PE\",\"@id\":\"https:\\\/\\\/secure.gravatar.com\\\/avatar\\\/7929e9b034aeea560319a601e4f04c59eb5f45a79eafe192adabb67e9604e7e7?s=96&d=mm&r=g\",\"url\":\"https:\\\/\\\/secure.gravatar.com\\\/avatar\\\/7929e9b034aeea560319a601e4f04c59eb5f45a79eafe192adabb67e9604e7e7?s=96&d=mm&r=g\",\"contentUrl\":\"https:\\\/\\\/secure.gravatar.com\\\/avatar\\\/7929e9b034aeea560319a601e4f04c59eb5f45a79eafe192adabb67e9604e7e7?s=96&d=mm&r=g\",\"caption\":\"Tupaq\"},\"url\":\"https:\\\/\\\/pulso27.com\\\/es\\\/author\\\/tupaq\\\/\"}]}<\/script>\n<!-- \/ Yoast SEO plugin. -->","yoast_head_json":{"title":"Margot Palacios hace firme defensa del medio ambiente y los pueblos ind\u00edgenas en cumbre parlamentaria en Brasilia - Pulso27","robots":{"index":"index","follow":"follow","max-snippet":"max-snippet:-1","max-image-preview":"max-image-preview:large","max-video-preview":"max-video-preview:-1"},"canonical":"https:\/\/pulso27.com\/es\/actualidad\/ambiente\/margot-palacios-hace-firme-defensa-del-medio-ambiente-y-los-pueblos-indigenas-en-cumbre-parlamentaria-en-brasilia\/","og_locale":"es_ES","og_type":"article","og_title":"Margot Palacios hace firme defensa del medio ambiente y los pueblos ind\u00edgenas en cumbre parlamentaria en Brasilia - Pulso27","og_description":"La congresista peruana Margot Palacios Huam\u00e1n destac\u00f3 en la II Cumbre Parlamentaria sobre Cambio Clim\u00e1tico y Transici\u00f3n Justa de Am\u00e9rica Latina y el Caribe, celebrada en Brasilia, con un discurso en\u00e9rgico en defensa del medio ambiente y los derechos de los pueblos ind\u00edgenas y originarios. Palacios denunci\u00f3 los da\u00f1os ambientales causados por empresas transnacionales, como [&hellip;]","og_url":"https:\/\/pulso27.com\/es\/actualidad\/ambiente\/margot-palacios-hace-firme-defensa-del-medio-ambiente-y-los-pueblos-indigenas-en-cumbre-parlamentaria-en-brasilia\/","og_site_name":"Pulso27","article_publisher":"https:\/\/www.facebook.com\/pulso27\/","article_published_time":"2025-08-08T05:25:28+00:00","article_modified_time":"2025-08-08T05:25:32+00:00","og_image":[{"width":1280,"height":799,"url":"https:\/\/pulso27.com\/wp-content\/uploads\/2025\/08\/Margottt.png","type":"image\/png"}],"author":"Tupaq","twitter_card":"summary_large_image","twitter_creator":"@Pulso_27","twitter_site":"@Pulso_27","twitter_misc":{"Written by":"Tupaq","Est. reading time":"2 minutos"},"schema":{"@context":"https:\/\/schema.org","@graph":[{"@type":"Article","@id":"https:\/\/pulso27.com\/actualidad\/ambiente\/margot-palacios-hace-firme-defensa-del-medio-ambiente-y-los-pueblos-indigenas-en-cumbre-parlamentaria-en-brasilia\/#article","isPartOf":{"@id":"https:\/\/pulso27.com\/actualidad\/ambiente\/margot-palacios-hace-firme-defensa-del-medio-ambiente-y-los-pueblos-indigenas-en-cumbre-parlamentaria-en-brasilia\/"},"author":{"name":"Tupaq","@id":"https:\/\/pulso27.com\/en\/#\/schema\/person\/d20fd7f5bc7f2e53fd150d43fca07a78"},"headline":"Margot Palacios hace firme defensa del medio ambiente y los pueblos ind\u00edgenas en cumbre parlamentaria en Brasilia","datePublished":"2025-08-08T05:25:28+00:00","dateModified":"2025-08-08T05:25:32+00:00","mainEntityOfPage":{"@id":"https:\/\/pulso27.com\/actualidad\/ambiente\/margot-palacios-hace-firme-defensa-del-medio-ambiente-y-los-pueblos-indigenas-en-cumbre-parlamentaria-en-brasilia\/"},"wordCount":312,"commentCount":0,"publisher":{"@id":"https:\/\/pulso27.com\/en\/#organization"},"image":{"@id":"https:\/\/pulso27.com\/actualidad\/ambiente\/margot-palacios-hace-firme-defensa-del-medio-ambiente-y-los-pueblos-indigenas-en-cumbre-parlamentaria-en-brasilia\/#primaryimage"},"thumbnailUrl":"https:\/\/pulso27.com\/wp-content\/uploads\/2025\/08\/Margottt.png","keywords":["Am\u00e9rica Latina y el Caribe","Brasilia","Cumbre Parlamentaria","Margot Palacios Huaman","Medio Ambiente"],"articleSection":["Ambiente","Internacional","Tendencia"],"inLanguage":"es-PE","potentialAction":[{"@type":"CommentAction","name":"Comment","target":["https:\/\/pulso27.com\/actualidad\/ambiente\/margot-palacios-hace-firme-defensa-del-medio-ambiente-y-los-pueblos-indigenas-en-cumbre-parlamentaria-en-brasilia\/#respond"]}]},{"@type":"WebPage","@id":"https:\/\/pulso27.com\/actualidad\/ambiente\/margot-palacios-hace-firme-defensa-del-medio-ambiente-y-los-pueblos-indigenas-en-cumbre-parlamentaria-en-brasilia\/","url":"https:\/\/pulso27.com\/actualidad\/ambiente\/margot-palacios-hace-firme-defensa-del-medio-ambiente-y-los-pueblos-indigenas-en-cumbre-parlamentaria-en-brasilia\/","name":"Margot Palacios hace firme defensa del medio ambiente y los pueblos ind\u00edgenas en cumbre parlamentaria en Brasilia - Pulso27","isPartOf":{"@id":"https:\/\/pulso27.com\/en\/#website"},"primaryImageOfPage":{"@id":"https:\/\/pulso27.com\/actualidad\/ambiente\/margot-palacios-hace-firme-defensa-del-medio-ambiente-y-los-pueblos-indigenas-en-cumbre-parlamentaria-en-brasilia\/#primaryimage"},"image":{"@id":"https:\/\/pulso27.com\/actualidad\/ambiente\/margot-palacios-hace-firme-defensa-del-medio-ambiente-y-los-pueblos-indigenas-en-cumbre-parlamentaria-en-brasilia\/#primaryimage"},"thumbnailUrl":"https:\/\/pulso27.com\/wp-content\/uploads\/2025\/08\/Margottt.png","datePublished":"2025-08-08T05:25:28+00:00","dateModified":"2025-08-08T05:25:32+00:00","breadcrumb":{"@id":"https:\/\/pulso27.com\/actualidad\/ambiente\/margot-palacios-hace-firme-defensa-del-medio-ambiente-y-los-pueblos-indigenas-en-cumbre-parlamentaria-en-brasilia\/#breadcrumb"},"inLanguage":"es-PE","potentialAction":[{"@type":"ReadAction","target":["https:\/\/pulso27.com\/actualidad\/ambiente\/margot-palacios-hace-firme-defensa-del-medio-ambiente-y-los-pueblos-indigenas-en-cumbre-parlamentaria-en-brasilia\/"]}]},{"@type":"ImageObject","inLanguage":"es-PE","@id":"https:\/\/pulso27.com\/actualidad\/ambiente\/margot-palacios-hace-firme-defensa-del-medio-ambiente-y-los-pueblos-indigenas-en-cumbre-parlamentaria-en-brasilia\/#primaryimage","url":"https:\/\/pulso27.com\/wp-content\/uploads\/2025\/08\/Margottt.png","contentUrl":"https:\/\/pulso27.com\/wp-content\/uploads\/2025\/08\/Margottt.png","width":1280,"height":799},{"@type":"BreadcrumbList","@id":"https:\/\/pulso27.com\/actualidad\/ambiente\/margot-palacios-hace-firme-defensa-del-medio-ambiente-y-los-pueblos-indigenas-en-cumbre-parlamentaria-en-brasilia\/#breadcrumb","itemListElement":[{"@type":"ListItem","position":1,"name":"Portada","item":"https:\/\/pulso27.com\/"},{"@type":"ListItem","position":2,"name":"Margot Palacios hace firme defensa del medio ambiente y los pueblos ind\u00edgenas en cumbre parlamentaria en Brasilia"}]},{"@type":"WebSite","@id":"https:\/\/pulso27.com\/en\/#website","url":"https:\/\/pulso27.com\/en\/","name":"Pulso27","description":"Web de noticias y publicidad","publisher":{"@id":"https:\/\/pulso27.com\/en\/#organization"},"alternateName":"El pulso del pueblo","potentialAction":[{"@type":"SearchAction","target":{"@type":"EntryPoint","urlTemplate":"https:\/\/pulso27.com\/en\/?s={search_term_string}"},"query-input":{"@type":"PropertyValueSpecification","valueRequired":true,"valueName":"search_term_string"}}],"inLanguage":"es-PE"},{"@type":"Organization","@id":"https:\/\/pulso27.com\/en\/#organization","name":"Pulso27","url":"https:\/\/pulso27.com\/en\/","logo":{"@type":"ImageObject","inLanguage":"es-PE","@id":"https:\/\/pulso27.com\/en\/#\/schema\/logo\/image\/","url":"https:\/\/pulso27.com\/wp-content\/uploads\/2026\/02\/Logotipo-de-la-organizacion-696-x-696-px-ok.png","contentUrl":"https:\/\/pulso27.com\/wp-content\/uploads\/2026\/02\/Logotipo-de-la-organizacion-696-x-696-px-ok.png","width":696,"height":696,"caption":"Pulso27"},"image":{"@id":"https:\/\/pulso27.com\/en\/#\/schema\/logo\/image\/"},"sameAs":["https:\/\/www.facebook.com\/pulso27\/","https:\/\/x.com\/Pulso_27","https:\/\/www.youtube.com\/@Pulso27","https:\/\/www.tiktok.com\/@pulso_27"]},{"@type":"Person","@id":"https:\/\/pulso27.com\/en\/#\/schema\/person\/d20fd7f5bc7f2e53fd150d43fca07a78","name":"Tupaq","image":{"@type":"ImageObject","inLanguage":"es-PE","@id":"https:\/\/secure.gravatar.com\/avatar\/7929e9b034aeea560319a601e4f04c59eb5f45a79eafe192adabb67e9604e7e7?s=96&d=mm&r=g","url":"https:\/\/secure.gravatar.com\/avatar\/7929e9b034aeea560319a601e4f04c59eb5f45a79eafe192adabb67e9604e7e7?s=96&d=mm&r=g","contentUrl":"https:\/\/secure.gravatar.com\/avatar\/7929e9b034aeea560319a601e4f04c59eb5f45a79eafe192adabb67e9604e7e7?s=96&d=mm&r=g","caption":"Tupaq"},"url":"https:\/\/pulso27.com\/es\/author\/tupaq\/"}]}},"amp_enabled":true,"_links":{"self":[{"href":"https:\/\/pulso27.com\/es\/wp-json\/wp\/v2\/posts\/6019","targetHints":{"allow":["GET"]}}],"collection":[{"href":"https:\/\/pulso27.com\/es\/wp-json\/wp\/v2\/posts"}],"about":[{"href":"https:\/\/pulso27.com\/es\/wp-json\/wp\/v2\/types\/post"}],"author":[{"embeddable":true,"href":"https:\/\/pulso27.com\/es\/wp-json\/wp\/v2\/users\/7"}],"replies":[{"embeddable":true,"href":"https:\/\/pulso27.com\/es\/wp-json\/wp\/v2\/comments?post=6019"}],"version-history":[{"count":1,"href":"https:\/\/pulso27.com\/es\/wp-json\/wp\/v2\/posts\/6019\/revisions"}],"predecessor-version":[{"id":6022,"href":"https:\/\/pulso27.com\/es\/wp-json\/wp\/v2\/posts\/6019\/revisions\/6022"}],"wp:featuredmedia":[{"embeddable":true,"href":"https:\/\/pulso27.com\/es\/wp-json\/wp\/v2\/media\/6021"}],"wp:attachment":[{"href":"https:\/\/pulso27.com\/es\/wp-json\/wp\/v2\/media?parent=6019"}],"wp:term":[{"taxonomy":"category","embeddable":true,"href":"https:\/\/pulso27.com\/es\/wp-json\/wp\/v2\/categories?post=6019"},{"taxonomy":"post_tag","embeddable":true,"href":"https:\/\/pulso27.com\/es\/wp-json\/wp\/v2\/tags?post=6019"}],"curies":[{"name":"wp","href":"https:\/\/api.w.org\/{rel}","templated":true}]}}