{"id":6045,"date":"2025-08-15T09:27:59","date_gmt":"2025-08-15T04:27:59","guid":{"rendered":"https:\/\/pulso27.com\/?p=6045"},"modified":"2025-08-15T09:28:31","modified_gmt":"2025-08-15T04:28:31","slug":"ley-de-amnistia-para-militares-y-policias-genera-acusaciones-de-impunidad-y-complicidad","status":"publish","type":"post","link":"https:\/\/pulso27.com\/es\/actualidad\/educacion\/ley-de-amnistia-para-militares-y-policias-genera-acusaciones-de-impunidad-y-complicidad\/","title":{"rendered":"Ley de amnist\u00eda para militares y polic\u00edas genera acusaciones de impunidad y complicidad"},"content":{"rendered":"\n<p>La presidenta Dina Boluarte promulg\u00f3 ayer la Ley de Amnist\u00eda (Ley N\u00b0 32419), una norma que beneficia a militares, polic\u00edas y miembros de comit\u00e9s de autodefensa implicados en delitos, incluidos cr\u00edmenes de lesa humanidad, durante el conflicto armado interno (1980-2000). La ley, aprobada por el Congreso el 9 de julio con el respaldo de bancadas conservadoras, exime de responsabilidad penal a quienes no tengan sentencias firmes y permite la liberaci\u00f3n de mayores de 70 a\u00f1os con condenas ejecutadas, siempre que no est\u00e9n vinculados a terrorismo o corrupci\u00f3n.<\/p>\n\n\n\n<p>La ceremonia en Palacio de Gobierno desoy\u00f3 la orden de la Corte Interamericana de Derechos Humanos (Corte IDH) de suspender su tr\u00e1mite, intensificando las cr\u00edticas nacionales e internacionales. La iniciativa fue impulsada principalmente por el congresista Fernando Rospigliosi de Fuerza Popular, quien defendi\u00f3 la norma como un acto de justicia para los \u201cdefensores de la patria\u201d.<\/p>\n\n\n\n<p>La Ley de Amnist\u00eda cont\u00f3 con el respaldo de bancadas conservadoras y aliadas, lideradas por Fuerza Popular (21 esca\u00f1os), Alianza para el Progreso (14 esca\u00f1os), Podemos Per\u00fa (14 esca\u00f1os), Renovaci\u00f3n Popular (11 esca\u00f1os), Avanza Pa\u00eds (7 esca\u00f1os), Acci\u00f3n Popular (9 esca\u00f1os), Honor y Democracia (5 esca\u00f1os) y Somos Per\u00fa (7 esca\u00f1os).<\/p>\n\n\n\n<figure class=\"wp-block-image size-large\"><img loading=\"lazy\" decoding=\"async\" width=\"1024\" height=\"576\" src=\"https:\/\/pulso27.com\/wp-content\/uploads\/2025\/08\/image-3-1024x576.png\" alt=\"\" class=\"wp-image-6047\" srcset=\"https:\/\/pulso27.com\/wp-content\/uploads\/2025\/08\/image-3-1024x576.png 1024w, https:\/\/pulso27.com\/wp-content\/uploads\/2025\/08\/image-3-300x169.png 300w, https:\/\/pulso27.com\/wp-content\/uploads\/2025\/08\/image-3-768x432.png 768w, https:\/\/pulso27.com\/wp-content\/uploads\/2025\/08\/image-3-18x10.png 18w, https:\/\/pulso27.com\/wp-content\/uploads\/2025\/08\/image-3.png 1200w\" sizes=\"auto, (max-width: 1024px) 100vw, 1024px\" \/><figcaption class=\"wp-element-caption\"><em>Dina Boluarte saluda a posibles beneficiados con la Ley de Admist\u00eda promulgada<\/em><\/figcaption><\/figure>\n\n\n\n<p>Estas agrupaciones, que representan la mayor\u00eda en el Congreso, apoyaron la aprobaci\u00f3n de la ley con 88 votos a favor, seg\u00fan registros oficiales. En contraste, bancadas de izquierda como Bancada Socialista (5 esca\u00f1os), Bloque Democr\u00e1tico Popular (5 esca\u00f1os) y Juntos por el Per\u00fa &#8211; Voces del Pueblo (8 esca\u00f1os) se opusieron, denunciando que la norma promueve la impunidad. Organizaciones como Human Rights Watch y Amnist\u00eda Internacional, junto con la Coordinadora Nacional de Derechos Humanos, han condenado la ley, se\u00f1alando que obstaculiza la justicia en casos emblem\u00e1ticos como Barrios Altos y La Cantuta.<\/p>\n\n\n\n<p>Pese a las cr\u00edticas, el gobierno y sectores conservadores sostienen que la ley reconoce a quienes enfrentaron el terrorismo. Boluarte justific\u00f3 la promulgaci\u00f3n invocando la soberan\u00eda nacional, mientras que Rospigliosi, presidente de la Comisi\u00f3n de Constituci\u00f3n, destac\u00f3 su importancia para cerrar \u201cbrechas de injusticia\u201d.<\/p>\n\n\n\n<p>Sin embargo, la decisi\u00f3n ha generado tensiones con organismos internacionales, que advierten sobre un monitoreo riguroso de su implementaci\u00f3n. La oposici\u00f3n, liderada por congresistas como Ruth Luque, Sigrid Baz\u00e1n y Susel Paredes, insiste en que la norma debilita el Estado de derecho y reabre heridas del pasado. En un contexto de polarizaci\u00f3n, la Ley de Amnist\u00eda plantea interrogantes sobre el compromiso del Per\u00fa con los derechos humanos y podr\u00eda desencadenar nuevas disputas legales y sociales.<\/p>\n","protected":false},"excerpt":{"rendered":"<p>La presidenta Dina Boluarte promulg\u00f3 ayer la Ley de Amnist\u00eda (Ley N\u00b0 32419), una norma que beneficia a militares, polic\u00edas y miembros de comit\u00e9s de autodefensa implicados en delitos, incluidos cr\u00edmenes de lesa humanidad, durante el conflicto armado interno (1980-2000). La ley, aprobada por el Congreso el 9 de julio con el respaldo de bancadas [&hellip;]<\/p>\n","protected":false},"author":8,"featured_media":6046,"comment_status":"open","ping_status":"open","sticky":false,"template":"","format":"standard","meta":{"footnotes":""},"categories":[808,174],"tags":[2358,2420,778,2360,2359],"class_list":["post-6045","post","type-post","status-publish","format-standard","has-post-thumbnail","hentry","category-educacion","category-nacional","tag-admistia","tag-complicidad","tag-impunidad","tag-militares","tag-policias"],"yoast_head":"<!-- This site is optimized with the Yoast SEO plugin v27.4 - https:\/\/yoast.com\/product\/yoast-seo-wordpress\/ -->\n<title>Ley de amnist\u00eda para militares y polic\u00edas genera acusaciones de impunidad y complicidad - Pulso27<\/title>\n<meta name=\"robots\" content=\"index, follow, max-snippet:-1, max-image-preview:large, max-video-preview:-1\" \/>\n<link rel=\"canonical\" href=\"https:\/\/pulso27.com\/es\/actualidad\/educacion\/ley-de-amnistia-para-militares-y-policias-genera-acusaciones-de-impunidad-y-complicidad\/\" \/>\n<meta property=\"og:locale\" content=\"es_ES\" \/>\n<meta property=\"og:type\" content=\"article\" \/>\n<meta property=\"og:title\" content=\"Ley de amnist\u00eda para militares y polic\u00edas genera acusaciones de impunidad y complicidad - Pulso27\" \/>\n<meta property=\"og:description\" content=\"La presidenta Dina Boluarte promulg\u00f3 ayer la Ley de Amnist\u00eda (Ley N\u00b0 32419), una norma que beneficia a militares, polic\u00edas y miembros de comit\u00e9s de autodefensa implicados en delitos, incluidos cr\u00edmenes de lesa humanidad, durante el conflicto armado interno (1980-2000). La ley, aprobada por el Congreso el 9 de julio con el respaldo de bancadas [&hellip;]\" \/>\n<meta property=\"og:url\" content=\"https:\/\/pulso27.com\/es\/actualidad\/educacion\/ley-de-amnistia-para-militares-y-policias-genera-acusaciones-de-impunidad-y-complicidad\/\" \/>\n<meta property=\"og:site_name\" content=\"Pulso27\" \/>\n<meta property=\"article:publisher\" content=\"https:\/\/www.facebook.com\/pulso27\/\" \/>\n<meta property=\"article:published_time\" content=\"2025-08-15T04:27:59+00:00\" \/>\n<meta property=\"article:modified_time\" content=\"2025-08-15T04:28:31+00:00\" \/>\n<meta property=\"og:image\" content=\"https:\/\/pulso27.com\/wp-content\/uploads\/2025\/08\/Administia.png\" \/>\n\t<meta property=\"og:image:width\" content=\"1280\" \/>\n\t<meta property=\"og:image:height\" content=\"800\" \/>\n\t<meta property=\"og:image:type\" content=\"image\/png\" \/>\n<meta name=\"author\" content=\"Maga\" \/>\n<meta name=\"twitter:card\" content=\"summary_large_image\" \/>\n<meta name=\"twitter:creator\" content=\"@Pulso_27\" \/>\n<meta name=\"twitter:site\" content=\"@Pulso_27\" \/>\n<meta name=\"twitter:label1\" content=\"Written by\" \/>\n\t<meta name=\"twitter:data1\" content=\"Maga\" \/>\n\t<meta name=\"twitter:label2\" content=\"Est. reading time\" \/>\n\t<meta name=\"twitter:data2\" content=\"3 minutos\" \/>\n<script type=\"application\/ld+json\" class=\"yoast-schema-graph\">{\"@context\":\"https:\\\/\\\/schema.org\",\"@graph\":[{\"@type\":\"Article\",\"@id\":\"https:\\\/\\\/pulso27.com\\\/actualidad\\\/educacion\\\/ley-de-amnistia-para-militares-y-policias-genera-acusaciones-de-impunidad-y-complicidad\\\/#article\",\"isPartOf\":{\"@id\":\"https:\\\/\\\/pulso27.com\\\/actualidad\\\/educacion\\\/ley-de-amnistia-para-militares-y-policias-genera-acusaciones-de-impunidad-y-complicidad\\\/\"},\"author\":{\"name\":\"Maga\",\"@id\":\"https:\\\/\\\/pulso27.com\\\/en\\\/#\\\/schema\\\/person\\\/92f5059eb04cb644a32d22c9bc998684\"},\"headline\":\"Ley de amnist\u00eda para militares y polic\u00edas genera acusaciones de impunidad y complicidad\",\"datePublished\":\"2025-08-15T04:27:59+00:00\",\"dateModified\":\"2025-08-15T04:28:31+00:00\",\"mainEntityOfPage\":{\"@id\":\"https:\\\/\\\/pulso27.com\\\/actualidad\\\/educacion\\\/ley-de-amnistia-para-militares-y-policias-genera-acusaciones-de-impunidad-y-complicidad\\\/\"},\"wordCount\":462,\"commentCount\":0,\"publisher\":{\"@id\":\"https:\\\/\\\/pulso27.com\\\/en\\\/#organization\"},\"image\":{\"@id\":\"https:\\\/\\\/pulso27.com\\\/actualidad\\\/educacion\\\/ley-de-amnistia-para-militares-y-policias-genera-acusaciones-de-impunidad-y-complicidad\\\/#primaryimage\"},\"thumbnailUrl\":\"https:\\\/\\\/pulso27.com\\\/wp-content\\\/uploads\\\/2025\\\/08\\\/Administia.png\",\"keywords\":[\"Admist\u00eda\",\"Complicidad\",\"Impunidad\",\"Militares\",\"Polic\u00edas\"],\"articleSection\":[\"Educaci\u00f3n\",\"Nacional\"],\"inLanguage\":\"es-PE\",\"potentialAction\":[{\"@type\":\"CommentAction\",\"name\":\"Comment\",\"target\":[\"https:\\\/\\\/pulso27.com\\\/actualidad\\\/educacion\\\/ley-de-amnistia-para-militares-y-policias-genera-acusaciones-de-impunidad-y-complicidad\\\/#respond\"]}]},{\"@type\":\"WebPage\",\"@id\":\"https:\\\/\\\/pulso27.com\\\/actualidad\\\/educacion\\\/ley-de-amnistia-para-militares-y-policias-genera-acusaciones-de-impunidad-y-complicidad\\\/\",\"url\":\"https:\\\/\\\/pulso27.com\\\/actualidad\\\/educacion\\\/ley-de-amnistia-para-militares-y-policias-genera-acusaciones-de-impunidad-y-complicidad\\\/\",\"name\":\"Ley de amnist\u00eda para militares y polic\u00edas genera acusaciones de impunidad y complicidad - Pulso27\",\"isPartOf\":{\"@id\":\"https:\\\/\\\/pulso27.com\\\/en\\\/#website\"},\"primaryImageOfPage\":{\"@id\":\"https:\\\/\\\/pulso27.com\\\/actualidad\\\/educacion\\\/ley-de-amnistia-para-militares-y-policias-genera-acusaciones-de-impunidad-y-complicidad\\\/#primaryimage\"},\"image\":{\"@id\":\"https:\\\/\\\/pulso27.com\\\/actualidad\\\/educacion\\\/ley-de-amnistia-para-militares-y-policias-genera-acusaciones-de-impunidad-y-complicidad\\\/#primaryimage\"},\"thumbnailUrl\":\"https:\\\/\\\/pulso27.com\\\/wp-content\\\/uploads\\\/2025\\\/08\\\/Administia.png\",\"datePublished\":\"2025-08-15T04:27:59+00:00\",\"dateModified\":\"2025-08-15T04:28:31+00:00\",\"breadcrumb\":{\"@id\":\"https:\\\/\\\/pulso27.com\\\/actualidad\\\/educacion\\\/ley-de-amnistia-para-militares-y-policias-genera-acusaciones-de-impunidad-y-complicidad\\\/#breadcrumb\"},\"inLanguage\":\"es-PE\",\"potentialAction\":[{\"@type\":\"ReadAction\",\"target\":[\"https:\\\/\\\/pulso27.com\\\/actualidad\\\/educacion\\\/ley-de-amnistia-para-militares-y-policias-genera-acusaciones-de-impunidad-y-complicidad\\\/\"]}]},{\"@type\":\"ImageObject\",\"inLanguage\":\"es-PE\",\"@id\":\"https:\\\/\\\/pulso27.com\\\/actualidad\\\/educacion\\\/ley-de-amnistia-para-militares-y-policias-genera-acusaciones-de-impunidad-y-complicidad\\\/#primaryimage\",\"url\":\"https:\\\/\\\/pulso27.com\\\/wp-content\\\/uploads\\\/2025\\\/08\\\/Administia.png\",\"contentUrl\":\"https:\\\/\\\/pulso27.com\\\/wp-content\\\/uploads\\\/2025\\\/08\\\/Administia.png\",\"width\":1280,\"height\":800},{\"@type\":\"BreadcrumbList\",\"@id\":\"https:\\\/\\\/pulso27.com\\\/actualidad\\\/educacion\\\/ley-de-amnistia-para-militares-y-policias-genera-acusaciones-de-impunidad-y-complicidad\\\/#breadcrumb\",\"itemListElement\":[{\"@type\":\"ListItem\",\"position\":1,\"name\":\"Portada\",\"item\":\"https:\\\/\\\/pulso27.com\\\/\"},{\"@type\":\"ListItem\",\"position\":2,\"name\":\"Ley de amnist\u00eda para militares y polic\u00edas genera acusaciones de impunidad y complicidad\"}]},{\"@type\":\"WebSite\",\"@id\":\"https:\\\/\\\/pulso27.com\\\/en\\\/#website\",\"url\":\"https:\\\/\\\/pulso27.com\\\/en\\\/\",\"name\":\"Pulso27\",\"description\":\"Web de noticias y publicidad\",\"publisher\":{\"@id\":\"https:\\\/\\\/pulso27.com\\\/en\\\/#organization\"},\"alternateName\":\"El pulso del pueblo\",\"potentialAction\":[{\"@type\":\"SearchAction\",\"target\":{\"@type\":\"EntryPoint\",\"urlTemplate\":\"https:\\\/\\\/pulso27.com\\\/en\\\/?s={search_term_string}\"},\"query-input\":{\"@type\":\"PropertyValueSpecification\",\"valueRequired\":true,\"valueName\":\"search_term_string\"}}],\"inLanguage\":\"es-PE\"},{\"@type\":\"Organization\",\"@id\":\"https:\\\/\\\/pulso27.com\\\/en\\\/#organization\",\"name\":\"Pulso27\",\"url\":\"https:\\\/\\\/pulso27.com\\\/en\\\/\",\"logo\":{\"@type\":\"ImageObject\",\"inLanguage\":\"es-PE\",\"@id\":\"https:\\\/\\\/pulso27.com\\\/en\\\/#\\\/schema\\\/logo\\\/image\\\/\",\"url\":\"https:\\\/\\\/pulso27.com\\\/wp-content\\\/uploads\\\/2026\\\/02\\\/Logotipo-de-la-organizacion-696-x-696-px-ok.png\",\"contentUrl\":\"https:\\\/\\\/pulso27.com\\\/wp-content\\\/uploads\\\/2026\\\/02\\\/Logotipo-de-la-organizacion-696-x-696-px-ok.png\",\"width\":696,\"height\":696,\"caption\":\"Pulso27\"},\"image\":{\"@id\":\"https:\\\/\\\/pulso27.com\\\/en\\\/#\\\/schema\\\/logo\\\/image\\\/\"},\"sameAs\":[\"https:\\\/\\\/www.facebook.com\\\/pulso27\\\/\",\"https:\\\/\\\/x.com\\\/Pulso_27\",\"https:\\\/\\\/www.youtube.com\\\/@Pulso27\",\"https:\\\/\\\/www.tiktok.com\\\/@pulso_27\"]},{\"@type\":\"Person\",\"@id\":\"https:\\\/\\\/pulso27.com\\\/en\\\/#\\\/schema\\\/person\\\/92f5059eb04cb644a32d22c9bc998684\",\"name\":\"Maga\",\"image\":{\"@type\":\"ImageObject\",\"inLanguage\":\"es-PE\",\"@id\":\"https:\\\/\\\/secure.gravatar.com\\\/avatar\\\/c4d5224d4227e7c057cd5793ba910425cc902f3aef97cda3eccc7acba8be2edc?s=96&d=mm&r=g\",\"url\":\"https:\\\/\\\/secure.gravatar.com\\\/avatar\\\/c4d5224d4227e7c057cd5793ba910425cc902f3aef97cda3eccc7acba8be2edc?s=96&d=mm&r=g\",\"contentUrl\":\"https:\\\/\\\/secure.gravatar.com\\\/avatar\\\/c4d5224d4227e7c057cd5793ba910425cc902f3aef97cda3eccc7acba8be2edc?s=96&d=mm&r=g\",\"caption\":\"Maga\"},\"sameAs\":[\"http:\\\/\\\/www.pulso27.com\"],\"url\":\"https:\\\/\\\/pulso27.com\\\/es\\\/author\\\/maga\\\/\"}]}<\/script>\n<!-- \/ Yoast SEO plugin. -->","yoast_head_json":{"title":"Ley de amnist\u00eda para militares y polic\u00edas genera acusaciones de impunidad y complicidad - Pulso27","robots":{"index":"index","follow":"follow","max-snippet":"max-snippet:-1","max-image-preview":"max-image-preview:large","max-video-preview":"max-video-preview:-1"},"canonical":"https:\/\/pulso27.com\/es\/actualidad\/educacion\/ley-de-amnistia-para-militares-y-policias-genera-acusaciones-de-impunidad-y-complicidad\/","og_locale":"es_ES","og_type":"article","og_title":"Ley de amnist\u00eda para militares y polic\u00edas genera acusaciones de impunidad y complicidad - Pulso27","og_description":"La presidenta Dina Boluarte promulg\u00f3 ayer la Ley de Amnist\u00eda (Ley N\u00b0 32419), una norma que beneficia a militares, polic\u00edas y miembros de comit\u00e9s de autodefensa implicados en delitos, incluidos cr\u00edmenes de lesa humanidad, durante el conflicto armado interno (1980-2000). La ley, aprobada por el Congreso el 9 de julio con el respaldo de bancadas [&hellip;]","og_url":"https:\/\/pulso27.com\/es\/actualidad\/educacion\/ley-de-amnistia-para-militares-y-policias-genera-acusaciones-de-impunidad-y-complicidad\/","og_site_name":"Pulso27","article_publisher":"https:\/\/www.facebook.com\/pulso27\/","article_published_time":"2025-08-15T04:27:59+00:00","article_modified_time":"2025-08-15T04:28:31+00:00","og_image":[{"width":1280,"height":800,"url":"https:\/\/pulso27.com\/wp-content\/uploads\/2025\/08\/Administia.png","type":"image\/png"}],"author":"Maga","twitter_card":"summary_large_image","twitter_creator":"@Pulso_27","twitter_site":"@Pulso_27","twitter_misc":{"Written by":"Maga","Est. reading time":"3 minutos"},"schema":{"@context":"https:\/\/schema.org","@graph":[{"@type":"Article","@id":"https:\/\/pulso27.com\/actualidad\/educacion\/ley-de-amnistia-para-militares-y-policias-genera-acusaciones-de-impunidad-y-complicidad\/#article","isPartOf":{"@id":"https:\/\/pulso27.com\/actualidad\/educacion\/ley-de-amnistia-para-militares-y-policias-genera-acusaciones-de-impunidad-y-complicidad\/"},"author":{"name":"Maga","@id":"https:\/\/pulso27.com\/en\/#\/schema\/person\/92f5059eb04cb644a32d22c9bc998684"},"headline":"Ley de amnist\u00eda para militares y polic\u00edas genera acusaciones de impunidad y complicidad","datePublished":"2025-08-15T04:27:59+00:00","dateModified":"2025-08-15T04:28:31+00:00","mainEntityOfPage":{"@id":"https:\/\/pulso27.com\/actualidad\/educacion\/ley-de-amnistia-para-militares-y-policias-genera-acusaciones-de-impunidad-y-complicidad\/"},"wordCount":462,"commentCount":0,"publisher":{"@id":"https:\/\/pulso27.com\/en\/#organization"},"image":{"@id":"https:\/\/pulso27.com\/actualidad\/educacion\/ley-de-amnistia-para-militares-y-policias-genera-acusaciones-de-impunidad-y-complicidad\/#primaryimage"},"thumbnailUrl":"https:\/\/pulso27.com\/wp-content\/uploads\/2025\/08\/Administia.png","keywords":["Admist\u00eda","Complicidad","Impunidad","Militares","Polic\u00edas"],"articleSection":["Educaci\u00f3n","Nacional"],"inLanguage":"es-PE","potentialAction":[{"@type":"CommentAction","name":"Comment","target":["https:\/\/pulso27.com\/actualidad\/educacion\/ley-de-amnistia-para-militares-y-policias-genera-acusaciones-de-impunidad-y-complicidad\/#respond"]}]},{"@type":"WebPage","@id":"https:\/\/pulso27.com\/actualidad\/educacion\/ley-de-amnistia-para-militares-y-policias-genera-acusaciones-de-impunidad-y-complicidad\/","url":"https:\/\/pulso27.com\/actualidad\/educacion\/ley-de-amnistia-para-militares-y-policias-genera-acusaciones-de-impunidad-y-complicidad\/","name":"Ley de amnist\u00eda para militares y polic\u00edas genera acusaciones de impunidad y complicidad - Pulso27","isPartOf":{"@id":"https:\/\/pulso27.com\/en\/#website"},"primaryImageOfPage":{"@id":"https:\/\/pulso27.com\/actualidad\/educacion\/ley-de-amnistia-para-militares-y-policias-genera-acusaciones-de-impunidad-y-complicidad\/#primaryimage"},"image":{"@id":"https:\/\/pulso27.com\/actualidad\/educacion\/ley-de-amnistia-para-militares-y-policias-genera-acusaciones-de-impunidad-y-complicidad\/#primaryimage"},"thumbnailUrl":"https:\/\/pulso27.com\/wp-content\/uploads\/2025\/08\/Administia.png","datePublished":"2025-08-15T04:27:59+00:00","dateModified":"2025-08-15T04:28:31+00:00","breadcrumb":{"@id":"https:\/\/pulso27.com\/actualidad\/educacion\/ley-de-amnistia-para-militares-y-policias-genera-acusaciones-de-impunidad-y-complicidad\/#breadcrumb"},"inLanguage":"es-PE","potentialAction":[{"@type":"ReadAction","target":["https:\/\/pulso27.com\/actualidad\/educacion\/ley-de-amnistia-para-militares-y-policias-genera-acusaciones-de-impunidad-y-complicidad\/"]}]},{"@type":"ImageObject","inLanguage":"es-PE","@id":"https:\/\/pulso27.com\/actualidad\/educacion\/ley-de-amnistia-para-militares-y-policias-genera-acusaciones-de-impunidad-y-complicidad\/#primaryimage","url":"https:\/\/pulso27.com\/wp-content\/uploads\/2025\/08\/Administia.png","contentUrl":"https:\/\/pulso27.com\/wp-content\/uploads\/2025\/08\/Administia.png","width":1280,"height":800},{"@type":"BreadcrumbList","@id":"https:\/\/pulso27.com\/actualidad\/educacion\/ley-de-amnistia-para-militares-y-policias-genera-acusaciones-de-impunidad-y-complicidad\/#breadcrumb","itemListElement":[{"@type":"ListItem","position":1,"name":"Portada","item":"https:\/\/pulso27.com\/"},{"@type":"ListItem","position":2,"name":"Ley de amnist\u00eda para militares y polic\u00edas genera acusaciones de impunidad y complicidad"}]},{"@type":"WebSite","@id":"https:\/\/pulso27.com\/en\/#website","url":"https:\/\/pulso27.com\/en\/","name":"Pulso27","description":"Web de noticias y publicidad","publisher":{"@id":"https:\/\/pulso27.com\/en\/#organization"},"alternateName":"El pulso del pueblo","potentialAction":[{"@type":"SearchAction","target":{"@type":"EntryPoint","urlTemplate":"https:\/\/pulso27.com\/en\/?s={search_term_string}"},"query-input":{"@type":"PropertyValueSpecification","valueRequired":true,"valueName":"search_term_string"}}],"inLanguage":"es-PE"},{"@type":"Organization","@id":"https:\/\/pulso27.com\/en\/#organization","name":"Pulso27","url":"https:\/\/pulso27.com\/en\/","logo":{"@type":"ImageObject","inLanguage":"es-PE","@id":"https:\/\/pulso27.com\/en\/#\/schema\/logo\/image\/","url":"https:\/\/pulso27.com\/wp-content\/uploads\/2026\/02\/Logotipo-de-la-organizacion-696-x-696-px-ok.png","contentUrl":"https:\/\/pulso27.com\/wp-content\/uploads\/2026\/02\/Logotipo-de-la-organizacion-696-x-696-px-ok.png","width":696,"height":696,"caption":"Pulso27"},"image":{"@id":"https:\/\/pulso27.com\/en\/#\/schema\/logo\/image\/"},"sameAs":["https:\/\/www.facebook.com\/pulso27\/","https:\/\/x.com\/Pulso_27","https:\/\/www.youtube.com\/@Pulso27","https:\/\/www.tiktok.com\/@pulso_27"]},{"@type":"Person","@id":"https:\/\/pulso27.com\/en\/#\/schema\/person\/92f5059eb04cb644a32d22c9bc998684","name":"Maga","image":{"@type":"ImageObject","inLanguage":"es-PE","@id":"https:\/\/secure.gravatar.com\/avatar\/c4d5224d4227e7c057cd5793ba910425cc902f3aef97cda3eccc7acba8be2edc?s=96&d=mm&r=g","url":"https:\/\/secure.gravatar.com\/avatar\/c4d5224d4227e7c057cd5793ba910425cc902f3aef97cda3eccc7acba8be2edc?s=96&d=mm&r=g","contentUrl":"https:\/\/secure.gravatar.com\/avatar\/c4d5224d4227e7c057cd5793ba910425cc902f3aef97cda3eccc7acba8be2edc?s=96&d=mm&r=g","caption":"Maga"},"sameAs":["http:\/\/www.pulso27.com"],"url":"https:\/\/pulso27.com\/es\/author\/maga\/"}]}},"amp_enabled":true,"_links":{"self":[{"href":"https:\/\/pulso27.com\/es\/wp-json\/wp\/v2\/posts\/6045","targetHints":{"allow":["GET"]}}],"collection":[{"href":"https:\/\/pulso27.com\/es\/wp-json\/wp\/v2\/posts"}],"about":[{"href":"https:\/\/pulso27.com\/es\/wp-json\/wp\/v2\/types\/post"}],"author":[{"embeddable":true,"href":"https:\/\/pulso27.com\/es\/wp-json\/wp\/v2\/users\/8"}],"replies":[{"embeddable":true,"href":"https:\/\/pulso27.com\/es\/wp-json\/wp\/v2\/comments?post=6045"}],"version-history":[{"count":1,"href":"https:\/\/pulso27.com\/es\/wp-json\/wp\/v2\/posts\/6045\/revisions"}],"predecessor-version":[{"id":6051,"href":"https:\/\/pulso27.com\/es\/wp-json\/wp\/v2\/posts\/6045\/revisions\/6051"}],"wp:featuredmedia":[{"embeddable":true,"href":"https:\/\/pulso27.com\/es\/wp-json\/wp\/v2\/media\/6046"}],"wp:attachment":[{"href":"https:\/\/pulso27.com\/es\/wp-json\/wp\/v2\/media?parent=6045"}],"wp:term":[{"taxonomy":"category","embeddable":true,"href":"https:\/\/pulso27.com\/es\/wp-json\/wp\/v2\/categories?post=6045"},{"taxonomy":"post_tag","embeddable":true,"href":"https:\/\/pulso27.com\/es\/wp-json\/wp\/v2\/tags?post=6045"}],"curies":[{"name":"wp","href":"https:\/\/api.w.org\/{rel}","templated":true}]}}