{"id":6075,"date":"2025-08-18T11:11:14","date_gmt":"2025-08-18T06:11:14","guid":{"rendered":"https:\/\/pulso27.com\/?p=6075"},"modified":"2025-08-18T11:11:19","modified_gmt":"2025-08-18T06:11:19","slug":"bolivia-la-division-entre-evo-morales-y-andronico-rodriguez-lleva-a-la-izquierda-a-una-historica-derrota-electoral","status":"publish","type":"post","link":"https:\/\/pulso27.com\/es\/actualidad\/politica\/bolivia-la-division-entre-evo-morales-y-andronico-rodriguez-lleva-a-la-izquierda-a-una-historica-derrota-electoral\/","title":{"rendered":"Bolivia: La divisi\u00f3n entre Evo Morales y Andr\u00f3nico Rodr\u00edguez lleva a la izquierda a una hist\u00f3rica derrota electoral"},"content":{"rendered":"\n<p>La Paz, 18 de agosto de 2025 \u2013 Las elecciones generales del 17 de agosto de 2025 en Bolivia marcaron un punto de inflexi\u00f3n en la historia pol\u00edtica del pa\u00eds, con una contundente derrota de la izquierda debido a la falta de unidad entre sus principales figuras, Evo Morales y Andr\u00f3nico Rodr\u00edguez. Seg\u00fan los resultados oficiales preliminares del Tribunal Supremo Electoral (TSE), los candidatos de centro-derecha Rodrigo Paz Pereira (32.1%) y de derecha Jorge \u00abTuto\u00bb Quiroga (26.9%) avanzaron a una segunda vuelta programada para el 19 de octubre, dejando al Movimiento al Socialismo (MAS) y a la izquierda en general en una posici\u00f3n marginal.<\/p>\n\n\n\n<p>El MAS, que domin\u00f3 la pol\u00edtica boliviana durante casi dos d\u00e9cadas, obtuvo un magro 3.14% de los votos con su candidato Eduardo del Castillo, mientras que Andr\u00f3nico Rodr\u00edguez, representando a la Alianza Popular, alcanz\u00f3 solo el 8.12%, quedando en cuarto lugar. La fractura interna entre las facciones lideradas por el expresidente Evo Morales y el presidente del Senado, Andr\u00f3nico Rodr\u00edguez, fue se\u00f1alada por analistas como la principal causa de este rev\u00e9s electoral.<\/p>\n\n\n\n<p><strong>Una izquierda fragmentada<\/strong><\/p>\n\n\n\n<p>La divisi\u00f3n en el seno de la izquierda boliviana se agudiz\u00f3 tras la inhabilitaci\u00f3n de Evo Morales como candidato presidencial por el Tribunal Constitucional Plurinacional en 2023, que limit\u00f3 la reelecci\u00f3n indefinida. Morales, quien gobern\u00f3 entre 2006 y 2019, opt\u00f3 por promover el voto nulo, que alcanz\u00f3 un significativo 19% seg\u00fan el Sistema de Resultados Electorales Preliminares (Sirepre). Esta estrategia, en lugar de fortalecer su influencia, dispers\u00f3 el voto progresista y debilit\u00f3 a los candidatos de izquierda.<\/p>\n\n\n\n<p>Por su parte, Andr\u00f3nico Rodr\u00edguez, considerado en alg\u00fan momento como el heredero pol\u00edtico de Morales, decidi\u00f3 presentarse con una lista independiente tras no lograr unificar al MAS. Sin embargo, su campa\u00f1a no logr\u00f3 captar el apoyo mayoritario de los sectores populares, y enfrent\u00f3 incluso agresiones en el basti\u00f3n de Morales en el Tr\u00f3pico de Cochabamba, donde fue acusado de \u00abtraidor\u00bb por algunos sectores radicales.<\/p>\n\n\n\n<p>El presidente Luis Arce, en un intento por evitar mayores divisiones, renunci\u00f3 a su candidatura en mayo de 2025, respaldando a Del Castillo. No obstante, la falta de consenso y las disputas p\u00fablicas entre las facciones del MAS y la Alianza Popular de Rodr\u00edguez fragmentaron a\u00fan m\u00e1s el voto de izquierda, dejando el camino libre para los candidatos opositores.<\/p>\n\n\n\n<figure class=\"wp-block-image size-large\"><img loading=\"lazy\" decoding=\"async\" width=\"1024\" height=\"640\" src=\"https:\/\/pulso27.com\/wp-content\/uploads\/2025\/08\/Boliviaa-1024x640.png\" alt=\"\" class=\"wp-image-6077\" srcset=\"https:\/\/pulso27.com\/wp-content\/uploads\/2025\/08\/Boliviaa-1024x640.png 1024w, https:\/\/pulso27.com\/wp-content\/uploads\/2025\/08\/Boliviaa-300x188.png 300w, https:\/\/pulso27.com\/wp-content\/uploads\/2025\/08\/Boliviaa-768x480.png 768w, https:\/\/pulso27.com\/wp-content\/uploads\/2025\/08\/Boliviaa-18x12.png 18w, https:\/\/pulso27.com\/wp-content\/uploads\/2025\/08\/Boliviaa.png 1280w\" sizes=\"auto, (max-width: 1024px) 100vw, 1024px\" \/><figcaption class=\"wp-element-caption\"><em>Resultados oficiales de las elecciones presidenciales de Bolivia 2025 al 95,47% de los votos contabilizados<\/em><\/figcaption><\/figure>\n\n\n\n<p><strong>Lecci\u00f3n para el futuro: Unidad para enfrentar a la derecha<\/strong><\/p>\n\n\n\n<p>La derrota de la izquierda en estas elecciones env\u00eda un claro mensaje: la unidad es fundamental para mantener su relevancia frente al auge de la derecha y el centro-derecha. Los candidatos Paz Pereira y Quiroga capitalizaron el descontento popular ante la crisis econ\u00f3mica, marcada por una inflaci\u00f3n del 25% y la escasez de combustibles, as\u00ed como la percepci\u00f3n de inestabilidad pol\u00edtica tras el fallido intento de golpe de Estado en junio de 2024.<\/p>\n\n\n\n<p>Analistas y sectores populares coinciden en que la izquierda debe aprender de este rev\u00e9s para recomponer sus fuerzas de cara a futuros procesos electorales. \u201cLa divisi\u00f3n entre Morales y Rodr\u00edguez no solo debilit\u00f3 al MAS, sino que alej\u00f3 a los movimientos sociales que hist\u00f3ricamente fueron su base. La unidad con el pueblo es la \u00fanica v\u00eda para enfrentar a una derecha que hoy celebra su retorno al poder\u201d, se\u00f1al\u00f3 la analista pol\u00edtica Mar\u00eda L\u00f3pez en una entrevista local.<\/p>\n\n\n\n<p><strong>Un nuevo cap\u00edtulo para Bolivia<\/strong><\/p>\n\n\n\n<p>Con la derecha consolid\u00e1ndose como favorita para asumir la presidencia en noviembre de 2025, Bolivia enfrenta un cambio de paradigma tras 20 a\u00f1os de gobiernos liderados por el MAS. La izquierda, ahora en la oposici\u00f3n, tiene el desaf\u00edo de sanar sus divisiones internas y reconstruir su relaci\u00f3n con los movimientos ind\u00edgenas y populares para recuperar su influencia. Mientras tanto, el pa\u00eds aguarda la segunda vuelta electoral, que definir\u00e1 si Rodrigo Paz o Jorge Quiroga liderar\u00e1 esta nueva etapa pol\u00edtica.<\/p>\n\n\n\n<p>El TSE continuar\u00e1 el conteo oficial de votos en los pr\u00f3ximos d\u00edas, pero los resultados preliminares ya reflejan una lecci\u00f3n clara: sin unidad, la izquierda no puede aspirar a competir con una oposici\u00f3n fortalecida.<\/p>\n","protected":false},"excerpt":{"rendered":"<p>La Paz, 18 de agosto de 2025 \u2013 Las elecciones generales del 17 de agosto de 2025 en Bolivia marcaron un punto de inflexi\u00f3n en la historia pol\u00edtica del pa\u00eds, con una contundente derrota de la izquierda debido a la falta de unidad entre sus principales figuras, Evo Morales y Andr\u00f3nico Rodr\u00edguez. Seg\u00fan los resultados [&hellip;]<\/p>\n","protected":false},"author":8,"featured_media":6076,"comment_status":"open","ping_status":"open","sticky":false,"template":"","format":"standard","meta":{"footnotes":""},"categories":[173,180],"tags":[2425,445,2427,2424,2426,2428],"class_list":["post-6075","post","type-post","status-publish","format-standard","has-post-thumbnail","hentry","category-internacional","category-politica","tag-andronico-rodriguez","tag-bolivia","tag-elecciones-de-bolivia","tag-evo-morales","tag-luis-arce","tag-rodrigo-paz-pereira"],"yoast_head":"<!-- This site is optimized with the Yoast SEO plugin v27.4 - https:\/\/yoast.com\/product\/yoast-seo-wordpress\/ -->\n<title>Bolivia: La divisi\u00f3n entre Evo Morales y Andr\u00f3nico Rodr\u00edguez lleva a la izquierda a una hist\u00f3rica derrota electoral - Pulso27<\/title>\n<meta name=\"robots\" content=\"index, follow, max-snippet:-1, max-image-preview:large, max-video-preview:-1\" \/>\n<link rel=\"canonical\" href=\"https:\/\/pulso27.com\/es\/actualidad\/politica\/bolivia-la-division-entre-evo-morales-y-andronico-rodriguez-lleva-a-la-izquierda-a-una-historica-derrota-electoral\/\" \/>\n<meta property=\"og:locale\" content=\"es_ES\" \/>\n<meta property=\"og:type\" content=\"article\" \/>\n<meta property=\"og:title\" content=\"Bolivia: La divisi\u00f3n entre Evo Morales y Andr\u00f3nico Rodr\u00edguez lleva a la izquierda a una hist\u00f3rica derrota electoral - Pulso27\" \/>\n<meta property=\"og:description\" content=\"La Paz, 18 de agosto de 2025 \u2013 Las elecciones generales del 17 de agosto de 2025 en Bolivia marcaron un punto de inflexi\u00f3n en la historia pol\u00edtica del pa\u00eds, con una contundente derrota de la izquierda debido a la falta de unidad entre sus principales figuras, Evo Morales y Andr\u00f3nico Rodr\u00edguez. Seg\u00fan los resultados [&hellip;]\" \/>\n<meta property=\"og:url\" content=\"https:\/\/pulso27.com\/es\/actualidad\/politica\/bolivia-la-division-entre-evo-morales-y-andronico-rodriguez-lleva-a-la-izquierda-a-una-historica-derrota-electoral\/\" \/>\n<meta property=\"og:site_name\" content=\"Pulso27\" \/>\n<meta property=\"article:publisher\" content=\"https:\/\/www.facebook.com\/pulso27\/\" \/>\n<meta property=\"article:published_time\" content=\"2025-08-18T06:11:14+00:00\" \/>\n<meta property=\"article:modified_time\" content=\"2025-08-18T06:11:19+00:00\" \/>\n<meta property=\"og:image\" content=\"https:\/\/pulso27.com\/wp-content\/uploads\/2025\/08\/Bolivia.png\" \/>\n\t<meta property=\"og:image:width\" content=\"1282\" \/>\n\t<meta property=\"og:image:height\" content=\"800\" \/>\n\t<meta property=\"og:image:type\" content=\"image\/png\" \/>\n<meta name=\"author\" content=\"Maga\" \/>\n<meta name=\"twitter:card\" content=\"summary_large_image\" \/>\n<meta name=\"twitter:creator\" content=\"@Pulso_27\" \/>\n<meta name=\"twitter:site\" content=\"@Pulso_27\" \/>\n<meta name=\"twitter:label1\" content=\"Written by\" \/>\n\t<meta name=\"twitter:data1\" content=\"Maga\" \/>\n\t<meta name=\"twitter:label2\" content=\"Est. reading time\" \/>\n\t<meta name=\"twitter:data2\" content=\"4 minutos\" \/>\n<script type=\"application\/ld+json\" class=\"yoast-schema-graph\">{\"@context\":\"https:\\\/\\\/schema.org\",\"@graph\":[{\"@type\":\"Article\",\"@id\":\"https:\\\/\\\/pulso27.com\\\/actualidad\\\/politica\\\/bolivia-la-division-entre-evo-morales-y-andronico-rodriguez-lleva-a-la-izquierda-a-una-historica-derrota-electoral\\\/#article\",\"isPartOf\":{\"@id\":\"https:\\\/\\\/pulso27.com\\\/actualidad\\\/politica\\\/bolivia-la-division-entre-evo-morales-y-andronico-rodriguez-lleva-a-la-izquierda-a-una-historica-derrota-electoral\\\/\"},\"author\":{\"name\":\"Maga\",\"@id\":\"https:\\\/\\\/pulso27.com\\\/en\\\/#\\\/schema\\\/person\\\/92f5059eb04cb644a32d22c9bc998684\"},\"headline\":\"Bolivia: La divisi\u00f3n entre Evo Morales y Andr\u00f3nico Rodr\u00edguez lleva a la izquierda a una hist\u00f3rica derrota electoral\",\"datePublished\":\"2025-08-18T06:11:14+00:00\",\"dateModified\":\"2025-08-18T06:11:19+00:00\",\"mainEntityOfPage\":{\"@id\":\"https:\\\/\\\/pulso27.com\\\/actualidad\\\/politica\\\/bolivia-la-division-entre-evo-morales-y-andronico-rodriguez-lleva-a-la-izquierda-a-una-historica-derrota-electoral\\\/\"},\"wordCount\":732,\"commentCount\":0,\"publisher\":{\"@id\":\"https:\\\/\\\/pulso27.com\\\/en\\\/#organization\"},\"image\":{\"@id\":\"https:\\\/\\\/pulso27.com\\\/actualidad\\\/politica\\\/bolivia-la-division-entre-evo-morales-y-andronico-rodriguez-lleva-a-la-izquierda-a-una-historica-derrota-electoral\\\/#primaryimage\"},\"thumbnailUrl\":\"https:\\\/\\\/pulso27.com\\\/wp-content\\\/uploads\\\/2025\\\/08\\\/Bolivia.png\",\"keywords\":[\"Andr\u00f3nico Rodr\u00edguez\",\"Bolivia\",\"Elecciones de Bolivia\",\"Evo Morales\",\"Lu\u00eds Arce\",\"Rodrigo Paz Pereira\"],\"articleSection\":[\"Internacional\",\"Pol\u00edtica\"],\"inLanguage\":\"es-PE\",\"potentialAction\":[{\"@type\":\"CommentAction\",\"name\":\"Comment\",\"target\":[\"https:\\\/\\\/pulso27.com\\\/actualidad\\\/politica\\\/bolivia-la-division-entre-evo-morales-y-andronico-rodriguez-lleva-a-la-izquierda-a-una-historica-derrota-electoral\\\/#respond\"]}]},{\"@type\":\"WebPage\",\"@id\":\"https:\\\/\\\/pulso27.com\\\/actualidad\\\/politica\\\/bolivia-la-division-entre-evo-morales-y-andronico-rodriguez-lleva-a-la-izquierda-a-una-historica-derrota-electoral\\\/\",\"url\":\"https:\\\/\\\/pulso27.com\\\/actualidad\\\/politica\\\/bolivia-la-division-entre-evo-morales-y-andronico-rodriguez-lleva-a-la-izquierda-a-una-historica-derrota-electoral\\\/\",\"name\":\"Bolivia: La divisi\u00f3n entre Evo Morales y Andr\u00f3nico Rodr\u00edguez lleva a la izquierda a una hist\u00f3rica derrota electoral - Pulso27\",\"isPartOf\":{\"@id\":\"https:\\\/\\\/pulso27.com\\\/en\\\/#website\"},\"primaryImageOfPage\":{\"@id\":\"https:\\\/\\\/pulso27.com\\\/actualidad\\\/politica\\\/bolivia-la-division-entre-evo-morales-y-andronico-rodriguez-lleva-a-la-izquierda-a-una-historica-derrota-electoral\\\/#primaryimage\"},\"image\":{\"@id\":\"https:\\\/\\\/pulso27.com\\\/actualidad\\\/politica\\\/bolivia-la-division-entre-evo-morales-y-andronico-rodriguez-lleva-a-la-izquierda-a-una-historica-derrota-electoral\\\/#primaryimage\"},\"thumbnailUrl\":\"https:\\\/\\\/pulso27.com\\\/wp-content\\\/uploads\\\/2025\\\/08\\\/Bolivia.png\",\"datePublished\":\"2025-08-18T06:11:14+00:00\",\"dateModified\":\"2025-08-18T06:11:19+00:00\",\"breadcrumb\":{\"@id\":\"https:\\\/\\\/pulso27.com\\\/actualidad\\\/politica\\\/bolivia-la-division-entre-evo-morales-y-andronico-rodriguez-lleva-a-la-izquierda-a-una-historica-derrota-electoral\\\/#breadcrumb\"},\"inLanguage\":\"es-PE\",\"potentialAction\":[{\"@type\":\"ReadAction\",\"target\":[\"https:\\\/\\\/pulso27.com\\\/actualidad\\\/politica\\\/bolivia-la-division-entre-evo-morales-y-andronico-rodriguez-lleva-a-la-izquierda-a-una-historica-derrota-electoral\\\/\"]}]},{\"@type\":\"ImageObject\",\"inLanguage\":\"es-PE\",\"@id\":\"https:\\\/\\\/pulso27.com\\\/actualidad\\\/politica\\\/bolivia-la-division-entre-evo-morales-y-andronico-rodriguez-lleva-a-la-izquierda-a-una-historica-derrota-electoral\\\/#primaryimage\",\"url\":\"https:\\\/\\\/pulso27.com\\\/wp-content\\\/uploads\\\/2025\\\/08\\\/Bolivia.png\",\"contentUrl\":\"https:\\\/\\\/pulso27.com\\\/wp-content\\\/uploads\\\/2025\\\/08\\\/Bolivia.png\",\"width\":1282,\"height\":800,\"caption\":\"Rodrigo Paz, candidato presidencial de Bolivia por el Partido Dem\u00f3crata Cristiano (PDC), celebra con sus simpatizantes tras los resultados de las elecciones presidenciales en La Paz, Bolivia, el 17 de agosto de 2025\"},{\"@type\":\"BreadcrumbList\",\"@id\":\"https:\\\/\\\/pulso27.com\\\/actualidad\\\/politica\\\/bolivia-la-division-entre-evo-morales-y-andronico-rodriguez-lleva-a-la-izquierda-a-una-historica-derrota-electoral\\\/#breadcrumb\",\"itemListElement\":[{\"@type\":\"ListItem\",\"position\":1,\"name\":\"Portada\",\"item\":\"https:\\\/\\\/pulso27.com\\\/\"},{\"@type\":\"ListItem\",\"position\":2,\"name\":\"Bolivia: La divisi\u00f3n entre Evo Morales y Andr\u00f3nico Rodr\u00edguez lleva a la izquierda a una hist\u00f3rica derrota electoral\"}]},{\"@type\":\"WebSite\",\"@id\":\"https:\\\/\\\/pulso27.com\\\/en\\\/#website\",\"url\":\"https:\\\/\\\/pulso27.com\\\/en\\\/\",\"name\":\"Pulso27\",\"description\":\"Web de noticias y publicidad\",\"publisher\":{\"@id\":\"https:\\\/\\\/pulso27.com\\\/en\\\/#organization\"},\"alternateName\":\"El pulso del pueblo\",\"potentialAction\":[{\"@type\":\"SearchAction\",\"target\":{\"@type\":\"EntryPoint\",\"urlTemplate\":\"https:\\\/\\\/pulso27.com\\\/en\\\/?s={search_term_string}\"},\"query-input\":{\"@type\":\"PropertyValueSpecification\",\"valueRequired\":true,\"valueName\":\"search_term_string\"}}],\"inLanguage\":\"es-PE\"},{\"@type\":\"Organization\",\"@id\":\"https:\\\/\\\/pulso27.com\\\/en\\\/#organization\",\"name\":\"Pulso27\",\"url\":\"https:\\\/\\\/pulso27.com\\\/en\\\/\",\"logo\":{\"@type\":\"ImageObject\",\"inLanguage\":\"es-PE\",\"@id\":\"https:\\\/\\\/pulso27.com\\\/en\\\/#\\\/schema\\\/logo\\\/image\\\/\",\"url\":\"https:\\\/\\\/pulso27.com\\\/wp-content\\\/uploads\\\/2026\\\/02\\\/Logotipo-de-la-organizacion-696-x-696-px-ok.png\",\"contentUrl\":\"https:\\\/\\\/pulso27.com\\\/wp-content\\\/uploads\\\/2026\\\/02\\\/Logotipo-de-la-organizacion-696-x-696-px-ok.png\",\"width\":696,\"height\":696,\"caption\":\"Pulso27\"},\"image\":{\"@id\":\"https:\\\/\\\/pulso27.com\\\/en\\\/#\\\/schema\\\/logo\\\/image\\\/\"},\"sameAs\":[\"https:\\\/\\\/www.facebook.com\\\/pulso27\\\/\",\"https:\\\/\\\/x.com\\\/Pulso_27\",\"https:\\\/\\\/www.youtube.com\\\/@Pulso27\",\"https:\\\/\\\/www.tiktok.com\\\/@pulso_27\"]},{\"@type\":\"Person\",\"@id\":\"https:\\\/\\\/pulso27.com\\\/en\\\/#\\\/schema\\\/person\\\/92f5059eb04cb644a32d22c9bc998684\",\"name\":\"Maga\",\"image\":{\"@type\":\"ImageObject\",\"inLanguage\":\"es-PE\",\"@id\":\"https:\\\/\\\/secure.gravatar.com\\\/avatar\\\/c4d5224d4227e7c057cd5793ba910425cc902f3aef97cda3eccc7acba8be2edc?s=96&d=mm&r=g\",\"url\":\"https:\\\/\\\/secure.gravatar.com\\\/avatar\\\/c4d5224d4227e7c057cd5793ba910425cc902f3aef97cda3eccc7acba8be2edc?s=96&d=mm&r=g\",\"contentUrl\":\"https:\\\/\\\/secure.gravatar.com\\\/avatar\\\/c4d5224d4227e7c057cd5793ba910425cc902f3aef97cda3eccc7acba8be2edc?s=96&d=mm&r=g\",\"caption\":\"Maga\"},\"sameAs\":[\"http:\\\/\\\/www.pulso27.com\"],\"url\":\"https:\\\/\\\/pulso27.com\\\/es\\\/author\\\/maga\\\/\"}]}<\/script>\n<!-- \/ Yoast SEO plugin. -->","yoast_head_json":{"title":"Bolivia: La divisi\u00f3n entre Evo Morales y Andr\u00f3nico Rodr\u00edguez lleva a la izquierda a una hist\u00f3rica derrota electoral - Pulso27","robots":{"index":"index","follow":"follow","max-snippet":"max-snippet:-1","max-image-preview":"max-image-preview:large","max-video-preview":"max-video-preview:-1"},"canonical":"https:\/\/pulso27.com\/es\/actualidad\/politica\/bolivia-la-division-entre-evo-morales-y-andronico-rodriguez-lleva-a-la-izquierda-a-una-historica-derrota-electoral\/","og_locale":"es_ES","og_type":"article","og_title":"Bolivia: La divisi\u00f3n entre Evo Morales y Andr\u00f3nico Rodr\u00edguez lleva a la izquierda a una hist\u00f3rica derrota electoral - Pulso27","og_description":"La Paz, 18 de agosto de 2025 \u2013 Las elecciones generales del 17 de agosto de 2025 en Bolivia marcaron un punto de inflexi\u00f3n en la historia pol\u00edtica del pa\u00eds, con una contundente derrota de la izquierda debido a la falta de unidad entre sus principales figuras, Evo Morales y Andr\u00f3nico Rodr\u00edguez. Seg\u00fan los resultados [&hellip;]","og_url":"https:\/\/pulso27.com\/es\/actualidad\/politica\/bolivia-la-division-entre-evo-morales-y-andronico-rodriguez-lleva-a-la-izquierda-a-una-historica-derrota-electoral\/","og_site_name":"Pulso27","article_publisher":"https:\/\/www.facebook.com\/pulso27\/","article_published_time":"2025-08-18T06:11:14+00:00","article_modified_time":"2025-08-18T06:11:19+00:00","og_image":[{"width":1282,"height":800,"url":"https:\/\/pulso27.com\/wp-content\/uploads\/2025\/08\/Bolivia.png","type":"image\/png"}],"author":"Maga","twitter_card":"summary_large_image","twitter_creator":"@Pulso_27","twitter_site":"@Pulso_27","twitter_misc":{"Written by":"Maga","Est. reading time":"4 minutos"},"schema":{"@context":"https:\/\/schema.org","@graph":[{"@type":"Article","@id":"https:\/\/pulso27.com\/actualidad\/politica\/bolivia-la-division-entre-evo-morales-y-andronico-rodriguez-lleva-a-la-izquierda-a-una-historica-derrota-electoral\/#article","isPartOf":{"@id":"https:\/\/pulso27.com\/actualidad\/politica\/bolivia-la-division-entre-evo-morales-y-andronico-rodriguez-lleva-a-la-izquierda-a-una-historica-derrota-electoral\/"},"author":{"name":"Maga","@id":"https:\/\/pulso27.com\/en\/#\/schema\/person\/92f5059eb04cb644a32d22c9bc998684"},"headline":"Bolivia: La divisi\u00f3n entre Evo Morales y Andr\u00f3nico Rodr\u00edguez lleva a la izquierda a una hist\u00f3rica derrota electoral","datePublished":"2025-08-18T06:11:14+00:00","dateModified":"2025-08-18T06:11:19+00:00","mainEntityOfPage":{"@id":"https:\/\/pulso27.com\/actualidad\/politica\/bolivia-la-division-entre-evo-morales-y-andronico-rodriguez-lleva-a-la-izquierda-a-una-historica-derrota-electoral\/"},"wordCount":732,"commentCount":0,"publisher":{"@id":"https:\/\/pulso27.com\/en\/#organization"},"image":{"@id":"https:\/\/pulso27.com\/actualidad\/politica\/bolivia-la-division-entre-evo-morales-y-andronico-rodriguez-lleva-a-la-izquierda-a-una-historica-derrota-electoral\/#primaryimage"},"thumbnailUrl":"https:\/\/pulso27.com\/wp-content\/uploads\/2025\/08\/Bolivia.png","keywords":["Andr\u00f3nico Rodr\u00edguez","Bolivia","Elecciones de Bolivia","Evo Morales","Lu\u00eds Arce","Rodrigo Paz Pereira"],"articleSection":["Internacional","Pol\u00edtica"],"inLanguage":"es-PE","potentialAction":[{"@type":"CommentAction","name":"Comment","target":["https:\/\/pulso27.com\/actualidad\/politica\/bolivia-la-division-entre-evo-morales-y-andronico-rodriguez-lleva-a-la-izquierda-a-una-historica-derrota-electoral\/#respond"]}]},{"@type":"WebPage","@id":"https:\/\/pulso27.com\/actualidad\/politica\/bolivia-la-division-entre-evo-morales-y-andronico-rodriguez-lleva-a-la-izquierda-a-una-historica-derrota-electoral\/","url":"https:\/\/pulso27.com\/actualidad\/politica\/bolivia-la-division-entre-evo-morales-y-andronico-rodriguez-lleva-a-la-izquierda-a-una-historica-derrota-electoral\/","name":"Bolivia: La divisi\u00f3n entre Evo Morales y Andr\u00f3nico Rodr\u00edguez lleva a la izquierda a una hist\u00f3rica derrota electoral - Pulso27","isPartOf":{"@id":"https:\/\/pulso27.com\/en\/#website"},"primaryImageOfPage":{"@id":"https:\/\/pulso27.com\/actualidad\/politica\/bolivia-la-division-entre-evo-morales-y-andronico-rodriguez-lleva-a-la-izquierda-a-una-historica-derrota-electoral\/#primaryimage"},"image":{"@id":"https:\/\/pulso27.com\/actualidad\/politica\/bolivia-la-division-entre-evo-morales-y-andronico-rodriguez-lleva-a-la-izquierda-a-una-historica-derrota-electoral\/#primaryimage"},"thumbnailUrl":"https:\/\/pulso27.com\/wp-content\/uploads\/2025\/08\/Bolivia.png","datePublished":"2025-08-18T06:11:14+00:00","dateModified":"2025-08-18T06:11:19+00:00","breadcrumb":{"@id":"https:\/\/pulso27.com\/actualidad\/politica\/bolivia-la-division-entre-evo-morales-y-andronico-rodriguez-lleva-a-la-izquierda-a-una-historica-derrota-electoral\/#breadcrumb"},"inLanguage":"es-PE","potentialAction":[{"@type":"ReadAction","target":["https:\/\/pulso27.com\/actualidad\/politica\/bolivia-la-division-entre-evo-morales-y-andronico-rodriguez-lleva-a-la-izquierda-a-una-historica-derrota-electoral\/"]}]},{"@type":"ImageObject","inLanguage":"es-PE","@id":"https:\/\/pulso27.com\/actualidad\/politica\/bolivia-la-division-entre-evo-morales-y-andronico-rodriguez-lleva-a-la-izquierda-a-una-historica-derrota-electoral\/#primaryimage","url":"https:\/\/pulso27.com\/wp-content\/uploads\/2025\/08\/Bolivia.png","contentUrl":"https:\/\/pulso27.com\/wp-content\/uploads\/2025\/08\/Bolivia.png","width":1282,"height":800,"caption":"Rodrigo Paz, candidato presidencial de Bolivia por el Partido Dem\u00f3crata Cristiano (PDC), celebra con sus simpatizantes tras los resultados de las elecciones presidenciales en La Paz, Bolivia, el 17 de agosto de 2025"},{"@type":"BreadcrumbList","@id":"https:\/\/pulso27.com\/actualidad\/politica\/bolivia-la-division-entre-evo-morales-y-andronico-rodriguez-lleva-a-la-izquierda-a-una-historica-derrota-electoral\/#breadcrumb","itemListElement":[{"@type":"ListItem","position":1,"name":"Portada","item":"https:\/\/pulso27.com\/"},{"@type":"ListItem","position":2,"name":"Bolivia: La divisi\u00f3n entre Evo Morales y Andr\u00f3nico Rodr\u00edguez lleva a la izquierda a una hist\u00f3rica derrota electoral"}]},{"@type":"WebSite","@id":"https:\/\/pulso27.com\/en\/#website","url":"https:\/\/pulso27.com\/en\/","name":"Pulso27","description":"Web de noticias y publicidad","publisher":{"@id":"https:\/\/pulso27.com\/en\/#organization"},"alternateName":"El pulso del pueblo","potentialAction":[{"@type":"SearchAction","target":{"@type":"EntryPoint","urlTemplate":"https:\/\/pulso27.com\/en\/?s={search_term_string}"},"query-input":{"@type":"PropertyValueSpecification","valueRequired":true,"valueName":"search_term_string"}}],"inLanguage":"es-PE"},{"@type":"Organization","@id":"https:\/\/pulso27.com\/en\/#organization","name":"Pulso27","url":"https:\/\/pulso27.com\/en\/","logo":{"@type":"ImageObject","inLanguage":"es-PE","@id":"https:\/\/pulso27.com\/en\/#\/schema\/logo\/image\/","url":"https:\/\/pulso27.com\/wp-content\/uploads\/2026\/02\/Logotipo-de-la-organizacion-696-x-696-px-ok.png","contentUrl":"https:\/\/pulso27.com\/wp-content\/uploads\/2026\/02\/Logotipo-de-la-organizacion-696-x-696-px-ok.png","width":696,"height":696,"caption":"Pulso27"},"image":{"@id":"https:\/\/pulso27.com\/en\/#\/schema\/logo\/image\/"},"sameAs":["https:\/\/www.facebook.com\/pulso27\/","https:\/\/x.com\/Pulso_27","https:\/\/www.youtube.com\/@Pulso27","https:\/\/www.tiktok.com\/@pulso_27"]},{"@type":"Person","@id":"https:\/\/pulso27.com\/en\/#\/schema\/person\/92f5059eb04cb644a32d22c9bc998684","name":"Maga","image":{"@type":"ImageObject","inLanguage":"es-PE","@id":"https:\/\/secure.gravatar.com\/avatar\/c4d5224d4227e7c057cd5793ba910425cc902f3aef97cda3eccc7acba8be2edc?s=96&d=mm&r=g","url":"https:\/\/secure.gravatar.com\/avatar\/c4d5224d4227e7c057cd5793ba910425cc902f3aef97cda3eccc7acba8be2edc?s=96&d=mm&r=g","contentUrl":"https:\/\/secure.gravatar.com\/avatar\/c4d5224d4227e7c057cd5793ba910425cc902f3aef97cda3eccc7acba8be2edc?s=96&d=mm&r=g","caption":"Maga"},"sameAs":["http:\/\/www.pulso27.com"],"url":"https:\/\/pulso27.com\/es\/author\/maga\/"}]}},"amp_enabled":true,"_links":{"self":[{"href":"https:\/\/pulso27.com\/es\/wp-json\/wp\/v2\/posts\/6075","targetHints":{"allow":["GET"]}}],"collection":[{"href":"https:\/\/pulso27.com\/es\/wp-json\/wp\/v2\/posts"}],"about":[{"href":"https:\/\/pulso27.com\/es\/wp-json\/wp\/v2\/types\/post"}],"author":[{"embeddable":true,"href":"https:\/\/pulso27.com\/es\/wp-json\/wp\/v2\/users\/8"}],"replies":[{"embeddable":true,"href":"https:\/\/pulso27.com\/es\/wp-json\/wp\/v2\/comments?post=6075"}],"version-history":[{"count":1,"href":"https:\/\/pulso27.com\/es\/wp-json\/wp\/v2\/posts\/6075\/revisions"}],"predecessor-version":[{"id":6078,"href":"https:\/\/pulso27.com\/es\/wp-json\/wp\/v2\/posts\/6075\/revisions\/6078"}],"wp:featuredmedia":[{"embeddable":true,"href":"https:\/\/pulso27.com\/es\/wp-json\/wp\/v2\/media\/6076"}],"wp:attachment":[{"href":"https:\/\/pulso27.com\/es\/wp-json\/wp\/v2\/media?parent=6075"}],"wp:term":[{"taxonomy":"category","embeddable":true,"href":"https:\/\/pulso27.com\/es\/wp-json\/wp\/v2\/categories?post=6075"},{"taxonomy":"post_tag","embeddable":true,"href":"https:\/\/pulso27.com\/es\/wp-json\/wp\/v2\/tags?post=6075"}],"curies":[{"name":"wp","href":"https:\/\/api.w.org\/{rel}","templated":true}]}}