{"id":6082,"date":"2025-08-19T07:40:26","date_gmt":"2025-08-19T02:40:26","guid":{"rendered":"https:\/\/pulso27.com\/?p=6082"},"modified":"2025-08-19T07:40:31","modified_gmt":"2025-08-19T02:40:31","slug":"candidatos-de-la-derecha-peruana-van-divididos-en-las-elecciones-presidenciales-de-2026","status":"publish","type":"post","link":"https:\/\/pulso27.com\/es\/actualidad\/politica\/candidatos-de-la-derecha-peruana-van-divididos-en-las-elecciones-presidenciales-de-2026\/","title":{"rendered":"Candidatos de la derecha peruana van divididos en las elecciones presidenciales de 2026"},"content":{"rendered":"\n<p>Una reciente encuesta de Ipsos para las elecciones presidenciales de Per\u00fa 2026 muestra un escenario competitivo pero fragmentado entre los candidatos de derecha. Keiko Fujimori, de Fuerza Popular, lidera con un 8-12% de intenci\u00f3n de voto, seguida por Rafael L\u00f3pez Aliaga, de Renovaci\u00f3n Popular, con un 4-10%, y Carlos \u00c1lvarez, de Pa\u00eds para Todos, con un 4-6%. Sin embargo, la alta tasa de votos en blanco o viciados (30-38%) y de indecisos (12-21%) refleja que ning\u00fan candidato logra consolidar un apoyo contundente, dejando el panorama electoral abierto a menos de un a\u00f1o de los comicios, a pesar del esfuerzo de los medios hegem\u00f3nicos del pa\u00eds.<\/p>\n\n\n\n<p>Otros nombres de derecha, como Hernando de Soto y Phillip Butters, no logran despegar en las preferencias, qued\u00e1ndose por debajo del 5% en los sondeos realizados entre enero y agosto de 2025. Esta falta de tracci\u00f3n evidencia la dificultad de estas figuras para conectar con un electorado que, seg\u00fan los datos, muestra un desencanto generalizado con las opciones actuales. La fragmentaci\u00f3n del voto de derecha, sumada a la ausencia de un liderazgo claro, plantea retos para estos candidatos en su b\u00fasqueda por captar la atenci\u00f3n de los votantes.<\/p>\n\n\n\n<p>Analistas se\u00f1alan que la alta proporci\u00f3n de indecisos y votos en blanco podr\u00eda beneficiar a figuras nuevas o menos conocidas si logran capitalizar el descontento en los pr\u00f3ximos meses. Mientras Fujimori y L\u00f3pez Aliaga mantienen una base s\u00f3lida en ciertos sectores, la irrupci\u00f3n de \u00c1lvarez como una opci\u00f3n emergente sugiere que el electorado de derecha est\u00e1 abierto a nuevas propuestas. Las pr\u00f3ximas encuestas ser\u00e1n clave para determinar si candidatos como De Soto o Butters logran repuntar o si el escenario seguir\u00e1 dominado por los nombres ya consolidados.<\/p>\n","protected":false},"excerpt":{"rendered":"<p>Una reciente encuesta de Ipsos para las elecciones presidenciales de Per\u00fa 2026 muestra un escenario competitivo pero fragmentado entre los candidatos de derecha. Keiko Fujimori, de Fuerza Popular, lidera con un 8-12% de intenci\u00f3n de voto, seguida por Rafael L\u00f3pez Aliaga, de Renovaci\u00f3n Popular, con un 4-10%, y Carlos \u00c1lvarez, de Pa\u00eds para Todos, con [&hellip;]<\/p>\n","protected":false},"author":7,"featured_media":6084,"comment_status":"open","ping_status":"open","sticky":false,"template":"","format":"standard","meta":{"footnotes":""},"categories":[174,180],"tags":[2423,2429,2070],"class_list":["post-6082","post","type-post","status-publish","format-standard","has-post-thumbnail","hentry","category-nacional","category-politica","tag-elecciones-generales-2026","tag-encuestadoras","tag-ipsos"],"yoast_head":"<!-- This site is optimized with the Yoast SEO plugin v27.4 - https:\/\/yoast.com\/product\/yoast-seo-wordpress\/ -->\n<title>Candidatos de la derecha peruana van divididos en las elecciones presidenciales de 2026 - Pulso27<\/title>\n<meta name=\"robots\" content=\"index, follow, max-snippet:-1, max-image-preview:large, max-video-preview:-1\" \/>\n<link rel=\"canonical\" href=\"https:\/\/pulso27.com\/es\/actualidad\/politica\/candidatos-de-la-derecha-peruana-van-divididos-en-las-elecciones-presidenciales-de-2026\/\" \/>\n<meta property=\"og:locale\" content=\"es_ES\" \/>\n<meta property=\"og:type\" content=\"article\" \/>\n<meta property=\"og:title\" content=\"Candidatos de la derecha peruana van divididos en las elecciones presidenciales de 2026 - Pulso27\" \/>\n<meta property=\"og:description\" content=\"Una reciente encuesta de Ipsos para las elecciones presidenciales de Per\u00fa 2026 muestra un escenario competitivo pero fragmentado entre los candidatos de derecha. Keiko Fujimori, de Fuerza Popular, lidera con un 8-12% de intenci\u00f3n de voto, seguida por Rafael L\u00f3pez Aliaga, de Renovaci\u00f3n Popular, con un 4-10%, y Carlos \u00c1lvarez, de Pa\u00eds para Todos, con [&hellip;]\" \/>\n<meta property=\"og:url\" content=\"https:\/\/pulso27.com\/es\/actualidad\/politica\/candidatos-de-la-derecha-peruana-van-divididos-en-las-elecciones-presidenciales-de-2026\/\" \/>\n<meta property=\"og:site_name\" content=\"Pulso27\" \/>\n<meta property=\"article:publisher\" content=\"https:\/\/www.facebook.com\/pulso27\/\" \/>\n<meta property=\"article:published_time\" content=\"2025-08-19T02:40:26+00:00\" \/>\n<meta property=\"article:modified_time\" content=\"2025-08-19T02:40:31+00:00\" \/>\n<meta property=\"og:image\" content=\"https:\/\/pulso27.com\/wp-content\/uploads\/2025\/08\/IPSOS-17.08.2025.png\" \/>\n\t<meta property=\"og:image:width\" content=\"1280\" \/>\n\t<meta property=\"og:image:height\" content=\"798\" \/>\n\t<meta property=\"og:image:type\" content=\"image\/png\" \/>\n<meta name=\"author\" content=\"Tupaq\" \/>\n<meta name=\"twitter:card\" content=\"summary_large_image\" \/>\n<meta name=\"twitter:creator\" content=\"@Pulso_27\" \/>\n<meta name=\"twitter:site\" content=\"@Pulso_27\" \/>\n<meta name=\"twitter:label1\" content=\"Written by\" \/>\n\t<meta name=\"twitter:data1\" content=\"Tupaq\" \/>\n\t<meta name=\"twitter:label2\" content=\"Est. reading time\" \/>\n\t<meta name=\"twitter:data2\" content=\"2 minutos\" \/>\n<script type=\"application\/ld+json\" class=\"yoast-schema-graph\">{\"@context\":\"https:\\\/\\\/schema.org\",\"@graph\":[{\"@type\":\"Article\",\"@id\":\"https:\\\/\\\/pulso27.com\\\/actualidad\\\/politica\\\/candidatos-de-la-derecha-peruana-van-divididos-en-las-elecciones-presidenciales-de-2026\\\/#article\",\"isPartOf\":{\"@id\":\"https:\\\/\\\/pulso27.com\\\/actualidad\\\/politica\\\/candidatos-de-la-derecha-peruana-van-divididos-en-las-elecciones-presidenciales-de-2026\\\/\"},\"author\":{\"name\":\"Tupaq\",\"@id\":\"https:\\\/\\\/pulso27.com\\\/en\\\/#\\\/schema\\\/person\\\/d20fd7f5bc7f2e53fd150d43fca07a78\"},\"headline\":\"Candidatos de la derecha peruana van divididos en las elecciones presidenciales de 2026\",\"datePublished\":\"2025-08-19T02:40:26+00:00\",\"dateModified\":\"2025-08-19T02:40:31+00:00\",\"mainEntityOfPage\":{\"@id\":\"https:\\\/\\\/pulso27.com\\\/actualidad\\\/politica\\\/candidatos-de-la-derecha-peruana-van-divididos-en-las-elecciones-presidenciales-de-2026\\\/\"},\"wordCount\":313,\"commentCount\":0,\"publisher\":{\"@id\":\"https:\\\/\\\/pulso27.com\\\/en\\\/#organization\"},\"image\":{\"@id\":\"https:\\\/\\\/pulso27.com\\\/actualidad\\\/politica\\\/candidatos-de-la-derecha-peruana-van-divididos-en-las-elecciones-presidenciales-de-2026\\\/#primaryimage\"},\"thumbnailUrl\":\"https:\\\/\\\/pulso27.com\\\/wp-content\\\/uploads\\\/2025\\\/08\\\/IPSOS-17.08.2025.png\",\"keywords\":[\"Elecciones Generales 2026\",\"Encuestadoras\",\"IPSOS\"],\"articleSection\":[\"Nacional\",\"Pol\u00edtica\"],\"inLanguage\":\"es-PE\",\"potentialAction\":[{\"@type\":\"CommentAction\",\"name\":\"Comment\",\"target\":[\"https:\\\/\\\/pulso27.com\\\/actualidad\\\/politica\\\/candidatos-de-la-derecha-peruana-van-divididos-en-las-elecciones-presidenciales-de-2026\\\/#respond\"]}]},{\"@type\":\"WebPage\",\"@id\":\"https:\\\/\\\/pulso27.com\\\/actualidad\\\/politica\\\/candidatos-de-la-derecha-peruana-van-divididos-en-las-elecciones-presidenciales-de-2026\\\/\",\"url\":\"https:\\\/\\\/pulso27.com\\\/actualidad\\\/politica\\\/candidatos-de-la-derecha-peruana-van-divididos-en-las-elecciones-presidenciales-de-2026\\\/\",\"name\":\"Candidatos de la derecha peruana van divididos en las elecciones presidenciales de 2026 - Pulso27\",\"isPartOf\":{\"@id\":\"https:\\\/\\\/pulso27.com\\\/en\\\/#website\"},\"primaryImageOfPage\":{\"@id\":\"https:\\\/\\\/pulso27.com\\\/actualidad\\\/politica\\\/candidatos-de-la-derecha-peruana-van-divididos-en-las-elecciones-presidenciales-de-2026\\\/#primaryimage\"},\"image\":{\"@id\":\"https:\\\/\\\/pulso27.com\\\/actualidad\\\/politica\\\/candidatos-de-la-derecha-peruana-van-divididos-en-las-elecciones-presidenciales-de-2026\\\/#primaryimage\"},\"thumbnailUrl\":\"https:\\\/\\\/pulso27.com\\\/wp-content\\\/uploads\\\/2025\\\/08\\\/IPSOS-17.08.2025.png\",\"datePublished\":\"2025-08-19T02:40:26+00:00\",\"dateModified\":\"2025-08-19T02:40:31+00:00\",\"breadcrumb\":{\"@id\":\"https:\\\/\\\/pulso27.com\\\/actualidad\\\/politica\\\/candidatos-de-la-derecha-peruana-van-divididos-en-las-elecciones-presidenciales-de-2026\\\/#breadcrumb\"},\"inLanguage\":\"es-PE\",\"potentialAction\":[{\"@type\":\"ReadAction\",\"target\":[\"https:\\\/\\\/pulso27.com\\\/actualidad\\\/politica\\\/candidatos-de-la-derecha-peruana-van-divididos-en-las-elecciones-presidenciales-de-2026\\\/\"]}]},{\"@type\":\"ImageObject\",\"inLanguage\":\"es-PE\",\"@id\":\"https:\\\/\\\/pulso27.com\\\/actualidad\\\/politica\\\/candidatos-de-la-derecha-peruana-van-divididos-en-las-elecciones-presidenciales-de-2026\\\/#primaryimage\",\"url\":\"https:\\\/\\\/pulso27.com\\\/wp-content\\\/uploads\\\/2025\\\/08\\\/IPSOS-17.08.2025.png\",\"contentUrl\":\"https:\\\/\\\/pulso27.com\\\/wp-content\\\/uploads\\\/2025\\\/08\\\/IPSOS-17.08.2025.png\",\"width\":1280,\"height\":798},{\"@type\":\"BreadcrumbList\",\"@id\":\"https:\\\/\\\/pulso27.com\\\/actualidad\\\/politica\\\/candidatos-de-la-derecha-peruana-van-divididos-en-las-elecciones-presidenciales-de-2026\\\/#breadcrumb\",\"itemListElement\":[{\"@type\":\"ListItem\",\"position\":1,\"name\":\"Portada\",\"item\":\"https:\\\/\\\/pulso27.com\\\/\"},{\"@type\":\"ListItem\",\"position\":2,\"name\":\"Candidatos de la derecha peruana van divididos en las elecciones presidenciales de 2026\"}]},{\"@type\":\"WebSite\",\"@id\":\"https:\\\/\\\/pulso27.com\\\/en\\\/#website\",\"url\":\"https:\\\/\\\/pulso27.com\\\/en\\\/\",\"name\":\"Pulso27\",\"description\":\"Web de noticias y publicidad\",\"publisher\":{\"@id\":\"https:\\\/\\\/pulso27.com\\\/en\\\/#organization\"},\"alternateName\":\"El pulso del pueblo\",\"potentialAction\":[{\"@type\":\"SearchAction\",\"target\":{\"@type\":\"EntryPoint\",\"urlTemplate\":\"https:\\\/\\\/pulso27.com\\\/en\\\/?s={search_term_string}\"},\"query-input\":{\"@type\":\"PropertyValueSpecification\",\"valueRequired\":true,\"valueName\":\"search_term_string\"}}],\"inLanguage\":\"es-PE\"},{\"@type\":\"Organization\",\"@id\":\"https:\\\/\\\/pulso27.com\\\/en\\\/#organization\",\"name\":\"Pulso27\",\"url\":\"https:\\\/\\\/pulso27.com\\\/en\\\/\",\"logo\":{\"@type\":\"ImageObject\",\"inLanguage\":\"es-PE\",\"@id\":\"https:\\\/\\\/pulso27.com\\\/en\\\/#\\\/schema\\\/logo\\\/image\\\/\",\"url\":\"https:\\\/\\\/pulso27.com\\\/wp-content\\\/uploads\\\/2026\\\/02\\\/Logotipo-de-la-organizacion-696-x-696-px-ok.png\",\"contentUrl\":\"https:\\\/\\\/pulso27.com\\\/wp-content\\\/uploads\\\/2026\\\/02\\\/Logotipo-de-la-organizacion-696-x-696-px-ok.png\",\"width\":696,\"height\":696,\"caption\":\"Pulso27\"},\"image\":{\"@id\":\"https:\\\/\\\/pulso27.com\\\/en\\\/#\\\/schema\\\/logo\\\/image\\\/\"},\"sameAs\":[\"https:\\\/\\\/www.facebook.com\\\/pulso27\\\/\",\"https:\\\/\\\/x.com\\\/Pulso_27\",\"https:\\\/\\\/www.youtube.com\\\/@Pulso27\",\"https:\\\/\\\/www.tiktok.com\\\/@pulso_27\"]},{\"@type\":\"Person\",\"@id\":\"https:\\\/\\\/pulso27.com\\\/en\\\/#\\\/schema\\\/person\\\/d20fd7f5bc7f2e53fd150d43fca07a78\",\"name\":\"Tupaq\",\"image\":{\"@type\":\"ImageObject\",\"inLanguage\":\"es-PE\",\"@id\":\"https:\\\/\\\/secure.gravatar.com\\\/avatar\\\/7929e9b034aeea560319a601e4f04c59eb5f45a79eafe192adabb67e9604e7e7?s=96&d=mm&r=g\",\"url\":\"https:\\\/\\\/secure.gravatar.com\\\/avatar\\\/7929e9b034aeea560319a601e4f04c59eb5f45a79eafe192adabb67e9604e7e7?s=96&d=mm&r=g\",\"contentUrl\":\"https:\\\/\\\/secure.gravatar.com\\\/avatar\\\/7929e9b034aeea560319a601e4f04c59eb5f45a79eafe192adabb67e9604e7e7?s=96&d=mm&r=g\",\"caption\":\"Tupaq\"},\"url\":\"https:\\\/\\\/pulso27.com\\\/es\\\/author\\\/tupaq\\\/\"}]}<\/script>\n<!-- \/ Yoast SEO plugin. -->","yoast_head_json":{"title":"Candidatos de la derecha peruana van divididos en las elecciones presidenciales de 2026 - Pulso27","robots":{"index":"index","follow":"follow","max-snippet":"max-snippet:-1","max-image-preview":"max-image-preview:large","max-video-preview":"max-video-preview:-1"},"canonical":"https:\/\/pulso27.com\/es\/actualidad\/politica\/candidatos-de-la-derecha-peruana-van-divididos-en-las-elecciones-presidenciales-de-2026\/","og_locale":"es_ES","og_type":"article","og_title":"Candidatos de la derecha peruana van divididos en las elecciones presidenciales de 2026 - Pulso27","og_description":"Una reciente encuesta de Ipsos para las elecciones presidenciales de Per\u00fa 2026 muestra un escenario competitivo pero fragmentado entre los candidatos de derecha. Keiko Fujimori, de Fuerza Popular, lidera con un 8-12% de intenci\u00f3n de voto, seguida por Rafael L\u00f3pez Aliaga, de Renovaci\u00f3n Popular, con un 4-10%, y Carlos \u00c1lvarez, de Pa\u00eds para Todos, con [&hellip;]","og_url":"https:\/\/pulso27.com\/es\/actualidad\/politica\/candidatos-de-la-derecha-peruana-van-divididos-en-las-elecciones-presidenciales-de-2026\/","og_site_name":"Pulso27","article_publisher":"https:\/\/www.facebook.com\/pulso27\/","article_published_time":"2025-08-19T02:40:26+00:00","article_modified_time":"2025-08-19T02:40:31+00:00","og_image":[{"width":1280,"height":798,"url":"https:\/\/pulso27.com\/wp-content\/uploads\/2025\/08\/IPSOS-17.08.2025.png","type":"image\/png"}],"author":"Tupaq","twitter_card":"summary_large_image","twitter_creator":"@Pulso_27","twitter_site":"@Pulso_27","twitter_misc":{"Written by":"Tupaq","Est. reading time":"2 minutos"},"schema":{"@context":"https:\/\/schema.org","@graph":[{"@type":"Article","@id":"https:\/\/pulso27.com\/actualidad\/politica\/candidatos-de-la-derecha-peruana-van-divididos-en-las-elecciones-presidenciales-de-2026\/#article","isPartOf":{"@id":"https:\/\/pulso27.com\/actualidad\/politica\/candidatos-de-la-derecha-peruana-van-divididos-en-las-elecciones-presidenciales-de-2026\/"},"author":{"name":"Tupaq","@id":"https:\/\/pulso27.com\/en\/#\/schema\/person\/d20fd7f5bc7f2e53fd150d43fca07a78"},"headline":"Candidatos de la derecha peruana van divididos en las elecciones presidenciales de 2026","datePublished":"2025-08-19T02:40:26+00:00","dateModified":"2025-08-19T02:40:31+00:00","mainEntityOfPage":{"@id":"https:\/\/pulso27.com\/actualidad\/politica\/candidatos-de-la-derecha-peruana-van-divididos-en-las-elecciones-presidenciales-de-2026\/"},"wordCount":313,"commentCount":0,"publisher":{"@id":"https:\/\/pulso27.com\/en\/#organization"},"image":{"@id":"https:\/\/pulso27.com\/actualidad\/politica\/candidatos-de-la-derecha-peruana-van-divididos-en-las-elecciones-presidenciales-de-2026\/#primaryimage"},"thumbnailUrl":"https:\/\/pulso27.com\/wp-content\/uploads\/2025\/08\/IPSOS-17.08.2025.png","keywords":["Elecciones Generales 2026","Encuestadoras","IPSOS"],"articleSection":["Nacional","Pol\u00edtica"],"inLanguage":"es-PE","potentialAction":[{"@type":"CommentAction","name":"Comment","target":["https:\/\/pulso27.com\/actualidad\/politica\/candidatos-de-la-derecha-peruana-van-divididos-en-las-elecciones-presidenciales-de-2026\/#respond"]}]},{"@type":"WebPage","@id":"https:\/\/pulso27.com\/actualidad\/politica\/candidatos-de-la-derecha-peruana-van-divididos-en-las-elecciones-presidenciales-de-2026\/","url":"https:\/\/pulso27.com\/actualidad\/politica\/candidatos-de-la-derecha-peruana-van-divididos-en-las-elecciones-presidenciales-de-2026\/","name":"Candidatos de la derecha peruana van divididos en las elecciones presidenciales de 2026 - Pulso27","isPartOf":{"@id":"https:\/\/pulso27.com\/en\/#website"},"primaryImageOfPage":{"@id":"https:\/\/pulso27.com\/actualidad\/politica\/candidatos-de-la-derecha-peruana-van-divididos-en-las-elecciones-presidenciales-de-2026\/#primaryimage"},"image":{"@id":"https:\/\/pulso27.com\/actualidad\/politica\/candidatos-de-la-derecha-peruana-van-divididos-en-las-elecciones-presidenciales-de-2026\/#primaryimage"},"thumbnailUrl":"https:\/\/pulso27.com\/wp-content\/uploads\/2025\/08\/IPSOS-17.08.2025.png","datePublished":"2025-08-19T02:40:26+00:00","dateModified":"2025-08-19T02:40:31+00:00","breadcrumb":{"@id":"https:\/\/pulso27.com\/actualidad\/politica\/candidatos-de-la-derecha-peruana-van-divididos-en-las-elecciones-presidenciales-de-2026\/#breadcrumb"},"inLanguage":"es-PE","potentialAction":[{"@type":"ReadAction","target":["https:\/\/pulso27.com\/actualidad\/politica\/candidatos-de-la-derecha-peruana-van-divididos-en-las-elecciones-presidenciales-de-2026\/"]}]},{"@type":"ImageObject","inLanguage":"es-PE","@id":"https:\/\/pulso27.com\/actualidad\/politica\/candidatos-de-la-derecha-peruana-van-divididos-en-las-elecciones-presidenciales-de-2026\/#primaryimage","url":"https:\/\/pulso27.com\/wp-content\/uploads\/2025\/08\/IPSOS-17.08.2025.png","contentUrl":"https:\/\/pulso27.com\/wp-content\/uploads\/2025\/08\/IPSOS-17.08.2025.png","width":1280,"height":798},{"@type":"BreadcrumbList","@id":"https:\/\/pulso27.com\/actualidad\/politica\/candidatos-de-la-derecha-peruana-van-divididos-en-las-elecciones-presidenciales-de-2026\/#breadcrumb","itemListElement":[{"@type":"ListItem","position":1,"name":"Portada","item":"https:\/\/pulso27.com\/"},{"@type":"ListItem","position":2,"name":"Candidatos de la derecha peruana van divididos en las elecciones presidenciales de 2026"}]},{"@type":"WebSite","@id":"https:\/\/pulso27.com\/en\/#website","url":"https:\/\/pulso27.com\/en\/","name":"Pulso27","description":"Web de noticias y publicidad","publisher":{"@id":"https:\/\/pulso27.com\/en\/#organization"},"alternateName":"El pulso del pueblo","potentialAction":[{"@type":"SearchAction","target":{"@type":"EntryPoint","urlTemplate":"https:\/\/pulso27.com\/en\/?s={search_term_string}"},"query-input":{"@type":"PropertyValueSpecification","valueRequired":true,"valueName":"search_term_string"}}],"inLanguage":"es-PE"},{"@type":"Organization","@id":"https:\/\/pulso27.com\/en\/#organization","name":"Pulso27","url":"https:\/\/pulso27.com\/en\/","logo":{"@type":"ImageObject","inLanguage":"es-PE","@id":"https:\/\/pulso27.com\/en\/#\/schema\/logo\/image\/","url":"https:\/\/pulso27.com\/wp-content\/uploads\/2026\/02\/Logotipo-de-la-organizacion-696-x-696-px-ok.png","contentUrl":"https:\/\/pulso27.com\/wp-content\/uploads\/2026\/02\/Logotipo-de-la-organizacion-696-x-696-px-ok.png","width":696,"height":696,"caption":"Pulso27"},"image":{"@id":"https:\/\/pulso27.com\/en\/#\/schema\/logo\/image\/"},"sameAs":["https:\/\/www.facebook.com\/pulso27\/","https:\/\/x.com\/Pulso_27","https:\/\/www.youtube.com\/@Pulso27","https:\/\/www.tiktok.com\/@pulso_27"]},{"@type":"Person","@id":"https:\/\/pulso27.com\/en\/#\/schema\/person\/d20fd7f5bc7f2e53fd150d43fca07a78","name":"Tupaq","image":{"@type":"ImageObject","inLanguage":"es-PE","@id":"https:\/\/secure.gravatar.com\/avatar\/7929e9b034aeea560319a601e4f04c59eb5f45a79eafe192adabb67e9604e7e7?s=96&d=mm&r=g","url":"https:\/\/secure.gravatar.com\/avatar\/7929e9b034aeea560319a601e4f04c59eb5f45a79eafe192adabb67e9604e7e7?s=96&d=mm&r=g","contentUrl":"https:\/\/secure.gravatar.com\/avatar\/7929e9b034aeea560319a601e4f04c59eb5f45a79eafe192adabb67e9604e7e7?s=96&d=mm&r=g","caption":"Tupaq"},"url":"https:\/\/pulso27.com\/es\/author\/tupaq\/"}]}},"amp_enabled":true,"_links":{"self":[{"href":"https:\/\/pulso27.com\/es\/wp-json\/wp\/v2\/posts\/6082","targetHints":{"allow":["GET"]}}],"collection":[{"href":"https:\/\/pulso27.com\/es\/wp-json\/wp\/v2\/posts"}],"about":[{"href":"https:\/\/pulso27.com\/es\/wp-json\/wp\/v2\/types\/post"}],"author":[{"embeddable":true,"href":"https:\/\/pulso27.com\/es\/wp-json\/wp\/v2\/users\/7"}],"replies":[{"embeddable":true,"href":"https:\/\/pulso27.com\/es\/wp-json\/wp\/v2\/comments?post=6082"}],"version-history":[{"count":1,"href":"https:\/\/pulso27.com\/es\/wp-json\/wp\/v2\/posts\/6082\/revisions"}],"predecessor-version":[{"id":6085,"href":"https:\/\/pulso27.com\/es\/wp-json\/wp\/v2\/posts\/6082\/revisions\/6085"}],"wp:featuredmedia":[{"embeddable":true,"href":"https:\/\/pulso27.com\/es\/wp-json\/wp\/v2\/media\/6084"}],"wp:attachment":[{"href":"https:\/\/pulso27.com\/es\/wp-json\/wp\/v2\/media?parent=6082"}],"wp:term":[{"taxonomy":"category","embeddable":true,"href":"https:\/\/pulso27.com\/es\/wp-json\/wp\/v2\/categories?post=6082"},{"taxonomy":"post_tag","embeddable":true,"href":"https:\/\/pulso27.com\/es\/wp-json\/wp\/v2\/tags?post=6082"}],"curies":[{"name":"wp","href":"https:\/\/api.w.org\/{rel}","templated":true}]}}