{"id":609,"date":"2023-11-09T20:29:53","date_gmt":"2023-11-09T20:29:53","guid":{"rendered":"http:\/\/pulso27.com\/?p=609"},"modified":"2024-11-02T08:53:21","modified_gmt":"2024-11-02T03:53:21","slug":"congreso-pleno-autorizo-viaje-de-boluarte-para-participar-en-la-apec-estados-unidos","status":"publish","type":"post","link":"https:\/\/pulso27.com\/es\/nacional\/congreso-pleno-autorizo-viaje-de-boluarte-para-participar-en-la-apec-estados-unidos\/","title":{"rendered":"Congreso: Pleno autoriz\u00f3 viaje de Boluarte para participar en la APEC- Estados Unidos"},"content":{"rendered":"\n<p>El Congreso de la Rep\u00fablica autoriz\u00f3 este jueves el viaje de la presidenta Dina Boluarte a Estados Unidos, del 14 al 18 de noviembre, para participar en la 30\u00b0 Reuni\u00f3n de L\u00edderes Econ\u00f3micos del Foro de Cooperaci\u00f3n Econ\u00f3mica Asia-Pac\u00edfico (APEC), evento que se realizar\u00e1 en la ciudad de San Francisco, en California.<\/p>\n\n\n\n<p>Con 62 votos a favor, 48 en contra y cinco abstenciones, el pleno aprob\u00f3 la iniciativa presentada por el Poder Ejecutivo.<\/p>\n\n\n\n<p>De acuerdo con el Gobierno, en esta cumbre los l\u00edderes de las 21 miembros del foro multilateral abordar\u00e1n los principales desaf\u00edos en la econom\u00eda global y de la regi\u00f3n Asia-Pac\u00edfico y har\u00e1n \u00e9nfasis en la imperiosa necesidad de una mayor inclusi\u00f3n, interconexi\u00f3n e innovaci\u00f3n con el objetivo de ampliar las oportunidades de las grandes mayor\u00edas nacionales.<\/p>\n\n\n\n<p>El 15 de noviembre se celebrar\u00e1 un evento de promoci\u00f3n de inversiones titulado \u00abSesi\u00f3n de promoci\u00f3n pa\u00eds y de atracci\u00f3n de inversiones en el marco de la Semana de L\u00edderes APEC 2023\u00bb, organizado por el Consejo Consultivo Empresarial del APEC (ABAC Per\u00fa), y que reunir\u00e1 a altos ejecutivos de compa\u00f1\u00edas transnacionales con la jefa del Estado.<\/p>\n\n\n\n<blockquote class=\"wp-block-quote is-layout-flow wp-block-quote-is-layout-flow\">\n<p>\u00abSu intervenci\u00f3n enfatizar\u00e1 la promoci\u00f3n de todas las oportunidades de negocios en el Per\u00fa y el marco legal que otorgamos a la inversi\u00f3n extranjera acorde a nuestra normativa\u00bb, precis\u00f3 el Ejecutivo en el proyecto que remiti\u00f3 al Legislativo.<\/p>\n<\/blockquote>\n\n\n\n<p><\/p>\n\n\n\n<p>\u00abSu intervenci\u00f3n enfatizar\u00e1 la promoci\u00f3n de todas las oportunidades de negocios en el Per\u00fa y el marco legal que otorgamos a la inversi\u00f3n extranjera acorde a nuestra normativa\u00bb, precis\u00f3 el Ejecutivo en el proyecto que remiti\u00f3 al Legislativo.<\/p>\n\n\n\n<p>Per\u00fa asumir\u00e1 presidencia pro tempore<br>Javier Gonz\u00e1lez-Olaechea, ministro de Relaciones Exteriores, anunci\u00f3 hoy ante el pleno del Parlamento que el presidente de Estados Unidos, Joe Biden, entregar\u00e1 la presidencia del Foro APEC a la mandataria Dina Boluarte.<\/p>\n\n\n\n<p>El Per\u00fa es miembro de APEC desde 1998 y lo presidir\u00e1 por tercera vez en el a\u00f1o 2024, luego de haber presidido el foro en los a\u00f1os 2008 y 2016.<\/p>\n","protected":false},"excerpt":{"rendered":"<p>Con 62 votos a favor, 46 en contra y cinco abtenciones, el Pleno aprob\u00f3 un tercer viaje de Boluarte, esta vez al estado de San Francisco a fin de que participe en el foro de la APEC<\/p>\n","protected":false},"author":7,"featured_media":610,"comment_status":"open","ping_status":"open","sticky":false,"template":"","format":"standard","meta":{"footnotes":""},"categories":[183,174],"tags":[1895,1849,857],"class_list":["post-609","post","type-post","status-publish","format-standard","has-post-thumbnail","hentry","category-actualidad","category-nacional","tag-apec2023","tag-dinaboluarte","tag-gobierno"],"yoast_head":"<!-- This site is optimized with the Yoast SEO plugin v27.4 - https:\/\/yoast.com\/product\/yoast-seo-wordpress\/ -->\n<title>Congreso: Pleno autoriz\u00f3 viaje de Boluarte para participar en la APEC- Estados Unidos - Pulso27<\/title>\n<meta name=\"robots\" content=\"index, follow, max-snippet:-1, max-image-preview:large, max-video-preview:-1\" \/>\n<link rel=\"canonical\" href=\"https:\/\/pulso27.com\/es\/nacional\/congreso-pleno-autorizo-viaje-de-boluarte-para-participar-en-la-apec-estados-unidos\/\" \/>\n<meta property=\"og:locale\" content=\"es_ES\" \/>\n<meta property=\"og:type\" content=\"article\" \/>\n<meta property=\"og:title\" content=\"Congreso: Pleno autoriz\u00f3 viaje de Boluarte para participar en la APEC- Estados Unidos - Pulso27\" \/>\n<meta property=\"og:description\" content=\"Con 62 votos a favor, 46 en contra y cinco abtenciones, el Pleno aprob\u00f3 un tercer viaje de Boluarte, esta vez al estado de San Francisco a fin de que participe en el foro de la APEC\" \/>\n<meta property=\"og:url\" content=\"https:\/\/pulso27.com\/es\/nacional\/congreso-pleno-autorizo-viaje-de-boluarte-para-participar-en-la-apec-estados-unidos\/\" \/>\n<meta property=\"og:site_name\" content=\"Pulso27\" \/>\n<meta property=\"article:publisher\" content=\"https:\/\/www.facebook.com\/pulso27\/\" \/>\n<meta property=\"article:published_time\" content=\"2023-11-09T20:29:53+00:00\" \/>\n<meta property=\"article:modified_time\" content=\"2024-11-02T03:53:21+00:00\" \/>\n<meta property=\"og:image\" content=\"https:\/\/pulso27.com\/wp-content\/uploads\/2023\/11\/boluarte-usa.jpg\" \/>\n\t<meta property=\"og:image:width\" content=\"474\" \/>\n\t<meta property=\"og:image:height\" content=\"276\" \/>\n\t<meta property=\"og:image:type\" content=\"image\/jpeg\" \/>\n<meta name=\"author\" content=\"Tupaq\" \/>\n<meta name=\"twitter:card\" content=\"summary_large_image\" \/>\n<meta name=\"twitter:creator\" content=\"@Pulso_27\" \/>\n<meta name=\"twitter:site\" content=\"@Pulso_27\" \/>\n<meta name=\"twitter:label1\" content=\"Written by\" \/>\n\t<meta name=\"twitter:data1\" content=\"Tupaq\" \/>\n\t<meta name=\"twitter:label2\" content=\"Est. reading time\" \/>\n\t<meta name=\"twitter:data2\" content=\"2 minutos\" \/>\n<script type=\"application\/ld+json\" class=\"yoast-schema-graph\">{\"@context\":\"https:\\\/\\\/schema.org\",\"@graph\":[{\"@type\":\"Article\",\"@id\":\"https:\\\/\\\/pulso27.com\\\/nacional\\\/congreso-pleno-autorizo-viaje-de-boluarte-para-participar-en-la-apec-estados-unidos\\\/#article\",\"isPartOf\":{\"@id\":\"https:\\\/\\\/pulso27.com\\\/nacional\\\/congreso-pleno-autorizo-viaje-de-boluarte-para-participar-en-la-apec-estados-unidos\\\/\"},\"author\":{\"name\":\"Tupaq\",\"@id\":\"https:\\\/\\\/pulso27.com\\\/en\\\/#\\\/schema\\\/person\\\/d20fd7f5bc7f2e53fd150d43fca07a78\"},\"headline\":\"Congreso: Pleno autoriz\u00f3 viaje de Boluarte para participar en la APEC- Estados Unidos\",\"datePublished\":\"2023-11-09T20:29:53+00:00\",\"dateModified\":\"2024-11-02T03:53:21+00:00\",\"mainEntityOfPage\":{\"@id\":\"https:\\\/\\\/pulso27.com\\\/nacional\\\/congreso-pleno-autorizo-viaje-de-boluarte-para-participar-en-la-apec-estados-unidos\\\/\"},\"wordCount\":362,\"commentCount\":0,\"publisher\":{\"@id\":\"https:\\\/\\\/pulso27.com\\\/en\\\/#organization\"},\"image\":{\"@id\":\"https:\\\/\\\/pulso27.com\\\/nacional\\\/congreso-pleno-autorizo-viaje-de-boluarte-para-participar-en-la-apec-estados-unidos\\\/#primaryimage\"},\"thumbnailUrl\":\"https:\\\/\\\/pulso27.com\\\/wp-content\\\/uploads\\\/2023\\\/11\\\/boluarte-usa.jpg\",\"keywords\":[\"APEC2023\",\"DinaBoluarte\",\"Gobierno\"],\"articleSection\":[\"Actualidad\",\"Nacional\"],\"inLanguage\":\"es-PE\",\"potentialAction\":[{\"@type\":\"CommentAction\",\"name\":\"Comment\",\"target\":[\"https:\\\/\\\/pulso27.com\\\/nacional\\\/congreso-pleno-autorizo-viaje-de-boluarte-para-participar-en-la-apec-estados-unidos\\\/#respond\"]}]},{\"@type\":\"WebPage\",\"@id\":\"https:\\\/\\\/pulso27.com\\\/nacional\\\/congreso-pleno-autorizo-viaje-de-boluarte-para-participar-en-la-apec-estados-unidos\\\/\",\"url\":\"https:\\\/\\\/pulso27.com\\\/nacional\\\/congreso-pleno-autorizo-viaje-de-boluarte-para-participar-en-la-apec-estados-unidos\\\/\",\"name\":\"Congreso: Pleno autoriz\u00f3 viaje de Boluarte para participar en la APEC- Estados Unidos - Pulso27\",\"isPartOf\":{\"@id\":\"https:\\\/\\\/pulso27.com\\\/en\\\/#website\"},\"primaryImageOfPage\":{\"@id\":\"https:\\\/\\\/pulso27.com\\\/nacional\\\/congreso-pleno-autorizo-viaje-de-boluarte-para-participar-en-la-apec-estados-unidos\\\/#primaryimage\"},\"image\":{\"@id\":\"https:\\\/\\\/pulso27.com\\\/nacional\\\/congreso-pleno-autorizo-viaje-de-boluarte-para-participar-en-la-apec-estados-unidos\\\/#primaryimage\"},\"thumbnailUrl\":\"https:\\\/\\\/pulso27.com\\\/wp-content\\\/uploads\\\/2023\\\/11\\\/boluarte-usa.jpg\",\"datePublished\":\"2023-11-09T20:29:53+00:00\",\"dateModified\":\"2024-11-02T03:53:21+00:00\",\"breadcrumb\":{\"@id\":\"https:\\\/\\\/pulso27.com\\\/nacional\\\/congreso-pleno-autorizo-viaje-de-boluarte-para-participar-en-la-apec-estados-unidos\\\/#breadcrumb\"},\"inLanguage\":\"es-PE\",\"potentialAction\":[{\"@type\":\"ReadAction\",\"target\":[\"https:\\\/\\\/pulso27.com\\\/nacional\\\/congreso-pleno-autorizo-viaje-de-boluarte-para-participar-en-la-apec-estados-unidos\\\/\"]}]},{\"@type\":\"ImageObject\",\"inLanguage\":\"es-PE\",\"@id\":\"https:\\\/\\\/pulso27.com\\\/nacional\\\/congreso-pleno-autorizo-viaje-de-boluarte-para-participar-en-la-apec-estados-unidos\\\/#primaryimage\",\"url\":\"https:\\\/\\\/pulso27.com\\\/wp-content\\\/uploads\\\/2023\\\/11\\\/boluarte-usa.jpg\",\"contentUrl\":\"https:\\\/\\\/pulso27.com\\\/wp-content\\\/uploads\\\/2023\\\/11\\\/boluarte-usa.jpg\",\"width\":474,\"height\":276},{\"@type\":\"BreadcrumbList\",\"@id\":\"https:\\\/\\\/pulso27.com\\\/nacional\\\/congreso-pleno-autorizo-viaje-de-boluarte-para-participar-en-la-apec-estados-unidos\\\/#breadcrumb\",\"itemListElement\":[{\"@type\":\"ListItem\",\"position\":1,\"name\":\"Portada\",\"item\":\"https:\\\/\\\/pulso27.com\\\/\"},{\"@type\":\"ListItem\",\"position\":2,\"name\":\"Congreso: Pleno autoriz\u00f3 viaje de Boluarte para participar en la APEC- Estados Unidos\"}]},{\"@type\":\"WebSite\",\"@id\":\"https:\\\/\\\/pulso27.com\\\/en\\\/#website\",\"url\":\"https:\\\/\\\/pulso27.com\\\/en\\\/\",\"name\":\"Pulso27\",\"description\":\"Web de noticias y publicidad\",\"publisher\":{\"@id\":\"https:\\\/\\\/pulso27.com\\\/en\\\/#organization\"},\"alternateName\":\"El pulso del pueblo\",\"potentialAction\":[{\"@type\":\"SearchAction\",\"target\":{\"@type\":\"EntryPoint\",\"urlTemplate\":\"https:\\\/\\\/pulso27.com\\\/en\\\/?s={search_term_string}\"},\"query-input\":{\"@type\":\"PropertyValueSpecification\",\"valueRequired\":true,\"valueName\":\"search_term_string\"}}],\"inLanguage\":\"es-PE\"},{\"@type\":\"Organization\",\"@id\":\"https:\\\/\\\/pulso27.com\\\/en\\\/#organization\",\"name\":\"Pulso27\",\"url\":\"https:\\\/\\\/pulso27.com\\\/en\\\/\",\"logo\":{\"@type\":\"ImageObject\",\"inLanguage\":\"es-PE\",\"@id\":\"https:\\\/\\\/pulso27.com\\\/en\\\/#\\\/schema\\\/logo\\\/image\\\/\",\"url\":\"https:\\\/\\\/pulso27.com\\\/wp-content\\\/uploads\\\/2026\\\/02\\\/Logotipo-de-la-organizacion-696-x-696-px-ok.png\",\"contentUrl\":\"https:\\\/\\\/pulso27.com\\\/wp-content\\\/uploads\\\/2026\\\/02\\\/Logotipo-de-la-organizacion-696-x-696-px-ok.png\",\"width\":696,\"height\":696,\"caption\":\"Pulso27\"},\"image\":{\"@id\":\"https:\\\/\\\/pulso27.com\\\/en\\\/#\\\/schema\\\/logo\\\/image\\\/\"},\"sameAs\":[\"https:\\\/\\\/www.facebook.com\\\/pulso27\\\/\",\"https:\\\/\\\/x.com\\\/Pulso_27\",\"https:\\\/\\\/www.youtube.com\\\/@Pulso27\",\"https:\\\/\\\/www.tiktok.com\\\/@pulso_27\"]},{\"@type\":\"Person\",\"@id\":\"https:\\\/\\\/pulso27.com\\\/en\\\/#\\\/schema\\\/person\\\/d20fd7f5bc7f2e53fd150d43fca07a78\",\"name\":\"Tupaq\",\"image\":{\"@type\":\"ImageObject\",\"inLanguage\":\"es-PE\",\"@id\":\"https:\\\/\\\/secure.gravatar.com\\\/avatar\\\/7929e9b034aeea560319a601e4f04c59eb5f45a79eafe192adabb67e9604e7e7?s=96&d=mm&r=g\",\"url\":\"https:\\\/\\\/secure.gravatar.com\\\/avatar\\\/7929e9b034aeea560319a601e4f04c59eb5f45a79eafe192adabb67e9604e7e7?s=96&d=mm&r=g\",\"contentUrl\":\"https:\\\/\\\/secure.gravatar.com\\\/avatar\\\/7929e9b034aeea560319a601e4f04c59eb5f45a79eafe192adabb67e9604e7e7?s=96&d=mm&r=g\",\"caption\":\"Tupaq\"},\"url\":\"https:\\\/\\\/pulso27.com\\\/es\\\/author\\\/tupaq\\\/\"}]}<\/script>\n<!-- \/ Yoast SEO plugin. -->","yoast_head_json":{"title":"Congreso: Pleno autoriz\u00f3 viaje de Boluarte para participar en la APEC- Estados Unidos - Pulso27","robots":{"index":"index","follow":"follow","max-snippet":"max-snippet:-1","max-image-preview":"max-image-preview:large","max-video-preview":"max-video-preview:-1"},"canonical":"https:\/\/pulso27.com\/es\/nacional\/congreso-pleno-autorizo-viaje-de-boluarte-para-participar-en-la-apec-estados-unidos\/","og_locale":"es_ES","og_type":"article","og_title":"Congreso: Pleno autoriz\u00f3 viaje de Boluarte para participar en la APEC- Estados Unidos - Pulso27","og_description":"Con 62 votos a favor, 46 en contra y cinco abtenciones, el Pleno aprob\u00f3 un tercer viaje de Boluarte, esta vez al estado de San Francisco a fin de que participe en el foro de la APEC","og_url":"https:\/\/pulso27.com\/es\/nacional\/congreso-pleno-autorizo-viaje-de-boluarte-para-participar-en-la-apec-estados-unidos\/","og_site_name":"Pulso27","article_publisher":"https:\/\/www.facebook.com\/pulso27\/","article_published_time":"2023-11-09T20:29:53+00:00","article_modified_time":"2024-11-02T03:53:21+00:00","og_image":[{"width":474,"height":276,"url":"https:\/\/pulso27.com\/wp-content\/uploads\/2023\/11\/boluarte-usa.jpg","type":"image\/jpeg"}],"author":"Tupaq","twitter_card":"summary_large_image","twitter_creator":"@Pulso_27","twitter_site":"@Pulso_27","twitter_misc":{"Written by":"Tupaq","Est. reading time":"2 minutos"},"schema":{"@context":"https:\/\/schema.org","@graph":[{"@type":"Article","@id":"https:\/\/pulso27.com\/nacional\/congreso-pleno-autorizo-viaje-de-boluarte-para-participar-en-la-apec-estados-unidos\/#article","isPartOf":{"@id":"https:\/\/pulso27.com\/nacional\/congreso-pleno-autorizo-viaje-de-boluarte-para-participar-en-la-apec-estados-unidos\/"},"author":{"name":"Tupaq","@id":"https:\/\/pulso27.com\/en\/#\/schema\/person\/d20fd7f5bc7f2e53fd150d43fca07a78"},"headline":"Congreso: Pleno autoriz\u00f3 viaje de Boluarte para participar en la APEC- Estados Unidos","datePublished":"2023-11-09T20:29:53+00:00","dateModified":"2024-11-02T03:53:21+00:00","mainEntityOfPage":{"@id":"https:\/\/pulso27.com\/nacional\/congreso-pleno-autorizo-viaje-de-boluarte-para-participar-en-la-apec-estados-unidos\/"},"wordCount":362,"commentCount":0,"publisher":{"@id":"https:\/\/pulso27.com\/en\/#organization"},"image":{"@id":"https:\/\/pulso27.com\/nacional\/congreso-pleno-autorizo-viaje-de-boluarte-para-participar-en-la-apec-estados-unidos\/#primaryimage"},"thumbnailUrl":"https:\/\/pulso27.com\/wp-content\/uploads\/2023\/11\/boluarte-usa.jpg","keywords":["APEC2023","DinaBoluarte","Gobierno"],"articleSection":["Actualidad","Nacional"],"inLanguage":"es-PE","potentialAction":[{"@type":"CommentAction","name":"Comment","target":["https:\/\/pulso27.com\/nacional\/congreso-pleno-autorizo-viaje-de-boluarte-para-participar-en-la-apec-estados-unidos\/#respond"]}]},{"@type":"WebPage","@id":"https:\/\/pulso27.com\/nacional\/congreso-pleno-autorizo-viaje-de-boluarte-para-participar-en-la-apec-estados-unidos\/","url":"https:\/\/pulso27.com\/nacional\/congreso-pleno-autorizo-viaje-de-boluarte-para-participar-en-la-apec-estados-unidos\/","name":"Congreso: Pleno autoriz\u00f3 viaje de Boluarte para participar en la APEC- Estados Unidos - Pulso27","isPartOf":{"@id":"https:\/\/pulso27.com\/en\/#website"},"primaryImageOfPage":{"@id":"https:\/\/pulso27.com\/nacional\/congreso-pleno-autorizo-viaje-de-boluarte-para-participar-en-la-apec-estados-unidos\/#primaryimage"},"image":{"@id":"https:\/\/pulso27.com\/nacional\/congreso-pleno-autorizo-viaje-de-boluarte-para-participar-en-la-apec-estados-unidos\/#primaryimage"},"thumbnailUrl":"https:\/\/pulso27.com\/wp-content\/uploads\/2023\/11\/boluarte-usa.jpg","datePublished":"2023-11-09T20:29:53+00:00","dateModified":"2024-11-02T03:53:21+00:00","breadcrumb":{"@id":"https:\/\/pulso27.com\/nacional\/congreso-pleno-autorizo-viaje-de-boluarte-para-participar-en-la-apec-estados-unidos\/#breadcrumb"},"inLanguage":"es-PE","potentialAction":[{"@type":"ReadAction","target":["https:\/\/pulso27.com\/nacional\/congreso-pleno-autorizo-viaje-de-boluarte-para-participar-en-la-apec-estados-unidos\/"]}]},{"@type":"ImageObject","inLanguage":"es-PE","@id":"https:\/\/pulso27.com\/nacional\/congreso-pleno-autorizo-viaje-de-boluarte-para-participar-en-la-apec-estados-unidos\/#primaryimage","url":"https:\/\/pulso27.com\/wp-content\/uploads\/2023\/11\/boluarte-usa.jpg","contentUrl":"https:\/\/pulso27.com\/wp-content\/uploads\/2023\/11\/boluarte-usa.jpg","width":474,"height":276},{"@type":"BreadcrumbList","@id":"https:\/\/pulso27.com\/nacional\/congreso-pleno-autorizo-viaje-de-boluarte-para-participar-en-la-apec-estados-unidos\/#breadcrumb","itemListElement":[{"@type":"ListItem","position":1,"name":"Portada","item":"https:\/\/pulso27.com\/"},{"@type":"ListItem","position":2,"name":"Congreso: Pleno autoriz\u00f3 viaje de Boluarte para participar en la APEC- Estados Unidos"}]},{"@type":"WebSite","@id":"https:\/\/pulso27.com\/en\/#website","url":"https:\/\/pulso27.com\/en\/","name":"Pulso27","description":"Web de noticias y publicidad","publisher":{"@id":"https:\/\/pulso27.com\/en\/#organization"},"alternateName":"El pulso del pueblo","potentialAction":[{"@type":"SearchAction","target":{"@type":"EntryPoint","urlTemplate":"https:\/\/pulso27.com\/en\/?s={search_term_string}"},"query-input":{"@type":"PropertyValueSpecification","valueRequired":true,"valueName":"search_term_string"}}],"inLanguage":"es-PE"},{"@type":"Organization","@id":"https:\/\/pulso27.com\/en\/#organization","name":"Pulso27","url":"https:\/\/pulso27.com\/en\/","logo":{"@type":"ImageObject","inLanguage":"es-PE","@id":"https:\/\/pulso27.com\/en\/#\/schema\/logo\/image\/","url":"https:\/\/pulso27.com\/wp-content\/uploads\/2026\/02\/Logotipo-de-la-organizacion-696-x-696-px-ok.png","contentUrl":"https:\/\/pulso27.com\/wp-content\/uploads\/2026\/02\/Logotipo-de-la-organizacion-696-x-696-px-ok.png","width":696,"height":696,"caption":"Pulso27"},"image":{"@id":"https:\/\/pulso27.com\/en\/#\/schema\/logo\/image\/"},"sameAs":["https:\/\/www.facebook.com\/pulso27\/","https:\/\/x.com\/Pulso_27","https:\/\/www.youtube.com\/@Pulso27","https:\/\/www.tiktok.com\/@pulso_27"]},{"@type":"Person","@id":"https:\/\/pulso27.com\/en\/#\/schema\/person\/d20fd7f5bc7f2e53fd150d43fca07a78","name":"Tupaq","image":{"@type":"ImageObject","inLanguage":"es-PE","@id":"https:\/\/secure.gravatar.com\/avatar\/7929e9b034aeea560319a601e4f04c59eb5f45a79eafe192adabb67e9604e7e7?s=96&d=mm&r=g","url":"https:\/\/secure.gravatar.com\/avatar\/7929e9b034aeea560319a601e4f04c59eb5f45a79eafe192adabb67e9604e7e7?s=96&d=mm&r=g","contentUrl":"https:\/\/secure.gravatar.com\/avatar\/7929e9b034aeea560319a601e4f04c59eb5f45a79eafe192adabb67e9604e7e7?s=96&d=mm&r=g","caption":"Tupaq"},"url":"https:\/\/pulso27.com\/es\/author\/tupaq\/"}]}},"amp_enabled":true,"_links":{"self":[{"href":"https:\/\/pulso27.com\/es\/wp-json\/wp\/v2\/posts\/609","targetHints":{"allow":["GET"]}}],"collection":[{"href":"https:\/\/pulso27.com\/es\/wp-json\/wp\/v2\/posts"}],"about":[{"href":"https:\/\/pulso27.com\/es\/wp-json\/wp\/v2\/types\/post"}],"author":[{"embeddable":true,"href":"https:\/\/pulso27.com\/es\/wp-json\/wp\/v2\/users\/7"}],"replies":[{"embeddable":true,"href":"https:\/\/pulso27.com\/es\/wp-json\/wp\/v2\/comments?post=609"}],"version-history":[{"count":1,"href":"https:\/\/pulso27.com\/es\/wp-json\/wp\/v2\/posts\/609\/revisions"}],"predecessor-version":[{"id":611,"href":"https:\/\/pulso27.com\/es\/wp-json\/wp\/v2\/posts\/609\/revisions\/611"}],"wp:featuredmedia":[{"embeddable":true,"href":"https:\/\/pulso27.com\/es\/wp-json\/wp\/v2\/media\/610"}],"wp:attachment":[{"href":"https:\/\/pulso27.com\/es\/wp-json\/wp\/v2\/media?parent=609"}],"wp:term":[{"taxonomy":"category","embeddable":true,"href":"https:\/\/pulso27.com\/es\/wp-json\/wp\/v2\/categories?post=609"},{"taxonomy":"post_tag","embeddable":true,"href":"https:\/\/pulso27.com\/es\/wp-json\/wp\/v2\/tags?post=609"}],"curies":[{"name":"wp","href":"https:\/\/api.w.org\/{rel}","templated":true}]}}