{"id":6098,"date":"2025-08-23T07:50:35","date_gmt":"2025-08-23T02:50:35","guid":{"rendered":"https:\/\/pulso27.com\/?p=6098"},"modified":"2025-08-23T07:50:41","modified_gmt":"2025-08-23T02:50:41","slug":"vecinos-de-miraflores-rechazan-con-cacerolazos-a-rafael-lopez-aliaga-en-inauguracion-del-puente-de-la-paz","status":"publish","type":"post","link":"https:\/\/pulso27.com\/es\/actualidad\/economia\/vecinos-de-miraflores-rechazan-con-cacerolazos-a-rafael-lopez-aliaga-en-inauguracion-del-puente-de-la-paz\/","title":{"rendered":"Vecinos de Miraflores rechazan con cacerolazos a Rafael L\u00f3pez Aliaga en inauguraci\u00f3n del Puente de la Paz"},"content":{"rendered":"\n<p>El pasado 20 de agosto, la inauguraci\u00f3n del Puente de la Paz, que conecta los distritos de Miraflores y Barranco, se vio empa\u00f1ada por una en\u00e9rgica protesta de vecinos miraflorinos contra el alcalde de Lima, Rafael L\u00f3pez Aliaga, y el burgomaestre local, Carlos Canales. Con cacerolazos y gritos de \u201c\u00a1ladrones!\u201d, \u201c\u00a1miserables!\u201d y \u201c\u00a1fuera!\u201d, los manifestantes expresaron su rechazo a la obra, denunciando que la iluminaci\u00f3n LED del puente genera contaminaci\u00f3n visual y perturba el descanso de los residentes cercanos. Adem\u00e1s, acusaron a las autoridades de excluir a la comunidad del proceso de planificaci\u00f3n y de ejecutar un proyecto que, seg\u00fan ellos, ha incrementado el caos vehicular en la zona.<\/p>\n\n\n\n<p>Los vecinos, portando pancartas que calificaban el puente como un \u201cgigante fluorescente\u201d, se\u00f1alaron que no fueron consultados sobre la obra y que se les impidi\u00f3 el acceso a la ceremonia de inauguraci\u00f3n. Las cr\u00edticas tambi\u00e9n apuntaron a la calidad de la construcci\u00f3n, considerada deficiente por los manifestantes, quienes exigieron soluciones inmediatas. La protesta reflej\u00f3 un malestar generalizado con la gesti\u00f3n de L\u00f3pez Aliaga, a quien responsabilizan de priorizar proyectos vistosos sobre las necesidades reales de la ciudadan\u00eda.<\/p>\n\n\n\n<p>Por su parte, el alcalde de Miraflores, Carlos Canales, defendi\u00f3 el proyecto citando un informe t\u00e9cnico que justifica la iluminaci\u00f3n, aunque anunci\u00f3 que se eval\u00faa la implementaci\u00f3n de \u201cluces inteligentes\u201d para reducir el impacto nocturno. Canales destac\u00f3 que el puente forma parte de un corredor tur\u00edstico de 24 horas, pero sus palabras no lograron calmar a los vecinos, quienes prometen continuar con las protestas hasta que sus demandas sean atendidas. Este incidente pone en evidencia las tensiones entre las autoridades y los residentes en torno a la gesti\u00f3n urbana en Lima.<\/p>\n","protected":false},"excerpt":{"rendered":"<p>El pasado 20 de agosto, la inauguraci\u00f3n del Puente de la Paz, que conecta los distritos de Miraflores y Barranco, se vio empa\u00f1ada por una en\u00e9rgica protesta de vecinos miraflorinos contra el alcalde de Lima, Rafael L\u00f3pez Aliaga, y el burgomaestre local, Carlos Canales. Con cacerolazos y gritos de \u201c\u00a1ladrones!\u201d, \u201c\u00a1miserables!\u201d y \u201c\u00a1fuera!\u201d, los manifestantes [&hellip;]<\/p>\n","protected":false},"author":7,"featured_media":6099,"comment_status":"open","ping_status":"open","sticky":false,"template":"","format":"standard","meta":{"footnotes":""},"categories":[177,174],"tags":[849,589,2064,788],"class_list":["post-6098","post","type-post","status-publish","format-standard","has-post-thumbnail","hentry","category-economia","category-nacional","tag-lima","tag-miraflores","tag-porky","tag-rafael-lopez-aliaga"],"yoast_head":"<!-- This site is optimized with the Yoast SEO plugin v27.4 - https:\/\/yoast.com\/product\/yoast-seo-wordpress\/ -->\n<title>Vecinos de Miraflores rechazan con cacerolazos a Rafael L\u00f3pez Aliaga en inauguraci\u00f3n del Puente de la Paz - Pulso27<\/title>\n<meta name=\"robots\" content=\"index, follow, max-snippet:-1, max-image-preview:large, max-video-preview:-1\" \/>\n<link rel=\"canonical\" href=\"https:\/\/pulso27.com\/es\/actualidad\/economia\/vecinos-de-miraflores-rechazan-con-cacerolazos-a-rafael-lopez-aliaga-en-inauguracion-del-puente-de-la-paz\/\" \/>\n<meta property=\"og:locale\" content=\"es_ES\" \/>\n<meta property=\"og:type\" content=\"article\" \/>\n<meta property=\"og:title\" content=\"Vecinos de Miraflores rechazan con cacerolazos a Rafael L\u00f3pez Aliaga en inauguraci\u00f3n del Puente de la Paz - Pulso27\" \/>\n<meta property=\"og:description\" content=\"El pasado 20 de agosto, la inauguraci\u00f3n del Puente de la Paz, que conecta los distritos de Miraflores y Barranco, se vio empa\u00f1ada por una en\u00e9rgica protesta de vecinos miraflorinos contra el alcalde de Lima, Rafael L\u00f3pez Aliaga, y el burgomaestre local, Carlos Canales. Con cacerolazos y gritos de \u201c\u00a1ladrones!\u201d, \u201c\u00a1miserables!\u201d y \u201c\u00a1fuera!\u201d, los manifestantes [&hellip;]\" \/>\n<meta property=\"og:url\" content=\"https:\/\/pulso27.com\/es\/actualidad\/economia\/vecinos-de-miraflores-rechazan-con-cacerolazos-a-rafael-lopez-aliaga-en-inauguracion-del-puente-de-la-paz\/\" \/>\n<meta property=\"og:site_name\" content=\"Pulso27\" \/>\n<meta property=\"article:publisher\" content=\"https:\/\/www.facebook.com\/pulso27\/\" \/>\n<meta property=\"article:published_time\" content=\"2025-08-23T02:50:35+00:00\" \/>\n<meta property=\"article:modified_time\" content=\"2025-08-23T02:50:41+00:00\" \/>\n<meta property=\"og:image\" content=\"https:\/\/pulso27.com\/wp-content\/uploads\/2025\/08\/Rafael.png\" \/>\n\t<meta property=\"og:image:width\" content=\"1280\" \/>\n\t<meta property=\"og:image:height\" content=\"800\" \/>\n\t<meta property=\"og:image:type\" content=\"image\/png\" \/>\n<meta name=\"author\" content=\"Tupaq\" \/>\n<meta name=\"twitter:card\" content=\"summary_large_image\" \/>\n<meta name=\"twitter:creator\" content=\"@Pulso_27\" \/>\n<meta name=\"twitter:site\" content=\"@Pulso_27\" \/>\n<meta name=\"twitter:label1\" content=\"Written by\" \/>\n\t<meta name=\"twitter:data1\" content=\"Tupaq\" \/>\n\t<meta name=\"twitter:label2\" content=\"Est. reading time\" \/>\n\t<meta name=\"twitter:data2\" content=\"2 minutos\" \/>\n<script type=\"application\/ld+json\" class=\"yoast-schema-graph\">{\"@context\":\"https:\\\/\\\/schema.org\",\"@graph\":[{\"@type\":\"Article\",\"@id\":\"https:\\\/\\\/pulso27.com\\\/actualidad\\\/economia\\\/vecinos-de-miraflores-rechazan-con-cacerolazos-a-rafael-lopez-aliaga-en-inauguracion-del-puente-de-la-paz\\\/#article\",\"isPartOf\":{\"@id\":\"https:\\\/\\\/pulso27.com\\\/actualidad\\\/economia\\\/vecinos-de-miraflores-rechazan-con-cacerolazos-a-rafael-lopez-aliaga-en-inauguracion-del-puente-de-la-paz\\\/\"},\"author\":{\"name\":\"Tupaq\",\"@id\":\"https:\\\/\\\/pulso27.com\\\/en\\\/#\\\/schema\\\/person\\\/d20fd7f5bc7f2e53fd150d43fca07a78\"},\"headline\":\"Vecinos de Miraflores rechazan con cacerolazos a Rafael L\u00f3pez Aliaga en inauguraci\u00f3n del Puente de la Paz\",\"datePublished\":\"2025-08-23T02:50:35+00:00\",\"dateModified\":\"2025-08-23T02:50:41+00:00\",\"mainEntityOfPage\":{\"@id\":\"https:\\\/\\\/pulso27.com\\\/actualidad\\\/economia\\\/vecinos-de-miraflores-rechazan-con-cacerolazos-a-rafael-lopez-aliaga-en-inauguracion-del-puente-de-la-paz\\\/\"},\"wordCount\":317,\"commentCount\":0,\"publisher\":{\"@id\":\"https:\\\/\\\/pulso27.com\\\/en\\\/#organization\"},\"image\":{\"@id\":\"https:\\\/\\\/pulso27.com\\\/actualidad\\\/economia\\\/vecinos-de-miraflores-rechazan-con-cacerolazos-a-rafael-lopez-aliaga-en-inauguracion-del-puente-de-la-paz\\\/#primaryimage\"},\"thumbnailUrl\":\"https:\\\/\\\/pulso27.com\\\/wp-content\\\/uploads\\\/2025\\\/08\\\/Rafael.png\",\"keywords\":[\"Lima\",\"Miraflores\",\"Porky\",\"Rafael L\u00f3pez Aliaga\"],\"articleSection\":[\"Econom\u00eda\",\"Nacional\"],\"inLanguage\":\"es-PE\",\"potentialAction\":[{\"@type\":\"CommentAction\",\"name\":\"Comment\",\"target\":[\"https:\\\/\\\/pulso27.com\\\/actualidad\\\/economia\\\/vecinos-de-miraflores-rechazan-con-cacerolazos-a-rafael-lopez-aliaga-en-inauguracion-del-puente-de-la-paz\\\/#respond\"]}]},{\"@type\":\"WebPage\",\"@id\":\"https:\\\/\\\/pulso27.com\\\/actualidad\\\/economia\\\/vecinos-de-miraflores-rechazan-con-cacerolazos-a-rafael-lopez-aliaga-en-inauguracion-del-puente-de-la-paz\\\/\",\"url\":\"https:\\\/\\\/pulso27.com\\\/actualidad\\\/economia\\\/vecinos-de-miraflores-rechazan-con-cacerolazos-a-rafael-lopez-aliaga-en-inauguracion-del-puente-de-la-paz\\\/\",\"name\":\"Vecinos de Miraflores rechazan con cacerolazos a Rafael L\u00f3pez Aliaga en inauguraci\u00f3n del Puente de la Paz - Pulso27\",\"isPartOf\":{\"@id\":\"https:\\\/\\\/pulso27.com\\\/en\\\/#website\"},\"primaryImageOfPage\":{\"@id\":\"https:\\\/\\\/pulso27.com\\\/actualidad\\\/economia\\\/vecinos-de-miraflores-rechazan-con-cacerolazos-a-rafael-lopez-aliaga-en-inauguracion-del-puente-de-la-paz\\\/#primaryimage\"},\"image\":{\"@id\":\"https:\\\/\\\/pulso27.com\\\/actualidad\\\/economia\\\/vecinos-de-miraflores-rechazan-con-cacerolazos-a-rafael-lopez-aliaga-en-inauguracion-del-puente-de-la-paz\\\/#primaryimage\"},\"thumbnailUrl\":\"https:\\\/\\\/pulso27.com\\\/wp-content\\\/uploads\\\/2025\\\/08\\\/Rafael.png\",\"datePublished\":\"2025-08-23T02:50:35+00:00\",\"dateModified\":\"2025-08-23T02:50:41+00:00\",\"breadcrumb\":{\"@id\":\"https:\\\/\\\/pulso27.com\\\/actualidad\\\/economia\\\/vecinos-de-miraflores-rechazan-con-cacerolazos-a-rafael-lopez-aliaga-en-inauguracion-del-puente-de-la-paz\\\/#breadcrumb\"},\"inLanguage\":\"es-PE\",\"potentialAction\":[{\"@type\":\"ReadAction\",\"target\":[\"https:\\\/\\\/pulso27.com\\\/actualidad\\\/economia\\\/vecinos-de-miraflores-rechazan-con-cacerolazos-a-rafael-lopez-aliaga-en-inauguracion-del-puente-de-la-paz\\\/\"]}]},{\"@type\":\"ImageObject\",\"inLanguage\":\"es-PE\",\"@id\":\"https:\\\/\\\/pulso27.com\\\/actualidad\\\/economia\\\/vecinos-de-miraflores-rechazan-con-cacerolazos-a-rafael-lopez-aliaga-en-inauguracion-del-puente-de-la-paz\\\/#primaryimage\",\"url\":\"https:\\\/\\\/pulso27.com\\\/wp-content\\\/uploads\\\/2025\\\/08\\\/Rafael.png\",\"contentUrl\":\"https:\\\/\\\/pulso27.com\\\/wp-content\\\/uploads\\\/2025\\\/08\\\/Rafael.png\",\"width\":1280,\"height\":800},{\"@type\":\"BreadcrumbList\",\"@id\":\"https:\\\/\\\/pulso27.com\\\/actualidad\\\/economia\\\/vecinos-de-miraflores-rechazan-con-cacerolazos-a-rafael-lopez-aliaga-en-inauguracion-del-puente-de-la-paz\\\/#breadcrumb\",\"itemListElement\":[{\"@type\":\"ListItem\",\"position\":1,\"name\":\"Portada\",\"item\":\"https:\\\/\\\/pulso27.com\\\/\"},{\"@type\":\"ListItem\",\"position\":2,\"name\":\"Vecinos de Miraflores rechazan con cacerolazos a Rafael L\u00f3pez Aliaga en inauguraci\u00f3n del Puente de la Paz\"}]},{\"@type\":\"WebSite\",\"@id\":\"https:\\\/\\\/pulso27.com\\\/en\\\/#website\",\"url\":\"https:\\\/\\\/pulso27.com\\\/en\\\/\",\"name\":\"Pulso27\",\"description\":\"Web de noticias y publicidad\",\"publisher\":{\"@id\":\"https:\\\/\\\/pulso27.com\\\/en\\\/#organization\"},\"alternateName\":\"El pulso del pueblo\",\"potentialAction\":[{\"@type\":\"SearchAction\",\"target\":{\"@type\":\"EntryPoint\",\"urlTemplate\":\"https:\\\/\\\/pulso27.com\\\/en\\\/?s={search_term_string}\"},\"query-input\":{\"@type\":\"PropertyValueSpecification\",\"valueRequired\":true,\"valueName\":\"search_term_string\"}}],\"inLanguage\":\"es-PE\"},{\"@type\":\"Organization\",\"@id\":\"https:\\\/\\\/pulso27.com\\\/en\\\/#organization\",\"name\":\"Pulso27\",\"url\":\"https:\\\/\\\/pulso27.com\\\/en\\\/\",\"logo\":{\"@type\":\"ImageObject\",\"inLanguage\":\"es-PE\",\"@id\":\"https:\\\/\\\/pulso27.com\\\/en\\\/#\\\/schema\\\/logo\\\/image\\\/\",\"url\":\"https:\\\/\\\/pulso27.com\\\/wp-content\\\/uploads\\\/2026\\\/02\\\/Logotipo-de-la-organizacion-696-x-696-px-ok.png\",\"contentUrl\":\"https:\\\/\\\/pulso27.com\\\/wp-content\\\/uploads\\\/2026\\\/02\\\/Logotipo-de-la-organizacion-696-x-696-px-ok.png\",\"width\":696,\"height\":696,\"caption\":\"Pulso27\"},\"image\":{\"@id\":\"https:\\\/\\\/pulso27.com\\\/en\\\/#\\\/schema\\\/logo\\\/image\\\/\"},\"sameAs\":[\"https:\\\/\\\/www.facebook.com\\\/pulso27\\\/\",\"https:\\\/\\\/x.com\\\/Pulso_27\",\"https:\\\/\\\/www.youtube.com\\\/@Pulso27\",\"https:\\\/\\\/www.tiktok.com\\\/@pulso_27\"]},{\"@type\":\"Person\",\"@id\":\"https:\\\/\\\/pulso27.com\\\/en\\\/#\\\/schema\\\/person\\\/d20fd7f5bc7f2e53fd150d43fca07a78\",\"name\":\"Tupaq\",\"image\":{\"@type\":\"ImageObject\",\"inLanguage\":\"es-PE\",\"@id\":\"https:\\\/\\\/secure.gravatar.com\\\/avatar\\\/7929e9b034aeea560319a601e4f04c59eb5f45a79eafe192adabb67e9604e7e7?s=96&d=mm&r=g\",\"url\":\"https:\\\/\\\/secure.gravatar.com\\\/avatar\\\/7929e9b034aeea560319a601e4f04c59eb5f45a79eafe192adabb67e9604e7e7?s=96&d=mm&r=g\",\"contentUrl\":\"https:\\\/\\\/secure.gravatar.com\\\/avatar\\\/7929e9b034aeea560319a601e4f04c59eb5f45a79eafe192adabb67e9604e7e7?s=96&d=mm&r=g\",\"caption\":\"Tupaq\"},\"url\":\"https:\\\/\\\/pulso27.com\\\/es\\\/author\\\/tupaq\\\/\"}]}<\/script>\n<!-- \/ Yoast SEO plugin. -->","yoast_head_json":{"title":"Vecinos de Miraflores rechazan con cacerolazos a Rafael L\u00f3pez Aliaga en inauguraci\u00f3n del Puente de la Paz - Pulso27","robots":{"index":"index","follow":"follow","max-snippet":"max-snippet:-1","max-image-preview":"max-image-preview:large","max-video-preview":"max-video-preview:-1"},"canonical":"https:\/\/pulso27.com\/es\/actualidad\/economia\/vecinos-de-miraflores-rechazan-con-cacerolazos-a-rafael-lopez-aliaga-en-inauguracion-del-puente-de-la-paz\/","og_locale":"es_ES","og_type":"article","og_title":"Vecinos de Miraflores rechazan con cacerolazos a Rafael L\u00f3pez Aliaga en inauguraci\u00f3n del Puente de la Paz - Pulso27","og_description":"El pasado 20 de agosto, la inauguraci\u00f3n del Puente de la Paz, que conecta los distritos de Miraflores y Barranco, se vio empa\u00f1ada por una en\u00e9rgica protesta de vecinos miraflorinos contra el alcalde de Lima, Rafael L\u00f3pez Aliaga, y el burgomaestre local, Carlos Canales. Con cacerolazos y gritos de \u201c\u00a1ladrones!\u201d, \u201c\u00a1miserables!\u201d y \u201c\u00a1fuera!\u201d, los manifestantes [&hellip;]","og_url":"https:\/\/pulso27.com\/es\/actualidad\/economia\/vecinos-de-miraflores-rechazan-con-cacerolazos-a-rafael-lopez-aliaga-en-inauguracion-del-puente-de-la-paz\/","og_site_name":"Pulso27","article_publisher":"https:\/\/www.facebook.com\/pulso27\/","article_published_time":"2025-08-23T02:50:35+00:00","article_modified_time":"2025-08-23T02:50:41+00:00","og_image":[{"width":1280,"height":800,"url":"https:\/\/pulso27.com\/wp-content\/uploads\/2025\/08\/Rafael.png","type":"image\/png"}],"author":"Tupaq","twitter_card":"summary_large_image","twitter_creator":"@Pulso_27","twitter_site":"@Pulso_27","twitter_misc":{"Written by":"Tupaq","Est. reading time":"2 minutos"},"schema":{"@context":"https:\/\/schema.org","@graph":[{"@type":"Article","@id":"https:\/\/pulso27.com\/actualidad\/economia\/vecinos-de-miraflores-rechazan-con-cacerolazos-a-rafael-lopez-aliaga-en-inauguracion-del-puente-de-la-paz\/#article","isPartOf":{"@id":"https:\/\/pulso27.com\/actualidad\/economia\/vecinos-de-miraflores-rechazan-con-cacerolazos-a-rafael-lopez-aliaga-en-inauguracion-del-puente-de-la-paz\/"},"author":{"name":"Tupaq","@id":"https:\/\/pulso27.com\/en\/#\/schema\/person\/d20fd7f5bc7f2e53fd150d43fca07a78"},"headline":"Vecinos de Miraflores rechazan con cacerolazos a Rafael L\u00f3pez Aliaga en inauguraci\u00f3n del Puente de la Paz","datePublished":"2025-08-23T02:50:35+00:00","dateModified":"2025-08-23T02:50:41+00:00","mainEntityOfPage":{"@id":"https:\/\/pulso27.com\/actualidad\/economia\/vecinos-de-miraflores-rechazan-con-cacerolazos-a-rafael-lopez-aliaga-en-inauguracion-del-puente-de-la-paz\/"},"wordCount":317,"commentCount":0,"publisher":{"@id":"https:\/\/pulso27.com\/en\/#organization"},"image":{"@id":"https:\/\/pulso27.com\/actualidad\/economia\/vecinos-de-miraflores-rechazan-con-cacerolazos-a-rafael-lopez-aliaga-en-inauguracion-del-puente-de-la-paz\/#primaryimage"},"thumbnailUrl":"https:\/\/pulso27.com\/wp-content\/uploads\/2025\/08\/Rafael.png","keywords":["Lima","Miraflores","Porky","Rafael L\u00f3pez Aliaga"],"articleSection":["Econom\u00eda","Nacional"],"inLanguage":"es-PE","potentialAction":[{"@type":"CommentAction","name":"Comment","target":["https:\/\/pulso27.com\/actualidad\/economia\/vecinos-de-miraflores-rechazan-con-cacerolazos-a-rafael-lopez-aliaga-en-inauguracion-del-puente-de-la-paz\/#respond"]}]},{"@type":"WebPage","@id":"https:\/\/pulso27.com\/actualidad\/economia\/vecinos-de-miraflores-rechazan-con-cacerolazos-a-rafael-lopez-aliaga-en-inauguracion-del-puente-de-la-paz\/","url":"https:\/\/pulso27.com\/actualidad\/economia\/vecinos-de-miraflores-rechazan-con-cacerolazos-a-rafael-lopez-aliaga-en-inauguracion-del-puente-de-la-paz\/","name":"Vecinos de Miraflores rechazan con cacerolazos a Rafael L\u00f3pez Aliaga en inauguraci\u00f3n del Puente de la Paz - Pulso27","isPartOf":{"@id":"https:\/\/pulso27.com\/en\/#website"},"primaryImageOfPage":{"@id":"https:\/\/pulso27.com\/actualidad\/economia\/vecinos-de-miraflores-rechazan-con-cacerolazos-a-rafael-lopez-aliaga-en-inauguracion-del-puente-de-la-paz\/#primaryimage"},"image":{"@id":"https:\/\/pulso27.com\/actualidad\/economia\/vecinos-de-miraflores-rechazan-con-cacerolazos-a-rafael-lopez-aliaga-en-inauguracion-del-puente-de-la-paz\/#primaryimage"},"thumbnailUrl":"https:\/\/pulso27.com\/wp-content\/uploads\/2025\/08\/Rafael.png","datePublished":"2025-08-23T02:50:35+00:00","dateModified":"2025-08-23T02:50:41+00:00","breadcrumb":{"@id":"https:\/\/pulso27.com\/actualidad\/economia\/vecinos-de-miraflores-rechazan-con-cacerolazos-a-rafael-lopez-aliaga-en-inauguracion-del-puente-de-la-paz\/#breadcrumb"},"inLanguage":"es-PE","potentialAction":[{"@type":"ReadAction","target":["https:\/\/pulso27.com\/actualidad\/economia\/vecinos-de-miraflores-rechazan-con-cacerolazos-a-rafael-lopez-aliaga-en-inauguracion-del-puente-de-la-paz\/"]}]},{"@type":"ImageObject","inLanguage":"es-PE","@id":"https:\/\/pulso27.com\/actualidad\/economia\/vecinos-de-miraflores-rechazan-con-cacerolazos-a-rafael-lopez-aliaga-en-inauguracion-del-puente-de-la-paz\/#primaryimage","url":"https:\/\/pulso27.com\/wp-content\/uploads\/2025\/08\/Rafael.png","contentUrl":"https:\/\/pulso27.com\/wp-content\/uploads\/2025\/08\/Rafael.png","width":1280,"height":800},{"@type":"BreadcrumbList","@id":"https:\/\/pulso27.com\/actualidad\/economia\/vecinos-de-miraflores-rechazan-con-cacerolazos-a-rafael-lopez-aliaga-en-inauguracion-del-puente-de-la-paz\/#breadcrumb","itemListElement":[{"@type":"ListItem","position":1,"name":"Portada","item":"https:\/\/pulso27.com\/"},{"@type":"ListItem","position":2,"name":"Vecinos de Miraflores rechazan con cacerolazos a Rafael L\u00f3pez Aliaga en inauguraci\u00f3n del Puente de la Paz"}]},{"@type":"WebSite","@id":"https:\/\/pulso27.com\/en\/#website","url":"https:\/\/pulso27.com\/en\/","name":"Pulso27","description":"Web de noticias y publicidad","publisher":{"@id":"https:\/\/pulso27.com\/en\/#organization"},"alternateName":"El pulso del pueblo","potentialAction":[{"@type":"SearchAction","target":{"@type":"EntryPoint","urlTemplate":"https:\/\/pulso27.com\/en\/?s={search_term_string}"},"query-input":{"@type":"PropertyValueSpecification","valueRequired":true,"valueName":"search_term_string"}}],"inLanguage":"es-PE"},{"@type":"Organization","@id":"https:\/\/pulso27.com\/en\/#organization","name":"Pulso27","url":"https:\/\/pulso27.com\/en\/","logo":{"@type":"ImageObject","inLanguage":"es-PE","@id":"https:\/\/pulso27.com\/en\/#\/schema\/logo\/image\/","url":"https:\/\/pulso27.com\/wp-content\/uploads\/2026\/02\/Logotipo-de-la-organizacion-696-x-696-px-ok.png","contentUrl":"https:\/\/pulso27.com\/wp-content\/uploads\/2026\/02\/Logotipo-de-la-organizacion-696-x-696-px-ok.png","width":696,"height":696,"caption":"Pulso27"},"image":{"@id":"https:\/\/pulso27.com\/en\/#\/schema\/logo\/image\/"},"sameAs":["https:\/\/www.facebook.com\/pulso27\/","https:\/\/x.com\/Pulso_27","https:\/\/www.youtube.com\/@Pulso27","https:\/\/www.tiktok.com\/@pulso_27"]},{"@type":"Person","@id":"https:\/\/pulso27.com\/en\/#\/schema\/person\/d20fd7f5bc7f2e53fd150d43fca07a78","name":"Tupaq","image":{"@type":"ImageObject","inLanguage":"es-PE","@id":"https:\/\/secure.gravatar.com\/avatar\/7929e9b034aeea560319a601e4f04c59eb5f45a79eafe192adabb67e9604e7e7?s=96&d=mm&r=g","url":"https:\/\/secure.gravatar.com\/avatar\/7929e9b034aeea560319a601e4f04c59eb5f45a79eafe192adabb67e9604e7e7?s=96&d=mm&r=g","contentUrl":"https:\/\/secure.gravatar.com\/avatar\/7929e9b034aeea560319a601e4f04c59eb5f45a79eafe192adabb67e9604e7e7?s=96&d=mm&r=g","caption":"Tupaq"},"url":"https:\/\/pulso27.com\/es\/author\/tupaq\/"}]}},"amp_enabled":true,"_links":{"self":[{"href":"https:\/\/pulso27.com\/es\/wp-json\/wp\/v2\/posts\/6098","targetHints":{"allow":["GET"]}}],"collection":[{"href":"https:\/\/pulso27.com\/es\/wp-json\/wp\/v2\/posts"}],"about":[{"href":"https:\/\/pulso27.com\/es\/wp-json\/wp\/v2\/types\/post"}],"author":[{"embeddable":true,"href":"https:\/\/pulso27.com\/es\/wp-json\/wp\/v2\/users\/7"}],"replies":[{"embeddable":true,"href":"https:\/\/pulso27.com\/es\/wp-json\/wp\/v2\/comments?post=6098"}],"version-history":[{"count":1,"href":"https:\/\/pulso27.com\/es\/wp-json\/wp\/v2\/posts\/6098\/revisions"}],"predecessor-version":[{"id":6103,"href":"https:\/\/pulso27.com\/es\/wp-json\/wp\/v2\/posts\/6098\/revisions\/6103"}],"wp:featuredmedia":[{"embeddable":true,"href":"https:\/\/pulso27.com\/es\/wp-json\/wp\/v2\/media\/6099"}],"wp:attachment":[{"href":"https:\/\/pulso27.com\/es\/wp-json\/wp\/v2\/media?parent=6098"}],"wp:term":[{"taxonomy":"category","embeddable":true,"href":"https:\/\/pulso27.com\/es\/wp-json\/wp\/v2\/categories?post=6098"},{"taxonomy":"post_tag","embeddable":true,"href":"https:\/\/pulso27.com\/es\/wp-json\/wp\/v2\/tags?post=6098"}],"curies":[{"name":"wp","href":"https:\/\/api.w.org\/{rel}","templated":true}]}}