{"id":6104,"date":"2025-08-23T08:54:38","date_gmt":"2025-08-23T03:54:38","guid":{"rendered":"https:\/\/pulso27.com\/?p=6104"},"modified":"2025-08-23T08:54:44","modified_gmt":"2025-08-23T03:54:44","slug":"la-pachamama-y-los-apus-irrumpieron-en-la-plaza-bolivar-del-congreso-de-la-republica-de-peru","status":"publish","type":"post","link":"https:\/\/pulso27.com\/es\/actualidad\/educacion\/la-pachamama-y-los-apus-irrumpieron-en-la-plaza-bolivar-del-congreso-de-la-republica-de-peru\/","title":{"rendered":"La Pachamama y los Apus irrumpieron en la Plaza Bol\u00edvar del Congreso de la Rep\u00fablica de Per\u00fa"},"content":{"rendered":"\n<p>En el d\u00eda mundial del Folclore, la Plaza Bol\u00edvar del congreso de la Rep\u00fablica de Per\u00fa, se vio colmada con la presencia de diversos grupos de Danzantes de Tijeras llegados de las diferentes provincias y departamentos de Ayacucho, Huancavelica, Apur\u00edmac y Arequipa.<\/p>\n\n\n\n<p>La presencia de los Danzantes de Tijeras en la Plaza del Congreso \u201cvirreinal\u201d representa un acto simb\u00f3lico de resistencia y reafirmaci\u00f3n de la identidad cultural andina frente a un sistema \u201cneocolonial\u201d que hered\u00f3 las estructuras de dominaci\u00f3n impuestas durante la colonia.<\/p>\n\n\n\n<p>En este espacio, hist\u00f3ricamente vinculado al poder centralizado y a la imposici\u00f3n de valores occidentales, los danzantes reivindicaron su mundo espiritual y comunitario, desafiando la hegemon\u00eda cultural que intent\u00f3 borrar sus tradiciones.<\/p>\n\n\n\n<figure class=\"wp-block-image size-large\"><img loading=\"lazy\" decoding=\"async\" width=\"1024\" height=\"668\" src=\"https:\/\/pulso27.com\/wp-content\/uploads\/2025\/08\/Danzantee-1024x668.png\" alt=\"\" class=\"wp-image-6109\" srcset=\"https:\/\/pulso27.com\/wp-content\/uploads\/2025\/08\/Danzantee-1024x668.png 1024w, https:\/\/pulso27.com\/wp-content\/uploads\/2025\/08\/Danzantee-300x196.png 300w, https:\/\/pulso27.com\/wp-content\/uploads\/2025\/08\/Danzantee-768x501.png 768w, https:\/\/pulso27.com\/wp-content\/uploads\/2025\/08\/Danzantee-18x12.png 18w, https:\/\/pulso27.com\/wp-content\/uploads\/2025\/08\/Danzantee.png 1289w\" sizes=\"auto, (max-width: 1024px) 100vw, 1024px\" \/><figcaption class=\"wp-element-caption\"><em>La Danza Ancestral irrumpi\u00f3 en la Plaza Bol\u00edvar por la memoria hist\u00f3rica, s\u00edmbolo de dignidad y reconocimiento<\/em><\/figcaption><\/figure>\n\n\n\n<p>La Pachamama y los Apus, deidades protectoras de las monta\u00f1as, elementos m\u00e1gicos y religiosos invocados a trav\u00e9s de cada movimiento y sonido de las tijeras en esta danza, simboliza la resistencia de un pueblo que, a pesar de siglos de opresi\u00f3n, ha mantenido viva su cosmovisi\u00f3n y conexi\u00f3n con los esp\u00edritus de la tierra y la naturaleza.<\/p>\n\n\n\n<p>Este acto cultural, no fue solo un acto folkl\u00f3rico, sino una irrupci\u00f3n a la memoria hist\u00f3rica del pa\u00eds y un s\u00edmbolo de dignidad y reconocimiento a una Danza ancestral. Cada tijera que cortaba el aire evocaba siglos de resistencia frente a la imposici\u00f3n colonial, al racismo estructural y a la pol\u00edtica de invisibilidad que hoy a\u00fan pervive en un Congreso capturado por una casta inmoral que responde a los intereses reaccionarios de los grupos de poder.<\/p>\n\n\n\n<p>Los cultores de esta danza ancestral, llegados de las regiones m\u00e1s representativas del pa\u00eds, levantaron su arte como un pu\u00f1o, como un grito colectivo contra el desprecio y la marginaci\u00f3n. Su mensaje fue claro: la tijera corta el olvido y desgarra la arrogancia de quienes pretenden negar al Per\u00fa profundo.<\/p>\n\n\n\n<figure class=\"wp-block-image size-large\"><img loading=\"lazy\" decoding=\"async\" width=\"1024\" height=\"682\" src=\"https:\/\/pulso27.com\/wp-content\/uploads\/2025\/08\/Danzantt-1024x682.png\" alt=\"\" class=\"wp-image-6110\" srcset=\"https:\/\/pulso27.com\/wp-content\/uploads\/2025\/08\/Danzantt-1024x682.png 1024w, https:\/\/pulso27.com\/wp-content\/uploads\/2025\/08\/Danzantt-300x200.png 300w, https:\/\/pulso27.com\/wp-content\/uploads\/2025\/08\/Danzantt-768x512.png 768w, https:\/\/pulso27.com\/wp-content\/uploads\/2025\/08\/Danzantt-18x12.png 18w, https:\/\/pulso27.com\/wp-content\/uploads\/2025\/08\/Danzantt.png 1261w\" sizes=\"auto, (max-width: 1024px) 100vw, 1024px\" \/><figcaption class=\"wp-element-caption\"><em>La congresista Margot Palacios present\u00f3 un proyecto de Ley que busca otorgar una pensi\u00f3n vitalicia a los cultores y la creaci\u00f3n de escuelas folkl\u00f3ricas de la Danza de Tijeras<\/em><\/figcaption><\/figure>\n\n\n\n<p>En este marco, la congresista Margot Palacios, present\u00f3 un proyecto de ley hist\u00f3rico que busca otorgar una pensi\u00f3n vitalicia a los cultores de la danza de tijeras, reconociendo su condici\u00f3n de guardianes de la memoria cultural de la naci\u00f3n y dignificar la vida de quienes, a trav\u00e9s de su arte, han preservado una tradici\u00f3n que desafi\u00f3 prohibiciones coloniales, persecuciones e intentos de exterminio simb\u00f3lico.<\/p>\n\n\n\n<p>El proyecto de ley tambi\u00e9n propone la creaci\u00f3n de escuelas folkl\u00f3ricas especializadas en la Danza de Tijeras, asegurando que las nuevas generaciones tengan un espacio institucional para formarse y continuar el legado ancestral, hoy convertida verdadera fuerza pol\u00edtica y espiritual, proveniente de los pueblos que danzan, resisten y construyen futuro desde sus ra\u00edces.<\/p>\n\n\n\n<p>El compromiso de Margot Palacios es inquebrantable. Ella asume la resistencia de los pueblos no como consigna pasajera, sino como proyecto hist\u00f3rico de emancipaci\u00f3n. Su voz en el Congreso es heredera de la fortaleza del taita Arguedas y la lucidez del amauta Jos\u00e9 Carlos Mari\u00e1tegui, y se levanta como garant\u00eda de que las luchas de hoy ser\u00e1n tambi\u00e9n la herencia de dignidad para las generaciones del ma\u00f1ana.<\/p>\n\n\n\n<figure class=\"wp-block-image size-large\"><img loading=\"lazy\" decoding=\"async\" width=\"1024\" height=\"683\" src=\"https:\/\/pulso27.com\/wp-content\/uploads\/2025\/08\/Danzant-1024x683.png\" alt=\"\" class=\"wp-image-6108\" srcset=\"https:\/\/pulso27.com\/wp-content\/uploads\/2025\/08\/Danzant-1024x683.png 1024w, https:\/\/pulso27.com\/wp-content\/uploads\/2025\/08\/Danzant-300x200.png 300w, https:\/\/pulso27.com\/wp-content\/uploads\/2025\/08\/Danzant-768x512.png 768w, https:\/\/pulso27.com\/wp-content\/uploads\/2025\/08\/Danzant-18x12.png 18w, https:\/\/pulso27.com\/wp-content\/uploads\/2025\/08\/Danzant.png 1267w\" sizes=\"auto, (max-width: 1024px) 100vw, 1024px\" \/><figcaption class=\"wp-element-caption\"><em>La resistencia cultural es asumida por las actuales generaciones de j\u00f3venes mujeres del Per\u00fa<\/em><\/figcaption><\/figure>\n\n\n\n<p>En un pa\u00eds donde las \u00e9lites buscan perpetuar la exclusi\u00f3n, Palacios demuestra que la pol\u00edtica puede ser trinchera de rebeld\u00eda y siembra de futuro, record\u00e1ndonos que la cultura popular es tambi\u00e9n una trinchera de lucha por la emancipaci\u00f3n y la autodeterminaci\u00f3n de los pueblos.<\/p>\n\n\n\n<p>Margot Palacios, encarna el simbolismo de la danza de las tijeras, herencia de resistencia inquebrantable frente a los poderes del Estado y de las \u00e9lites que buscan someter al pueblo,<\/p>\n","protected":false},"excerpt":{"rendered":"<p>En el d\u00eda mundial del Folclore, la Plaza Bol\u00edvar del congreso de la Rep\u00fablica de Per\u00fa, se vio colmada con la presencia de diversos grupos de Danzantes de Tijeras llegados de las diferentes provincias y departamentos de Ayacucho, Huancavelica, Apur\u00edmac y Arequipa. La presencia de los Danzantes de Tijeras en la Plaza del Congreso \u201cvirreinal\u201d [&hellip;]<\/p>\n","protected":false},"author":13,"featured_media":6107,"comment_status":"open","ping_status":"open","sticky":false,"template":"","format":"standard","meta":{"footnotes":""},"categories":[808,810],"tags":[2436,642,2434,2435],"class_list":["post-6104","post","type-post","status-publish","format-standard","has-post-thumbnail","hentry","category-educacion","category-regional","tag-costumbres-de-peru","tag-cultura","tag-danzantes-de-tijera","tag-patrimonio-cultural-del-mundo"],"yoast_head":"<!-- This site is optimized with the Yoast SEO plugin v27.4 - https:\/\/yoast.com\/product\/yoast-seo-wordpress\/ -->\n<title>La Pachamama y los Apus irrumpieron en la Plaza Bol\u00edvar del Congreso de la Rep\u00fablica de Per\u00fa - Pulso27<\/title>\n<meta name=\"robots\" content=\"index, follow, max-snippet:-1, max-image-preview:large, max-video-preview:-1\" \/>\n<link rel=\"canonical\" href=\"https:\/\/pulso27.com\/es\/actualidad\/educacion\/la-pachamama-y-los-apus-irrumpieron-en-la-plaza-bolivar-del-congreso-de-la-republica-de-peru\/\" \/>\n<meta property=\"og:locale\" content=\"es_ES\" \/>\n<meta property=\"og:type\" content=\"article\" \/>\n<meta property=\"og:title\" content=\"La Pachamama y los Apus irrumpieron en la Plaza Bol\u00edvar del Congreso de la Rep\u00fablica de Per\u00fa - Pulso27\" \/>\n<meta property=\"og:description\" content=\"En el d\u00eda mundial del Folclore, la Plaza Bol\u00edvar del congreso de la Rep\u00fablica de Per\u00fa, se vio colmada con la presencia de diversos grupos de Danzantes de Tijeras llegados de las diferentes provincias y departamentos de Ayacucho, Huancavelica, Apur\u00edmac y Arequipa. La presencia de los Danzantes de Tijeras en la Plaza del Congreso \u201cvirreinal\u201d [&hellip;]\" \/>\n<meta property=\"og:url\" content=\"https:\/\/pulso27.com\/es\/actualidad\/educacion\/la-pachamama-y-los-apus-irrumpieron-en-la-plaza-bolivar-del-congreso-de-la-republica-de-peru\/\" \/>\n<meta property=\"og:site_name\" content=\"Pulso27\" \/>\n<meta property=\"article:publisher\" content=\"https:\/\/www.facebook.com\/pulso27\/\" \/>\n<meta property=\"article:published_time\" content=\"2025-08-23T03:54:38+00:00\" \/>\n<meta property=\"article:modified_time\" content=\"2025-08-23T03:54:44+00:00\" \/>\n<meta property=\"og:image\" content=\"https:\/\/pulso27.com\/wp-content\/uploads\/2025\/08\/Danzastes-1024x630.png\" \/>\n\t<meta property=\"og:image:width\" content=\"1024\" \/>\n\t<meta property=\"og:image:height\" content=\"630\" \/>\n\t<meta property=\"og:image:type\" content=\"image\/png\" \/>\n<meta name=\"author\" content=\"Redactor\" \/>\n<meta name=\"twitter:card\" content=\"summary_large_image\" \/>\n<meta name=\"twitter:creator\" content=\"@Pulso_27\" \/>\n<meta name=\"twitter:site\" content=\"@Pulso_27\" \/>\n<meta name=\"twitter:label1\" content=\"Written by\" \/>\n\t<meta name=\"twitter:data1\" content=\"Redactor\" \/>\n\t<meta name=\"twitter:label2\" content=\"Est. reading time\" \/>\n\t<meta name=\"twitter:data2\" content=\"4 minutos\" \/>\n<script type=\"application\/ld+json\" class=\"yoast-schema-graph\">{\"@context\":\"https:\\\/\\\/schema.org\",\"@graph\":[{\"@type\":\"Article\",\"@id\":\"https:\\\/\\\/pulso27.com\\\/actualidad\\\/educacion\\\/la-pachamama-y-los-apus-irrumpieron-en-la-plaza-bolivar-del-congreso-de-la-republica-de-peru\\\/#article\",\"isPartOf\":{\"@id\":\"https:\\\/\\\/pulso27.com\\\/actualidad\\\/educacion\\\/la-pachamama-y-los-apus-irrumpieron-en-la-plaza-bolivar-del-congreso-de-la-republica-de-peru\\\/\"},\"author\":{\"name\":\"Redactor\",\"@id\":\"https:\\\/\\\/pulso27.com\\\/en\\\/#\\\/schema\\\/person\\\/bf5ee161e6c87f6c7d57f5e689ef8526\"},\"headline\":\"La Pachamama y los Apus irrumpieron en la Plaza Bol\u00edvar del Congreso de la Rep\u00fablica de Per\u00fa\",\"datePublished\":\"2025-08-23T03:54:38+00:00\",\"dateModified\":\"2025-08-23T03:54:44+00:00\",\"mainEntityOfPage\":{\"@id\":\"https:\\\/\\\/pulso27.com\\\/actualidad\\\/educacion\\\/la-pachamama-y-los-apus-irrumpieron-en-la-plaza-bolivar-del-congreso-de-la-republica-de-peru\\\/\"},\"wordCount\":698,\"commentCount\":0,\"publisher\":{\"@id\":\"https:\\\/\\\/pulso27.com\\\/en\\\/#organization\"},\"image\":{\"@id\":\"https:\\\/\\\/pulso27.com\\\/actualidad\\\/educacion\\\/la-pachamama-y-los-apus-irrumpieron-en-la-plaza-bolivar-del-congreso-de-la-republica-de-peru\\\/#primaryimage\"},\"thumbnailUrl\":\"https:\\\/\\\/pulso27.com\\\/wp-content\\\/uploads\\\/2025\\\/08\\\/Danzastes.png\",\"keywords\":[\"Costumbres de Per\u00fa\",\"Cultura\",\"Danzantes de tijera\",\"Patrimonio Cultural del Mundo\"],\"articleSection\":[\"Educaci\u00f3n\",\"Regional\"],\"inLanguage\":\"es-PE\",\"potentialAction\":[{\"@type\":\"CommentAction\",\"name\":\"Comment\",\"target\":[\"https:\\\/\\\/pulso27.com\\\/actualidad\\\/educacion\\\/la-pachamama-y-los-apus-irrumpieron-en-la-plaza-bolivar-del-congreso-de-la-republica-de-peru\\\/#respond\"]}]},{\"@type\":\"WebPage\",\"@id\":\"https:\\\/\\\/pulso27.com\\\/actualidad\\\/educacion\\\/la-pachamama-y-los-apus-irrumpieron-en-la-plaza-bolivar-del-congreso-de-la-republica-de-peru\\\/\",\"url\":\"https:\\\/\\\/pulso27.com\\\/actualidad\\\/educacion\\\/la-pachamama-y-los-apus-irrumpieron-en-la-plaza-bolivar-del-congreso-de-la-republica-de-peru\\\/\",\"name\":\"La Pachamama y los Apus irrumpieron en la Plaza Bol\u00edvar del Congreso de la Rep\u00fablica de Per\u00fa - Pulso27\",\"isPartOf\":{\"@id\":\"https:\\\/\\\/pulso27.com\\\/en\\\/#website\"},\"primaryImageOfPage\":{\"@id\":\"https:\\\/\\\/pulso27.com\\\/actualidad\\\/educacion\\\/la-pachamama-y-los-apus-irrumpieron-en-la-plaza-bolivar-del-congreso-de-la-republica-de-peru\\\/#primaryimage\"},\"image\":{\"@id\":\"https:\\\/\\\/pulso27.com\\\/actualidad\\\/educacion\\\/la-pachamama-y-los-apus-irrumpieron-en-la-plaza-bolivar-del-congreso-de-la-republica-de-peru\\\/#primaryimage\"},\"thumbnailUrl\":\"https:\\\/\\\/pulso27.com\\\/wp-content\\\/uploads\\\/2025\\\/08\\\/Danzastes.png\",\"datePublished\":\"2025-08-23T03:54:38+00:00\",\"dateModified\":\"2025-08-23T03:54:44+00:00\",\"breadcrumb\":{\"@id\":\"https:\\\/\\\/pulso27.com\\\/actualidad\\\/educacion\\\/la-pachamama-y-los-apus-irrumpieron-en-la-plaza-bolivar-del-congreso-de-la-republica-de-peru\\\/#breadcrumb\"},\"inLanguage\":\"es-PE\",\"potentialAction\":[{\"@type\":\"ReadAction\",\"target\":[\"https:\\\/\\\/pulso27.com\\\/actualidad\\\/educacion\\\/la-pachamama-y-los-apus-irrumpieron-en-la-plaza-bolivar-del-congreso-de-la-republica-de-peru\\\/\"]}]},{\"@type\":\"ImageObject\",\"inLanguage\":\"es-PE\",\"@id\":\"https:\\\/\\\/pulso27.com\\\/actualidad\\\/educacion\\\/la-pachamama-y-los-apus-irrumpieron-en-la-plaza-bolivar-del-congreso-de-la-republica-de-peru\\\/#primaryimage\",\"url\":\"https:\\\/\\\/pulso27.com\\\/wp-content\\\/uploads\\\/2025\\\/08\\\/Danzastes.png\",\"contentUrl\":\"https:\\\/\\\/pulso27.com\\\/wp-content\\\/uploads\\\/2025\\\/08\\\/Danzastes.png\",\"width\":1300,\"height\":800},{\"@type\":\"BreadcrumbList\",\"@id\":\"https:\\\/\\\/pulso27.com\\\/actualidad\\\/educacion\\\/la-pachamama-y-los-apus-irrumpieron-en-la-plaza-bolivar-del-congreso-de-la-republica-de-peru\\\/#breadcrumb\",\"itemListElement\":[{\"@type\":\"ListItem\",\"position\":1,\"name\":\"Portada\",\"item\":\"https:\\\/\\\/pulso27.com\\\/\"},{\"@type\":\"ListItem\",\"position\":2,\"name\":\"La Pachamama y los Apus irrumpieron en la Plaza Bol\u00edvar del Congreso de la Rep\u00fablica de Per\u00fa\"}]},{\"@type\":\"WebSite\",\"@id\":\"https:\\\/\\\/pulso27.com\\\/en\\\/#website\",\"url\":\"https:\\\/\\\/pulso27.com\\\/en\\\/\",\"name\":\"Pulso27\",\"description\":\"Web de noticias y publicidad\",\"publisher\":{\"@id\":\"https:\\\/\\\/pulso27.com\\\/en\\\/#organization\"},\"alternateName\":\"El pulso del pueblo\",\"potentialAction\":[{\"@type\":\"SearchAction\",\"target\":{\"@type\":\"EntryPoint\",\"urlTemplate\":\"https:\\\/\\\/pulso27.com\\\/en\\\/?s={search_term_string}\"},\"query-input\":{\"@type\":\"PropertyValueSpecification\",\"valueRequired\":true,\"valueName\":\"search_term_string\"}}],\"inLanguage\":\"es-PE\"},{\"@type\":\"Organization\",\"@id\":\"https:\\\/\\\/pulso27.com\\\/en\\\/#organization\",\"name\":\"Pulso27\",\"url\":\"https:\\\/\\\/pulso27.com\\\/en\\\/\",\"logo\":{\"@type\":\"ImageObject\",\"inLanguage\":\"es-PE\",\"@id\":\"https:\\\/\\\/pulso27.com\\\/en\\\/#\\\/schema\\\/logo\\\/image\\\/\",\"url\":\"https:\\\/\\\/pulso27.com\\\/wp-content\\\/uploads\\\/2026\\\/02\\\/Logotipo-de-la-organizacion-696-x-696-px-ok.png\",\"contentUrl\":\"https:\\\/\\\/pulso27.com\\\/wp-content\\\/uploads\\\/2026\\\/02\\\/Logotipo-de-la-organizacion-696-x-696-px-ok.png\",\"width\":696,\"height\":696,\"caption\":\"Pulso27\"},\"image\":{\"@id\":\"https:\\\/\\\/pulso27.com\\\/en\\\/#\\\/schema\\\/logo\\\/image\\\/\"},\"sameAs\":[\"https:\\\/\\\/www.facebook.com\\\/pulso27\\\/\",\"https:\\\/\\\/x.com\\\/Pulso_27\",\"https:\\\/\\\/www.youtube.com\\\/@Pulso27\",\"https:\\\/\\\/www.tiktok.com\\\/@pulso_27\"]},{\"@type\":\"Person\",\"@id\":\"https:\\\/\\\/pulso27.com\\\/en\\\/#\\\/schema\\\/person\\\/bf5ee161e6c87f6c7d57f5e689ef8526\",\"name\":\"Redactor\",\"image\":{\"@type\":\"ImageObject\",\"inLanguage\":\"es-PE\",\"@id\":\"https:\\\/\\\/pulso27.com\\\/wp-content\\\/uploads\\\/2025\\\/03\\\/a-150x150.png\",\"url\":\"https:\\\/\\\/pulso27.com\\\/wp-content\\\/uploads\\\/2025\\\/03\\\/a-150x150.png\",\"contentUrl\":\"https:\\\/\\\/pulso27.com\\\/wp-content\\\/uploads\\\/2025\\\/03\\\/a-150x150.png\",\"caption\":\"Redactor\"},\"sameAs\":[\"http:\\\/\\\/www.pulso27.com\"],\"url\":\"https:\\\/\\\/pulso27.com\\\/es\\\/author\\\/redactor\\\/\"}]}<\/script>\n<!-- \/ Yoast SEO plugin. -->","yoast_head_json":{"title":"La Pachamama y los Apus irrumpieron en la Plaza Bol\u00edvar del Congreso de la Rep\u00fablica de Per\u00fa - Pulso27","robots":{"index":"index","follow":"follow","max-snippet":"max-snippet:-1","max-image-preview":"max-image-preview:large","max-video-preview":"max-video-preview:-1"},"canonical":"https:\/\/pulso27.com\/es\/actualidad\/educacion\/la-pachamama-y-los-apus-irrumpieron-en-la-plaza-bolivar-del-congreso-de-la-republica-de-peru\/","og_locale":"es_ES","og_type":"article","og_title":"La Pachamama y los Apus irrumpieron en la Plaza Bol\u00edvar del Congreso de la Rep\u00fablica de Per\u00fa - Pulso27","og_description":"En el d\u00eda mundial del Folclore, la Plaza Bol\u00edvar del congreso de la Rep\u00fablica de Per\u00fa, se vio colmada con la presencia de diversos grupos de Danzantes de Tijeras llegados de las diferentes provincias y departamentos de Ayacucho, Huancavelica, Apur\u00edmac y Arequipa. La presencia de los Danzantes de Tijeras en la Plaza del Congreso \u201cvirreinal\u201d [&hellip;]","og_url":"https:\/\/pulso27.com\/es\/actualidad\/educacion\/la-pachamama-y-los-apus-irrumpieron-en-la-plaza-bolivar-del-congreso-de-la-republica-de-peru\/","og_site_name":"Pulso27","article_publisher":"https:\/\/www.facebook.com\/pulso27\/","article_published_time":"2025-08-23T03:54:38+00:00","article_modified_time":"2025-08-23T03:54:44+00:00","og_image":[{"width":1024,"height":630,"url":"https:\/\/pulso27.com\/wp-content\/uploads\/2025\/08\/Danzastes-1024x630.png","type":"image\/png"}],"author":"Redactor","twitter_card":"summary_large_image","twitter_creator":"@Pulso_27","twitter_site":"@Pulso_27","twitter_misc":{"Written by":"Redactor","Est. reading time":"4 minutos"},"schema":{"@context":"https:\/\/schema.org","@graph":[{"@type":"Article","@id":"https:\/\/pulso27.com\/actualidad\/educacion\/la-pachamama-y-los-apus-irrumpieron-en-la-plaza-bolivar-del-congreso-de-la-republica-de-peru\/#article","isPartOf":{"@id":"https:\/\/pulso27.com\/actualidad\/educacion\/la-pachamama-y-los-apus-irrumpieron-en-la-plaza-bolivar-del-congreso-de-la-republica-de-peru\/"},"author":{"name":"Redactor","@id":"https:\/\/pulso27.com\/en\/#\/schema\/person\/bf5ee161e6c87f6c7d57f5e689ef8526"},"headline":"La Pachamama y los Apus irrumpieron en la Plaza Bol\u00edvar del Congreso de la Rep\u00fablica de Per\u00fa","datePublished":"2025-08-23T03:54:38+00:00","dateModified":"2025-08-23T03:54:44+00:00","mainEntityOfPage":{"@id":"https:\/\/pulso27.com\/actualidad\/educacion\/la-pachamama-y-los-apus-irrumpieron-en-la-plaza-bolivar-del-congreso-de-la-republica-de-peru\/"},"wordCount":698,"commentCount":0,"publisher":{"@id":"https:\/\/pulso27.com\/en\/#organization"},"image":{"@id":"https:\/\/pulso27.com\/actualidad\/educacion\/la-pachamama-y-los-apus-irrumpieron-en-la-plaza-bolivar-del-congreso-de-la-republica-de-peru\/#primaryimage"},"thumbnailUrl":"https:\/\/pulso27.com\/wp-content\/uploads\/2025\/08\/Danzastes.png","keywords":["Costumbres de Per\u00fa","Cultura","Danzantes de tijera","Patrimonio Cultural del Mundo"],"articleSection":["Educaci\u00f3n","Regional"],"inLanguage":"es-PE","potentialAction":[{"@type":"CommentAction","name":"Comment","target":["https:\/\/pulso27.com\/actualidad\/educacion\/la-pachamama-y-los-apus-irrumpieron-en-la-plaza-bolivar-del-congreso-de-la-republica-de-peru\/#respond"]}]},{"@type":"WebPage","@id":"https:\/\/pulso27.com\/actualidad\/educacion\/la-pachamama-y-los-apus-irrumpieron-en-la-plaza-bolivar-del-congreso-de-la-republica-de-peru\/","url":"https:\/\/pulso27.com\/actualidad\/educacion\/la-pachamama-y-los-apus-irrumpieron-en-la-plaza-bolivar-del-congreso-de-la-republica-de-peru\/","name":"La Pachamama y los Apus irrumpieron en la Plaza Bol\u00edvar del Congreso de la Rep\u00fablica de Per\u00fa - Pulso27","isPartOf":{"@id":"https:\/\/pulso27.com\/en\/#website"},"primaryImageOfPage":{"@id":"https:\/\/pulso27.com\/actualidad\/educacion\/la-pachamama-y-los-apus-irrumpieron-en-la-plaza-bolivar-del-congreso-de-la-republica-de-peru\/#primaryimage"},"image":{"@id":"https:\/\/pulso27.com\/actualidad\/educacion\/la-pachamama-y-los-apus-irrumpieron-en-la-plaza-bolivar-del-congreso-de-la-republica-de-peru\/#primaryimage"},"thumbnailUrl":"https:\/\/pulso27.com\/wp-content\/uploads\/2025\/08\/Danzastes.png","datePublished":"2025-08-23T03:54:38+00:00","dateModified":"2025-08-23T03:54:44+00:00","breadcrumb":{"@id":"https:\/\/pulso27.com\/actualidad\/educacion\/la-pachamama-y-los-apus-irrumpieron-en-la-plaza-bolivar-del-congreso-de-la-republica-de-peru\/#breadcrumb"},"inLanguage":"es-PE","potentialAction":[{"@type":"ReadAction","target":["https:\/\/pulso27.com\/actualidad\/educacion\/la-pachamama-y-los-apus-irrumpieron-en-la-plaza-bolivar-del-congreso-de-la-republica-de-peru\/"]}]},{"@type":"ImageObject","inLanguage":"es-PE","@id":"https:\/\/pulso27.com\/actualidad\/educacion\/la-pachamama-y-los-apus-irrumpieron-en-la-plaza-bolivar-del-congreso-de-la-republica-de-peru\/#primaryimage","url":"https:\/\/pulso27.com\/wp-content\/uploads\/2025\/08\/Danzastes.png","contentUrl":"https:\/\/pulso27.com\/wp-content\/uploads\/2025\/08\/Danzastes.png","width":1300,"height":800},{"@type":"BreadcrumbList","@id":"https:\/\/pulso27.com\/actualidad\/educacion\/la-pachamama-y-los-apus-irrumpieron-en-la-plaza-bolivar-del-congreso-de-la-republica-de-peru\/#breadcrumb","itemListElement":[{"@type":"ListItem","position":1,"name":"Portada","item":"https:\/\/pulso27.com\/"},{"@type":"ListItem","position":2,"name":"La Pachamama y los Apus irrumpieron en la Plaza Bol\u00edvar del Congreso de la Rep\u00fablica de Per\u00fa"}]},{"@type":"WebSite","@id":"https:\/\/pulso27.com\/en\/#website","url":"https:\/\/pulso27.com\/en\/","name":"Pulso27","description":"Web de noticias y publicidad","publisher":{"@id":"https:\/\/pulso27.com\/en\/#organization"},"alternateName":"El pulso del pueblo","potentialAction":[{"@type":"SearchAction","target":{"@type":"EntryPoint","urlTemplate":"https:\/\/pulso27.com\/en\/?s={search_term_string}"},"query-input":{"@type":"PropertyValueSpecification","valueRequired":true,"valueName":"search_term_string"}}],"inLanguage":"es-PE"},{"@type":"Organization","@id":"https:\/\/pulso27.com\/en\/#organization","name":"Pulso27","url":"https:\/\/pulso27.com\/en\/","logo":{"@type":"ImageObject","inLanguage":"es-PE","@id":"https:\/\/pulso27.com\/en\/#\/schema\/logo\/image\/","url":"https:\/\/pulso27.com\/wp-content\/uploads\/2026\/02\/Logotipo-de-la-organizacion-696-x-696-px-ok.png","contentUrl":"https:\/\/pulso27.com\/wp-content\/uploads\/2026\/02\/Logotipo-de-la-organizacion-696-x-696-px-ok.png","width":696,"height":696,"caption":"Pulso27"},"image":{"@id":"https:\/\/pulso27.com\/en\/#\/schema\/logo\/image\/"},"sameAs":["https:\/\/www.facebook.com\/pulso27\/","https:\/\/x.com\/Pulso_27","https:\/\/www.youtube.com\/@Pulso27","https:\/\/www.tiktok.com\/@pulso_27"]},{"@type":"Person","@id":"https:\/\/pulso27.com\/en\/#\/schema\/person\/bf5ee161e6c87f6c7d57f5e689ef8526","name":"Redactor","image":{"@type":"ImageObject","inLanguage":"es-PE","@id":"https:\/\/pulso27.com\/wp-content\/uploads\/2025\/03\/a-150x150.png","url":"https:\/\/pulso27.com\/wp-content\/uploads\/2025\/03\/a-150x150.png","contentUrl":"https:\/\/pulso27.com\/wp-content\/uploads\/2025\/03\/a-150x150.png","caption":"Redactor"},"sameAs":["http:\/\/www.pulso27.com"],"url":"https:\/\/pulso27.com\/es\/author\/redactor\/"}]}},"amp_enabled":true,"_links":{"self":[{"href":"https:\/\/pulso27.com\/es\/wp-json\/wp\/v2\/posts\/6104","targetHints":{"allow":["GET"]}}],"collection":[{"href":"https:\/\/pulso27.com\/es\/wp-json\/wp\/v2\/posts"}],"about":[{"href":"https:\/\/pulso27.com\/es\/wp-json\/wp\/v2\/types\/post"}],"author":[{"embeddable":true,"href":"https:\/\/pulso27.com\/es\/wp-json\/wp\/v2\/users\/13"}],"replies":[{"embeddable":true,"href":"https:\/\/pulso27.com\/es\/wp-json\/wp\/v2\/comments?post=6104"}],"version-history":[{"count":2,"href":"https:\/\/pulso27.com\/es\/wp-json\/wp\/v2\/posts\/6104\/revisions"}],"predecessor-version":[{"id":6116,"href":"https:\/\/pulso27.com\/es\/wp-json\/wp\/v2\/posts\/6104\/revisions\/6116"}],"wp:featuredmedia":[{"embeddable":true,"href":"https:\/\/pulso27.com\/es\/wp-json\/wp\/v2\/media\/6107"}],"wp:attachment":[{"href":"https:\/\/pulso27.com\/es\/wp-json\/wp\/v2\/media?parent=6104"}],"wp:term":[{"taxonomy":"category","embeddable":true,"href":"https:\/\/pulso27.com\/es\/wp-json\/wp\/v2\/categories?post=6104"},{"taxonomy":"post_tag","embeddable":true,"href":"https:\/\/pulso27.com\/es\/wp-json\/wp\/v2\/tags?post=6104"}],"curies":[{"name":"wp","href":"https:\/\/api.w.org\/{rel}","templated":true}]}}