{"id":6186,"date":"2025-09-04T10:32:03","date_gmt":"2025-09-04T05:32:03","guid":{"rendered":"https:\/\/pulso27.com\/?p=6186"},"modified":"2025-09-04T10:32:36","modified_gmt":"2025-09-04T05:32:36","slug":"tribunal-constitucional-ordena-la-liberacion-de-betssy-chavez-tras-habeas-corpus","status":"publish","type":"post","link":"https:\/\/pulso27.com\/es\/actualidad\/economia\/tribunal-constitucional-ordena-la-liberacion-de-betssy-chavez-tras-habeas-corpus\/","title":{"rendered":"Tribunal Constitucional ordena la liberaci\u00f3n de Betssy Ch\u00e1vez tras habeas corpus"},"content":{"rendered":"\n<p>El Tribunal Constitucional (TC) de Per\u00fa dispuso el 3 de septiembre de 2025 la liberaci\u00f3n de la ex primera ministra Betssy Ch\u00e1vez, tras declarar fundado un recurso de habeas corpus presentado por su defensa. La decisi\u00f3n se bas\u00f3 en la determinaci\u00f3n de que la extensi\u00f3n de su prisi\u00f3n preventiva, iniciada en junio de 2023, carec\u00eda de fundamentos legales suficientes, vulnerando su derecho a no sufrir detenciones arbitrarias. Ch\u00e1vez, investigada por el presunto delito de rebeli\u00f3n en relaci\u00f3n con el intento de golpe de Estado de Pedro Castillo en diciembre de 2022, sali\u00f3 del penal Anexo de Mujeres de Chorrillos tras m\u00e1s de dos a\u00f1os de reclusi\u00f3n.<\/p>\n\n\n\n<p>La resoluci\u00f3n del TC ha generado diversas reacciones. Sectores afines a Ch\u00e1vez, como miembros de Podemos Per\u00fa, celebraron el fallo, consider\u00e1ndolo una correcci\u00f3n a excesos judiciales, mientras que congresistas de bancadas como Avanza Pa\u00eds criticaron la decisi\u00f3n, argumentando que Ch\u00e1vez tuvo un rol activo en un atentado contra el orden constitucional. La Defensor\u00eda del Pueblo destac\u00f3 la sentencia como un precedente contra detenciones arbitrarias, enfatizando la importancia de respetar los plazos legales en los procesos judiciales.<\/p>\n\n\n\n<p>A pesar de su liberaci\u00f3n, el proceso penal contra Ch\u00e1vez contin\u00faa. El Ministerio P\u00fablico, que solicita 25 a\u00f1os de prisi\u00f3n por rebeli\u00f3n, podr\u00eda presentar un nuevo pedido de prisi\u00f3n preventiva, citando el riesgo de fuga debido al intento de la ex primera ministra de refugiarse en la Embajada de M\u00e9xico tras los eventos de 2022. El caso sigue siendo objeto de debate p\u00fablico, reflejando las tensiones pol\u00edticas y sociales en torno a la justicia en el pa\u00eds.<\/p>\n","protected":false},"excerpt":{"rendered":"<p>El Tribunal Constitucional (TC) de Per\u00fa dispuso el 3 de septiembre de 2025 la liberaci\u00f3n de la ex primera ministra Betssy Ch\u00e1vez, tras declarar fundado un recurso de habeas corpus presentado por su defensa. La decisi\u00f3n se bas\u00f3 en la determinaci\u00f3n de que la extensi\u00f3n de su prisi\u00f3n preventiva, iniciada en junio de 2023, carec\u00eda [&hellip;]<\/p>\n","protected":false},"author":7,"featured_media":6187,"comment_status":"open","ping_status":"open","sticky":false,"template":"","format":"standard","meta":{"footnotes":""},"categories":[177,174],"tags":[2468,2470,2469,385],"class_list":["post-6186","post","type-post","status-publish","format-standard","has-post-thumbnail","hentry","category-economia","category-nacional","tag-betssy-chavez","tag-defensoria-del-pueblo","tag-liberacion","tag-tribunal-constitucional"],"yoast_head":"<!-- This site is optimized with the Yoast SEO plugin v27.4 - https:\/\/yoast.com\/product\/yoast-seo-wordpress\/ -->\n<title>Tribunal Constitucional ordena la liberaci\u00f3n de Betssy Ch\u00e1vez tras habeas corpus - Pulso27<\/title>\n<meta name=\"robots\" content=\"index, follow, max-snippet:-1, max-image-preview:large, max-video-preview:-1\" \/>\n<link rel=\"canonical\" href=\"https:\/\/pulso27.com\/es\/actualidad\/economia\/tribunal-constitucional-ordena-la-liberacion-de-betssy-chavez-tras-habeas-corpus\/\" \/>\n<meta property=\"og:locale\" content=\"es_ES\" \/>\n<meta property=\"og:type\" content=\"article\" \/>\n<meta property=\"og:title\" content=\"Tribunal Constitucional ordena la liberaci\u00f3n de Betssy Ch\u00e1vez tras habeas corpus - Pulso27\" \/>\n<meta property=\"og:description\" content=\"El Tribunal Constitucional (TC) de Per\u00fa dispuso el 3 de septiembre de 2025 la liberaci\u00f3n de la ex primera ministra Betssy Ch\u00e1vez, tras declarar fundado un recurso de habeas corpus presentado por su defensa. La decisi\u00f3n se bas\u00f3 en la determinaci\u00f3n de que la extensi\u00f3n de su prisi\u00f3n preventiva, iniciada en junio de 2023, carec\u00eda [&hellip;]\" \/>\n<meta property=\"og:url\" content=\"https:\/\/pulso27.com\/es\/actualidad\/economia\/tribunal-constitucional-ordena-la-liberacion-de-betssy-chavez-tras-habeas-corpus\/\" \/>\n<meta property=\"og:site_name\" content=\"Pulso27\" \/>\n<meta property=\"article:publisher\" content=\"https:\/\/www.facebook.com\/pulso27\/\" \/>\n<meta property=\"article:published_time\" content=\"2025-09-04T05:32:03+00:00\" \/>\n<meta property=\"article:modified_time\" content=\"2025-09-04T05:32:36+00:00\" \/>\n<meta property=\"og:image\" content=\"https:\/\/pulso27.com\/wp-content\/uploads\/2025\/09\/Betssy.png\" \/>\n\t<meta property=\"og:image:width\" content=\"1285\" \/>\n\t<meta property=\"og:image:height\" content=\"830\" \/>\n\t<meta property=\"og:image:type\" content=\"image\/png\" \/>\n<meta name=\"author\" content=\"Tupaq\" \/>\n<meta name=\"twitter:card\" content=\"summary_large_image\" \/>\n<meta name=\"twitter:creator\" content=\"@Pulso_27\" \/>\n<meta name=\"twitter:site\" content=\"@Pulso_27\" \/>\n<meta name=\"twitter:label1\" content=\"Written by\" \/>\n\t<meta name=\"twitter:data1\" content=\"Tupaq\" \/>\n\t<meta name=\"twitter:label2\" content=\"Est. reading time\" \/>\n\t<meta name=\"twitter:data2\" content=\"2 minutos\" \/>\n<script type=\"application\/ld+json\" class=\"yoast-schema-graph\">{\"@context\":\"https:\\\/\\\/schema.org\",\"@graph\":[{\"@type\":\"Article\",\"@id\":\"https:\\\/\\\/pulso27.com\\\/actualidad\\\/economia\\\/tribunal-constitucional-ordena-la-liberacion-de-betssy-chavez-tras-habeas-corpus\\\/#article\",\"isPartOf\":{\"@id\":\"https:\\\/\\\/pulso27.com\\\/actualidad\\\/economia\\\/tribunal-constitucional-ordena-la-liberacion-de-betssy-chavez-tras-habeas-corpus\\\/\"},\"author\":{\"name\":\"Tupaq\",\"@id\":\"https:\\\/\\\/pulso27.com\\\/en\\\/#\\\/schema\\\/person\\\/d20fd7f5bc7f2e53fd150d43fca07a78\"},\"headline\":\"Tribunal Constitucional ordena la liberaci\u00f3n de Betssy Ch\u00e1vez tras habeas corpus\",\"datePublished\":\"2025-09-04T05:32:03+00:00\",\"dateModified\":\"2025-09-04T05:32:36+00:00\",\"mainEntityOfPage\":{\"@id\":\"https:\\\/\\\/pulso27.com\\\/actualidad\\\/economia\\\/tribunal-constitucional-ordena-la-liberacion-de-betssy-chavez-tras-habeas-corpus\\\/\"},\"wordCount\":300,\"commentCount\":0,\"publisher\":{\"@id\":\"https:\\\/\\\/pulso27.com\\\/en\\\/#organization\"},\"image\":{\"@id\":\"https:\\\/\\\/pulso27.com\\\/actualidad\\\/economia\\\/tribunal-constitucional-ordena-la-liberacion-de-betssy-chavez-tras-habeas-corpus\\\/#primaryimage\"},\"thumbnailUrl\":\"https:\\\/\\\/pulso27.com\\\/wp-content\\\/uploads\\\/2025\\\/09\\\/Betssy.png\",\"keywords\":[\"Betssy Ch\u00e1vez\",\"Defensor\u00eda del Pueblo\",\"Liberaci\u00f3n\",\"Tribunal Constitucional\"],\"articleSection\":[\"Econom\u00eda\",\"Nacional\"],\"inLanguage\":\"es-PE\",\"potentialAction\":[{\"@type\":\"CommentAction\",\"name\":\"Comment\",\"target\":[\"https:\\\/\\\/pulso27.com\\\/actualidad\\\/economia\\\/tribunal-constitucional-ordena-la-liberacion-de-betssy-chavez-tras-habeas-corpus\\\/#respond\"]}]},{\"@type\":\"WebPage\",\"@id\":\"https:\\\/\\\/pulso27.com\\\/actualidad\\\/economia\\\/tribunal-constitucional-ordena-la-liberacion-de-betssy-chavez-tras-habeas-corpus\\\/\",\"url\":\"https:\\\/\\\/pulso27.com\\\/actualidad\\\/economia\\\/tribunal-constitucional-ordena-la-liberacion-de-betssy-chavez-tras-habeas-corpus\\\/\",\"name\":\"Tribunal Constitucional ordena la liberaci\u00f3n de Betssy Ch\u00e1vez tras habeas corpus - Pulso27\",\"isPartOf\":{\"@id\":\"https:\\\/\\\/pulso27.com\\\/en\\\/#website\"},\"primaryImageOfPage\":{\"@id\":\"https:\\\/\\\/pulso27.com\\\/actualidad\\\/economia\\\/tribunal-constitucional-ordena-la-liberacion-de-betssy-chavez-tras-habeas-corpus\\\/#primaryimage\"},\"image\":{\"@id\":\"https:\\\/\\\/pulso27.com\\\/actualidad\\\/economia\\\/tribunal-constitucional-ordena-la-liberacion-de-betssy-chavez-tras-habeas-corpus\\\/#primaryimage\"},\"thumbnailUrl\":\"https:\\\/\\\/pulso27.com\\\/wp-content\\\/uploads\\\/2025\\\/09\\\/Betssy.png\",\"datePublished\":\"2025-09-04T05:32:03+00:00\",\"dateModified\":\"2025-09-04T05:32:36+00:00\",\"breadcrumb\":{\"@id\":\"https:\\\/\\\/pulso27.com\\\/actualidad\\\/economia\\\/tribunal-constitucional-ordena-la-liberacion-de-betssy-chavez-tras-habeas-corpus\\\/#breadcrumb\"},\"inLanguage\":\"es-PE\",\"potentialAction\":[{\"@type\":\"ReadAction\",\"target\":[\"https:\\\/\\\/pulso27.com\\\/actualidad\\\/economia\\\/tribunal-constitucional-ordena-la-liberacion-de-betssy-chavez-tras-habeas-corpus\\\/\"]}]},{\"@type\":\"ImageObject\",\"inLanguage\":\"es-PE\",\"@id\":\"https:\\\/\\\/pulso27.com\\\/actualidad\\\/economia\\\/tribunal-constitucional-ordena-la-liberacion-de-betssy-chavez-tras-habeas-corpus\\\/#primaryimage\",\"url\":\"https:\\\/\\\/pulso27.com\\\/wp-content\\\/uploads\\\/2025\\\/09\\\/Betssy.png\",\"contentUrl\":\"https:\\\/\\\/pulso27.com\\\/wp-content\\\/uploads\\\/2025\\\/09\\\/Betssy.png\",\"width\":1285,\"height\":830},{\"@type\":\"BreadcrumbList\",\"@id\":\"https:\\\/\\\/pulso27.com\\\/actualidad\\\/economia\\\/tribunal-constitucional-ordena-la-liberacion-de-betssy-chavez-tras-habeas-corpus\\\/#breadcrumb\",\"itemListElement\":[{\"@type\":\"ListItem\",\"position\":1,\"name\":\"Portada\",\"item\":\"https:\\\/\\\/pulso27.com\\\/\"},{\"@type\":\"ListItem\",\"position\":2,\"name\":\"Tribunal Constitucional ordena la liberaci\u00f3n de Betssy Ch\u00e1vez tras habeas corpus\"}]},{\"@type\":\"WebSite\",\"@id\":\"https:\\\/\\\/pulso27.com\\\/en\\\/#website\",\"url\":\"https:\\\/\\\/pulso27.com\\\/en\\\/\",\"name\":\"Pulso27\",\"description\":\"Web de noticias y publicidad\",\"publisher\":{\"@id\":\"https:\\\/\\\/pulso27.com\\\/en\\\/#organization\"},\"alternateName\":\"El pulso del pueblo\",\"potentialAction\":[{\"@type\":\"SearchAction\",\"target\":{\"@type\":\"EntryPoint\",\"urlTemplate\":\"https:\\\/\\\/pulso27.com\\\/en\\\/?s={search_term_string}\"},\"query-input\":{\"@type\":\"PropertyValueSpecification\",\"valueRequired\":true,\"valueName\":\"search_term_string\"}}],\"inLanguage\":\"es-PE\"},{\"@type\":\"Organization\",\"@id\":\"https:\\\/\\\/pulso27.com\\\/en\\\/#organization\",\"name\":\"Pulso27\",\"url\":\"https:\\\/\\\/pulso27.com\\\/en\\\/\",\"logo\":{\"@type\":\"ImageObject\",\"inLanguage\":\"es-PE\",\"@id\":\"https:\\\/\\\/pulso27.com\\\/en\\\/#\\\/schema\\\/logo\\\/image\\\/\",\"url\":\"https:\\\/\\\/pulso27.com\\\/wp-content\\\/uploads\\\/2026\\\/02\\\/Logotipo-de-la-organizacion-696-x-696-px-ok.png\",\"contentUrl\":\"https:\\\/\\\/pulso27.com\\\/wp-content\\\/uploads\\\/2026\\\/02\\\/Logotipo-de-la-organizacion-696-x-696-px-ok.png\",\"width\":696,\"height\":696,\"caption\":\"Pulso27\"},\"image\":{\"@id\":\"https:\\\/\\\/pulso27.com\\\/en\\\/#\\\/schema\\\/logo\\\/image\\\/\"},\"sameAs\":[\"https:\\\/\\\/www.facebook.com\\\/pulso27\\\/\",\"https:\\\/\\\/x.com\\\/Pulso_27\",\"https:\\\/\\\/www.youtube.com\\\/@Pulso27\",\"https:\\\/\\\/www.tiktok.com\\\/@pulso_27\"]},{\"@type\":\"Person\",\"@id\":\"https:\\\/\\\/pulso27.com\\\/en\\\/#\\\/schema\\\/person\\\/d20fd7f5bc7f2e53fd150d43fca07a78\",\"name\":\"Tupaq\",\"image\":{\"@type\":\"ImageObject\",\"inLanguage\":\"es-PE\",\"@id\":\"https:\\\/\\\/secure.gravatar.com\\\/avatar\\\/7929e9b034aeea560319a601e4f04c59eb5f45a79eafe192adabb67e9604e7e7?s=96&d=mm&r=g\",\"url\":\"https:\\\/\\\/secure.gravatar.com\\\/avatar\\\/7929e9b034aeea560319a601e4f04c59eb5f45a79eafe192adabb67e9604e7e7?s=96&d=mm&r=g\",\"contentUrl\":\"https:\\\/\\\/secure.gravatar.com\\\/avatar\\\/7929e9b034aeea560319a601e4f04c59eb5f45a79eafe192adabb67e9604e7e7?s=96&d=mm&r=g\",\"caption\":\"Tupaq\"},\"url\":\"https:\\\/\\\/pulso27.com\\\/es\\\/author\\\/tupaq\\\/\"}]}<\/script>\n<!-- \/ Yoast SEO plugin. -->","yoast_head_json":{"title":"Tribunal Constitucional ordena la liberaci\u00f3n de Betssy Ch\u00e1vez tras habeas corpus - Pulso27","robots":{"index":"index","follow":"follow","max-snippet":"max-snippet:-1","max-image-preview":"max-image-preview:large","max-video-preview":"max-video-preview:-1"},"canonical":"https:\/\/pulso27.com\/es\/actualidad\/economia\/tribunal-constitucional-ordena-la-liberacion-de-betssy-chavez-tras-habeas-corpus\/","og_locale":"es_ES","og_type":"article","og_title":"Tribunal Constitucional ordena la liberaci\u00f3n de Betssy Ch\u00e1vez tras habeas corpus - Pulso27","og_description":"El Tribunal Constitucional (TC) de Per\u00fa dispuso el 3 de septiembre de 2025 la liberaci\u00f3n de la ex primera ministra Betssy Ch\u00e1vez, tras declarar fundado un recurso de habeas corpus presentado por su defensa. La decisi\u00f3n se bas\u00f3 en la determinaci\u00f3n de que la extensi\u00f3n de su prisi\u00f3n preventiva, iniciada en junio de 2023, carec\u00eda [&hellip;]","og_url":"https:\/\/pulso27.com\/es\/actualidad\/economia\/tribunal-constitucional-ordena-la-liberacion-de-betssy-chavez-tras-habeas-corpus\/","og_site_name":"Pulso27","article_publisher":"https:\/\/www.facebook.com\/pulso27\/","article_published_time":"2025-09-04T05:32:03+00:00","article_modified_time":"2025-09-04T05:32:36+00:00","og_image":[{"width":1285,"height":830,"url":"https:\/\/pulso27.com\/wp-content\/uploads\/2025\/09\/Betssy.png","type":"image\/png"}],"author":"Tupaq","twitter_card":"summary_large_image","twitter_creator":"@Pulso_27","twitter_site":"@Pulso_27","twitter_misc":{"Written by":"Tupaq","Est. reading time":"2 minutos"},"schema":{"@context":"https:\/\/schema.org","@graph":[{"@type":"Article","@id":"https:\/\/pulso27.com\/actualidad\/economia\/tribunal-constitucional-ordena-la-liberacion-de-betssy-chavez-tras-habeas-corpus\/#article","isPartOf":{"@id":"https:\/\/pulso27.com\/actualidad\/economia\/tribunal-constitucional-ordena-la-liberacion-de-betssy-chavez-tras-habeas-corpus\/"},"author":{"name":"Tupaq","@id":"https:\/\/pulso27.com\/en\/#\/schema\/person\/d20fd7f5bc7f2e53fd150d43fca07a78"},"headline":"Tribunal Constitucional ordena la liberaci\u00f3n de Betssy Ch\u00e1vez tras habeas corpus","datePublished":"2025-09-04T05:32:03+00:00","dateModified":"2025-09-04T05:32:36+00:00","mainEntityOfPage":{"@id":"https:\/\/pulso27.com\/actualidad\/economia\/tribunal-constitucional-ordena-la-liberacion-de-betssy-chavez-tras-habeas-corpus\/"},"wordCount":300,"commentCount":0,"publisher":{"@id":"https:\/\/pulso27.com\/en\/#organization"},"image":{"@id":"https:\/\/pulso27.com\/actualidad\/economia\/tribunal-constitucional-ordena-la-liberacion-de-betssy-chavez-tras-habeas-corpus\/#primaryimage"},"thumbnailUrl":"https:\/\/pulso27.com\/wp-content\/uploads\/2025\/09\/Betssy.png","keywords":["Betssy Ch\u00e1vez","Defensor\u00eda del Pueblo","Liberaci\u00f3n","Tribunal Constitucional"],"articleSection":["Econom\u00eda","Nacional"],"inLanguage":"es-PE","potentialAction":[{"@type":"CommentAction","name":"Comment","target":["https:\/\/pulso27.com\/actualidad\/economia\/tribunal-constitucional-ordena-la-liberacion-de-betssy-chavez-tras-habeas-corpus\/#respond"]}]},{"@type":"WebPage","@id":"https:\/\/pulso27.com\/actualidad\/economia\/tribunal-constitucional-ordena-la-liberacion-de-betssy-chavez-tras-habeas-corpus\/","url":"https:\/\/pulso27.com\/actualidad\/economia\/tribunal-constitucional-ordena-la-liberacion-de-betssy-chavez-tras-habeas-corpus\/","name":"Tribunal Constitucional ordena la liberaci\u00f3n de Betssy Ch\u00e1vez tras habeas corpus - Pulso27","isPartOf":{"@id":"https:\/\/pulso27.com\/en\/#website"},"primaryImageOfPage":{"@id":"https:\/\/pulso27.com\/actualidad\/economia\/tribunal-constitucional-ordena-la-liberacion-de-betssy-chavez-tras-habeas-corpus\/#primaryimage"},"image":{"@id":"https:\/\/pulso27.com\/actualidad\/economia\/tribunal-constitucional-ordena-la-liberacion-de-betssy-chavez-tras-habeas-corpus\/#primaryimage"},"thumbnailUrl":"https:\/\/pulso27.com\/wp-content\/uploads\/2025\/09\/Betssy.png","datePublished":"2025-09-04T05:32:03+00:00","dateModified":"2025-09-04T05:32:36+00:00","breadcrumb":{"@id":"https:\/\/pulso27.com\/actualidad\/economia\/tribunal-constitucional-ordena-la-liberacion-de-betssy-chavez-tras-habeas-corpus\/#breadcrumb"},"inLanguage":"es-PE","potentialAction":[{"@type":"ReadAction","target":["https:\/\/pulso27.com\/actualidad\/economia\/tribunal-constitucional-ordena-la-liberacion-de-betssy-chavez-tras-habeas-corpus\/"]}]},{"@type":"ImageObject","inLanguage":"es-PE","@id":"https:\/\/pulso27.com\/actualidad\/economia\/tribunal-constitucional-ordena-la-liberacion-de-betssy-chavez-tras-habeas-corpus\/#primaryimage","url":"https:\/\/pulso27.com\/wp-content\/uploads\/2025\/09\/Betssy.png","contentUrl":"https:\/\/pulso27.com\/wp-content\/uploads\/2025\/09\/Betssy.png","width":1285,"height":830},{"@type":"BreadcrumbList","@id":"https:\/\/pulso27.com\/actualidad\/economia\/tribunal-constitucional-ordena-la-liberacion-de-betssy-chavez-tras-habeas-corpus\/#breadcrumb","itemListElement":[{"@type":"ListItem","position":1,"name":"Portada","item":"https:\/\/pulso27.com\/"},{"@type":"ListItem","position":2,"name":"Tribunal Constitucional ordena la liberaci\u00f3n de Betssy Ch\u00e1vez tras habeas corpus"}]},{"@type":"WebSite","@id":"https:\/\/pulso27.com\/en\/#website","url":"https:\/\/pulso27.com\/en\/","name":"Pulso27","description":"Web de noticias y publicidad","publisher":{"@id":"https:\/\/pulso27.com\/en\/#organization"},"alternateName":"El pulso del pueblo","potentialAction":[{"@type":"SearchAction","target":{"@type":"EntryPoint","urlTemplate":"https:\/\/pulso27.com\/en\/?s={search_term_string}"},"query-input":{"@type":"PropertyValueSpecification","valueRequired":true,"valueName":"search_term_string"}}],"inLanguage":"es-PE"},{"@type":"Organization","@id":"https:\/\/pulso27.com\/en\/#organization","name":"Pulso27","url":"https:\/\/pulso27.com\/en\/","logo":{"@type":"ImageObject","inLanguage":"es-PE","@id":"https:\/\/pulso27.com\/en\/#\/schema\/logo\/image\/","url":"https:\/\/pulso27.com\/wp-content\/uploads\/2026\/02\/Logotipo-de-la-organizacion-696-x-696-px-ok.png","contentUrl":"https:\/\/pulso27.com\/wp-content\/uploads\/2026\/02\/Logotipo-de-la-organizacion-696-x-696-px-ok.png","width":696,"height":696,"caption":"Pulso27"},"image":{"@id":"https:\/\/pulso27.com\/en\/#\/schema\/logo\/image\/"},"sameAs":["https:\/\/www.facebook.com\/pulso27\/","https:\/\/x.com\/Pulso_27","https:\/\/www.youtube.com\/@Pulso27","https:\/\/www.tiktok.com\/@pulso_27"]},{"@type":"Person","@id":"https:\/\/pulso27.com\/en\/#\/schema\/person\/d20fd7f5bc7f2e53fd150d43fca07a78","name":"Tupaq","image":{"@type":"ImageObject","inLanguage":"es-PE","@id":"https:\/\/secure.gravatar.com\/avatar\/7929e9b034aeea560319a601e4f04c59eb5f45a79eafe192adabb67e9604e7e7?s=96&d=mm&r=g","url":"https:\/\/secure.gravatar.com\/avatar\/7929e9b034aeea560319a601e4f04c59eb5f45a79eafe192adabb67e9604e7e7?s=96&d=mm&r=g","contentUrl":"https:\/\/secure.gravatar.com\/avatar\/7929e9b034aeea560319a601e4f04c59eb5f45a79eafe192adabb67e9604e7e7?s=96&d=mm&r=g","caption":"Tupaq"},"url":"https:\/\/pulso27.com\/es\/author\/tupaq\/"}]}},"amp_enabled":true,"_links":{"self":[{"href":"https:\/\/pulso27.com\/es\/wp-json\/wp\/v2\/posts\/6186","targetHints":{"allow":["GET"]}}],"collection":[{"href":"https:\/\/pulso27.com\/es\/wp-json\/wp\/v2\/posts"}],"about":[{"href":"https:\/\/pulso27.com\/es\/wp-json\/wp\/v2\/types\/post"}],"author":[{"embeddable":true,"href":"https:\/\/pulso27.com\/es\/wp-json\/wp\/v2\/users\/7"}],"replies":[{"embeddable":true,"href":"https:\/\/pulso27.com\/es\/wp-json\/wp\/v2\/comments?post=6186"}],"version-history":[{"count":1,"href":"https:\/\/pulso27.com\/es\/wp-json\/wp\/v2\/posts\/6186\/revisions"}],"predecessor-version":[{"id":6191,"href":"https:\/\/pulso27.com\/es\/wp-json\/wp\/v2\/posts\/6186\/revisions\/6191"}],"wp:featuredmedia":[{"embeddable":true,"href":"https:\/\/pulso27.com\/es\/wp-json\/wp\/v2\/media\/6187"}],"wp:attachment":[{"href":"https:\/\/pulso27.com\/es\/wp-json\/wp\/v2\/media?parent=6186"}],"wp:term":[{"taxonomy":"category","embeddable":true,"href":"https:\/\/pulso27.com\/es\/wp-json\/wp\/v2\/categories?post=6186"},{"taxonomy":"post_tag","embeddable":true,"href":"https:\/\/pulso27.com\/es\/wp-json\/wp\/v2\/tags?post=6186"}],"curies":[{"name":"wp","href":"https:\/\/api.w.org\/{rel}","templated":true}]}}