{"id":6192,"date":"2025-09-04T10:43:19","date_gmt":"2025-09-04T05:43:19","guid":{"rendered":"https:\/\/pulso27.com\/?p=6192"},"modified":"2025-09-04T10:43:24","modified_gmt":"2025-09-04T05:43:24","slug":"claudia-sheinbaum-alcanza-historica-aprobacion-en-su-tercer-trimestre-como-presidenta-de-mexico","status":"publish","type":"post","link":"https:\/\/pulso27.com\/es\/actualidad\/claudia-sheinbaum-alcanza-historica-aprobacion-en-su-tercer-trimestre-como-presidenta-de-mexico\/","title":{"rendered":"Claudia Sheinbaum alcanza hist\u00f3rica aprobaci\u00f3n en su tercer trimestre como presidenta de M\u00e9xico"},"content":{"rendered":"\n<p>La presidenta Claudia Sheinbaum goza de una aprobaci\u00f3n del 70.1% al cierre de su tercer trimestre de gobierno, seg\u00fan una encuesta de Mitofsky publicada por <em>El Economista<\/em>. Este nivel de respaldo la posiciona como una de las mandatarias mejor evaluadas en la historia reciente de M\u00e9xico, superando a expresidentes como Felipe Calder\u00f3n y Andr\u00e9s Manuel L\u00f3pez Obrador en el mismo periodo. Su popularidad se atribuye a la continuidad de pol\u00edticas sociales populares y a su enfoque en temas clave como la seguridad y el desarrollo econ\u00f3mico.<\/p>\n\n\n\n<p>Una encuesta adicional de Parametr\u00eda, reportada por BBC News Mundo, revel\u00f3 que en abril de 2025 Sheinbaum alcanz\u00f3 un 85% de aprobaci\u00f3n, un r\u00e9cord en las \u00faltimas tres d\u00e9cadas. Los j\u00f3venes de 18 a 29 a\u00f1os, las mujeres y los simpatizantes de Morena son los grupos que m\u00e1s respaldan su gesti\u00f3n. A pesar de este apoyo, persisten preocupaciones ciudadanas, con un 59.8% se\u00f1alando la inseguridad como el principal problema, seguido por la econom\u00eda (17.4%) y la salud (12.4%). No obstante, el 63.3% de los mexicanos considera que el pa\u00eds avanza en la direcci\u00f3n correcta.<\/p>\n\n\n\n<p>A pesar de los retos, como la percepci\u00f3n de que la corrupci\u00f3n sigue siendo significativa (81.5%), Sheinbaum ha logrado consolidar una base s\u00f3lida de apoyo. Su estrategia de mantener cercan\u00eda con la poblaci\u00f3n y fortalecer la relaci\u00f3n con el sector privado ha sido bien recibida. Analistas destacan que su capacidad para mantener este nivel de aprobaci\u00f3n depender\u00e1 de los resultados concretos en seguridad y econom\u00eda en los pr\u00f3ximos meses.<\/p>\n","protected":false},"excerpt":{"rendered":"<p>La presidenta Claudia Sheinbaum goza de una aprobaci\u00f3n del 70.1% al cierre de su tercer trimestre de gobierno, seg\u00fan una encuesta de Mitofsky publicada por El Economista. Este nivel de respaldo la posiciona como una de las mandatarias mejor evaluadas en la historia reciente de M\u00e9xico, superando a expresidentes como Felipe Calder\u00f3n y Andr\u00e9s Manuel [&hellip;]<\/p>\n","protected":false},"author":8,"featured_media":6193,"comment_status":"open","ping_status":"open","sticky":false,"template":"","format":"standard","meta":{"footnotes":""},"categories":[183,174,180],"tags":[2459,2473,825,2472],"class_list":["post-6192","post","type-post","status-publish","format-standard","has-post-thumbnail","hentry","category-actualidad","category-nacional","category-politica","tag-claudia-sheinbaum-pardo","tag-el-economista","tag-mexico","tag-morena"],"yoast_head":"<!-- This site is optimized with the Yoast SEO plugin v27.4 - https:\/\/yoast.com\/product\/yoast-seo-wordpress\/ -->\n<title>Claudia Sheinbaum alcanza hist\u00f3rica aprobaci\u00f3n en su tercer trimestre como presidenta de M\u00e9xico - Pulso27<\/title>\n<meta name=\"robots\" content=\"index, follow, max-snippet:-1, max-image-preview:large, max-video-preview:-1\" \/>\n<link rel=\"canonical\" href=\"https:\/\/pulso27.com\/es\/actualidad\/claudia-sheinbaum-alcanza-historica-aprobacion-en-su-tercer-trimestre-como-presidenta-de-mexico\/\" \/>\n<meta property=\"og:locale\" content=\"es_ES\" \/>\n<meta property=\"og:type\" content=\"article\" \/>\n<meta property=\"og:title\" content=\"Claudia Sheinbaum alcanza hist\u00f3rica aprobaci\u00f3n en su tercer trimestre como presidenta de M\u00e9xico - Pulso27\" \/>\n<meta property=\"og:description\" content=\"La presidenta Claudia Sheinbaum goza de una aprobaci\u00f3n del 70.1% al cierre de su tercer trimestre de gobierno, seg\u00fan una encuesta de Mitofsky publicada por El Economista. Este nivel de respaldo la posiciona como una de las mandatarias mejor evaluadas en la historia reciente de M\u00e9xico, superando a expresidentes como Felipe Calder\u00f3n y Andr\u00e9s Manuel [&hellip;]\" \/>\n<meta property=\"og:url\" content=\"https:\/\/pulso27.com\/es\/actualidad\/claudia-sheinbaum-alcanza-historica-aprobacion-en-su-tercer-trimestre-como-presidenta-de-mexico\/\" \/>\n<meta property=\"og:site_name\" content=\"Pulso27\" \/>\n<meta property=\"article:publisher\" content=\"https:\/\/www.facebook.com\/pulso27\/\" \/>\n<meta property=\"article:published_time\" content=\"2025-09-04T05:43:19+00:00\" \/>\n<meta property=\"article:modified_time\" content=\"2025-09-04T05:43:24+00:00\" \/>\n<meta property=\"og:image\" content=\"https:\/\/pulso27.com\/wp-content\/uploads\/2025\/09\/Mexico.png\" \/>\n\t<meta property=\"og:image:width\" content=\"1300\" \/>\n\t<meta property=\"og:image:height\" content=\"800\" \/>\n\t<meta property=\"og:image:type\" content=\"image\/png\" \/>\n<meta name=\"author\" content=\"Maga\" \/>\n<meta name=\"twitter:card\" content=\"summary_large_image\" \/>\n<meta name=\"twitter:creator\" content=\"@Pulso_27\" \/>\n<meta name=\"twitter:site\" content=\"@Pulso_27\" \/>\n<meta name=\"twitter:label1\" content=\"Written by\" \/>\n\t<meta name=\"twitter:data1\" content=\"Maga\" \/>\n\t<meta name=\"twitter:label2\" content=\"Est. reading time\" \/>\n\t<meta name=\"twitter:data2\" content=\"2 minutos\" \/>\n<script type=\"application\/ld+json\" class=\"yoast-schema-graph\">{\"@context\":\"https:\\\/\\\/schema.org\",\"@graph\":[{\"@type\":\"Article\",\"@id\":\"https:\\\/\\\/pulso27.com\\\/actualidad\\\/claudia-sheinbaum-alcanza-historica-aprobacion-en-su-tercer-trimestre-como-presidenta-de-mexico\\\/#article\",\"isPartOf\":{\"@id\":\"https:\\\/\\\/pulso27.com\\\/actualidad\\\/claudia-sheinbaum-alcanza-historica-aprobacion-en-su-tercer-trimestre-como-presidenta-de-mexico\\\/\"},\"author\":{\"name\":\"Maga\",\"@id\":\"https:\\\/\\\/pulso27.com\\\/en\\\/#\\\/schema\\\/person\\\/92f5059eb04cb644a32d22c9bc998684\"},\"headline\":\"Claudia Sheinbaum alcanza hist\u00f3rica aprobaci\u00f3n en su tercer trimestre como presidenta de M\u00e9xico\",\"datePublished\":\"2025-09-04T05:43:19+00:00\",\"dateModified\":\"2025-09-04T05:43:24+00:00\",\"mainEntityOfPage\":{\"@id\":\"https:\\\/\\\/pulso27.com\\\/actualidad\\\/claudia-sheinbaum-alcanza-historica-aprobacion-en-su-tercer-trimestre-como-presidenta-de-mexico\\\/\"},\"wordCount\":284,\"commentCount\":0,\"publisher\":{\"@id\":\"https:\\\/\\\/pulso27.com\\\/en\\\/#organization\"},\"image\":{\"@id\":\"https:\\\/\\\/pulso27.com\\\/actualidad\\\/claudia-sheinbaum-alcanza-historica-aprobacion-en-su-tercer-trimestre-como-presidenta-de-mexico\\\/#primaryimage\"},\"thumbnailUrl\":\"https:\\\/\\\/pulso27.com\\\/wp-content\\\/uploads\\\/2025\\\/09\\\/Mexico.png\",\"keywords\":[\"Claudia Sheinbaum Pardo\",\"El Economista\",\"M\u00e9xico\",\"Morena\"],\"articleSection\":[\"Actualidad\",\"Nacional\",\"Pol\u00edtica\"],\"inLanguage\":\"es-PE\",\"potentialAction\":[{\"@type\":\"CommentAction\",\"name\":\"Comment\",\"target\":[\"https:\\\/\\\/pulso27.com\\\/actualidad\\\/claudia-sheinbaum-alcanza-historica-aprobacion-en-su-tercer-trimestre-como-presidenta-de-mexico\\\/#respond\"]}]},{\"@type\":\"WebPage\",\"@id\":\"https:\\\/\\\/pulso27.com\\\/actualidad\\\/claudia-sheinbaum-alcanza-historica-aprobacion-en-su-tercer-trimestre-como-presidenta-de-mexico\\\/\",\"url\":\"https:\\\/\\\/pulso27.com\\\/actualidad\\\/claudia-sheinbaum-alcanza-historica-aprobacion-en-su-tercer-trimestre-como-presidenta-de-mexico\\\/\",\"name\":\"Claudia Sheinbaum alcanza hist\u00f3rica aprobaci\u00f3n en su tercer trimestre como presidenta de M\u00e9xico - Pulso27\",\"isPartOf\":{\"@id\":\"https:\\\/\\\/pulso27.com\\\/en\\\/#website\"},\"primaryImageOfPage\":{\"@id\":\"https:\\\/\\\/pulso27.com\\\/actualidad\\\/claudia-sheinbaum-alcanza-historica-aprobacion-en-su-tercer-trimestre-como-presidenta-de-mexico\\\/#primaryimage\"},\"image\":{\"@id\":\"https:\\\/\\\/pulso27.com\\\/actualidad\\\/claudia-sheinbaum-alcanza-historica-aprobacion-en-su-tercer-trimestre-como-presidenta-de-mexico\\\/#primaryimage\"},\"thumbnailUrl\":\"https:\\\/\\\/pulso27.com\\\/wp-content\\\/uploads\\\/2025\\\/09\\\/Mexico.png\",\"datePublished\":\"2025-09-04T05:43:19+00:00\",\"dateModified\":\"2025-09-04T05:43:24+00:00\",\"breadcrumb\":{\"@id\":\"https:\\\/\\\/pulso27.com\\\/actualidad\\\/claudia-sheinbaum-alcanza-historica-aprobacion-en-su-tercer-trimestre-como-presidenta-de-mexico\\\/#breadcrumb\"},\"inLanguage\":\"es-PE\",\"potentialAction\":[{\"@type\":\"ReadAction\",\"target\":[\"https:\\\/\\\/pulso27.com\\\/actualidad\\\/claudia-sheinbaum-alcanza-historica-aprobacion-en-su-tercer-trimestre-como-presidenta-de-mexico\\\/\"]}]},{\"@type\":\"ImageObject\",\"inLanguage\":\"es-PE\",\"@id\":\"https:\\\/\\\/pulso27.com\\\/actualidad\\\/claudia-sheinbaum-alcanza-historica-aprobacion-en-su-tercer-trimestre-como-presidenta-de-mexico\\\/#primaryimage\",\"url\":\"https:\\\/\\\/pulso27.com\\\/wp-content\\\/uploads\\\/2025\\\/09\\\/Mexico.png\",\"contentUrl\":\"https:\\\/\\\/pulso27.com\\\/wp-content\\\/uploads\\\/2025\\\/09\\\/Mexico.png\",\"width\":1300,\"height\":800},{\"@type\":\"BreadcrumbList\",\"@id\":\"https:\\\/\\\/pulso27.com\\\/actualidad\\\/claudia-sheinbaum-alcanza-historica-aprobacion-en-su-tercer-trimestre-como-presidenta-de-mexico\\\/#breadcrumb\",\"itemListElement\":[{\"@type\":\"ListItem\",\"position\":1,\"name\":\"Portada\",\"item\":\"https:\\\/\\\/pulso27.com\\\/\"},{\"@type\":\"ListItem\",\"position\":2,\"name\":\"Claudia Sheinbaum alcanza hist\u00f3rica aprobaci\u00f3n en su tercer trimestre como presidenta de M\u00e9xico\"}]},{\"@type\":\"WebSite\",\"@id\":\"https:\\\/\\\/pulso27.com\\\/en\\\/#website\",\"url\":\"https:\\\/\\\/pulso27.com\\\/en\\\/\",\"name\":\"Pulso27\",\"description\":\"Web de noticias y publicidad\",\"publisher\":{\"@id\":\"https:\\\/\\\/pulso27.com\\\/en\\\/#organization\"},\"alternateName\":\"El pulso del pueblo\",\"potentialAction\":[{\"@type\":\"SearchAction\",\"target\":{\"@type\":\"EntryPoint\",\"urlTemplate\":\"https:\\\/\\\/pulso27.com\\\/en\\\/?s={search_term_string}\"},\"query-input\":{\"@type\":\"PropertyValueSpecification\",\"valueRequired\":true,\"valueName\":\"search_term_string\"}}],\"inLanguage\":\"es-PE\"},{\"@type\":\"Organization\",\"@id\":\"https:\\\/\\\/pulso27.com\\\/en\\\/#organization\",\"name\":\"Pulso27\",\"url\":\"https:\\\/\\\/pulso27.com\\\/en\\\/\",\"logo\":{\"@type\":\"ImageObject\",\"inLanguage\":\"es-PE\",\"@id\":\"https:\\\/\\\/pulso27.com\\\/en\\\/#\\\/schema\\\/logo\\\/image\\\/\",\"url\":\"https:\\\/\\\/pulso27.com\\\/wp-content\\\/uploads\\\/2026\\\/02\\\/Logotipo-de-la-organizacion-696-x-696-px-ok.png\",\"contentUrl\":\"https:\\\/\\\/pulso27.com\\\/wp-content\\\/uploads\\\/2026\\\/02\\\/Logotipo-de-la-organizacion-696-x-696-px-ok.png\",\"width\":696,\"height\":696,\"caption\":\"Pulso27\"},\"image\":{\"@id\":\"https:\\\/\\\/pulso27.com\\\/en\\\/#\\\/schema\\\/logo\\\/image\\\/\"},\"sameAs\":[\"https:\\\/\\\/www.facebook.com\\\/pulso27\\\/\",\"https:\\\/\\\/x.com\\\/Pulso_27\",\"https:\\\/\\\/www.youtube.com\\\/@Pulso27\",\"https:\\\/\\\/www.tiktok.com\\\/@pulso_27\"]},{\"@type\":\"Person\",\"@id\":\"https:\\\/\\\/pulso27.com\\\/en\\\/#\\\/schema\\\/person\\\/92f5059eb04cb644a32d22c9bc998684\",\"name\":\"Maga\",\"image\":{\"@type\":\"ImageObject\",\"inLanguage\":\"es-PE\",\"@id\":\"https:\\\/\\\/secure.gravatar.com\\\/avatar\\\/c4d5224d4227e7c057cd5793ba910425cc902f3aef97cda3eccc7acba8be2edc?s=96&d=mm&r=g\",\"url\":\"https:\\\/\\\/secure.gravatar.com\\\/avatar\\\/c4d5224d4227e7c057cd5793ba910425cc902f3aef97cda3eccc7acba8be2edc?s=96&d=mm&r=g\",\"contentUrl\":\"https:\\\/\\\/secure.gravatar.com\\\/avatar\\\/c4d5224d4227e7c057cd5793ba910425cc902f3aef97cda3eccc7acba8be2edc?s=96&d=mm&r=g\",\"caption\":\"Maga\"},\"sameAs\":[\"http:\\\/\\\/www.pulso27.com\"],\"url\":\"https:\\\/\\\/pulso27.com\\\/es\\\/author\\\/maga\\\/\"}]}<\/script>\n<!-- \/ Yoast SEO plugin. -->","yoast_head_json":{"title":"Claudia Sheinbaum alcanza hist\u00f3rica aprobaci\u00f3n en su tercer trimestre como presidenta de M\u00e9xico - Pulso27","robots":{"index":"index","follow":"follow","max-snippet":"max-snippet:-1","max-image-preview":"max-image-preview:large","max-video-preview":"max-video-preview:-1"},"canonical":"https:\/\/pulso27.com\/es\/actualidad\/claudia-sheinbaum-alcanza-historica-aprobacion-en-su-tercer-trimestre-como-presidenta-de-mexico\/","og_locale":"es_ES","og_type":"article","og_title":"Claudia Sheinbaum alcanza hist\u00f3rica aprobaci\u00f3n en su tercer trimestre como presidenta de M\u00e9xico - Pulso27","og_description":"La presidenta Claudia Sheinbaum goza de una aprobaci\u00f3n del 70.1% al cierre de su tercer trimestre de gobierno, seg\u00fan una encuesta de Mitofsky publicada por El Economista. Este nivel de respaldo la posiciona como una de las mandatarias mejor evaluadas en la historia reciente de M\u00e9xico, superando a expresidentes como Felipe Calder\u00f3n y Andr\u00e9s Manuel [&hellip;]","og_url":"https:\/\/pulso27.com\/es\/actualidad\/claudia-sheinbaum-alcanza-historica-aprobacion-en-su-tercer-trimestre-como-presidenta-de-mexico\/","og_site_name":"Pulso27","article_publisher":"https:\/\/www.facebook.com\/pulso27\/","article_published_time":"2025-09-04T05:43:19+00:00","article_modified_time":"2025-09-04T05:43:24+00:00","og_image":[{"width":1300,"height":800,"url":"https:\/\/pulso27.com\/wp-content\/uploads\/2025\/09\/Mexico.png","type":"image\/png"}],"author":"Maga","twitter_card":"summary_large_image","twitter_creator":"@Pulso_27","twitter_site":"@Pulso_27","twitter_misc":{"Written by":"Maga","Est. reading time":"2 minutos"},"schema":{"@context":"https:\/\/schema.org","@graph":[{"@type":"Article","@id":"https:\/\/pulso27.com\/actualidad\/claudia-sheinbaum-alcanza-historica-aprobacion-en-su-tercer-trimestre-como-presidenta-de-mexico\/#article","isPartOf":{"@id":"https:\/\/pulso27.com\/actualidad\/claudia-sheinbaum-alcanza-historica-aprobacion-en-su-tercer-trimestre-como-presidenta-de-mexico\/"},"author":{"name":"Maga","@id":"https:\/\/pulso27.com\/en\/#\/schema\/person\/92f5059eb04cb644a32d22c9bc998684"},"headline":"Claudia Sheinbaum alcanza hist\u00f3rica aprobaci\u00f3n en su tercer trimestre como presidenta de M\u00e9xico","datePublished":"2025-09-04T05:43:19+00:00","dateModified":"2025-09-04T05:43:24+00:00","mainEntityOfPage":{"@id":"https:\/\/pulso27.com\/actualidad\/claudia-sheinbaum-alcanza-historica-aprobacion-en-su-tercer-trimestre-como-presidenta-de-mexico\/"},"wordCount":284,"commentCount":0,"publisher":{"@id":"https:\/\/pulso27.com\/en\/#organization"},"image":{"@id":"https:\/\/pulso27.com\/actualidad\/claudia-sheinbaum-alcanza-historica-aprobacion-en-su-tercer-trimestre-como-presidenta-de-mexico\/#primaryimage"},"thumbnailUrl":"https:\/\/pulso27.com\/wp-content\/uploads\/2025\/09\/Mexico.png","keywords":["Claudia Sheinbaum Pardo","El Economista","M\u00e9xico","Morena"],"articleSection":["Actualidad","Nacional","Pol\u00edtica"],"inLanguage":"es-PE","potentialAction":[{"@type":"CommentAction","name":"Comment","target":["https:\/\/pulso27.com\/actualidad\/claudia-sheinbaum-alcanza-historica-aprobacion-en-su-tercer-trimestre-como-presidenta-de-mexico\/#respond"]}]},{"@type":"WebPage","@id":"https:\/\/pulso27.com\/actualidad\/claudia-sheinbaum-alcanza-historica-aprobacion-en-su-tercer-trimestre-como-presidenta-de-mexico\/","url":"https:\/\/pulso27.com\/actualidad\/claudia-sheinbaum-alcanza-historica-aprobacion-en-su-tercer-trimestre-como-presidenta-de-mexico\/","name":"Claudia Sheinbaum alcanza hist\u00f3rica aprobaci\u00f3n en su tercer trimestre como presidenta de M\u00e9xico - Pulso27","isPartOf":{"@id":"https:\/\/pulso27.com\/en\/#website"},"primaryImageOfPage":{"@id":"https:\/\/pulso27.com\/actualidad\/claudia-sheinbaum-alcanza-historica-aprobacion-en-su-tercer-trimestre-como-presidenta-de-mexico\/#primaryimage"},"image":{"@id":"https:\/\/pulso27.com\/actualidad\/claudia-sheinbaum-alcanza-historica-aprobacion-en-su-tercer-trimestre-como-presidenta-de-mexico\/#primaryimage"},"thumbnailUrl":"https:\/\/pulso27.com\/wp-content\/uploads\/2025\/09\/Mexico.png","datePublished":"2025-09-04T05:43:19+00:00","dateModified":"2025-09-04T05:43:24+00:00","breadcrumb":{"@id":"https:\/\/pulso27.com\/actualidad\/claudia-sheinbaum-alcanza-historica-aprobacion-en-su-tercer-trimestre-como-presidenta-de-mexico\/#breadcrumb"},"inLanguage":"es-PE","potentialAction":[{"@type":"ReadAction","target":["https:\/\/pulso27.com\/actualidad\/claudia-sheinbaum-alcanza-historica-aprobacion-en-su-tercer-trimestre-como-presidenta-de-mexico\/"]}]},{"@type":"ImageObject","inLanguage":"es-PE","@id":"https:\/\/pulso27.com\/actualidad\/claudia-sheinbaum-alcanza-historica-aprobacion-en-su-tercer-trimestre-como-presidenta-de-mexico\/#primaryimage","url":"https:\/\/pulso27.com\/wp-content\/uploads\/2025\/09\/Mexico.png","contentUrl":"https:\/\/pulso27.com\/wp-content\/uploads\/2025\/09\/Mexico.png","width":1300,"height":800},{"@type":"BreadcrumbList","@id":"https:\/\/pulso27.com\/actualidad\/claudia-sheinbaum-alcanza-historica-aprobacion-en-su-tercer-trimestre-como-presidenta-de-mexico\/#breadcrumb","itemListElement":[{"@type":"ListItem","position":1,"name":"Portada","item":"https:\/\/pulso27.com\/"},{"@type":"ListItem","position":2,"name":"Claudia Sheinbaum alcanza hist\u00f3rica aprobaci\u00f3n en su tercer trimestre como presidenta de M\u00e9xico"}]},{"@type":"WebSite","@id":"https:\/\/pulso27.com\/en\/#website","url":"https:\/\/pulso27.com\/en\/","name":"Pulso27","description":"Web de noticias y publicidad","publisher":{"@id":"https:\/\/pulso27.com\/en\/#organization"},"alternateName":"El pulso del pueblo","potentialAction":[{"@type":"SearchAction","target":{"@type":"EntryPoint","urlTemplate":"https:\/\/pulso27.com\/en\/?s={search_term_string}"},"query-input":{"@type":"PropertyValueSpecification","valueRequired":true,"valueName":"search_term_string"}}],"inLanguage":"es-PE"},{"@type":"Organization","@id":"https:\/\/pulso27.com\/en\/#organization","name":"Pulso27","url":"https:\/\/pulso27.com\/en\/","logo":{"@type":"ImageObject","inLanguage":"es-PE","@id":"https:\/\/pulso27.com\/en\/#\/schema\/logo\/image\/","url":"https:\/\/pulso27.com\/wp-content\/uploads\/2026\/02\/Logotipo-de-la-organizacion-696-x-696-px-ok.png","contentUrl":"https:\/\/pulso27.com\/wp-content\/uploads\/2026\/02\/Logotipo-de-la-organizacion-696-x-696-px-ok.png","width":696,"height":696,"caption":"Pulso27"},"image":{"@id":"https:\/\/pulso27.com\/en\/#\/schema\/logo\/image\/"},"sameAs":["https:\/\/www.facebook.com\/pulso27\/","https:\/\/x.com\/Pulso_27","https:\/\/www.youtube.com\/@Pulso27","https:\/\/www.tiktok.com\/@pulso_27"]},{"@type":"Person","@id":"https:\/\/pulso27.com\/en\/#\/schema\/person\/92f5059eb04cb644a32d22c9bc998684","name":"Maga","image":{"@type":"ImageObject","inLanguage":"es-PE","@id":"https:\/\/secure.gravatar.com\/avatar\/c4d5224d4227e7c057cd5793ba910425cc902f3aef97cda3eccc7acba8be2edc?s=96&d=mm&r=g","url":"https:\/\/secure.gravatar.com\/avatar\/c4d5224d4227e7c057cd5793ba910425cc902f3aef97cda3eccc7acba8be2edc?s=96&d=mm&r=g","contentUrl":"https:\/\/secure.gravatar.com\/avatar\/c4d5224d4227e7c057cd5793ba910425cc902f3aef97cda3eccc7acba8be2edc?s=96&d=mm&r=g","caption":"Maga"},"sameAs":["http:\/\/www.pulso27.com"],"url":"https:\/\/pulso27.com\/es\/author\/maga\/"}]}},"amp_enabled":true,"_links":{"self":[{"href":"https:\/\/pulso27.com\/es\/wp-json\/wp\/v2\/posts\/6192","targetHints":{"allow":["GET"]}}],"collection":[{"href":"https:\/\/pulso27.com\/es\/wp-json\/wp\/v2\/posts"}],"about":[{"href":"https:\/\/pulso27.com\/es\/wp-json\/wp\/v2\/types\/post"}],"author":[{"embeddable":true,"href":"https:\/\/pulso27.com\/es\/wp-json\/wp\/v2\/users\/8"}],"replies":[{"embeddable":true,"href":"https:\/\/pulso27.com\/es\/wp-json\/wp\/v2\/comments?post=6192"}],"version-history":[{"count":1,"href":"https:\/\/pulso27.com\/es\/wp-json\/wp\/v2\/posts\/6192\/revisions"}],"predecessor-version":[{"id":6197,"href":"https:\/\/pulso27.com\/es\/wp-json\/wp\/v2\/posts\/6192\/revisions\/6197"}],"wp:featuredmedia":[{"embeddable":true,"href":"https:\/\/pulso27.com\/es\/wp-json\/wp\/v2\/media\/6193"}],"wp:attachment":[{"href":"https:\/\/pulso27.com\/es\/wp-json\/wp\/v2\/media?parent=6192"}],"wp:term":[{"taxonomy":"category","embeddable":true,"href":"https:\/\/pulso27.com\/es\/wp-json\/wp\/v2\/categories?post=6192"},{"taxonomy":"post_tag","embeddable":true,"href":"https:\/\/pulso27.com\/es\/wp-json\/wp\/v2\/tags?post=6192"}],"curies":[{"name":"wp","href":"https:\/\/api.w.org\/{rel}","templated":true}]}}