{"id":6204,"date":"2025-09-04T11:11:01","date_gmt":"2025-09-04T06:11:01","guid":{"rendered":"https:\/\/pulso27.com\/?p=6204"},"modified":"2025-09-04T11:11:32","modified_gmt":"2025-09-04T06:11:32","slug":"jeannette-jara-avanza-a-paso-firme-como-candidata-presidencial-del-partido-comunista-en-chile","status":"publish","type":"post","link":"https:\/\/pulso27.com\/es\/actualidad\/sociedad\/jeannette-jara-avanza-a-paso-firme-como-candidata-presidencial-del-partido-comunista-en-chile\/","title":{"rendered":"Jeannette Jara avanza a paso firme como candidata presidencial del Partido Comunista en Chile"},"content":{"rendered":"\n<p>Jeannette Alejandra Jara Rom\u00e1n, candidata presidencial del Partido Comunista de Chile para las elecciones de 2025, emerge como una figura destacada tras su contundente victoria en las primarias de la coalici\u00f3n \u00abUnidad por Chile\u00bb, donde obtuvo el 60% de los votos. Su experiencia como abogada y exministra del Trabajo en el gobierno de Gabriel Boric le otorga un perfil s\u00f3lido, con un enfoque en pol\u00edticas sociales y laborales que resuenan con sectores amplios de la poblaci\u00f3n. Jara ha destacado por su capacidad de articular propuestas que combinan justicia social con viabilidad econ\u00f3mica, promoviendo reformas como el aumento del salario m\u00ednimo y la reducci\u00f3n de la jornada laboral, medidas que han fortalecido su imagen como una l\u00edder pragm\u00e1tica y comprometida con los trabajadores.<\/p>\n\n\n\n<p>Una de las principales ventajas de Jara es su habilidad para tender puentes dentro de una coalici\u00f3n diversa, integrando al Partido Comunista con sectores progresistas y socialdem\u00f3cratas. Su trayectoria en el gobierno de Boric, donde enfrent\u00f3 desaf\u00edos como la implementaci\u00f3n de la reforma de pensiones, le ha valido el reconocimiento por su capacidad de negociaci\u00f3n y gesti\u00f3n en contextos complejos. Adem\u00e1s, su discurso inclusivo y su \u00e9nfasis en la equidad de g\u00e9nero y los derechos de las minor\u00edas le han permitido conectar con votantes j\u00f3venes y movimientos sociales, consolid\u00e1ndola como una candidata capaz de movilizar a un electorado desencantado con la pol\u00edtica tradicional.<\/p>\n\n\n\n<p>Finalmente, Jara representa un hito hist\u00f3rico como la primera candidata comunista respaldada por una amplia coalici\u00f3n de izquierda desde el retorno a la democracia en Chile. Su enfoque en pol\u00edticas redistributivas y su compromiso con enfrentar la desigualdad estructural la posicionan como una opci\u00f3n atractiva para quienes buscan un cambio profundo en el modelo econ\u00f3mico y social. Aunque enfrenta el desaf\u00edo de superar prejuicios asociados al Partido Comunista, su experiencia y carisma podr\u00edan ser clave para consolidar su liderazgo en la carrera presidencial de 2025, marcando un nuevo cap\u00edtulo en la pol\u00edtica chilena.<\/p>\n","protected":false},"excerpt":{"rendered":"<p>Jeannette Alejandra Jara Rom\u00e1n, candidata presidencial del Partido Comunista de Chile para las elecciones de 2025, emerge como una figura destacada tras su contundente victoria en las primarias de la coalici\u00f3n \u00abUnidad por Chile\u00bb, donde obtuvo el 60% de los votos. Su experiencia como abogada y exministra del Trabajo en el gobierno de Gabriel Boric [&hellip;]<\/p>\n","protected":false},"author":13,"featured_media":6205,"comment_status":"open","ping_status":"open","sticky":false,"template":"","format":"standard","meta":{"footnotes":""},"categories":[183,173,202],"tags":[2478,192,2476,2477,2479],"class_list":["post-6204","post","type-post","status-publish","format-standard","has-post-thumbnail","hentry","category-actualidad","category-internacional","category-sociedad","tag-candidata-presidencial","tag-chile","tag-jeannette-alejandra-jara-roman","tag-partido-comunista-de-chile","tag-unidad-por-chile"],"yoast_head":"<!-- This site is optimized with the Yoast SEO plugin v27.4 - https:\/\/yoast.com\/product\/yoast-seo-wordpress\/ -->\n<title>Jeannette Jara avanza a paso firme como candidata presidencial del Partido Comunista en Chile - Pulso27<\/title>\n<meta name=\"robots\" content=\"index, follow, max-snippet:-1, max-image-preview:large, max-video-preview:-1\" \/>\n<link rel=\"canonical\" href=\"https:\/\/pulso27.com\/es\/actualidad\/sociedad\/jeannette-jara-avanza-a-paso-firme-como-candidata-presidencial-del-partido-comunista-en-chile\/\" \/>\n<meta property=\"og:locale\" content=\"es_ES\" \/>\n<meta property=\"og:type\" content=\"article\" \/>\n<meta property=\"og:title\" content=\"Jeannette Jara avanza a paso firme como candidata presidencial del Partido Comunista en Chile - Pulso27\" \/>\n<meta property=\"og:description\" content=\"Jeannette Alejandra Jara Rom\u00e1n, candidata presidencial del Partido Comunista de Chile para las elecciones de 2025, emerge como una figura destacada tras su contundente victoria en las primarias de la coalici\u00f3n \u00abUnidad por Chile\u00bb, donde obtuvo el 60% de los votos. Su experiencia como abogada y exministra del Trabajo en el gobierno de Gabriel Boric [&hellip;]\" \/>\n<meta property=\"og:url\" content=\"https:\/\/pulso27.com\/es\/actualidad\/sociedad\/jeannette-jara-avanza-a-paso-firme-como-candidata-presidencial-del-partido-comunista-en-chile\/\" \/>\n<meta property=\"og:site_name\" content=\"Pulso27\" \/>\n<meta property=\"article:publisher\" content=\"https:\/\/www.facebook.com\/pulso27\/\" \/>\n<meta property=\"article:published_time\" content=\"2025-09-04T06:11:01+00:00\" \/>\n<meta property=\"article:modified_time\" content=\"2025-09-04T06:11:32+00:00\" \/>\n<meta property=\"og:image\" content=\"https:\/\/pulso27.com\/wp-content\/uploads\/2025\/09\/Chile.png\" \/>\n\t<meta property=\"og:image:width\" content=\"1278\" \/>\n\t<meta property=\"og:image:height\" content=\"798\" \/>\n\t<meta property=\"og:image:type\" content=\"image\/png\" \/>\n<meta name=\"author\" content=\"Redactor\" \/>\n<meta name=\"twitter:card\" content=\"summary_large_image\" \/>\n<meta name=\"twitter:creator\" content=\"@Pulso_27\" \/>\n<meta name=\"twitter:site\" content=\"@Pulso_27\" \/>\n<meta name=\"twitter:label1\" content=\"Written by\" \/>\n\t<meta name=\"twitter:data1\" content=\"Redactor\" \/>\n\t<meta name=\"twitter:label2\" content=\"Est. reading time\" \/>\n\t<meta name=\"twitter:data2\" content=\"2 minutos\" \/>\n<script type=\"application\/ld+json\" class=\"yoast-schema-graph\">{\"@context\":\"https:\\\/\\\/schema.org\",\"@graph\":[{\"@type\":\"Article\",\"@id\":\"https:\\\/\\\/pulso27.com\\\/actualidad\\\/sociedad\\\/jeannette-jara-avanza-a-paso-firme-como-candidata-presidencial-del-partido-comunista-en-chile\\\/#article\",\"isPartOf\":{\"@id\":\"https:\\\/\\\/pulso27.com\\\/actualidad\\\/sociedad\\\/jeannette-jara-avanza-a-paso-firme-como-candidata-presidencial-del-partido-comunista-en-chile\\\/\"},\"author\":{\"name\":\"Redactor\",\"@id\":\"https:\\\/\\\/pulso27.com\\\/en\\\/#\\\/schema\\\/person\\\/bf5ee161e6c87f6c7d57f5e689ef8526\"},\"headline\":\"Jeannette Jara avanza a paso firme como candidata presidencial del Partido Comunista en Chile\",\"datePublished\":\"2025-09-04T06:11:01+00:00\",\"dateModified\":\"2025-09-04T06:11:32+00:00\",\"mainEntityOfPage\":{\"@id\":\"https:\\\/\\\/pulso27.com\\\/actualidad\\\/sociedad\\\/jeannette-jara-avanza-a-paso-firme-como-candidata-presidencial-del-partido-comunista-en-chile\\\/\"},\"wordCount\":360,\"commentCount\":0,\"publisher\":{\"@id\":\"https:\\\/\\\/pulso27.com\\\/en\\\/#organization\"},\"image\":{\"@id\":\"https:\\\/\\\/pulso27.com\\\/actualidad\\\/sociedad\\\/jeannette-jara-avanza-a-paso-firme-como-candidata-presidencial-del-partido-comunista-en-chile\\\/#primaryimage\"},\"thumbnailUrl\":\"https:\\\/\\\/pulso27.com\\\/wp-content\\\/uploads\\\/2025\\\/09\\\/Chile.png\",\"keywords\":[\"Candidata Presidencial\",\"Chile\",\"Jeannette Alejandra Jara Rom\u00e1n\",\"Partido Comunista de Chile\",\"Unidad por Chile\"],\"articleSection\":[\"Actualidad\",\"Internacional\",\"Sociedad\"],\"inLanguage\":\"es-PE\",\"potentialAction\":[{\"@type\":\"CommentAction\",\"name\":\"Comment\",\"target\":[\"https:\\\/\\\/pulso27.com\\\/actualidad\\\/sociedad\\\/jeannette-jara-avanza-a-paso-firme-como-candidata-presidencial-del-partido-comunista-en-chile\\\/#respond\"]}]},{\"@type\":\"WebPage\",\"@id\":\"https:\\\/\\\/pulso27.com\\\/actualidad\\\/sociedad\\\/jeannette-jara-avanza-a-paso-firme-como-candidata-presidencial-del-partido-comunista-en-chile\\\/\",\"url\":\"https:\\\/\\\/pulso27.com\\\/actualidad\\\/sociedad\\\/jeannette-jara-avanza-a-paso-firme-como-candidata-presidencial-del-partido-comunista-en-chile\\\/\",\"name\":\"Jeannette Jara avanza a paso firme como candidata presidencial del Partido Comunista en Chile - Pulso27\",\"isPartOf\":{\"@id\":\"https:\\\/\\\/pulso27.com\\\/en\\\/#website\"},\"primaryImageOfPage\":{\"@id\":\"https:\\\/\\\/pulso27.com\\\/actualidad\\\/sociedad\\\/jeannette-jara-avanza-a-paso-firme-como-candidata-presidencial-del-partido-comunista-en-chile\\\/#primaryimage\"},\"image\":{\"@id\":\"https:\\\/\\\/pulso27.com\\\/actualidad\\\/sociedad\\\/jeannette-jara-avanza-a-paso-firme-como-candidata-presidencial-del-partido-comunista-en-chile\\\/#primaryimage\"},\"thumbnailUrl\":\"https:\\\/\\\/pulso27.com\\\/wp-content\\\/uploads\\\/2025\\\/09\\\/Chile.png\",\"datePublished\":\"2025-09-04T06:11:01+00:00\",\"dateModified\":\"2025-09-04T06:11:32+00:00\",\"breadcrumb\":{\"@id\":\"https:\\\/\\\/pulso27.com\\\/actualidad\\\/sociedad\\\/jeannette-jara-avanza-a-paso-firme-como-candidata-presidencial-del-partido-comunista-en-chile\\\/#breadcrumb\"},\"inLanguage\":\"es-PE\",\"potentialAction\":[{\"@type\":\"ReadAction\",\"target\":[\"https:\\\/\\\/pulso27.com\\\/actualidad\\\/sociedad\\\/jeannette-jara-avanza-a-paso-firme-como-candidata-presidencial-del-partido-comunista-en-chile\\\/\"]}]},{\"@type\":\"ImageObject\",\"inLanguage\":\"es-PE\",\"@id\":\"https:\\\/\\\/pulso27.com\\\/actualidad\\\/sociedad\\\/jeannette-jara-avanza-a-paso-firme-como-candidata-presidencial-del-partido-comunista-en-chile\\\/#primaryimage\",\"url\":\"https:\\\/\\\/pulso27.com\\\/wp-content\\\/uploads\\\/2025\\\/09\\\/Chile.png\",\"contentUrl\":\"https:\\\/\\\/pulso27.com\\\/wp-content\\\/uploads\\\/2025\\\/09\\\/Chile.png\",\"width\":1278,\"height\":798},{\"@type\":\"BreadcrumbList\",\"@id\":\"https:\\\/\\\/pulso27.com\\\/actualidad\\\/sociedad\\\/jeannette-jara-avanza-a-paso-firme-como-candidata-presidencial-del-partido-comunista-en-chile\\\/#breadcrumb\",\"itemListElement\":[{\"@type\":\"ListItem\",\"position\":1,\"name\":\"Portada\",\"item\":\"https:\\\/\\\/pulso27.com\\\/\"},{\"@type\":\"ListItem\",\"position\":2,\"name\":\"Jeannette Jara avanza a paso firme como candidata presidencial del Partido Comunista en Chile\"}]},{\"@type\":\"WebSite\",\"@id\":\"https:\\\/\\\/pulso27.com\\\/en\\\/#website\",\"url\":\"https:\\\/\\\/pulso27.com\\\/en\\\/\",\"name\":\"Pulso27\",\"description\":\"Web de noticias y publicidad\",\"publisher\":{\"@id\":\"https:\\\/\\\/pulso27.com\\\/en\\\/#organization\"},\"alternateName\":\"El pulso del pueblo\",\"potentialAction\":[{\"@type\":\"SearchAction\",\"target\":{\"@type\":\"EntryPoint\",\"urlTemplate\":\"https:\\\/\\\/pulso27.com\\\/en\\\/?s={search_term_string}\"},\"query-input\":{\"@type\":\"PropertyValueSpecification\",\"valueRequired\":true,\"valueName\":\"search_term_string\"}}],\"inLanguage\":\"es-PE\"},{\"@type\":\"Organization\",\"@id\":\"https:\\\/\\\/pulso27.com\\\/en\\\/#organization\",\"name\":\"Pulso27\",\"url\":\"https:\\\/\\\/pulso27.com\\\/en\\\/\",\"logo\":{\"@type\":\"ImageObject\",\"inLanguage\":\"es-PE\",\"@id\":\"https:\\\/\\\/pulso27.com\\\/en\\\/#\\\/schema\\\/logo\\\/image\\\/\",\"url\":\"https:\\\/\\\/pulso27.com\\\/wp-content\\\/uploads\\\/2026\\\/02\\\/Logotipo-de-la-organizacion-696-x-696-px-ok.png\",\"contentUrl\":\"https:\\\/\\\/pulso27.com\\\/wp-content\\\/uploads\\\/2026\\\/02\\\/Logotipo-de-la-organizacion-696-x-696-px-ok.png\",\"width\":696,\"height\":696,\"caption\":\"Pulso27\"},\"image\":{\"@id\":\"https:\\\/\\\/pulso27.com\\\/en\\\/#\\\/schema\\\/logo\\\/image\\\/\"},\"sameAs\":[\"https:\\\/\\\/www.facebook.com\\\/pulso27\\\/\",\"https:\\\/\\\/x.com\\\/Pulso_27\",\"https:\\\/\\\/www.youtube.com\\\/@Pulso27\",\"https:\\\/\\\/www.tiktok.com\\\/@pulso_27\"]},{\"@type\":\"Person\",\"@id\":\"https:\\\/\\\/pulso27.com\\\/en\\\/#\\\/schema\\\/person\\\/bf5ee161e6c87f6c7d57f5e689ef8526\",\"name\":\"Redactor\",\"image\":{\"@type\":\"ImageObject\",\"inLanguage\":\"es-PE\",\"@id\":\"https:\\\/\\\/pulso27.com\\\/wp-content\\\/uploads\\\/2025\\\/03\\\/a-150x150.png\",\"url\":\"https:\\\/\\\/pulso27.com\\\/wp-content\\\/uploads\\\/2025\\\/03\\\/a-150x150.png\",\"contentUrl\":\"https:\\\/\\\/pulso27.com\\\/wp-content\\\/uploads\\\/2025\\\/03\\\/a-150x150.png\",\"caption\":\"Redactor\"},\"sameAs\":[\"http:\\\/\\\/www.pulso27.com\"],\"url\":\"https:\\\/\\\/pulso27.com\\\/es\\\/author\\\/redactor\\\/\"}]}<\/script>\n<!-- \/ Yoast SEO plugin. -->","yoast_head_json":{"title":"Jeannette Jara avanza a paso firme como candidata presidencial del Partido Comunista en Chile - Pulso27","robots":{"index":"index","follow":"follow","max-snippet":"max-snippet:-1","max-image-preview":"max-image-preview:large","max-video-preview":"max-video-preview:-1"},"canonical":"https:\/\/pulso27.com\/es\/actualidad\/sociedad\/jeannette-jara-avanza-a-paso-firme-como-candidata-presidencial-del-partido-comunista-en-chile\/","og_locale":"es_ES","og_type":"article","og_title":"Jeannette Jara avanza a paso firme como candidata presidencial del Partido Comunista en Chile - Pulso27","og_description":"Jeannette Alejandra Jara Rom\u00e1n, candidata presidencial del Partido Comunista de Chile para las elecciones de 2025, emerge como una figura destacada tras su contundente victoria en las primarias de la coalici\u00f3n \u00abUnidad por Chile\u00bb, donde obtuvo el 60% de los votos. Su experiencia como abogada y exministra del Trabajo en el gobierno de Gabriel Boric [&hellip;]","og_url":"https:\/\/pulso27.com\/es\/actualidad\/sociedad\/jeannette-jara-avanza-a-paso-firme-como-candidata-presidencial-del-partido-comunista-en-chile\/","og_site_name":"Pulso27","article_publisher":"https:\/\/www.facebook.com\/pulso27\/","article_published_time":"2025-09-04T06:11:01+00:00","article_modified_time":"2025-09-04T06:11:32+00:00","og_image":[{"width":1278,"height":798,"url":"https:\/\/pulso27.com\/wp-content\/uploads\/2025\/09\/Chile.png","type":"image\/png"}],"author":"Redactor","twitter_card":"summary_large_image","twitter_creator":"@Pulso_27","twitter_site":"@Pulso_27","twitter_misc":{"Written by":"Redactor","Est. reading time":"2 minutos"},"schema":{"@context":"https:\/\/schema.org","@graph":[{"@type":"Article","@id":"https:\/\/pulso27.com\/actualidad\/sociedad\/jeannette-jara-avanza-a-paso-firme-como-candidata-presidencial-del-partido-comunista-en-chile\/#article","isPartOf":{"@id":"https:\/\/pulso27.com\/actualidad\/sociedad\/jeannette-jara-avanza-a-paso-firme-como-candidata-presidencial-del-partido-comunista-en-chile\/"},"author":{"name":"Redactor","@id":"https:\/\/pulso27.com\/en\/#\/schema\/person\/bf5ee161e6c87f6c7d57f5e689ef8526"},"headline":"Jeannette Jara avanza a paso firme como candidata presidencial del Partido Comunista en Chile","datePublished":"2025-09-04T06:11:01+00:00","dateModified":"2025-09-04T06:11:32+00:00","mainEntityOfPage":{"@id":"https:\/\/pulso27.com\/actualidad\/sociedad\/jeannette-jara-avanza-a-paso-firme-como-candidata-presidencial-del-partido-comunista-en-chile\/"},"wordCount":360,"commentCount":0,"publisher":{"@id":"https:\/\/pulso27.com\/en\/#organization"},"image":{"@id":"https:\/\/pulso27.com\/actualidad\/sociedad\/jeannette-jara-avanza-a-paso-firme-como-candidata-presidencial-del-partido-comunista-en-chile\/#primaryimage"},"thumbnailUrl":"https:\/\/pulso27.com\/wp-content\/uploads\/2025\/09\/Chile.png","keywords":["Candidata Presidencial","Chile","Jeannette Alejandra Jara Rom\u00e1n","Partido Comunista de Chile","Unidad por Chile"],"articleSection":["Actualidad","Internacional","Sociedad"],"inLanguage":"es-PE","potentialAction":[{"@type":"CommentAction","name":"Comment","target":["https:\/\/pulso27.com\/actualidad\/sociedad\/jeannette-jara-avanza-a-paso-firme-como-candidata-presidencial-del-partido-comunista-en-chile\/#respond"]}]},{"@type":"WebPage","@id":"https:\/\/pulso27.com\/actualidad\/sociedad\/jeannette-jara-avanza-a-paso-firme-como-candidata-presidencial-del-partido-comunista-en-chile\/","url":"https:\/\/pulso27.com\/actualidad\/sociedad\/jeannette-jara-avanza-a-paso-firme-como-candidata-presidencial-del-partido-comunista-en-chile\/","name":"Jeannette Jara avanza a paso firme como candidata presidencial del Partido Comunista en Chile - Pulso27","isPartOf":{"@id":"https:\/\/pulso27.com\/en\/#website"},"primaryImageOfPage":{"@id":"https:\/\/pulso27.com\/actualidad\/sociedad\/jeannette-jara-avanza-a-paso-firme-como-candidata-presidencial-del-partido-comunista-en-chile\/#primaryimage"},"image":{"@id":"https:\/\/pulso27.com\/actualidad\/sociedad\/jeannette-jara-avanza-a-paso-firme-como-candidata-presidencial-del-partido-comunista-en-chile\/#primaryimage"},"thumbnailUrl":"https:\/\/pulso27.com\/wp-content\/uploads\/2025\/09\/Chile.png","datePublished":"2025-09-04T06:11:01+00:00","dateModified":"2025-09-04T06:11:32+00:00","breadcrumb":{"@id":"https:\/\/pulso27.com\/actualidad\/sociedad\/jeannette-jara-avanza-a-paso-firme-como-candidata-presidencial-del-partido-comunista-en-chile\/#breadcrumb"},"inLanguage":"es-PE","potentialAction":[{"@type":"ReadAction","target":["https:\/\/pulso27.com\/actualidad\/sociedad\/jeannette-jara-avanza-a-paso-firme-como-candidata-presidencial-del-partido-comunista-en-chile\/"]}]},{"@type":"ImageObject","inLanguage":"es-PE","@id":"https:\/\/pulso27.com\/actualidad\/sociedad\/jeannette-jara-avanza-a-paso-firme-como-candidata-presidencial-del-partido-comunista-en-chile\/#primaryimage","url":"https:\/\/pulso27.com\/wp-content\/uploads\/2025\/09\/Chile.png","contentUrl":"https:\/\/pulso27.com\/wp-content\/uploads\/2025\/09\/Chile.png","width":1278,"height":798},{"@type":"BreadcrumbList","@id":"https:\/\/pulso27.com\/actualidad\/sociedad\/jeannette-jara-avanza-a-paso-firme-como-candidata-presidencial-del-partido-comunista-en-chile\/#breadcrumb","itemListElement":[{"@type":"ListItem","position":1,"name":"Portada","item":"https:\/\/pulso27.com\/"},{"@type":"ListItem","position":2,"name":"Jeannette Jara avanza a paso firme como candidata presidencial del Partido Comunista en Chile"}]},{"@type":"WebSite","@id":"https:\/\/pulso27.com\/en\/#website","url":"https:\/\/pulso27.com\/en\/","name":"Pulso27","description":"Web de noticias y publicidad","publisher":{"@id":"https:\/\/pulso27.com\/en\/#organization"},"alternateName":"El pulso del pueblo","potentialAction":[{"@type":"SearchAction","target":{"@type":"EntryPoint","urlTemplate":"https:\/\/pulso27.com\/en\/?s={search_term_string}"},"query-input":{"@type":"PropertyValueSpecification","valueRequired":true,"valueName":"search_term_string"}}],"inLanguage":"es-PE"},{"@type":"Organization","@id":"https:\/\/pulso27.com\/en\/#organization","name":"Pulso27","url":"https:\/\/pulso27.com\/en\/","logo":{"@type":"ImageObject","inLanguage":"es-PE","@id":"https:\/\/pulso27.com\/en\/#\/schema\/logo\/image\/","url":"https:\/\/pulso27.com\/wp-content\/uploads\/2026\/02\/Logotipo-de-la-organizacion-696-x-696-px-ok.png","contentUrl":"https:\/\/pulso27.com\/wp-content\/uploads\/2026\/02\/Logotipo-de-la-organizacion-696-x-696-px-ok.png","width":696,"height":696,"caption":"Pulso27"},"image":{"@id":"https:\/\/pulso27.com\/en\/#\/schema\/logo\/image\/"},"sameAs":["https:\/\/www.facebook.com\/pulso27\/","https:\/\/x.com\/Pulso_27","https:\/\/www.youtube.com\/@Pulso27","https:\/\/www.tiktok.com\/@pulso_27"]},{"@type":"Person","@id":"https:\/\/pulso27.com\/en\/#\/schema\/person\/bf5ee161e6c87f6c7d57f5e689ef8526","name":"Redactor","image":{"@type":"ImageObject","inLanguage":"es-PE","@id":"https:\/\/pulso27.com\/wp-content\/uploads\/2025\/03\/a-150x150.png","url":"https:\/\/pulso27.com\/wp-content\/uploads\/2025\/03\/a-150x150.png","contentUrl":"https:\/\/pulso27.com\/wp-content\/uploads\/2025\/03\/a-150x150.png","caption":"Redactor"},"sameAs":["http:\/\/www.pulso27.com"],"url":"https:\/\/pulso27.com\/es\/author\/redactor\/"}]}},"amp_enabled":true,"_links":{"self":[{"href":"https:\/\/pulso27.com\/es\/wp-json\/wp\/v2\/posts\/6204","targetHints":{"allow":["GET"]}}],"collection":[{"href":"https:\/\/pulso27.com\/es\/wp-json\/wp\/v2\/posts"}],"about":[{"href":"https:\/\/pulso27.com\/es\/wp-json\/wp\/v2\/types\/post"}],"author":[{"embeddable":true,"href":"https:\/\/pulso27.com\/es\/wp-json\/wp\/v2\/users\/13"}],"replies":[{"embeddable":true,"href":"https:\/\/pulso27.com\/es\/wp-json\/wp\/v2\/comments?post=6204"}],"version-history":[{"count":1,"href":"https:\/\/pulso27.com\/es\/wp-json\/wp\/v2\/posts\/6204\/revisions"}],"predecessor-version":[{"id":6209,"href":"https:\/\/pulso27.com\/es\/wp-json\/wp\/v2\/posts\/6204\/revisions\/6209"}],"wp:featuredmedia":[{"embeddable":true,"href":"https:\/\/pulso27.com\/es\/wp-json\/wp\/v2\/media\/6205"}],"wp:attachment":[{"href":"https:\/\/pulso27.com\/es\/wp-json\/wp\/v2\/media?parent=6204"}],"wp:term":[{"taxonomy":"category","embeddable":true,"href":"https:\/\/pulso27.com\/es\/wp-json\/wp\/v2\/categories?post=6204"},{"taxonomy":"post_tag","embeddable":true,"href":"https:\/\/pulso27.com\/es\/wp-json\/wp\/v2\/tags?post=6204"}],"curies":[{"name":"wp","href":"https:\/\/api.w.org\/{rel}","templated":true}]}}