{"id":6210,"date":"2025-09-06T08:24:18","date_gmt":"2025-09-06T03:24:18","guid":{"rendered":"https:\/\/pulso27.com\/?p=6210"},"modified":"2025-09-06T08:24:24","modified_gmt":"2025-09-06T03:24:24","slug":"la-inseguridad-desborda-la-gestion-de-cesar-acuna-en-trujillo","status":"publish","type":"post","link":"https:\/\/pulso27.com\/es\/actualidad\/agricultura\/la-inseguridad-desborda-la-gestion-de-cesar-acuna-en-trujillo\/","title":{"rendered":"La inseguridad desborda la gesti\u00f3n de C\u00e9sar Acu\u00f1a en Trujillo"},"content":{"rendered":"\n<p>La noche del 4 de septiembre de 2025, una explosi\u00f3n en la urbanizaci\u00f3n Las Quintanas de Trujillo, causada por 30 cartuchos de dinamita, dej\u00f3 11 heridos, viviendas destruidas y un vecindario sumido en el terror. Este atentado, el tercero de gran magnitud en la ciudad en lo que va del a\u00f1o, expone la alarmante incapacidad del gobernador regional de La Libertad, C\u00e9sar Acu\u00f1a, y su administraci\u00f3n para frenar la escalada de violencia ligada al crimen organizado. Mientras las mafias de la miner\u00eda ilegal y la extorsi\u00f3n operan con impunidad, los ciudadanos de Trujillo enfrentan un estado de indefensi\u00f3n que pone en entredicho las promesas de seguridad de Acu\u00f1a y su partido, Alianza para el Progreso (APP).<\/p>\n\n\n\n<p>La gesti\u00f3n de Acu\u00f1a ha sido se\u00f1alada por su falta de estrategia integral frente a la inseguridad. A pesar de los estados de emergencia declarados en Pataz y Vir\u00fa, los atentados con explosivos se han vuelto recurrentes, extendi\u00e9ndose incluso a zonas residenciales c\u00e9ntricas como Las Quintanas. Los vecinos, hartos de la inacci\u00f3n, protestaron airadamente, denunciando que las autoridades regionales y nacionales, encabezadas por Acu\u00f1a y el ministro del Interior, Carlos Malaver, han priorizado discursos vac\u00edos sobre medidas concretas. La captura de tres sospechosos tras el reciente atentado, aunque un avance, no compensa la ausencia de pol\u00edticas preventivas que aborden las ra\u00edces del problema: el auge de la miner\u00eda ilegal y las redes de extorsi\u00f3n que operan sin freno.<\/p>\n\n\n\n<p>El pedido de Acu\u00f1a de un estado de sitio y cadena perpetua para los responsables suena m\u00e1s a una reacci\u00f3n desesperada que a una soluci\u00f3n estructurada. Durante su gesti\u00f3n, los recursos destinados a fortalecer el serenazgo, modernizar la infraestructura policial o implementar sistemas de inteligencia han sido insuficientes. En cambio, su administraci\u00f3n ha invertido en proyectos de alto perfil medi\u00e1tico, mientras la poblaci\u00f3n enfrenta explosiones semanales y un clima de zozobra. La promesa de bonos para los afectados de Las Quintanas, aunque necesaria, no sustituye la falta de un plan robusto para desmantelar las organizaciones criminales que, seg\u00fan la PNP, est\u00e1n detr\u00e1s de estos ataques, como la banda \u00abLos Pulpos\u00bb.<\/p>\n\n\n\n<p>La indignaci\u00f3n ciudadana tambi\u00e9n apunta a la complicidad impl\u00edcita de las autoridades locales, que han permitido que actividades sospechosas, como las reportadas en la vivienda atacada en Las Quintanas, pasen desapercibidas. Los vecinos se\u00f1alan que la casa, propiedad de una empresaria minera, era escenario de fiestas ruidosas y movimientos inusuales, sin que las autoridades intervinieran. Esta omisi\u00f3n refleja la descoordinaci\u00f3n entre el gobierno regional y los municipios, ambos bajo fuerte influencia de APP, que ha priorizado lealtades pol\u00edticas sobre la seguridad ciudadana. La ciudadan\u00eda exige respuestas, pero la gesti\u00f3n de Acu\u00f1a parece m\u00e1s enfocada en controlar el da\u00f1o pol\u00edtico que en proteger a la poblaci\u00f3n.<\/p>\n\n\n\n<p>Trujillo, otrora una ciudad vibrante, se encuentra hoy reh\u00e9n de la violencia y la ineficacia gubernamental. La ret\u00f3rica de Acu\u00f1a, quien califica estos actos como \u00abterrorismo urbano\u00bb, no basta para calmar a una poblaci\u00f3n que clama por acci\u00f3n. Si el gobernador y sus aliados en APP no asumen la responsabilidad de implementar medidas efectivas \u2014como mayor inversi\u00f3n en inteligencia policial, coordinaci\u00f3n con las Fuerzas Armadas y un combate frontal contra la miner\u00eda ilegal\u2014, Trujillo seguir\u00e1 siendo un polvor\u00edn. La pregunta que resuena en las calles es clara: \u00bfhasta cu\u00e1ndo seguir\u00e1 La Libertad a merced del crimen, mientras sus l\u00edderes se limitan a promesas vac\u00edas?<\/p>\n","protected":false},"excerpt":{"rendered":"<p>La noche del 4 de septiembre de 2025, una explosi\u00f3n en la urbanizaci\u00f3n Las Quintanas de Trujillo, causada por 30 cartuchos de dinamita, dej\u00f3 11 heridos, viviendas destruidas y un vecindario sumido en el terror. Este atentado, el tercero de gran magnitud en la ciudad en lo que va del a\u00f1o, expone la alarmante incapacidad [&hellip;]<\/p>\n","protected":false},"author":13,"featured_media":6212,"comment_status":"open","ping_status":"open","sticky":false,"template":"","format":"standard","meta":{"footnotes":""},"categories":[818,174,1848],"tags":[455,2480,1573,2481,189],"class_list":["post-6210","post","type-post","status-publish","format-standard","has-post-thumbnail","hentry","category-agricultura","category-nacional","category-publicacion","tag-app","tag-cesar-acuna","tag-inseguridad","tag-seguridad","tag-trujillo"],"yoast_head":"<!-- This site is optimized with the Yoast SEO plugin v27.4 - https:\/\/yoast.com\/product\/yoast-seo-wordpress\/ -->\n<title>La inseguridad desborda la gesti\u00f3n de C\u00e9sar Acu\u00f1a en Trujillo - Pulso27<\/title>\n<meta name=\"robots\" content=\"index, follow, max-snippet:-1, max-image-preview:large, max-video-preview:-1\" \/>\n<link rel=\"canonical\" href=\"https:\/\/pulso27.com\/es\/actualidad\/agricultura\/la-inseguridad-desborda-la-gestion-de-cesar-acuna-en-trujillo\/\" \/>\n<meta property=\"og:locale\" content=\"es_ES\" \/>\n<meta property=\"og:type\" content=\"article\" \/>\n<meta property=\"og:title\" content=\"La inseguridad desborda la gesti\u00f3n de C\u00e9sar Acu\u00f1a en Trujillo - Pulso27\" \/>\n<meta property=\"og:description\" content=\"La noche del 4 de septiembre de 2025, una explosi\u00f3n en la urbanizaci\u00f3n Las Quintanas de Trujillo, causada por 30 cartuchos de dinamita, dej\u00f3 11 heridos, viviendas destruidas y un vecindario sumido en el terror. Este atentado, el tercero de gran magnitud en la ciudad en lo que va del a\u00f1o, expone la alarmante incapacidad [&hellip;]\" \/>\n<meta property=\"og:url\" content=\"https:\/\/pulso27.com\/es\/actualidad\/agricultura\/la-inseguridad-desborda-la-gestion-de-cesar-acuna-en-trujillo\/\" \/>\n<meta property=\"og:site_name\" content=\"Pulso27\" \/>\n<meta property=\"article:publisher\" content=\"https:\/\/www.facebook.com\/pulso27\/\" \/>\n<meta property=\"article:published_time\" content=\"2025-09-06T03:24:18+00:00\" \/>\n<meta property=\"article:modified_time\" content=\"2025-09-06T03:24:24+00:00\" \/>\n<meta property=\"og:image\" content=\"https:\/\/pulso27.com\/wp-content\/uploads\/2025\/09\/Acunaa-1.png\" \/>\n\t<meta property=\"og:image:width\" content=\"1450\" \/>\n\t<meta property=\"og:image:height\" content=\"906\" \/>\n\t<meta property=\"og:image:type\" content=\"image\/png\" \/>\n<meta name=\"author\" content=\"Redactor\" \/>\n<meta name=\"twitter:card\" content=\"summary_large_image\" \/>\n<meta name=\"twitter:creator\" content=\"@Pulso_27\" \/>\n<meta name=\"twitter:site\" content=\"@Pulso_27\" \/>\n<meta name=\"twitter:label1\" content=\"Written by\" \/>\n\t<meta name=\"twitter:data1\" content=\"Redactor\" \/>\n\t<meta name=\"twitter:label2\" content=\"Est. reading time\" \/>\n\t<meta name=\"twitter:data2\" content=\"3 minutos\" \/>\n<script type=\"application\/ld+json\" class=\"yoast-schema-graph\">{\"@context\":\"https:\\\/\\\/schema.org\",\"@graph\":[{\"@type\":\"Article\",\"@id\":\"https:\\\/\\\/pulso27.com\\\/actualidad\\\/agricultura\\\/la-inseguridad-desborda-la-gestion-de-cesar-acuna-en-trujillo\\\/#article\",\"isPartOf\":{\"@id\":\"https:\\\/\\\/pulso27.com\\\/actualidad\\\/agricultura\\\/la-inseguridad-desborda-la-gestion-de-cesar-acuna-en-trujillo\\\/\"},\"author\":{\"name\":\"Redactor\",\"@id\":\"https:\\\/\\\/pulso27.com\\\/en\\\/#\\\/schema\\\/person\\\/bf5ee161e6c87f6c7d57f5e689ef8526\"},\"headline\":\"La inseguridad desborda la gesti\u00f3n de C\u00e9sar Acu\u00f1a en Trujillo\",\"datePublished\":\"2025-09-06T03:24:18+00:00\",\"dateModified\":\"2025-09-06T03:24:24+00:00\",\"mainEntityOfPage\":{\"@id\":\"https:\\\/\\\/pulso27.com\\\/actualidad\\\/agricultura\\\/la-inseguridad-desborda-la-gestion-de-cesar-acuna-en-trujillo\\\/\"},\"wordCount\":621,\"commentCount\":0,\"publisher\":{\"@id\":\"https:\\\/\\\/pulso27.com\\\/en\\\/#organization\"},\"image\":{\"@id\":\"https:\\\/\\\/pulso27.com\\\/actualidad\\\/agricultura\\\/la-inseguridad-desborda-la-gestion-de-cesar-acuna-en-trujillo\\\/#primaryimage\"},\"thumbnailUrl\":\"https:\\\/\\\/pulso27.com\\\/wp-content\\\/uploads\\\/2025\\\/09\\\/Acunaa-1.png\",\"keywords\":[\"APP\",\"C\u00e9sar Acu\u00f1a\",\"Inseguridad\",\"Seguridad\",\"Trujillo\"],\"articleSection\":[\"Agricultura\",\"Nacional\",\"Publicaci\u00f3n\"],\"inLanguage\":\"es-PE\",\"potentialAction\":[{\"@type\":\"CommentAction\",\"name\":\"Comment\",\"target\":[\"https:\\\/\\\/pulso27.com\\\/actualidad\\\/agricultura\\\/la-inseguridad-desborda-la-gestion-de-cesar-acuna-en-trujillo\\\/#respond\"]}]},{\"@type\":\"WebPage\",\"@id\":\"https:\\\/\\\/pulso27.com\\\/actualidad\\\/agricultura\\\/la-inseguridad-desborda-la-gestion-de-cesar-acuna-en-trujillo\\\/\",\"url\":\"https:\\\/\\\/pulso27.com\\\/actualidad\\\/agricultura\\\/la-inseguridad-desborda-la-gestion-de-cesar-acuna-en-trujillo\\\/\",\"name\":\"La inseguridad desborda la gesti\u00f3n de C\u00e9sar Acu\u00f1a en Trujillo - Pulso27\",\"isPartOf\":{\"@id\":\"https:\\\/\\\/pulso27.com\\\/en\\\/#website\"},\"primaryImageOfPage\":{\"@id\":\"https:\\\/\\\/pulso27.com\\\/actualidad\\\/agricultura\\\/la-inseguridad-desborda-la-gestion-de-cesar-acuna-en-trujillo\\\/#primaryimage\"},\"image\":{\"@id\":\"https:\\\/\\\/pulso27.com\\\/actualidad\\\/agricultura\\\/la-inseguridad-desborda-la-gestion-de-cesar-acuna-en-trujillo\\\/#primaryimage\"},\"thumbnailUrl\":\"https:\\\/\\\/pulso27.com\\\/wp-content\\\/uploads\\\/2025\\\/09\\\/Acunaa-1.png\",\"datePublished\":\"2025-09-06T03:24:18+00:00\",\"dateModified\":\"2025-09-06T03:24:24+00:00\",\"breadcrumb\":{\"@id\":\"https:\\\/\\\/pulso27.com\\\/actualidad\\\/agricultura\\\/la-inseguridad-desborda-la-gestion-de-cesar-acuna-en-trujillo\\\/#breadcrumb\"},\"inLanguage\":\"es-PE\",\"potentialAction\":[{\"@type\":\"ReadAction\",\"target\":[\"https:\\\/\\\/pulso27.com\\\/actualidad\\\/agricultura\\\/la-inseguridad-desborda-la-gestion-de-cesar-acuna-en-trujillo\\\/\"]}]},{\"@type\":\"ImageObject\",\"inLanguage\":\"es-PE\",\"@id\":\"https:\\\/\\\/pulso27.com\\\/actualidad\\\/agricultura\\\/la-inseguridad-desborda-la-gestion-de-cesar-acuna-en-trujillo\\\/#primaryimage\",\"url\":\"https:\\\/\\\/pulso27.com\\\/wp-content\\\/uploads\\\/2025\\\/09\\\/Acunaa-1.png\",\"contentUrl\":\"https:\\\/\\\/pulso27.com\\\/wp-content\\\/uploads\\\/2025\\\/09\\\/Acunaa-1.png\",\"width\":1450,\"height\":906},{\"@type\":\"BreadcrumbList\",\"@id\":\"https:\\\/\\\/pulso27.com\\\/actualidad\\\/agricultura\\\/la-inseguridad-desborda-la-gestion-de-cesar-acuna-en-trujillo\\\/#breadcrumb\",\"itemListElement\":[{\"@type\":\"ListItem\",\"position\":1,\"name\":\"Portada\",\"item\":\"https:\\\/\\\/pulso27.com\\\/\"},{\"@type\":\"ListItem\",\"position\":2,\"name\":\"La inseguridad desborda la gesti\u00f3n de C\u00e9sar Acu\u00f1a en Trujillo\"}]},{\"@type\":\"WebSite\",\"@id\":\"https:\\\/\\\/pulso27.com\\\/en\\\/#website\",\"url\":\"https:\\\/\\\/pulso27.com\\\/en\\\/\",\"name\":\"Pulso27\",\"description\":\"Web de noticias y publicidad\",\"publisher\":{\"@id\":\"https:\\\/\\\/pulso27.com\\\/en\\\/#organization\"},\"alternateName\":\"El pulso del pueblo\",\"potentialAction\":[{\"@type\":\"SearchAction\",\"target\":{\"@type\":\"EntryPoint\",\"urlTemplate\":\"https:\\\/\\\/pulso27.com\\\/en\\\/?s={search_term_string}\"},\"query-input\":{\"@type\":\"PropertyValueSpecification\",\"valueRequired\":true,\"valueName\":\"search_term_string\"}}],\"inLanguage\":\"es-PE\"},{\"@type\":\"Organization\",\"@id\":\"https:\\\/\\\/pulso27.com\\\/en\\\/#organization\",\"name\":\"Pulso27\",\"url\":\"https:\\\/\\\/pulso27.com\\\/en\\\/\",\"logo\":{\"@type\":\"ImageObject\",\"inLanguage\":\"es-PE\",\"@id\":\"https:\\\/\\\/pulso27.com\\\/en\\\/#\\\/schema\\\/logo\\\/image\\\/\",\"url\":\"https:\\\/\\\/pulso27.com\\\/wp-content\\\/uploads\\\/2026\\\/02\\\/Logotipo-de-la-organizacion-696-x-696-px-ok.png\",\"contentUrl\":\"https:\\\/\\\/pulso27.com\\\/wp-content\\\/uploads\\\/2026\\\/02\\\/Logotipo-de-la-organizacion-696-x-696-px-ok.png\",\"width\":696,\"height\":696,\"caption\":\"Pulso27\"},\"image\":{\"@id\":\"https:\\\/\\\/pulso27.com\\\/en\\\/#\\\/schema\\\/logo\\\/image\\\/\"},\"sameAs\":[\"https:\\\/\\\/www.facebook.com\\\/pulso27\\\/\",\"https:\\\/\\\/x.com\\\/Pulso_27\",\"https:\\\/\\\/www.youtube.com\\\/@Pulso27\",\"https:\\\/\\\/www.tiktok.com\\\/@pulso_27\"]},{\"@type\":\"Person\",\"@id\":\"https:\\\/\\\/pulso27.com\\\/en\\\/#\\\/schema\\\/person\\\/bf5ee161e6c87f6c7d57f5e689ef8526\",\"name\":\"Redactor\",\"image\":{\"@type\":\"ImageObject\",\"inLanguage\":\"es-PE\",\"@id\":\"https:\\\/\\\/pulso27.com\\\/wp-content\\\/uploads\\\/2025\\\/03\\\/a-150x150.png\",\"url\":\"https:\\\/\\\/pulso27.com\\\/wp-content\\\/uploads\\\/2025\\\/03\\\/a-150x150.png\",\"contentUrl\":\"https:\\\/\\\/pulso27.com\\\/wp-content\\\/uploads\\\/2025\\\/03\\\/a-150x150.png\",\"caption\":\"Redactor\"},\"sameAs\":[\"http:\\\/\\\/www.pulso27.com\"],\"url\":\"https:\\\/\\\/pulso27.com\\\/es\\\/author\\\/redactor\\\/\"}]}<\/script>\n<!-- \/ Yoast SEO plugin. -->","yoast_head_json":{"title":"La inseguridad desborda la gesti\u00f3n de C\u00e9sar Acu\u00f1a en Trujillo - Pulso27","robots":{"index":"index","follow":"follow","max-snippet":"max-snippet:-1","max-image-preview":"max-image-preview:large","max-video-preview":"max-video-preview:-1"},"canonical":"https:\/\/pulso27.com\/es\/actualidad\/agricultura\/la-inseguridad-desborda-la-gestion-de-cesar-acuna-en-trujillo\/","og_locale":"es_ES","og_type":"article","og_title":"La inseguridad desborda la gesti\u00f3n de C\u00e9sar Acu\u00f1a en Trujillo - Pulso27","og_description":"La noche del 4 de septiembre de 2025, una explosi\u00f3n en la urbanizaci\u00f3n Las Quintanas de Trujillo, causada por 30 cartuchos de dinamita, dej\u00f3 11 heridos, viviendas destruidas y un vecindario sumido en el terror. Este atentado, el tercero de gran magnitud en la ciudad en lo que va del a\u00f1o, expone la alarmante incapacidad [&hellip;]","og_url":"https:\/\/pulso27.com\/es\/actualidad\/agricultura\/la-inseguridad-desborda-la-gestion-de-cesar-acuna-en-trujillo\/","og_site_name":"Pulso27","article_publisher":"https:\/\/www.facebook.com\/pulso27\/","article_published_time":"2025-09-06T03:24:18+00:00","article_modified_time":"2025-09-06T03:24:24+00:00","og_image":[{"width":1450,"height":906,"url":"https:\/\/pulso27.com\/wp-content\/uploads\/2025\/09\/Acunaa-1.png","type":"image\/png"}],"author":"Redactor","twitter_card":"summary_large_image","twitter_creator":"@Pulso_27","twitter_site":"@Pulso_27","twitter_misc":{"Written by":"Redactor","Est. reading time":"3 minutos"},"schema":{"@context":"https:\/\/schema.org","@graph":[{"@type":"Article","@id":"https:\/\/pulso27.com\/actualidad\/agricultura\/la-inseguridad-desborda-la-gestion-de-cesar-acuna-en-trujillo\/#article","isPartOf":{"@id":"https:\/\/pulso27.com\/actualidad\/agricultura\/la-inseguridad-desborda-la-gestion-de-cesar-acuna-en-trujillo\/"},"author":{"name":"Redactor","@id":"https:\/\/pulso27.com\/en\/#\/schema\/person\/bf5ee161e6c87f6c7d57f5e689ef8526"},"headline":"La inseguridad desborda la gesti\u00f3n de C\u00e9sar Acu\u00f1a en Trujillo","datePublished":"2025-09-06T03:24:18+00:00","dateModified":"2025-09-06T03:24:24+00:00","mainEntityOfPage":{"@id":"https:\/\/pulso27.com\/actualidad\/agricultura\/la-inseguridad-desborda-la-gestion-de-cesar-acuna-en-trujillo\/"},"wordCount":621,"commentCount":0,"publisher":{"@id":"https:\/\/pulso27.com\/en\/#organization"},"image":{"@id":"https:\/\/pulso27.com\/actualidad\/agricultura\/la-inseguridad-desborda-la-gestion-de-cesar-acuna-en-trujillo\/#primaryimage"},"thumbnailUrl":"https:\/\/pulso27.com\/wp-content\/uploads\/2025\/09\/Acunaa-1.png","keywords":["APP","C\u00e9sar Acu\u00f1a","Inseguridad","Seguridad","Trujillo"],"articleSection":["Agricultura","Nacional","Publicaci\u00f3n"],"inLanguage":"es-PE","potentialAction":[{"@type":"CommentAction","name":"Comment","target":["https:\/\/pulso27.com\/actualidad\/agricultura\/la-inseguridad-desborda-la-gestion-de-cesar-acuna-en-trujillo\/#respond"]}]},{"@type":"WebPage","@id":"https:\/\/pulso27.com\/actualidad\/agricultura\/la-inseguridad-desborda-la-gestion-de-cesar-acuna-en-trujillo\/","url":"https:\/\/pulso27.com\/actualidad\/agricultura\/la-inseguridad-desborda-la-gestion-de-cesar-acuna-en-trujillo\/","name":"La inseguridad desborda la gesti\u00f3n de C\u00e9sar Acu\u00f1a en Trujillo - Pulso27","isPartOf":{"@id":"https:\/\/pulso27.com\/en\/#website"},"primaryImageOfPage":{"@id":"https:\/\/pulso27.com\/actualidad\/agricultura\/la-inseguridad-desborda-la-gestion-de-cesar-acuna-en-trujillo\/#primaryimage"},"image":{"@id":"https:\/\/pulso27.com\/actualidad\/agricultura\/la-inseguridad-desborda-la-gestion-de-cesar-acuna-en-trujillo\/#primaryimage"},"thumbnailUrl":"https:\/\/pulso27.com\/wp-content\/uploads\/2025\/09\/Acunaa-1.png","datePublished":"2025-09-06T03:24:18+00:00","dateModified":"2025-09-06T03:24:24+00:00","breadcrumb":{"@id":"https:\/\/pulso27.com\/actualidad\/agricultura\/la-inseguridad-desborda-la-gestion-de-cesar-acuna-en-trujillo\/#breadcrumb"},"inLanguage":"es-PE","potentialAction":[{"@type":"ReadAction","target":["https:\/\/pulso27.com\/actualidad\/agricultura\/la-inseguridad-desborda-la-gestion-de-cesar-acuna-en-trujillo\/"]}]},{"@type":"ImageObject","inLanguage":"es-PE","@id":"https:\/\/pulso27.com\/actualidad\/agricultura\/la-inseguridad-desborda-la-gestion-de-cesar-acuna-en-trujillo\/#primaryimage","url":"https:\/\/pulso27.com\/wp-content\/uploads\/2025\/09\/Acunaa-1.png","contentUrl":"https:\/\/pulso27.com\/wp-content\/uploads\/2025\/09\/Acunaa-1.png","width":1450,"height":906},{"@type":"BreadcrumbList","@id":"https:\/\/pulso27.com\/actualidad\/agricultura\/la-inseguridad-desborda-la-gestion-de-cesar-acuna-en-trujillo\/#breadcrumb","itemListElement":[{"@type":"ListItem","position":1,"name":"Portada","item":"https:\/\/pulso27.com\/"},{"@type":"ListItem","position":2,"name":"La inseguridad desborda la gesti\u00f3n de C\u00e9sar Acu\u00f1a en Trujillo"}]},{"@type":"WebSite","@id":"https:\/\/pulso27.com\/en\/#website","url":"https:\/\/pulso27.com\/en\/","name":"Pulso27","description":"Web de noticias y publicidad","publisher":{"@id":"https:\/\/pulso27.com\/en\/#organization"},"alternateName":"El pulso del pueblo","potentialAction":[{"@type":"SearchAction","target":{"@type":"EntryPoint","urlTemplate":"https:\/\/pulso27.com\/en\/?s={search_term_string}"},"query-input":{"@type":"PropertyValueSpecification","valueRequired":true,"valueName":"search_term_string"}}],"inLanguage":"es-PE"},{"@type":"Organization","@id":"https:\/\/pulso27.com\/en\/#organization","name":"Pulso27","url":"https:\/\/pulso27.com\/en\/","logo":{"@type":"ImageObject","inLanguage":"es-PE","@id":"https:\/\/pulso27.com\/en\/#\/schema\/logo\/image\/","url":"https:\/\/pulso27.com\/wp-content\/uploads\/2026\/02\/Logotipo-de-la-organizacion-696-x-696-px-ok.png","contentUrl":"https:\/\/pulso27.com\/wp-content\/uploads\/2026\/02\/Logotipo-de-la-organizacion-696-x-696-px-ok.png","width":696,"height":696,"caption":"Pulso27"},"image":{"@id":"https:\/\/pulso27.com\/en\/#\/schema\/logo\/image\/"},"sameAs":["https:\/\/www.facebook.com\/pulso27\/","https:\/\/x.com\/Pulso_27","https:\/\/www.youtube.com\/@Pulso27","https:\/\/www.tiktok.com\/@pulso_27"]},{"@type":"Person","@id":"https:\/\/pulso27.com\/en\/#\/schema\/person\/bf5ee161e6c87f6c7d57f5e689ef8526","name":"Redactor","image":{"@type":"ImageObject","inLanguage":"es-PE","@id":"https:\/\/pulso27.com\/wp-content\/uploads\/2025\/03\/a-150x150.png","url":"https:\/\/pulso27.com\/wp-content\/uploads\/2025\/03\/a-150x150.png","contentUrl":"https:\/\/pulso27.com\/wp-content\/uploads\/2025\/03\/a-150x150.png","caption":"Redactor"},"sameAs":["http:\/\/www.pulso27.com"],"url":"https:\/\/pulso27.com\/es\/author\/redactor\/"}]}},"amp_enabled":true,"_links":{"self":[{"href":"https:\/\/pulso27.com\/es\/wp-json\/wp\/v2\/posts\/6210","targetHints":{"allow":["GET"]}}],"collection":[{"href":"https:\/\/pulso27.com\/es\/wp-json\/wp\/v2\/posts"}],"about":[{"href":"https:\/\/pulso27.com\/es\/wp-json\/wp\/v2\/types\/post"}],"author":[{"embeddable":true,"href":"https:\/\/pulso27.com\/es\/wp-json\/wp\/v2\/users\/13"}],"replies":[{"embeddable":true,"href":"https:\/\/pulso27.com\/es\/wp-json\/wp\/v2\/comments?post=6210"}],"version-history":[{"count":1,"href":"https:\/\/pulso27.com\/es\/wp-json\/wp\/v2\/posts\/6210\/revisions"}],"predecessor-version":[{"id":6216,"href":"https:\/\/pulso27.com\/es\/wp-json\/wp\/v2\/posts\/6210\/revisions\/6216"}],"wp:featuredmedia":[{"embeddable":true,"href":"https:\/\/pulso27.com\/es\/wp-json\/wp\/v2\/media\/6212"}],"wp:attachment":[{"href":"https:\/\/pulso27.com\/es\/wp-json\/wp\/v2\/media?parent=6210"}],"wp:term":[{"taxonomy":"category","embeddable":true,"href":"https:\/\/pulso27.com\/es\/wp-json\/wp\/v2\/categories?post=6210"},{"taxonomy":"post_tag","embeddable":true,"href":"https:\/\/pulso27.com\/es\/wp-json\/wp\/v2\/tags?post=6210"}],"curies":[{"name":"wp","href":"https:\/\/api.w.org\/{rel}","templated":true}]}}