{"id":6217,"date":"2025-09-06T09:24:29","date_gmt":"2025-09-06T04:24:29","guid":{"rendered":"https:\/\/pulso27.com\/?p=6217"},"modified":"2025-09-06T09:24:34","modified_gmt":"2025-09-06T04:24:34","slug":"betssy-chavez-recupera-su-libertad-pero-no-le-exime-de-responsabilidad-penal-posterior","status":"publish","type":"post","link":"https:\/\/pulso27.com\/es\/actualidad\/betssy-chavez-recupera-su-libertad-pero-no-le-exime-de-responsabilidad-penal-posterior\/","title":{"rendered":"Betssy Ch\u00e1vez recupera su libertad pero no le exime de responsabilidad penal posterior"},"content":{"rendered":"\n<p>El Tribunal Constitucional (TC) orden\u00f3 la liberaci\u00f3n inmediata de la ex primera ministra Betssy Ch\u00e1vez, recluida desde junio de 2023 en el penal Anexo Mujeres de Chorrillos por su presunta participaci\u00f3n en el intento de golpe de Estado del expresidente Pedro Castillo el 7 de diciembre de 2022. La decisi\u00f3n, emitida el 3 de septiembre de 2025, se bas\u00f3 en la vulneraci\u00f3n de su derecho a no sufrir detenciones arbitrarias, debido a que el Ministerio P\u00fablico solicit\u00f3 la ampliaci\u00f3n de su prisi\u00f3n preventiva un d\u00eda despu\u00e9s de vencido el plazo original de 18 meses, el 19 de diciembre de 2024. Aunque Ch\u00e1vez recupera su libertad, continuar\u00e1 enfrentando el juicio por el delito de rebeli\u00f3n, por el que la Fiscal\u00eda pide 25 a\u00f1os de prisi\u00f3n.<\/p>\n\n\n\n<p>La ex premier es se\u00f1alada por la Fiscal\u00eda como una de las principales articuladoras del mensaje golpista de Castillo, junto al ex asesor An\u00edbal Torres y el exministro de Defensa Emilio Bobbio. Seg\u00fan el Ministerio P\u00fablico, Ch\u00e1vez, Torres y Bobbio, presentes en el despacho presidencial la noche del 6 de diciembre de 2022, habr\u00edan colaborado en la redacci\u00f3n del discurso que anunci\u00f3 la disoluci\u00f3n del Congreso y un estado de excepci\u00f3n, quebrantando el orden constitucional. Testimonios y videos de seguridad confirman que Ch\u00e1vez coordin\u00f3 la transmisi\u00f3n del mensaje a trav\u00e9s de TV Per\u00fa, evidenciando su rol activo en los hechos previos al intento de golpe.<\/p>\n\n\n\n<p>La liberaci\u00f3n de Ch\u00e1vez ha generado controversia, con cr\u00edticas que se\u00f1alan un mal precedente para la justicia peruana, considerando las pruebas que la vinculan al golpe de Estado. Su cercan\u00eda con Torres, quien enfrenta una solicitud de 15 a\u00f1os de prisi\u00f3n, y Bobbio, tambi\u00e9n investigado, refuerza la tesis fiscal de un entorno de confianza que mal asesor\u00f3 a Castillo para ejecutar su plan. Mientras el juicio oral por el caso se acerca a su etapa final, la salida de Ch\u00e1vez, fundamentada en un tecnicismo legal, no la exime de responsabilidad penal, y se especula que podr\u00eda buscar asilo pol\u00edtico en el extranjero, como M\u00e9xico, alegando persecuci\u00f3n.<\/p>\n","protected":false},"excerpt":{"rendered":"<p>El Tribunal Constitucional (TC) orden\u00f3 la liberaci\u00f3n inmediata de la ex primera ministra Betssy Ch\u00e1vez, recluida desde junio de 2023 en el penal Anexo Mujeres de Chorrillos por su presunta participaci\u00f3n en el intento de golpe de Estado del expresidente Pedro Castillo el 7 de diciembre de 2022. La decisi\u00f3n, emitida el 3 de septiembre [&hellip;]<\/p>\n","protected":false},"author":7,"featured_media":6218,"comment_status":"open","ping_status":"open","sticky":false,"template":"","format":"standard","meta":{"footnotes":""},"categories":[183,174,809],"tags":[2482,625,595,563,385],"class_list":["post-6217","post","type-post","status-publish","format-standard","has-post-thumbnail","hentry","category-actualidad","category-nacional","category-salud","tag-betsy-chavez","tag-fiscalia","tag-ministerio-publico-2","tag-pedro-castillo","tag-tribunal-constitucional"],"yoast_head":"<!-- This site is optimized with the Yoast SEO plugin v27.4 - https:\/\/yoast.com\/product\/yoast-seo-wordpress\/ -->\n<title>Betssy Ch\u00e1vez recupera su libertad pero no le exime de responsabilidad penal posterior - Pulso27<\/title>\n<meta name=\"robots\" content=\"index, follow, max-snippet:-1, max-image-preview:large, max-video-preview:-1\" \/>\n<link rel=\"canonical\" href=\"https:\/\/pulso27.com\/es\/actualidad\/betssy-chavez-recupera-su-libertad-pero-no-le-exime-de-responsabilidad-penal-posterior\/\" \/>\n<meta property=\"og:locale\" content=\"es_ES\" \/>\n<meta property=\"og:type\" content=\"article\" \/>\n<meta property=\"og:title\" content=\"Betssy Ch\u00e1vez recupera su libertad pero no le exime de responsabilidad penal posterior - Pulso27\" \/>\n<meta property=\"og:description\" content=\"El Tribunal Constitucional (TC) orden\u00f3 la liberaci\u00f3n inmediata de la ex primera ministra Betssy Ch\u00e1vez, recluida desde junio de 2023 en el penal Anexo Mujeres de Chorrillos por su presunta participaci\u00f3n en el intento de golpe de Estado del expresidente Pedro Castillo el 7 de diciembre de 2022. La decisi\u00f3n, emitida el 3 de septiembre [&hellip;]\" \/>\n<meta property=\"og:url\" content=\"https:\/\/pulso27.com\/es\/actualidad\/betssy-chavez-recupera-su-libertad-pero-no-le-exime-de-responsabilidad-penal-posterior\/\" \/>\n<meta property=\"og:site_name\" content=\"Pulso27\" \/>\n<meta property=\"article:publisher\" content=\"https:\/\/www.facebook.com\/pulso27\/\" \/>\n<meta property=\"article:published_time\" content=\"2025-09-06T04:24:29+00:00\" \/>\n<meta property=\"article:modified_time\" content=\"2025-09-06T04:24:34+00:00\" \/>\n<meta property=\"og:image\" content=\"https:\/\/pulso27.com\/wp-content\/uploads\/2025\/09\/Betsyy.png\" \/>\n\t<meta property=\"og:image:width\" content=\"1280\" \/>\n\t<meta property=\"og:image:height\" content=\"800\" \/>\n\t<meta property=\"og:image:type\" content=\"image\/png\" \/>\n<meta name=\"author\" content=\"Tupaq\" \/>\n<meta name=\"twitter:card\" content=\"summary_large_image\" \/>\n<meta name=\"twitter:creator\" content=\"@Pulso_27\" \/>\n<meta name=\"twitter:site\" content=\"@Pulso_27\" \/>\n<meta name=\"twitter:label1\" content=\"Written by\" \/>\n\t<meta name=\"twitter:data1\" content=\"Tupaq\" \/>\n\t<meta name=\"twitter:label2\" content=\"Est. reading time\" \/>\n\t<meta name=\"twitter:data2\" content=\"2 minutos\" \/>\n<script type=\"application\/ld+json\" class=\"yoast-schema-graph\">{\"@context\":\"https:\\\/\\\/schema.org\",\"@graph\":[{\"@type\":\"Article\",\"@id\":\"https:\\\/\\\/pulso27.com\\\/actualidad\\\/betssy-chavez-recupera-su-libertad-pero-no-le-exime-de-responsabilidad-penal-posterior\\\/#article\",\"isPartOf\":{\"@id\":\"https:\\\/\\\/pulso27.com\\\/actualidad\\\/betssy-chavez-recupera-su-libertad-pero-no-le-exime-de-responsabilidad-penal-posterior\\\/\"},\"author\":{\"name\":\"Tupaq\",\"@id\":\"https:\\\/\\\/pulso27.com\\\/en\\\/#\\\/schema\\\/person\\\/d20fd7f5bc7f2e53fd150d43fca07a78\"},\"headline\":\"Betssy Ch\u00e1vez recupera su libertad pero no le exime de responsabilidad penal posterior\",\"datePublished\":\"2025-09-06T04:24:29+00:00\",\"dateModified\":\"2025-09-06T04:24:34+00:00\",\"mainEntityOfPage\":{\"@id\":\"https:\\\/\\\/pulso27.com\\\/actualidad\\\/betssy-chavez-recupera-su-libertad-pero-no-le-exime-de-responsabilidad-penal-posterior\\\/\"},\"wordCount\":378,\"commentCount\":0,\"publisher\":{\"@id\":\"https:\\\/\\\/pulso27.com\\\/en\\\/#organization\"},\"image\":{\"@id\":\"https:\\\/\\\/pulso27.com\\\/actualidad\\\/betssy-chavez-recupera-su-libertad-pero-no-le-exime-de-responsabilidad-penal-posterior\\\/#primaryimage\"},\"thumbnailUrl\":\"https:\\\/\\\/pulso27.com\\\/wp-content\\\/uploads\\\/2025\\\/09\\\/Betsyy.png\",\"keywords\":[\"Betsy Ch\u00e1vez\",\"Fiscal\u00eda\",\"Ministerio P\u00fablico\",\"Pedro Castillo\",\"Tribunal Constitucional\"],\"articleSection\":[\"Actualidad\",\"Nacional\",\"Salud\"],\"inLanguage\":\"es-PE\",\"potentialAction\":[{\"@type\":\"CommentAction\",\"name\":\"Comment\",\"target\":[\"https:\\\/\\\/pulso27.com\\\/actualidad\\\/betssy-chavez-recupera-su-libertad-pero-no-le-exime-de-responsabilidad-penal-posterior\\\/#respond\"]}]},{\"@type\":\"WebPage\",\"@id\":\"https:\\\/\\\/pulso27.com\\\/actualidad\\\/betssy-chavez-recupera-su-libertad-pero-no-le-exime-de-responsabilidad-penal-posterior\\\/\",\"url\":\"https:\\\/\\\/pulso27.com\\\/actualidad\\\/betssy-chavez-recupera-su-libertad-pero-no-le-exime-de-responsabilidad-penal-posterior\\\/\",\"name\":\"Betssy Ch\u00e1vez recupera su libertad pero no le exime de responsabilidad penal posterior - Pulso27\",\"isPartOf\":{\"@id\":\"https:\\\/\\\/pulso27.com\\\/en\\\/#website\"},\"primaryImageOfPage\":{\"@id\":\"https:\\\/\\\/pulso27.com\\\/actualidad\\\/betssy-chavez-recupera-su-libertad-pero-no-le-exime-de-responsabilidad-penal-posterior\\\/#primaryimage\"},\"image\":{\"@id\":\"https:\\\/\\\/pulso27.com\\\/actualidad\\\/betssy-chavez-recupera-su-libertad-pero-no-le-exime-de-responsabilidad-penal-posterior\\\/#primaryimage\"},\"thumbnailUrl\":\"https:\\\/\\\/pulso27.com\\\/wp-content\\\/uploads\\\/2025\\\/09\\\/Betsyy.png\",\"datePublished\":\"2025-09-06T04:24:29+00:00\",\"dateModified\":\"2025-09-06T04:24:34+00:00\",\"breadcrumb\":{\"@id\":\"https:\\\/\\\/pulso27.com\\\/actualidad\\\/betssy-chavez-recupera-su-libertad-pero-no-le-exime-de-responsabilidad-penal-posterior\\\/#breadcrumb\"},\"inLanguage\":\"es-PE\",\"potentialAction\":[{\"@type\":\"ReadAction\",\"target\":[\"https:\\\/\\\/pulso27.com\\\/actualidad\\\/betssy-chavez-recupera-su-libertad-pero-no-le-exime-de-responsabilidad-penal-posterior\\\/\"]}]},{\"@type\":\"ImageObject\",\"inLanguage\":\"es-PE\",\"@id\":\"https:\\\/\\\/pulso27.com\\\/actualidad\\\/betssy-chavez-recupera-su-libertad-pero-no-le-exime-de-responsabilidad-penal-posterior\\\/#primaryimage\",\"url\":\"https:\\\/\\\/pulso27.com\\\/wp-content\\\/uploads\\\/2025\\\/09\\\/Betsyy.png\",\"contentUrl\":\"https:\\\/\\\/pulso27.com\\\/wp-content\\\/uploads\\\/2025\\\/09\\\/Betsyy.png\",\"width\":1280,\"height\":800},{\"@type\":\"BreadcrumbList\",\"@id\":\"https:\\\/\\\/pulso27.com\\\/actualidad\\\/betssy-chavez-recupera-su-libertad-pero-no-le-exime-de-responsabilidad-penal-posterior\\\/#breadcrumb\",\"itemListElement\":[{\"@type\":\"ListItem\",\"position\":1,\"name\":\"Portada\",\"item\":\"https:\\\/\\\/pulso27.com\\\/\"},{\"@type\":\"ListItem\",\"position\":2,\"name\":\"Betssy Ch\u00e1vez recupera su libertad pero no le exime de responsabilidad penal posterior\"}]},{\"@type\":\"WebSite\",\"@id\":\"https:\\\/\\\/pulso27.com\\\/en\\\/#website\",\"url\":\"https:\\\/\\\/pulso27.com\\\/en\\\/\",\"name\":\"Pulso27\",\"description\":\"Web de noticias y publicidad\",\"publisher\":{\"@id\":\"https:\\\/\\\/pulso27.com\\\/en\\\/#organization\"},\"alternateName\":\"El pulso del pueblo\",\"potentialAction\":[{\"@type\":\"SearchAction\",\"target\":{\"@type\":\"EntryPoint\",\"urlTemplate\":\"https:\\\/\\\/pulso27.com\\\/en\\\/?s={search_term_string}\"},\"query-input\":{\"@type\":\"PropertyValueSpecification\",\"valueRequired\":true,\"valueName\":\"search_term_string\"}}],\"inLanguage\":\"es-PE\"},{\"@type\":\"Organization\",\"@id\":\"https:\\\/\\\/pulso27.com\\\/en\\\/#organization\",\"name\":\"Pulso27\",\"url\":\"https:\\\/\\\/pulso27.com\\\/en\\\/\",\"logo\":{\"@type\":\"ImageObject\",\"inLanguage\":\"es-PE\",\"@id\":\"https:\\\/\\\/pulso27.com\\\/en\\\/#\\\/schema\\\/logo\\\/image\\\/\",\"url\":\"https:\\\/\\\/pulso27.com\\\/wp-content\\\/uploads\\\/2026\\\/02\\\/Logotipo-de-la-organizacion-696-x-696-px-ok.png\",\"contentUrl\":\"https:\\\/\\\/pulso27.com\\\/wp-content\\\/uploads\\\/2026\\\/02\\\/Logotipo-de-la-organizacion-696-x-696-px-ok.png\",\"width\":696,\"height\":696,\"caption\":\"Pulso27\"},\"image\":{\"@id\":\"https:\\\/\\\/pulso27.com\\\/en\\\/#\\\/schema\\\/logo\\\/image\\\/\"},\"sameAs\":[\"https:\\\/\\\/www.facebook.com\\\/pulso27\\\/\",\"https:\\\/\\\/x.com\\\/Pulso_27\",\"https:\\\/\\\/www.youtube.com\\\/@Pulso27\",\"https:\\\/\\\/www.tiktok.com\\\/@pulso_27\"]},{\"@type\":\"Person\",\"@id\":\"https:\\\/\\\/pulso27.com\\\/en\\\/#\\\/schema\\\/person\\\/d20fd7f5bc7f2e53fd150d43fca07a78\",\"name\":\"Tupaq\",\"image\":{\"@type\":\"ImageObject\",\"inLanguage\":\"es-PE\",\"@id\":\"https:\\\/\\\/secure.gravatar.com\\\/avatar\\\/7929e9b034aeea560319a601e4f04c59eb5f45a79eafe192adabb67e9604e7e7?s=96&d=mm&r=g\",\"url\":\"https:\\\/\\\/secure.gravatar.com\\\/avatar\\\/7929e9b034aeea560319a601e4f04c59eb5f45a79eafe192adabb67e9604e7e7?s=96&d=mm&r=g\",\"contentUrl\":\"https:\\\/\\\/secure.gravatar.com\\\/avatar\\\/7929e9b034aeea560319a601e4f04c59eb5f45a79eafe192adabb67e9604e7e7?s=96&d=mm&r=g\",\"caption\":\"Tupaq\"},\"url\":\"https:\\\/\\\/pulso27.com\\\/es\\\/author\\\/tupaq\\\/\"}]}<\/script>\n<!-- \/ Yoast SEO plugin. -->","yoast_head_json":{"title":"Betssy Ch\u00e1vez recupera su libertad pero no le exime de responsabilidad penal posterior - Pulso27","robots":{"index":"index","follow":"follow","max-snippet":"max-snippet:-1","max-image-preview":"max-image-preview:large","max-video-preview":"max-video-preview:-1"},"canonical":"https:\/\/pulso27.com\/es\/actualidad\/betssy-chavez-recupera-su-libertad-pero-no-le-exime-de-responsabilidad-penal-posterior\/","og_locale":"es_ES","og_type":"article","og_title":"Betssy Ch\u00e1vez recupera su libertad pero no le exime de responsabilidad penal posterior - Pulso27","og_description":"El Tribunal Constitucional (TC) orden\u00f3 la liberaci\u00f3n inmediata de la ex primera ministra Betssy Ch\u00e1vez, recluida desde junio de 2023 en el penal Anexo Mujeres de Chorrillos por su presunta participaci\u00f3n en el intento de golpe de Estado del expresidente Pedro Castillo el 7 de diciembre de 2022. La decisi\u00f3n, emitida el 3 de septiembre [&hellip;]","og_url":"https:\/\/pulso27.com\/es\/actualidad\/betssy-chavez-recupera-su-libertad-pero-no-le-exime-de-responsabilidad-penal-posterior\/","og_site_name":"Pulso27","article_publisher":"https:\/\/www.facebook.com\/pulso27\/","article_published_time":"2025-09-06T04:24:29+00:00","article_modified_time":"2025-09-06T04:24:34+00:00","og_image":[{"width":1280,"height":800,"url":"https:\/\/pulso27.com\/wp-content\/uploads\/2025\/09\/Betsyy.png","type":"image\/png"}],"author":"Tupaq","twitter_card":"summary_large_image","twitter_creator":"@Pulso_27","twitter_site":"@Pulso_27","twitter_misc":{"Written by":"Tupaq","Est. reading time":"2 minutos"},"schema":{"@context":"https:\/\/schema.org","@graph":[{"@type":"Article","@id":"https:\/\/pulso27.com\/actualidad\/betssy-chavez-recupera-su-libertad-pero-no-le-exime-de-responsabilidad-penal-posterior\/#article","isPartOf":{"@id":"https:\/\/pulso27.com\/actualidad\/betssy-chavez-recupera-su-libertad-pero-no-le-exime-de-responsabilidad-penal-posterior\/"},"author":{"name":"Tupaq","@id":"https:\/\/pulso27.com\/en\/#\/schema\/person\/d20fd7f5bc7f2e53fd150d43fca07a78"},"headline":"Betssy Ch\u00e1vez recupera su libertad pero no le exime de responsabilidad penal posterior","datePublished":"2025-09-06T04:24:29+00:00","dateModified":"2025-09-06T04:24:34+00:00","mainEntityOfPage":{"@id":"https:\/\/pulso27.com\/actualidad\/betssy-chavez-recupera-su-libertad-pero-no-le-exime-de-responsabilidad-penal-posterior\/"},"wordCount":378,"commentCount":0,"publisher":{"@id":"https:\/\/pulso27.com\/en\/#organization"},"image":{"@id":"https:\/\/pulso27.com\/actualidad\/betssy-chavez-recupera-su-libertad-pero-no-le-exime-de-responsabilidad-penal-posterior\/#primaryimage"},"thumbnailUrl":"https:\/\/pulso27.com\/wp-content\/uploads\/2025\/09\/Betsyy.png","keywords":["Betsy Ch\u00e1vez","Fiscal\u00eda","Ministerio P\u00fablico","Pedro Castillo","Tribunal Constitucional"],"articleSection":["Actualidad","Nacional","Salud"],"inLanguage":"es-PE","potentialAction":[{"@type":"CommentAction","name":"Comment","target":["https:\/\/pulso27.com\/actualidad\/betssy-chavez-recupera-su-libertad-pero-no-le-exime-de-responsabilidad-penal-posterior\/#respond"]}]},{"@type":"WebPage","@id":"https:\/\/pulso27.com\/actualidad\/betssy-chavez-recupera-su-libertad-pero-no-le-exime-de-responsabilidad-penal-posterior\/","url":"https:\/\/pulso27.com\/actualidad\/betssy-chavez-recupera-su-libertad-pero-no-le-exime-de-responsabilidad-penal-posterior\/","name":"Betssy Ch\u00e1vez recupera su libertad pero no le exime de responsabilidad penal posterior - Pulso27","isPartOf":{"@id":"https:\/\/pulso27.com\/en\/#website"},"primaryImageOfPage":{"@id":"https:\/\/pulso27.com\/actualidad\/betssy-chavez-recupera-su-libertad-pero-no-le-exime-de-responsabilidad-penal-posterior\/#primaryimage"},"image":{"@id":"https:\/\/pulso27.com\/actualidad\/betssy-chavez-recupera-su-libertad-pero-no-le-exime-de-responsabilidad-penal-posterior\/#primaryimage"},"thumbnailUrl":"https:\/\/pulso27.com\/wp-content\/uploads\/2025\/09\/Betsyy.png","datePublished":"2025-09-06T04:24:29+00:00","dateModified":"2025-09-06T04:24:34+00:00","breadcrumb":{"@id":"https:\/\/pulso27.com\/actualidad\/betssy-chavez-recupera-su-libertad-pero-no-le-exime-de-responsabilidad-penal-posterior\/#breadcrumb"},"inLanguage":"es-PE","potentialAction":[{"@type":"ReadAction","target":["https:\/\/pulso27.com\/actualidad\/betssy-chavez-recupera-su-libertad-pero-no-le-exime-de-responsabilidad-penal-posterior\/"]}]},{"@type":"ImageObject","inLanguage":"es-PE","@id":"https:\/\/pulso27.com\/actualidad\/betssy-chavez-recupera-su-libertad-pero-no-le-exime-de-responsabilidad-penal-posterior\/#primaryimage","url":"https:\/\/pulso27.com\/wp-content\/uploads\/2025\/09\/Betsyy.png","contentUrl":"https:\/\/pulso27.com\/wp-content\/uploads\/2025\/09\/Betsyy.png","width":1280,"height":800},{"@type":"BreadcrumbList","@id":"https:\/\/pulso27.com\/actualidad\/betssy-chavez-recupera-su-libertad-pero-no-le-exime-de-responsabilidad-penal-posterior\/#breadcrumb","itemListElement":[{"@type":"ListItem","position":1,"name":"Portada","item":"https:\/\/pulso27.com\/"},{"@type":"ListItem","position":2,"name":"Betssy Ch\u00e1vez recupera su libertad pero no le exime de responsabilidad penal posterior"}]},{"@type":"WebSite","@id":"https:\/\/pulso27.com\/en\/#website","url":"https:\/\/pulso27.com\/en\/","name":"Pulso27","description":"Web de noticias y publicidad","publisher":{"@id":"https:\/\/pulso27.com\/en\/#organization"},"alternateName":"El pulso del pueblo","potentialAction":[{"@type":"SearchAction","target":{"@type":"EntryPoint","urlTemplate":"https:\/\/pulso27.com\/en\/?s={search_term_string}"},"query-input":{"@type":"PropertyValueSpecification","valueRequired":true,"valueName":"search_term_string"}}],"inLanguage":"es-PE"},{"@type":"Organization","@id":"https:\/\/pulso27.com\/en\/#organization","name":"Pulso27","url":"https:\/\/pulso27.com\/en\/","logo":{"@type":"ImageObject","inLanguage":"es-PE","@id":"https:\/\/pulso27.com\/en\/#\/schema\/logo\/image\/","url":"https:\/\/pulso27.com\/wp-content\/uploads\/2026\/02\/Logotipo-de-la-organizacion-696-x-696-px-ok.png","contentUrl":"https:\/\/pulso27.com\/wp-content\/uploads\/2026\/02\/Logotipo-de-la-organizacion-696-x-696-px-ok.png","width":696,"height":696,"caption":"Pulso27"},"image":{"@id":"https:\/\/pulso27.com\/en\/#\/schema\/logo\/image\/"},"sameAs":["https:\/\/www.facebook.com\/pulso27\/","https:\/\/x.com\/Pulso_27","https:\/\/www.youtube.com\/@Pulso27","https:\/\/www.tiktok.com\/@pulso_27"]},{"@type":"Person","@id":"https:\/\/pulso27.com\/en\/#\/schema\/person\/d20fd7f5bc7f2e53fd150d43fca07a78","name":"Tupaq","image":{"@type":"ImageObject","inLanguage":"es-PE","@id":"https:\/\/secure.gravatar.com\/avatar\/7929e9b034aeea560319a601e4f04c59eb5f45a79eafe192adabb67e9604e7e7?s=96&d=mm&r=g","url":"https:\/\/secure.gravatar.com\/avatar\/7929e9b034aeea560319a601e4f04c59eb5f45a79eafe192adabb67e9604e7e7?s=96&d=mm&r=g","contentUrl":"https:\/\/secure.gravatar.com\/avatar\/7929e9b034aeea560319a601e4f04c59eb5f45a79eafe192adabb67e9604e7e7?s=96&d=mm&r=g","caption":"Tupaq"},"url":"https:\/\/pulso27.com\/es\/author\/tupaq\/"}]}},"amp_enabled":true,"_links":{"self":[{"href":"https:\/\/pulso27.com\/es\/wp-json\/wp\/v2\/posts\/6217","targetHints":{"allow":["GET"]}}],"collection":[{"href":"https:\/\/pulso27.com\/es\/wp-json\/wp\/v2\/posts"}],"about":[{"href":"https:\/\/pulso27.com\/es\/wp-json\/wp\/v2\/types\/post"}],"author":[{"embeddable":true,"href":"https:\/\/pulso27.com\/es\/wp-json\/wp\/v2\/users\/7"}],"replies":[{"embeddable":true,"href":"https:\/\/pulso27.com\/es\/wp-json\/wp\/v2\/comments?post=6217"}],"version-history":[{"count":1,"href":"https:\/\/pulso27.com\/es\/wp-json\/wp\/v2\/posts\/6217\/revisions"}],"predecessor-version":[{"id":6222,"href":"https:\/\/pulso27.com\/es\/wp-json\/wp\/v2\/posts\/6217\/revisions\/6222"}],"wp:featuredmedia":[{"embeddable":true,"href":"https:\/\/pulso27.com\/es\/wp-json\/wp\/v2\/media\/6218"}],"wp:attachment":[{"href":"https:\/\/pulso27.com\/es\/wp-json\/wp\/v2\/media?parent=6217"}],"wp:term":[{"taxonomy":"category","embeddable":true,"href":"https:\/\/pulso27.com\/es\/wp-json\/wp\/v2\/categories?post=6217"},{"taxonomy":"post_tag","embeddable":true,"href":"https:\/\/pulso27.com\/es\/wp-json\/wp\/v2\/tags?post=6217"}],"curies":[{"name":"wp","href":"https:\/\/api.w.org\/{rel}","templated":true}]}}