{"id":6262,"date":"2025-09-11T10:03:39","date_gmt":"2025-09-11T05:03:39","guid":{"rendered":"https:\/\/pulso27.com\/?p=6262"},"modified":"2025-09-11T10:03:43","modified_gmt":"2025-09-11T05:03:43","slug":"estudiantes-toman-campus-de-la-universidad-nacional-mayor-de-san-marcos-en-rechazo-a-medidas-privatistas","status":"publish","type":"post","link":"https:\/\/pulso27.com\/es\/actualidad\/educacion\/estudiantes-toman-campus-de-la-universidad-nacional-mayor-de-san-marcos-en-rechazo-a-medidas-privatistas\/","title":{"rendered":"Estudiantes toman campus de la Universidad Nacional Mayor de San Marcos en rechazo a medidas privatistas"},"content":{"rendered":"\n<p>El 10 de septiembre de 2025, estudiantes de la Universidad Nacional Mayor de San Marcos (UNMSM) ocuparon el campus universitario en protesta contra lo que califican como un proceso de \u201cprivatizaci\u00f3n\u201d de la educaci\u00f3n p\u00fablica. La medida fue encabezada por la Federaci\u00f3n Universitaria de San Marcos (FUSM) y consejeros universitarios, quienes expresaron su rechazo a los nuevos cobros establecidos en el reglamento de admisi\u00f3n 2026-I, al incremento de las tasas para el examen de ingreso y a las restricciones que impiden postular a estudiantes inactivos o repitentes. Adem\u00e1s, acusaron a la rectora Jeri Ram\u00f3n de no atender sus demandas y de implementar medidas restrictivas sin di\u00e1logo previo.<\/p>\n\n\n\n<p>Los manifestantes ingresaron por la puerta 2 tras derribar una reja met\u00e1lica y cerraron los accesos, lo que oblig\u00f3 a suspender el examen de admisi\u00f3n programado para los d\u00edas 13, 14, 20 y 21 de septiembre. Durante la toma se reportaron enfrentamientos con personal de seguridad, a quienes los estudiantes denunciaron por agresiones con objetos contundentes. En los alrededores, la Polic\u00eda Nacional se mantuvo desplegada, aunque no se registraron incidentes mayores.<\/p>\n\n\n<div class=\"wp-block-image\">\n<figure class=\"alignleft size-full is-resized\"><img loading=\"lazy\" decoding=\"async\" width=\"512\" height=\"640\" src=\"https:\/\/pulso27.com\/wp-content\/uploads\/2025\/09\/image.png\" alt=\"\" class=\"wp-image-6264\" style=\"width:303px;height:auto\" srcset=\"https:\/\/pulso27.com\/wp-content\/uploads\/2025\/09\/image.png 512w, https:\/\/pulso27.com\/wp-content\/uploads\/2025\/09\/image-240x300.png 240w, https:\/\/pulso27.com\/wp-content\/uploads\/2025\/09\/image-10x12.png 10w\" sizes=\"auto, (max-width: 512px) 100vw, 512px\" \/><\/figure><\/div>\n\n\n<p>Al respecto, la congresista de la Rep\u00fablica Margot Palacios se pronunci\u00f3 a trav\u00e9s de su p\u00e1gina Facebook manifestando que \u00ab<em>la educaci\u00f3n no es un privilegio, es un derecho fundamental que debe ser defendido por toda la sociedad<\/em>\u00bb y mostrando su respaldo pleno y firme a la lucha de la Federaci\u00f3n Universitaria de San Marcos, de los maestros y de todos los alumnos que hoy se movilizaron de manera pac\u00edfica en el campus universitario.<\/p>\n\n\n\n<p>En respuesta, la universidad emiti\u00f3 un comunicado anunciando la suspensi\u00f3n de clases presenciales hasta el 15 de septiembre por labores de \u201cmantenimiento\u201d. Tambi\u00e9n inform\u00f3 medidas complementarias, como el incremento de raciones en el comedor universitario y la opci\u00f3n de pagar solo matr\u00edcula para quienes cursen una segunda carrera. No obstante, los estudiantes calificaron estas disposiciones como insuficientes y exigieron la instalaci\u00f3n de una mesa de di\u00e1logo formal con las autoridades.<\/p>\n","protected":false},"excerpt":{"rendered":"<p>El 10 de septiembre de 2025, estudiantes de la Universidad Nacional Mayor de San Marcos (UNMSM) ocuparon el campus universitario en protesta contra lo que califican como un proceso de \u201cprivatizaci\u00f3n\u201d de la educaci\u00f3n p\u00fablica. La medida fue encabezada por la Federaci\u00f3n Universitaria de San Marcos (FUSM) y consejeros universitarios, quienes expresaron su rechazo a [&hellip;]<\/p>\n","protected":false},"author":7,"featured_media":6263,"comment_status":"open","ping_status":"open","sticky":false,"template":"","format":"standard","meta":{"footnotes":""},"categories":[183,808,174],"tags":[2492,711,2491,1839],"class_list":["post-6262","post","type-post","status-publish","format-standard","has-post-thumbnail","hentry","category-actualidad","category-educacion","category-nacional","tag-fusm","tag-privatizacion","tag-universidad-nacional-mayor-de-san-marcos","tag-unmsm"],"yoast_head":"<!-- This site is optimized with the Yoast SEO plugin v27.4 - https:\/\/yoast.com\/product\/yoast-seo-wordpress\/ -->\n<title>Estudiantes toman campus de la Universidad Nacional Mayor de San Marcos en rechazo a medidas privatistas - Pulso27<\/title>\n<meta name=\"robots\" content=\"index, follow, max-snippet:-1, max-image-preview:large, max-video-preview:-1\" \/>\n<link rel=\"canonical\" href=\"https:\/\/pulso27.com\/es\/actualidad\/educacion\/estudiantes-toman-campus-de-la-universidad-nacional-mayor-de-san-marcos-en-rechazo-a-medidas-privatistas\/\" \/>\n<meta property=\"og:locale\" content=\"es_ES\" \/>\n<meta property=\"og:type\" content=\"article\" \/>\n<meta property=\"og:title\" content=\"Estudiantes toman campus de la Universidad Nacional Mayor de San Marcos en rechazo a medidas privatistas - Pulso27\" \/>\n<meta property=\"og:description\" content=\"El 10 de septiembre de 2025, estudiantes de la Universidad Nacional Mayor de San Marcos (UNMSM) ocuparon el campus universitario en protesta contra lo que califican como un proceso de \u201cprivatizaci\u00f3n\u201d de la educaci\u00f3n p\u00fablica. La medida fue encabezada por la Federaci\u00f3n Universitaria de San Marcos (FUSM) y consejeros universitarios, quienes expresaron su rechazo a [&hellip;]\" \/>\n<meta property=\"og:url\" content=\"https:\/\/pulso27.com\/es\/actualidad\/educacion\/estudiantes-toman-campus-de-la-universidad-nacional-mayor-de-san-marcos-en-rechazo-a-medidas-privatistas\/\" \/>\n<meta property=\"og:site_name\" content=\"Pulso27\" \/>\n<meta property=\"article:publisher\" content=\"https:\/\/www.facebook.com\/pulso27\/\" \/>\n<meta property=\"article:published_time\" content=\"2025-09-11T05:03:39+00:00\" \/>\n<meta property=\"article:modified_time\" content=\"2025-09-11T05:03:43+00:00\" \/>\n<meta property=\"og:image\" content=\"https:\/\/pulso27.com\/wp-content\/uploads\/2025\/09\/UNMSM.png\" \/>\n\t<meta property=\"og:image:width\" content=\"1280\" \/>\n\t<meta property=\"og:image:height\" content=\"800\" \/>\n\t<meta property=\"og:image:type\" content=\"image\/png\" \/>\n<meta name=\"author\" content=\"Tupaq\" \/>\n<meta name=\"twitter:card\" content=\"summary_large_image\" \/>\n<meta name=\"twitter:creator\" content=\"@Pulso_27\" \/>\n<meta name=\"twitter:site\" content=\"@Pulso_27\" \/>\n<meta name=\"twitter:label1\" content=\"Written by\" \/>\n\t<meta name=\"twitter:data1\" content=\"Tupaq\" \/>\n\t<meta name=\"twitter:label2\" content=\"Est. reading time\" \/>\n\t<meta name=\"twitter:data2\" content=\"2 minutos\" \/>\n<script type=\"application\/ld+json\" class=\"yoast-schema-graph\">{\"@context\":\"https:\\\/\\\/schema.org\",\"@graph\":[{\"@type\":\"Article\",\"@id\":\"https:\\\/\\\/pulso27.com\\\/actualidad\\\/educacion\\\/estudiantes-toman-campus-de-la-universidad-nacional-mayor-de-san-marcos-en-rechazo-a-medidas-privatistas\\\/#article\",\"isPartOf\":{\"@id\":\"https:\\\/\\\/pulso27.com\\\/actualidad\\\/educacion\\\/estudiantes-toman-campus-de-la-universidad-nacional-mayor-de-san-marcos-en-rechazo-a-medidas-privatistas\\\/\"},\"author\":{\"name\":\"Tupaq\",\"@id\":\"https:\\\/\\\/pulso27.com\\\/en\\\/#\\\/schema\\\/person\\\/d20fd7f5bc7f2e53fd150d43fca07a78\"},\"headline\":\"Estudiantes toman campus de la Universidad Nacional Mayor de San Marcos en rechazo a medidas privatistas\",\"datePublished\":\"2025-09-11T05:03:39+00:00\",\"dateModified\":\"2025-09-11T05:03:43+00:00\",\"mainEntityOfPage\":{\"@id\":\"https:\\\/\\\/pulso27.com\\\/actualidad\\\/educacion\\\/estudiantes-toman-campus-de-la-universidad-nacional-mayor-de-san-marcos-en-rechazo-a-medidas-privatistas\\\/\"},\"wordCount\":353,\"commentCount\":0,\"publisher\":{\"@id\":\"https:\\\/\\\/pulso27.com\\\/en\\\/#organization\"},\"image\":{\"@id\":\"https:\\\/\\\/pulso27.com\\\/actualidad\\\/educacion\\\/estudiantes-toman-campus-de-la-universidad-nacional-mayor-de-san-marcos-en-rechazo-a-medidas-privatistas\\\/#primaryimage\"},\"thumbnailUrl\":\"https:\\\/\\\/pulso27.com\\\/wp-content\\\/uploads\\\/2025\\\/09\\\/UNMSM.png\",\"keywords\":[\"FUSM\",\"Privatizaci\u00f3n\",\"Universidad Nacional Mayor de San Marcos\",\"UNMSM\"],\"articleSection\":[\"Actualidad\",\"Educaci\u00f3n\",\"Nacional\"],\"inLanguage\":\"es-PE\",\"potentialAction\":[{\"@type\":\"CommentAction\",\"name\":\"Comment\",\"target\":[\"https:\\\/\\\/pulso27.com\\\/actualidad\\\/educacion\\\/estudiantes-toman-campus-de-la-universidad-nacional-mayor-de-san-marcos-en-rechazo-a-medidas-privatistas\\\/#respond\"]}]},{\"@type\":\"WebPage\",\"@id\":\"https:\\\/\\\/pulso27.com\\\/actualidad\\\/educacion\\\/estudiantes-toman-campus-de-la-universidad-nacional-mayor-de-san-marcos-en-rechazo-a-medidas-privatistas\\\/\",\"url\":\"https:\\\/\\\/pulso27.com\\\/actualidad\\\/educacion\\\/estudiantes-toman-campus-de-la-universidad-nacional-mayor-de-san-marcos-en-rechazo-a-medidas-privatistas\\\/\",\"name\":\"Estudiantes toman campus de la Universidad Nacional Mayor de San Marcos en rechazo a medidas privatistas - Pulso27\",\"isPartOf\":{\"@id\":\"https:\\\/\\\/pulso27.com\\\/en\\\/#website\"},\"primaryImageOfPage\":{\"@id\":\"https:\\\/\\\/pulso27.com\\\/actualidad\\\/educacion\\\/estudiantes-toman-campus-de-la-universidad-nacional-mayor-de-san-marcos-en-rechazo-a-medidas-privatistas\\\/#primaryimage\"},\"image\":{\"@id\":\"https:\\\/\\\/pulso27.com\\\/actualidad\\\/educacion\\\/estudiantes-toman-campus-de-la-universidad-nacional-mayor-de-san-marcos-en-rechazo-a-medidas-privatistas\\\/#primaryimage\"},\"thumbnailUrl\":\"https:\\\/\\\/pulso27.com\\\/wp-content\\\/uploads\\\/2025\\\/09\\\/UNMSM.png\",\"datePublished\":\"2025-09-11T05:03:39+00:00\",\"dateModified\":\"2025-09-11T05:03:43+00:00\",\"breadcrumb\":{\"@id\":\"https:\\\/\\\/pulso27.com\\\/actualidad\\\/educacion\\\/estudiantes-toman-campus-de-la-universidad-nacional-mayor-de-san-marcos-en-rechazo-a-medidas-privatistas\\\/#breadcrumb\"},\"inLanguage\":\"es-PE\",\"potentialAction\":[{\"@type\":\"ReadAction\",\"target\":[\"https:\\\/\\\/pulso27.com\\\/actualidad\\\/educacion\\\/estudiantes-toman-campus-de-la-universidad-nacional-mayor-de-san-marcos-en-rechazo-a-medidas-privatistas\\\/\"]}]},{\"@type\":\"ImageObject\",\"inLanguage\":\"es-PE\",\"@id\":\"https:\\\/\\\/pulso27.com\\\/actualidad\\\/educacion\\\/estudiantes-toman-campus-de-la-universidad-nacional-mayor-de-san-marcos-en-rechazo-a-medidas-privatistas\\\/#primaryimage\",\"url\":\"https:\\\/\\\/pulso27.com\\\/wp-content\\\/uploads\\\/2025\\\/09\\\/UNMSM.png\",\"contentUrl\":\"https:\\\/\\\/pulso27.com\\\/wp-content\\\/uploads\\\/2025\\\/09\\\/UNMSM.png\",\"width\":1280,\"height\":800},{\"@type\":\"BreadcrumbList\",\"@id\":\"https:\\\/\\\/pulso27.com\\\/actualidad\\\/educacion\\\/estudiantes-toman-campus-de-la-universidad-nacional-mayor-de-san-marcos-en-rechazo-a-medidas-privatistas\\\/#breadcrumb\",\"itemListElement\":[{\"@type\":\"ListItem\",\"position\":1,\"name\":\"Portada\",\"item\":\"https:\\\/\\\/pulso27.com\\\/\"},{\"@type\":\"ListItem\",\"position\":2,\"name\":\"Estudiantes toman campus de la Universidad Nacional Mayor de San Marcos en rechazo a medidas privatistas\"}]},{\"@type\":\"WebSite\",\"@id\":\"https:\\\/\\\/pulso27.com\\\/en\\\/#website\",\"url\":\"https:\\\/\\\/pulso27.com\\\/en\\\/\",\"name\":\"Pulso27\",\"description\":\"Web de noticias y publicidad\",\"publisher\":{\"@id\":\"https:\\\/\\\/pulso27.com\\\/en\\\/#organization\"},\"alternateName\":\"El pulso del pueblo\",\"potentialAction\":[{\"@type\":\"SearchAction\",\"target\":{\"@type\":\"EntryPoint\",\"urlTemplate\":\"https:\\\/\\\/pulso27.com\\\/en\\\/?s={search_term_string}\"},\"query-input\":{\"@type\":\"PropertyValueSpecification\",\"valueRequired\":true,\"valueName\":\"search_term_string\"}}],\"inLanguage\":\"es-PE\"},{\"@type\":\"Organization\",\"@id\":\"https:\\\/\\\/pulso27.com\\\/en\\\/#organization\",\"name\":\"Pulso27\",\"url\":\"https:\\\/\\\/pulso27.com\\\/en\\\/\",\"logo\":{\"@type\":\"ImageObject\",\"inLanguage\":\"es-PE\",\"@id\":\"https:\\\/\\\/pulso27.com\\\/en\\\/#\\\/schema\\\/logo\\\/image\\\/\",\"url\":\"https:\\\/\\\/pulso27.com\\\/wp-content\\\/uploads\\\/2026\\\/02\\\/Logotipo-de-la-organizacion-696-x-696-px-ok.png\",\"contentUrl\":\"https:\\\/\\\/pulso27.com\\\/wp-content\\\/uploads\\\/2026\\\/02\\\/Logotipo-de-la-organizacion-696-x-696-px-ok.png\",\"width\":696,\"height\":696,\"caption\":\"Pulso27\"},\"image\":{\"@id\":\"https:\\\/\\\/pulso27.com\\\/en\\\/#\\\/schema\\\/logo\\\/image\\\/\"},\"sameAs\":[\"https:\\\/\\\/www.facebook.com\\\/pulso27\\\/\",\"https:\\\/\\\/x.com\\\/Pulso_27\",\"https:\\\/\\\/www.youtube.com\\\/@Pulso27\",\"https:\\\/\\\/www.tiktok.com\\\/@pulso_27\"]},{\"@type\":\"Person\",\"@id\":\"https:\\\/\\\/pulso27.com\\\/en\\\/#\\\/schema\\\/person\\\/d20fd7f5bc7f2e53fd150d43fca07a78\",\"name\":\"Tupaq\",\"image\":{\"@type\":\"ImageObject\",\"inLanguage\":\"es-PE\",\"@id\":\"https:\\\/\\\/secure.gravatar.com\\\/avatar\\\/7929e9b034aeea560319a601e4f04c59eb5f45a79eafe192adabb67e9604e7e7?s=96&d=mm&r=g\",\"url\":\"https:\\\/\\\/secure.gravatar.com\\\/avatar\\\/7929e9b034aeea560319a601e4f04c59eb5f45a79eafe192adabb67e9604e7e7?s=96&d=mm&r=g\",\"contentUrl\":\"https:\\\/\\\/secure.gravatar.com\\\/avatar\\\/7929e9b034aeea560319a601e4f04c59eb5f45a79eafe192adabb67e9604e7e7?s=96&d=mm&r=g\",\"caption\":\"Tupaq\"},\"url\":\"https:\\\/\\\/pulso27.com\\\/es\\\/author\\\/tupaq\\\/\"}]}<\/script>\n<!-- \/ Yoast SEO plugin. -->","yoast_head_json":{"title":"Estudiantes toman campus de la Universidad Nacional Mayor de San Marcos en rechazo a medidas privatistas - Pulso27","robots":{"index":"index","follow":"follow","max-snippet":"max-snippet:-1","max-image-preview":"max-image-preview:large","max-video-preview":"max-video-preview:-1"},"canonical":"https:\/\/pulso27.com\/es\/actualidad\/educacion\/estudiantes-toman-campus-de-la-universidad-nacional-mayor-de-san-marcos-en-rechazo-a-medidas-privatistas\/","og_locale":"es_ES","og_type":"article","og_title":"Estudiantes toman campus de la Universidad Nacional Mayor de San Marcos en rechazo a medidas privatistas - Pulso27","og_description":"El 10 de septiembre de 2025, estudiantes de la Universidad Nacional Mayor de San Marcos (UNMSM) ocuparon el campus universitario en protesta contra lo que califican como un proceso de \u201cprivatizaci\u00f3n\u201d de la educaci\u00f3n p\u00fablica. La medida fue encabezada por la Federaci\u00f3n Universitaria de San Marcos (FUSM) y consejeros universitarios, quienes expresaron su rechazo a [&hellip;]","og_url":"https:\/\/pulso27.com\/es\/actualidad\/educacion\/estudiantes-toman-campus-de-la-universidad-nacional-mayor-de-san-marcos-en-rechazo-a-medidas-privatistas\/","og_site_name":"Pulso27","article_publisher":"https:\/\/www.facebook.com\/pulso27\/","article_published_time":"2025-09-11T05:03:39+00:00","article_modified_time":"2025-09-11T05:03:43+00:00","og_image":[{"width":1280,"height":800,"url":"https:\/\/pulso27.com\/wp-content\/uploads\/2025\/09\/UNMSM.png","type":"image\/png"}],"author":"Tupaq","twitter_card":"summary_large_image","twitter_creator":"@Pulso_27","twitter_site":"@Pulso_27","twitter_misc":{"Written by":"Tupaq","Est. reading time":"2 minutos"},"schema":{"@context":"https:\/\/schema.org","@graph":[{"@type":"Article","@id":"https:\/\/pulso27.com\/actualidad\/educacion\/estudiantes-toman-campus-de-la-universidad-nacional-mayor-de-san-marcos-en-rechazo-a-medidas-privatistas\/#article","isPartOf":{"@id":"https:\/\/pulso27.com\/actualidad\/educacion\/estudiantes-toman-campus-de-la-universidad-nacional-mayor-de-san-marcos-en-rechazo-a-medidas-privatistas\/"},"author":{"name":"Tupaq","@id":"https:\/\/pulso27.com\/en\/#\/schema\/person\/d20fd7f5bc7f2e53fd150d43fca07a78"},"headline":"Estudiantes toman campus de la Universidad Nacional Mayor de San Marcos en rechazo a medidas privatistas","datePublished":"2025-09-11T05:03:39+00:00","dateModified":"2025-09-11T05:03:43+00:00","mainEntityOfPage":{"@id":"https:\/\/pulso27.com\/actualidad\/educacion\/estudiantes-toman-campus-de-la-universidad-nacional-mayor-de-san-marcos-en-rechazo-a-medidas-privatistas\/"},"wordCount":353,"commentCount":0,"publisher":{"@id":"https:\/\/pulso27.com\/en\/#organization"},"image":{"@id":"https:\/\/pulso27.com\/actualidad\/educacion\/estudiantes-toman-campus-de-la-universidad-nacional-mayor-de-san-marcos-en-rechazo-a-medidas-privatistas\/#primaryimage"},"thumbnailUrl":"https:\/\/pulso27.com\/wp-content\/uploads\/2025\/09\/UNMSM.png","keywords":["FUSM","Privatizaci\u00f3n","Universidad Nacional Mayor de San Marcos","UNMSM"],"articleSection":["Actualidad","Educaci\u00f3n","Nacional"],"inLanguage":"es-PE","potentialAction":[{"@type":"CommentAction","name":"Comment","target":["https:\/\/pulso27.com\/actualidad\/educacion\/estudiantes-toman-campus-de-la-universidad-nacional-mayor-de-san-marcos-en-rechazo-a-medidas-privatistas\/#respond"]}]},{"@type":"WebPage","@id":"https:\/\/pulso27.com\/actualidad\/educacion\/estudiantes-toman-campus-de-la-universidad-nacional-mayor-de-san-marcos-en-rechazo-a-medidas-privatistas\/","url":"https:\/\/pulso27.com\/actualidad\/educacion\/estudiantes-toman-campus-de-la-universidad-nacional-mayor-de-san-marcos-en-rechazo-a-medidas-privatistas\/","name":"Estudiantes toman campus de la Universidad Nacional Mayor de San Marcos en rechazo a medidas privatistas - Pulso27","isPartOf":{"@id":"https:\/\/pulso27.com\/en\/#website"},"primaryImageOfPage":{"@id":"https:\/\/pulso27.com\/actualidad\/educacion\/estudiantes-toman-campus-de-la-universidad-nacional-mayor-de-san-marcos-en-rechazo-a-medidas-privatistas\/#primaryimage"},"image":{"@id":"https:\/\/pulso27.com\/actualidad\/educacion\/estudiantes-toman-campus-de-la-universidad-nacional-mayor-de-san-marcos-en-rechazo-a-medidas-privatistas\/#primaryimage"},"thumbnailUrl":"https:\/\/pulso27.com\/wp-content\/uploads\/2025\/09\/UNMSM.png","datePublished":"2025-09-11T05:03:39+00:00","dateModified":"2025-09-11T05:03:43+00:00","breadcrumb":{"@id":"https:\/\/pulso27.com\/actualidad\/educacion\/estudiantes-toman-campus-de-la-universidad-nacional-mayor-de-san-marcos-en-rechazo-a-medidas-privatistas\/#breadcrumb"},"inLanguage":"es-PE","potentialAction":[{"@type":"ReadAction","target":["https:\/\/pulso27.com\/actualidad\/educacion\/estudiantes-toman-campus-de-la-universidad-nacional-mayor-de-san-marcos-en-rechazo-a-medidas-privatistas\/"]}]},{"@type":"ImageObject","inLanguage":"es-PE","@id":"https:\/\/pulso27.com\/actualidad\/educacion\/estudiantes-toman-campus-de-la-universidad-nacional-mayor-de-san-marcos-en-rechazo-a-medidas-privatistas\/#primaryimage","url":"https:\/\/pulso27.com\/wp-content\/uploads\/2025\/09\/UNMSM.png","contentUrl":"https:\/\/pulso27.com\/wp-content\/uploads\/2025\/09\/UNMSM.png","width":1280,"height":800},{"@type":"BreadcrumbList","@id":"https:\/\/pulso27.com\/actualidad\/educacion\/estudiantes-toman-campus-de-la-universidad-nacional-mayor-de-san-marcos-en-rechazo-a-medidas-privatistas\/#breadcrumb","itemListElement":[{"@type":"ListItem","position":1,"name":"Portada","item":"https:\/\/pulso27.com\/"},{"@type":"ListItem","position":2,"name":"Estudiantes toman campus de la Universidad Nacional Mayor de San Marcos en rechazo a medidas privatistas"}]},{"@type":"WebSite","@id":"https:\/\/pulso27.com\/en\/#website","url":"https:\/\/pulso27.com\/en\/","name":"Pulso27","description":"Web de noticias y publicidad","publisher":{"@id":"https:\/\/pulso27.com\/en\/#organization"},"alternateName":"El pulso del pueblo","potentialAction":[{"@type":"SearchAction","target":{"@type":"EntryPoint","urlTemplate":"https:\/\/pulso27.com\/en\/?s={search_term_string}"},"query-input":{"@type":"PropertyValueSpecification","valueRequired":true,"valueName":"search_term_string"}}],"inLanguage":"es-PE"},{"@type":"Organization","@id":"https:\/\/pulso27.com\/en\/#organization","name":"Pulso27","url":"https:\/\/pulso27.com\/en\/","logo":{"@type":"ImageObject","inLanguage":"es-PE","@id":"https:\/\/pulso27.com\/en\/#\/schema\/logo\/image\/","url":"https:\/\/pulso27.com\/wp-content\/uploads\/2026\/02\/Logotipo-de-la-organizacion-696-x-696-px-ok.png","contentUrl":"https:\/\/pulso27.com\/wp-content\/uploads\/2026\/02\/Logotipo-de-la-organizacion-696-x-696-px-ok.png","width":696,"height":696,"caption":"Pulso27"},"image":{"@id":"https:\/\/pulso27.com\/en\/#\/schema\/logo\/image\/"},"sameAs":["https:\/\/www.facebook.com\/pulso27\/","https:\/\/x.com\/Pulso_27","https:\/\/www.youtube.com\/@Pulso27","https:\/\/www.tiktok.com\/@pulso_27"]},{"@type":"Person","@id":"https:\/\/pulso27.com\/en\/#\/schema\/person\/d20fd7f5bc7f2e53fd150d43fca07a78","name":"Tupaq","image":{"@type":"ImageObject","inLanguage":"es-PE","@id":"https:\/\/secure.gravatar.com\/avatar\/7929e9b034aeea560319a601e4f04c59eb5f45a79eafe192adabb67e9604e7e7?s=96&d=mm&r=g","url":"https:\/\/secure.gravatar.com\/avatar\/7929e9b034aeea560319a601e4f04c59eb5f45a79eafe192adabb67e9604e7e7?s=96&d=mm&r=g","contentUrl":"https:\/\/secure.gravatar.com\/avatar\/7929e9b034aeea560319a601e4f04c59eb5f45a79eafe192adabb67e9604e7e7?s=96&d=mm&r=g","caption":"Tupaq"},"url":"https:\/\/pulso27.com\/es\/author\/tupaq\/"}]}},"amp_enabled":true,"_links":{"self":[{"href":"https:\/\/pulso27.com\/es\/wp-json\/wp\/v2\/posts\/6262","targetHints":{"allow":["GET"]}}],"collection":[{"href":"https:\/\/pulso27.com\/es\/wp-json\/wp\/v2\/posts"}],"about":[{"href":"https:\/\/pulso27.com\/es\/wp-json\/wp\/v2\/types\/post"}],"author":[{"embeddable":true,"href":"https:\/\/pulso27.com\/es\/wp-json\/wp\/v2\/users\/7"}],"replies":[{"embeddable":true,"href":"https:\/\/pulso27.com\/es\/wp-json\/wp\/v2\/comments?post=6262"}],"version-history":[{"count":1,"href":"https:\/\/pulso27.com\/es\/wp-json\/wp\/v2\/posts\/6262\/revisions"}],"predecessor-version":[{"id":6268,"href":"https:\/\/pulso27.com\/es\/wp-json\/wp\/v2\/posts\/6262\/revisions\/6268"}],"wp:featuredmedia":[{"embeddable":true,"href":"https:\/\/pulso27.com\/es\/wp-json\/wp\/v2\/media\/6263"}],"wp:attachment":[{"href":"https:\/\/pulso27.com\/es\/wp-json\/wp\/v2\/media?parent=6262"}],"wp:term":[{"taxonomy":"category","embeddable":true,"href":"https:\/\/pulso27.com\/es\/wp-json\/wp\/v2\/categories?post=6262"},{"taxonomy":"post_tag","embeddable":true,"href":"https:\/\/pulso27.com\/es\/wp-json\/wp\/v2\/tags?post=6262"}],"curies":[{"name":"wp","href":"https:\/\/api.w.org\/{rel}","templated":true}]}}