{"id":6270,"date":"2025-09-12T10:00:42","date_gmt":"2025-09-12T05:00:42","guid":{"rendered":"https:\/\/pulso27.com\/?p=6270"},"modified":"2025-09-12T10:00:48","modified_gmt":"2025-09-12T05:00:48","slug":"congreso-archiva-denuncia-constitucional-contra-dina-boluarte-por-muertes-en-protestas","status":"publish","type":"post","link":"https:\/\/pulso27.com\/es\/actualidad\/congreso-archiva-denuncia-constitucional-contra-dina-boluarte-por-muertes-en-protestas\/","title":{"rendered":"Congreso archiva denuncia constitucional contra Dina Boluarte por muertes en protestas"},"content":{"rendered":"\n<p>La Comisi\u00f3n Permanente del Congreso de la Rep\u00fablica aprob\u00f3 el 11 de septiembre de 2025, con 12 votos a favor, 10 en contra y ninguna abstenci\u00f3n, el informe final que propone archivar la Denuncia Constitucional 509 presentada contra la presidenta Dina Ercilia Boluarte Zegarra.<br>La denuncia, formulada por el ex Fiscal de la Naci\u00f3n interino, Juan Carlos Villena Campana, acusaba a Boluarte y a seis exministros &#8211; Pedro Miguel Angulo Arana; Luis Alberto Ot\u00e1rola Pe\u00f1aranda; C\u00e9sar Augusto Cervantes C\u00e1rdenas; Jorge Luis Ch\u00e1vez Cresta; V\u00edctor Eduardo Rojas Herrera; y Vicente Romero Fern\u00e1ndez- de supuestos delitos de homicidio calificado, lesiones graves y lesiones leves, bajo la figura de omisi\u00f3n impropia con dolo eventual.<\/p>\n\n\n\n<p>El informe detalla que estos hechos ocurrieron durante protestas sociales entre diciembre de 2022 y enero de 2023, con un saldo oficial -seg\u00fan el contenido de la denuncia- de 49 personas fallecidas y 250 heridas. El documento fue sustentado por la congresista Lady Camones (Alianza para el Progreso), presidenta de la Subcomisi\u00f3n de Acusaciones Constitucionales. En su exposici\u00f3n, sostuvo que no existen \u201celementos probatorios irrefutables\u201d que permitan acreditar que los denunciados emplearon la estructura estatal con la intenci\u00f3n de causar muertes o lesiones, ni un v\u00ednculo causal claro entre sus decisiones y los resultados da\u00f1osos.<\/p>\n\n\n\n<p>Entre los cr\u00edticos del informe, la congresista Margot Palacios manifest\u00f3 que este habr\u00eda sido elaborado de manera apresurada, con el prop\u00f3sito de impedir que el Ministerio P\u00fablico profundice la investigaci\u00f3n y sancione a Dina Boluarte y sus ministros de Estado. Otros legisladores tambi\u00e9n cuestionaron que la decisi\u00f3n del Congreso retrase cualquier posibilidad de judicializaci\u00f3n hasta despu\u00e9s del t\u00e9rmino del mandato presidencial actual.<\/p>\n\n\n\n<p>Con esta votaci\u00f3n, el Congreso archiva formalmente el camino parlamentario para acusar constitucionalmente a Boluarte por estos hechos, aunque el Ministerio P\u00fablico puede continuar con sus investigaciones enviando eventualmente cargos si encuentra m\u00e9rito.<\/p>\n","protected":false},"excerpt":{"rendered":"<p>La Comisi\u00f3n Permanente del Congreso de la Rep\u00fablica aprob\u00f3 el 11 de septiembre de 2025, con 12 votos a favor, 10 en contra y ninguna abstenci\u00f3n, el informe final que propone archivar la Denuncia Constitucional 509 presentada contra la presidenta Dina Ercilia Boluarte Zegarra.La denuncia, formulada por el ex Fiscal de la Naci\u00f3n interino, Juan [&hellip;]<\/p>\n","protected":false},"author":7,"featured_media":6271,"comment_status":"open","ping_status":"open","sticky":false,"template":"","format":"standard","meta":{"footnotes":""},"categories":[183,177,174],"tags":[719,2450,398],"class_list":["post-6270","post","type-post","status-publish","format-standard","has-post-thumbnail","hentry","category-actualidad","category-economia","category-nacional","tag-congreso-de-la-republica-2","tag-dina-boluarte-zegarra","tag-lady-camones"],"yoast_head":"<!-- This site is optimized with the Yoast SEO plugin v27.4 - https:\/\/yoast.com\/product\/yoast-seo-wordpress\/ -->\n<title>Congreso archiva denuncia constitucional contra Dina Boluarte por muertes en protestas - Pulso27<\/title>\n<meta name=\"robots\" content=\"index, follow, max-snippet:-1, max-image-preview:large, max-video-preview:-1\" \/>\n<link rel=\"canonical\" href=\"https:\/\/pulso27.com\/es\/actualidad\/congreso-archiva-denuncia-constitucional-contra-dina-boluarte-por-muertes-en-protestas\/\" \/>\n<meta property=\"og:locale\" content=\"es_ES\" \/>\n<meta property=\"og:type\" content=\"article\" \/>\n<meta property=\"og:title\" content=\"Congreso archiva denuncia constitucional contra Dina Boluarte por muertes en protestas - Pulso27\" \/>\n<meta property=\"og:description\" content=\"La Comisi\u00f3n Permanente del Congreso de la Rep\u00fablica aprob\u00f3 el 11 de septiembre de 2025, con 12 votos a favor, 10 en contra y ninguna abstenci\u00f3n, el informe final que propone archivar la Denuncia Constitucional 509 presentada contra la presidenta Dina Ercilia Boluarte Zegarra.La denuncia, formulada por el ex Fiscal de la Naci\u00f3n interino, Juan [&hellip;]\" \/>\n<meta property=\"og:url\" content=\"https:\/\/pulso27.com\/es\/actualidad\/congreso-archiva-denuncia-constitucional-contra-dina-boluarte-por-muertes-en-protestas\/\" \/>\n<meta property=\"og:site_name\" content=\"Pulso27\" \/>\n<meta property=\"article:publisher\" content=\"https:\/\/www.facebook.com\/pulso27\/\" \/>\n<meta property=\"article:published_time\" content=\"2025-09-12T05:00:42+00:00\" \/>\n<meta property=\"article:modified_time\" content=\"2025-09-12T05:00:48+00:00\" \/>\n<meta property=\"og:image\" content=\"https:\/\/pulso27.com\/wp-content\/uploads\/2025\/09\/DinaBolu.png\" \/>\n\t<meta property=\"og:image:width\" content=\"1293\" \/>\n\t<meta property=\"og:image:height\" content=\"800\" \/>\n\t<meta property=\"og:image:type\" content=\"image\/png\" \/>\n<meta name=\"author\" content=\"Tupaq\" \/>\n<meta name=\"twitter:card\" content=\"summary_large_image\" \/>\n<meta name=\"twitter:creator\" content=\"@Pulso_27\" \/>\n<meta name=\"twitter:site\" content=\"@Pulso_27\" \/>\n<meta name=\"twitter:label1\" content=\"Written by\" \/>\n\t<meta name=\"twitter:data1\" content=\"Tupaq\" \/>\n\t<meta name=\"twitter:label2\" content=\"Est. reading time\" \/>\n\t<meta name=\"twitter:data2\" content=\"2 minutos\" \/>\n<script type=\"application\/ld+json\" class=\"yoast-schema-graph\">{\"@context\":\"https:\\\/\\\/schema.org\",\"@graph\":[{\"@type\":\"Article\",\"@id\":\"https:\\\/\\\/pulso27.com\\\/actualidad\\\/congreso-archiva-denuncia-constitucional-contra-dina-boluarte-por-muertes-en-protestas\\\/#article\",\"isPartOf\":{\"@id\":\"https:\\\/\\\/pulso27.com\\\/actualidad\\\/congreso-archiva-denuncia-constitucional-contra-dina-boluarte-por-muertes-en-protestas\\\/\"},\"author\":{\"name\":\"Tupaq\",\"@id\":\"https:\\\/\\\/pulso27.com\\\/en\\\/#\\\/schema\\\/person\\\/d20fd7f5bc7f2e53fd150d43fca07a78\"},\"headline\":\"Congreso archiva denuncia constitucional contra Dina Boluarte por muertes en protestas\",\"datePublished\":\"2025-09-12T05:00:42+00:00\",\"dateModified\":\"2025-09-12T05:00:48+00:00\",\"mainEntityOfPage\":{\"@id\":\"https:\\\/\\\/pulso27.com\\\/actualidad\\\/congreso-archiva-denuncia-constitucional-contra-dina-boluarte-por-muertes-en-protestas\\\/\"},\"wordCount\":334,\"commentCount\":0,\"publisher\":{\"@id\":\"https:\\\/\\\/pulso27.com\\\/en\\\/#organization\"},\"image\":{\"@id\":\"https:\\\/\\\/pulso27.com\\\/actualidad\\\/congreso-archiva-denuncia-constitucional-contra-dina-boluarte-por-muertes-en-protestas\\\/#primaryimage\"},\"thumbnailUrl\":\"https:\\\/\\\/pulso27.com\\\/wp-content\\\/uploads\\\/2025\\\/09\\\/DinaBolu.png\",\"keywords\":[\"Congreso de la Rep\u00fablica\",\"Dina Boluarte Zegarra\",\"Lady CAmones\"],\"articleSection\":[\"Actualidad\",\"Econom\u00eda\",\"Nacional\"],\"inLanguage\":\"es-PE\",\"potentialAction\":[{\"@type\":\"CommentAction\",\"name\":\"Comment\",\"target\":[\"https:\\\/\\\/pulso27.com\\\/actualidad\\\/congreso-archiva-denuncia-constitucional-contra-dina-boluarte-por-muertes-en-protestas\\\/#respond\"]}]},{\"@type\":\"WebPage\",\"@id\":\"https:\\\/\\\/pulso27.com\\\/actualidad\\\/congreso-archiva-denuncia-constitucional-contra-dina-boluarte-por-muertes-en-protestas\\\/\",\"url\":\"https:\\\/\\\/pulso27.com\\\/actualidad\\\/congreso-archiva-denuncia-constitucional-contra-dina-boluarte-por-muertes-en-protestas\\\/\",\"name\":\"Congreso archiva denuncia constitucional contra Dina Boluarte por muertes en protestas - Pulso27\",\"isPartOf\":{\"@id\":\"https:\\\/\\\/pulso27.com\\\/en\\\/#website\"},\"primaryImageOfPage\":{\"@id\":\"https:\\\/\\\/pulso27.com\\\/actualidad\\\/congreso-archiva-denuncia-constitucional-contra-dina-boluarte-por-muertes-en-protestas\\\/#primaryimage\"},\"image\":{\"@id\":\"https:\\\/\\\/pulso27.com\\\/actualidad\\\/congreso-archiva-denuncia-constitucional-contra-dina-boluarte-por-muertes-en-protestas\\\/#primaryimage\"},\"thumbnailUrl\":\"https:\\\/\\\/pulso27.com\\\/wp-content\\\/uploads\\\/2025\\\/09\\\/DinaBolu.png\",\"datePublished\":\"2025-09-12T05:00:42+00:00\",\"dateModified\":\"2025-09-12T05:00:48+00:00\",\"breadcrumb\":{\"@id\":\"https:\\\/\\\/pulso27.com\\\/actualidad\\\/congreso-archiva-denuncia-constitucional-contra-dina-boluarte-por-muertes-en-protestas\\\/#breadcrumb\"},\"inLanguage\":\"es-PE\",\"potentialAction\":[{\"@type\":\"ReadAction\",\"target\":[\"https:\\\/\\\/pulso27.com\\\/actualidad\\\/congreso-archiva-denuncia-constitucional-contra-dina-boluarte-por-muertes-en-protestas\\\/\"]}]},{\"@type\":\"ImageObject\",\"inLanguage\":\"es-PE\",\"@id\":\"https:\\\/\\\/pulso27.com\\\/actualidad\\\/congreso-archiva-denuncia-constitucional-contra-dina-boluarte-por-muertes-en-protestas\\\/#primaryimage\",\"url\":\"https:\\\/\\\/pulso27.com\\\/wp-content\\\/uploads\\\/2025\\\/09\\\/DinaBolu.png\",\"contentUrl\":\"https:\\\/\\\/pulso27.com\\\/wp-content\\\/uploads\\\/2025\\\/09\\\/DinaBolu.png\",\"width\":1293,\"height\":800},{\"@type\":\"BreadcrumbList\",\"@id\":\"https:\\\/\\\/pulso27.com\\\/actualidad\\\/congreso-archiva-denuncia-constitucional-contra-dina-boluarte-por-muertes-en-protestas\\\/#breadcrumb\",\"itemListElement\":[{\"@type\":\"ListItem\",\"position\":1,\"name\":\"Portada\",\"item\":\"https:\\\/\\\/pulso27.com\\\/\"},{\"@type\":\"ListItem\",\"position\":2,\"name\":\"Congreso archiva denuncia constitucional contra Dina Boluarte por muertes en protestas\"}]},{\"@type\":\"WebSite\",\"@id\":\"https:\\\/\\\/pulso27.com\\\/en\\\/#website\",\"url\":\"https:\\\/\\\/pulso27.com\\\/en\\\/\",\"name\":\"Pulso27\",\"description\":\"Web de noticias y publicidad\",\"publisher\":{\"@id\":\"https:\\\/\\\/pulso27.com\\\/en\\\/#organization\"},\"alternateName\":\"El pulso del pueblo\",\"potentialAction\":[{\"@type\":\"SearchAction\",\"target\":{\"@type\":\"EntryPoint\",\"urlTemplate\":\"https:\\\/\\\/pulso27.com\\\/en\\\/?s={search_term_string}\"},\"query-input\":{\"@type\":\"PropertyValueSpecification\",\"valueRequired\":true,\"valueName\":\"search_term_string\"}}],\"inLanguage\":\"es-PE\"},{\"@type\":\"Organization\",\"@id\":\"https:\\\/\\\/pulso27.com\\\/en\\\/#organization\",\"name\":\"Pulso27\",\"url\":\"https:\\\/\\\/pulso27.com\\\/en\\\/\",\"logo\":{\"@type\":\"ImageObject\",\"inLanguage\":\"es-PE\",\"@id\":\"https:\\\/\\\/pulso27.com\\\/en\\\/#\\\/schema\\\/logo\\\/image\\\/\",\"url\":\"https:\\\/\\\/pulso27.com\\\/wp-content\\\/uploads\\\/2026\\\/02\\\/Logotipo-de-la-organizacion-696-x-696-px-ok.png\",\"contentUrl\":\"https:\\\/\\\/pulso27.com\\\/wp-content\\\/uploads\\\/2026\\\/02\\\/Logotipo-de-la-organizacion-696-x-696-px-ok.png\",\"width\":696,\"height\":696,\"caption\":\"Pulso27\"},\"image\":{\"@id\":\"https:\\\/\\\/pulso27.com\\\/en\\\/#\\\/schema\\\/logo\\\/image\\\/\"},\"sameAs\":[\"https:\\\/\\\/www.facebook.com\\\/pulso27\\\/\",\"https:\\\/\\\/x.com\\\/Pulso_27\",\"https:\\\/\\\/www.youtube.com\\\/@Pulso27\",\"https:\\\/\\\/www.tiktok.com\\\/@pulso_27\"]},{\"@type\":\"Person\",\"@id\":\"https:\\\/\\\/pulso27.com\\\/en\\\/#\\\/schema\\\/person\\\/d20fd7f5bc7f2e53fd150d43fca07a78\",\"name\":\"Tupaq\",\"image\":{\"@type\":\"ImageObject\",\"inLanguage\":\"es-PE\",\"@id\":\"https:\\\/\\\/secure.gravatar.com\\\/avatar\\\/7929e9b034aeea560319a601e4f04c59eb5f45a79eafe192adabb67e9604e7e7?s=96&d=mm&r=g\",\"url\":\"https:\\\/\\\/secure.gravatar.com\\\/avatar\\\/7929e9b034aeea560319a601e4f04c59eb5f45a79eafe192adabb67e9604e7e7?s=96&d=mm&r=g\",\"contentUrl\":\"https:\\\/\\\/secure.gravatar.com\\\/avatar\\\/7929e9b034aeea560319a601e4f04c59eb5f45a79eafe192adabb67e9604e7e7?s=96&d=mm&r=g\",\"caption\":\"Tupaq\"},\"url\":\"https:\\\/\\\/pulso27.com\\\/es\\\/author\\\/tupaq\\\/\"}]}<\/script>\n<!-- \/ Yoast SEO plugin. -->","yoast_head_json":{"title":"Congreso archiva denuncia constitucional contra Dina Boluarte por muertes en protestas - Pulso27","robots":{"index":"index","follow":"follow","max-snippet":"max-snippet:-1","max-image-preview":"max-image-preview:large","max-video-preview":"max-video-preview:-1"},"canonical":"https:\/\/pulso27.com\/es\/actualidad\/congreso-archiva-denuncia-constitucional-contra-dina-boluarte-por-muertes-en-protestas\/","og_locale":"es_ES","og_type":"article","og_title":"Congreso archiva denuncia constitucional contra Dina Boluarte por muertes en protestas - Pulso27","og_description":"La Comisi\u00f3n Permanente del Congreso de la Rep\u00fablica aprob\u00f3 el 11 de septiembre de 2025, con 12 votos a favor, 10 en contra y ninguna abstenci\u00f3n, el informe final que propone archivar la Denuncia Constitucional 509 presentada contra la presidenta Dina Ercilia Boluarte Zegarra.La denuncia, formulada por el ex Fiscal de la Naci\u00f3n interino, Juan [&hellip;]","og_url":"https:\/\/pulso27.com\/es\/actualidad\/congreso-archiva-denuncia-constitucional-contra-dina-boluarte-por-muertes-en-protestas\/","og_site_name":"Pulso27","article_publisher":"https:\/\/www.facebook.com\/pulso27\/","article_published_time":"2025-09-12T05:00:42+00:00","article_modified_time":"2025-09-12T05:00:48+00:00","og_image":[{"width":1293,"height":800,"url":"https:\/\/pulso27.com\/wp-content\/uploads\/2025\/09\/DinaBolu.png","type":"image\/png"}],"author":"Tupaq","twitter_card":"summary_large_image","twitter_creator":"@Pulso_27","twitter_site":"@Pulso_27","twitter_misc":{"Written by":"Tupaq","Est. reading time":"2 minutos"},"schema":{"@context":"https:\/\/schema.org","@graph":[{"@type":"Article","@id":"https:\/\/pulso27.com\/actualidad\/congreso-archiva-denuncia-constitucional-contra-dina-boluarte-por-muertes-en-protestas\/#article","isPartOf":{"@id":"https:\/\/pulso27.com\/actualidad\/congreso-archiva-denuncia-constitucional-contra-dina-boluarte-por-muertes-en-protestas\/"},"author":{"name":"Tupaq","@id":"https:\/\/pulso27.com\/en\/#\/schema\/person\/d20fd7f5bc7f2e53fd150d43fca07a78"},"headline":"Congreso archiva denuncia constitucional contra Dina Boluarte por muertes en protestas","datePublished":"2025-09-12T05:00:42+00:00","dateModified":"2025-09-12T05:00:48+00:00","mainEntityOfPage":{"@id":"https:\/\/pulso27.com\/actualidad\/congreso-archiva-denuncia-constitucional-contra-dina-boluarte-por-muertes-en-protestas\/"},"wordCount":334,"commentCount":0,"publisher":{"@id":"https:\/\/pulso27.com\/en\/#organization"},"image":{"@id":"https:\/\/pulso27.com\/actualidad\/congreso-archiva-denuncia-constitucional-contra-dina-boluarte-por-muertes-en-protestas\/#primaryimage"},"thumbnailUrl":"https:\/\/pulso27.com\/wp-content\/uploads\/2025\/09\/DinaBolu.png","keywords":["Congreso de la Rep\u00fablica","Dina Boluarte Zegarra","Lady CAmones"],"articleSection":["Actualidad","Econom\u00eda","Nacional"],"inLanguage":"es-PE","potentialAction":[{"@type":"CommentAction","name":"Comment","target":["https:\/\/pulso27.com\/actualidad\/congreso-archiva-denuncia-constitucional-contra-dina-boluarte-por-muertes-en-protestas\/#respond"]}]},{"@type":"WebPage","@id":"https:\/\/pulso27.com\/actualidad\/congreso-archiva-denuncia-constitucional-contra-dina-boluarte-por-muertes-en-protestas\/","url":"https:\/\/pulso27.com\/actualidad\/congreso-archiva-denuncia-constitucional-contra-dina-boluarte-por-muertes-en-protestas\/","name":"Congreso archiva denuncia constitucional contra Dina Boluarte por muertes en protestas - Pulso27","isPartOf":{"@id":"https:\/\/pulso27.com\/en\/#website"},"primaryImageOfPage":{"@id":"https:\/\/pulso27.com\/actualidad\/congreso-archiva-denuncia-constitucional-contra-dina-boluarte-por-muertes-en-protestas\/#primaryimage"},"image":{"@id":"https:\/\/pulso27.com\/actualidad\/congreso-archiva-denuncia-constitucional-contra-dina-boluarte-por-muertes-en-protestas\/#primaryimage"},"thumbnailUrl":"https:\/\/pulso27.com\/wp-content\/uploads\/2025\/09\/DinaBolu.png","datePublished":"2025-09-12T05:00:42+00:00","dateModified":"2025-09-12T05:00:48+00:00","breadcrumb":{"@id":"https:\/\/pulso27.com\/actualidad\/congreso-archiva-denuncia-constitucional-contra-dina-boluarte-por-muertes-en-protestas\/#breadcrumb"},"inLanguage":"es-PE","potentialAction":[{"@type":"ReadAction","target":["https:\/\/pulso27.com\/actualidad\/congreso-archiva-denuncia-constitucional-contra-dina-boluarte-por-muertes-en-protestas\/"]}]},{"@type":"ImageObject","inLanguage":"es-PE","@id":"https:\/\/pulso27.com\/actualidad\/congreso-archiva-denuncia-constitucional-contra-dina-boluarte-por-muertes-en-protestas\/#primaryimage","url":"https:\/\/pulso27.com\/wp-content\/uploads\/2025\/09\/DinaBolu.png","contentUrl":"https:\/\/pulso27.com\/wp-content\/uploads\/2025\/09\/DinaBolu.png","width":1293,"height":800},{"@type":"BreadcrumbList","@id":"https:\/\/pulso27.com\/actualidad\/congreso-archiva-denuncia-constitucional-contra-dina-boluarte-por-muertes-en-protestas\/#breadcrumb","itemListElement":[{"@type":"ListItem","position":1,"name":"Portada","item":"https:\/\/pulso27.com\/"},{"@type":"ListItem","position":2,"name":"Congreso archiva denuncia constitucional contra Dina Boluarte por muertes en protestas"}]},{"@type":"WebSite","@id":"https:\/\/pulso27.com\/en\/#website","url":"https:\/\/pulso27.com\/en\/","name":"Pulso27","description":"Web de noticias y publicidad","publisher":{"@id":"https:\/\/pulso27.com\/en\/#organization"},"alternateName":"El pulso del pueblo","potentialAction":[{"@type":"SearchAction","target":{"@type":"EntryPoint","urlTemplate":"https:\/\/pulso27.com\/en\/?s={search_term_string}"},"query-input":{"@type":"PropertyValueSpecification","valueRequired":true,"valueName":"search_term_string"}}],"inLanguage":"es-PE"},{"@type":"Organization","@id":"https:\/\/pulso27.com\/en\/#organization","name":"Pulso27","url":"https:\/\/pulso27.com\/en\/","logo":{"@type":"ImageObject","inLanguage":"es-PE","@id":"https:\/\/pulso27.com\/en\/#\/schema\/logo\/image\/","url":"https:\/\/pulso27.com\/wp-content\/uploads\/2026\/02\/Logotipo-de-la-organizacion-696-x-696-px-ok.png","contentUrl":"https:\/\/pulso27.com\/wp-content\/uploads\/2026\/02\/Logotipo-de-la-organizacion-696-x-696-px-ok.png","width":696,"height":696,"caption":"Pulso27"},"image":{"@id":"https:\/\/pulso27.com\/en\/#\/schema\/logo\/image\/"},"sameAs":["https:\/\/www.facebook.com\/pulso27\/","https:\/\/x.com\/Pulso_27","https:\/\/www.youtube.com\/@Pulso27","https:\/\/www.tiktok.com\/@pulso_27"]},{"@type":"Person","@id":"https:\/\/pulso27.com\/en\/#\/schema\/person\/d20fd7f5bc7f2e53fd150d43fca07a78","name":"Tupaq","image":{"@type":"ImageObject","inLanguage":"es-PE","@id":"https:\/\/secure.gravatar.com\/avatar\/7929e9b034aeea560319a601e4f04c59eb5f45a79eafe192adabb67e9604e7e7?s=96&d=mm&r=g","url":"https:\/\/secure.gravatar.com\/avatar\/7929e9b034aeea560319a601e4f04c59eb5f45a79eafe192adabb67e9604e7e7?s=96&d=mm&r=g","contentUrl":"https:\/\/secure.gravatar.com\/avatar\/7929e9b034aeea560319a601e4f04c59eb5f45a79eafe192adabb67e9604e7e7?s=96&d=mm&r=g","caption":"Tupaq"},"url":"https:\/\/pulso27.com\/es\/author\/tupaq\/"}]}},"amp_enabled":true,"_links":{"self":[{"href":"https:\/\/pulso27.com\/es\/wp-json\/wp\/v2\/posts\/6270","targetHints":{"allow":["GET"]}}],"collection":[{"href":"https:\/\/pulso27.com\/es\/wp-json\/wp\/v2\/posts"}],"about":[{"href":"https:\/\/pulso27.com\/es\/wp-json\/wp\/v2\/types\/post"}],"author":[{"embeddable":true,"href":"https:\/\/pulso27.com\/es\/wp-json\/wp\/v2\/users\/7"}],"replies":[{"embeddable":true,"href":"https:\/\/pulso27.com\/es\/wp-json\/wp\/v2\/comments?post=6270"}],"version-history":[{"count":1,"href":"https:\/\/pulso27.com\/es\/wp-json\/wp\/v2\/posts\/6270\/revisions"}],"predecessor-version":[{"id":6275,"href":"https:\/\/pulso27.com\/es\/wp-json\/wp\/v2\/posts\/6270\/revisions\/6275"}],"wp:featuredmedia":[{"embeddable":true,"href":"https:\/\/pulso27.com\/es\/wp-json\/wp\/v2\/media\/6271"}],"wp:attachment":[{"href":"https:\/\/pulso27.com\/es\/wp-json\/wp\/v2\/media?parent=6270"}],"wp:term":[{"taxonomy":"category","embeddable":true,"href":"https:\/\/pulso27.com\/es\/wp-json\/wp\/v2\/categories?post=6270"},{"taxonomy":"post_tag","embeddable":true,"href":"https:\/\/pulso27.com\/es\/wp-json\/wp\/v2\/tags?post=6270"}],"curies":[{"name":"wp","href":"https:\/\/api.w.org\/{rel}","templated":true}]}}