{"id":6319,"date":"2025-09-18T02:23:23","date_gmt":"2025-09-17T21:23:23","guid":{"rendered":"https:\/\/pulso27.com\/?p=6319"},"modified":"2025-09-18T02:23:28","modified_gmt":"2025-09-17T21:23:28","slug":"congresista-margot-palacios-impulsa-nuevo-retiro-de-afps-y-derogatoria-de-la-ley-32123","status":"publish","type":"post","link":"https:\/\/pulso27.com\/es\/actualidad\/economia\/congresista-margot-palacios-impulsa-nuevo-retiro-de-afps-y-derogatoria-de-la-ley-32123\/","title":{"rendered":"Congresista Margot Palacios impulsa nuevo retiro de AFPs y derogatoria de la Ley 32123"},"content":{"rendered":"\n<p>La congresista Margot Palacios Huam\u00e1n, no agrupada, present\u00f3 el Proyecto de Ley N\u00b0 11385\/2024-CR el pasado 30 de mayo, proponiendo un octavo retiro de hasta 5 Unidades Impositivas Tributarias (UIT), equivalentes a S\/26,750, de los fondos acumulados en las cuentas individuales de capitalizaci\u00f3n (CIC) de las Administradoras de Fondos de Pensiones (AFP).<\/p>\n\n\n\n<p>Hoy, durante su intervenci\u00f3n en la Comisi\u00f3n de Econom\u00eda del Congreso, Palacios defendi\u00f3 la iniciativa destacando la necesidad de proteger los intereses de los afiliados frente a las restricciones impuestas por la reciente reforma previsional (Ley N\u00b0 32123). La congresista critic\u00f3 la mala administraci\u00f3n de las AFP, se\u00f1alando que, seg\u00fan el Banco Central de Reserva del Per\u00fa (BCRP), estas han generado p\u00e9rdidas econ\u00f3micas significativas para los aportantes en los \u00faltimos 20 a\u00f1os.<\/p>\n\n\n\n<p>Palacios argument\u00f3 que el retiro de fondos es una medida urgente para aliviar la crisis econ\u00f3mica que enfrentan millones de peruanos, en un contexto de pobreza monetaria que afecta al 29% de la poblaci\u00f3n, seg\u00fan el Instituto Nacional de Estad\u00edstica e Inform\u00e1tica (INEI). En su exposici\u00f3n, la legisladora enfatiz\u00f3 que el dinero pertenece a los trabajadores y debe estar disponible para cubrir necesidades inmediatas, como salud, educaci\u00f3n y alimentaci\u00f3n. Adem\u00e1s, cuestion\u00f3 la legitimidad del sistema previsional actual, afirmando que \u201cha perdido credibilidad\u201d debido a las bajas pensiones que reciben los afiliados, muchas de las cuales no superan los S\/600 tras d\u00e9cadas de aportes.<\/p>\n\n\n\n<p>El proyecto de Palacios, que busca superar los l\u00edmites establecidos por la reforma previsional, se suma a otras 24 iniciativas similares en debate en la Comisi\u00f3n de Econom\u00eda, que este 17 de septiembre aprob\u00f3 por mayor\u00eda un dictamen para autorizar un retiro de hasta 4 UIT (S\/21,400). Aunque el respaldo del Ejecutivo y la presi\u00f3n ciudadana fortalecen la viabilidad de estas propuestas, el BCRP y la Superintendencia de Banca, Seguros y AFP (SBS) advierten que un nuevo retiro podr\u00eda dejar a 8.6 millones de afiliados sin fondos para su jubilaci\u00f3n, agravando el riesgo de pobreza en la vejez. El dictamen ahora pasar\u00e1 al Pleno del Congreso, donde se espera un intenso debate antes de su posible aprobaci\u00f3n.<\/p>\n","protected":false},"excerpt":{"rendered":"<p>La congresista Margot Palacios Huam\u00e1n, no agrupada, present\u00f3 el Proyecto de Ley N\u00b0 11385\/2024-CR el pasado 30 de mayo, proponiendo un octavo retiro de hasta 5 Unidades Impositivas Tributarias (UIT), equivalentes a S\/26,750, de los fondos acumulados en las cuentas individuales de capitalizaci\u00f3n (CIC) de las Administradoras de Fondos de Pensiones (AFP). Hoy, durante su [&hellip;]<\/p>\n","protected":false},"author":13,"featured_media":6320,"comment_status":"open","ping_status":"open","sticky":false,"template":"","format":"standard","meta":{"footnotes":""},"categories":[177,174],"tags":[652,719,663,840,612],"class_list":["post-6319","post","type-post","status-publish","format-standard","has-post-thumbnail","hentry","category-economia","category-nacional","tag-afp","tag-congreso-de-la-republica-2","tag-margot-palacios","tag-onp","tag-pcm"],"yoast_head":"<!-- This site is optimized with the Yoast SEO plugin v27.4 - https:\/\/yoast.com\/product\/yoast-seo-wordpress\/ -->\n<title>Congresista Margot Palacios impulsa nuevo retiro de AFPs y derogatoria de la Ley 32123 - Pulso27<\/title>\n<meta name=\"robots\" content=\"index, follow, max-snippet:-1, max-image-preview:large, max-video-preview:-1\" \/>\n<link rel=\"canonical\" href=\"https:\/\/pulso27.com\/es\/actualidad\/economia\/congresista-margot-palacios-impulsa-nuevo-retiro-de-afps-y-derogatoria-de-la-ley-32123\/\" \/>\n<meta property=\"og:locale\" content=\"es_ES\" \/>\n<meta property=\"og:type\" content=\"article\" \/>\n<meta property=\"og:title\" content=\"Congresista Margot Palacios impulsa nuevo retiro de AFPs y derogatoria de la Ley 32123 - Pulso27\" \/>\n<meta property=\"og:description\" content=\"La congresista Margot Palacios Huam\u00e1n, no agrupada, present\u00f3 el Proyecto de Ley N\u00b0 11385\/2024-CR el pasado 30 de mayo, proponiendo un octavo retiro de hasta 5 Unidades Impositivas Tributarias (UIT), equivalentes a S\/26,750, de los fondos acumulados en las cuentas individuales de capitalizaci\u00f3n (CIC) de las Administradoras de Fondos de Pensiones (AFP). Hoy, durante su [&hellip;]\" \/>\n<meta property=\"og:url\" content=\"https:\/\/pulso27.com\/es\/actualidad\/economia\/congresista-margot-palacios-impulsa-nuevo-retiro-de-afps-y-derogatoria-de-la-ley-32123\/\" \/>\n<meta property=\"og:site_name\" content=\"Pulso27\" \/>\n<meta property=\"article:publisher\" content=\"https:\/\/www.facebook.com\/pulso27\/\" \/>\n<meta property=\"article:published_time\" content=\"2025-09-17T21:23:23+00:00\" \/>\n<meta property=\"article:modified_time\" content=\"2025-09-17T21:23:28+00:00\" \/>\n<meta property=\"og:image\" content=\"https:\/\/pulso27.com\/wp-content\/uploads\/2025\/09\/AfP.png\" \/>\n\t<meta property=\"og:image:width\" content=\"1280\" \/>\n\t<meta property=\"og:image:height\" content=\"799\" \/>\n\t<meta property=\"og:image:type\" content=\"image\/png\" \/>\n<meta name=\"author\" content=\"Redactor\" \/>\n<meta name=\"twitter:card\" content=\"summary_large_image\" \/>\n<meta name=\"twitter:creator\" content=\"@Pulso_27\" \/>\n<meta name=\"twitter:site\" content=\"@Pulso_27\" \/>\n<meta name=\"twitter:label1\" content=\"Written by\" \/>\n\t<meta name=\"twitter:data1\" content=\"Redactor\" \/>\n\t<meta name=\"twitter:label2\" content=\"Est. reading time\" \/>\n\t<meta name=\"twitter:data2\" content=\"2 minutos\" \/>\n<script type=\"application\/ld+json\" class=\"yoast-schema-graph\">{\"@context\":\"https:\\\/\\\/schema.org\",\"@graph\":[{\"@type\":\"Article\",\"@id\":\"https:\\\/\\\/pulso27.com\\\/actualidad\\\/economia\\\/congresista-margot-palacios-impulsa-nuevo-retiro-de-afps-y-derogatoria-de-la-ley-32123\\\/#article\",\"isPartOf\":{\"@id\":\"https:\\\/\\\/pulso27.com\\\/actualidad\\\/economia\\\/congresista-margot-palacios-impulsa-nuevo-retiro-de-afps-y-derogatoria-de-la-ley-32123\\\/\"},\"author\":{\"name\":\"Redactor\",\"@id\":\"https:\\\/\\\/pulso27.com\\\/en\\\/#\\\/schema\\\/person\\\/bf5ee161e6c87f6c7d57f5e689ef8526\"},\"headline\":\"Congresista Margot Palacios impulsa nuevo retiro de AFPs y derogatoria de la Ley 32123\",\"datePublished\":\"2025-09-17T21:23:23+00:00\",\"dateModified\":\"2025-09-17T21:23:28+00:00\",\"mainEntityOfPage\":{\"@id\":\"https:\\\/\\\/pulso27.com\\\/actualidad\\\/economia\\\/congresista-margot-palacios-impulsa-nuevo-retiro-de-afps-y-derogatoria-de-la-ley-32123\\\/\"},\"wordCount\":377,\"commentCount\":0,\"publisher\":{\"@id\":\"https:\\\/\\\/pulso27.com\\\/en\\\/#organization\"},\"image\":{\"@id\":\"https:\\\/\\\/pulso27.com\\\/actualidad\\\/economia\\\/congresista-margot-palacios-impulsa-nuevo-retiro-de-afps-y-derogatoria-de-la-ley-32123\\\/#primaryimage\"},\"thumbnailUrl\":\"https:\\\/\\\/pulso27.com\\\/wp-content\\\/uploads\\\/2025\\\/09\\\/AfP.png\",\"keywords\":[\"AFP\",\"Congreso de la Rep\u00fablica\",\"Margot Palacios\",\"ONP\",\"PCM\"],\"articleSection\":[\"Econom\u00eda\",\"Nacional\"],\"inLanguage\":\"es-PE\",\"potentialAction\":[{\"@type\":\"CommentAction\",\"name\":\"Comment\",\"target\":[\"https:\\\/\\\/pulso27.com\\\/actualidad\\\/economia\\\/congresista-margot-palacios-impulsa-nuevo-retiro-de-afps-y-derogatoria-de-la-ley-32123\\\/#respond\"]}]},{\"@type\":\"WebPage\",\"@id\":\"https:\\\/\\\/pulso27.com\\\/actualidad\\\/economia\\\/congresista-margot-palacios-impulsa-nuevo-retiro-de-afps-y-derogatoria-de-la-ley-32123\\\/\",\"url\":\"https:\\\/\\\/pulso27.com\\\/actualidad\\\/economia\\\/congresista-margot-palacios-impulsa-nuevo-retiro-de-afps-y-derogatoria-de-la-ley-32123\\\/\",\"name\":\"Congresista Margot Palacios impulsa nuevo retiro de AFPs y derogatoria de la Ley 32123 - Pulso27\",\"isPartOf\":{\"@id\":\"https:\\\/\\\/pulso27.com\\\/en\\\/#website\"},\"primaryImageOfPage\":{\"@id\":\"https:\\\/\\\/pulso27.com\\\/actualidad\\\/economia\\\/congresista-margot-palacios-impulsa-nuevo-retiro-de-afps-y-derogatoria-de-la-ley-32123\\\/#primaryimage\"},\"image\":{\"@id\":\"https:\\\/\\\/pulso27.com\\\/actualidad\\\/economia\\\/congresista-margot-palacios-impulsa-nuevo-retiro-de-afps-y-derogatoria-de-la-ley-32123\\\/#primaryimage\"},\"thumbnailUrl\":\"https:\\\/\\\/pulso27.com\\\/wp-content\\\/uploads\\\/2025\\\/09\\\/AfP.png\",\"datePublished\":\"2025-09-17T21:23:23+00:00\",\"dateModified\":\"2025-09-17T21:23:28+00:00\",\"breadcrumb\":{\"@id\":\"https:\\\/\\\/pulso27.com\\\/actualidad\\\/economia\\\/congresista-margot-palacios-impulsa-nuevo-retiro-de-afps-y-derogatoria-de-la-ley-32123\\\/#breadcrumb\"},\"inLanguage\":\"es-PE\",\"potentialAction\":[{\"@type\":\"ReadAction\",\"target\":[\"https:\\\/\\\/pulso27.com\\\/actualidad\\\/economia\\\/congresista-margot-palacios-impulsa-nuevo-retiro-de-afps-y-derogatoria-de-la-ley-32123\\\/\"]}]},{\"@type\":\"ImageObject\",\"inLanguage\":\"es-PE\",\"@id\":\"https:\\\/\\\/pulso27.com\\\/actualidad\\\/economia\\\/congresista-margot-palacios-impulsa-nuevo-retiro-de-afps-y-derogatoria-de-la-ley-32123\\\/#primaryimage\",\"url\":\"https:\\\/\\\/pulso27.com\\\/wp-content\\\/uploads\\\/2025\\\/09\\\/AfP.png\",\"contentUrl\":\"https:\\\/\\\/pulso27.com\\\/wp-content\\\/uploads\\\/2025\\\/09\\\/AfP.png\",\"width\":1280,\"height\":799},{\"@type\":\"BreadcrumbList\",\"@id\":\"https:\\\/\\\/pulso27.com\\\/actualidad\\\/economia\\\/congresista-margot-palacios-impulsa-nuevo-retiro-de-afps-y-derogatoria-de-la-ley-32123\\\/#breadcrumb\",\"itemListElement\":[{\"@type\":\"ListItem\",\"position\":1,\"name\":\"Portada\",\"item\":\"https:\\\/\\\/pulso27.com\\\/\"},{\"@type\":\"ListItem\",\"position\":2,\"name\":\"Congresista Margot Palacios impulsa nuevo retiro de AFPs y derogatoria de la Ley 32123\"}]},{\"@type\":\"WebSite\",\"@id\":\"https:\\\/\\\/pulso27.com\\\/en\\\/#website\",\"url\":\"https:\\\/\\\/pulso27.com\\\/en\\\/\",\"name\":\"Pulso27\",\"description\":\"Web de noticias y publicidad\",\"publisher\":{\"@id\":\"https:\\\/\\\/pulso27.com\\\/en\\\/#organization\"},\"alternateName\":\"El pulso del pueblo\",\"potentialAction\":[{\"@type\":\"SearchAction\",\"target\":{\"@type\":\"EntryPoint\",\"urlTemplate\":\"https:\\\/\\\/pulso27.com\\\/en\\\/?s={search_term_string}\"},\"query-input\":{\"@type\":\"PropertyValueSpecification\",\"valueRequired\":true,\"valueName\":\"search_term_string\"}}],\"inLanguage\":\"es-PE\"},{\"@type\":\"Organization\",\"@id\":\"https:\\\/\\\/pulso27.com\\\/en\\\/#organization\",\"name\":\"Pulso27\",\"url\":\"https:\\\/\\\/pulso27.com\\\/en\\\/\",\"logo\":{\"@type\":\"ImageObject\",\"inLanguage\":\"es-PE\",\"@id\":\"https:\\\/\\\/pulso27.com\\\/en\\\/#\\\/schema\\\/logo\\\/image\\\/\",\"url\":\"https:\\\/\\\/pulso27.com\\\/wp-content\\\/uploads\\\/2026\\\/02\\\/Logotipo-de-la-organizacion-696-x-696-px-ok.png\",\"contentUrl\":\"https:\\\/\\\/pulso27.com\\\/wp-content\\\/uploads\\\/2026\\\/02\\\/Logotipo-de-la-organizacion-696-x-696-px-ok.png\",\"width\":696,\"height\":696,\"caption\":\"Pulso27\"},\"image\":{\"@id\":\"https:\\\/\\\/pulso27.com\\\/en\\\/#\\\/schema\\\/logo\\\/image\\\/\"},\"sameAs\":[\"https:\\\/\\\/www.facebook.com\\\/pulso27\\\/\",\"https:\\\/\\\/x.com\\\/Pulso_27\",\"https:\\\/\\\/www.youtube.com\\\/@Pulso27\",\"https:\\\/\\\/www.tiktok.com\\\/@pulso_27\"]},{\"@type\":\"Person\",\"@id\":\"https:\\\/\\\/pulso27.com\\\/en\\\/#\\\/schema\\\/person\\\/bf5ee161e6c87f6c7d57f5e689ef8526\",\"name\":\"Redactor\",\"image\":{\"@type\":\"ImageObject\",\"inLanguage\":\"es-PE\",\"@id\":\"https:\\\/\\\/pulso27.com\\\/wp-content\\\/uploads\\\/2025\\\/03\\\/a-150x150.png\",\"url\":\"https:\\\/\\\/pulso27.com\\\/wp-content\\\/uploads\\\/2025\\\/03\\\/a-150x150.png\",\"contentUrl\":\"https:\\\/\\\/pulso27.com\\\/wp-content\\\/uploads\\\/2025\\\/03\\\/a-150x150.png\",\"caption\":\"Redactor\"},\"sameAs\":[\"http:\\\/\\\/www.pulso27.com\"],\"url\":\"https:\\\/\\\/pulso27.com\\\/es\\\/author\\\/redactor\\\/\"}]}<\/script>\n<!-- \/ Yoast SEO plugin. -->","yoast_head_json":{"title":"Congresista Margot Palacios impulsa nuevo retiro de AFPs y derogatoria de la Ley 32123 - Pulso27","robots":{"index":"index","follow":"follow","max-snippet":"max-snippet:-1","max-image-preview":"max-image-preview:large","max-video-preview":"max-video-preview:-1"},"canonical":"https:\/\/pulso27.com\/es\/actualidad\/economia\/congresista-margot-palacios-impulsa-nuevo-retiro-de-afps-y-derogatoria-de-la-ley-32123\/","og_locale":"es_ES","og_type":"article","og_title":"Congresista Margot Palacios impulsa nuevo retiro de AFPs y derogatoria de la Ley 32123 - Pulso27","og_description":"La congresista Margot Palacios Huam\u00e1n, no agrupada, present\u00f3 el Proyecto de Ley N\u00b0 11385\/2024-CR el pasado 30 de mayo, proponiendo un octavo retiro de hasta 5 Unidades Impositivas Tributarias (UIT), equivalentes a S\/26,750, de los fondos acumulados en las cuentas individuales de capitalizaci\u00f3n (CIC) de las Administradoras de Fondos de Pensiones (AFP). Hoy, durante su [&hellip;]","og_url":"https:\/\/pulso27.com\/es\/actualidad\/economia\/congresista-margot-palacios-impulsa-nuevo-retiro-de-afps-y-derogatoria-de-la-ley-32123\/","og_site_name":"Pulso27","article_publisher":"https:\/\/www.facebook.com\/pulso27\/","article_published_time":"2025-09-17T21:23:23+00:00","article_modified_time":"2025-09-17T21:23:28+00:00","og_image":[{"width":1280,"height":799,"url":"https:\/\/pulso27.com\/wp-content\/uploads\/2025\/09\/AfP.png","type":"image\/png"}],"author":"Redactor","twitter_card":"summary_large_image","twitter_creator":"@Pulso_27","twitter_site":"@Pulso_27","twitter_misc":{"Written by":"Redactor","Est. reading time":"2 minutos"},"schema":{"@context":"https:\/\/schema.org","@graph":[{"@type":"Article","@id":"https:\/\/pulso27.com\/actualidad\/economia\/congresista-margot-palacios-impulsa-nuevo-retiro-de-afps-y-derogatoria-de-la-ley-32123\/#article","isPartOf":{"@id":"https:\/\/pulso27.com\/actualidad\/economia\/congresista-margot-palacios-impulsa-nuevo-retiro-de-afps-y-derogatoria-de-la-ley-32123\/"},"author":{"name":"Redactor","@id":"https:\/\/pulso27.com\/en\/#\/schema\/person\/bf5ee161e6c87f6c7d57f5e689ef8526"},"headline":"Congresista Margot Palacios impulsa nuevo retiro de AFPs y derogatoria de la Ley 32123","datePublished":"2025-09-17T21:23:23+00:00","dateModified":"2025-09-17T21:23:28+00:00","mainEntityOfPage":{"@id":"https:\/\/pulso27.com\/actualidad\/economia\/congresista-margot-palacios-impulsa-nuevo-retiro-de-afps-y-derogatoria-de-la-ley-32123\/"},"wordCount":377,"commentCount":0,"publisher":{"@id":"https:\/\/pulso27.com\/en\/#organization"},"image":{"@id":"https:\/\/pulso27.com\/actualidad\/economia\/congresista-margot-palacios-impulsa-nuevo-retiro-de-afps-y-derogatoria-de-la-ley-32123\/#primaryimage"},"thumbnailUrl":"https:\/\/pulso27.com\/wp-content\/uploads\/2025\/09\/AfP.png","keywords":["AFP","Congreso de la Rep\u00fablica","Margot Palacios","ONP","PCM"],"articleSection":["Econom\u00eda","Nacional"],"inLanguage":"es-PE","potentialAction":[{"@type":"CommentAction","name":"Comment","target":["https:\/\/pulso27.com\/actualidad\/economia\/congresista-margot-palacios-impulsa-nuevo-retiro-de-afps-y-derogatoria-de-la-ley-32123\/#respond"]}]},{"@type":"WebPage","@id":"https:\/\/pulso27.com\/actualidad\/economia\/congresista-margot-palacios-impulsa-nuevo-retiro-de-afps-y-derogatoria-de-la-ley-32123\/","url":"https:\/\/pulso27.com\/actualidad\/economia\/congresista-margot-palacios-impulsa-nuevo-retiro-de-afps-y-derogatoria-de-la-ley-32123\/","name":"Congresista Margot Palacios impulsa nuevo retiro de AFPs y derogatoria de la Ley 32123 - Pulso27","isPartOf":{"@id":"https:\/\/pulso27.com\/en\/#website"},"primaryImageOfPage":{"@id":"https:\/\/pulso27.com\/actualidad\/economia\/congresista-margot-palacios-impulsa-nuevo-retiro-de-afps-y-derogatoria-de-la-ley-32123\/#primaryimage"},"image":{"@id":"https:\/\/pulso27.com\/actualidad\/economia\/congresista-margot-palacios-impulsa-nuevo-retiro-de-afps-y-derogatoria-de-la-ley-32123\/#primaryimage"},"thumbnailUrl":"https:\/\/pulso27.com\/wp-content\/uploads\/2025\/09\/AfP.png","datePublished":"2025-09-17T21:23:23+00:00","dateModified":"2025-09-17T21:23:28+00:00","breadcrumb":{"@id":"https:\/\/pulso27.com\/actualidad\/economia\/congresista-margot-palacios-impulsa-nuevo-retiro-de-afps-y-derogatoria-de-la-ley-32123\/#breadcrumb"},"inLanguage":"es-PE","potentialAction":[{"@type":"ReadAction","target":["https:\/\/pulso27.com\/actualidad\/economia\/congresista-margot-palacios-impulsa-nuevo-retiro-de-afps-y-derogatoria-de-la-ley-32123\/"]}]},{"@type":"ImageObject","inLanguage":"es-PE","@id":"https:\/\/pulso27.com\/actualidad\/economia\/congresista-margot-palacios-impulsa-nuevo-retiro-de-afps-y-derogatoria-de-la-ley-32123\/#primaryimage","url":"https:\/\/pulso27.com\/wp-content\/uploads\/2025\/09\/AfP.png","contentUrl":"https:\/\/pulso27.com\/wp-content\/uploads\/2025\/09\/AfP.png","width":1280,"height":799},{"@type":"BreadcrumbList","@id":"https:\/\/pulso27.com\/actualidad\/economia\/congresista-margot-palacios-impulsa-nuevo-retiro-de-afps-y-derogatoria-de-la-ley-32123\/#breadcrumb","itemListElement":[{"@type":"ListItem","position":1,"name":"Portada","item":"https:\/\/pulso27.com\/"},{"@type":"ListItem","position":2,"name":"Congresista Margot Palacios impulsa nuevo retiro de AFPs y derogatoria de la Ley 32123"}]},{"@type":"WebSite","@id":"https:\/\/pulso27.com\/en\/#website","url":"https:\/\/pulso27.com\/en\/","name":"Pulso27","description":"Web de noticias y publicidad","publisher":{"@id":"https:\/\/pulso27.com\/en\/#organization"},"alternateName":"El pulso del pueblo","potentialAction":[{"@type":"SearchAction","target":{"@type":"EntryPoint","urlTemplate":"https:\/\/pulso27.com\/en\/?s={search_term_string}"},"query-input":{"@type":"PropertyValueSpecification","valueRequired":true,"valueName":"search_term_string"}}],"inLanguage":"es-PE"},{"@type":"Organization","@id":"https:\/\/pulso27.com\/en\/#organization","name":"Pulso27","url":"https:\/\/pulso27.com\/en\/","logo":{"@type":"ImageObject","inLanguage":"es-PE","@id":"https:\/\/pulso27.com\/en\/#\/schema\/logo\/image\/","url":"https:\/\/pulso27.com\/wp-content\/uploads\/2026\/02\/Logotipo-de-la-organizacion-696-x-696-px-ok.png","contentUrl":"https:\/\/pulso27.com\/wp-content\/uploads\/2026\/02\/Logotipo-de-la-organizacion-696-x-696-px-ok.png","width":696,"height":696,"caption":"Pulso27"},"image":{"@id":"https:\/\/pulso27.com\/en\/#\/schema\/logo\/image\/"},"sameAs":["https:\/\/www.facebook.com\/pulso27\/","https:\/\/x.com\/Pulso_27","https:\/\/www.youtube.com\/@Pulso27","https:\/\/www.tiktok.com\/@pulso_27"]},{"@type":"Person","@id":"https:\/\/pulso27.com\/en\/#\/schema\/person\/bf5ee161e6c87f6c7d57f5e689ef8526","name":"Redactor","image":{"@type":"ImageObject","inLanguage":"es-PE","@id":"https:\/\/pulso27.com\/wp-content\/uploads\/2025\/03\/a-150x150.png","url":"https:\/\/pulso27.com\/wp-content\/uploads\/2025\/03\/a-150x150.png","contentUrl":"https:\/\/pulso27.com\/wp-content\/uploads\/2025\/03\/a-150x150.png","caption":"Redactor"},"sameAs":["http:\/\/www.pulso27.com"],"url":"https:\/\/pulso27.com\/es\/author\/redactor\/"}]}},"amp_enabled":true,"_links":{"self":[{"href":"https:\/\/pulso27.com\/es\/wp-json\/wp\/v2\/posts\/6319","targetHints":{"allow":["GET"]}}],"collection":[{"href":"https:\/\/pulso27.com\/es\/wp-json\/wp\/v2\/posts"}],"about":[{"href":"https:\/\/pulso27.com\/es\/wp-json\/wp\/v2\/types\/post"}],"author":[{"embeddable":true,"href":"https:\/\/pulso27.com\/es\/wp-json\/wp\/v2\/users\/13"}],"replies":[{"embeddable":true,"href":"https:\/\/pulso27.com\/es\/wp-json\/wp\/v2\/comments?post=6319"}],"version-history":[{"count":1,"href":"https:\/\/pulso27.com\/es\/wp-json\/wp\/v2\/posts\/6319\/revisions"}],"predecessor-version":[{"id":6324,"href":"https:\/\/pulso27.com\/es\/wp-json\/wp\/v2\/posts\/6319\/revisions\/6324"}],"wp:featuredmedia":[{"embeddable":true,"href":"https:\/\/pulso27.com\/es\/wp-json\/wp\/v2\/media\/6320"}],"wp:attachment":[{"href":"https:\/\/pulso27.com\/es\/wp-json\/wp\/v2\/media?parent=6319"}],"wp:term":[{"taxonomy":"category","embeddable":true,"href":"https:\/\/pulso27.com\/es\/wp-json\/wp\/v2\/categories?post=6319"},{"taxonomy":"post_tag","embeddable":true,"href":"https:\/\/pulso27.com\/es\/wp-json\/wp\/v2\/tags?post=6319"}],"curies":[{"name":"wp","href":"https:\/\/api.w.org\/{rel}","templated":true}]}}