{"id":6575,"date":"2025-10-22T08:18:09","date_gmt":"2025-10-22T03:18:09","guid":{"rendered":"https:\/\/pulso27.com\/?p=6575"},"modified":"2025-10-22T08:18:14","modified_gmt":"2025-10-22T03:18:14","slug":"gobierno-de-jose-jeri-activa-estado-de-emergencia-contra-la-criminalidad-en-lima-y-callao","status":"publish","type":"post","link":"https:\/\/pulso27.com\/es\/actualidad\/gobierno-de-jose-jeri-activa-estado-de-emergencia-contra-la-criminalidad-en-lima-y-callao\/","title":{"rendered":"Gobierno de Jos\u00e9 Jer\u00ed activa estado de emergencia contra la criminalidad en Lima y Callao"},"content":{"rendered":"\n<p>Lima, 21 de octubre de 2025 \u2013 En un breve pero impactante mensaje a la Naci\u00f3n, el presidente Jos\u00e9 Jer\u00ed anunci\u00f3 esta noche la declaratoria de estado de emergencia en Lima Metropolitana y la Provincia Constitucional del Callao, efectiva desde la medianoche de hoy. La medida, formalizada mediante el Decreto Supremo N\u00b0 124-2025-PCM y aprobada en una marat\u00f3nica sesi\u00f3n del Consejo de Ministros, busca confrontar de manera frontal la escalada de violencia e inseguridad que azota a la capital y el principal puerto del pa\u00eds. \u00abPasamos de la defensiva a la ofensiva contra el crimen, para recuperar la paz y la confianza de millones de peruanos\u00bb, enfatiz\u00f3 Jer\u00ed en su alocuci\u00f3n de apenas 46 segundos desde el Palacio de Gobierno.<\/p>\n\n\n\n<p>La emergencia, que regir\u00e1 por 30 d\u00edas, asigna a la Polic\u00eda Nacional del Per\u00fa (PNP) el control absoluto del orden interno, con el respaldo de las Fuerzas Armadas en operaciones conjuntas. Seg\u00fan el decreto publicado en El Peruano, se priorizar\u00e1n intervenciones en zonas cr\u00edticas basadas en inteligencia policial, mapas del delito y estad\u00edsticas de criminalidad, limitando temporalmente derechos constitucionales como la libertad de tr\u00e1nsito, reuni\u00f3n, inviolabilidad del domicilio y seguridad personal. Aunque no se detallaron controles espec\u00edficos como un posible toque de queda \u2013medida que el ministro del Interior, Vicente Tiburcio, no descart\u00f3\u2013, el Ejecutivo convocar\u00e1 sesiones permanentes del Consejo Nacional de Seguridad Ciudadana (CONASEC) y comit\u00e9s locales para monitorear el impacto. Esta iniciativa surge en medio de protestas recientes contra el Gobierno y el Congreso, donde el fallecimiento del joven Eduardo Ruiz a manos de un efectivo policial en la Plaza Francia ha avivado el clamor por mayor seguridad.<\/p>\n\n\n\n<p>La ciudadan\u00eda lime\u00f1a recibe con cautela esta nueva ofensiva gubernamental, recordando ediciones previas de estados de emergencia que, bajo gestiones pasadas, generaron cr\u00edticas por su escaso efecto duradero. Expertos en seguridad consultados por Pulso27 advierten que el \u00e9xito depender\u00e1 de la implementaci\u00f3n efectiva de recursos y la coordinaci\u00f3n interinstitucional, m\u00e1s all\u00e1 de las restricciones. Mientras tanto, el presidente Jer\u00ed, quien asumi\u00f3 el cargo interino el pasado 10 de octubre tras la destituci\u00f3n de Dina Boluarte, busca con esta medida consolidar su agenda de estabilizaci\u00f3n en un Per\u00fa polarizado. Actualizaciones sobre autorizaciones para actividades esenciales y zonas de alto riesgo se esperan en las pr\u00f3ximas horas desde el Ministerio del Interior.<\/p>\n","protected":false},"excerpt":{"rendered":"<p>Lima, 21 de octubre de 2025 \u2013 En un breve pero impactante mensaje a la Naci\u00f3n, el presidente Jos\u00e9 Jer\u00ed anunci\u00f3 esta noche la declaratoria de estado de emergencia en Lima Metropolitana y la Provincia Constitucional del Callao, efectiva desde la medianoche de hoy. La medida, formalizada mediante el Decreto Supremo N\u00b0 124-2025-PCM y aprobada [&hellip;]<\/p>\n","protected":false},"author":13,"featured_media":6576,"comment_status":"open","ping_status":"open","sticky":false,"template":"","format":"standard","meta":{"footnotes":""},"categories":[183,174,202,1852],"tags":[2553,2529,2481],"class_list":["post-6575","post","type-post","status-publish","format-standard","has-post-thumbnail","hentry","category-actualidad","category-nacional","category-sociedad","category-tendencia","tag-estado-de-emergencia","tag-lima-y-callao","tag-seguridad"],"yoast_head":"<!-- This site is optimized with the Yoast SEO plugin v27.4 - https:\/\/yoast.com\/product\/yoast-seo-wordpress\/ -->\n<title>Gobierno de Jos\u00e9 Jer\u00ed activa estado de emergencia contra la criminalidad en Lima y Callao - Pulso27<\/title>\n<meta name=\"robots\" content=\"index, follow, max-snippet:-1, max-image-preview:large, max-video-preview:-1\" \/>\n<link rel=\"canonical\" href=\"https:\/\/pulso27.com\/es\/actualidad\/gobierno-de-jose-jeri-activa-estado-de-emergencia-contra-la-criminalidad-en-lima-y-callao\/\" \/>\n<meta property=\"og:locale\" content=\"es_ES\" \/>\n<meta property=\"og:type\" content=\"article\" \/>\n<meta property=\"og:title\" content=\"Gobierno de Jos\u00e9 Jer\u00ed activa estado de emergencia contra la criminalidad en Lima y Callao - Pulso27\" \/>\n<meta property=\"og:description\" content=\"Lima, 21 de octubre de 2025 \u2013 En un breve pero impactante mensaje a la Naci\u00f3n, el presidente Jos\u00e9 Jer\u00ed anunci\u00f3 esta noche la declaratoria de estado de emergencia en Lima Metropolitana y la Provincia Constitucional del Callao, efectiva desde la medianoche de hoy. La medida, formalizada mediante el Decreto Supremo N\u00b0 124-2025-PCM y aprobada [&hellip;]\" \/>\n<meta property=\"og:url\" content=\"https:\/\/pulso27.com\/es\/actualidad\/gobierno-de-jose-jeri-activa-estado-de-emergencia-contra-la-criminalidad-en-lima-y-callao\/\" \/>\n<meta property=\"og:site_name\" content=\"Pulso27\" \/>\n<meta property=\"article:publisher\" content=\"https:\/\/www.facebook.com\/pulso27\/\" \/>\n<meta property=\"article:published_time\" content=\"2025-10-22T03:18:09+00:00\" \/>\n<meta property=\"article:modified_time\" content=\"2025-10-22T03:18:14+00:00\" \/>\n<meta property=\"og:image\" content=\"https:\/\/pulso27.com\/wp-content\/uploads\/2025\/10\/Jeri-2.png\" \/>\n\t<meta property=\"og:image:width\" content=\"1280\" \/>\n\t<meta property=\"og:image:height\" content=\"800\" \/>\n\t<meta property=\"og:image:type\" content=\"image\/png\" \/>\n<meta name=\"author\" content=\"Redactor\" \/>\n<meta name=\"twitter:card\" content=\"summary_large_image\" \/>\n<meta name=\"twitter:creator\" content=\"@Pulso_27\" \/>\n<meta name=\"twitter:site\" content=\"@Pulso_27\" \/>\n<meta name=\"twitter:label1\" content=\"Written by\" \/>\n\t<meta name=\"twitter:data1\" content=\"Redactor\" \/>\n\t<meta name=\"twitter:label2\" content=\"Est. reading time\" \/>\n\t<meta name=\"twitter:data2\" content=\"2 minutos\" \/>\n<script type=\"application\/ld+json\" class=\"yoast-schema-graph\">{\"@context\":\"https:\\\/\\\/schema.org\",\"@graph\":[{\"@type\":\"Article\",\"@id\":\"https:\\\/\\\/pulso27.com\\\/actualidad\\\/gobierno-de-jose-jeri-activa-estado-de-emergencia-contra-la-criminalidad-en-lima-y-callao\\\/#article\",\"isPartOf\":{\"@id\":\"https:\\\/\\\/pulso27.com\\\/actualidad\\\/gobierno-de-jose-jeri-activa-estado-de-emergencia-contra-la-criminalidad-en-lima-y-callao\\\/\"},\"author\":{\"name\":\"Redactor\",\"@id\":\"https:\\\/\\\/pulso27.com\\\/en\\\/#\\\/schema\\\/person\\\/bf5ee161e6c87f6c7d57f5e689ef8526\"},\"headline\":\"Gobierno de Jos\u00e9 Jer\u00ed activa estado de emergencia contra la criminalidad en Lima y Callao\",\"datePublished\":\"2025-10-22T03:18:09+00:00\",\"dateModified\":\"2025-10-22T03:18:14+00:00\",\"mainEntityOfPage\":{\"@id\":\"https:\\\/\\\/pulso27.com\\\/actualidad\\\/gobierno-de-jose-jeri-activa-estado-de-emergencia-contra-la-criminalidad-en-lima-y-callao\\\/\"},\"wordCount\":414,\"commentCount\":0,\"publisher\":{\"@id\":\"https:\\\/\\\/pulso27.com\\\/en\\\/#organization\"},\"image\":{\"@id\":\"https:\\\/\\\/pulso27.com\\\/actualidad\\\/gobierno-de-jose-jeri-activa-estado-de-emergencia-contra-la-criminalidad-en-lima-y-callao\\\/#primaryimage\"},\"thumbnailUrl\":\"https:\\\/\\\/pulso27.com\\\/wp-content\\\/uploads\\\/2025\\\/10\\\/Jeri-2.png\",\"keywords\":[\"Estado de Emergencia\",\"Lima y Callao\",\"Seguridad\"],\"articleSection\":[\"Actualidad\",\"Nacional\",\"Sociedad\",\"Tendencia\"],\"inLanguage\":\"es-PE\",\"potentialAction\":[{\"@type\":\"CommentAction\",\"name\":\"Comment\",\"target\":[\"https:\\\/\\\/pulso27.com\\\/actualidad\\\/gobierno-de-jose-jeri-activa-estado-de-emergencia-contra-la-criminalidad-en-lima-y-callao\\\/#respond\"]}]},{\"@type\":\"WebPage\",\"@id\":\"https:\\\/\\\/pulso27.com\\\/actualidad\\\/gobierno-de-jose-jeri-activa-estado-de-emergencia-contra-la-criminalidad-en-lima-y-callao\\\/\",\"url\":\"https:\\\/\\\/pulso27.com\\\/actualidad\\\/gobierno-de-jose-jeri-activa-estado-de-emergencia-contra-la-criminalidad-en-lima-y-callao\\\/\",\"name\":\"Gobierno de Jos\u00e9 Jer\u00ed activa estado de emergencia contra la criminalidad en Lima y Callao - Pulso27\",\"isPartOf\":{\"@id\":\"https:\\\/\\\/pulso27.com\\\/en\\\/#website\"},\"primaryImageOfPage\":{\"@id\":\"https:\\\/\\\/pulso27.com\\\/actualidad\\\/gobierno-de-jose-jeri-activa-estado-de-emergencia-contra-la-criminalidad-en-lima-y-callao\\\/#primaryimage\"},\"image\":{\"@id\":\"https:\\\/\\\/pulso27.com\\\/actualidad\\\/gobierno-de-jose-jeri-activa-estado-de-emergencia-contra-la-criminalidad-en-lima-y-callao\\\/#primaryimage\"},\"thumbnailUrl\":\"https:\\\/\\\/pulso27.com\\\/wp-content\\\/uploads\\\/2025\\\/10\\\/Jeri-2.png\",\"datePublished\":\"2025-10-22T03:18:09+00:00\",\"dateModified\":\"2025-10-22T03:18:14+00:00\",\"breadcrumb\":{\"@id\":\"https:\\\/\\\/pulso27.com\\\/actualidad\\\/gobierno-de-jose-jeri-activa-estado-de-emergencia-contra-la-criminalidad-en-lima-y-callao\\\/#breadcrumb\"},\"inLanguage\":\"es-PE\",\"potentialAction\":[{\"@type\":\"ReadAction\",\"target\":[\"https:\\\/\\\/pulso27.com\\\/actualidad\\\/gobierno-de-jose-jeri-activa-estado-de-emergencia-contra-la-criminalidad-en-lima-y-callao\\\/\"]}]},{\"@type\":\"ImageObject\",\"inLanguage\":\"es-PE\",\"@id\":\"https:\\\/\\\/pulso27.com\\\/actualidad\\\/gobierno-de-jose-jeri-activa-estado-de-emergencia-contra-la-criminalidad-en-lima-y-callao\\\/#primaryimage\",\"url\":\"https:\\\/\\\/pulso27.com\\\/wp-content\\\/uploads\\\/2025\\\/10\\\/Jeri-2.png\",\"contentUrl\":\"https:\\\/\\\/pulso27.com\\\/wp-content\\\/uploads\\\/2025\\\/10\\\/Jeri-2.png\",\"width\":1280,\"height\":800},{\"@type\":\"BreadcrumbList\",\"@id\":\"https:\\\/\\\/pulso27.com\\\/actualidad\\\/gobierno-de-jose-jeri-activa-estado-de-emergencia-contra-la-criminalidad-en-lima-y-callao\\\/#breadcrumb\",\"itemListElement\":[{\"@type\":\"ListItem\",\"position\":1,\"name\":\"Portada\",\"item\":\"https:\\\/\\\/pulso27.com\\\/\"},{\"@type\":\"ListItem\",\"position\":2,\"name\":\"Gobierno de Jos\u00e9 Jer\u00ed activa estado de emergencia contra la criminalidad en Lima y Callao\"}]},{\"@type\":\"WebSite\",\"@id\":\"https:\\\/\\\/pulso27.com\\\/en\\\/#website\",\"url\":\"https:\\\/\\\/pulso27.com\\\/en\\\/\",\"name\":\"Pulso27\",\"description\":\"Web de noticias y publicidad\",\"publisher\":{\"@id\":\"https:\\\/\\\/pulso27.com\\\/en\\\/#organization\"},\"alternateName\":\"El pulso del pueblo\",\"potentialAction\":[{\"@type\":\"SearchAction\",\"target\":{\"@type\":\"EntryPoint\",\"urlTemplate\":\"https:\\\/\\\/pulso27.com\\\/en\\\/?s={search_term_string}\"},\"query-input\":{\"@type\":\"PropertyValueSpecification\",\"valueRequired\":true,\"valueName\":\"search_term_string\"}}],\"inLanguage\":\"es-PE\"},{\"@type\":\"Organization\",\"@id\":\"https:\\\/\\\/pulso27.com\\\/en\\\/#organization\",\"name\":\"Pulso27\",\"url\":\"https:\\\/\\\/pulso27.com\\\/en\\\/\",\"logo\":{\"@type\":\"ImageObject\",\"inLanguage\":\"es-PE\",\"@id\":\"https:\\\/\\\/pulso27.com\\\/en\\\/#\\\/schema\\\/logo\\\/image\\\/\",\"url\":\"https:\\\/\\\/pulso27.com\\\/wp-content\\\/uploads\\\/2026\\\/02\\\/Logotipo-de-la-organizacion-696-x-696-px-ok.png\",\"contentUrl\":\"https:\\\/\\\/pulso27.com\\\/wp-content\\\/uploads\\\/2026\\\/02\\\/Logotipo-de-la-organizacion-696-x-696-px-ok.png\",\"width\":696,\"height\":696,\"caption\":\"Pulso27\"},\"image\":{\"@id\":\"https:\\\/\\\/pulso27.com\\\/en\\\/#\\\/schema\\\/logo\\\/image\\\/\"},\"sameAs\":[\"https:\\\/\\\/www.facebook.com\\\/pulso27\\\/\",\"https:\\\/\\\/x.com\\\/Pulso_27\",\"https:\\\/\\\/www.youtube.com\\\/@Pulso27\",\"https:\\\/\\\/www.tiktok.com\\\/@pulso_27\"]},{\"@type\":\"Person\",\"@id\":\"https:\\\/\\\/pulso27.com\\\/en\\\/#\\\/schema\\\/person\\\/bf5ee161e6c87f6c7d57f5e689ef8526\",\"name\":\"Redactor\",\"image\":{\"@type\":\"ImageObject\",\"inLanguage\":\"es-PE\",\"@id\":\"https:\\\/\\\/pulso27.com\\\/wp-content\\\/uploads\\\/2025\\\/03\\\/a-150x150.png\",\"url\":\"https:\\\/\\\/pulso27.com\\\/wp-content\\\/uploads\\\/2025\\\/03\\\/a-150x150.png\",\"contentUrl\":\"https:\\\/\\\/pulso27.com\\\/wp-content\\\/uploads\\\/2025\\\/03\\\/a-150x150.png\",\"caption\":\"Redactor\"},\"sameAs\":[\"http:\\\/\\\/www.pulso27.com\"],\"url\":\"https:\\\/\\\/pulso27.com\\\/es\\\/author\\\/redactor\\\/\"}]}<\/script>\n<!-- \/ Yoast SEO plugin. -->","yoast_head_json":{"title":"Gobierno de Jos\u00e9 Jer\u00ed activa estado de emergencia contra la criminalidad en Lima y Callao - Pulso27","robots":{"index":"index","follow":"follow","max-snippet":"max-snippet:-1","max-image-preview":"max-image-preview:large","max-video-preview":"max-video-preview:-1"},"canonical":"https:\/\/pulso27.com\/es\/actualidad\/gobierno-de-jose-jeri-activa-estado-de-emergencia-contra-la-criminalidad-en-lima-y-callao\/","og_locale":"es_ES","og_type":"article","og_title":"Gobierno de Jos\u00e9 Jer\u00ed activa estado de emergencia contra la criminalidad en Lima y Callao - Pulso27","og_description":"Lima, 21 de octubre de 2025 \u2013 En un breve pero impactante mensaje a la Naci\u00f3n, el presidente Jos\u00e9 Jer\u00ed anunci\u00f3 esta noche la declaratoria de estado de emergencia en Lima Metropolitana y la Provincia Constitucional del Callao, efectiva desde la medianoche de hoy. La medida, formalizada mediante el Decreto Supremo N\u00b0 124-2025-PCM y aprobada [&hellip;]","og_url":"https:\/\/pulso27.com\/es\/actualidad\/gobierno-de-jose-jeri-activa-estado-de-emergencia-contra-la-criminalidad-en-lima-y-callao\/","og_site_name":"Pulso27","article_publisher":"https:\/\/www.facebook.com\/pulso27\/","article_published_time":"2025-10-22T03:18:09+00:00","article_modified_time":"2025-10-22T03:18:14+00:00","og_image":[{"width":1280,"height":800,"url":"https:\/\/pulso27.com\/wp-content\/uploads\/2025\/10\/Jeri-2.png","type":"image\/png"}],"author":"Redactor","twitter_card":"summary_large_image","twitter_creator":"@Pulso_27","twitter_site":"@Pulso_27","twitter_misc":{"Written by":"Redactor","Est. reading time":"2 minutos"},"schema":{"@context":"https:\/\/schema.org","@graph":[{"@type":"Article","@id":"https:\/\/pulso27.com\/actualidad\/gobierno-de-jose-jeri-activa-estado-de-emergencia-contra-la-criminalidad-en-lima-y-callao\/#article","isPartOf":{"@id":"https:\/\/pulso27.com\/actualidad\/gobierno-de-jose-jeri-activa-estado-de-emergencia-contra-la-criminalidad-en-lima-y-callao\/"},"author":{"name":"Redactor","@id":"https:\/\/pulso27.com\/en\/#\/schema\/person\/bf5ee161e6c87f6c7d57f5e689ef8526"},"headline":"Gobierno de Jos\u00e9 Jer\u00ed activa estado de emergencia contra la criminalidad en Lima y Callao","datePublished":"2025-10-22T03:18:09+00:00","dateModified":"2025-10-22T03:18:14+00:00","mainEntityOfPage":{"@id":"https:\/\/pulso27.com\/actualidad\/gobierno-de-jose-jeri-activa-estado-de-emergencia-contra-la-criminalidad-en-lima-y-callao\/"},"wordCount":414,"commentCount":0,"publisher":{"@id":"https:\/\/pulso27.com\/en\/#organization"},"image":{"@id":"https:\/\/pulso27.com\/actualidad\/gobierno-de-jose-jeri-activa-estado-de-emergencia-contra-la-criminalidad-en-lima-y-callao\/#primaryimage"},"thumbnailUrl":"https:\/\/pulso27.com\/wp-content\/uploads\/2025\/10\/Jeri-2.png","keywords":["Estado de Emergencia","Lima y Callao","Seguridad"],"articleSection":["Actualidad","Nacional","Sociedad","Tendencia"],"inLanguage":"es-PE","potentialAction":[{"@type":"CommentAction","name":"Comment","target":["https:\/\/pulso27.com\/actualidad\/gobierno-de-jose-jeri-activa-estado-de-emergencia-contra-la-criminalidad-en-lima-y-callao\/#respond"]}]},{"@type":"WebPage","@id":"https:\/\/pulso27.com\/actualidad\/gobierno-de-jose-jeri-activa-estado-de-emergencia-contra-la-criminalidad-en-lima-y-callao\/","url":"https:\/\/pulso27.com\/actualidad\/gobierno-de-jose-jeri-activa-estado-de-emergencia-contra-la-criminalidad-en-lima-y-callao\/","name":"Gobierno de Jos\u00e9 Jer\u00ed activa estado de emergencia contra la criminalidad en Lima y Callao - Pulso27","isPartOf":{"@id":"https:\/\/pulso27.com\/en\/#website"},"primaryImageOfPage":{"@id":"https:\/\/pulso27.com\/actualidad\/gobierno-de-jose-jeri-activa-estado-de-emergencia-contra-la-criminalidad-en-lima-y-callao\/#primaryimage"},"image":{"@id":"https:\/\/pulso27.com\/actualidad\/gobierno-de-jose-jeri-activa-estado-de-emergencia-contra-la-criminalidad-en-lima-y-callao\/#primaryimage"},"thumbnailUrl":"https:\/\/pulso27.com\/wp-content\/uploads\/2025\/10\/Jeri-2.png","datePublished":"2025-10-22T03:18:09+00:00","dateModified":"2025-10-22T03:18:14+00:00","breadcrumb":{"@id":"https:\/\/pulso27.com\/actualidad\/gobierno-de-jose-jeri-activa-estado-de-emergencia-contra-la-criminalidad-en-lima-y-callao\/#breadcrumb"},"inLanguage":"es-PE","potentialAction":[{"@type":"ReadAction","target":["https:\/\/pulso27.com\/actualidad\/gobierno-de-jose-jeri-activa-estado-de-emergencia-contra-la-criminalidad-en-lima-y-callao\/"]}]},{"@type":"ImageObject","inLanguage":"es-PE","@id":"https:\/\/pulso27.com\/actualidad\/gobierno-de-jose-jeri-activa-estado-de-emergencia-contra-la-criminalidad-en-lima-y-callao\/#primaryimage","url":"https:\/\/pulso27.com\/wp-content\/uploads\/2025\/10\/Jeri-2.png","contentUrl":"https:\/\/pulso27.com\/wp-content\/uploads\/2025\/10\/Jeri-2.png","width":1280,"height":800},{"@type":"BreadcrumbList","@id":"https:\/\/pulso27.com\/actualidad\/gobierno-de-jose-jeri-activa-estado-de-emergencia-contra-la-criminalidad-en-lima-y-callao\/#breadcrumb","itemListElement":[{"@type":"ListItem","position":1,"name":"Portada","item":"https:\/\/pulso27.com\/"},{"@type":"ListItem","position":2,"name":"Gobierno de Jos\u00e9 Jer\u00ed activa estado de emergencia contra la criminalidad en Lima y Callao"}]},{"@type":"WebSite","@id":"https:\/\/pulso27.com\/en\/#website","url":"https:\/\/pulso27.com\/en\/","name":"Pulso27","description":"Web de noticias y publicidad","publisher":{"@id":"https:\/\/pulso27.com\/en\/#organization"},"alternateName":"El pulso del pueblo","potentialAction":[{"@type":"SearchAction","target":{"@type":"EntryPoint","urlTemplate":"https:\/\/pulso27.com\/en\/?s={search_term_string}"},"query-input":{"@type":"PropertyValueSpecification","valueRequired":true,"valueName":"search_term_string"}}],"inLanguage":"es-PE"},{"@type":"Organization","@id":"https:\/\/pulso27.com\/en\/#organization","name":"Pulso27","url":"https:\/\/pulso27.com\/en\/","logo":{"@type":"ImageObject","inLanguage":"es-PE","@id":"https:\/\/pulso27.com\/en\/#\/schema\/logo\/image\/","url":"https:\/\/pulso27.com\/wp-content\/uploads\/2026\/02\/Logotipo-de-la-organizacion-696-x-696-px-ok.png","contentUrl":"https:\/\/pulso27.com\/wp-content\/uploads\/2026\/02\/Logotipo-de-la-organizacion-696-x-696-px-ok.png","width":696,"height":696,"caption":"Pulso27"},"image":{"@id":"https:\/\/pulso27.com\/en\/#\/schema\/logo\/image\/"},"sameAs":["https:\/\/www.facebook.com\/pulso27\/","https:\/\/x.com\/Pulso_27","https:\/\/www.youtube.com\/@Pulso27","https:\/\/www.tiktok.com\/@pulso_27"]},{"@type":"Person","@id":"https:\/\/pulso27.com\/en\/#\/schema\/person\/bf5ee161e6c87f6c7d57f5e689ef8526","name":"Redactor","image":{"@type":"ImageObject","inLanguage":"es-PE","@id":"https:\/\/pulso27.com\/wp-content\/uploads\/2025\/03\/a-150x150.png","url":"https:\/\/pulso27.com\/wp-content\/uploads\/2025\/03\/a-150x150.png","contentUrl":"https:\/\/pulso27.com\/wp-content\/uploads\/2025\/03\/a-150x150.png","caption":"Redactor"},"sameAs":["http:\/\/www.pulso27.com"],"url":"https:\/\/pulso27.com\/es\/author\/redactor\/"}]}},"amp_enabled":true,"_links":{"self":[{"href":"https:\/\/pulso27.com\/es\/wp-json\/wp\/v2\/posts\/6575","targetHints":{"allow":["GET"]}}],"collection":[{"href":"https:\/\/pulso27.com\/es\/wp-json\/wp\/v2\/posts"}],"about":[{"href":"https:\/\/pulso27.com\/es\/wp-json\/wp\/v2\/types\/post"}],"author":[{"embeddable":true,"href":"https:\/\/pulso27.com\/es\/wp-json\/wp\/v2\/users\/13"}],"replies":[{"embeddable":true,"href":"https:\/\/pulso27.com\/es\/wp-json\/wp\/v2\/comments?post=6575"}],"version-history":[{"count":1,"href":"https:\/\/pulso27.com\/es\/wp-json\/wp\/v2\/posts\/6575\/revisions"}],"predecessor-version":[{"id":6580,"href":"https:\/\/pulso27.com\/es\/wp-json\/wp\/v2\/posts\/6575\/revisions\/6580"}],"wp:featuredmedia":[{"embeddable":true,"href":"https:\/\/pulso27.com\/es\/wp-json\/wp\/v2\/media\/6576"}],"wp:attachment":[{"href":"https:\/\/pulso27.com\/es\/wp-json\/wp\/v2\/media?parent=6575"}],"wp:term":[{"taxonomy":"category","embeddable":true,"href":"https:\/\/pulso27.com\/es\/wp-json\/wp\/v2\/categories?post=6575"},{"taxonomy":"post_tag","embeddable":true,"href":"https:\/\/pulso27.com\/es\/wp-json\/wp\/v2\/tags?post=6575"}],"curies":[{"name":"wp","href":"https:\/\/api.w.org\/{rel}","templated":true}]}}