{"id":6581,"date":"2025-10-22T09:25:25","date_gmt":"2025-10-22T04:25:25","guid":{"rendered":"https:\/\/pulso27.com\/?p=6581"},"modified":"2025-10-22T09:25:29","modified_gmt":"2025-10-22T04:25:29","slug":"fernando-rospigliosi-tilda-de-terruco-al-artista-asesinado-en-protestas-contra-regimen-de-jose-jeri","status":"publish","type":"post","link":"https:\/\/pulso27.com\/es\/actualidad\/fernando-rospigliosi-tilda-de-terruco-al-artista-asesinado-en-protestas-contra-regimen-de-jose-jeri\/","title":{"rendered":"Fernando Rospigliosi tilda de \u00abterruco\u00bb al artista asesinado en protestas contra r\u00e9gimen de Jos\u00e9 Jer\u00ed"},"content":{"rendered":"\n<p>Lima, 21 de octubre de 2025 \u2013 El presidente del Congreso, Fernando Rospigliosi (Fuerza Popular), desat\u00f3 una ola de indignaci\u00f3n al referirse al m\u00fasico urbano Eduardo Mauricio Ruiz S\u00e1enz, conocido art\u00edsticamente como \u00abTrvko\u00bb, como \u00abterruco\u00bb durante una conferencia de prensa este lunes. La declaraci\u00f3n, pronunciada en el contexto de las protestas del 15 de octubre contra el gobierno interino de Jos\u00e9 Jer\u00ed y el aumento de la inseguridad, ha sido interpretada como un claro ejemplo de terruqueo, la pr\u00e1ctica de estigmatizar a opositores asoci\u00e1ndolos falsamente con el terrorismo de los a\u00f1os 80 y 90. Rospigliosi, pese a ser corregido por periodistas que aclararon el nombre art\u00edstico del fallecido, insisti\u00f3 en su versi\u00f3n, argumentando que el apodo implicaba una connotaci\u00f3n subversiva, y lament\u00f3 la muerte solo \u00aba menos que no hubieran habido ataques a la polic\u00eda\u00bb.<\/p>\n\n\n\n<p>El incidente remite directamente a la tragedia ocurrida en la Plaza Francia, en el centro de Lima, donde Ruiz S\u00e1enz, de 32 a\u00f1os y padre de familia, perdi\u00f3 la vida tras recibir un impacto de bala en el t\u00f3rax durante los enfrentamientos entre manifestantes de la Generaci\u00f3n Z y agentes de la Polic\u00eda Nacional (PNP). La movilizaci\u00f3n, inicialmente pac\u00edfica y convocada contra la corrupci\u00f3n y la impunidad, escal\u00f3 en violencia con el uso de gases lacrim\u00f3genos y perdigones, dejando m\u00e1s de 100 heridos \u2013incluidos 78 polic\u00edas\u2013 y una decena de detenidos. La Tercera Fiscal\u00eda Supraprovincial Especializada en Derechos Humanos confirm\u00f3 que el disparo provino del suboficial Luis Magallanes, de la Dirincri, quien enfrenta detenci\u00f3n preliminar por homicidio calificado. Testigos oculares se\u00f1alan que Magallanes actuaba como \u00abterna\u00bb \u2013polic\u00eda encubierto\u2013 y abri\u00f3 fuego al ser descubierto, un hecho que ha intensificado las demandas de justicia y reformas policiales.<\/p>\n\n\n\n<p>La respuesta no se hizo esperar: el padre de la v\u00edctima, Roger Ruiz, confront\u00f3 p\u00fablicamente a Rospigliosi en una rueda de prensa, exigiendo una retractaci\u00f3n y pruebas concretas. \u00abMi hijo no es terruco, es un joven que sali\u00f3 a protestar por un pa\u00eds mejor. Lo quiero ver a los ojos para dec\u00edrselo\u00bb, declar\u00f3 con voz entrecortada, anunciando posibles acciones legales por calumnia y difamaci\u00f3n, respaldadas por el penalista James Rodr\u00edguez. Figuras como el cineasta Joel Calero repudiaron el discurso del legislador fujimorista, calific\u00e1ndolo de \u00abmiserable\u00bb y estigmatizador, mientras que un mural en honor a \u00abTrvko\u00bb en Cusco fue vandalizado, borrando su rostro y la frase \u00abla Polic\u00eda lo mat\u00f3\u00bb. En un pa\u00eds herido por m\u00e1s de 50 muertes en protestas previas, este episodio reaviva el debate sobre el uso del terruqueo para justificar la represi\u00f3n, con llamados a organismos internacionales para investigar y frenar esta t\u00e1ctica divisoria.<\/p>\n","protected":false},"excerpt":{"rendered":"<p>Lima, 21 de octubre de 2025 \u2013 El presidente del Congreso, Fernando Rospigliosi (Fuerza Popular), desat\u00f3 una ola de indignaci\u00f3n al referirse al m\u00fasico urbano Eduardo Mauricio Ruiz S\u00e1enz, conocido art\u00edsticamente como \u00abTrvko\u00bb, como \u00abterruco\u00bb durante una conferencia de prensa este lunes. La declaraci\u00f3n, pronunciada en el contexto de las protestas del 15 de octubre [&hellip;]<\/p>\n","protected":false},"author":7,"featured_media":6582,"comment_status":"open","ping_status":"open","sticky":false,"template":"","format":"standard","meta":{"footnotes":""},"categories":[183,174,178],"tags":[2556,2557,2554],"class_list":["post-6581","post","type-post","status-publish","format-standard","has-post-thumbnail","hentry","category-actualidad","category-nacional","category-policial","tag-fernando-rospigliosi","tag-terruqueo","tag-trvko"],"yoast_head":"<!-- This site is optimized with the Yoast SEO plugin v27.4 - https:\/\/yoast.com\/product\/yoast-seo-wordpress\/ -->\n<title>Fernando Rospigliosi tilda de &quot;terruco&quot; al artista asesinado en protestas contra r\u00e9gimen de Jos\u00e9 Jer\u00ed - Pulso27<\/title>\n<meta name=\"robots\" content=\"index, follow, max-snippet:-1, max-image-preview:large, max-video-preview:-1\" \/>\n<link rel=\"canonical\" href=\"https:\/\/pulso27.com\/es\/actualidad\/fernando-rospigliosi-tilda-de-terruco-al-artista-asesinado-en-protestas-contra-regimen-de-jose-jeri\/\" \/>\n<meta property=\"og:locale\" content=\"es_ES\" \/>\n<meta property=\"og:type\" content=\"article\" \/>\n<meta property=\"og:title\" content=\"Fernando Rospigliosi tilda de &quot;terruco&quot; al artista asesinado en protestas contra r\u00e9gimen de Jos\u00e9 Jer\u00ed - Pulso27\" \/>\n<meta property=\"og:description\" content=\"Lima, 21 de octubre de 2025 \u2013 El presidente del Congreso, Fernando Rospigliosi (Fuerza Popular), desat\u00f3 una ola de indignaci\u00f3n al referirse al m\u00fasico urbano Eduardo Mauricio Ruiz S\u00e1enz, conocido art\u00edsticamente como \u00abTrvko\u00bb, como \u00abterruco\u00bb durante una conferencia de prensa este lunes. La declaraci\u00f3n, pronunciada en el contexto de las protestas del 15 de octubre [&hellip;]\" \/>\n<meta property=\"og:url\" content=\"https:\/\/pulso27.com\/es\/actualidad\/fernando-rospigliosi-tilda-de-terruco-al-artista-asesinado-en-protestas-contra-regimen-de-jose-jeri\/\" \/>\n<meta property=\"og:site_name\" content=\"Pulso27\" \/>\n<meta property=\"article:publisher\" content=\"https:\/\/www.facebook.com\/pulso27\/\" \/>\n<meta property=\"article:published_time\" content=\"2025-10-22T04:25:25+00:00\" \/>\n<meta property=\"article:modified_time\" content=\"2025-10-22T04:25:29+00:00\" \/>\n<meta property=\"og:image\" content=\"https:\/\/pulso27.com\/wp-content\/uploads\/2025\/10\/Rospligliosi.png\" \/>\n\t<meta property=\"og:image:width\" content=\"1280\" \/>\n\t<meta property=\"og:image:height\" content=\"800\" \/>\n\t<meta property=\"og:image:type\" content=\"image\/png\" \/>\n<meta name=\"author\" content=\"Tupaq\" \/>\n<meta name=\"twitter:card\" content=\"summary_large_image\" \/>\n<meta name=\"twitter:creator\" content=\"@Pulso_27\" \/>\n<meta name=\"twitter:site\" content=\"@Pulso_27\" \/>\n<meta name=\"twitter:label1\" content=\"Written by\" \/>\n\t<meta name=\"twitter:data1\" content=\"Tupaq\" \/>\n\t<meta name=\"twitter:label2\" content=\"Est. reading time\" \/>\n\t<meta name=\"twitter:data2\" content=\"3 minutos\" \/>\n<script type=\"application\/ld+json\" class=\"yoast-schema-graph\">{\"@context\":\"https:\\\/\\\/schema.org\",\"@graph\":[{\"@type\":\"Article\",\"@id\":\"https:\\\/\\\/pulso27.com\\\/actualidad\\\/fernando-rospigliosi-tilda-de-terruco-al-artista-asesinado-en-protestas-contra-regimen-de-jose-jeri\\\/#article\",\"isPartOf\":{\"@id\":\"https:\\\/\\\/pulso27.com\\\/actualidad\\\/fernando-rospigliosi-tilda-de-terruco-al-artista-asesinado-en-protestas-contra-regimen-de-jose-jeri\\\/\"},\"author\":{\"name\":\"Tupaq\",\"@id\":\"https:\\\/\\\/pulso27.com\\\/en\\\/#\\\/schema\\\/person\\\/d20fd7f5bc7f2e53fd150d43fca07a78\"},\"headline\":\"Fernando Rospigliosi tilda de \u00abterruco\u00bb al artista asesinado en protestas contra r\u00e9gimen de Jos\u00e9 Jer\u00ed\",\"datePublished\":\"2025-10-22T04:25:25+00:00\",\"dateModified\":\"2025-10-22T04:25:29+00:00\",\"mainEntityOfPage\":{\"@id\":\"https:\\\/\\\/pulso27.com\\\/actualidad\\\/fernando-rospigliosi-tilda-de-terruco-al-artista-asesinado-en-protestas-contra-regimen-de-jose-jeri\\\/\"},\"wordCount\":474,\"commentCount\":0,\"publisher\":{\"@id\":\"https:\\\/\\\/pulso27.com\\\/en\\\/#organization\"},\"image\":{\"@id\":\"https:\\\/\\\/pulso27.com\\\/actualidad\\\/fernando-rospigliosi-tilda-de-terruco-al-artista-asesinado-en-protestas-contra-regimen-de-jose-jeri\\\/#primaryimage\"},\"thumbnailUrl\":\"https:\\\/\\\/pulso27.com\\\/wp-content\\\/uploads\\\/2025\\\/10\\\/Rospligliosi.png\",\"keywords\":[\"Fernando Rospigliosi\",\"Terruqueo\",\"Trvko\"],\"articleSection\":[\"Actualidad\",\"Nacional\",\"Policial\"],\"inLanguage\":\"es-PE\",\"potentialAction\":[{\"@type\":\"CommentAction\",\"name\":\"Comment\",\"target\":[\"https:\\\/\\\/pulso27.com\\\/actualidad\\\/fernando-rospigliosi-tilda-de-terruco-al-artista-asesinado-en-protestas-contra-regimen-de-jose-jeri\\\/#respond\"]}]},{\"@type\":\"WebPage\",\"@id\":\"https:\\\/\\\/pulso27.com\\\/actualidad\\\/fernando-rospigliosi-tilda-de-terruco-al-artista-asesinado-en-protestas-contra-regimen-de-jose-jeri\\\/\",\"url\":\"https:\\\/\\\/pulso27.com\\\/actualidad\\\/fernando-rospigliosi-tilda-de-terruco-al-artista-asesinado-en-protestas-contra-regimen-de-jose-jeri\\\/\",\"name\":\"Fernando Rospigliosi tilda de \\\"terruco\\\" al artista asesinado en protestas contra r\u00e9gimen de Jos\u00e9 Jer\u00ed - Pulso27\",\"isPartOf\":{\"@id\":\"https:\\\/\\\/pulso27.com\\\/en\\\/#website\"},\"primaryImageOfPage\":{\"@id\":\"https:\\\/\\\/pulso27.com\\\/actualidad\\\/fernando-rospigliosi-tilda-de-terruco-al-artista-asesinado-en-protestas-contra-regimen-de-jose-jeri\\\/#primaryimage\"},\"image\":{\"@id\":\"https:\\\/\\\/pulso27.com\\\/actualidad\\\/fernando-rospigliosi-tilda-de-terruco-al-artista-asesinado-en-protestas-contra-regimen-de-jose-jeri\\\/#primaryimage\"},\"thumbnailUrl\":\"https:\\\/\\\/pulso27.com\\\/wp-content\\\/uploads\\\/2025\\\/10\\\/Rospligliosi.png\",\"datePublished\":\"2025-10-22T04:25:25+00:00\",\"dateModified\":\"2025-10-22T04:25:29+00:00\",\"breadcrumb\":{\"@id\":\"https:\\\/\\\/pulso27.com\\\/actualidad\\\/fernando-rospigliosi-tilda-de-terruco-al-artista-asesinado-en-protestas-contra-regimen-de-jose-jeri\\\/#breadcrumb\"},\"inLanguage\":\"es-PE\",\"potentialAction\":[{\"@type\":\"ReadAction\",\"target\":[\"https:\\\/\\\/pulso27.com\\\/actualidad\\\/fernando-rospigliosi-tilda-de-terruco-al-artista-asesinado-en-protestas-contra-regimen-de-jose-jeri\\\/\"]}]},{\"@type\":\"ImageObject\",\"inLanguage\":\"es-PE\",\"@id\":\"https:\\\/\\\/pulso27.com\\\/actualidad\\\/fernando-rospigliosi-tilda-de-terruco-al-artista-asesinado-en-protestas-contra-regimen-de-jose-jeri\\\/#primaryimage\",\"url\":\"https:\\\/\\\/pulso27.com\\\/wp-content\\\/uploads\\\/2025\\\/10\\\/Rospligliosi.png\",\"contentUrl\":\"https:\\\/\\\/pulso27.com\\\/wp-content\\\/uploads\\\/2025\\\/10\\\/Rospligliosi.png\",\"width\":1280,\"height\":800},{\"@type\":\"BreadcrumbList\",\"@id\":\"https:\\\/\\\/pulso27.com\\\/actualidad\\\/fernando-rospigliosi-tilda-de-terruco-al-artista-asesinado-en-protestas-contra-regimen-de-jose-jeri\\\/#breadcrumb\",\"itemListElement\":[{\"@type\":\"ListItem\",\"position\":1,\"name\":\"Portada\",\"item\":\"https:\\\/\\\/pulso27.com\\\/\"},{\"@type\":\"ListItem\",\"position\":2,\"name\":\"Fernando Rospigliosi tilda de \u00abterruco\u00bb al artista asesinado en protestas contra r\u00e9gimen de Jos\u00e9 Jer\u00ed\"}]},{\"@type\":\"WebSite\",\"@id\":\"https:\\\/\\\/pulso27.com\\\/en\\\/#website\",\"url\":\"https:\\\/\\\/pulso27.com\\\/en\\\/\",\"name\":\"Pulso27\",\"description\":\"Web de noticias y publicidad\",\"publisher\":{\"@id\":\"https:\\\/\\\/pulso27.com\\\/en\\\/#organization\"},\"alternateName\":\"El pulso del pueblo\",\"potentialAction\":[{\"@type\":\"SearchAction\",\"target\":{\"@type\":\"EntryPoint\",\"urlTemplate\":\"https:\\\/\\\/pulso27.com\\\/en\\\/?s={search_term_string}\"},\"query-input\":{\"@type\":\"PropertyValueSpecification\",\"valueRequired\":true,\"valueName\":\"search_term_string\"}}],\"inLanguage\":\"es-PE\"},{\"@type\":\"Organization\",\"@id\":\"https:\\\/\\\/pulso27.com\\\/en\\\/#organization\",\"name\":\"Pulso27\",\"url\":\"https:\\\/\\\/pulso27.com\\\/en\\\/\",\"logo\":{\"@type\":\"ImageObject\",\"inLanguage\":\"es-PE\",\"@id\":\"https:\\\/\\\/pulso27.com\\\/en\\\/#\\\/schema\\\/logo\\\/image\\\/\",\"url\":\"https:\\\/\\\/pulso27.com\\\/wp-content\\\/uploads\\\/2026\\\/02\\\/Logotipo-de-la-organizacion-696-x-696-px-ok.png\",\"contentUrl\":\"https:\\\/\\\/pulso27.com\\\/wp-content\\\/uploads\\\/2026\\\/02\\\/Logotipo-de-la-organizacion-696-x-696-px-ok.png\",\"width\":696,\"height\":696,\"caption\":\"Pulso27\"},\"image\":{\"@id\":\"https:\\\/\\\/pulso27.com\\\/en\\\/#\\\/schema\\\/logo\\\/image\\\/\"},\"sameAs\":[\"https:\\\/\\\/www.facebook.com\\\/pulso27\\\/\",\"https:\\\/\\\/x.com\\\/Pulso_27\",\"https:\\\/\\\/www.youtube.com\\\/@Pulso27\",\"https:\\\/\\\/www.tiktok.com\\\/@pulso_27\"]},{\"@type\":\"Person\",\"@id\":\"https:\\\/\\\/pulso27.com\\\/en\\\/#\\\/schema\\\/person\\\/d20fd7f5bc7f2e53fd150d43fca07a78\",\"name\":\"Tupaq\",\"image\":{\"@type\":\"ImageObject\",\"inLanguage\":\"es-PE\",\"@id\":\"https:\\\/\\\/secure.gravatar.com\\\/avatar\\\/7929e9b034aeea560319a601e4f04c59eb5f45a79eafe192adabb67e9604e7e7?s=96&d=mm&r=g\",\"url\":\"https:\\\/\\\/secure.gravatar.com\\\/avatar\\\/7929e9b034aeea560319a601e4f04c59eb5f45a79eafe192adabb67e9604e7e7?s=96&d=mm&r=g\",\"contentUrl\":\"https:\\\/\\\/secure.gravatar.com\\\/avatar\\\/7929e9b034aeea560319a601e4f04c59eb5f45a79eafe192adabb67e9604e7e7?s=96&d=mm&r=g\",\"caption\":\"Tupaq\"},\"url\":\"https:\\\/\\\/pulso27.com\\\/es\\\/author\\\/tupaq\\\/\"}]}<\/script>\n<!-- \/ Yoast SEO plugin. -->","yoast_head_json":{"title":"Fernando Rospigliosi tilda de \"terruco\" al artista asesinado en protestas contra r\u00e9gimen de Jos\u00e9 Jer\u00ed - Pulso27","robots":{"index":"index","follow":"follow","max-snippet":"max-snippet:-1","max-image-preview":"max-image-preview:large","max-video-preview":"max-video-preview:-1"},"canonical":"https:\/\/pulso27.com\/es\/actualidad\/fernando-rospigliosi-tilda-de-terruco-al-artista-asesinado-en-protestas-contra-regimen-de-jose-jeri\/","og_locale":"es_ES","og_type":"article","og_title":"Fernando Rospigliosi tilda de \"terruco\" al artista asesinado en protestas contra r\u00e9gimen de Jos\u00e9 Jer\u00ed - Pulso27","og_description":"Lima, 21 de octubre de 2025 \u2013 El presidente del Congreso, Fernando Rospigliosi (Fuerza Popular), desat\u00f3 una ola de indignaci\u00f3n al referirse al m\u00fasico urbano Eduardo Mauricio Ruiz S\u00e1enz, conocido art\u00edsticamente como \u00abTrvko\u00bb, como \u00abterruco\u00bb durante una conferencia de prensa este lunes. La declaraci\u00f3n, pronunciada en el contexto de las protestas del 15 de octubre [&hellip;]","og_url":"https:\/\/pulso27.com\/es\/actualidad\/fernando-rospigliosi-tilda-de-terruco-al-artista-asesinado-en-protestas-contra-regimen-de-jose-jeri\/","og_site_name":"Pulso27","article_publisher":"https:\/\/www.facebook.com\/pulso27\/","article_published_time":"2025-10-22T04:25:25+00:00","article_modified_time":"2025-10-22T04:25:29+00:00","og_image":[{"width":1280,"height":800,"url":"https:\/\/pulso27.com\/wp-content\/uploads\/2025\/10\/Rospligliosi.png","type":"image\/png"}],"author":"Tupaq","twitter_card":"summary_large_image","twitter_creator":"@Pulso_27","twitter_site":"@Pulso_27","twitter_misc":{"Written by":"Tupaq","Est. reading time":"3 minutos"},"schema":{"@context":"https:\/\/schema.org","@graph":[{"@type":"Article","@id":"https:\/\/pulso27.com\/actualidad\/fernando-rospigliosi-tilda-de-terruco-al-artista-asesinado-en-protestas-contra-regimen-de-jose-jeri\/#article","isPartOf":{"@id":"https:\/\/pulso27.com\/actualidad\/fernando-rospigliosi-tilda-de-terruco-al-artista-asesinado-en-protestas-contra-regimen-de-jose-jeri\/"},"author":{"name":"Tupaq","@id":"https:\/\/pulso27.com\/en\/#\/schema\/person\/d20fd7f5bc7f2e53fd150d43fca07a78"},"headline":"Fernando Rospigliosi tilda de \u00abterruco\u00bb al artista asesinado en protestas contra r\u00e9gimen de Jos\u00e9 Jer\u00ed","datePublished":"2025-10-22T04:25:25+00:00","dateModified":"2025-10-22T04:25:29+00:00","mainEntityOfPage":{"@id":"https:\/\/pulso27.com\/actualidad\/fernando-rospigliosi-tilda-de-terruco-al-artista-asesinado-en-protestas-contra-regimen-de-jose-jeri\/"},"wordCount":474,"commentCount":0,"publisher":{"@id":"https:\/\/pulso27.com\/en\/#organization"},"image":{"@id":"https:\/\/pulso27.com\/actualidad\/fernando-rospigliosi-tilda-de-terruco-al-artista-asesinado-en-protestas-contra-regimen-de-jose-jeri\/#primaryimage"},"thumbnailUrl":"https:\/\/pulso27.com\/wp-content\/uploads\/2025\/10\/Rospligliosi.png","keywords":["Fernando Rospigliosi","Terruqueo","Trvko"],"articleSection":["Actualidad","Nacional","Policial"],"inLanguage":"es-PE","potentialAction":[{"@type":"CommentAction","name":"Comment","target":["https:\/\/pulso27.com\/actualidad\/fernando-rospigliosi-tilda-de-terruco-al-artista-asesinado-en-protestas-contra-regimen-de-jose-jeri\/#respond"]}]},{"@type":"WebPage","@id":"https:\/\/pulso27.com\/actualidad\/fernando-rospigliosi-tilda-de-terruco-al-artista-asesinado-en-protestas-contra-regimen-de-jose-jeri\/","url":"https:\/\/pulso27.com\/actualidad\/fernando-rospigliosi-tilda-de-terruco-al-artista-asesinado-en-protestas-contra-regimen-de-jose-jeri\/","name":"Fernando Rospigliosi tilda de \"terruco\" al artista asesinado en protestas contra r\u00e9gimen de Jos\u00e9 Jer\u00ed - Pulso27","isPartOf":{"@id":"https:\/\/pulso27.com\/en\/#website"},"primaryImageOfPage":{"@id":"https:\/\/pulso27.com\/actualidad\/fernando-rospigliosi-tilda-de-terruco-al-artista-asesinado-en-protestas-contra-regimen-de-jose-jeri\/#primaryimage"},"image":{"@id":"https:\/\/pulso27.com\/actualidad\/fernando-rospigliosi-tilda-de-terruco-al-artista-asesinado-en-protestas-contra-regimen-de-jose-jeri\/#primaryimage"},"thumbnailUrl":"https:\/\/pulso27.com\/wp-content\/uploads\/2025\/10\/Rospligliosi.png","datePublished":"2025-10-22T04:25:25+00:00","dateModified":"2025-10-22T04:25:29+00:00","breadcrumb":{"@id":"https:\/\/pulso27.com\/actualidad\/fernando-rospigliosi-tilda-de-terruco-al-artista-asesinado-en-protestas-contra-regimen-de-jose-jeri\/#breadcrumb"},"inLanguage":"es-PE","potentialAction":[{"@type":"ReadAction","target":["https:\/\/pulso27.com\/actualidad\/fernando-rospigliosi-tilda-de-terruco-al-artista-asesinado-en-protestas-contra-regimen-de-jose-jeri\/"]}]},{"@type":"ImageObject","inLanguage":"es-PE","@id":"https:\/\/pulso27.com\/actualidad\/fernando-rospigliosi-tilda-de-terruco-al-artista-asesinado-en-protestas-contra-regimen-de-jose-jeri\/#primaryimage","url":"https:\/\/pulso27.com\/wp-content\/uploads\/2025\/10\/Rospligliosi.png","contentUrl":"https:\/\/pulso27.com\/wp-content\/uploads\/2025\/10\/Rospligliosi.png","width":1280,"height":800},{"@type":"BreadcrumbList","@id":"https:\/\/pulso27.com\/actualidad\/fernando-rospigliosi-tilda-de-terruco-al-artista-asesinado-en-protestas-contra-regimen-de-jose-jeri\/#breadcrumb","itemListElement":[{"@type":"ListItem","position":1,"name":"Portada","item":"https:\/\/pulso27.com\/"},{"@type":"ListItem","position":2,"name":"Fernando Rospigliosi tilda de \u00abterruco\u00bb al artista asesinado en protestas contra r\u00e9gimen de Jos\u00e9 Jer\u00ed"}]},{"@type":"WebSite","@id":"https:\/\/pulso27.com\/en\/#website","url":"https:\/\/pulso27.com\/en\/","name":"Pulso27","description":"Web de noticias y publicidad","publisher":{"@id":"https:\/\/pulso27.com\/en\/#organization"},"alternateName":"El pulso del pueblo","potentialAction":[{"@type":"SearchAction","target":{"@type":"EntryPoint","urlTemplate":"https:\/\/pulso27.com\/en\/?s={search_term_string}"},"query-input":{"@type":"PropertyValueSpecification","valueRequired":true,"valueName":"search_term_string"}}],"inLanguage":"es-PE"},{"@type":"Organization","@id":"https:\/\/pulso27.com\/en\/#organization","name":"Pulso27","url":"https:\/\/pulso27.com\/en\/","logo":{"@type":"ImageObject","inLanguage":"es-PE","@id":"https:\/\/pulso27.com\/en\/#\/schema\/logo\/image\/","url":"https:\/\/pulso27.com\/wp-content\/uploads\/2026\/02\/Logotipo-de-la-organizacion-696-x-696-px-ok.png","contentUrl":"https:\/\/pulso27.com\/wp-content\/uploads\/2026\/02\/Logotipo-de-la-organizacion-696-x-696-px-ok.png","width":696,"height":696,"caption":"Pulso27"},"image":{"@id":"https:\/\/pulso27.com\/en\/#\/schema\/logo\/image\/"},"sameAs":["https:\/\/www.facebook.com\/pulso27\/","https:\/\/x.com\/Pulso_27","https:\/\/www.youtube.com\/@Pulso27","https:\/\/www.tiktok.com\/@pulso_27"]},{"@type":"Person","@id":"https:\/\/pulso27.com\/en\/#\/schema\/person\/d20fd7f5bc7f2e53fd150d43fca07a78","name":"Tupaq","image":{"@type":"ImageObject","inLanguage":"es-PE","@id":"https:\/\/secure.gravatar.com\/avatar\/7929e9b034aeea560319a601e4f04c59eb5f45a79eafe192adabb67e9604e7e7?s=96&d=mm&r=g","url":"https:\/\/secure.gravatar.com\/avatar\/7929e9b034aeea560319a601e4f04c59eb5f45a79eafe192adabb67e9604e7e7?s=96&d=mm&r=g","contentUrl":"https:\/\/secure.gravatar.com\/avatar\/7929e9b034aeea560319a601e4f04c59eb5f45a79eafe192adabb67e9604e7e7?s=96&d=mm&r=g","caption":"Tupaq"},"url":"https:\/\/pulso27.com\/es\/author\/tupaq\/"}]}},"amp_enabled":true,"_links":{"self":[{"href":"https:\/\/pulso27.com\/es\/wp-json\/wp\/v2\/posts\/6581","targetHints":{"allow":["GET"]}}],"collection":[{"href":"https:\/\/pulso27.com\/es\/wp-json\/wp\/v2\/posts"}],"about":[{"href":"https:\/\/pulso27.com\/es\/wp-json\/wp\/v2\/types\/post"}],"author":[{"embeddable":true,"href":"https:\/\/pulso27.com\/es\/wp-json\/wp\/v2\/users\/7"}],"replies":[{"embeddable":true,"href":"https:\/\/pulso27.com\/es\/wp-json\/wp\/v2\/comments?post=6581"}],"version-history":[{"count":1,"href":"https:\/\/pulso27.com\/es\/wp-json\/wp\/v2\/posts\/6581\/revisions"}],"predecessor-version":[{"id":6586,"href":"https:\/\/pulso27.com\/es\/wp-json\/wp\/v2\/posts\/6581\/revisions\/6586"}],"wp:featuredmedia":[{"embeddable":true,"href":"https:\/\/pulso27.com\/es\/wp-json\/wp\/v2\/media\/6582"}],"wp:attachment":[{"href":"https:\/\/pulso27.com\/es\/wp-json\/wp\/v2\/media?parent=6581"}],"wp:term":[{"taxonomy":"category","embeddable":true,"href":"https:\/\/pulso27.com\/es\/wp-json\/wp\/v2\/categories?post=6581"},{"taxonomy":"post_tag","embeddable":true,"href":"https:\/\/pulso27.com\/es\/wp-json\/wp\/v2\/tags?post=6581"}],"curies":[{"name":"wp","href":"https:\/\/api.w.org\/{rel}","templated":true}]}}