{"id":6588,"date":"2025-10-22T09:59:29","date_gmt":"2025-10-22T04:59:29","guid":{"rendered":"https:\/\/pulso27.com\/?p=6588"},"modified":"2025-10-22T09:59:35","modified_gmt":"2025-10-22T04:59:35","slug":"minem-autoriza-explotacion-de-tia-maria-agricultores-del-valle-del-tambo-anuncian-protestas","status":"publish","type":"post","link":"https:\/\/pulso27.com\/es\/actualidad\/ambiente\/minem-autoriza-explotacion-de-tia-maria-agricultores-del-valle-del-tambo-anuncian-protestas\/","title":{"rendered":"MINEM autoriza explotaci\u00f3n de T\u00eda Mar\u00eda: Agricultores del Valle del Tambo anuncian protestas"},"content":{"rendered":"\n<p>Arequipa, 21 de octubre de 2025.- El Ministerio de Energ\u00eda y Minas (MINEM) ha dado luz verde a la explotaci\u00f3n del controvertido proyecto minero T\u00eda Mar\u00eda, impulsado por Southern Copper Corporation, mediante la Resoluci\u00f3n Directoral N.\u00b0 0692-2025-MINEM\/DGM emitida el 13 de octubre. Esta autorizaci\u00f3n permite el inicio de actividades extractivas en el distrito de Cocachacra, provincia de Islay, con una inversi\u00f3n estimada en US$ 1.800 millones y una producci\u00f3n anual de 120 mil toneladas de cobre. Sin embargo, la decisi\u00f3n ha encendido las alarmas entre los agricultores del Valle del Tambo, quienes ven en esta aprobaci\u00f3n una amenaza inminente para su principal sustento: la agricultura. Tras m\u00e1s de 15 a\u00f1os de protestas y paralizaciones, la noticia ha reavivado el fantasma de conflictos sociales que costaron vidas en 2019, centrados en el temor a la contaminaci\u00f3n de los recursos h\u00eddricos esenciales para el cultivo de arroz, ca\u00f1a de az\u00facar y p\u00e1prika.<\/p>\n\n\n\n<p>El Valle del Tambo, conocido como la \u00abhuerta de Arequipa\u00bb, depende casi en su totalidad del r\u00edo Tambo y sus acu\u00edferos aluviales, que aportan hasta el 100% del caudal durante la \u00e9poca de estiaje. Los agricultores denuncian que la proximidad del proyecto \u2014a solo 800 metros de la cuenca del r\u00edo\u2014 podr\u00eda generar una sobreexplotaci\u00f3n y contaminaci\u00f3n del agua, agravando problemas ya existentes por operaciones mineras cercanas como Quellaveco y Aruntani. Estudios independientes y demandas de amparo presentadas en marzo de 2025 destacan riesgos como el aumento de s\u00f3lidos suspendidos, cloruros, ars\u00e9nico y plomo en el agua, lo que limitar\u00eda la productividad agr\u00edcola y pondr\u00eda en jaque la seguridad alimentaria de miles de familias. \u00abNuestra tierra es f\u00e9rtil gracias al agua limpia; si la mina la envenena, perdemos todo\u00bb, advierte Miguel Meza, vocero de los productores locales, quien cuestiona la vigencia del Estudio de Impacto Ambiental (EIA) aprobado en 2014 y caducado desde 2019.<\/p>\n\n\n\n<p>Ante esta autorizaci\u00f3n, las comunidades agr\u00edcolas han convocado asambleas urgentes para definir una \u00abmedida de lucha\u00bb indefinida, incluyendo paros que podr\u00edan interrumpir la cosecha de papa y otros productos clave. Voceros como Roger Chirapo exigen una consulta previa real y la revocaci\u00f3n de la resoluci\u00f3n, argumentando que el proyecto carece de licencia social y viola el derecho a un ambiente sano. Mientras el MINEM insiste en que no hay conexi\u00f3n hidrogeol\u00f3gica entre las minas y el acu\u00edfero del valle, las organizaciones ambientales llaman a una fiscalizaci\u00f3n estricta por parte de OEFA y Senace. El Valle del Tambo, con su producci\u00f3n que abastece mercados regionales y nacionales, se prepara para una batalla que podr\u00eda definir no solo su econom\u00eda, sino el modelo de desarrollo sostenible en el sur del pa\u00eds.<\/p>\n","protected":false},"excerpt":{"rendered":"<p>Arequipa, 21 de octubre de 2025.- El Ministerio de Energ\u00eda y Minas (MINEM) ha dado luz verde a la explotaci\u00f3n del controvertido proyecto minero T\u00eda Mar\u00eda, impulsado por Southern Copper Corporation, mediante la Resoluci\u00f3n Directoral N.\u00b0 0692-2025-MINEM\/DGM emitida el 13 de octubre. Esta autorizaci\u00f3n permite el inicio de actividades extractivas en el distrito de Cocachacra, [&hellip;]<\/p>\n","protected":false},"author":7,"featured_media":6590,"comment_status":"open","ping_status":"open","sticky":false,"template":"","format":"standard","meta":{"footnotes":""},"categories":[1847,810,1852],"tags":[616,1853,597,592,2558],"class_list":["post-6588","post","type-post","status-publish","format-standard","has-post-thumbnail","hentry","category-ambiente","category-regional","category-tendencia","tag-arequipa","tag-islay","tag-southern-peru","tag-tia-maria","tag-valle-de-tambo"],"yoast_head":"<!-- This site is optimized with the Yoast SEO plugin v27.4 - https:\/\/yoast.com\/product\/yoast-seo-wordpress\/ -->\n<title>MINEM autoriza explotaci\u00f3n de T\u00eda Mar\u00eda: Agricultores del Valle del Tambo anuncian protestas - Pulso27<\/title>\n<meta name=\"robots\" content=\"index, follow, max-snippet:-1, max-image-preview:large, max-video-preview:-1\" \/>\n<link rel=\"canonical\" href=\"https:\/\/pulso27.com\/es\/actualidad\/ambiente\/minem-autoriza-explotacion-de-tia-maria-agricultores-del-valle-del-tambo-anuncian-protestas\/\" \/>\n<meta property=\"og:locale\" content=\"es_ES\" \/>\n<meta property=\"og:type\" content=\"article\" \/>\n<meta property=\"og:title\" content=\"MINEM autoriza explotaci\u00f3n de T\u00eda Mar\u00eda: Agricultores del Valle del Tambo anuncian protestas - Pulso27\" \/>\n<meta property=\"og:description\" content=\"Arequipa, 21 de octubre de 2025.- El Ministerio de Energ\u00eda y Minas (MINEM) ha dado luz verde a la explotaci\u00f3n del controvertido proyecto minero T\u00eda Mar\u00eda, impulsado por Southern Copper Corporation, mediante la Resoluci\u00f3n Directoral N.\u00b0 0692-2025-MINEM\/DGM emitida el 13 de octubre. Esta autorizaci\u00f3n permite el inicio de actividades extractivas en el distrito de Cocachacra, [&hellip;]\" \/>\n<meta property=\"og:url\" content=\"https:\/\/pulso27.com\/es\/actualidad\/ambiente\/minem-autoriza-explotacion-de-tia-maria-agricultores-del-valle-del-tambo-anuncian-protestas\/\" \/>\n<meta property=\"og:site_name\" content=\"Pulso27\" \/>\n<meta property=\"article:publisher\" content=\"https:\/\/www.facebook.com\/pulso27\/\" \/>\n<meta property=\"article:published_time\" content=\"2025-10-22T04:59:29+00:00\" \/>\n<meta property=\"article:modified_time\" content=\"2025-10-22T04:59:35+00:00\" \/>\n<meta property=\"og:image\" content=\"https:\/\/pulso27.com\/wp-content\/uploads\/2025\/10\/Tia-Maria.png\" \/>\n\t<meta property=\"og:image:width\" content=\"1280\" \/>\n\t<meta property=\"og:image:height\" content=\"800\" \/>\n\t<meta property=\"og:image:type\" content=\"image\/png\" \/>\n<meta name=\"author\" content=\"Tupaq\" \/>\n<meta name=\"twitter:card\" content=\"summary_large_image\" \/>\n<meta name=\"twitter:creator\" content=\"@Pulso_27\" \/>\n<meta name=\"twitter:site\" content=\"@Pulso_27\" \/>\n<meta name=\"twitter:label1\" content=\"Written by\" \/>\n\t<meta name=\"twitter:data1\" content=\"Tupaq\" \/>\n\t<meta name=\"twitter:label2\" content=\"Est. reading time\" \/>\n\t<meta name=\"twitter:data2\" content=\"3 minutos\" \/>\n<script type=\"application\/ld+json\" class=\"yoast-schema-graph\">{\"@context\":\"https:\\\/\\\/schema.org\",\"@graph\":[{\"@type\":\"Article\",\"@id\":\"https:\\\/\\\/pulso27.com\\\/actualidad\\\/ambiente\\\/minem-autoriza-explotacion-de-tia-maria-agricultores-del-valle-del-tambo-anuncian-protestas\\\/#article\",\"isPartOf\":{\"@id\":\"https:\\\/\\\/pulso27.com\\\/actualidad\\\/ambiente\\\/minem-autoriza-explotacion-de-tia-maria-agricultores-del-valle-del-tambo-anuncian-protestas\\\/\"},\"author\":{\"name\":\"Tupaq\",\"@id\":\"https:\\\/\\\/pulso27.com\\\/en\\\/#\\\/schema\\\/person\\\/d20fd7f5bc7f2e53fd150d43fca07a78\"},\"headline\":\"MINEM autoriza explotaci\u00f3n de T\u00eda Mar\u00eda: Agricultores del Valle del Tambo anuncian protestas\",\"datePublished\":\"2025-10-22T04:59:29+00:00\",\"dateModified\":\"2025-10-22T04:59:35+00:00\",\"mainEntityOfPage\":{\"@id\":\"https:\\\/\\\/pulso27.com\\\/actualidad\\\/ambiente\\\/minem-autoriza-explotacion-de-tia-maria-agricultores-del-valle-del-tambo-anuncian-protestas\\\/\"},\"wordCount\":482,\"commentCount\":0,\"publisher\":{\"@id\":\"https:\\\/\\\/pulso27.com\\\/en\\\/#organization\"},\"image\":{\"@id\":\"https:\\\/\\\/pulso27.com\\\/actualidad\\\/ambiente\\\/minem-autoriza-explotacion-de-tia-maria-agricultores-del-valle-del-tambo-anuncian-protestas\\\/#primaryimage\"},\"thumbnailUrl\":\"https:\\\/\\\/pulso27.com\\\/wp-content\\\/uploads\\\/2025\\\/10\\\/Tia-Maria.png\",\"keywords\":[\"Arequipa\",\"Islay\",\"Southern Per\u00fa\",\"T\u00eda Mar\u00eda\",\"Valle de Tambo\"],\"articleSection\":[\"Ambiente\",\"Regional\",\"Tendencia\"],\"inLanguage\":\"es-PE\",\"potentialAction\":[{\"@type\":\"CommentAction\",\"name\":\"Comment\",\"target\":[\"https:\\\/\\\/pulso27.com\\\/actualidad\\\/ambiente\\\/minem-autoriza-explotacion-de-tia-maria-agricultores-del-valle-del-tambo-anuncian-protestas\\\/#respond\"]}]},{\"@type\":\"WebPage\",\"@id\":\"https:\\\/\\\/pulso27.com\\\/actualidad\\\/ambiente\\\/minem-autoriza-explotacion-de-tia-maria-agricultores-del-valle-del-tambo-anuncian-protestas\\\/\",\"url\":\"https:\\\/\\\/pulso27.com\\\/actualidad\\\/ambiente\\\/minem-autoriza-explotacion-de-tia-maria-agricultores-del-valle-del-tambo-anuncian-protestas\\\/\",\"name\":\"MINEM autoriza explotaci\u00f3n de T\u00eda Mar\u00eda: Agricultores del Valle del Tambo anuncian protestas - Pulso27\",\"isPartOf\":{\"@id\":\"https:\\\/\\\/pulso27.com\\\/en\\\/#website\"},\"primaryImageOfPage\":{\"@id\":\"https:\\\/\\\/pulso27.com\\\/actualidad\\\/ambiente\\\/minem-autoriza-explotacion-de-tia-maria-agricultores-del-valle-del-tambo-anuncian-protestas\\\/#primaryimage\"},\"image\":{\"@id\":\"https:\\\/\\\/pulso27.com\\\/actualidad\\\/ambiente\\\/minem-autoriza-explotacion-de-tia-maria-agricultores-del-valle-del-tambo-anuncian-protestas\\\/#primaryimage\"},\"thumbnailUrl\":\"https:\\\/\\\/pulso27.com\\\/wp-content\\\/uploads\\\/2025\\\/10\\\/Tia-Maria.png\",\"datePublished\":\"2025-10-22T04:59:29+00:00\",\"dateModified\":\"2025-10-22T04:59:35+00:00\",\"breadcrumb\":{\"@id\":\"https:\\\/\\\/pulso27.com\\\/actualidad\\\/ambiente\\\/minem-autoriza-explotacion-de-tia-maria-agricultores-del-valle-del-tambo-anuncian-protestas\\\/#breadcrumb\"},\"inLanguage\":\"es-PE\",\"potentialAction\":[{\"@type\":\"ReadAction\",\"target\":[\"https:\\\/\\\/pulso27.com\\\/actualidad\\\/ambiente\\\/minem-autoriza-explotacion-de-tia-maria-agricultores-del-valle-del-tambo-anuncian-protestas\\\/\"]}]},{\"@type\":\"ImageObject\",\"inLanguage\":\"es-PE\",\"@id\":\"https:\\\/\\\/pulso27.com\\\/actualidad\\\/ambiente\\\/minem-autoriza-explotacion-de-tia-maria-agricultores-del-valle-del-tambo-anuncian-protestas\\\/#primaryimage\",\"url\":\"https:\\\/\\\/pulso27.com\\\/wp-content\\\/uploads\\\/2025\\\/10\\\/Tia-Maria.png\",\"contentUrl\":\"https:\\\/\\\/pulso27.com\\\/wp-content\\\/uploads\\\/2025\\\/10\\\/Tia-Maria.png\",\"width\":1280,\"height\":800},{\"@type\":\"BreadcrumbList\",\"@id\":\"https:\\\/\\\/pulso27.com\\\/actualidad\\\/ambiente\\\/minem-autoriza-explotacion-de-tia-maria-agricultores-del-valle-del-tambo-anuncian-protestas\\\/#breadcrumb\",\"itemListElement\":[{\"@type\":\"ListItem\",\"position\":1,\"name\":\"Portada\",\"item\":\"https:\\\/\\\/pulso27.com\\\/\"},{\"@type\":\"ListItem\",\"position\":2,\"name\":\"MINEM autoriza explotaci\u00f3n de T\u00eda Mar\u00eda: Agricultores del Valle del Tambo anuncian protestas\"}]},{\"@type\":\"WebSite\",\"@id\":\"https:\\\/\\\/pulso27.com\\\/en\\\/#website\",\"url\":\"https:\\\/\\\/pulso27.com\\\/en\\\/\",\"name\":\"Pulso27\",\"description\":\"Web de noticias y publicidad\",\"publisher\":{\"@id\":\"https:\\\/\\\/pulso27.com\\\/en\\\/#organization\"},\"alternateName\":\"El pulso del pueblo\",\"potentialAction\":[{\"@type\":\"SearchAction\",\"target\":{\"@type\":\"EntryPoint\",\"urlTemplate\":\"https:\\\/\\\/pulso27.com\\\/en\\\/?s={search_term_string}\"},\"query-input\":{\"@type\":\"PropertyValueSpecification\",\"valueRequired\":true,\"valueName\":\"search_term_string\"}}],\"inLanguage\":\"es-PE\"},{\"@type\":\"Organization\",\"@id\":\"https:\\\/\\\/pulso27.com\\\/en\\\/#organization\",\"name\":\"Pulso27\",\"url\":\"https:\\\/\\\/pulso27.com\\\/en\\\/\",\"logo\":{\"@type\":\"ImageObject\",\"inLanguage\":\"es-PE\",\"@id\":\"https:\\\/\\\/pulso27.com\\\/en\\\/#\\\/schema\\\/logo\\\/image\\\/\",\"url\":\"https:\\\/\\\/pulso27.com\\\/wp-content\\\/uploads\\\/2026\\\/02\\\/Logotipo-de-la-organizacion-696-x-696-px-ok.png\",\"contentUrl\":\"https:\\\/\\\/pulso27.com\\\/wp-content\\\/uploads\\\/2026\\\/02\\\/Logotipo-de-la-organizacion-696-x-696-px-ok.png\",\"width\":696,\"height\":696,\"caption\":\"Pulso27\"},\"image\":{\"@id\":\"https:\\\/\\\/pulso27.com\\\/en\\\/#\\\/schema\\\/logo\\\/image\\\/\"},\"sameAs\":[\"https:\\\/\\\/www.facebook.com\\\/pulso27\\\/\",\"https:\\\/\\\/x.com\\\/Pulso_27\",\"https:\\\/\\\/www.youtube.com\\\/@Pulso27\",\"https:\\\/\\\/www.tiktok.com\\\/@pulso_27\"]},{\"@type\":\"Person\",\"@id\":\"https:\\\/\\\/pulso27.com\\\/en\\\/#\\\/schema\\\/person\\\/d20fd7f5bc7f2e53fd150d43fca07a78\",\"name\":\"Tupaq\",\"image\":{\"@type\":\"ImageObject\",\"inLanguage\":\"es-PE\",\"@id\":\"https:\\\/\\\/secure.gravatar.com\\\/avatar\\\/7929e9b034aeea560319a601e4f04c59eb5f45a79eafe192adabb67e9604e7e7?s=96&d=mm&r=g\",\"url\":\"https:\\\/\\\/secure.gravatar.com\\\/avatar\\\/7929e9b034aeea560319a601e4f04c59eb5f45a79eafe192adabb67e9604e7e7?s=96&d=mm&r=g\",\"contentUrl\":\"https:\\\/\\\/secure.gravatar.com\\\/avatar\\\/7929e9b034aeea560319a601e4f04c59eb5f45a79eafe192adabb67e9604e7e7?s=96&d=mm&r=g\",\"caption\":\"Tupaq\"},\"url\":\"https:\\\/\\\/pulso27.com\\\/es\\\/author\\\/tupaq\\\/\"}]}<\/script>\n<!-- \/ Yoast SEO plugin. -->","yoast_head_json":{"title":"MINEM autoriza explotaci\u00f3n de T\u00eda Mar\u00eda: Agricultores del Valle del Tambo anuncian protestas - Pulso27","robots":{"index":"index","follow":"follow","max-snippet":"max-snippet:-1","max-image-preview":"max-image-preview:large","max-video-preview":"max-video-preview:-1"},"canonical":"https:\/\/pulso27.com\/es\/actualidad\/ambiente\/minem-autoriza-explotacion-de-tia-maria-agricultores-del-valle-del-tambo-anuncian-protestas\/","og_locale":"es_ES","og_type":"article","og_title":"MINEM autoriza explotaci\u00f3n de T\u00eda Mar\u00eda: Agricultores del Valle del Tambo anuncian protestas - Pulso27","og_description":"Arequipa, 21 de octubre de 2025.- El Ministerio de Energ\u00eda y Minas (MINEM) ha dado luz verde a la explotaci\u00f3n del controvertido proyecto minero T\u00eda Mar\u00eda, impulsado por Southern Copper Corporation, mediante la Resoluci\u00f3n Directoral N.\u00b0 0692-2025-MINEM\/DGM emitida el 13 de octubre. Esta autorizaci\u00f3n permite el inicio de actividades extractivas en el distrito de Cocachacra, [&hellip;]","og_url":"https:\/\/pulso27.com\/es\/actualidad\/ambiente\/minem-autoriza-explotacion-de-tia-maria-agricultores-del-valle-del-tambo-anuncian-protestas\/","og_site_name":"Pulso27","article_publisher":"https:\/\/www.facebook.com\/pulso27\/","article_published_time":"2025-10-22T04:59:29+00:00","article_modified_time":"2025-10-22T04:59:35+00:00","og_image":[{"width":1280,"height":800,"url":"https:\/\/pulso27.com\/wp-content\/uploads\/2025\/10\/Tia-Maria.png","type":"image\/png"}],"author":"Tupaq","twitter_card":"summary_large_image","twitter_creator":"@Pulso_27","twitter_site":"@Pulso_27","twitter_misc":{"Written by":"Tupaq","Est. reading time":"3 minutos"},"schema":{"@context":"https:\/\/schema.org","@graph":[{"@type":"Article","@id":"https:\/\/pulso27.com\/actualidad\/ambiente\/minem-autoriza-explotacion-de-tia-maria-agricultores-del-valle-del-tambo-anuncian-protestas\/#article","isPartOf":{"@id":"https:\/\/pulso27.com\/actualidad\/ambiente\/minem-autoriza-explotacion-de-tia-maria-agricultores-del-valle-del-tambo-anuncian-protestas\/"},"author":{"name":"Tupaq","@id":"https:\/\/pulso27.com\/en\/#\/schema\/person\/d20fd7f5bc7f2e53fd150d43fca07a78"},"headline":"MINEM autoriza explotaci\u00f3n de T\u00eda Mar\u00eda: Agricultores del Valle del Tambo anuncian protestas","datePublished":"2025-10-22T04:59:29+00:00","dateModified":"2025-10-22T04:59:35+00:00","mainEntityOfPage":{"@id":"https:\/\/pulso27.com\/actualidad\/ambiente\/minem-autoriza-explotacion-de-tia-maria-agricultores-del-valle-del-tambo-anuncian-protestas\/"},"wordCount":482,"commentCount":0,"publisher":{"@id":"https:\/\/pulso27.com\/en\/#organization"},"image":{"@id":"https:\/\/pulso27.com\/actualidad\/ambiente\/minem-autoriza-explotacion-de-tia-maria-agricultores-del-valle-del-tambo-anuncian-protestas\/#primaryimage"},"thumbnailUrl":"https:\/\/pulso27.com\/wp-content\/uploads\/2025\/10\/Tia-Maria.png","keywords":["Arequipa","Islay","Southern Per\u00fa","T\u00eda Mar\u00eda","Valle de Tambo"],"articleSection":["Ambiente","Regional","Tendencia"],"inLanguage":"es-PE","potentialAction":[{"@type":"CommentAction","name":"Comment","target":["https:\/\/pulso27.com\/actualidad\/ambiente\/minem-autoriza-explotacion-de-tia-maria-agricultores-del-valle-del-tambo-anuncian-protestas\/#respond"]}]},{"@type":"WebPage","@id":"https:\/\/pulso27.com\/actualidad\/ambiente\/minem-autoriza-explotacion-de-tia-maria-agricultores-del-valle-del-tambo-anuncian-protestas\/","url":"https:\/\/pulso27.com\/actualidad\/ambiente\/minem-autoriza-explotacion-de-tia-maria-agricultores-del-valle-del-tambo-anuncian-protestas\/","name":"MINEM autoriza explotaci\u00f3n de T\u00eda Mar\u00eda: Agricultores del Valle del Tambo anuncian protestas - Pulso27","isPartOf":{"@id":"https:\/\/pulso27.com\/en\/#website"},"primaryImageOfPage":{"@id":"https:\/\/pulso27.com\/actualidad\/ambiente\/minem-autoriza-explotacion-de-tia-maria-agricultores-del-valle-del-tambo-anuncian-protestas\/#primaryimage"},"image":{"@id":"https:\/\/pulso27.com\/actualidad\/ambiente\/minem-autoriza-explotacion-de-tia-maria-agricultores-del-valle-del-tambo-anuncian-protestas\/#primaryimage"},"thumbnailUrl":"https:\/\/pulso27.com\/wp-content\/uploads\/2025\/10\/Tia-Maria.png","datePublished":"2025-10-22T04:59:29+00:00","dateModified":"2025-10-22T04:59:35+00:00","breadcrumb":{"@id":"https:\/\/pulso27.com\/actualidad\/ambiente\/minem-autoriza-explotacion-de-tia-maria-agricultores-del-valle-del-tambo-anuncian-protestas\/#breadcrumb"},"inLanguage":"es-PE","potentialAction":[{"@type":"ReadAction","target":["https:\/\/pulso27.com\/actualidad\/ambiente\/minem-autoriza-explotacion-de-tia-maria-agricultores-del-valle-del-tambo-anuncian-protestas\/"]}]},{"@type":"ImageObject","inLanguage":"es-PE","@id":"https:\/\/pulso27.com\/actualidad\/ambiente\/minem-autoriza-explotacion-de-tia-maria-agricultores-del-valle-del-tambo-anuncian-protestas\/#primaryimage","url":"https:\/\/pulso27.com\/wp-content\/uploads\/2025\/10\/Tia-Maria.png","contentUrl":"https:\/\/pulso27.com\/wp-content\/uploads\/2025\/10\/Tia-Maria.png","width":1280,"height":800},{"@type":"BreadcrumbList","@id":"https:\/\/pulso27.com\/actualidad\/ambiente\/minem-autoriza-explotacion-de-tia-maria-agricultores-del-valle-del-tambo-anuncian-protestas\/#breadcrumb","itemListElement":[{"@type":"ListItem","position":1,"name":"Portada","item":"https:\/\/pulso27.com\/"},{"@type":"ListItem","position":2,"name":"MINEM autoriza explotaci\u00f3n de T\u00eda Mar\u00eda: Agricultores del Valle del Tambo anuncian protestas"}]},{"@type":"WebSite","@id":"https:\/\/pulso27.com\/en\/#website","url":"https:\/\/pulso27.com\/en\/","name":"Pulso27","description":"Web de noticias y publicidad","publisher":{"@id":"https:\/\/pulso27.com\/en\/#organization"},"alternateName":"El pulso del pueblo","potentialAction":[{"@type":"SearchAction","target":{"@type":"EntryPoint","urlTemplate":"https:\/\/pulso27.com\/en\/?s={search_term_string}"},"query-input":{"@type":"PropertyValueSpecification","valueRequired":true,"valueName":"search_term_string"}}],"inLanguage":"es-PE"},{"@type":"Organization","@id":"https:\/\/pulso27.com\/en\/#organization","name":"Pulso27","url":"https:\/\/pulso27.com\/en\/","logo":{"@type":"ImageObject","inLanguage":"es-PE","@id":"https:\/\/pulso27.com\/en\/#\/schema\/logo\/image\/","url":"https:\/\/pulso27.com\/wp-content\/uploads\/2026\/02\/Logotipo-de-la-organizacion-696-x-696-px-ok.png","contentUrl":"https:\/\/pulso27.com\/wp-content\/uploads\/2026\/02\/Logotipo-de-la-organizacion-696-x-696-px-ok.png","width":696,"height":696,"caption":"Pulso27"},"image":{"@id":"https:\/\/pulso27.com\/en\/#\/schema\/logo\/image\/"},"sameAs":["https:\/\/www.facebook.com\/pulso27\/","https:\/\/x.com\/Pulso_27","https:\/\/www.youtube.com\/@Pulso27","https:\/\/www.tiktok.com\/@pulso_27"]},{"@type":"Person","@id":"https:\/\/pulso27.com\/en\/#\/schema\/person\/d20fd7f5bc7f2e53fd150d43fca07a78","name":"Tupaq","image":{"@type":"ImageObject","inLanguage":"es-PE","@id":"https:\/\/secure.gravatar.com\/avatar\/7929e9b034aeea560319a601e4f04c59eb5f45a79eafe192adabb67e9604e7e7?s=96&d=mm&r=g","url":"https:\/\/secure.gravatar.com\/avatar\/7929e9b034aeea560319a601e4f04c59eb5f45a79eafe192adabb67e9604e7e7?s=96&d=mm&r=g","contentUrl":"https:\/\/secure.gravatar.com\/avatar\/7929e9b034aeea560319a601e4f04c59eb5f45a79eafe192adabb67e9604e7e7?s=96&d=mm&r=g","caption":"Tupaq"},"url":"https:\/\/pulso27.com\/es\/author\/tupaq\/"}]}},"amp_enabled":true,"_links":{"self":[{"href":"https:\/\/pulso27.com\/es\/wp-json\/wp\/v2\/posts\/6588","targetHints":{"allow":["GET"]}}],"collection":[{"href":"https:\/\/pulso27.com\/es\/wp-json\/wp\/v2\/posts"}],"about":[{"href":"https:\/\/pulso27.com\/es\/wp-json\/wp\/v2\/types\/post"}],"author":[{"embeddable":true,"href":"https:\/\/pulso27.com\/es\/wp-json\/wp\/v2\/users\/7"}],"replies":[{"embeddable":true,"href":"https:\/\/pulso27.com\/es\/wp-json\/wp\/v2\/comments?post=6588"}],"version-history":[{"count":1,"href":"https:\/\/pulso27.com\/es\/wp-json\/wp\/v2\/posts\/6588\/revisions"}],"predecessor-version":[{"id":6594,"href":"https:\/\/pulso27.com\/es\/wp-json\/wp\/v2\/posts\/6588\/revisions\/6594"}],"wp:featuredmedia":[{"embeddable":true,"href":"https:\/\/pulso27.com\/es\/wp-json\/wp\/v2\/media\/6590"}],"wp:attachment":[{"href":"https:\/\/pulso27.com\/es\/wp-json\/wp\/v2\/media?parent=6588"}],"wp:term":[{"taxonomy":"category","embeddable":true,"href":"https:\/\/pulso27.com\/es\/wp-json\/wp\/v2\/categories?post=6588"},{"taxonomy":"post_tag","embeddable":true,"href":"https:\/\/pulso27.com\/es\/wp-json\/wp\/v2\/tags?post=6588"}],"curies":[{"name":"wp","href":"https:\/\/api.w.org\/{rel}","templated":true}]}}