{"id":663,"date":"2023-11-10T21:37:19","date_gmt":"2023-11-10T21:37:19","guid":{"rendered":"http:\/\/pulso27.com\/?p=663"},"modified":"2024-11-02T08:49:01","modified_gmt":"2024-11-02T03:49:01","slug":"abren-proceso-disciplinario-a-jose-domingo-perez-por-presunta-falta-muy-grave","status":"publish","type":"post","link":"https:\/\/pulso27.com\/es\/actualidad\/politica\/abren-proceso-disciplinario-a-jose-domingo-perez-por-presunta-falta-muy-grave\/","title":{"rendered":"Abren proceso disciplinario a Jos\u00e9 Domingo P\u00e9rez por presunta falta muy grave"},"content":{"rendered":"\n<p><br>El fiscal superior Marco Carrasco dispuso abrir proceso disciplinario por 60 d\u00edas contra P\u00e9rez G\u00f3mez, porque no habr\u00eda consignado su correo electr\u00f3nico ni su domicilio procedimental y postal en un informe solicitado.<\/p>\n\n\n\n<p>El Ministerio P\u00fablico abri\u00f3 un proceso disciplinario por 60 d\u00edas h\u00e1biles en contra del fiscal superior, Jos\u00e9 Domingo P\u00e9rez, integrante del equipo especial Lava Jato.<\/p>\n\n\n\n<p>Seg\u00fan la Autoridad Nacional de Control Interno, encabezada por Antonio Fern\u00e1ndez Jer\u00ed, Domingo P\u00e9rez \u201comiti\u00f3 consignar en su informe su domicilio procedimental y postal, as\u00ed como si direcci\u00f3n de correo electr\u00f3nico\u201d, lo cual consider\u00f3 como una falta muy grave.<\/p>\n\n\n\n<p><img decoding=\"async\" src=\"https:\/\/th.bing.com\/th?id=OIF.sBbB9Mg3KVpRbbX%2fazGPmw&amp;pid=ImgDet&amp;rs=1\" alt=\"Jos\u00e9 Domingo P\u00e9rez bajo proceso disciplinario: la investigaci\u00f3n por ...\"><\/p>\n","protected":false},"excerpt":{"rendered":"<p>Seg\u00fan indic\u00f3 la Autoridad Nacional de Control Interno del MP, el fiscal \u00abomiti\u00f3 consignar en su informe su domicilio procedimental y postal, as\u00ed como si direcci\u00f3n de correo electr\u00f3nico\u00bb.<\/p>\n","protected":false},"author":8,"featured_media":664,"comment_status":"open","ping_status":"open","sticky":false,"template":"","format":"standard","meta":{"footnotes":""},"categories":[183,180],"tags":[],"class_list":["post-663","post","type-post","status-publish","format-standard","has-post-thumbnail","hentry","category-actualidad","category-politica"],"yoast_head":"<!-- This site is optimized with the Yoast SEO plugin v27.4 - https:\/\/yoast.com\/product\/yoast-seo-wordpress\/ -->\n<title>Abren proceso disciplinario a Jos\u00e9 Domingo P\u00e9rez por presunta falta muy grave - Pulso27<\/title>\n<meta name=\"robots\" content=\"index, follow, max-snippet:-1, max-image-preview:large, max-video-preview:-1\" \/>\n<link rel=\"canonical\" href=\"https:\/\/pulso27.com\/es\/politica\/abren-proceso-disciplinario-a-jose-domingo-perez-por-presunta-falta-muy-grave\/\" \/>\n<meta property=\"og:locale\" content=\"es_ES\" \/>\n<meta property=\"og:type\" content=\"article\" \/>\n<meta property=\"og:title\" content=\"Abren proceso disciplinario a Jos\u00e9 Domingo P\u00e9rez por presunta falta muy grave - Pulso27\" \/>\n<meta property=\"og:description\" content=\"Seg\u00fan indic\u00f3 la Autoridad Nacional de Control Interno del MP, el fiscal &quot;omiti\u00f3 consignar en su informe su domicilio procedimental y postal, as\u00ed como si direcci\u00f3n de correo electr\u00f3nico&quot;.\" \/>\n<meta property=\"og:url\" content=\"https:\/\/pulso27.com\/es\/politica\/abren-proceso-disciplinario-a-jose-domingo-perez-por-presunta-falta-muy-grave\/\" \/>\n<meta property=\"og:site_name\" content=\"Pulso27\" \/>\n<meta property=\"article:publisher\" content=\"https:\/\/www.facebook.com\/pulso27\/\" \/>\n<meta property=\"article:published_time\" content=\"2023-11-10T21:37:19+00:00\" \/>\n<meta property=\"article:modified_time\" content=\"2024-11-02T03:49:01+00:00\" \/>\n<meta property=\"og:image\" content=\"https:\/\/pulso27.com\/wp-content\/uploads\/2023\/11\/Jose-Domingo-Peres.png\" \/>\n\t<meta property=\"og:image:width\" content=\"622\" \/>\n\t<meta property=\"og:image:height\" content=\"322\" \/>\n\t<meta property=\"og:image:type\" content=\"image\/png\" \/>\n<meta name=\"author\" content=\"Maga\" \/>\n<meta name=\"twitter:card\" content=\"summary_large_image\" \/>\n<meta name=\"twitter:creator\" content=\"@Pulso_27\" \/>\n<meta name=\"twitter:site\" content=\"@Pulso_27\" \/>\n<meta name=\"twitter:label1\" content=\"Written by\" \/>\n\t<meta name=\"twitter:data1\" content=\"Maga\" \/>\n\t<meta name=\"twitter:label2\" content=\"Est. reading time\" \/>\n\t<meta name=\"twitter:data2\" content=\"1 minuto\" \/>\n<script type=\"application\/ld+json\" class=\"yoast-schema-graph\">{\"@context\":\"https:\\\/\\\/schema.org\",\"@graph\":[{\"@type\":\"Article\",\"@id\":\"https:\\\/\\\/pulso27.com\\\/politica\\\/abren-proceso-disciplinario-a-jose-domingo-perez-por-presunta-falta-muy-grave\\\/#article\",\"isPartOf\":{\"@id\":\"https:\\\/\\\/pulso27.com\\\/politica\\\/abren-proceso-disciplinario-a-jose-domingo-perez-por-presunta-falta-muy-grave\\\/\"},\"author\":{\"name\":\"Maga\",\"@id\":\"https:\\\/\\\/pulso27.com\\\/en\\\/#\\\/schema\\\/person\\\/92f5059eb04cb644a32d22c9bc998684\"},\"headline\":\"Abren proceso disciplinario a Jos\u00e9 Domingo P\u00e9rez por presunta falta muy grave\",\"datePublished\":\"2023-11-10T21:37:19+00:00\",\"dateModified\":\"2024-11-02T03:49:01+00:00\",\"mainEntityOfPage\":{\"@id\":\"https:\\\/\\\/pulso27.com\\\/politica\\\/abren-proceso-disciplinario-a-jose-domingo-perez-por-presunta-falta-muy-grave\\\/\"},\"wordCount\":121,\"commentCount\":0,\"publisher\":{\"@id\":\"https:\\\/\\\/pulso27.com\\\/en\\\/#organization\"},\"image\":{\"@id\":\"https:\\\/\\\/pulso27.com\\\/politica\\\/abren-proceso-disciplinario-a-jose-domingo-perez-por-presunta-falta-muy-grave\\\/#primaryimage\"},\"thumbnailUrl\":\"https:\\\/\\\/pulso27.com\\\/wp-content\\\/uploads\\\/2023\\\/11\\\/Jose-Domingo-Peres.png\",\"articleSection\":[\"Actualidad\",\"Pol\u00edtica\"],\"inLanguage\":\"es-PE\",\"potentialAction\":[{\"@type\":\"CommentAction\",\"name\":\"Comment\",\"target\":[\"https:\\\/\\\/pulso27.com\\\/politica\\\/abren-proceso-disciplinario-a-jose-domingo-perez-por-presunta-falta-muy-grave\\\/#respond\"]}]},{\"@type\":\"WebPage\",\"@id\":\"https:\\\/\\\/pulso27.com\\\/politica\\\/abren-proceso-disciplinario-a-jose-domingo-perez-por-presunta-falta-muy-grave\\\/\",\"url\":\"https:\\\/\\\/pulso27.com\\\/politica\\\/abren-proceso-disciplinario-a-jose-domingo-perez-por-presunta-falta-muy-grave\\\/\",\"name\":\"Abren proceso disciplinario a Jos\u00e9 Domingo P\u00e9rez por presunta falta muy grave - Pulso27\",\"isPartOf\":{\"@id\":\"https:\\\/\\\/pulso27.com\\\/en\\\/#website\"},\"primaryImageOfPage\":{\"@id\":\"https:\\\/\\\/pulso27.com\\\/politica\\\/abren-proceso-disciplinario-a-jose-domingo-perez-por-presunta-falta-muy-grave\\\/#primaryimage\"},\"image\":{\"@id\":\"https:\\\/\\\/pulso27.com\\\/politica\\\/abren-proceso-disciplinario-a-jose-domingo-perez-por-presunta-falta-muy-grave\\\/#primaryimage\"},\"thumbnailUrl\":\"https:\\\/\\\/pulso27.com\\\/wp-content\\\/uploads\\\/2023\\\/11\\\/Jose-Domingo-Peres.png\",\"datePublished\":\"2023-11-10T21:37:19+00:00\",\"dateModified\":\"2024-11-02T03:49:01+00:00\",\"breadcrumb\":{\"@id\":\"https:\\\/\\\/pulso27.com\\\/politica\\\/abren-proceso-disciplinario-a-jose-domingo-perez-por-presunta-falta-muy-grave\\\/#breadcrumb\"},\"inLanguage\":\"es-PE\",\"potentialAction\":[{\"@type\":\"ReadAction\",\"target\":[\"https:\\\/\\\/pulso27.com\\\/politica\\\/abren-proceso-disciplinario-a-jose-domingo-perez-por-presunta-falta-muy-grave\\\/\"]}]},{\"@type\":\"ImageObject\",\"inLanguage\":\"es-PE\",\"@id\":\"https:\\\/\\\/pulso27.com\\\/politica\\\/abren-proceso-disciplinario-a-jose-domingo-perez-por-presunta-falta-muy-grave\\\/#primaryimage\",\"url\":\"https:\\\/\\\/pulso27.com\\\/wp-content\\\/uploads\\\/2023\\\/11\\\/Jose-Domingo-Peres.png\",\"contentUrl\":\"https:\\\/\\\/pulso27.com\\\/wp-content\\\/uploads\\\/2023\\\/11\\\/Jose-Domingo-Peres.png\",\"width\":622,\"height\":322},{\"@type\":\"BreadcrumbList\",\"@id\":\"https:\\\/\\\/pulso27.com\\\/politica\\\/abren-proceso-disciplinario-a-jose-domingo-perez-por-presunta-falta-muy-grave\\\/#breadcrumb\",\"itemListElement\":[{\"@type\":\"ListItem\",\"position\":1,\"name\":\"Portada\",\"item\":\"https:\\\/\\\/pulso27.com\\\/\"},{\"@type\":\"ListItem\",\"position\":2,\"name\":\"Abren proceso disciplinario a Jos\u00e9 Domingo P\u00e9rez por presunta falta muy grave\"}]},{\"@type\":\"WebSite\",\"@id\":\"https:\\\/\\\/pulso27.com\\\/en\\\/#website\",\"url\":\"https:\\\/\\\/pulso27.com\\\/en\\\/\",\"name\":\"Pulso27\",\"description\":\"Web de noticias y publicidad\",\"publisher\":{\"@id\":\"https:\\\/\\\/pulso27.com\\\/en\\\/#organization\"},\"alternateName\":\"El pulso del pueblo\",\"potentialAction\":[{\"@type\":\"SearchAction\",\"target\":{\"@type\":\"EntryPoint\",\"urlTemplate\":\"https:\\\/\\\/pulso27.com\\\/en\\\/?s={search_term_string}\"},\"query-input\":{\"@type\":\"PropertyValueSpecification\",\"valueRequired\":true,\"valueName\":\"search_term_string\"}}],\"inLanguage\":\"es-PE\"},{\"@type\":\"Organization\",\"@id\":\"https:\\\/\\\/pulso27.com\\\/en\\\/#organization\",\"name\":\"Pulso27\",\"url\":\"https:\\\/\\\/pulso27.com\\\/en\\\/\",\"logo\":{\"@type\":\"ImageObject\",\"inLanguage\":\"es-PE\",\"@id\":\"https:\\\/\\\/pulso27.com\\\/en\\\/#\\\/schema\\\/logo\\\/image\\\/\",\"url\":\"https:\\\/\\\/pulso27.com\\\/wp-content\\\/uploads\\\/2026\\\/02\\\/Logotipo-de-la-organizacion-696-x-696-px-ok.png\",\"contentUrl\":\"https:\\\/\\\/pulso27.com\\\/wp-content\\\/uploads\\\/2026\\\/02\\\/Logotipo-de-la-organizacion-696-x-696-px-ok.png\",\"width\":696,\"height\":696,\"caption\":\"Pulso27\"},\"image\":{\"@id\":\"https:\\\/\\\/pulso27.com\\\/en\\\/#\\\/schema\\\/logo\\\/image\\\/\"},\"sameAs\":[\"https:\\\/\\\/www.facebook.com\\\/pulso27\\\/\",\"https:\\\/\\\/x.com\\\/Pulso_27\",\"https:\\\/\\\/www.youtube.com\\\/@Pulso27\",\"https:\\\/\\\/www.tiktok.com\\\/@pulso_27\"]},{\"@type\":\"Person\",\"@id\":\"https:\\\/\\\/pulso27.com\\\/en\\\/#\\\/schema\\\/person\\\/92f5059eb04cb644a32d22c9bc998684\",\"name\":\"Maga\",\"image\":{\"@type\":\"ImageObject\",\"inLanguage\":\"es-PE\",\"@id\":\"https:\\\/\\\/secure.gravatar.com\\\/avatar\\\/c4d5224d4227e7c057cd5793ba910425cc902f3aef97cda3eccc7acba8be2edc?s=96&d=mm&r=g\",\"url\":\"https:\\\/\\\/secure.gravatar.com\\\/avatar\\\/c4d5224d4227e7c057cd5793ba910425cc902f3aef97cda3eccc7acba8be2edc?s=96&d=mm&r=g\",\"contentUrl\":\"https:\\\/\\\/secure.gravatar.com\\\/avatar\\\/c4d5224d4227e7c057cd5793ba910425cc902f3aef97cda3eccc7acba8be2edc?s=96&d=mm&r=g\",\"caption\":\"Maga\"},\"sameAs\":[\"http:\\\/\\\/www.pulso27.com\"],\"url\":\"https:\\\/\\\/pulso27.com\\\/es\\\/author\\\/maga\\\/\"}]}<\/script>\n<!-- \/ Yoast SEO plugin. -->","yoast_head_json":{"title":"Abren proceso disciplinario a Jos\u00e9 Domingo P\u00e9rez por presunta falta muy grave - Pulso27","robots":{"index":"index","follow":"follow","max-snippet":"max-snippet:-1","max-image-preview":"max-image-preview:large","max-video-preview":"max-video-preview:-1"},"canonical":"https:\/\/pulso27.com\/es\/politica\/abren-proceso-disciplinario-a-jose-domingo-perez-por-presunta-falta-muy-grave\/","og_locale":"es_ES","og_type":"article","og_title":"Abren proceso disciplinario a Jos\u00e9 Domingo P\u00e9rez por presunta falta muy grave - Pulso27","og_description":"Seg\u00fan indic\u00f3 la Autoridad Nacional de Control Interno del MP, el fiscal \"omiti\u00f3 consignar en su informe su domicilio procedimental y postal, as\u00ed como si direcci\u00f3n de correo electr\u00f3nico\".","og_url":"https:\/\/pulso27.com\/es\/politica\/abren-proceso-disciplinario-a-jose-domingo-perez-por-presunta-falta-muy-grave\/","og_site_name":"Pulso27","article_publisher":"https:\/\/www.facebook.com\/pulso27\/","article_published_time":"2023-11-10T21:37:19+00:00","article_modified_time":"2024-11-02T03:49:01+00:00","og_image":[{"width":622,"height":322,"url":"https:\/\/pulso27.com\/wp-content\/uploads\/2023\/11\/Jose-Domingo-Peres.png","type":"image\/png"}],"author":"Maga","twitter_card":"summary_large_image","twitter_creator":"@Pulso_27","twitter_site":"@Pulso_27","twitter_misc":{"Written by":"Maga","Est. reading time":"1 minuto"},"schema":{"@context":"https:\/\/schema.org","@graph":[{"@type":"Article","@id":"https:\/\/pulso27.com\/politica\/abren-proceso-disciplinario-a-jose-domingo-perez-por-presunta-falta-muy-grave\/#article","isPartOf":{"@id":"https:\/\/pulso27.com\/politica\/abren-proceso-disciplinario-a-jose-domingo-perez-por-presunta-falta-muy-grave\/"},"author":{"name":"Maga","@id":"https:\/\/pulso27.com\/en\/#\/schema\/person\/92f5059eb04cb644a32d22c9bc998684"},"headline":"Abren proceso disciplinario a Jos\u00e9 Domingo P\u00e9rez por presunta falta muy grave","datePublished":"2023-11-10T21:37:19+00:00","dateModified":"2024-11-02T03:49:01+00:00","mainEntityOfPage":{"@id":"https:\/\/pulso27.com\/politica\/abren-proceso-disciplinario-a-jose-domingo-perez-por-presunta-falta-muy-grave\/"},"wordCount":121,"commentCount":0,"publisher":{"@id":"https:\/\/pulso27.com\/en\/#organization"},"image":{"@id":"https:\/\/pulso27.com\/politica\/abren-proceso-disciplinario-a-jose-domingo-perez-por-presunta-falta-muy-grave\/#primaryimage"},"thumbnailUrl":"https:\/\/pulso27.com\/wp-content\/uploads\/2023\/11\/Jose-Domingo-Peres.png","articleSection":["Actualidad","Pol\u00edtica"],"inLanguage":"es-PE","potentialAction":[{"@type":"CommentAction","name":"Comment","target":["https:\/\/pulso27.com\/politica\/abren-proceso-disciplinario-a-jose-domingo-perez-por-presunta-falta-muy-grave\/#respond"]}]},{"@type":"WebPage","@id":"https:\/\/pulso27.com\/politica\/abren-proceso-disciplinario-a-jose-domingo-perez-por-presunta-falta-muy-grave\/","url":"https:\/\/pulso27.com\/politica\/abren-proceso-disciplinario-a-jose-domingo-perez-por-presunta-falta-muy-grave\/","name":"Abren proceso disciplinario a Jos\u00e9 Domingo P\u00e9rez por presunta falta muy grave - Pulso27","isPartOf":{"@id":"https:\/\/pulso27.com\/en\/#website"},"primaryImageOfPage":{"@id":"https:\/\/pulso27.com\/politica\/abren-proceso-disciplinario-a-jose-domingo-perez-por-presunta-falta-muy-grave\/#primaryimage"},"image":{"@id":"https:\/\/pulso27.com\/politica\/abren-proceso-disciplinario-a-jose-domingo-perez-por-presunta-falta-muy-grave\/#primaryimage"},"thumbnailUrl":"https:\/\/pulso27.com\/wp-content\/uploads\/2023\/11\/Jose-Domingo-Peres.png","datePublished":"2023-11-10T21:37:19+00:00","dateModified":"2024-11-02T03:49:01+00:00","breadcrumb":{"@id":"https:\/\/pulso27.com\/politica\/abren-proceso-disciplinario-a-jose-domingo-perez-por-presunta-falta-muy-grave\/#breadcrumb"},"inLanguage":"es-PE","potentialAction":[{"@type":"ReadAction","target":["https:\/\/pulso27.com\/politica\/abren-proceso-disciplinario-a-jose-domingo-perez-por-presunta-falta-muy-grave\/"]}]},{"@type":"ImageObject","inLanguage":"es-PE","@id":"https:\/\/pulso27.com\/politica\/abren-proceso-disciplinario-a-jose-domingo-perez-por-presunta-falta-muy-grave\/#primaryimage","url":"https:\/\/pulso27.com\/wp-content\/uploads\/2023\/11\/Jose-Domingo-Peres.png","contentUrl":"https:\/\/pulso27.com\/wp-content\/uploads\/2023\/11\/Jose-Domingo-Peres.png","width":622,"height":322},{"@type":"BreadcrumbList","@id":"https:\/\/pulso27.com\/politica\/abren-proceso-disciplinario-a-jose-domingo-perez-por-presunta-falta-muy-grave\/#breadcrumb","itemListElement":[{"@type":"ListItem","position":1,"name":"Portada","item":"https:\/\/pulso27.com\/"},{"@type":"ListItem","position":2,"name":"Abren proceso disciplinario a Jos\u00e9 Domingo P\u00e9rez por presunta falta muy grave"}]},{"@type":"WebSite","@id":"https:\/\/pulso27.com\/en\/#website","url":"https:\/\/pulso27.com\/en\/","name":"Pulso27","description":"Web de noticias y publicidad","publisher":{"@id":"https:\/\/pulso27.com\/en\/#organization"},"alternateName":"El pulso del pueblo","potentialAction":[{"@type":"SearchAction","target":{"@type":"EntryPoint","urlTemplate":"https:\/\/pulso27.com\/en\/?s={search_term_string}"},"query-input":{"@type":"PropertyValueSpecification","valueRequired":true,"valueName":"search_term_string"}}],"inLanguage":"es-PE"},{"@type":"Organization","@id":"https:\/\/pulso27.com\/en\/#organization","name":"Pulso27","url":"https:\/\/pulso27.com\/en\/","logo":{"@type":"ImageObject","inLanguage":"es-PE","@id":"https:\/\/pulso27.com\/en\/#\/schema\/logo\/image\/","url":"https:\/\/pulso27.com\/wp-content\/uploads\/2026\/02\/Logotipo-de-la-organizacion-696-x-696-px-ok.png","contentUrl":"https:\/\/pulso27.com\/wp-content\/uploads\/2026\/02\/Logotipo-de-la-organizacion-696-x-696-px-ok.png","width":696,"height":696,"caption":"Pulso27"},"image":{"@id":"https:\/\/pulso27.com\/en\/#\/schema\/logo\/image\/"},"sameAs":["https:\/\/www.facebook.com\/pulso27\/","https:\/\/x.com\/Pulso_27","https:\/\/www.youtube.com\/@Pulso27","https:\/\/www.tiktok.com\/@pulso_27"]},{"@type":"Person","@id":"https:\/\/pulso27.com\/en\/#\/schema\/person\/92f5059eb04cb644a32d22c9bc998684","name":"Maga","image":{"@type":"ImageObject","inLanguage":"es-PE","@id":"https:\/\/secure.gravatar.com\/avatar\/c4d5224d4227e7c057cd5793ba910425cc902f3aef97cda3eccc7acba8be2edc?s=96&d=mm&r=g","url":"https:\/\/secure.gravatar.com\/avatar\/c4d5224d4227e7c057cd5793ba910425cc902f3aef97cda3eccc7acba8be2edc?s=96&d=mm&r=g","contentUrl":"https:\/\/secure.gravatar.com\/avatar\/c4d5224d4227e7c057cd5793ba910425cc902f3aef97cda3eccc7acba8be2edc?s=96&d=mm&r=g","caption":"Maga"},"sameAs":["http:\/\/www.pulso27.com"],"url":"https:\/\/pulso27.com\/es\/author\/maga\/"}]}},"amp_enabled":true,"_links":{"self":[{"href":"https:\/\/pulso27.com\/es\/wp-json\/wp\/v2\/posts\/663","targetHints":{"allow":["GET"]}}],"collection":[{"href":"https:\/\/pulso27.com\/es\/wp-json\/wp\/v2\/posts"}],"about":[{"href":"https:\/\/pulso27.com\/es\/wp-json\/wp\/v2\/types\/post"}],"author":[{"embeddable":true,"href":"https:\/\/pulso27.com\/es\/wp-json\/wp\/v2\/users\/8"}],"replies":[{"embeddable":true,"href":"https:\/\/pulso27.com\/es\/wp-json\/wp\/v2\/comments?post=663"}],"version-history":[{"count":1,"href":"https:\/\/pulso27.com\/es\/wp-json\/wp\/v2\/posts\/663\/revisions"}],"predecessor-version":[{"id":665,"href":"https:\/\/pulso27.com\/es\/wp-json\/wp\/v2\/posts\/663\/revisions\/665"}],"wp:featuredmedia":[{"embeddable":true,"href":"https:\/\/pulso27.com\/es\/wp-json\/wp\/v2\/media\/664"}],"wp:attachment":[{"href":"https:\/\/pulso27.com\/es\/wp-json\/wp\/v2\/media?parent=663"}],"wp:term":[{"taxonomy":"category","embeddable":true,"href":"https:\/\/pulso27.com\/es\/wp-json\/wp\/v2\/categories?post=663"},{"taxonomy":"post_tag","embeddable":true,"href":"https:\/\/pulso27.com\/es\/wp-json\/wp\/v2\/tags?post=663"}],"curies":[{"name":"wp","href":"https:\/\/api.w.org\/{rel}","templated":true}]}}