{"id":667,"date":"2023-11-11T14:17:30","date_gmt":"2023-11-11T14:17:30","guid":{"rendered":"https:\/\/pulso27.com\/?p=667"},"modified":"2023-11-11T14:26:12","modified_gmt":"2023-11-11T14:26:12","slug":"lima-y-callao-corte-de-agua-hoy-conoce-horario-y-distritos","status":"publish","type":"post","link":"https:\/\/pulso27.com\/es\/actualidad\/lima-y-callao-corte-de-agua-hoy-conoce-horario-y-distritos\/","title":{"rendered":"Lima y Callao: Corte de agua hoy, conoce horario y distritos"},"content":{"rendered":"\n<p>El Servicio de Agua Potable y Alcantarillado de Lima (Sedapal) inform\u00f3 que este s\u00e1bado, 11 de noviembre, habr\u00e1 corte de agua en varios distritos de Lima y Callao.<\/p>\n\n\n\n<p>La suspensi\u00f3n del servicio, programada para realizar trabajos de mejoramiento en el sistema de agua potable, no afectar\u00e1 a la totalidad de estas jurisdicciones, restringi\u00e9ndose a zonas espec\u00edficas y por unas horas.<\/p>\n\n\n\n<p>Sedapal destac\u00f3 que estos trabajos \u201cson importantes para mejorar la calidad de vida de los ciudadanos de Lima y Callao\u201d, en un mensaje enviado en sus redes sociales.<\/p>\n\n\n\n<p>El corte de agua ser\u00e1 de la siguiente manera:<\/p>\n\n\n\n<p><strong>-Callao (de 10 h a 4 h del domingo)<\/strong><br>Bellavista (sectores 105 y 107), Callao (sectores 104, 106, 107, 108, 109 y 110), La Perla (sectores 104, 105 y 107) y La Punta (sector 109).<\/p>\n\n\n\n<figure class=\"wp-block-image size-full\"><img loading=\"lazy\" decoding=\"async\" width=\"673\" height=\"680\" src=\"https:\/\/pulso27.com\/wp-content\/uploads\/2023\/11\/sadapal1.jpg\" alt=\"\" class=\"wp-image-668\" srcset=\"https:\/\/pulso27.com\/wp-content\/uploads\/2023\/11\/sadapal1.jpg 673w, https:\/\/pulso27.com\/wp-content\/uploads\/2023\/11\/sadapal1-297x300.jpg 297w, https:\/\/pulso27.com\/wp-content\/uploads\/2023\/11\/sadapal1-80x80.jpg 80w\" sizes=\"auto, (max-width: 673px) 100vw, 673px\" \/><\/figure>\n\n\n\n<p><strong>-La Molina (de 13 h a 21 h)<\/strong><\/p>\n\n\n\n<figure class=\"wp-block-image size-full\"><img loading=\"lazy\" decoding=\"async\" width=\"680\" height=\"675\" src=\"https:\/\/pulso27.com\/wp-content\/uploads\/2023\/11\/sedapal2.png\" alt=\"\" class=\"wp-image-669\" srcset=\"https:\/\/pulso27.com\/wp-content\/uploads\/2023\/11\/sedapal2.png 680w, https:\/\/pulso27.com\/wp-content\/uploads\/2023\/11\/sedapal2-300x298.png 300w, https:\/\/pulso27.com\/wp-content\/uploads\/2023\/11\/sedapal2-150x150.png 150w, https:\/\/pulso27.com\/wp-content\/uploads\/2023\/11\/sedapal2-80x80.png 80w\" sizes=\"auto, (max-width: 680px) 100vw, 680px\" \/><\/figure>\n","protected":false},"excerpt":{"rendered":"<p>La suspensi\u00f3n del servicio, que afectar\u00e1 varias zonas de estas jurisdicciones, fue programada para realizar trabajos de mantenimiento del sistema de almacenamiento de agua potable.<\/p>\n","protected":false},"author":10,"featured_media":672,"comment_status":"open","ping_status":"open","sticky":false,"template":"","format":"standard","meta":{"footnotes":""},"categories":[183],"tags":[],"class_list":["post-667","post","type-post","status-publish","format-standard","has-post-thumbnail","hentry","category-actualidad"],"yoast_head":"<!-- This site is optimized with the Yoast SEO plugin v27.4 - https:\/\/yoast.com\/product\/yoast-seo-wordpress\/ -->\n<title>Lima y Callao: Corte de agua hoy, conoce horario y distritos - Pulso27<\/title>\n<meta name=\"robots\" content=\"index, follow, max-snippet:-1, max-image-preview:large, max-video-preview:-1\" \/>\n<link rel=\"canonical\" href=\"https:\/\/pulso27.com\/es\/actualidad\/lima-y-callao-corte-de-agua-hoy-conoce-horario-y-distritos\/\" \/>\n<meta property=\"og:locale\" content=\"es_ES\" \/>\n<meta property=\"og:type\" content=\"article\" \/>\n<meta property=\"og:title\" content=\"Lima y Callao: Corte de agua hoy, conoce horario y distritos - Pulso27\" \/>\n<meta property=\"og:description\" content=\"La suspensi\u00f3n del servicio, que afectar\u00e1 varias zonas de estas jurisdicciones, fue programada para realizar trabajos de mantenimiento del sistema de almacenamiento de agua potable.\" \/>\n<meta property=\"og:url\" content=\"https:\/\/pulso27.com\/es\/actualidad\/lima-y-callao-corte-de-agua-hoy-conoce-horario-y-distritos\/\" \/>\n<meta property=\"og:site_name\" content=\"Pulso27\" \/>\n<meta property=\"article:publisher\" content=\"https:\/\/www.facebook.com\/pulso27\/\" \/>\n<meta property=\"article:published_time\" content=\"2023-11-11T14:17:30+00:00\" \/>\n<meta property=\"article:modified_time\" content=\"2023-11-11T14:26:12+00:00\" \/>\n<meta property=\"og:image\" content=\"https:\/\/pulso27.com\/wp-content\/uploads\/2023\/11\/seda4-scaled.jpg\" \/>\n\t<meta property=\"og:image:width\" content=\"2560\" \/>\n\t<meta property=\"og:image:height\" content=\"1707\" \/>\n\t<meta property=\"og:image:type\" content=\"image\/jpeg\" \/>\n<meta name=\"author\" content=\"El Muki\" \/>\n<meta name=\"twitter:card\" content=\"summary_large_image\" \/>\n<meta name=\"twitter:creator\" content=\"@Pulso_27\" \/>\n<meta name=\"twitter:site\" content=\"@Pulso_27\" \/>\n<meta name=\"twitter:label1\" content=\"Written by\" \/>\n\t<meta name=\"twitter:data1\" content=\"El Muki\" \/>\n\t<meta name=\"twitter:label2\" content=\"Est. reading time\" \/>\n\t<meta name=\"twitter:data2\" content=\"1 minuto\" \/>\n<script type=\"application\/ld+json\" class=\"yoast-schema-graph\">{\"@context\":\"https:\\\/\\\/schema.org\",\"@graph\":[{\"@type\":\"Article\",\"@id\":\"https:\\\/\\\/pulso27.com\\\/actualidad\\\/lima-y-callao-corte-de-agua-hoy-conoce-horario-y-distritos\\\/#article\",\"isPartOf\":{\"@id\":\"https:\\\/\\\/pulso27.com\\\/actualidad\\\/lima-y-callao-corte-de-agua-hoy-conoce-horario-y-distritos\\\/\"},\"author\":{\"name\":\"El Muki\",\"@id\":\"https:\\\/\\\/pulso27.com\\\/en\\\/#\\\/schema\\\/person\\\/a0930a7f318e7d9d83bd7cffed9f34f6\"},\"headline\":\"Lima y Callao: Corte de agua hoy, conoce horario y distritos\",\"datePublished\":\"2023-11-11T14:17:30+00:00\",\"dateModified\":\"2023-11-11T14:26:12+00:00\",\"mainEntityOfPage\":{\"@id\":\"https:\\\/\\\/pulso27.com\\\/actualidad\\\/lima-y-callao-corte-de-agua-hoy-conoce-horario-y-distritos\\\/\"},\"wordCount\":138,\"commentCount\":0,\"publisher\":{\"@id\":\"https:\\\/\\\/pulso27.com\\\/en\\\/#organization\"},\"image\":{\"@id\":\"https:\\\/\\\/pulso27.com\\\/actualidad\\\/lima-y-callao-corte-de-agua-hoy-conoce-horario-y-distritos\\\/#primaryimage\"},\"thumbnailUrl\":\"https:\\\/\\\/pulso27.com\\\/wp-content\\\/uploads\\\/2023\\\/11\\\/seda4-scaled.jpg\",\"articleSection\":[\"Actualidad\"],\"inLanguage\":\"es-PE\",\"potentialAction\":[{\"@type\":\"CommentAction\",\"name\":\"Comment\",\"target\":[\"https:\\\/\\\/pulso27.com\\\/actualidad\\\/lima-y-callao-corte-de-agua-hoy-conoce-horario-y-distritos\\\/#respond\"]}]},{\"@type\":\"WebPage\",\"@id\":\"https:\\\/\\\/pulso27.com\\\/actualidad\\\/lima-y-callao-corte-de-agua-hoy-conoce-horario-y-distritos\\\/\",\"url\":\"https:\\\/\\\/pulso27.com\\\/actualidad\\\/lima-y-callao-corte-de-agua-hoy-conoce-horario-y-distritos\\\/\",\"name\":\"Lima y Callao: Corte de agua hoy, conoce horario y distritos - Pulso27\",\"isPartOf\":{\"@id\":\"https:\\\/\\\/pulso27.com\\\/en\\\/#website\"},\"primaryImageOfPage\":{\"@id\":\"https:\\\/\\\/pulso27.com\\\/actualidad\\\/lima-y-callao-corte-de-agua-hoy-conoce-horario-y-distritos\\\/#primaryimage\"},\"image\":{\"@id\":\"https:\\\/\\\/pulso27.com\\\/actualidad\\\/lima-y-callao-corte-de-agua-hoy-conoce-horario-y-distritos\\\/#primaryimage\"},\"thumbnailUrl\":\"https:\\\/\\\/pulso27.com\\\/wp-content\\\/uploads\\\/2023\\\/11\\\/seda4-scaled.jpg\",\"datePublished\":\"2023-11-11T14:17:30+00:00\",\"dateModified\":\"2023-11-11T14:26:12+00:00\",\"breadcrumb\":{\"@id\":\"https:\\\/\\\/pulso27.com\\\/actualidad\\\/lima-y-callao-corte-de-agua-hoy-conoce-horario-y-distritos\\\/#breadcrumb\"},\"inLanguage\":\"es-PE\",\"potentialAction\":[{\"@type\":\"ReadAction\",\"target\":[\"https:\\\/\\\/pulso27.com\\\/actualidad\\\/lima-y-callao-corte-de-agua-hoy-conoce-horario-y-distritos\\\/\"]}]},{\"@type\":\"ImageObject\",\"inLanguage\":\"es-PE\",\"@id\":\"https:\\\/\\\/pulso27.com\\\/actualidad\\\/lima-y-callao-corte-de-agua-hoy-conoce-horario-y-distritos\\\/#primaryimage\",\"url\":\"https:\\\/\\\/pulso27.com\\\/wp-content\\\/uploads\\\/2023\\\/11\\\/seda4-scaled.jpg\",\"contentUrl\":\"https:\\\/\\\/pulso27.com\\\/wp-content\\\/uploads\\\/2023\\\/11\\\/seda4-scaled.jpg\",\"width\":2560,\"height\":1707},{\"@type\":\"BreadcrumbList\",\"@id\":\"https:\\\/\\\/pulso27.com\\\/actualidad\\\/lima-y-callao-corte-de-agua-hoy-conoce-horario-y-distritos\\\/#breadcrumb\",\"itemListElement\":[{\"@type\":\"ListItem\",\"position\":1,\"name\":\"Portada\",\"item\":\"https:\\\/\\\/pulso27.com\\\/\"},{\"@type\":\"ListItem\",\"position\":2,\"name\":\"Lima y Callao: Corte de agua hoy, conoce horario y distritos\"}]},{\"@type\":\"WebSite\",\"@id\":\"https:\\\/\\\/pulso27.com\\\/en\\\/#website\",\"url\":\"https:\\\/\\\/pulso27.com\\\/en\\\/\",\"name\":\"Pulso27\",\"description\":\"Web de noticias y publicidad\",\"publisher\":{\"@id\":\"https:\\\/\\\/pulso27.com\\\/en\\\/#organization\"},\"alternateName\":\"El pulso del pueblo\",\"potentialAction\":[{\"@type\":\"SearchAction\",\"target\":{\"@type\":\"EntryPoint\",\"urlTemplate\":\"https:\\\/\\\/pulso27.com\\\/en\\\/?s={search_term_string}\"},\"query-input\":{\"@type\":\"PropertyValueSpecification\",\"valueRequired\":true,\"valueName\":\"search_term_string\"}}],\"inLanguage\":\"es-PE\"},{\"@type\":\"Organization\",\"@id\":\"https:\\\/\\\/pulso27.com\\\/en\\\/#organization\",\"name\":\"Pulso27\",\"url\":\"https:\\\/\\\/pulso27.com\\\/en\\\/\",\"logo\":{\"@type\":\"ImageObject\",\"inLanguage\":\"es-PE\",\"@id\":\"https:\\\/\\\/pulso27.com\\\/en\\\/#\\\/schema\\\/logo\\\/image\\\/\",\"url\":\"https:\\\/\\\/pulso27.com\\\/wp-content\\\/uploads\\\/2026\\\/02\\\/Logotipo-de-la-organizacion-696-x-696-px-ok.png\",\"contentUrl\":\"https:\\\/\\\/pulso27.com\\\/wp-content\\\/uploads\\\/2026\\\/02\\\/Logotipo-de-la-organizacion-696-x-696-px-ok.png\",\"width\":696,\"height\":696,\"caption\":\"Pulso27\"},\"image\":{\"@id\":\"https:\\\/\\\/pulso27.com\\\/en\\\/#\\\/schema\\\/logo\\\/image\\\/\"},\"sameAs\":[\"https:\\\/\\\/www.facebook.com\\\/pulso27\\\/\",\"https:\\\/\\\/x.com\\\/Pulso_27\",\"https:\\\/\\\/www.youtube.com\\\/@Pulso27\",\"https:\\\/\\\/www.tiktok.com\\\/@pulso_27\"]},{\"@type\":\"Person\",\"@id\":\"https:\\\/\\\/pulso27.com\\\/en\\\/#\\\/schema\\\/person\\\/a0930a7f318e7d9d83bd7cffed9f34f6\",\"name\":\"El Muki\",\"image\":{\"@type\":\"ImageObject\",\"inLanguage\":\"es-PE\",\"@id\":\"https:\\\/\\\/secure.gravatar.com\\\/avatar\\\/dc91c2607c5eebda74cbb40d13031f489096c96ead89c4c30c17db262267b2b3?s=96&d=mm&r=g\",\"url\":\"https:\\\/\\\/secure.gravatar.com\\\/avatar\\\/dc91c2607c5eebda74cbb40d13031f489096c96ead89c4c30c17db262267b2b3?s=96&d=mm&r=g\",\"contentUrl\":\"https:\\\/\\\/secure.gravatar.com\\\/avatar\\\/dc91c2607c5eebda74cbb40d13031f489096c96ead89c4c30c17db262267b2b3?s=96&d=mm&r=g\",\"caption\":\"El Muki\"},\"sameAs\":[\"http:\\\/\\\/www.pulso27.com\"],\"url\":\"https:\\\/\\\/pulso27.com\\\/es\\\/author\\\/elcuervo\\\/\"}]}<\/script>\n<!-- \/ Yoast SEO plugin. -->","yoast_head_json":{"title":"Lima y Callao: Corte de agua hoy, conoce horario y distritos - Pulso27","robots":{"index":"index","follow":"follow","max-snippet":"max-snippet:-1","max-image-preview":"max-image-preview:large","max-video-preview":"max-video-preview:-1"},"canonical":"https:\/\/pulso27.com\/es\/actualidad\/lima-y-callao-corte-de-agua-hoy-conoce-horario-y-distritos\/","og_locale":"es_ES","og_type":"article","og_title":"Lima y Callao: Corte de agua hoy, conoce horario y distritos - Pulso27","og_description":"La suspensi\u00f3n del servicio, que afectar\u00e1 varias zonas de estas jurisdicciones, fue programada para realizar trabajos de mantenimiento del sistema de almacenamiento de agua potable.","og_url":"https:\/\/pulso27.com\/es\/actualidad\/lima-y-callao-corte-de-agua-hoy-conoce-horario-y-distritos\/","og_site_name":"Pulso27","article_publisher":"https:\/\/www.facebook.com\/pulso27\/","article_published_time":"2023-11-11T14:17:30+00:00","article_modified_time":"2023-11-11T14:26:12+00:00","og_image":[{"width":2560,"height":1707,"url":"https:\/\/pulso27.com\/wp-content\/uploads\/2023\/11\/seda4-scaled.jpg","type":"image\/jpeg"}],"author":"El Muki","twitter_card":"summary_large_image","twitter_creator":"@Pulso_27","twitter_site":"@Pulso_27","twitter_misc":{"Written by":"El Muki","Est. reading time":"1 minuto"},"schema":{"@context":"https:\/\/schema.org","@graph":[{"@type":"Article","@id":"https:\/\/pulso27.com\/actualidad\/lima-y-callao-corte-de-agua-hoy-conoce-horario-y-distritos\/#article","isPartOf":{"@id":"https:\/\/pulso27.com\/actualidad\/lima-y-callao-corte-de-agua-hoy-conoce-horario-y-distritos\/"},"author":{"name":"El Muki","@id":"https:\/\/pulso27.com\/en\/#\/schema\/person\/a0930a7f318e7d9d83bd7cffed9f34f6"},"headline":"Lima y Callao: Corte de agua hoy, conoce horario y distritos","datePublished":"2023-11-11T14:17:30+00:00","dateModified":"2023-11-11T14:26:12+00:00","mainEntityOfPage":{"@id":"https:\/\/pulso27.com\/actualidad\/lima-y-callao-corte-de-agua-hoy-conoce-horario-y-distritos\/"},"wordCount":138,"commentCount":0,"publisher":{"@id":"https:\/\/pulso27.com\/en\/#organization"},"image":{"@id":"https:\/\/pulso27.com\/actualidad\/lima-y-callao-corte-de-agua-hoy-conoce-horario-y-distritos\/#primaryimage"},"thumbnailUrl":"https:\/\/pulso27.com\/wp-content\/uploads\/2023\/11\/seda4-scaled.jpg","articleSection":["Actualidad"],"inLanguage":"es-PE","potentialAction":[{"@type":"CommentAction","name":"Comment","target":["https:\/\/pulso27.com\/actualidad\/lima-y-callao-corte-de-agua-hoy-conoce-horario-y-distritos\/#respond"]}]},{"@type":"WebPage","@id":"https:\/\/pulso27.com\/actualidad\/lima-y-callao-corte-de-agua-hoy-conoce-horario-y-distritos\/","url":"https:\/\/pulso27.com\/actualidad\/lima-y-callao-corte-de-agua-hoy-conoce-horario-y-distritos\/","name":"Lima y Callao: Corte de agua hoy, conoce horario y distritos - Pulso27","isPartOf":{"@id":"https:\/\/pulso27.com\/en\/#website"},"primaryImageOfPage":{"@id":"https:\/\/pulso27.com\/actualidad\/lima-y-callao-corte-de-agua-hoy-conoce-horario-y-distritos\/#primaryimage"},"image":{"@id":"https:\/\/pulso27.com\/actualidad\/lima-y-callao-corte-de-agua-hoy-conoce-horario-y-distritos\/#primaryimage"},"thumbnailUrl":"https:\/\/pulso27.com\/wp-content\/uploads\/2023\/11\/seda4-scaled.jpg","datePublished":"2023-11-11T14:17:30+00:00","dateModified":"2023-11-11T14:26:12+00:00","breadcrumb":{"@id":"https:\/\/pulso27.com\/actualidad\/lima-y-callao-corte-de-agua-hoy-conoce-horario-y-distritos\/#breadcrumb"},"inLanguage":"es-PE","potentialAction":[{"@type":"ReadAction","target":["https:\/\/pulso27.com\/actualidad\/lima-y-callao-corte-de-agua-hoy-conoce-horario-y-distritos\/"]}]},{"@type":"ImageObject","inLanguage":"es-PE","@id":"https:\/\/pulso27.com\/actualidad\/lima-y-callao-corte-de-agua-hoy-conoce-horario-y-distritos\/#primaryimage","url":"https:\/\/pulso27.com\/wp-content\/uploads\/2023\/11\/seda4-scaled.jpg","contentUrl":"https:\/\/pulso27.com\/wp-content\/uploads\/2023\/11\/seda4-scaled.jpg","width":2560,"height":1707},{"@type":"BreadcrumbList","@id":"https:\/\/pulso27.com\/actualidad\/lima-y-callao-corte-de-agua-hoy-conoce-horario-y-distritos\/#breadcrumb","itemListElement":[{"@type":"ListItem","position":1,"name":"Portada","item":"https:\/\/pulso27.com\/"},{"@type":"ListItem","position":2,"name":"Lima y Callao: Corte de agua hoy, conoce horario y distritos"}]},{"@type":"WebSite","@id":"https:\/\/pulso27.com\/en\/#website","url":"https:\/\/pulso27.com\/en\/","name":"Pulso27","description":"Web de noticias y publicidad","publisher":{"@id":"https:\/\/pulso27.com\/en\/#organization"},"alternateName":"El pulso del pueblo","potentialAction":[{"@type":"SearchAction","target":{"@type":"EntryPoint","urlTemplate":"https:\/\/pulso27.com\/en\/?s={search_term_string}"},"query-input":{"@type":"PropertyValueSpecification","valueRequired":true,"valueName":"search_term_string"}}],"inLanguage":"es-PE"},{"@type":"Organization","@id":"https:\/\/pulso27.com\/en\/#organization","name":"Pulso27","url":"https:\/\/pulso27.com\/en\/","logo":{"@type":"ImageObject","inLanguage":"es-PE","@id":"https:\/\/pulso27.com\/en\/#\/schema\/logo\/image\/","url":"https:\/\/pulso27.com\/wp-content\/uploads\/2026\/02\/Logotipo-de-la-organizacion-696-x-696-px-ok.png","contentUrl":"https:\/\/pulso27.com\/wp-content\/uploads\/2026\/02\/Logotipo-de-la-organizacion-696-x-696-px-ok.png","width":696,"height":696,"caption":"Pulso27"},"image":{"@id":"https:\/\/pulso27.com\/en\/#\/schema\/logo\/image\/"},"sameAs":["https:\/\/www.facebook.com\/pulso27\/","https:\/\/x.com\/Pulso_27","https:\/\/www.youtube.com\/@Pulso27","https:\/\/www.tiktok.com\/@pulso_27"]},{"@type":"Person","@id":"https:\/\/pulso27.com\/en\/#\/schema\/person\/a0930a7f318e7d9d83bd7cffed9f34f6","name":"El Muki","image":{"@type":"ImageObject","inLanguage":"es-PE","@id":"https:\/\/secure.gravatar.com\/avatar\/dc91c2607c5eebda74cbb40d13031f489096c96ead89c4c30c17db262267b2b3?s=96&d=mm&r=g","url":"https:\/\/secure.gravatar.com\/avatar\/dc91c2607c5eebda74cbb40d13031f489096c96ead89c4c30c17db262267b2b3?s=96&d=mm&r=g","contentUrl":"https:\/\/secure.gravatar.com\/avatar\/dc91c2607c5eebda74cbb40d13031f489096c96ead89c4c30c17db262267b2b3?s=96&d=mm&r=g","caption":"El Muki"},"sameAs":["http:\/\/www.pulso27.com"],"url":"https:\/\/pulso27.com\/es\/author\/elcuervo\/"}]}},"amp_enabled":true,"_links":{"self":[{"href":"https:\/\/pulso27.com\/es\/wp-json\/wp\/v2\/posts\/667","targetHints":{"allow":["GET"]}}],"collection":[{"href":"https:\/\/pulso27.com\/es\/wp-json\/wp\/v2\/posts"}],"about":[{"href":"https:\/\/pulso27.com\/es\/wp-json\/wp\/v2\/types\/post"}],"author":[{"embeddable":true,"href":"https:\/\/pulso27.com\/es\/wp-json\/wp\/v2\/users\/10"}],"replies":[{"embeddable":true,"href":"https:\/\/pulso27.com\/es\/wp-json\/wp\/v2\/comments?post=667"}],"version-history":[{"count":1,"href":"https:\/\/pulso27.com\/es\/wp-json\/wp\/v2\/posts\/667\/revisions"}],"predecessor-version":[{"id":670,"href":"https:\/\/pulso27.com\/es\/wp-json\/wp\/v2\/posts\/667\/revisions\/670"}],"wp:featuredmedia":[{"embeddable":true,"href":"https:\/\/pulso27.com\/es\/wp-json\/wp\/v2\/media\/672"}],"wp:attachment":[{"href":"https:\/\/pulso27.com\/es\/wp-json\/wp\/v2\/media?parent=667"}],"wp:term":[{"taxonomy":"category","embeddable":true,"href":"https:\/\/pulso27.com\/es\/wp-json\/wp\/v2\/categories?post=667"},{"taxonomy":"post_tag","embeddable":true,"href":"https:\/\/pulso27.com\/es\/wp-json\/wp\/v2\/tags?post=667"}],"curies":[{"name":"wp","href":"https:\/\/api.w.org\/{rel}","templated":true}]}}