{"id":7028,"date":"2025-12-03T02:35:32","date_gmt":"2025-12-02T21:35:32","guid":{"rendered":"https:\/\/pulso27.com\/?p=7028"},"modified":"2025-12-03T02:35:37","modified_gmt":"2025-12-02T21:35:37","slug":"congresista-margot-palacios-presenta-valiente-proyecto-de-amnistia-para-pedro-castillo","status":"publish","type":"post","link":"https:\/\/pulso27.com\/es\/actualidad\/congresista-margot-palacios-presenta-valiente-proyecto-de-amnistia-para-pedro-castillo\/","title":{"rendered":"Congresista Margot Palacios presenta valiente proyecto de amnist\u00eda para Pedro Castillo"},"content":{"rendered":"\n<p>En un acto de profunda consecuencia pol\u00edtica, la congresista Margot Palacios de Juntos por el Per\u00fa, present\u00f3 hoy 2 de diciembre de 2025, el proyecto de ley que busca otorgar amnist\u00eda al expresidente Pedro Castillo Terrones, condenado por el fallido cierre del Congreso del 7 de diciembre de 2022. Lejos de retroceder ante las cr\u00edticas previsibles, Palacios sostiene que las acciones de Castillo no constituyeron delito consumado, pues ninguna instituci\u00f3n del Estado acat\u00f3 la disoluci\u00f3n y no se afect\u00f3 ning\u00fan bien jur\u00eddico esencial. \u201cNo se puede castigar una intenci\u00f3n que nunca se materializ\u00f3\u201d, argument\u00f3 la legisladora, recordando que las Fuerzas Armadas y la Polic\u00eda mantuvieron su lealtad a la Constituci\u00f3n.<\/p>\n\n\n\n<p>La iniciativa no solo pide la inmediata libertad del exmandatario y la extinci\u00f3n de sus antecedentes, sino que incluye a quienes colaboraron en la redacci\u00f3n del mensaje presidencial, como la expremier Betssy Ch\u00e1vez. Para Palacios, se trata de un acto de justicia hist\u00f3rica con el maestro rural que represent\u00f3 por primera vez al \u201cPer\u00fa olvidado\u201d. En coherencia con su trayectoria, la congresista ya hab\u00eda defendido en 2021 la amnist\u00eda para rondas campesinas procesadas por ejercer justicia comunitaria, demostrando que su lucha siempre ha estado del lado de los sectores populares frente a lo que considera un uso selectivo y pol\u00edtico de la justicia penal.<\/p>\n\n\n\n<p>En momentos donde muchos prefieren el silencio o la conveniencia electoral, Margot Palacios asume el costo de ser consecuente: \u201cMi lealtad es con el pueblo que me eligi\u00f3 y con un proyecto que nunca renunci\u00f3 a transformar el pa\u00eds desde abajo\u201d. Su proyecto, aunque enfrenta fuerte resistencia en un Congreso mayoritariamente opuesto porque 101 congresistas votaron a favor de la vacancia y solamente 6 en contra, entre ellos ella, coloca nuevamente sobre la mesa el debate sobre los l\u00edmites del poder, la legitimidad de las instituciones y la necesidad de proteger a quienes, desde la izquierda, intentaron romper el cerco hist\u00f3rico de la exclusi\u00f3n. Para la congresista, defender a Pedro Castillo no es defender un golpe, sino defender la voluntad popular y la democracia que el pueblo construy\u00f3 en las urnas el 2021.<\/p>\n","protected":false},"excerpt":{"rendered":"<p>En un acto de profunda consecuencia pol\u00edtica, la congresista Margot Palacios de Juntos por el Per\u00fa, present\u00f3 hoy 2 de diciembre de 2025, el proyecto de ley que busca otorgar amnist\u00eda al expresidente Pedro Castillo Terrones, condenado por el fallido cierre del Congreso del 7 de diciembre de 2022. Lejos de retroceder ante las cr\u00edticas [&hellip;]<\/p>\n","protected":false},"author":5,"featured_media":7029,"comment_status":"open","ping_status":"open","sticky":false,"template":"","format":"standard","meta":{"footnotes":""},"categories":[183,174,180,1852],"tags":[2629,719,2410,2430],"class_list":["post-7028","post","type-post","status-publish","format-standard","has-post-thumbnail","hentry","category-actualidad","category-nacional","category-politica","category-tendencia","tag-amnistia","tag-congreso-de-la-republica-2","tag-margot-palacios-huaman","tag-pedro-castillo-terrones"],"yoast_head":"<!-- This site is optimized with the Yoast SEO plugin v27.4 - https:\/\/yoast.com\/product\/yoast-seo-wordpress\/ -->\n<title>Congresista Margot Palacios presenta valiente proyecto de amnist\u00eda para Pedro Castillo - Pulso27<\/title>\n<meta name=\"robots\" content=\"index, follow, max-snippet:-1, max-image-preview:large, max-video-preview:-1\" \/>\n<link rel=\"canonical\" href=\"https:\/\/pulso27.com\/es\/actualidad\/congresista-margot-palacios-presenta-valiente-proyecto-de-amnistia-para-pedro-castillo\/\" \/>\n<meta property=\"og:locale\" content=\"es_ES\" \/>\n<meta property=\"og:type\" content=\"article\" \/>\n<meta property=\"og:title\" content=\"Congresista Margot Palacios presenta valiente proyecto de amnist\u00eda para Pedro Castillo - Pulso27\" \/>\n<meta property=\"og:description\" content=\"En un acto de profunda consecuencia pol\u00edtica, la congresista Margot Palacios de Juntos por el Per\u00fa, present\u00f3 hoy 2 de diciembre de 2025, el proyecto de ley que busca otorgar amnist\u00eda al expresidente Pedro Castillo Terrones, condenado por el fallido cierre del Congreso del 7 de diciembre de 2022. Lejos de retroceder ante las cr\u00edticas [&hellip;]\" \/>\n<meta property=\"og:url\" content=\"https:\/\/pulso27.com\/es\/actualidad\/congresista-margot-palacios-presenta-valiente-proyecto-de-amnistia-para-pedro-castillo\/\" \/>\n<meta property=\"og:site_name\" content=\"Pulso27\" \/>\n<meta property=\"article:publisher\" content=\"https:\/\/www.facebook.com\/pulso27\/\" \/>\n<meta property=\"article:published_time\" content=\"2025-12-02T21:35:32+00:00\" \/>\n<meta property=\"article:modified_time\" content=\"2025-12-02T21:35:37+00:00\" \/>\n<meta property=\"og:image\" content=\"https:\/\/pulso27.com\/wp-content\/uploads\/2025\/12\/Margott.png\" \/>\n\t<meta property=\"og:image:width\" content=\"1280\" \/>\n\t<meta property=\"og:image:height\" content=\"800\" \/>\n\t<meta property=\"og:image:type\" content=\"image\/png\" \/>\n<meta name=\"author\" content=\"admin\" \/>\n<meta name=\"twitter:card\" content=\"summary_large_image\" \/>\n<meta name=\"twitter:creator\" content=\"@Pulso_27\" \/>\n<meta name=\"twitter:site\" content=\"@Pulso_27\" \/>\n<meta name=\"twitter:label1\" content=\"Written by\" \/>\n\t<meta name=\"twitter:data1\" content=\"admin\" \/>\n\t<meta name=\"twitter:label2\" content=\"Est. reading time\" \/>\n\t<meta name=\"twitter:data2\" content=\"2 minutos\" \/>\n<script type=\"application\/ld+json\" class=\"yoast-schema-graph\">{\"@context\":\"https:\\\/\\\/schema.org\",\"@graph\":[{\"@type\":\"Article\",\"@id\":\"https:\\\/\\\/pulso27.com\\\/actualidad\\\/congresista-margot-palacios-presenta-valiente-proyecto-de-amnistia-para-pedro-castillo\\\/#article\",\"isPartOf\":{\"@id\":\"https:\\\/\\\/pulso27.com\\\/actualidad\\\/congresista-margot-palacios-presenta-valiente-proyecto-de-amnistia-para-pedro-castillo\\\/\"},\"author\":{\"name\":\"admin\",\"@id\":\"https:\\\/\\\/pulso27.com\\\/en\\\/#\\\/schema\\\/person\\\/df15ecbcbba89b8627097bc602dc9e15\"},\"headline\":\"Congresista Margot Palacios presenta valiente proyecto de amnist\u00eda para Pedro Castillo\",\"datePublished\":\"2025-12-02T21:35:32+00:00\",\"dateModified\":\"2025-12-02T21:35:37+00:00\",\"mainEntityOfPage\":{\"@id\":\"https:\\\/\\\/pulso27.com\\\/actualidad\\\/congresista-margot-palacios-presenta-valiente-proyecto-de-amnistia-para-pedro-castillo\\\/\"},\"wordCount\":372,\"commentCount\":0,\"publisher\":{\"@id\":\"https:\\\/\\\/pulso27.com\\\/en\\\/#organization\"},\"image\":{\"@id\":\"https:\\\/\\\/pulso27.com\\\/actualidad\\\/congresista-margot-palacios-presenta-valiente-proyecto-de-amnistia-para-pedro-castillo\\\/#primaryimage\"},\"thumbnailUrl\":\"https:\\\/\\\/pulso27.com\\\/wp-content\\\/uploads\\\/2025\\\/12\\\/Margott.png\",\"keywords\":[\"Amnist\u00eda\",\"Congreso de la Rep\u00fablica\",\"Margot Palacios Huaman\",\"Pedro Castillo Terrones\"],\"articleSection\":[\"Actualidad\",\"Nacional\",\"Pol\u00edtica\",\"Tendencia\"],\"inLanguage\":\"es-PE\",\"potentialAction\":[{\"@type\":\"CommentAction\",\"name\":\"Comment\",\"target\":[\"https:\\\/\\\/pulso27.com\\\/actualidad\\\/congresista-margot-palacios-presenta-valiente-proyecto-de-amnistia-para-pedro-castillo\\\/#respond\"]}]},{\"@type\":\"WebPage\",\"@id\":\"https:\\\/\\\/pulso27.com\\\/actualidad\\\/congresista-margot-palacios-presenta-valiente-proyecto-de-amnistia-para-pedro-castillo\\\/\",\"url\":\"https:\\\/\\\/pulso27.com\\\/actualidad\\\/congresista-margot-palacios-presenta-valiente-proyecto-de-amnistia-para-pedro-castillo\\\/\",\"name\":\"Congresista Margot Palacios presenta valiente proyecto de amnist\u00eda para Pedro Castillo - Pulso27\",\"isPartOf\":{\"@id\":\"https:\\\/\\\/pulso27.com\\\/en\\\/#website\"},\"primaryImageOfPage\":{\"@id\":\"https:\\\/\\\/pulso27.com\\\/actualidad\\\/congresista-margot-palacios-presenta-valiente-proyecto-de-amnistia-para-pedro-castillo\\\/#primaryimage\"},\"image\":{\"@id\":\"https:\\\/\\\/pulso27.com\\\/actualidad\\\/congresista-margot-palacios-presenta-valiente-proyecto-de-amnistia-para-pedro-castillo\\\/#primaryimage\"},\"thumbnailUrl\":\"https:\\\/\\\/pulso27.com\\\/wp-content\\\/uploads\\\/2025\\\/12\\\/Margott.png\",\"datePublished\":\"2025-12-02T21:35:32+00:00\",\"dateModified\":\"2025-12-02T21:35:37+00:00\",\"breadcrumb\":{\"@id\":\"https:\\\/\\\/pulso27.com\\\/actualidad\\\/congresista-margot-palacios-presenta-valiente-proyecto-de-amnistia-para-pedro-castillo\\\/#breadcrumb\"},\"inLanguage\":\"es-PE\",\"potentialAction\":[{\"@type\":\"ReadAction\",\"target\":[\"https:\\\/\\\/pulso27.com\\\/actualidad\\\/congresista-margot-palacios-presenta-valiente-proyecto-de-amnistia-para-pedro-castillo\\\/\"]}]},{\"@type\":\"ImageObject\",\"inLanguage\":\"es-PE\",\"@id\":\"https:\\\/\\\/pulso27.com\\\/actualidad\\\/congresista-margot-palacios-presenta-valiente-proyecto-de-amnistia-para-pedro-castillo\\\/#primaryimage\",\"url\":\"https:\\\/\\\/pulso27.com\\\/wp-content\\\/uploads\\\/2025\\\/12\\\/Margott.png\",\"contentUrl\":\"https:\\\/\\\/pulso27.com\\\/wp-content\\\/uploads\\\/2025\\\/12\\\/Margott.png\",\"width\":1280,\"height\":800},{\"@type\":\"BreadcrumbList\",\"@id\":\"https:\\\/\\\/pulso27.com\\\/actualidad\\\/congresista-margot-palacios-presenta-valiente-proyecto-de-amnistia-para-pedro-castillo\\\/#breadcrumb\",\"itemListElement\":[{\"@type\":\"ListItem\",\"position\":1,\"name\":\"Portada\",\"item\":\"https:\\\/\\\/pulso27.com\\\/\"},{\"@type\":\"ListItem\",\"position\":2,\"name\":\"Congresista Margot Palacios presenta valiente proyecto de amnist\u00eda para Pedro Castillo\"}]},{\"@type\":\"WebSite\",\"@id\":\"https:\\\/\\\/pulso27.com\\\/en\\\/#website\",\"url\":\"https:\\\/\\\/pulso27.com\\\/en\\\/\",\"name\":\"Pulso27\",\"description\":\"Web de noticias y publicidad\",\"publisher\":{\"@id\":\"https:\\\/\\\/pulso27.com\\\/en\\\/#organization\"},\"alternateName\":\"El pulso del pueblo\",\"potentialAction\":[{\"@type\":\"SearchAction\",\"target\":{\"@type\":\"EntryPoint\",\"urlTemplate\":\"https:\\\/\\\/pulso27.com\\\/en\\\/?s={search_term_string}\"},\"query-input\":{\"@type\":\"PropertyValueSpecification\",\"valueRequired\":true,\"valueName\":\"search_term_string\"}}],\"inLanguage\":\"es-PE\"},{\"@type\":\"Organization\",\"@id\":\"https:\\\/\\\/pulso27.com\\\/en\\\/#organization\",\"name\":\"Pulso27\",\"url\":\"https:\\\/\\\/pulso27.com\\\/en\\\/\",\"logo\":{\"@type\":\"ImageObject\",\"inLanguage\":\"es-PE\",\"@id\":\"https:\\\/\\\/pulso27.com\\\/en\\\/#\\\/schema\\\/logo\\\/image\\\/\",\"url\":\"https:\\\/\\\/pulso27.com\\\/wp-content\\\/uploads\\\/2026\\\/02\\\/Logotipo-de-la-organizacion-696-x-696-px-ok.png\",\"contentUrl\":\"https:\\\/\\\/pulso27.com\\\/wp-content\\\/uploads\\\/2026\\\/02\\\/Logotipo-de-la-organizacion-696-x-696-px-ok.png\",\"width\":696,\"height\":696,\"caption\":\"Pulso27\"},\"image\":{\"@id\":\"https:\\\/\\\/pulso27.com\\\/en\\\/#\\\/schema\\\/logo\\\/image\\\/\"},\"sameAs\":[\"https:\\\/\\\/www.facebook.com\\\/pulso27\\\/\",\"https:\\\/\\\/x.com\\\/Pulso_27\",\"https:\\\/\\\/www.youtube.com\\\/@Pulso27\",\"https:\\\/\\\/www.tiktok.com\\\/@pulso_27\"]},{\"@type\":\"Person\",\"@id\":\"https:\\\/\\\/pulso27.com\\\/en\\\/#\\\/schema\\\/person\\\/df15ecbcbba89b8627097bc602dc9e15\",\"name\":\"admin\",\"image\":{\"@type\":\"ImageObject\",\"inLanguage\":\"es-PE\",\"@id\":\"https:\\\/\\\/secure.gravatar.com\\\/avatar\\\/828f4a09ba8ce37cfca622f580fec4411ddb2550515ba4e452fa5d850713b8d1?s=96&d=mm&r=g\",\"url\":\"https:\\\/\\\/secure.gravatar.com\\\/avatar\\\/828f4a09ba8ce37cfca622f580fec4411ddb2550515ba4e452fa5d850713b8d1?s=96&d=mm&r=g\",\"contentUrl\":\"https:\\\/\\\/secure.gravatar.com\\\/avatar\\\/828f4a09ba8ce37cfca622f580fec4411ddb2550515ba4e452fa5d850713b8d1?s=96&d=mm&r=g\",\"caption\":\"admin\"},\"sameAs\":[\"http:\\\/\\\/www.pulso27.com\"],\"url\":\"https:\\\/\\\/pulso27.com\\\/es\\\/author\\\/admin-2\\\/\"}]}<\/script>\n<!-- \/ Yoast SEO plugin. -->","yoast_head_json":{"title":"Congresista Margot Palacios presenta valiente proyecto de amnist\u00eda para Pedro Castillo - Pulso27","robots":{"index":"index","follow":"follow","max-snippet":"max-snippet:-1","max-image-preview":"max-image-preview:large","max-video-preview":"max-video-preview:-1"},"canonical":"https:\/\/pulso27.com\/es\/actualidad\/congresista-margot-palacios-presenta-valiente-proyecto-de-amnistia-para-pedro-castillo\/","og_locale":"es_ES","og_type":"article","og_title":"Congresista Margot Palacios presenta valiente proyecto de amnist\u00eda para Pedro Castillo - Pulso27","og_description":"En un acto de profunda consecuencia pol\u00edtica, la congresista Margot Palacios de Juntos por el Per\u00fa, present\u00f3 hoy 2 de diciembre de 2025, el proyecto de ley que busca otorgar amnist\u00eda al expresidente Pedro Castillo Terrones, condenado por el fallido cierre del Congreso del 7 de diciembre de 2022. Lejos de retroceder ante las cr\u00edticas [&hellip;]","og_url":"https:\/\/pulso27.com\/es\/actualidad\/congresista-margot-palacios-presenta-valiente-proyecto-de-amnistia-para-pedro-castillo\/","og_site_name":"Pulso27","article_publisher":"https:\/\/www.facebook.com\/pulso27\/","article_published_time":"2025-12-02T21:35:32+00:00","article_modified_time":"2025-12-02T21:35:37+00:00","og_image":[{"width":1280,"height":800,"url":"https:\/\/pulso27.com\/wp-content\/uploads\/2025\/12\/Margott.png","type":"image\/png"}],"author":"admin","twitter_card":"summary_large_image","twitter_creator":"@Pulso_27","twitter_site":"@Pulso_27","twitter_misc":{"Written by":"admin","Est. reading time":"2 minutos"},"schema":{"@context":"https:\/\/schema.org","@graph":[{"@type":"Article","@id":"https:\/\/pulso27.com\/actualidad\/congresista-margot-palacios-presenta-valiente-proyecto-de-amnistia-para-pedro-castillo\/#article","isPartOf":{"@id":"https:\/\/pulso27.com\/actualidad\/congresista-margot-palacios-presenta-valiente-proyecto-de-amnistia-para-pedro-castillo\/"},"author":{"name":"admin","@id":"https:\/\/pulso27.com\/en\/#\/schema\/person\/df15ecbcbba89b8627097bc602dc9e15"},"headline":"Congresista Margot Palacios presenta valiente proyecto de amnist\u00eda para Pedro Castillo","datePublished":"2025-12-02T21:35:32+00:00","dateModified":"2025-12-02T21:35:37+00:00","mainEntityOfPage":{"@id":"https:\/\/pulso27.com\/actualidad\/congresista-margot-palacios-presenta-valiente-proyecto-de-amnistia-para-pedro-castillo\/"},"wordCount":372,"commentCount":0,"publisher":{"@id":"https:\/\/pulso27.com\/en\/#organization"},"image":{"@id":"https:\/\/pulso27.com\/actualidad\/congresista-margot-palacios-presenta-valiente-proyecto-de-amnistia-para-pedro-castillo\/#primaryimage"},"thumbnailUrl":"https:\/\/pulso27.com\/wp-content\/uploads\/2025\/12\/Margott.png","keywords":["Amnist\u00eda","Congreso de la Rep\u00fablica","Margot Palacios Huaman","Pedro Castillo Terrones"],"articleSection":["Actualidad","Nacional","Pol\u00edtica","Tendencia"],"inLanguage":"es-PE","potentialAction":[{"@type":"CommentAction","name":"Comment","target":["https:\/\/pulso27.com\/actualidad\/congresista-margot-palacios-presenta-valiente-proyecto-de-amnistia-para-pedro-castillo\/#respond"]}]},{"@type":"WebPage","@id":"https:\/\/pulso27.com\/actualidad\/congresista-margot-palacios-presenta-valiente-proyecto-de-amnistia-para-pedro-castillo\/","url":"https:\/\/pulso27.com\/actualidad\/congresista-margot-palacios-presenta-valiente-proyecto-de-amnistia-para-pedro-castillo\/","name":"Congresista Margot Palacios presenta valiente proyecto de amnist\u00eda para Pedro Castillo - Pulso27","isPartOf":{"@id":"https:\/\/pulso27.com\/en\/#website"},"primaryImageOfPage":{"@id":"https:\/\/pulso27.com\/actualidad\/congresista-margot-palacios-presenta-valiente-proyecto-de-amnistia-para-pedro-castillo\/#primaryimage"},"image":{"@id":"https:\/\/pulso27.com\/actualidad\/congresista-margot-palacios-presenta-valiente-proyecto-de-amnistia-para-pedro-castillo\/#primaryimage"},"thumbnailUrl":"https:\/\/pulso27.com\/wp-content\/uploads\/2025\/12\/Margott.png","datePublished":"2025-12-02T21:35:32+00:00","dateModified":"2025-12-02T21:35:37+00:00","breadcrumb":{"@id":"https:\/\/pulso27.com\/actualidad\/congresista-margot-palacios-presenta-valiente-proyecto-de-amnistia-para-pedro-castillo\/#breadcrumb"},"inLanguage":"es-PE","potentialAction":[{"@type":"ReadAction","target":["https:\/\/pulso27.com\/actualidad\/congresista-margot-palacios-presenta-valiente-proyecto-de-amnistia-para-pedro-castillo\/"]}]},{"@type":"ImageObject","inLanguage":"es-PE","@id":"https:\/\/pulso27.com\/actualidad\/congresista-margot-palacios-presenta-valiente-proyecto-de-amnistia-para-pedro-castillo\/#primaryimage","url":"https:\/\/pulso27.com\/wp-content\/uploads\/2025\/12\/Margott.png","contentUrl":"https:\/\/pulso27.com\/wp-content\/uploads\/2025\/12\/Margott.png","width":1280,"height":800},{"@type":"BreadcrumbList","@id":"https:\/\/pulso27.com\/actualidad\/congresista-margot-palacios-presenta-valiente-proyecto-de-amnistia-para-pedro-castillo\/#breadcrumb","itemListElement":[{"@type":"ListItem","position":1,"name":"Portada","item":"https:\/\/pulso27.com\/"},{"@type":"ListItem","position":2,"name":"Congresista Margot Palacios presenta valiente proyecto de amnist\u00eda para Pedro Castillo"}]},{"@type":"WebSite","@id":"https:\/\/pulso27.com\/en\/#website","url":"https:\/\/pulso27.com\/en\/","name":"Pulso27","description":"Web de noticias y publicidad","publisher":{"@id":"https:\/\/pulso27.com\/en\/#organization"},"alternateName":"El pulso del pueblo","potentialAction":[{"@type":"SearchAction","target":{"@type":"EntryPoint","urlTemplate":"https:\/\/pulso27.com\/en\/?s={search_term_string}"},"query-input":{"@type":"PropertyValueSpecification","valueRequired":true,"valueName":"search_term_string"}}],"inLanguage":"es-PE"},{"@type":"Organization","@id":"https:\/\/pulso27.com\/en\/#organization","name":"Pulso27","url":"https:\/\/pulso27.com\/en\/","logo":{"@type":"ImageObject","inLanguage":"es-PE","@id":"https:\/\/pulso27.com\/en\/#\/schema\/logo\/image\/","url":"https:\/\/pulso27.com\/wp-content\/uploads\/2026\/02\/Logotipo-de-la-organizacion-696-x-696-px-ok.png","contentUrl":"https:\/\/pulso27.com\/wp-content\/uploads\/2026\/02\/Logotipo-de-la-organizacion-696-x-696-px-ok.png","width":696,"height":696,"caption":"Pulso27"},"image":{"@id":"https:\/\/pulso27.com\/en\/#\/schema\/logo\/image\/"},"sameAs":["https:\/\/www.facebook.com\/pulso27\/","https:\/\/x.com\/Pulso_27","https:\/\/www.youtube.com\/@Pulso27","https:\/\/www.tiktok.com\/@pulso_27"]},{"@type":"Person","@id":"https:\/\/pulso27.com\/en\/#\/schema\/person\/df15ecbcbba89b8627097bc602dc9e15","name":"admin","image":{"@type":"ImageObject","inLanguage":"es-PE","@id":"https:\/\/secure.gravatar.com\/avatar\/828f4a09ba8ce37cfca622f580fec4411ddb2550515ba4e452fa5d850713b8d1?s=96&d=mm&r=g","url":"https:\/\/secure.gravatar.com\/avatar\/828f4a09ba8ce37cfca622f580fec4411ddb2550515ba4e452fa5d850713b8d1?s=96&d=mm&r=g","contentUrl":"https:\/\/secure.gravatar.com\/avatar\/828f4a09ba8ce37cfca622f580fec4411ddb2550515ba4e452fa5d850713b8d1?s=96&d=mm&r=g","caption":"admin"},"sameAs":["http:\/\/www.pulso27.com"],"url":"https:\/\/pulso27.com\/es\/author\/admin-2\/"}]}},"amp_enabled":true,"_links":{"self":[{"href":"https:\/\/pulso27.com\/es\/wp-json\/wp\/v2\/posts\/7028","targetHints":{"allow":["GET"]}}],"collection":[{"href":"https:\/\/pulso27.com\/es\/wp-json\/wp\/v2\/posts"}],"about":[{"href":"https:\/\/pulso27.com\/es\/wp-json\/wp\/v2\/types\/post"}],"author":[{"embeddable":true,"href":"https:\/\/pulso27.com\/es\/wp-json\/wp\/v2\/users\/5"}],"replies":[{"embeddable":true,"href":"https:\/\/pulso27.com\/es\/wp-json\/wp\/v2\/comments?post=7028"}],"version-history":[{"count":1,"href":"https:\/\/pulso27.com\/es\/wp-json\/wp\/v2\/posts\/7028\/revisions"}],"predecessor-version":[{"id":7033,"href":"https:\/\/pulso27.com\/es\/wp-json\/wp\/v2\/posts\/7028\/revisions\/7033"}],"wp:featuredmedia":[{"embeddable":true,"href":"https:\/\/pulso27.com\/es\/wp-json\/wp\/v2\/media\/7029"}],"wp:attachment":[{"href":"https:\/\/pulso27.com\/es\/wp-json\/wp\/v2\/media?parent=7028"}],"wp:term":[{"taxonomy":"category","embeddable":true,"href":"https:\/\/pulso27.com\/es\/wp-json\/wp\/v2\/categories?post=7028"},{"taxonomy":"post_tag","embeddable":true,"href":"https:\/\/pulso27.com\/es\/wp-json\/wp\/v2\/tags?post=7028"}],"curies":[{"name":"wp","href":"https:\/\/api.w.org\/{rel}","templated":true}]}}