{"id":7034,"date":"2025-12-04T07:32:40","date_gmt":"2025-12-04T02:32:40","guid":{"rendered":"https:\/\/pulso27.com\/?p=7034"},"modified":"2025-12-04T07:57:15","modified_gmt":"2025-12-04T02:57:15","slug":"congreso-inhabilita-a-delia-espinoza-y-allana-el-camino-para-copar-los-entes-electorales-de-cara-al-2026","status":"publish","type":"post","link":"https:\/\/pulso27.com\/es\/actualidad\/congreso-inhabilita-a-delia-espinoza-y-allana-el-camino-para-copar-los-entes-electorales-de-cara-al-2026\/","title":{"rendered":"Congreso inhabilita a Delia Espinoza y allana el camino para copar los entes electorales de cara al 2026"},"content":{"rendered":"\n<p>Lima, 3 de diciembre de 2025 \u2013 En una marat\u00f3nica sesi\u00f3n que se extendi\u00f3 hasta la madrugada, el pleno del Congreso logr\u00f3, tras una cuestionada reconsideraci\u00f3n, inhabilitar por diez a\u00f1os a la fiscal suprema Delia Espinoza, la \u00fanica barrera que imped\u00eda el retorno de Patricia Benavides al cargo de fiscal de la Naci\u00f3n. Fuentes parlamentarias de la oposici\u00f3n aseguran que la maniobra forma parte de una estrategia m\u00e1s amplia de la derecha parlamentaria para neutralizar cualquier obst\u00e1culo institucional que pueda fiscalizar o denunciar irregularidades en el proceso electoral del 2026, donde buscan garantizar la reelecci\u00f3n de sus aliados y bloquear el regreso de la izquierda.<\/p>\n\n\n\n<p>El mismo bloque que vot\u00f3 unido por la sanci\u00f3n \u2013Fuerza Popular, Renovaci\u00f3n Popular, Avanza Pa\u00eds, Alianza para el Progreso y Per\u00fa Libre, afines al \u201cacuerdo de gobernabilidad\u201d\u2013 ya tiene sobre la mesa proyectos para reformar la Junta Nacional de Justicia, reducir el n\u00famero de miembros del Jurado Nacional de Elecciones y modificar la ley de organizaciones pol\u00edticas con el objetivo de excluir candidaturas inc\u00f3modas. Seg\u00fan documentos a los que tuvo acceso este medio, la pr\u00f3xima meta es colocar en el JNE y el Reniec a personas de absoluta confianza de Keiko Fujimori y Rafael L\u00f3pez Aliaga, replicando el modelo aplicado en Ecuador y otros pa\u00edses donde el control de los organismos electorales precedi\u00f3 acusaciones de fraude masivo.<\/p>\n\n\n\n<p>Analistas y exmagistrados electorales advierten que, con la Fiscal\u00eda de la Naci\u00f3n en manos afines, la JNJ desmantelada y los entes electorales copados, el escenario para el 2026 queda despejado para un eventual fraude t\u00e9cnico-institucional: manipulaci\u00f3n de actas, denegaci\u00f3n masiva de inscripciones de listas opositoras y blindaje judicial ante cualquier impugnaci\u00f3n. \u201cNo necesitan urnas quemadas ni muertos como en el 2000; hoy basta con tener los organismos que cuentan y revisan los votos\u201d, resumi\u00f3 un exvocal del JNE que pidi\u00f3 reserva de identidad. Mientras el Congreso celebra la \u201crecuperaci\u00f3n de la institucionalidad\u201d, en los pasillos de varias bancadas ya se habla sin tapujos de \u201casegurar el triunfo antes de la campa\u00f1a\u201d.<\/p>\n","protected":false},"excerpt":{"rendered":"<p>Lima, 3 de diciembre de 2025 \u2013 En una marat\u00f3nica sesi\u00f3n que se extendi\u00f3 hasta la madrugada, el pleno del Congreso logr\u00f3, tras una cuestionada reconsideraci\u00f3n, inhabilitar por diez a\u00f1os a la fiscal suprema Delia Espinoza, la \u00fanica barrera que imped\u00eda el retorno de Patricia Benavides al cargo de fiscal de la Naci\u00f3n. Fuentes parlamentarias [&hellip;]<\/p>\n","protected":false},"author":7,"featured_media":7035,"comment_status":"open","ping_status":"open","sticky":false,"template":"","format":"standard","meta":{"footnotes":""},"categories":[183,174,202,1852],"tags":[719,2509,2630],"class_list":["post-7034","post","type-post","status-publish","format-standard","has-post-thumbnail","hentry","category-actualidad","category-nacional","category-sociedad","category-tendencia","tag-congreso-de-la-republica-2","tag-delia-espinoza","tag-fiscal-de-la-nacion"],"yoast_head":"<!-- This site is optimized with the Yoast SEO plugin v27.4 - https:\/\/yoast.com\/product\/yoast-seo-wordpress\/ -->\n<title>Congreso inhabilita a Delia Espinoza y allana el camino para copar los entes electorales de cara al 2026 - Pulso27<\/title>\n<meta name=\"robots\" content=\"index, follow, max-snippet:-1, max-image-preview:large, max-video-preview:-1\" \/>\n<link rel=\"canonical\" href=\"https:\/\/pulso27.com\/es\/actualidad\/congreso-inhabilita-a-delia-espinoza-y-allana-el-camino-para-copar-los-entes-electorales-de-cara-al-2026\/\" \/>\n<meta property=\"og:locale\" content=\"es_ES\" \/>\n<meta property=\"og:type\" content=\"article\" \/>\n<meta property=\"og:title\" content=\"Congreso inhabilita a Delia Espinoza y allana el camino para copar los entes electorales de cara al 2026 - Pulso27\" \/>\n<meta property=\"og:description\" content=\"Lima, 3 de diciembre de 2025 \u2013 En una marat\u00f3nica sesi\u00f3n que se extendi\u00f3 hasta la madrugada, el pleno del Congreso logr\u00f3, tras una cuestionada reconsideraci\u00f3n, inhabilitar por diez a\u00f1os a la fiscal suprema Delia Espinoza, la \u00fanica barrera que imped\u00eda el retorno de Patricia Benavides al cargo de fiscal de la Naci\u00f3n. Fuentes parlamentarias [&hellip;]\" \/>\n<meta property=\"og:url\" content=\"https:\/\/pulso27.com\/es\/actualidad\/congreso-inhabilita-a-delia-espinoza-y-allana-el-camino-para-copar-los-entes-electorales-de-cara-al-2026\/\" \/>\n<meta property=\"og:site_name\" content=\"Pulso27\" \/>\n<meta property=\"article:publisher\" content=\"https:\/\/www.facebook.com\/pulso27\/\" \/>\n<meta property=\"article:published_time\" content=\"2025-12-04T02:32:40+00:00\" \/>\n<meta property=\"article:modified_time\" content=\"2025-12-04T02:57:15+00:00\" \/>\n<meta property=\"og:image\" content=\"https:\/\/pulso27.com\/wp-content\/uploads\/2025\/12\/DeliaEsp.png\" \/>\n\t<meta property=\"og:image:width\" content=\"1200\" \/>\n\t<meta property=\"og:image:height\" content=\"800\" \/>\n\t<meta property=\"og:image:type\" content=\"image\/png\" \/>\n<meta name=\"author\" content=\"Tupaq\" \/>\n<meta name=\"twitter:card\" content=\"summary_large_image\" \/>\n<meta name=\"twitter:creator\" content=\"@Pulso_27\" \/>\n<meta name=\"twitter:site\" content=\"@Pulso_27\" \/>\n<meta name=\"twitter:label1\" content=\"Written by\" \/>\n\t<meta name=\"twitter:data1\" content=\"Tupaq\" \/>\n\t<meta name=\"twitter:label2\" content=\"Est. reading time\" \/>\n\t<meta name=\"twitter:data2\" content=\"2 minutos\" \/>\n<script type=\"application\/ld+json\" class=\"yoast-schema-graph\">{\"@context\":\"https:\\\/\\\/schema.org\",\"@graph\":[{\"@type\":\"Article\",\"@id\":\"https:\\\/\\\/pulso27.com\\\/actualidad\\\/congreso-inhabilita-a-delia-espinoza-y-allana-el-camino-para-copar-los-entes-electorales-de-cara-al-2026\\\/#article\",\"isPartOf\":{\"@id\":\"https:\\\/\\\/pulso27.com\\\/actualidad\\\/congreso-inhabilita-a-delia-espinoza-y-allana-el-camino-para-copar-los-entes-electorales-de-cara-al-2026\\\/\"},\"author\":{\"name\":\"Tupaq\",\"@id\":\"https:\\\/\\\/pulso27.com\\\/en\\\/#\\\/schema\\\/person\\\/d20fd7f5bc7f2e53fd150d43fca07a78\"},\"headline\":\"Congreso inhabilita a Delia Espinoza y allana el camino para copar los entes electorales de cara al 2026\",\"datePublished\":\"2025-12-04T02:32:40+00:00\",\"dateModified\":\"2025-12-04T02:57:15+00:00\",\"mainEntityOfPage\":{\"@id\":\"https:\\\/\\\/pulso27.com\\\/actualidad\\\/congreso-inhabilita-a-delia-espinoza-y-allana-el-camino-para-copar-los-entes-electorales-de-cara-al-2026\\\/\"},\"wordCount\":372,\"commentCount\":0,\"publisher\":{\"@id\":\"https:\\\/\\\/pulso27.com\\\/en\\\/#organization\"},\"image\":{\"@id\":\"https:\\\/\\\/pulso27.com\\\/actualidad\\\/congreso-inhabilita-a-delia-espinoza-y-allana-el-camino-para-copar-los-entes-electorales-de-cara-al-2026\\\/#primaryimage\"},\"thumbnailUrl\":\"https:\\\/\\\/pulso27.com\\\/wp-content\\\/uploads\\\/2025\\\/12\\\/DeliaEsp.png\",\"keywords\":[\"Congreso de la Rep\u00fablica\",\"Delia Espinoza\",\"Fiscal de la Naci\u00f3n\"],\"articleSection\":[\"Actualidad\",\"Nacional\",\"Sociedad\",\"Tendencia\"],\"inLanguage\":\"es-PE\",\"potentialAction\":[{\"@type\":\"CommentAction\",\"name\":\"Comment\",\"target\":[\"https:\\\/\\\/pulso27.com\\\/actualidad\\\/congreso-inhabilita-a-delia-espinoza-y-allana-el-camino-para-copar-los-entes-electorales-de-cara-al-2026\\\/#respond\"]}]},{\"@type\":\"WebPage\",\"@id\":\"https:\\\/\\\/pulso27.com\\\/actualidad\\\/congreso-inhabilita-a-delia-espinoza-y-allana-el-camino-para-copar-los-entes-electorales-de-cara-al-2026\\\/\",\"url\":\"https:\\\/\\\/pulso27.com\\\/actualidad\\\/congreso-inhabilita-a-delia-espinoza-y-allana-el-camino-para-copar-los-entes-electorales-de-cara-al-2026\\\/\",\"name\":\"Congreso inhabilita a Delia Espinoza y allana el camino para copar los entes electorales de cara al 2026 - Pulso27\",\"isPartOf\":{\"@id\":\"https:\\\/\\\/pulso27.com\\\/en\\\/#website\"},\"primaryImageOfPage\":{\"@id\":\"https:\\\/\\\/pulso27.com\\\/actualidad\\\/congreso-inhabilita-a-delia-espinoza-y-allana-el-camino-para-copar-los-entes-electorales-de-cara-al-2026\\\/#primaryimage\"},\"image\":{\"@id\":\"https:\\\/\\\/pulso27.com\\\/actualidad\\\/congreso-inhabilita-a-delia-espinoza-y-allana-el-camino-para-copar-los-entes-electorales-de-cara-al-2026\\\/#primaryimage\"},\"thumbnailUrl\":\"https:\\\/\\\/pulso27.com\\\/wp-content\\\/uploads\\\/2025\\\/12\\\/DeliaEsp.png\",\"datePublished\":\"2025-12-04T02:32:40+00:00\",\"dateModified\":\"2025-12-04T02:57:15+00:00\",\"breadcrumb\":{\"@id\":\"https:\\\/\\\/pulso27.com\\\/actualidad\\\/congreso-inhabilita-a-delia-espinoza-y-allana-el-camino-para-copar-los-entes-electorales-de-cara-al-2026\\\/#breadcrumb\"},\"inLanguage\":\"es-PE\",\"potentialAction\":[{\"@type\":\"ReadAction\",\"target\":[\"https:\\\/\\\/pulso27.com\\\/actualidad\\\/congreso-inhabilita-a-delia-espinoza-y-allana-el-camino-para-copar-los-entes-electorales-de-cara-al-2026\\\/\"]}]},{\"@type\":\"ImageObject\",\"inLanguage\":\"es-PE\",\"@id\":\"https:\\\/\\\/pulso27.com\\\/actualidad\\\/congreso-inhabilita-a-delia-espinoza-y-allana-el-camino-para-copar-los-entes-electorales-de-cara-al-2026\\\/#primaryimage\",\"url\":\"https:\\\/\\\/pulso27.com\\\/wp-content\\\/uploads\\\/2025\\\/12\\\/DeliaEsp.png\",\"contentUrl\":\"https:\\\/\\\/pulso27.com\\\/wp-content\\\/uploads\\\/2025\\\/12\\\/DeliaEsp.png\",\"width\":1200,\"height\":800},{\"@type\":\"BreadcrumbList\",\"@id\":\"https:\\\/\\\/pulso27.com\\\/actualidad\\\/congreso-inhabilita-a-delia-espinoza-y-allana-el-camino-para-copar-los-entes-electorales-de-cara-al-2026\\\/#breadcrumb\",\"itemListElement\":[{\"@type\":\"ListItem\",\"position\":1,\"name\":\"Portada\",\"item\":\"https:\\\/\\\/pulso27.com\\\/\"},{\"@type\":\"ListItem\",\"position\":2,\"name\":\"Congreso inhabilita a Delia Espinoza y allana el camino para copar los entes electorales de cara al 2026\"}]},{\"@type\":\"WebSite\",\"@id\":\"https:\\\/\\\/pulso27.com\\\/en\\\/#website\",\"url\":\"https:\\\/\\\/pulso27.com\\\/en\\\/\",\"name\":\"Pulso27\",\"description\":\"Web de noticias y publicidad\",\"publisher\":{\"@id\":\"https:\\\/\\\/pulso27.com\\\/en\\\/#organization\"},\"alternateName\":\"El pulso del pueblo\",\"potentialAction\":[{\"@type\":\"SearchAction\",\"target\":{\"@type\":\"EntryPoint\",\"urlTemplate\":\"https:\\\/\\\/pulso27.com\\\/en\\\/?s={search_term_string}\"},\"query-input\":{\"@type\":\"PropertyValueSpecification\",\"valueRequired\":true,\"valueName\":\"search_term_string\"}}],\"inLanguage\":\"es-PE\"},{\"@type\":\"Organization\",\"@id\":\"https:\\\/\\\/pulso27.com\\\/en\\\/#organization\",\"name\":\"Pulso27\",\"url\":\"https:\\\/\\\/pulso27.com\\\/en\\\/\",\"logo\":{\"@type\":\"ImageObject\",\"inLanguage\":\"es-PE\",\"@id\":\"https:\\\/\\\/pulso27.com\\\/en\\\/#\\\/schema\\\/logo\\\/image\\\/\",\"url\":\"https:\\\/\\\/pulso27.com\\\/wp-content\\\/uploads\\\/2026\\\/02\\\/Logotipo-de-la-organizacion-696-x-696-px-ok.png\",\"contentUrl\":\"https:\\\/\\\/pulso27.com\\\/wp-content\\\/uploads\\\/2026\\\/02\\\/Logotipo-de-la-organizacion-696-x-696-px-ok.png\",\"width\":696,\"height\":696,\"caption\":\"Pulso27\"},\"image\":{\"@id\":\"https:\\\/\\\/pulso27.com\\\/en\\\/#\\\/schema\\\/logo\\\/image\\\/\"},\"sameAs\":[\"https:\\\/\\\/www.facebook.com\\\/pulso27\\\/\",\"https:\\\/\\\/x.com\\\/Pulso_27\",\"https:\\\/\\\/www.youtube.com\\\/@Pulso27\",\"https:\\\/\\\/www.tiktok.com\\\/@pulso_27\"]},{\"@type\":\"Person\",\"@id\":\"https:\\\/\\\/pulso27.com\\\/en\\\/#\\\/schema\\\/person\\\/d20fd7f5bc7f2e53fd150d43fca07a78\",\"name\":\"Tupaq\",\"image\":{\"@type\":\"ImageObject\",\"inLanguage\":\"es-PE\",\"@id\":\"https:\\\/\\\/secure.gravatar.com\\\/avatar\\\/7929e9b034aeea560319a601e4f04c59eb5f45a79eafe192adabb67e9604e7e7?s=96&d=mm&r=g\",\"url\":\"https:\\\/\\\/secure.gravatar.com\\\/avatar\\\/7929e9b034aeea560319a601e4f04c59eb5f45a79eafe192adabb67e9604e7e7?s=96&d=mm&r=g\",\"contentUrl\":\"https:\\\/\\\/secure.gravatar.com\\\/avatar\\\/7929e9b034aeea560319a601e4f04c59eb5f45a79eafe192adabb67e9604e7e7?s=96&d=mm&r=g\",\"caption\":\"Tupaq\"},\"url\":\"https:\\\/\\\/pulso27.com\\\/es\\\/author\\\/tupaq\\\/\"}]}<\/script>\n<!-- \/ Yoast SEO plugin. -->","yoast_head_json":{"title":"Congreso inhabilita a Delia Espinoza y allana el camino para copar los entes electorales de cara al 2026 - Pulso27","robots":{"index":"index","follow":"follow","max-snippet":"max-snippet:-1","max-image-preview":"max-image-preview:large","max-video-preview":"max-video-preview:-1"},"canonical":"https:\/\/pulso27.com\/es\/actualidad\/congreso-inhabilita-a-delia-espinoza-y-allana-el-camino-para-copar-los-entes-electorales-de-cara-al-2026\/","og_locale":"es_ES","og_type":"article","og_title":"Congreso inhabilita a Delia Espinoza y allana el camino para copar los entes electorales de cara al 2026 - Pulso27","og_description":"Lima, 3 de diciembre de 2025 \u2013 En una marat\u00f3nica sesi\u00f3n que se extendi\u00f3 hasta la madrugada, el pleno del Congreso logr\u00f3, tras una cuestionada reconsideraci\u00f3n, inhabilitar por diez a\u00f1os a la fiscal suprema Delia Espinoza, la \u00fanica barrera que imped\u00eda el retorno de Patricia Benavides al cargo de fiscal de la Naci\u00f3n. Fuentes parlamentarias [&hellip;]","og_url":"https:\/\/pulso27.com\/es\/actualidad\/congreso-inhabilita-a-delia-espinoza-y-allana-el-camino-para-copar-los-entes-electorales-de-cara-al-2026\/","og_site_name":"Pulso27","article_publisher":"https:\/\/www.facebook.com\/pulso27\/","article_published_time":"2025-12-04T02:32:40+00:00","article_modified_time":"2025-12-04T02:57:15+00:00","og_image":[{"width":1200,"height":800,"url":"https:\/\/pulso27.com\/wp-content\/uploads\/2025\/12\/DeliaEsp.png","type":"image\/png"}],"author":"Tupaq","twitter_card":"summary_large_image","twitter_creator":"@Pulso_27","twitter_site":"@Pulso_27","twitter_misc":{"Written by":"Tupaq","Est. reading time":"2 minutos"},"schema":{"@context":"https:\/\/schema.org","@graph":[{"@type":"Article","@id":"https:\/\/pulso27.com\/actualidad\/congreso-inhabilita-a-delia-espinoza-y-allana-el-camino-para-copar-los-entes-electorales-de-cara-al-2026\/#article","isPartOf":{"@id":"https:\/\/pulso27.com\/actualidad\/congreso-inhabilita-a-delia-espinoza-y-allana-el-camino-para-copar-los-entes-electorales-de-cara-al-2026\/"},"author":{"name":"Tupaq","@id":"https:\/\/pulso27.com\/en\/#\/schema\/person\/d20fd7f5bc7f2e53fd150d43fca07a78"},"headline":"Congreso inhabilita a Delia Espinoza y allana el camino para copar los entes electorales de cara al 2026","datePublished":"2025-12-04T02:32:40+00:00","dateModified":"2025-12-04T02:57:15+00:00","mainEntityOfPage":{"@id":"https:\/\/pulso27.com\/actualidad\/congreso-inhabilita-a-delia-espinoza-y-allana-el-camino-para-copar-los-entes-electorales-de-cara-al-2026\/"},"wordCount":372,"commentCount":0,"publisher":{"@id":"https:\/\/pulso27.com\/en\/#organization"},"image":{"@id":"https:\/\/pulso27.com\/actualidad\/congreso-inhabilita-a-delia-espinoza-y-allana-el-camino-para-copar-los-entes-electorales-de-cara-al-2026\/#primaryimage"},"thumbnailUrl":"https:\/\/pulso27.com\/wp-content\/uploads\/2025\/12\/DeliaEsp.png","keywords":["Congreso de la Rep\u00fablica","Delia Espinoza","Fiscal de la Naci\u00f3n"],"articleSection":["Actualidad","Nacional","Sociedad","Tendencia"],"inLanguage":"es-PE","potentialAction":[{"@type":"CommentAction","name":"Comment","target":["https:\/\/pulso27.com\/actualidad\/congreso-inhabilita-a-delia-espinoza-y-allana-el-camino-para-copar-los-entes-electorales-de-cara-al-2026\/#respond"]}]},{"@type":"WebPage","@id":"https:\/\/pulso27.com\/actualidad\/congreso-inhabilita-a-delia-espinoza-y-allana-el-camino-para-copar-los-entes-electorales-de-cara-al-2026\/","url":"https:\/\/pulso27.com\/actualidad\/congreso-inhabilita-a-delia-espinoza-y-allana-el-camino-para-copar-los-entes-electorales-de-cara-al-2026\/","name":"Congreso inhabilita a Delia Espinoza y allana el camino para copar los entes electorales de cara al 2026 - Pulso27","isPartOf":{"@id":"https:\/\/pulso27.com\/en\/#website"},"primaryImageOfPage":{"@id":"https:\/\/pulso27.com\/actualidad\/congreso-inhabilita-a-delia-espinoza-y-allana-el-camino-para-copar-los-entes-electorales-de-cara-al-2026\/#primaryimage"},"image":{"@id":"https:\/\/pulso27.com\/actualidad\/congreso-inhabilita-a-delia-espinoza-y-allana-el-camino-para-copar-los-entes-electorales-de-cara-al-2026\/#primaryimage"},"thumbnailUrl":"https:\/\/pulso27.com\/wp-content\/uploads\/2025\/12\/DeliaEsp.png","datePublished":"2025-12-04T02:32:40+00:00","dateModified":"2025-12-04T02:57:15+00:00","breadcrumb":{"@id":"https:\/\/pulso27.com\/actualidad\/congreso-inhabilita-a-delia-espinoza-y-allana-el-camino-para-copar-los-entes-electorales-de-cara-al-2026\/#breadcrumb"},"inLanguage":"es-PE","potentialAction":[{"@type":"ReadAction","target":["https:\/\/pulso27.com\/actualidad\/congreso-inhabilita-a-delia-espinoza-y-allana-el-camino-para-copar-los-entes-electorales-de-cara-al-2026\/"]}]},{"@type":"ImageObject","inLanguage":"es-PE","@id":"https:\/\/pulso27.com\/actualidad\/congreso-inhabilita-a-delia-espinoza-y-allana-el-camino-para-copar-los-entes-electorales-de-cara-al-2026\/#primaryimage","url":"https:\/\/pulso27.com\/wp-content\/uploads\/2025\/12\/DeliaEsp.png","contentUrl":"https:\/\/pulso27.com\/wp-content\/uploads\/2025\/12\/DeliaEsp.png","width":1200,"height":800},{"@type":"BreadcrumbList","@id":"https:\/\/pulso27.com\/actualidad\/congreso-inhabilita-a-delia-espinoza-y-allana-el-camino-para-copar-los-entes-electorales-de-cara-al-2026\/#breadcrumb","itemListElement":[{"@type":"ListItem","position":1,"name":"Portada","item":"https:\/\/pulso27.com\/"},{"@type":"ListItem","position":2,"name":"Congreso inhabilita a Delia Espinoza y allana el camino para copar los entes electorales de cara al 2026"}]},{"@type":"WebSite","@id":"https:\/\/pulso27.com\/en\/#website","url":"https:\/\/pulso27.com\/en\/","name":"Pulso27","description":"Web de noticias y publicidad","publisher":{"@id":"https:\/\/pulso27.com\/en\/#organization"},"alternateName":"El pulso del pueblo","potentialAction":[{"@type":"SearchAction","target":{"@type":"EntryPoint","urlTemplate":"https:\/\/pulso27.com\/en\/?s={search_term_string}"},"query-input":{"@type":"PropertyValueSpecification","valueRequired":true,"valueName":"search_term_string"}}],"inLanguage":"es-PE"},{"@type":"Organization","@id":"https:\/\/pulso27.com\/en\/#organization","name":"Pulso27","url":"https:\/\/pulso27.com\/en\/","logo":{"@type":"ImageObject","inLanguage":"es-PE","@id":"https:\/\/pulso27.com\/en\/#\/schema\/logo\/image\/","url":"https:\/\/pulso27.com\/wp-content\/uploads\/2026\/02\/Logotipo-de-la-organizacion-696-x-696-px-ok.png","contentUrl":"https:\/\/pulso27.com\/wp-content\/uploads\/2026\/02\/Logotipo-de-la-organizacion-696-x-696-px-ok.png","width":696,"height":696,"caption":"Pulso27"},"image":{"@id":"https:\/\/pulso27.com\/en\/#\/schema\/logo\/image\/"},"sameAs":["https:\/\/www.facebook.com\/pulso27\/","https:\/\/x.com\/Pulso_27","https:\/\/www.youtube.com\/@Pulso27","https:\/\/www.tiktok.com\/@pulso_27"]},{"@type":"Person","@id":"https:\/\/pulso27.com\/en\/#\/schema\/person\/d20fd7f5bc7f2e53fd150d43fca07a78","name":"Tupaq","image":{"@type":"ImageObject","inLanguage":"es-PE","@id":"https:\/\/secure.gravatar.com\/avatar\/7929e9b034aeea560319a601e4f04c59eb5f45a79eafe192adabb67e9604e7e7?s=96&d=mm&r=g","url":"https:\/\/secure.gravatar.com\/avatar\/7929e9b034aeea560319a601e4f04c59eb5f45a79eafe192adabb67e9604e7e7?s=96&d=mm&r=g","contentUrl":"https:\/\/secure.gravatar.com\/avatar\/7929e9b034aeea560319a601e4f04c59eb5f45a79eafe192adabb67e9604e7e7?s=96&d=mm&r=g","caption":"Tupaq"},"url":"https:\/\/pulso27.com\/es\/author\/tupaq\/"}]}},"amp_enabled":true,"_links":{"self":[{"href":"https:\/\/pulso27.com\/es\/wp-json\/wp\/v2\/posts\/7034","targetHints":{"allow":["GET"]}}],"collection":[{"href":"https:\/\/pulso27.com\/es\/wp-json\/wp\/v2\/posts"}],"about":[{"href":"https:\/\/pulso27.com\/es\/wp-json\/wp\/v2\/types\/post"}],"author":[{"embeddable":true,"href":"https:\/\/pulso27.com\/es\/wp-json\/wp\/v2\/users\/7"}],"replies":[{"embeddable":true,"href":"https:\/\/pulso27.com\/es\/wp-json\/wp\/v2\/comments?post=7034"}],"version-history":[{"count":2,"href":"https:\/\/pulso27.com\/es\/wp-json\/wp\/v2\/posts\/7034\/revisions"}],"predecessor-version":[{"id":7048,"href":"https:\/\/pulso27.com\/es\/wp-json\/wp\/v2\/posts\/7034\/revisions\/7048"}],"wp:featuredmedia":[{"embeddable":true,"href":"https:\/\/pulso27.com\/es\/wp-json\/wp\/v2\/media\/7035"}],"wp:attachment":[{"href":"https:\/\/pulso27.com\/es\/wp-json\/wp\/v2\/media?parent=7034"}],"wp:term":[{"taxonomy":"category","embeddable":true,"href":"https:\/\/pulso27.com\/es\/wp-json\/wp\/v2\/categories?post=7034"},{"taxonomy":"post_tag","embeddable":true,"href":"https:\/\/pulso27.com\/es\/wp-json\/wp\/v2\/tags?post=7034"}],"curies":[{"name":"wp","href":"https:\/\/api.w.org\/{rel}","templated":true}]}}