{"id":7097,"date":"2025-12-09T08:41:48","date_gmt":"2025-12-09T03:41:48","guid":{"rendered":"https:\/\/pulso27.com\/?p=7097"},"modified":"2025-12-09T08:41:52","modified_gmt":"2025-12-09T03:41:52","slug":"suspension-judicial-paraliza-elecciones-internas-de-ahora-nacion-y-pone-en-jaque-candidatura-de-alfonso-lopez-chau","status":"publish","type":"post","link":"https:\/\/pulso27.com\/es\/actualidad\/suspension-judicial-paraliza-elecciones-internas-de-ahora-nacion-y-pone-en-jaque-candidatura-de-alfonso-lopez-chau\/","title":{"rendered":"Suspensi\u00f3n judicial paraliza elecciones internas de Ahora Naci\u00f3n y pone en jaque candidatura de Alfonso L\u00f3pez Chau"},"content":{"rendered":"\n<p>Lima, 8 de diciembre de 2025.- El Poder Judicial orden\u00f3 la suspensi\u00f3n provisional del proceso electoral interno del partido Ahora Naci\u00f3n, lo que paraliz\u00f3 las votaciones programadas para este domingo 7 de diciembre destinadas a elegir la plancha presidencial encabezada por Alfonso L\u00f3pez Chau, as\u00ed como a los candidatos al Senado, la C\u00e1mara de Diputados y el Parlamento Andino. La medida fue emitida por el Juzgado Civil de La Merced, en Jun\u00edn, al declarar fundada una demanda de amparo presentada por los militantes Geraldine Estefany Ponce Llanos y Nilton C\u00e9sar Meza Franco contra el Tribunal Electoral Nacional del partido. Seg\u00fan la resoluci\u00f3n del juez Augusto Balb\u00edn Sol\u00eds, la suspensi\u00f3n abarca los efectos jur\u00eddicos y f\u00e1cticos del acta de sesi\u00f3n del 8 de octubre de 2025, que convocaba la elecci\u00f3n de delegados y el cronograma general para las elecciones generales de 2026.<\/p>\n\n\n\n<p>Los demandantes alegaron irregularidades graves en el procedimiento, como la falta de publicaci\u00f3n oportuna de la convocatoria y el cronograma electoral, lo que les impidi\u00f3 presentar listas alternativas o formular tachas contra otras postulaciones. Adem\u00e1s, denunciaron que el proceso no fue comunicado al Jurado Nacional de Elecciones (JNE) ni a la Oficina Nacional de Procesos Electorales (ONPE), violando el derecho a participar, elegir y ser elegidos de los afiliados. Otro punto controvertido fue el requisito de un pago de hasta S\/ 80.000 para inscribir candidaturas, calificado como discriminatorio e irregular. La resoluci\u00f3n judicial advierte al Tribunal Electoral Nacional, presidido por Daniel Mart\u00edn Pl\u00e1cido Matta, que se abstenga de continuar el proceso bajo apercibimiento de denuncia por desobediencia y resistencia a la autoridad, hasta la resoluci\u00f3n del fondo del caso.<\/p>\n\n\n\n<p>A pesar de la orden judicial, Ahora Naci\u00f3n procedi\u00f3 con la elecci\u00f3n de delegados el 30 de noviembre y las votaciones del 7 de diciembre bajo la supervisi\u00f3n t\u00e9cnica de la ONPE, argumentando que el fallo es inaplicable y que los actos ya ejecutados no pueden ser retrotra\u00eddos. El Comit\u00e9 Ejecutivo Nacional del partido expres\u00f3 preocupaci\u00f3n por posibles intentos de bloquear su participaci\u00f3n en los comicios de abril de 2026, y anunci\u00f3 que evaluar\u00e1 medidas legales posteriores. Expertos electorales consultados indican que esta suspensi\u00f3n podr\u00eda derivar en una tacha ante el JNE, invalidando la candidatura de L\u00f3pez Chau si se confirman las infracciones a la democracia interna, en un contexto de 37 partidos que completaron sus procesos sin mayores contratiempos.<\/p>\n","protected":false},"excerpt":{"rendered":"<p>Lima, 8 de diciembre de 2025.- El Poder Judicial orden\u00f3 la suspensi\u00f3n provisional del proceso electoral interno del partido Ahora Naci\u00f3n, lo que paraliz\u00f3 las votaciones programadas para este domingo 7 de diciembre destinadas a elegir la plancha presidencial encabezada por Alfonso L\u00f3pez Chau, as\u00ed como a los candidatos al Senado, la C\u00e1mara de Diputados [&hellip;]<\/p>\n","protected":false},"author":13,"featured_media":7098,"comment_status":"open","ping_status":"open","sticky":false,"template":"","format":"standard","meta":{"footnotes":""},"categories":[183,174,202,1852],"tags":[2421,2642,2185],"class_list":["post-7097","post","type-post","status-publish","format-standard","has-post-thumbnail","hentry","category-actualidad","category-nacional","category-sociedad","category-tendencia","tag-ahora-nacion","tag-alfondo-lopez-chau","tag-onpe"],"yoast_head":"<!-- This site is optimized with the Yoast SEO plugin v27.4 - https:\/\/yoast.com\/product\/yoast-seo-wordpress\/ -->\n<title>Suspensi\u00f3n judicial paraliza elecciones internas de Ahora Naci\u00f3n y pone en jaque candidatura de Alfonso L\u00f3pez Chau - Pulso27<\/title>\n<meta name=\"robots\" content=\"index, follow, max-snippet:-1, max-image-preview:large, max-video-preview:-1\" \/>\n<link rel=\"canonical\" href=\"https:\/\/pulso27.com\/es\/actualidad\/suspension-judicial-paraliza-elecciones-internas-de-ahora-nacion-y-pone-en-jaque-candidatura-de-alfonso-lopez-chau\/\" \/>\n<meta property=\"og:locale\" content=\"es_ES\" \/>\n<meta property=\"og:type\" content=\"article\" \/>\n<meta property=\"og:title\" content=\"Suspensi\u00f3n judicial paraliza elecciones internas de Ahora Naci\u00f3n y pone en jaque candidatura de Alfonso L\u00f3pez Chau - Pulso27\" \/>\n<meta property=\"og:description\" content=\"Lima, 8 de diciembre de 2025.- El Poder Judicial orden\u00f3 la suspensi\u00f3n provisional del proceso electoral interno del partido Ahora Naci\u00f3n, lo que paraliz\u00f3 las votaciones programadas para este domingo 7 de diciembre destinadas a elegir la plancha presidencial encabezada por Alfonso L\u00f3pez Chau, as\u00ed como a los candidatos al Senado, la C\u00e1mara de Diputados [&hellip;]\" \/>\n<meta property=\"og:url\" content=\"https:\/\/pulso27.com\/es\/actualidad\/suspension-judicial-paraliza-elecciones-internas-de-ahora-nacion-y-pone-en-jaque-candidatura-de-alfonso-lopez-chau\/\" \/>\n<meta property=\"og:site_name\" content=\"Pulso27\" \/>\n<meta property=\"article:publisher\" content=\"https:\/\/www.facebook.com\/pulso27\/\" \/>\n<meta property=\"article:published_time\" content=\"2025-12-09T03:41:48+00:00\" \/>\n<meta property=\"article:modified_time\" content=\"2025-12-09T03:41:52+00:00\" \/>\n<meta property=\"og:image\" content=\"https:\/\/pulso27.com\/wp-content\/uploads\/2025\/12\/LopezCh.png\" \/>\n\t<meta property=\"og:image:width\" content=\"1200\" \/>\n\t<meta property=\"og:image:height\" content=\"800\" \/>\n\t<meta property=\"og:image:type\" content=\"image\/png\" \/>\n<meta name=\"author\" content=\"Redactor\" \/>\n<meta name=\"twitter:card\" content=\"summary_large_image\" \/>\n<meta name=\"twitter:creator\" content=\"@Pulso_27\" \/>\n<meta name=\"twitter:site\" content=\"@Pulso_27\" \/>\n<meta name=\"twitter:label1\" content=\"Written by\" \/>\n\t<meta name=\"twitter:data1\" content=\"Redactor\" \/>\n\t<meta name=\"twitter:label2\" content=\"Est. reading time\" \/>\n\t<meta name=\"twitter:data2\" content=\"2 minutos\" \/>\n<script type=\"application\/ld+json\" class=\"yoast-schema-graph\">{\"@context\":\"https:\\\/\\\/schema.org\",\"@graph\":[{\"@type\":\"Article\",\"@id\":\"https:\\\/\\\/pulso27.com\\\/actualidad\\\/suspension-judicial-paraliza-elecciones-internas-de-ahora-nacion-y-pone-en-jaque-candidatura-de-alfonso-lopez-chau\\\/#article\",\"isPartOf\":{\"@id\":\"https:\\\/\\\/pulso27.com\\\/actualidad\\\/suspension-judicial-paraliza-elecciones-internas-de-ahora-nacion-y-pone-en-jaque-candidatura-de-alfonso-lopez-chau\\\/\"},\"author\":{\"name\":\"Redactor\",\"@id\":\"https:\\\/\\\/pulso27.com\\\/en\\\/#\\\/schema\\\/person\\\/bf5ee161e6c87f6c7d57f5e689ef8526\"},\"headline\":\"Suspensi\u00f3n judicial paraliza elecciones internas de Ahora Naci\u00f3n y pone en jaque candidatura de Alfonso L\u00f3pez Chau\",\"datePublished\":\"2025-12-09T03:41:48+00:00\",\"dateModified\":\"2025-12-09T03:41:52+00:00\",\"mainEntityOfPage\":{\"@id\":\"https:\\\/\\\/pulso27.com\\\/actualidad\\\/suspension-judicial-paraliza-elecciones-internas-de-ahora-nacion-y-pone-en-jaque-candidatura-de-alfonso-lopez-chau\\\/\"},\"wordCount\":431,\"commentCount\":0,\"publisher\":{\"@id\":\"https:\\\/\\\/pulso27.com\\\/en\\\/#organization\"},\"image\":{\"@id\":\"https:\\\/\\\/pulso27.com\\\/actualidad\\\/suspension-judicial-paraliza-elecciones-internas-de-ahora-nacion-y-pone-en-jaque-candidatura-de-alfonso-lopez-chau\\\/#primaryimage\"},\"thumbnailUrl\":\"https:\\\/\\\/pulso27.com\\\/wp-content\\\/uploads\\\/2025\\\/12\\\/LopezCh.png\",\"keywords\":[\"Ahora Naci\u00f3n\",\"Alfondo Lopez Chau\",\"ONPE\"],\"articleSection\":[\"Actualidad\",\"Nacional\",\"Sociedad\",\"Tendencia\"],\"inLanguage\":\"es-PE\",\"potentialAction\":[{\"@type\":\"CommentAction\",\"name\":\"Comment\",\"target\":[\"https:\\\/\\\/pulso27.com\\\/actualidad\\\/suspension-judicial-paraliza-elecciones-internas-de-ahora-nacion-y-pone-en-jaque-candidatura-de-alfonso-lopez-chau\\\/#respond\"]}]},{\"@type\":\"WebPage\",\"@id\":\"https:\\\/\\\/pulso27.com\\\/actualidad\\\/suspension-judicial-paraliza-elecciones-internas-de-ahora-nacion-y-pone-en-jaque-candidatura-de-alfonso-lopez-chau\\\/\",\"url\":\"https:\\\/\\\/pulso27.com\\\/actualidad\\\/suspension-judicial-paraliza-elecciones-internas-de-ahora-nacion-y-pone-en-jaque-candidatura-de-alfonso-lopez-chau\\\/\",\"name\":\"Suspensi\u00f3n judicial paraliza elecciones internas de Ahora Naci\u00f3n y pone en jaque candidatura de Alfonso L\u00f3pez Chau - Pulso27\",\"isPartOf\":{\"@id\":\"https:\\\/\\\/pulso27.com\\\/en\\\/#website\"},\"primaryImageOfPage\":{\"@id\":\"https:\\\/\\\/pulso27.com\\\/actualidad\\\/suspension-judicial-paraliza-elecciones-internas-de-ahora-nacion-y-pone-en-jaque-candidatura-de-alfonso-lopez-chau\\\/#primaryimage\"},\"image\":{\"@id\":\"https:\\\/\\\/pulso27.com\\\/actualidad\\\/suspension-judicial-paraliza-elecciones-internas-de-ahora-nacion-y-pone-en-jaque-candidatura-de-alfonso-lopez-chau\\\/#primaryimage\"},\"thumbnailUrl\":\"https:\\\/\\\/pulso27.com\\\/wp-content\\\/uploads\\\/2025\\\/12\\\/LopezCh.png\",\"datePublished\":\"2025-12-09T03:41:48+00:00\",\"dateModified\":\"2025-12-09T03:41:52+00:00\",\"breadcrumb\":{\"@id\":\"https:\\\/\\\/pulso27.com\\\/actualidad\\\/suspension-judicial-paraliza-elecciones-internas-de-ahora-nacion-y-pone-en-jaque-candidatura-de-alfonso-lopez-chau\\\/#breadcrumb\"},\"inLanguage\":\"es-PE\",\"potentialAction\":[{\"@type\":\"ReadAction\",\"target\":[\"https:\\\/\\\/pulso27.com\\\/actualidad\\\/suspension-judicial-paraliza-elecciones-internas-de-ahora-nacion-y-pone-en-jaque-candidatura-de-alfonso-lopez-chau\\\/\"]}]},{\"@type\":\"ImageObject\",\"inLanguage\":\"es-PE\",\"@id\":\"https:\\\/\\\/pulso27.com\\\/actualidad\\\/suspension-judicial-paraliza-elecciones-internas-de-ahora-nacion-y-pone-en-jaque-candidatura-de-alfonso-lopez-chau\\\/#primaryimage\",\"url\":\"https:\\\/\\\/pulso27.com\\\/wp-content\\\/uploads\\\/2025\\\/12\\\/LopezCh.png\",\"contentUrl\":\"https:\\\/\\\/pulso27.com\\\/wp-content\\\/uploads\\\/2025\\\/12\\\/LopezCh.png\",\"width\":1200,\"height\":800},{\"@type\":\"BreadcrumbList\",\"@id\":\"https:\\\/\\\/pulso27.com\\\/actualidad\\\/suspension-judicial-paraliza-elecciones-internas-de-ahora-nacion-y-pone-en-jaque-candidatura-de-alfonso-lopez-chau\\\/#breadcrumb\",\"itemListElement\":[{\"@type\":\"ListItem\",\"position\":1,\"name\":\"Portada\",\"item\":\"https:\\\/\\\/pulso27.com\\\/\"},{\"@type\":\"ListItem\",\"position\":2,\"name\":\"Suspensi\u00f3n judicial paraliza elecciones internas de Ahora Naci\u00f3n y pone en jaque candidatura de Alfonso L\u00f3pez Chau\"}]},{\"@type\":\"WebSite\",\"@id\":\"https:\\\/\\\/pulso27.com\\\/en\\\/#website\",\"url\":\"https:\\\/\\\/pulso27.com\\\/en\\\/\",\"name\":\"Pulso27\",\"description\":\"Web de noticias y publicidad\",\"publisher\":{\"@id\":\"https:\\\/\\\/pulso27.com\\\/en\\\/#organization\"},\"alternateName\":\"El pulso del pueblo\",\"potentialAction\":[{\"@type\":\"SearchAction\",\"target\":{\"@type\":\"EntryPoint\",\"urlTemplate\":\"https:\\\/\\\/pulso27.com\\\/en\\\/?s={search_term_string}\"},\"query-input\":{\"@type\":\"PropertyValueSpecification\",\"valueRequired\":true,\"valueName\":\"search_term_string\"}}],\"inLanguage\":\"es-PE\"},{\"@type\":\"Organization\",\"@id\":\"https:\\\/\\\/pulso27.com\\\/en\\\/#organization\",\"name\":\"Pulso27\",\"url\":\"https:\\\/\\\/pulso27.com\\\/en\\\/\",\"logo\":{\"@type\":\"ImageObject\",\"inLanguage\":\"es-PE\",\"@id\":\"https:\\\/\\\/pulso27.com\\\/en\\\/#\\\/schema\\\/logo\\\/image\\\/\",\"url\":\"https:\\\/\\\/pulso27.com\\\/wp-content\\\/uploads\\\/2026\\\/02\\\/Logotipo-de-la-organizacion-696-x-696-px-ok.png\",\"contentUrl\":\"https:\\\/\\\/pulso27.com\\\/wp-content\\\/uploads\\\/2026\\\/02\\\/Logotipo-de-la-organizacion-696-x-696-px-ok.png\",\"width\":696,\"height\":696,\"caption\":\"Pulso27\"},\"image\":{\"@id\":\"https:\\\/\\\/pulso27.com\\\/en\\\/#\\\/schema\\\/logo\\\/image\\\/\"},\"sameAs\":[\"https:\\\/\\\/www.facebook.com\\\/pulso27\\\/\",\"https:\\\/\\\/x.com\\\/Pulso_27\",\"https:\\\/\\\/www.youtube.com\\\/@Pulso27\",\"https:\\\/\\\/www.tiktok.com\\\/@pulso_27\"]},{\"@type\":\"Person\",\"@id\":\"https:\\\/\\\/pulso27.com\\\/en\\\/#\\\/schema\\\/person\\\/bf5ee161e6c87f6c7d57f5e689ef8526\",\"name\":\"Redactor\",\"image\":{\"@type\":\"ImageObject\",\"inLanguage\":\"es-PE\",\"@id\":\"https:\\\/\\\/pulso27.com\\\/wp-content\\\/uploads\\\/2025\\\/03\\\/a-150x150.png\",\"url\":\"https:\\\/\\\/pulso27.com\\\/wp-content\\\/uploads\\\/2025\\\/03\\\/a-150x150.png\",\"contentUrl\":\"https:\\\/\\\/pulso27.com\\\/wp-content\\\/uploads\\\/2025\\\/03\\\/a-150x150.png\",\"caption\":\"Redactor\"},\"sameAs\":[\"http:\\\/\\\/www.pulso27.com\"],\"url\":\"https:\\\/\\\/pulso27.com\\\/es\\\/author\\\/redactor\\\/\"}]}<\/script>\n<!-- \/ Yoast SEO plugin. -->","yoast_head_json":{"title":"Suspensi\u00f3n judicial paraliza elecciones internas de Ahora Naci\u00f3n y pone en jaque candidatura de Alfonso L\u00f3pez Chau - Pulso27","robots":{"index":"index","follow":"follow","max-snippet":"max-snippet:-1","max-image-preview":"max-image-preview:large","max-video-preview":"max-video-preview:-1"},"canonical":"https:\/\/pulso27.com\/es\/actualidad\/suspension-judicial-paraliza-elecciones-internas-de-ahora-nacion-y-pone-en-jaque-candidatura-de-alfonso-lopez-chau\/","og_locale":"es_ES","og_type":"article","og_title":"Suspensi\u00f3n judicial paraliza elecciones internas de Ahora Naci\u00f3n y pone en jaque candidatura de Alfonso L\u00f3pez Chau - Pulso27","og_description":"Lima, 8 de diciembre de 2025.- El Poder Judicial orden\u00f3 la suspensi\u00f3n provisional del proceso electoral interno del partido Ahora Naci\u00f3n, lo que paraliz\u00f3 las votaciones programadas para este domingo 7 de diciembre destinadas a elegir la plancha presidencial encabezada por Alfonso L\u00f3pez Chau, as\u00ed como a los candidatos al Senado, la C\u00e1mara de Diputados [&hellip;]","og_url":"https:\/\/pulso27.com\/es\/actualidad\/suspension-judicial-paraliza-elecciones-internas-de-ahora-nacion-y-pone-en-jaque-candidatura-de-alfonso-lopez-chau\/","og_site_name":"Pulso27","article_publisher":"https:\/\/www.facebook.com\/pulso27\/","article_published_time":"2025-12-09T03:41:48+00:00","article_modified_time":"2025-12-09T03:41:52+00:00","og_image":[{"width":1200,"height":800,"url":"https:\/\/pulso27.com\/wp-content\/uploads\/2025\/12\/LopezCh.png","type":"image\/png"}],"author":"Redactor","twitter_card":"summary_large_image","twitter_creator":"@Pulso_27","twitter_site":"@Pulso_27","twitter_misc":{"Written by":"Redactor","Est. reading time":"2 minutos"},"schema":{"@context":"https:\/\/schema.org","@graph":[{"@type":"Article","@id":"https:\/\/pulso27.com\/actualidad\/suspension-judicial-paraliza-elecciones-internas-de-ahora-nacion-y-pone-en-jaque-candidatura-de-alfonso-lopez-chau\/#article","isPartOf":{"@id":"https:\/\/pulso27.com\/actualidad\/suspension-judicial-paraliza-elecciones-internas-de-ahora-nacion-y-pone-en-jaque-candidatura-de-alfonso-lopez-chau\/"},"author":{"name":"Redactor","@id":"https:\/\/pulso27.com\/en\/#\/schema\/person\/bf5ee161e6c87f6c7d57f5e689ef8526"},"headline":"Suspensi\u00f3n judicial paraliza elecciones internas de Ahora Naci\u00f3n y pone en jaque candidatura de Alfonso L\u00f3pez Chau","datePublished":"2025-12-09T03:41:48+00:00","dateModified":"2025-12-09T03:41:52+00:00","mainEntityOfPage":{"@id":"https:\/\/pulso27.com\/actualidad\/suspension-judicial-paraliza-elecciones-internas-de-ahora-nacion-y-pone-en-jaque-candidatura-de-alfonso-lopez-chau\/"},"wordCount":431,"commentCount":0,"publisher":{"@id":"https:\/\/pulso27.com\/en\/#organization"},"image":{"@id":"https:\/\/pulso27.com\/actualidad\/suspension-judicial-paraliza-elecciones-internas-de-ahora-nacion-y-pone-en-jaque-candidatura-de-alfonso-lopez-chau\/#primaryimage"},"thumbnailUrl":"https:\/\/pulso27.com\/wp-content\/uploads\/2025\/12\/LopezCh.png","keywords":["Ahora Naci\u00f3n","Alfondo Lopez Chau","ONPE"],"articleSection":["Actualidad","Nacional","Sociedad","Tendencia"],"inLanguage":"es-PE","potentialAction":[{"@type":"CommentAction","name":"Comment","target":["https:\/\/pulso27.com\/actualidad\/suspension-judicial-paraliza-elecciones-internas-de-ahora-nacion-y-pone-en-jaque-candidatura-de-alfonso-lopez-chau\/#respond"]}]},{"@type":"WebPage","@id":"https:\/\/pulso27.com\/actualidad\/suspension-judicial-paraliza-elecciones-internas-de-ahora-nacion-y-pone-en-jaque-candidatura-de-alfonso-lopez-chau\/","url":"https:\/\/pulso27.com\/actualidad\/suspension-judicial-paraliza-elecciones-internas-de-ahora-nacion-y-pone-en-jaque-candidatura-de-alfonso-lopez-chau\/","name":"Suspensi\u00f3n judicial paraliza elecciones internas de Ahora Naci\u00f3n y pone en jaque candidatura de Alfonso L\u00f3pez Chau - Pulso27","isPartOf":{"@id":"https:\/\/pulso27.com\/en\/#website"},"primaryImageOfPage":{"@id":"https:\/\/pulso27.com\/actualidad\/suspension-judicial-paraliza-elecciones-internas-de-ahora-nacion-y-pone-en-jaque-candidatura-de-alfonso-lopez-chau\/#primaryimage"},"image":{"@id":"https:\/\/pulso27.com\/actualidad\/suspension-judicial-paraliza-elecciones-internas-de-ahora-nacion-y-pone-en-jaque-candidatura-de-alfonso-lopez-chau\/#primaryimage"},"thumbnailUrl":"https:\/\/pulso27.com\/wp-content\/uploads\/2025\/12\/LopezCh.png","datePublished":"2025-12-09T03:41:48+00:00","dateModified":"2025-12-09T03:41:52+00:00","breadcrumb":{"@id":"https:\/\/pulso27.com\/actualidad\/suspension-judicial-paraliza-elecciones-internas-de-ahora-nacion-y-pone-en-jaque-candidatura-de-alfonso-lopez-chau\/#breadcrumb"},"inLanguage":"es-PE","potentialAction":[{"@type":"ReadAction","target":["https:\/\/pulso27.com\/actualidad\/suspension-judicial-paraliza-elecciones-internas-de-ahora-nacion-y-pone-en-jaque-candidatura-de-alfonso-lopez-chau\/"]}]},{"@type":"ImageObject","inLanguage":"es-PE","@id":"https:\/\/pulso27.com\/actualidad\/suspension-judicial-paraliza-elecciones-internas-de-ahora-nacion-y-pone-en-jaque-candidatura-de-alfonso-lopez-chau\/#primaryimage","url":"https:\/\/pulso27.com\/wp-content\/uploads\/2025\/12\/LopezCh.png","contentUrl":"https:\/\/pulso27.com\/wp-content\/uploads\/2025\/12\/LopezCh.png","width":1200,"height":800},{"@type":"BreadcrumbList","@id":"https:\/\/pulso27.com\/actualidad\/suspension-judicial-paraliza-elecciones-internas-de-ahora-nacion-y-pone-en-jaque-candidatura-de-alfonso-lopez-chau\/#breadcrumb","itemListElement":[{"@type":"ListItem","position":1,"name":"Portada","item":"https:\/\/pulso27.com\/"},{"@type":"ListItem","position":2,"name":"Suspensi\u00f3n judicial paraliza elecciones internas de Ahora Naci\u00f3n y pone en jaque candidatura de Alfonso L\u00f3pez Chau"}]},{"@type":"WebSite","@id":"https:\/\/pulso27.com\/en\/#website","url":"https:\/\/pulso27.com\/en\/","name":"Pulso27","description":"Web de noticias y publicidad","publisher":{"@id":"https:\/\/pulso27.com\/en\/#organization"},"alternateName":"El pulso del pueblo","potentialAction":[{"@type":"SearchAction","target":{"@type":"EntryPoint","urlTemplate":"https:\/\/pulso27.com\/en\/?s={search_term_string}"},"query-input":{"@type":"PropertyValueSpecification","valueRequired":true,"valueName":"search_term_string"}}],"inLanguage":"es-PE"},{"@type":"Organization","@id":"https:\/\/pulso27.com\/en\/#organization","name":"Pulso27","url":"https:\/\/pulso27.com\/en\/","logo":{"@type":"ImageObject","inLanguage":"es-PE","@id":"https:\/\/pulso27.com\/en\/#\/schema\/logo\/image\/","url":"https:\/\/pulso27.com\/wp-content\/uploads\/2026\/02\/Logotipo-de-la-organizacion-696-x-696-px-ok.png","contentUrl":"https:\/\/pulso27.com\/wp-content\/uploads\/2026\/02\/Logotipo-de-la-organizacion-696-x-696-px-ok.png","width":696,"height":696,"caption":"Pulso27"},"image":{"@id":"https:\/\/pulso27.com\/en\/#\/schema\/logo\/image\/"},"sameAs":["https:\/\/www.facebook.com\/pulso27\/","https:\/\/x.com\/Pulso_27","https:\/\/www.youtube.com\/@Pulso27","https:\/\/www.tiktok.com\/@pulso_27"]},{"@type":"Person","@id":"https:\/\/pulso27.com\/en\/#\/schema\/person\/bf5ee161e6c87f6c7d57f5e689ef8526","name":"Redactor","image":{"@type":"ImageObject","inLanguage":"es-PE","@id":"https:\/\/pulso27.com\/wp-content\/uploads\/2025\/03\/a-150x150.png","url":"https:\/\/pulso27.com\/wp-content\/uploads\/2025\/03\/a-150x150.png","contentUrl":"https:\/\/pulso27.com\/wp-content\/uploads\/2025\/03\/a-150x150.png","caption":"Redactor"},"sameAs":["http:\/\/www.pulso27.com"],"url":"https:\/\/pulso27.com\/es\/author\/redactor\/"}]}},"amp_enabled":true,"_links":{"self":[{"href":"https:\/\/pulso27.com\/es\/wp-json\/wp\/v2\/posts\/7097","targetHints":{"allow":["GET"]}}],"collection":[{"href":"https:\/\/pulso27.com\/es\/wp-json\/wp\/v2\/posts"}],"about":[{"href":"https:\/\/pulso27.com\/es\/wp-json\/wp\/v2\/types\/post"}],"author":[{"embeddable":true,"href":"https:\/\/pulso27.com\/es\/wp-json\/wp\/v2\/users\/13"}],"replies":[{"embeddable":true,"href":"https:\/\/pulso27.com\/es\/wp-json\/wp\/v2\/comments?post=7097"}],"version-history":[{"count":1,"href":"https:\/\/pulso27.com\/es\/wp-json\/wp\/v2\/posts\/7097\/revisions"}],"predecessor-version":[{"id":7102,"href":"https:\/\/pulso27.com\/es\/wp-json\/wp\/v2\/posts\/7097\/revisions\/7102"}],"wp:featuredmedia":[{"embeddable":true,"href":"https:\/\/pulso27.com\/es\/wp-json\/wp\/v2\/media\/7098"}],"wp:attachment":[{"href":"https:\/\/pulso27.com\/es\/wp-json\/wp\/v2\/media?parent=7097"}],"wp:term":[{"taxonomy":"category","embeddable":true,"href":"https:\/\/pulso27.com\/es\/wp-json\/wp\/v2\/categories?post=7097"},{"taxonomy":"post_tag","embeddable":true,"href":"https:\/\/pulso27.com\/es\/wp-json\/wp\/v2\/tags?post=7097"}],"curies":[{"name":"wp","href":"https:\/\/api.w.org\/{rel}","templated":true}]}}