{"id":7117,"date":"2025-12-12T08:49:43","date_gmt":"2025-12-12T03:49:43","guid":{"rendered":"https:\/\/pulso27.com\/?p=7117"},"modified":"2025-12-12T08:56:53","modified_gmt":"2025-12-12T03:56:53","slug":"pol-deportes-la-voz-quechua-chanka-que-conquista-el-futbol-mundial","status":"publish","type":"post","link":"https:\/\/pulso27.com\/es\/actualidad\/pol-deportes-la-voz-quechua-chanka-que-conquista-el-futbol-mundial\/","title":{"rendered":"Pol Deportes: La voz quechua Chanka que conquista el f\u00fatbol mundial"},"content":{"rendered":"\n<p>En las alturas de Andahuaylas, Apur\u00edmac, donde el viento andino susurra en quechua Chanka, naci\u00f3 Cl\u00edver Huam\u00e1n S\u00e1nchez, conocido en el mundo digital como Pol Deportes. Con apenas tres a\u00f1os, influenciado por su padre Victoriano, quien participaba en radios locales, el joven so\u00f1\u00f3 con narrar goles como un puente entre su herencia cultural y la pasi\u00f3n por el f\u00fatbol. Creciendo en la chacra familiar, sin acceso a estadios ni internet estable, Cl\u00edver incorpor\u00f3 el quechua Chanka a sus primeras transmisiones improvisadas, trabajando en los campos de quinua mientras relataba partidos locales. Esta identidad ind\u00edgena no fue un obst\u00e1culo, sino el n\u00facleo de su estilo: un relato vibrante que fusiona el ritmo ancestral con la adrenalina del deporte, convirti\u00e9ndolo en un s\u00edmbolo de orgullo para la poblaci\u00f3n andahuaylina.<\/p>\n\n\n\n<p>Sus inicios en las transmisiones deportivas locales fueron humildes pero impactantes. A los 13 a\u00f1os, Cl\u00edver cubr\u00eda partidos del Club Deportivo Los Chankas, equipo de su tierra que hoy milita en Primera Divisi\u00f3n, narrando desde las gradas con un micr\u00f3fono casero y su hermano Kenny como manager. En 2024, su dominio del quechua Chanka lo catapult\u00f3 a la televisi\u00f3n nacional: TVPer\u00fa lo destac\u00f3 en una entrevista donde relat\u00f3 jugadas en su lengua materna, y ATV lo invit\u00f3 a improvisar tras un Universitario vs. Los Chankas. Ese a\u00f1o, Peter Ar\u00e9valo lo respald\u00f3 en un relato televisado, pero el punto de inflexi\u00f3n lleg\u00f3 con la final de la Copa Libertadores entre Flamengo y Palmeiras. Viajando 18 horas desde Andahuaylas a Lima, sin acreditaci\u00f3n de Conmebol, Pol Deportes escal\u00f3 el Cerro Puruchuco para transmitir en vivo por TikTok, gritando goles en quechua Chanka ante miles de seguidores. El video se viraliz\u00f3, posicion\u00e1ndolo como el narrador que lleva las ra\u00edces andinas al coraz\u00f3n del f\u00fatbol sudamericano.<\/p>\n\n\n\n<p>Hoy, a sus 16 a\u00f1os, Pol Deportes ha escalado a los escenarios de m\u00e1ximo nivel, llevando su identidad quechua Chanka a Europa. En diciembre de 2025, durante su viaje a Espa\u00f1a, narr\u00f3 un gol del Atl\u00e9tico de Madrid ante PSV en la Champions League desde la cabina de Radio Marca, intercalando frases en quechua que dejaron boquiabiertos a periodistas espa\u00f1oles: \u00ab\u00a1Eres un fen\u00f3meno, t\u00edo!\u00bb, exclamaron, celebrando la frescura de su estilo. Desde el Santiago Bernab\u00e9u, rodeado de la comunidad peruana en Madrid, Cl\u00edver no solo cumpli\u00f3 el sue\u00f1o de relatar en la \u00e9lite, sino que globaliz\u00f3 su herencia Chanka, generando orgullo en hablantes de lenguas originarias y becas para estudiar periodismo. Su trayectoria, de la sierra apurime\u00f1a a los reflectores internacionales, inspira a una nueva generaci\u00f3n: el f\u00fatbol no tiene fronteras, pero s\u00ed ra\u00edces que Pol Deportes defiende con cada narraci\u00f3n.<\/p>\n","protected":false},"excerpt":{"rendered":"<p>En las alturas de Andahuaylas, Apur\u00edmac, donde el viento andino susurra en quechua Chanka, naci\u00f3 Cl\u00edver Huam\u00e1n S\u00e1nchez, conocido en el mundo digital como Pol Deportes. Con apenas tres a\u00f1os, influenciado por su padre Victoriano, quien participaba en radios locales, el joven so\u00f1\u00f3 con narrar goles como un puente entre su herencia cultural y la [&hellip;]<\/p>\n","protected":false},"author":13,"featured_media":7118,"comment_status":"open","ping_status":"open","sticky":false,"template":"","format":"standard","meta":{"footnotes":""},"categories":[183,176,173,1852],"tags":[2647],"class_list":["post-7117","post","type-post","status-publish","format-standard","has-post-thumbnail","hentry","category-actualidad","category-deporte","category-internacional","category-tendencia","tag-pol-deportes"],"yoast_head":"<!-- This site is optimized with the Yoast SEO plugin v27.4 - https:\/\/yoast.com\/product\/yoast-seo-wordpress\/ -->\n<title>Pol Deportes: La voz quechua Chanka que conquista el f\u00fatbol mundial - Pulso27<\/title>\n<meta name=\"robots\" content=\"index, follow, max-snippet:-1, max-image-preview:large, max-video-preview:-1\" \/>\n<link rel=\"canonical\" href=\"https:\/\/pulso27.com\/es\/actualidad\/pol-deportes-la-voz-quechua-chanka-que-conquista-el-futbol-mundial\/\" \/>\n<meta property=\"og:locale\" content=\"es_ES\" \/>\n<meta property=\"og:type\" content=\"article\" \/>\n<meta property=\"og:title\" content=\"Pol Deportes: La voz quechua Chanka que conquista el f\u00fatbol mundial - Pulso27\" \/>\n<meta property=\"og:description\" content=\"En las alturas de Andahuaylas, Apur\u00edmac, donde el viento andino susurra en quechua Chanka, naci\u00f3 Cl\u00edver Huam\u00e1n S\u00e1nchez, conocido en el mundo digital como Pol Deportes. Con apenas tres a\u00f1os, influenciado por su padre Victoriano, quien participaba en radios locales, el joven so\u00f1\u00f3 con narrar goles como un puente entre su herencia cultural y la [&hellip;]\" \/>\n<meta property=\"og:url\" content=\"https:\/\/pulso27.com\/es\/actualidad\/pol-deportes-la-voz-quechua-chanka-que-conquista-el-futbol-mundial\/\" \/>\n<meta property=\"og:site_name\" content=\"Pulso27\" \/>\n<meta property=\"article:publisher\" content=\"https:\/\/www.facebook.com\/pulso27\/\" \/>\n<meta property=\"article:published_time\" content=\"2025-12-12T03:49:43+00:00\" \/>\n<meta property=\"article:modified_time\" content=\"2025-12-12T03:56:53+00:00\" \/>\n<meta property=\"og:image\" content=\"https:\/\/pulso27.com\/wp-content\/uploads\/2025\/12\/PolDeport.png\" \/>\n\t<meta property=\"og:image:width\" content=\"1200\" \/>\n\t<meta property=\"og:image:height\" content=\"800\" \/>\n\t<meta property=\"og:image:type\" content=\"image\/png\" \/>\n<meta name=\"author\" content=\"Redactor\" \/>\n<meta name=\"twitter:card\" content=\"summary_large_image\" \/>\n<meta name=\"twitter:creator\" content=\"@Pulso_27\" \/>\n<meta name=\"twitter:site\" content=\"@Pulso_27\" \/>\n<meta name=\"twitter:label1\" content=\"Written by\" \/>\n\t<meta name=\"twitter:data1\" content=\"Redactor\" \/>\n\t<meta name=\"twitter:label2\" content=\"Est. reading time\" \/>\n\t<meta name=\"twitter:data2\" content=\"3 minutos\" \/>\n<script type=\"application\/ld+json\" class=\"yoast-schema-graph\">{\"@context\":\"https:\\\/\\\/schema.org\",\"@graph\":[{\"@type\":\"Article\",\"@id\":\"https:\\\/\\\/pulso27.com\\\/actualidad\\\/pol-deportes-la-voz-quechua-chanka-que-conquista-el-futbol-mundial\\\/#article\",\"isPartOf\":{\"@id\":\"https:\\\/\\\/pulso27.com\\\/actualidad\\\/pol-deportes-la-voz-quechua-chanka-que-conquista-el-futbol-mundial\\\/\"},\"author\":{\"name\":\"Redactor\",\"@id\":\"https:\\\/\\\/pulso27.com\\\/en\\\/#\\\/schema\\\/person\\\/bf5ee161e6c87f6c7d57f5e689ef8526\"},\"headline\":\"Pol Deportes: La voz quechua Chanka que conquista el f\u00fatbol mundial\",\"datePublished\":\"2025-12-12T03:49:43+00:00\",\"dateModified\":\"2025-12-12T03:56:53+00:00\",\"mainEntityOfPage\":{\"@id\":\"https:\\\/\\\/pulso27.com\\\/actualidad\\\/pol-deportes-la-voz-quechua-chanka-que-conquista-el-futbol-mundial\\\/\"},\"wordCount\":480,\"commentCount\":0,\"publisher\":{\"@id\":\"https:\\\/\\\/pulso27.com\\\/en\\\/#organization\"},\"image\":{\"@id\":\"https:\\\/\\\/pulso27.com\\\/actualidad\\\/pol-deportes-la-voz-quechua-chanka-que-conquista-el-futbol-mundial\\\/#primaryimage\"},\"thumbnailUrl\":\"https:\\\/\\\/pulso27.com\\\/wp-content\\\/uploads\\\/2025\\\/12\\\/PolDeport.png\",\"keywords\":[\"Pol Deportes\"],\"articleSection\":[\"Actualidad\",\"Deporte\",\"Internacional\",\"Tendencia\"],\"inLanguage\":\"es-PE\",\"potentialAction\":[{\"@type\":\"CommentAction\",\"name\":\"Comment\",\"target\":[\"https:\\\/\\\/pulso27.com\\\/actualidad\\\/pol-deportes-la-voz-quechua-chanka-que-conquista-el-futbol-mundial\\\/#respond\"]}]},{\"@type\":\"WebPage\",\"@id\":\"https:\\\/\\\/pulso27.com\\\/actualidad\\\/pol-deportes-la-voz-quechua-chanka-que-conquista-el-futbol-mundial\\\/\",\"url\":\"https:\\\/\\\/pulso27.com\\\/actualidad\\\/pol-deportes-la-voz-quechua-chanka-que-conquista-el-futbol-mundial\\\/\",\"name\":\"Pol Deportes: La voz quechua Chanka que conquista el f\u00fatbol mundial - Pulso27\",\"isPartOf\":{\"@id\":\"https:\\\/\\\/pulso27.com\\\/en\\\/#website\"},\"primaryImageOfPage\":{\"@id\":\"https:\\\/\\\/pulso27.com\\\/actualidad\\\/pol-deportes-la-voz-quechua-chanka-que-conquista-el-futbol-mundial\\\/#primaryimage\"},\"image\":{\"@id\":\"https:\\\/\\\/pulso27.com\\\/actualidad\\\/pol-deportes-la-voz-quechua-chanka-que-conquista-el-futbol-mundial\\\/#primaryimage\"},\"thumbnailUrl\":\"https:\\\/\\\/pulso27.com\\\/wp-content\\\/uploads\\\/2025\\\/12\\\/PolDeport.png\",\"datePublished\":\"2025-12-12T03:49:43+00:00\",\"dateModified\":\"2025-12-12T03:56:53+00:00\",\"breadcrumb\":{\"@id\":\"https:\\\/\\\/pulso27.com\\\/actualidad\\\/pol-deportes-la-voz-quechua-chanka-que-conquista-el-futbol-mundial\\\/#breadcrumb\"},\"inLanguage\":\"es-PE\",\"potentialAction\":[{\"@type\":\"ReadAction\",\"target\":[\"https:\\\/\\\/pulso27.com\\\/actualidad\\\/pol-deportes-la-voz-quechua-chanka-que-conquista-el-futbol-mundial\\\/\"]}]},{\"@type\":\"ImageObject\",\"inLanguage\":\"es-PE\",\"@id\":\"https:\\\/\\\/pulso27.com\\\/actualidad\\\/pol-deportes-la-voz-quechua-chanka-que-conquista-el-futbol-mundial\\\/#primaryimage\",\"url\":\"https:\\\/\\\/pulso27.com\\\/wp-content\\\/uploads\\\/2025\\\/12\\\/PolDeport.png\",\"contentUrl\":\"https:\\\/\\\/pulso27.com\\\/wp-content\\\/uploads\\\/2025\\\/12\\\/PolDeport.png\",\"width\":1200,\"height\":800},{\"@type\":\"BreadcrumbList\",\"@id\":\"https:\\\/\\\/pulso27.com\\\/actualidad\\\/pol-deportes-la-voz-quechua-chanka-que-conquista-el-futbol-mundial\\\/#breadcrumb\",\"itemListElement\":[{\"@type\":\"ListItem\",\"position\":1,\"name\":\"Portada\",\"item\":\"https:\\\/\\\/pulso27.com\\\/\"},{\"@type\":\"ListItem\",\"position\":2,\"name\":\"Pol Deportes: La voz quechua Chanka que conquista el f\u00fatbol mundial\"}]},{\"@type\":\"WebSite\",\"@id\":\"https:\\\/\\\/pulso27.com\\\/en\\\/#website\",\"url\":\"https:\\\/\\\/pulso27.com\\\/en\\\/\",\"name\":\"Pulso27\",\"description\":\"Web de noticias y publicidad\",\"publisher\":{\"@id\":\"https:\\\/\\\/pulso27.com\\\/en\\\/#organization\"},\"alternateName\":\"El pulso del pueblo\",\"potentialAction\":[{\"@type\":\"SearchAction\",\"target\":{\"@type\":\"EntryPoint\",\"urlTemplate\":\"https:\\\/\\\/pulso27.com\\\/en\\\/?s={search_term_string}\"},\"query-input\":{\"@type\":\"PropertyValueSpecification\",\"valueRequired\":true,\"valueName\":\"search_term_string\"}}],\"inLanguage\":\"es-PE\"},{\"@type\":\"Organization\",\"@id\":\"https:\\\/\\\/pulso27.com\\\/en\\\/#organization\",\"name\":\"Pulso27\",\"url\":\"https:\\\/\\\/pulso27.com\\\/en\\\/\",\"logo\":{\"@type\":\"ImageObject\",\"inLanguage\":\"es-PE\",\"@id\":\"https:\\\/\\\/pulso27.com\\\/en\\\/#\\\/schema\\\/logo\\\/image\\\/\",\"url\":\"https:\\\/\\\/pulso27.com\\\/wp-content\\\/uploads\\\/2026\\\/02\\\/Logotipo-de-la-organizacion-696-x-696-px-ok.png\",\"contentUrl\":\"https:\\\/\\\/pulso27.com\\\/wp-content\\\/uploads\\\/2026\\\/02\\\/Logotipo-de-la-organizacion-696-x-696-px-ok.png\",\"width\":696,\"height\":696,\"caption\":\"Pulso27\"},\"image\":{\"@id\":\"https:\\\/\\\/pulso27.com\\\/en\\\/#\\\/schema\\\/logo\\\/image\\\/\"},\"sameAs\":[\"https:\\\/\\\/www.facebook.com\\\/pulso27\\\/\",\"https:\\\/\\\/x.com\\\/Pulso_27\",\"https:\\\/\\\/www.youtube.com\\\/@Pulso27\",\"https:\\\/\\\/www.tiktok.com\\\/@pulso_27\"]},{\"@type\":\"Person\",\"@id\":\"https:\\\/\\\/pulso27.com\\\/en\\\/#\\\/schema\\\/person\\\/bf5ee161e6c87f6c7d57f5e689ef8526\",\"name\":\"Redactor\",\"image\":{\"@type\":\"ImageObject\",\"inLanguage\":\"es-PE\",\"@id\":\"https:\\\/\\\/pulso27.com\\\/wp-content\\\/uploads\\\/2025\\\/03\\\/a-150x150.png\",\"url\":\"https:\\\/\\\/pulso27.com\\\/wp-content\\\/uploads\\\/2025\\\/03\\\/a-150x150.png\",\"contentUrl\":\"https:\\\/\\\/pulso27.com\\\/wp-content\\\/uploads\\\/2025\\\/03\\\/a-150x150.png\",\"caption\":\"Redactor\"},\"sameAs\":[\"http:\\\/\\\/www.pulso27.com\"],\"url\":\"https:\\\/\\\/pulso27.com\\\/es\\\/author\\\/redactor\\\/\"}]}<\/script>\n<!-- \/ Yoast SEO plugin. -->","yoast_head_json":{"title":"Pol Deportes: La voz quechua Chanka que conquista el f\u00fatbol mundial - Pulso27","robots":{"index":"index","follow":"follow","max-snippet":"max-snippet:-1","max-image-preview":"max-image-preview:large","max-video-preview":"max-video-preview:-1"},"canonical":"https:\/\/pulso27.com\/es\/actualidad\/pol-deportes-la-voz-quechua-chanka-que-conquista-el-futbol-mundial\/","og_locale":"es_ES","og_type":"article","og_title":"Pol Deportes: La voz quechua Chanka que conquista el f\u00fatbol mundial - Pulso27","og_description":"En las alturas de Andahuaylas, Apur\u00edmac, donde el viento andino susurra en quechua Chanka, naci\u00f3 Cl\u00edver Huam\u00e1n S\u00e1nchez, conocido en el mundo digital como Pol Deportes. Con apenas tres a\u00f1os, influenciado por su padre Victoriano, quien participaba en radios locales, el joven so\u00f1\u00f3 con narrar goles como un puente entre su herencia cultural y la [&hellip;]","og_url":"https:\/\/pulso27.com\/es\/actualidad\/pol-deportes-la-voz-quechua-chanka-que-conquista-el-futbol-mundial\/","og_site_name":"Pulso27","article_publisher":"https:\/\/www.facebook.com\/pulso27\/","article_published_time":"2025-12-12T03:49:43+00:00","article_modified_time":"2025-12-12T03:56:53+00:00","og_image":[{"width":1200,"height":800,"url":"https:\/\/pulso27.com\/wp-content\/uploads\/2025\/12\/PolDeport.png","type":"image\/png"}],"author":"Redactor","twitter_card":"summary_large_image","twitter_creator":"@Pulso_27","twitter_site":"@Pulso_27","twitter_misc":{"Written by":"Redactor","Est. reading time":"3 minutos"},"schema":{"@context":"https:\/\/schema.org","@graph":[{"@type":"Article","@id":"https:\/\/pulso27.com\/actualidad\/pol-deportes-la-voz-quechua-chanka-que-conquista-el-futbol-mundial\/#article","isPartOf":{"@id":"https:\/\/pulso27.com\/actualidad\/pol-deportes-la-voz-quechua-chanka-que-conquista-el-futbol-mundial\/"},"author":{"name":"Redactor","@id":"https:\/\/pulso27.com\/en\/#\/schema\/person\/bf5ee161e6c87f6c7d57f5e689ef8526"},"headline":"Pol Deportes: La voz quechua Chanka que conquista el f\u00fatbol mundial","datePublished":"2025-12-12T03:49:43+00:00","dateModified":"2025-12-12T03:56:53+00:00","mainEntityOfPage":{"@id":"https:\/\/pulso27.com\/actualidad\/pol-deportes-la-voz-quechua-chanka-que-conquista-el-futbol-mundial\/"},"wordCount":480,"commentCount":0,"publisher":{"@id":"https:\/\/pulso27.com\/en\/#organization"},"image":{"@id":"https:\/\/pulso27.com\/actualidad\/pol-deportes-la-voz-quechua-chanka-que-conquista-el-futbol-mundial\/#primaryimage"},"thumbnailUrl":"https:\/\/pulso27.com\/wp-content\/uploads\/2025\/12\/PolDeport.png","keywords":["Pol Deportes"],"articleSection":["Actualidad","Deporte","Internacional","Tendencia"],"inLanguage":"es-PE","potentialAction":[{"@type":"CommentAction","name":"Comment","target":["https:\/\/pulso27.com\/actualidad\/pol-deportes-la-voz-quechua-chanka-que-conquista-el-futbol-mundial\/#respond"]}]},{"@type":"WebPage","@id":"https:\/\/pulso27.com\/actualidad\/pol-deportes-la-voz-quechua-chanka-que-conquista-el-futbol-mundial\/","url":"https:\/\/pulso27.com\/actualidad\/pol-deportes-la-voz-quechua-chanka-que-conquista-el-futbol-mundial\/","name":"Pol Deportes: La voz quechua Chanka que conquista el f\u00fatbol mundial - Pulso27","isPartOf":{"@id":"https:\/\/pulso27.com\/en\/#website"},"primaryImageOfPage":{"@id":"https:\/\/pulso27.com\/actualidad\/pol-deportes-la-voz-quechua-chanka-que-conquista-el-futbol-mundial\/#primaryimage"},"image":{"@id":"https:\/\/pulso27.com\/actualidad\/pol-deportes-la-voz-quechua-chanka-que-conquista-el-futbol-mundial\/#primaryimage"},"thumbnailUrl":"https:\/\/pulso27.com\/wp-content\/uploads\/2025\/12\/PolDeport.png","datePublished":"2025-12-12T03:49:43+00:00","dateModified":"2025-12-12T03:56:53+00:00","breadcrumb":{"@id":"https:\/\/pulso27.com\/actualidad\/pol-deportes-la-voz-quechua-chanka-que-conquista-el-futbol-mundial\/#breadcrumb"},"inLanguage":"es-PE","potentialAction":[{"@type":"ReadAction","target":["https:\/\/pulso27.com\/actualidad\/pol-deportes-la-voz-quechua-chanka-que-conquista-el-futbol-mundial\/"]}]},{"@type":"ImageObject","inLanguage":"es-PE","@id":"https:\/\/pulso27.com\/actualidad\/pol-deportes-la-voz-quechua-chanka-que-conquista-el-futbol-mundial\/#primaryimage","url":"https:\/\/pulso27.com\/wp-content\/uploads\/2025\/12\/PolDeport.png","contentUrl":"https:\/\/pulso27.com\/wp-content\/uploads\/2025\/12\/PolDeport.png","width":1200,"height":800},{"@type":"BreadcrumbList","@id":"https:\/\/pulso27.com\/actualidad\/pol-deportes-la-voz-quechua-chanka-que-conquista-el-futbol-mundial\/#breadcrumb","itemListElement":[{"@type":"ListItem","position":1,"name":"Portada","item":"https:\/\/pulso27.com\/"},{"@type":"ListItem","position":2,"name":"Pol Deportes: La voz quechua Chanka que conquista el f\u00fatbol mundial"}]},{"@type":"WebSite","@id":"https:\/\/pulso27.com\/en\/#website","url":"https:\/\/pulso27.com\/en\/","name":"Pulso27","description":"Web de noticias y publicidad","publisher":{"@id":"https:\/\/pulso27.com\/en\/#organization"},"alternateName":"El pulso del pueblo","potentialAction":[{"@type":"SearchAction","target":{"@type":"EntryPoint","urlTemplate":"https:\/\/pulso27.com\/en\/?s={search_term_string}"},"query-input":{"@type":"PropertyValueSpecification","valueRequired":true,"valueName":"search_term_string"}}],"inLanguage":"es-PE"},{"@type":"Organization","@id":"https:\/\/pulso27.com\/en\/#organization","name":"Pulso27","url":"https:\/\/pulso27.com\/en\/","logo":{"@type":"ImageObject","inLanguage":"es-PE","@id":"https:\/\/pulso27.com\/en\/#\/schema\/logo\/image\/","url":"https:\/\/pulso27.com\/wp-content\/uploads\/2026\/02\/Logotipo-de-la-organizacion-696-x-696-px-ok.png","contentUrl":"https:\/\/pulso27.com\/wp-content\/uploads\/2026\/02\/Logotipo-de-la-organizacion-696-x-696-px-ok.png","width":696,"height":696,"caption":"Pulso27"},"image":{"@id":"https:\/\/pulso27.com\/en\/#\/schema\/logo\/image\/"},"sameAs":["https:\/\/www.facebook.com\/pulso27\/","https:\/\/x.com\/Pulso_27","https:\/\/www.youtube.com\/@Pulso27","https:\/\/www.tiktok.com\/@pulso_27"]},{"@type":"Person","@id":"https:\/\/pulso27.com\/en\/#\/schema\/person\/bf5ee161e6c87f6c7d57f5e689ef8526","name":"Redactor","image":{"@type":"ImageObject","inLanguage":"es-PE","@id":"https:\/\/pulso27.com\/wp-content\/uploads\/2025\/03\/a-150x150.png","url":"https:\/\/pulso27.com\/wp-content\/uploads\/2025\/03\/a-150x150.png","contentUrl":"https:\/\/pulso27.com\/wp-content\/uploads\/2025\/03\/a-150x150.png","caption":"Redactor"},"sameAs":["http:\/\/www.pulso27.com"],"url":"https:\/\/pulso27.com\/es\/author\/redactor\/"}]}},"amp_enabled":true,"_links":{"self":[{"href":"https:\/\/pulso27.com\/es\/wp-json\/wp\/v2\/posts\/7117","targetHints":{"allow":["GET"]}}],"collection":[{"href":"https:\/\/pulso27.com\/es\/wp-json\/wp\/v2\/posts"}],"about":[{"href":"https:\/\/pulso27.com\/es\/wp-json\/wp\/v2\/types\/post"}],"author":[{"embeddable":true,"href":"https:\/\/pulso27.com\/es\/wp-json\/wp\/v2\/users\/13"}],"replies":[{"embeddable":true,"href":"https:\/\/pulso27.com\/es\/wp-json\/wp\/v2\/comments?post=7117"}],"version-history":[{"count":1,"href":"https:\/\/pulso27.com\/es\/wp-json\/wp\/v2\/posts\/7117\/revisions"}],"predecessor-version":[{"id":7122,"href":"https:\/\/pulso27.com\/es\/wp-json\/wp\/v2\/posts\/7117\/revisions\/7122"}],"wp:featuredmedia":[{"embeddable":true,"href":"https:\/\/pulso27.com\/es\/wp-json\/wp\/v2\/media\/7118"}],"wp:attachment":[{"href":"https:\/\/pulso27.com\/es\/wp-json\/wp\/v2\/media?parent=7117"}],"wp:term":[{"taxonomy":"category","embeddable":true,"href":"https:\/\/pulso27.com\/es\/wp-json\/wp\/v2\/categories?post=7117"},{"taxonomy":"post_tag","embeddable":true,"href":"https:\/\/pulso27.com\/es\/wp-json\/wp\/v2\/tags?post=7117"}],"curies":[{"name":"wp","href":"https:\/\/api.w.org\/{rel}","templated":true}]}}