{"id":743,"date":"2023-11-17T13:55:37","date_gmt":"2023-11-17T13:55:37","guid":{"rendered":"https:\/\/pulso27.com\/?p=743"},"modified":"2023-11-17T14:02:46","modified_gmt":"2023-11-17T14:02:46","slug":"congreso-aprueban-bicameralidad-para-buscar-reeleccion-inmediata","status":"publish","type":"post","link":"https:\/\/pulso27.com\/es\/nacional\/congreso-aprueban-bicameralidad-para-buscar-reeleccion-inmediata\/","title":{"rendered":"Congreso: aprueban bicameralidad para buscar reelecci\u00f3n inmediata"},"content":{"rendered":"\n<p>Astucia. Con 93 votos a favor, Fuerza Popular, APP y sus aliados aprobaron el retorno a la bicameralidad. El trasfondo no es que deseen mejorar el Congreso, dot\u00e1ndolo de dos c\u00e1maras. Su objetivo es que sus congresistas postulen a la reelecci\u00f3n como diputados o senadores. Evitan que esta ley sea sometida a refer\u00e9ndum por temor a que la poblaci\u00f3n la rechace.<\/p>\n\n\n\n<p>Con 93 votos a favor, el Pleno aprob\u00f3 esta reforma. El texto sustitutorio fue respaldado por las bancadas de FP, APP, Renovaci\u00f3n Popular, Avanza Pa\u00eds, Podemos Per\u00fa, Acci\u00f3n Popular, Unidad y Di\u00e1logo, Per\u00fa Bicentenario, Somos Per\u00fa y algunos parlamentarios de la izquierda.<\/p>\n\n\n\n<p>Durante el debate, los parlamentarios de Per\u00fa Libre y Cambio Democr\u00e1tico protestaron por la manera en que la presidenta de la Comisi\u00f3n de Constituci\u00f3n, Martha Moyano, de Fuerza Popular, busc\u00f3 que se apruebe este dictamen: sin aclarar la controversia por la reelecci\u00f3n parlamentaria.<\/p>\n\n\n\n<p>El congresista no agrupado Carlos Anderson propuso en el hemiciclo que el retorno a la bicameralidad vaya acompa\u00f1ado de una disposici\u00f3n para que los actuales legisladores est\u00e9n impedidos de postular a diputados o senadores en los pr\u00f3ximos comicios generales.<\/p>\n\n\n\n<p>De esa manera, agreg\u00f3, el Congreso iba a poder dar un gesto pol\u00edtico a la ciudadan\u00eda de que la bicameralidad no est\u00e1 siendo utilizada para asegurar que los parlamentarios puedan postular a la reelecci\u00f3n.<\/p>\n\n\n\n<figure class=\"wp-block-image size-large\"><img loading=\"lazy\" decoding=\"async\" width=\"1024\" height=\"576\" src=\"https:\/\/pulso27.com\/wp-content\/uploads\/2023\/11\/image-15-1024x576.png\" alt=\"\" class=\"wp-image-744\" srcset=\"https:\/\/pulso27.com\/wp-content\/uploads\/2023\/11\/image-15-1024x576.png 1024w, https:\/\/pulso27.com\/wp-content\/uploads\/2023\/11\/image-15-300x169.png 300w, https:\/\/pulso27.com\/wp-content\/uploads\/2023\/11\/image-15-768x432.png 768w, https:\/\/pulso27.com\/wp-content\/uploads\/2023\/11\/image-15.png 1200w\" sizes=\"auto, (max-width: 1024px) 100vw, 1024px\" \/><\/figure>\n\n\n\n<p>Sin embargo, Moyano hizo caso omiso. Su texto sustitutorio aprobado abre las puertas, de manera literal, a la reelecci\u00f3n congresal. \u201cLos senadores y diputados pueden ser reelegidos de manera inmediata en el mismo cargo\u201d, dice el proyecto aprobado en el Pleno.<\/p>\n\n\n\n<p>Desde hace semanas, en Los Pasos Perdidos ven\u00edan alistando esta aprobaci\u00f3n. \u201cSe comunicaron los l\u00edderes pol\u00edticos. La orden de votar a favor viene desde arriba. As\u00ed se maneja adentro\u201d, contaron diversas fuentes parlamentarias.<\/p>\n\n\n\n<p><strong>Huyen del refer\u00e9ndum<\/strong><br>Una bicameralidad aprobada con menos de 87 votos hubiera conllevado que esta ley sea sometida a refer\u00e9ndum.<\/p>\n\n\n\n<p>En 2018, m\u00e1s del 80% de peruanos la rechaz\u00f3 en una consulta popular, debido a que el fujimorismo y sus aliados hab\u00edan modificado la propuesta para poder reelegirse.<\/p>\n\n\n\n<blockquote class=\"wp-block-quote is-layout-flow wp-block-quote-is-layout-flow\">\n<p>\u00abEl temor de los congresistas era que esta reforma vuelva a ser rechazada en las urnas. Por eso en dos oportunidades apelaron a diversas maniobras para evitarla\u00bb<\/p>\n<\/blockquote>\n\n\n\n<p><\/p>\n\n\n\n<p>El temor de los congresistas era que esta reforma vuelva a ser rechazada en las urnas. Por eso en dos oportunidades apelaron a diversas maniobras para evitarla.<\/p>\n\n\n\n<p>En julio del 2022, la bicameralidad obtuvo 77 votos a favor. Para impedir que sea sometida a refer\u00e9ndum, el entonces congresista \u2018Nano\u2019 Guerra Garc\u00eda present\u00f3 una reconsideraci\u00f3n para volver a votarla.<\/p>\n\n\n\n<p>Cuando se retom\u00f3 la discusi\u00f3n en junio de este a\u00f1o, fue aprobada con 86 votos. Falt\u00f3 uno. Para eludir otra vez el refer\u00e9ndum, en el fujimorismo, su vocero Arturo Alegr\u00eda present\u00f3 una nueva reconsideraci\u00f3n para volver a debatirlo.<\/p>\n\n\n\n<p>En esta ocasi\u00f3n s\u00ed hubo consenso en la mayor\u00eda de bancadas y superaron los dos tercios. Ahora esta reforma deber\u00e1 ser ratificada en segunda votaci\u00f3n en la pr\u00f3xima legislatura (el primer semestre del 2024).<\/p>\n\n\n\n<p>Con la bicameralidad habr\u00e1 una c\u00e1mara de 160 diputados y otra de 30 senadores.<\/p>\n\n\n\n<p>Los juristas consultados por La Rep\u00fablica coinciden en que un Parlamento bicameral no es malo, sino la forma en que el Congreso lo consinti\u00f3: abusando de las reconsideraciones para bloquear que esta ley vaya a refer\u00e9ndum.<\/p>\n\n\n\n<p><br>Congreso bicameral estar\u00eda conformado por 190 integrantes entre diputados y senadores<br>La expresidente del Tribunal Constitucional (TC) Marianella Ledesma consider\u00f3 vital para que esta reforma consiga legitimidad, que deba ser consultada a la poblaci\u00f3n. \u201cEl gran soberano de un modelo democr\u00e1tico es el ciudadano\u201d, afirm\u00f3.<\/p>\n\n\n\n<p>El exdefensor del Pueblo Walter Alb\u00e1n reconoci\u00f3 que su mayor temor es que esta reforma venga con sorpresas bajo la mesa. \u201cNo me sorprender\u00eda que tenga trampas que se han negociado para conseguir la suficiente coalici\u00f3n de votos\u201d, manifest\u00f3.<\/p>\n","protected":false},"excerpt":{"rendered":"<p>Astucia. Con 93 votos a favor, Fuerza Popular, APP y sus aliados aprobaron el retorno a la bicameralidad. El trasfondo no es que deseen mejorar el Congreso, dot\u00e1ndolo de dos c\u00e1maras. Su objetivo es que sus congresistas postulen a la reelecci\u00f3n como diputados o senadores. <\/p>\n","protected":false},"author":10,"featured_media":745,"comment_status":"open","ping_status":"open","sticky":false,"template":"","format":"standard","meta":{"footnotes":""},"categories":[183,174],"tags":[314],"class_list":["post-743","post","type-post","status-publish","format-standard","has-post-thumbnail","hentry","category-actualidad","category-nacional","tag-bicarmeralidad"],"yoast_head":"<!-- This site is optimized with the Yoast SEO plugin v27.4 - https:\/\/yoast.com\/product\/yoast-seo-wordpress\/ -->\n<title>Congreso: aprueban bicameralidad para buscar reelecci\u00f3n inmediata - Pulso27<\/title>\n<meta name=\"robots\" content=\"index, follow, max-snippet:-1, max-image-preview:large, max-video-preview:-1\" \/>\n<link rel=\"canonical\" href=\"https:\/\/pulso27.com\/es\/nacional\/congreso-aprueban-bicameralidad-para-buscar-reeleccion-inmediata\/\" \/>\n<meta property=\"og:locale\" content=\"es_ES\" \/>\n<meta property=\"og:type\" content=\"article\" \/>\n<meta property=\"og:title\" content=\"Congreso: aprueban bicameralidad para buscar reelecci\u00f3n inmediata - Pulso27\" \/>\n<meta property=\"og:description\" content=\"Astucia. Con 93 votos a favor, Fuerza Popular, APP y sus aliados aprobaron el retorno a la bicameralidad. El trasfondo no es que deseen mejorar el Congreso, dot\u00e1ndolo de dos c\u00e1maras. Su objetivo es que sus congresistas postulen a la reelecci\u00f3n como diputados o senadores.\" \/>\n<meta property=\"og:url\" content=\"https:\/\/pulso27.com\/es\/nacional\/congreso-aprueban-bicameralidad-para-buscar-reeleccion-inmediata\/\" \/>\n<meta property=\"og:site_name\" content=\"Pulso27\" \/>\n<meta property=\"article:publisher\" content=\"https:\/\/www.facebook.com\/pulso27\/\" \/>\n<meta property=\"article:published_time\" content=\"2023-11-17T13:55:37+00:00\" \/>\n<meta property=\"article:modified_time\" content=\"2023-11-17T14:02:46+00:00\" \/>\n<meta property=\"og:image\" content=\"https:\/\/pulso27.com\/wp-content\/uploads\/2023\/11\/bicaremalidad.png\" \/>\n\t<meta property=\"og:image:width\" content=\"615\" \/>\n\t<meta property=\"og:image:height\" content=\"298\" \/>\n\t<meta property=\"og:image:type\" content=\"image\/png\" \/>\n<meta name=\"author\" content=\"El Muki\" \/>\n<meta name=\"twitter:card\" content=\"summary_large_image\" \/>\n<meta name=\"twitter:creator\" content=\"@Pulso_27\" \/>\n<meta name=\"twitter:site\" content=\"@Pulso_27\" \/>\n<meta name=\"twitter:label1\" content=\"Written by\" \/>\n\t<meta name=\"twitter:data1\" content=\"El Muki\" \/>\n\t<meta name=\"twitter:label2\" content=\"Est. reading time\" \/>\n\t<meta name=\"twitter:data2\" content=\"3 minutos\" \/>\n<script type=\"application\/ld+json\" class=\"yoast-schema-graph\">{\"@context\":\"https:\\\/\\\/schema.org\",\"@graph\":[{\"@type\":\"Article\",\"@id\":\"https:\\\/\\\/pulso27.com\\\/nacional\\\/congreso-aprueban-bicameralidad-para-buscar-reeleccion-inmediata\\\/#article\",\"isPartOf\":{\"@id\":\"https:\\\/\\\/pulso27.com\\\/nacional\\\/congreso-aprueban-bicameralidad-para-buscar-reeleccion-inmediata\\\/\"},\"author\":{\"name\":\"El Muki\",\"@id\":\"https:\\\/\\\/pulso27.com\\\/en\\\/#\\\/schema\\\/person\\\/a0930a7f318e7d9d83bd7cffed9f34f6\"},\"headline\":\"Congreso: aprueban bicameralidad para buscar reelecci\u00f3n inmediata\",\"datePublished\":\"2023-11-17T13:55:37+00:00\",\"dateModified\":\"2023-11-17T14:02:46+00:00\",\"mainEntityOfPage\":{\"@id\":\"https:\\\/\\\/pulso27.com\\\/nacional\\\/congreso-aprueban-bicameralidad-para-buscar-reeleccion-inmediata\\\/\"},\"wordCount\":677,\"commentCount\":0,\"publisher\":{\"@id\":\"https:\\\/\\\/pulso27.com\\\/en\\\/#organization\"},\"image\":{\"@id\":\"https:\\\/\\\/pulso27.com\\\/nacional\\\/congreso-aprueban-bicameralidad-para-buscar-reeleccion-inmediata\\\/#primaryimage\"},\"thumbnailUrl\":\"https:\\\/\\\/pulso27.com\\\/wp-content\\\/uploads\\\/2023\\\/11\\\/bicaremalidad.png\",\"keywords\":[\"Bicarmeralidad\"],\"articleSection\":[\"Actualidad\",\"Nacional\"],\"inLanguage\":\"es-PE\",\"potentialAction\":[{\"@type\":\"CommentAction\",\"name\":\"Comment\",\"target\":[\"https:\\\/\\\/pulso27.com\\\/nacional\\\/congreso-aprueban-bicameralidad-para-buscar-reeleccion-inmediata\\\/#respond\"]}]},{\"@type\":\"WebPage\",\"@id\":\"https:\\\/\\\/pulso27.com\\\/nacional\\\/congreso-aprueban-bicameralidad-para-buscar-reeleccion-inmediata\\\/\",\"url\":\"https:\\\/\\\/pulso27.com\\\/nacional\\\/congreso-aprueban-bicameralidad-para-buscar-reeleccion-inmediata\\\/\",\"name\":\"Congreso: aprueban bicameralidad para buscar reelecci\u00f3n inmediata - Pulso27\",\"isPartOf\":{\"@id\":\"https:\\\/\\\/pulso27.com\\\/en\\\/#website\"},\"primaryImageOfPage\":{\"@id\":\"https:\\\/\\\/pulso27.com\\\/nacional\\\/congreso-aprueban-bicameralidad-para-buscar-reeleccion-inmediata\\\/#primaryimage\"},\"image\":{\"@id\":\"https:\\\/\\\/pulso27.com\\\/nacional\\\/congreso-aprueban-bicameralidad-para-buscar-reeleccion-inmediata\\\/#primaryimage\"},\"thumbnailUrl\":\"https:\\\/\\\/pulso27.com\\\/wp-content\\\/uploads\\\/2023\\\/11\\\/bicaremalidad.png\",\"datePublished\":\"2023-11-17T13:55:37+00:00\",\"dateModified\":\"2023-11-17T14:02:46+00:00\",\"breadcrumb\":{\"@id\":\"https:\\\/\\\/pulso27.com\\\/nacional\\\/congreso-aprueban-bicameralidad-para-buscar-reeleccion-inmediata\\\/#breadcrumb\"},\"inLanguage\":\"es-PE\",\"potentialAction\":[{\"@type\":\"ReadAction\",\"target\":[\"https:\\\/\\\/pulso27.com\\\/nacional\\\/congreso-aprueban-bicameralidad-para-buscar-reeleccion-inmediata\\\/\"]}]},{\"@type\":\"ImageObject\",\"inLanguage\":\"es-PE\",\"@id\":\"https:\\\/\\\/pulso27.com\\\/nacional\\\/congreso-aprueban-bicameralidad-para-buscar-reeleccion-inmediata\\\/#primaryimage\",\"url\":\"https:\\\/\\\/pulso27.com\\\/wp-content\\\/uploads\\\/2023\\\/11\\\/bicaremalidad.png\",\"contentUrl\":\"https:\\\/\\\/pulso27.com\\\/wp-content\\\/uploads\\\/2023\\\/11\\\/bicaremalidad.png\",\"width\":615,\"height\":298,\"caption\":\"Celebracion\"},{\"@type\":\"BreadcrumbList\",\"@id\":\"https:\\\/\\\/pulso27.com\\\/nacional\\\/congreso-aprueban-bicameralidad-para-buscar-reeleccion-inmediata\\\/#breadcrumb\",\"itemListElement\":[{\"@type\":\"ListItem\",\"position\":1,\"name\":\"Portada\",\"item\":\"https:\\\/\\\/pulso27.com\\\/\"},{\"@type\":\"ListItem\",\"position\":2,\"name\":\"Congreso: aprueban bicameralidad para buscar reelecci\u00f3n inmediata\"}]},{\"@type\":\"WebSite\",\"@id\":\"https:\\\/\\\/pulso27.com\\\/en\\\/#website\",\"url\":\"https:\\\/\\\/pulso27.com\\\/en\\\/\",\"name\":\"Pulso27\",\"description\":\"Web de noticias y publicidad\",\"publisher\":{\"@id\":\"https:\\\/\\\/pulso27.com\\\/en\\\/#organization\"},\"alternateName\":\"El pulso del pueblo\",\"potentialAction\":[{\"@type\":\"SearchAction\",\"target\":{\"@type\":\"EntryPoint\",\"urlTemplate\":\"https:\\\/\\\/pulso27.com\\\/en\\\/?s={search_term_string}\"},\"query-input\":{\"@type\":\"PropertyValueSpecification\",\"valueRequired\":true,\"valueName\":\"search_term_string\"}}],\"inLanguage\":\"es-PE\"},{\"@type\":\"Organization\",\"@id\":\"https:\\\/\\\/pulso27.com\\\/en\\\/#organization\",\"name\":\"Pulso27\",\"url\":\"https:\\\/\\\/pulso27.com\\\/en\\\/\",\"logo\":{\"@type\":\"ImageObject\",\"inLanguage\":\"es-PE\",\"@id\":\"https:\\\/\\\/pulso27.com\\\/en\\\/#\\\/schema\\\/logo\\\/image\\\/\",\"url\":\"https:\\\/\\\/pulso27.com\\\/wp-content\\\/uploads\\\/2026\\\/02\\\/Logotipo-de-la-organizacion-696-x-696-px-ok.png\",\"contentUrl\":\"https:\\\/\\\/pulso27.com\\\/wp-content\\\/uploads\\\/2026\\\/02\\\/Logotipo-de-la-organizacion-696-x-696-px-ok.png\",\"width\":696,\"height\":696,\"caption\":\"Pulso27\"},\"image\":{\"@id\":\"https:\\\/\\\/pulso27.com\\\/en\\\/#\\\/schema\\\/logo\\\/image\\\/\"},\"sameAs\":[\"https:\\\/\\\/www.facebook.com\\\/pulso27\\\/\",\"https:\\\/\\\/x.com\\\/Pulso_27\",\"https:\\\/\\\/www.youtube.com\\\/@Pulso27\",\"https:\\\/\\\/www.tiktok.com\\\/@pulso_27\"]},{\"@type\":\"Person\",\"@id\":\"https:\\\/\\\/pulso27.com\\\/en\\\/#\\\/schema\\\/person\\\/a0930a7f318e7d9d83bd7cffed9f34f6\",\"name\":\"El Muki\",\"image\":{\"@type\":\"ImageObject\",\"inLanguage\":\"es-PE\",\"@id\":\"https:\\\/\\\/secure.gravatar.com\\\/avatar\\\/dc91c2607c5eebda74cbb40d13031f489096c96ead89c4c30c17db262267b2b3?s=96&d=mm&r=g\",\"url\":\"https:\\\/\\\/secure.gravatar.com\\\/avatar\\\/dc91c2607c5eebda74cbb40d13031f489096c96ead89c4c30c17db262267b2b3?s=96&d=mm&r=g\",\"contentUrl\":\"https:\\\/\\\/secure.gravatar.com\\\/avatar\\\/dc91c2607c5eebda74cbb40d13031f489096c96ead89c4c30c17db262267b2b3?s=96&d=mm&r=g\",\"caption\":\"El Muki\"},\"sameAs\":[\"http:\\\/\\\/www.pulso27.com\"],\"url\":\"https:\\\/\\\/pulso27.com\\\/es\\\/author\\\/elcuervo\\\/\"}]}<\/script>\n<!-- \/ Yoast SEO plugin. -->","yoast_head_json":{"title":"Congreso: aprueban bicameralidad para buscar reelecci\u00f3n inmediata - Pulso27","robots":{"index":"index","follow":"follow","max-snippet":"max-snippet:-1","max-image-preview":"max-image-preview:large","max-video-preview":"max-video-preview:-1"},"canonical":"https:\/\/pulso27.com\/es\/nacional\/congreso-aprueban-bicameralidad-para-buscar-reeleccion-inmediata\/","og_locale":"es_ES","og_type":"article","og_title":"Congreso: aprueban bicameralidad para buscar reelecci\u00f3n inmediata - Pulso27","og_description":"Astucia. Con 93 votos a favor, Fuerza Popular, APP y sus aliados aprobaron el retorno a la bicameralidad. El trasfondo no es que deseen mejorar el Congreso, dot\u00e1ndolo de dos c\u00e1maras. Su objetivo es que sus congresistas postulen a la reelecci\u00f3n como diputados o senadores.","og_url":"https:\/\/pulso27.com\/es\/nacional\/congreso-aprueban-bicameralidad-para-buscar-reeleccion-inmediata\/","og_site_name":"Pulso27","article_publisher":"https:\/\/www.facebook.com\/pulso27\/","article_published_time":"2023-11-17T13:55:37+00:00","article_modified_time":"2023-11-17T14:02:46+00:00","og_image":[{"width":615,"height":298,"url":"https:\/\/pulso27.com\/wp-content\/uploads\/2023\/11\/bicaremalidad.png","type":"image\/png"}],"author":"El Muki","twitter_card":"summary_large_image","twitter_creator":"@Pulso_27","twitter_site":"@Pulso_27","twitter_misc":{"Written by":"El Muki","Est. reading time":"3 minutos"},"schema":{"@context":"https:\/\/schema.org","@graph":[{"@type":"Article","@id":"https:\/\/pulso27.com\/nacional\/congreso-aprueban-bicameralidad-para-buscar-reeleccion-inmediata\/#article","isPartOf":{"@id":"https:\/\/pulso27.com\/nacional\/congreso-aprueban-bicameralidad-para-buscar-reeleccion-inmediata\/"},"author":{"name":"El Muki","@id":"https:\/\/pulso27.com\/en\/#\/schema\/person\/a0930a7f318e7d9d83bd7cffed9f34f6"},"headline":"Congreso: aprueban bicameralidad para buscar reelecci\u00f3n inmediata","datePublished":"2023-11-17T13:55:37+00:00","dateModified":"2023-11-17T14:02:46+00:00","mainEntityOfPage":{"@id":"https:\/\/pulso27.com\/nacional\/congreso-aprueban-bicameralidad-para-buscar-reeleccion-inmediata\/"},"wordCount":677,"commentCount":0,"publisher":{"@id":"https:\/\/pulso27.com\/en\/#organization"},"image":{"@id":"https:\/\/pulso27.com\/nacional\/congreso-aprueban-bicameralidad-para-buscar-reeleccion-inmediata\/#primaryimage"},"thumbnailUrl":"https:\/\/pulso27.com\/wp-content\/uploads\/2023\/11\/bicaremalidad.png","keywords":["Bicarmeralidad"],"articleSection":["Actualidad","Nacional"],"inLanguage":"es-PE","potentialAction":[{"@type":"CommentAction","name":"Comment","target":["https:\/\/pulso27.com\/nacional\/congreso-aprueban-bicameralidad-para-buscar-reeleccion-inmediata\/#respond"]}]},{"@type":"WebPage","@id":"https:\/\/pulso27.com\/nacional\/congreso-aprueban-bicameralidad-para-buscar-reeleccion-inmediata\/","url":"https:\/\/pulso27.com\/nacional\/congreso-aprueban-bicameralidad-para-buscar-reeleccion-inmediata\/","name":"Congreso: aprueban bicameralidad para buscar reelecci\u00f3n inmediata - Pulso27","isPartOf":{"@id":"https:\/\/pulso27.com\/en\/#website"},"primaryImageOfPage":{"@id":"https:\/\/pulso27.com\/nacional\/congreso-aprueban-bicameralidad-para-buscar-reeleccion-inmediata\/#primaryimage"},"image":{"@id":"https:\/\/pulso27.com\/nacional\/congreso-aprueban-bicameralidad-para-buscar-reeleccion-inmediata\/#primaryimage"},"thumbnailUrl":"https:\/\/pulso27.com\/wp-content\/uploads\/2023\/11\/bicaremalidad.png","datePublished":"2023-11-17T13:55:37+00:00","dateModified":"2023-11-17T14:02:46+00:00","breadcrumb":{"@id":"https:\/\/pulso27.com\/nacional\/congreso-aprueban-bicameralidad-para-buscar-reeleccion-inmediata\/#breadcrumb"},"inLanguage":"es-PE","potentialAction":[{"@type":"ReadAction","target":["https:\/\/pulso27.com\/nacional\/congreso-aprueban-bicameralidad-para-buscar-reeleccion-inmediata\/"]}]},{"@type":"ImageObject","inLanguage":"es-PE","@id":"https:\/\/pulso27.com\/nacional\/congreso-aprueban-bicameralidad-para-buscar-reeleccion-inmediata\/#primaryimage","url":"https:\/\/pulso27.com\/wp-content\/uploads\/2023\/11\/bicaremalidad.png","contentUrl":"https:\/\/pulso27.com\/wp-content\/uploads\/2023\/11\/bicaremalidad.png","width":615,"height":298,"caption":"Celebracion"},{"@type":"BreadcrumbList","@id":"https:\/\/pulso27.com\/nacional\/congreso-aprueban-bicameralidad-para-buscar-reeleccion-inmediata\/#breadcrumb","itemListElement":[{"@type":"ListItem","position":1,"name":"Portada","item":"https:\/\/pulso27.com\/"},{"@type":"ListItem","position":2,"name":"Congreso: aprueban bicameralidad para buscar reelecci\u00f3n inmediata"}]},{"@type":"WebSite","@id":"https:\/\/pulso27.com\/en\/#website","url":"https:\/\/pulso27.com\/en\/","name":"Pulso27","description":"Web de noticias y publicidad","publisher":{"@id":"https:\/\/pulso27.com\/en\/#organization"},"alternateName":"El pulso del pueblo","potentialAction":[{"@type":"SearchAction","target":{"@type":"EntryPoint","urlTemplate":"https:\/\/pulso27.com\/en\/?s={search_term_string}"},"query-input":{"@type":"PropertyValueSpecification","valueRequired":true,"valueName":"search_term_string"}}],"inLanguage":"es-PE"},{"@type":"Organization","@id":"https:\/\/pulso27.com\/en\/#organization","name":"Pulso27","url":"https:\/\/pulso27.com\/en\/","logo":{"@type":"ImageObject","inLanguage":"es-PE","@id":"https:\/\/pulso27.com\/en\/#\/schema\/logo\/image\/","url":"https:\/\/pulso27.com\/wp-content\/uploads\/2026\/02\/Logotipo-de-la-organizacion-696-x-696-px-ok.png","contentUrl":"https:\/\/pulso27.com\/wp-content\/uploads\/2026\/02\/Logotipo-de-la-organizacion-696-x-696-px-ok.png","width":696,"height":696,"caption":"Pulso27"},"image":{"@id":"https:\/\/pulso27.com\/en\/#\/schema\/logo\/image\/"},"sameAs":["https:\/\/www.facebook.com\/pulso27\/","https:\/\/x.com\/Pulso_27","https:\/\/www.youtube.com\/@Pulso27","https:\/\/www.tiktok.com\/@pulso_27"]},{"@type":"Person","@id":"https:\/\/pulso27.com\/en\/#\/schema\/person\/a0930a7f318e7d9d83bd7cffed9f34f6","name":"El Muki","image":{"@type":"ImageObject","inLanguage":"es-PE","@id":"https:\/\/secure.gravatar.com\/avatar\/dc91c2607c5eebda74cbb40d13031f489096c96ead89c4c30c17db262267b2b3?s=96&d=mm&r=g","url":"https:\/\/secure.gravatar.com\/avatar\/dc91c2607c5eebda74cbb40d13031f489096c96ead89c4c30c17db262267b2b3?s=96&d=mm&r=g","contentUrl":"https:\/\/secure.gravatar.com\/avatar\/dc91c2607c5eebda74cbb40d13031f489096c96ead89c4c30c17db262267b2b3?s=96&d=mm&r=g","caption":"El Muki"},"sameAs":["http:\/\/www.pulso27.com"],"url":"https:\/\/pulso27.com\/es\/author\/elcuervo\/"}]}},"amp_enabled":true,"_links":{"self":[{"href":"https:\/\/pulso27.com\/es\/wp-json\/wp\/v2\/posts\/743","targetHints":{"allow":["GET"]}}],"collection":[{"href":"https:\/\/pulso27.com\/es\/wp-json\/wp\/v2\/posts"}],"about":[{"href":"https:\/\/pulso27.com\/es\/wp-json\/wp\/v2\/types\/post"}],"author":[{"embeddable":true,"href":"https:\/\/pulso27.com\/es\/wp-json\/wp\/v2\/users\/10"}],"replies":[{"embeddable":true,"href":"https:\/\/pulso27.com\/es\/wp-json\/wp\/v2\/comments?post=743"}],"version-history":[{"count":1,"href":"https:\/\/pulso27.com\/es\/wp-json\/wp\/v2\/posts\/743\/revisions"}],"predecessor-version":[{"id":746,"href":"https:\/\/pulso27.com\/es\/wp-json\/wp\/v2\/posts\/743\/revisions\/746"}],"wp:featuredmedia":[{"embeddable":true,"href":"https:\/\/pulso27.com\/es\/wp-json\/wp\/v2\/media\/745"}],"wp:attachment":[{"href":"https:\/\/pulso27.com\/es\/wp-json\/wp\/v2\/media?parent=743"}],"wp:term":[{"taxonomy":"category","embeddable":true,"href":"https:\/\/pulso27.com\/es\/wp-json\/wp\/v2\/categories?post=743"},{"taxonomy":"post_tag","embeddable":true,"href":"https:\/\/pulso27.com\/es\/wp-json\/wp\/v2\/tags?post=743"}],"curies":[{"name":"wp","href":"https:\/\/api.w.org\/{rel}","templated":true}]}}