{"id":770,"date":"2023-11-23T17:17:00","date_gmt":"2023-11-23T17:17:00","guid":{"rendered":"https:\/\/pulso27.com\/?p=770"},"modified":"2023-11-23T17:17:00","modified_gmt":"2023-11-23T17:17:00","slug":"policia-nego-agresion-a-seleccionados-venezolanos-tras-partido-contra-peru","status":"publish","type":"post","link":"https:\/\/pulso27.com\/es\/deporte\/policia-nego-agresion-a-seleccionados-venezolanos-tras-partido-contra-peru\/","title":{"rendered":"Polic\u00eda neg\u00f3 agresi\u00f3n a seleccionados venezolanos tras partido contra Per\u00fa"},"content":{"rendered":"\n<p>El comandante general de la PNP dijo que \u00abse origin\u00f3 un poco de desorden\u00bb cuando los futbolistas llaneros intentaron celebrar el empate 1-1 con sus compatriotas, pero neg\u00f3 que se haya presentado alg\u00fan tipo de agresi\u00f3n.<br>Jorge Angulo brind\u00f3 conferencia de prensa desde Mesa Redonda. | Fuente: RPP<br>El general PNP Jorge Angulo, comandante general de la Polic\u00eda Nacional, neg\u00f3 que haya habido alguna agresi\u00f3n contra los seleccionados venezolanos tras el partido del martes, por las Eliminatorias al Mundial 2026.<\/p>\n\n\n\n<p>En di\u00e1logo con la prensa, el alto mando dijo que \u201cse origin\u00f3 un poco de desorden\u201d cuando los futbolistas llaneros intentaron celebrar el empate 1-1 con sus compatriotas, pero neg\u00f3 que se haya presentado alg\u00fan tipo de agresi\u00f3n.<\/p>\n\n\n\n<figure class=\"wp-block-image size-full is-resized\"><img loading=\"lazy\" decoding=\"async\" width=\"474\" height=\"292\" src=\"https:\/\/pulso27.com\/wp-content\/uploads\/2023\/11\/image-18.png\" alt=\"\" class=\"wp-image-772\" style=\"width:740px;height:auto\" srcset=\"https:\/\/pulso27.com\/wp-content\/uploads\/2023\/11\/image-18.png 474w, https:\/\/pulso27.com\/wp-content\/uploads\/2023\/11\/image-18-300x185.png 300w\" sizes=\"auto, (max-width: 474px) 100vw, 474px\" \/><\/figure>\n\n\n\n<p>\u201cSe ha esclarecido que no hay ni ha habido ning\u00fan tipo de manifestaci\u00f3n contraria a ciudadanos extranjeros. Quiz\u00e1s los jugadores de la selecci\u00f3n venezolana quisieron acercarse a sus aficionados y a sus compatriotas, y se origin\u00f3 un poco de desorden; pero fue superado inmediatamente\u201d, sostuvo.<\/p>\n\n\n\n<p>Jorge Angulo respondi\u00f3 as\u00ed a las declaraciones del presidente venezolano Nicol\u00e1s Maduro, quien acus\u00f3 a las autoridades de Per\u00fa de \u201cxenofobia\u201d contra la \u2018Vinotinto\u2019 y sus aficionados.<\/p>\n\n\n\n<p>\u201cLa xenofobia de esa oligarqu\u00eda racista de Per\u00fa ha arremetido contra nuestra noble selecci\u00f3n nacional de f\u00fatbol\u201d, declar\u00f3. \u201cEllos andan en el fondo (de la clasificaci\u00f3n) y nosotros de cuartos (\u2026), envidiosos, mezquinos, malvados\u201d, agreg\u00f3.<\/p>\n\n\n\n<p><\/p>\n\n\n\n<blockquote class=\"wp-block-quote is-layout-flow wp-block-quote-is-layout-flow\">\n<p>\u201cLa xenofobia de esa oligarqu\u00eda racista de Per\u00fa ha arremetido contra nuestra noble selecci\u00f3n nacional de f\u00fatbol\u201d, declar\u00f3. \u201cEllos andan en el fondo (de la clasificaci\u00f3n) y nosotros de cuartos (\u2026), envidiosos, mezquinos, malvados\u201d, agreg\u00f3 Jorge Angulo.<\/p>\n<\/blockquote>\n\n\n\n<p>Este no fue el \u00fanico incidente reportado en torno al partido entre Per\u00fa y Venezuela. Tambi\u00e9n caus\u00f3 pol\u00e9mica el anuncio de que se realizar\u00edan -previo al partido- controles migratorios en los accesos al Estadio Nacional.<\/p>\n\n\n\n<p>Asimismo, ayer en la ma\u00f1ana, el Gobierno venezolano denunci\u00f3 un retraso en el vuelo de regreso de su equipo por problemas de combustible, algo que fue negado desde el Ejecutivo peruano.<\/p>\n\n\n\n<p>Navidad segura<br>El general PNP Jorge Angulo brind\u00f3 estas declaraciones durante una actividad en Mesa Redonda, con la que la Polic\u00eda Nacional pon\u00eda en marcha su plan \u2018Navidad y A\u00f1o Nuevo Seguros 2023\u2019.<\/p>\n\n\n\n<p>El alto mando anunci\u00f3 que se desplegar\u00e1n m\u00e1s de mil polic\u00edas para reforzar la seguridad en el emporio comercial del Centro de Lima, donde -dijo- no se permitir\u00e1 la presencia de ambulantes.<\/p>\n\n\n\n<p>\u201cMil efectivos policiales solamente para este emporio comercial. Igual vamos a hacer en los diferentes mercados que tenemos en Lima. El personal administrativo de la Polic\u00eda en su totalidad y a nivel nacional va a estar presente en las diferentes operaciones de resguardo y seguridad de nuestros ciudadanos en esta temporada de Navidad y A\u00f1o Nuevo\u201d, prometi\u00f3.<\/p>\n\n\n\n<p>Fuente: RPP<\/p>\n","protected":false},"excerpt":{"rendered":"<p>Comandante general Angulo de la PNP dijo que \u00abse origin\u00f3 un poco de desorden\u00bb cuando los futbolistas llaneros intentaron celebrar el empate 1-1 con sus compatriotas, pero neg\u00f3 que se haya presentado alg\u00fan tipo de agresi\u00f3n.<\/p>\n","protected":false},"author":10,"featured_media":771,"comment_status":"open","ping_status":"open","sticky":false,"template":"","format":"standard","meta":{"footnotes":""},"categories":[183,176],"tags":[321,309],"class_list":["post-770","post","type-post","status-publish","format-standard","has-post-thumbnail","hentry","category-actualidad","category-deporte","tag-clasificatoriaas-2023","tag-pnp"],"yoast_head":"<!-- This site is optimized with the Yoast SEO plugin v27.4 - https:\/\/yoast.com\/product\/yoast-seo-wordpress\/ -->\n<title>Polic\u00eda neg\u00f3 agresi\u00f3n a seleccionados venezolanos tras partido contra Per\u00fa - Pulso27<\/title>\n<meta name=\"robots\" content=\"index, follow, max-snippet:-1, max-image-preview:large, max-video-preview:-1\" \/>\n<link rel=\"canonical\" href=\"https:\/\/pulso27.com\/es\/deporte\/policia-nego-agresion-a-seleccionados-venezolanos-tras-partido-contra-peru\/\" \/>\n<meta property=\"og:locale\" content=\"es_ES\" \/>\n<meta property=\"og:type\" content=\"article\" \/>\n<meta property=\"og:title\" content=\"Polic\u00eda neg\u00f3 agresi\u00f3n a seleccionados venezolanos tras partido contra Per\u00fa - Pulso27\" \/>\n<meta property=\"og:description\" content=\"Comandante general Angulo de la PNP dijo que &quot;se origin\u00f3 un poco de desorden&quot; cuando los futbolistas llaneros intentaron celebrar el empate 1-1 con sus compatriotas, pero neg\u00f3 que se haya presentado alg\u00fan tipo de agresi\u00f3n.\" \/>\n<meta property=\"og:url\" content=\"https:\/\/pulso27.com\/es\/deporte\/policia-nego-agresion-a-seleccionados-venezolanos-tras-partido-contra-peru\/\" \/>\n<meta property=\"og:site_name\" content=\"Pulso27\" \/>\n<meta property=\"article:publisher\" content=\"https:\/\/www.facebook.com\/pulso27\/\" \/>\n<meta property=\"article:published_time\" content=\"2023-11-23T17:17:00+00:00\" \/>\n<meta property=\"og:image\" content=\"https:\/\/pulso27.com\/wp-content\/uploads\/2023\/11\/pnp-selec-venezolanos.jpg\" \/>\n\t<meta property=\"og:image:width\" content=\"474\" \/>\n\t<meta property=\"og:image:height\" content=\"255\" \/>\n\t<meta property=\"og:image:type\" content=\"image\/jpeg\" \/>\n<meta name=\"author\" content=\"El Muki\" \/>\n<meta name=\"twitter:card\" content=\"summary_large_image\" \/>\n<meta name=\"twitter:creator\" content=\"@Pulso_27\" \/>\n<meta name=\"twitter:site\" content=\"@Pulso_27\" \/>\n<meta name=\"twitter:label1\" content=\"Written by\" \/>\n\t<meta name=\"twitter:data1\" content=\"El Muki\" \/>\n\t<meta name=\"twitter:label2\" content=\"Est. reading time\" \/>\n\t<meta name=\"twitter:data2\" content=\"2 minutos\" \/>\n<script type=\"application\/ld+json\" class=\"yoast-schema-graph\">{\"@context\":\"https:\\\/\\\/schema.org\",\"@graph\":[{\"@type\":\"Article\",\"@id\":\"https:\\\/\\\/pulso27.com\\\/deporte\\\/policia-nego-agresion-a-seleccionados-venezolanos-tras-partido-contra-peru\\\/#article\",\"isPartOf\":{\"@id\":\"https:\\\/\\\/pulso27.com\\\/deporte\\\/policia-nego-agresion-a-seleccionados-venezolanos-tras-partido-contra-peru\\\/\"},\"author\":{\"name\":\"El Muki\",\"@id\":\"https:\\\/\\\/pulso27.com\\\/en\\\/#\\\/schema\\\/person\\\/a0930a7f318e7d9d83bd7cffed9f34f6\"},\"headline\":\"Polic\u00eda neg\u00f3 agresi\u00f3n a seleccionados venezolanos tras partido contra Per\u00fa\",\"datePublished\":\"2023-11-23T17:17:00+00:00\",\"mainEntityOfPage\":{\"@id\":\"https:\\\/\\\/pulso27.com\\\/deporte\\\/policia-nego-agresion-a-seleccionados-venezolanos-tras-partido-contra-peru\\\/\"},\"wordCount\":489,\"commentCount\":0,\"publisher\":{\"@id\":\"https:\\\/\\\/pulso27.com\\\/en\\\/#organization\"},\"image\":{\"@id\":\"https:\\\/\\\/pulso27.com\\\/deporte\\\/policia-nego-agresion-a-seleccionados-venezolanos-tras-partido-contra-peru\\\/#primaryimage\"},\"thumbnailUrl\":\"https:\\\/\\\/pulso27.com\\\/wp-content\\\/uploads\\\/2023\\\/11\\\/pnp-selec-venezolanos.jpg\",\"keywords\":[\"clasificatoriaas 2023\",\"PNP\"],\"articleSection\":[\"Actualidad\",\"Deporte\"],\"inLanguage\":\"es-PE\",\"potentialAction\":[{\"@type\":\"CommentAction\",\"name\":\"Comment\",\"target\":[\"https:\\\/\\\/pulso27.com\\\/deporte\\\/policia-nego-agresion-a-seleccionados-venezolanos-tras-partido-contra-peru\\\/#respond\"]}]},{\"@type\":\"WebPage\",\"@id\":\"https:\\\/\\\/pulso27.com\\\/deporte\\\/policia-nego-agresion-a-seleccionados-venezolanos-tras-partido-contra-peru\\\/\",\"url\":\"https:\\\/\\\/pulso27.com\\\/deporte\\\/policia-nego-agresion-a-seleccionados-venezolanos-tras-partido-contra-peru\\\/\",\"name\":\"Polic\u00eda neg\u00f3 agresi\u00f3n a seleccionados venezolanos tras partido contra Per\u00fa - Pulso27\",\"isPartOf\":{\"@id\":\"https:\\\/\\\/pulso27.com\\\/en\\\/#website\"},\"primaryImageOfPage\":{\"@id\":\"https:\\\/\\\/pulso27.com\\\/deporte\\\/policia-nego-agresion-a-seleccionados-venezolanos-tras-partido-contra-peru\\\/#primaryimage\"},\"image\":{\"@id\":\"https:\\\/\\\/pulso27.com\\\/deporte\\\/policia-nego-agresion-a-seleccionados-venezolanos-tras-partido-contra-peru\\\/#primaryimage\"},\"thumbnailUrl\":\"https:\\\/\\\/pulso27.com\\\/wp-content\\\/uploads\\\/2023\\\/11\\\/pnp-selec-venezolanos.jpg\",\"datePublished\":\"2023-11-23T17:17:00+00:00\",\"breadcrumb\":{\"@id\":\"https:\\\/\\\/pulso27.com\\\/deporte\\\/policia-nego-agresion-a-seleccionados-venezolanos-tras-partido-contra-peru\\\/#breadcrumb\"},\"inLanguage\":\"es-PE\",\"potentialAction\":[{\"@type\":\"ReadAction\",\"target\":[\"https:\\\/\\\/pulso27.com\\\/deporte\\\/policia-nego-agresion-a-seleccionados-venezolanos-tras-partido-contra-peru\\\/\"]}]},{\"@type\":\"ImageObject\",\"inLanguage\":\"es-PE\",\"@id\":\"https:\\\/\\\/pulso27.com\\\/deporte\\\/policia-nego-agresion-a-seleccionados-venezolanos-tras-partido-contra-peru\\\/#primaryimage\",\"url\":\"https:\\\/\\\/pulso27.com\\\/wp-content\\\/uploads\\\/2023\\\/11\\\/pnp-selec-venezolanos.jpg\",\"contentUrl\":\"https:\\\/\\\/pulso27.com\\\/wp-content\\\/uploads\\\/2023\\\/11\\\/pnp-selec-venezolanos.jpg\",\"width\":474,\"height\":255},{\"@type\":\"BreadcrumbList\",\"@id\":\"https:\\\/\\\/pulso27.com\\\/deporte\\\/policia-nego-agresion-a-seleccionados-venezolanos-tras-partido-contra-peru\\\/#breadcrumb\",\"itemListElement\":[{\"@type\":\"ListItem\",\"position\":1,\"name\":\"Portada\",\"item\":\"https:\\\/\\\/pulso27.com\\\/\"},{\"@type\":\"ListItem\",\"position\":2,\"name\":\"Polic\u00eda neg\u00f3 agresi\u00f3n a seleccionados venezolanos tras partido contra Per\u00fa\"}]},{\"@type\":\"WebSite\",\"@id\":\"https:\\\/\\\/pulso27.com\\\/en\\\/#website\",\"url\":\"https:\\\/\\\/pulso27.com\\\/en\\\/\",\"name\":\"Pulso27\",\"description\":\"Web de noticias y publicidad\",\"publisher\":{\"@id\":\"https:\\\/\\\/pulso27.com\\\/en\\\/#organization\"},\"alternateName\":\"El pulso del pueblo\",\"potentialAction\":[{\"@type\":\"SearchAction\",\"target\":{\"@type\":\"EntryPoint\",\"urlTemplate\":\"https:\\\/\\\/pulso27.com\\\/en\\\/?s={search_term_string}\"},\"query-input\":{\"@type\":\"PropertyValueSpecification\",\"valueRequired\":true,\"valueName\":\"search_term_string\"}}],\"inLanguage\":\"es-PE\"},{\"@type\":\"Organization\",\"@id\":\"https:\\\/\\\/pulso27.com\\\/en\\\/#organization\",\"name\":\"Pulso27\",\"url\":\"https:\\\/\\\/pulso27.com\\\/en\\\/\",\"logo\":{\"@type\":\"ImageObject\",\"inLanguage\":\"es-PE\",\"@id\":\"https:\\\/\\\/pulso27.com\\\/en\\\/#\\\/schema\\\/logo\\\/image\\\/\",\"url\":\"https:\\\/\\\/pulso27.com\\\/wp-content\\\/uploads\\\/2026\\\/02\\\/Logotipo-de-la-organizacion-696-x-696-px-ok.png\",\"contentUrl\":\"https:\\\/\\\/pulso27.com\\\/wp-content\\\/uploads\\\/2026\\\/02\\\/Logotipo-de-la-organizacion-696-x-696-px-ok.png\",\"width\":696,\"height\":696,\"caption\":\"Pulso27\"},\"image\":{\"@id\":\"https:\\\/\\\/pulso27.com\\\/en\\\/#\\\/schema\\\/logo\\\/image\\\/\"},\"sameAs\":[\"https:\\\/\\\/www.facebook.com\\\/pulso27\\\/\",\"https:\\\/\\\/x.com\\\/Pulso_27\",\"https:\\\/\\\/www.youtube.com\\\/@Pulso27\",\"https:\\\/\\\/www.tiktok.com\\\/@pulso_27\"]},{\"@type\":\"Person\",\"@id\":\"https:\\\/\\\/pulso27.com\\\/en\\\/#\\\/schema\\\/person\\\/a0930a7f318e7d9d83bd7cffed9f34f6\",\"name\":\"El Muki\",\"image\":{\"@type\":\"ImageObject\",\"inLanguage\":\"es-PE\",\"@id\":\"https:\\\/\\\/secure.gravatar.com\\\/avatar\\\/dc91c2607c5eebda74cbb40d13031f489096c96ead89c4c30c17db262267b2b3?s=96&d=mm&r=g\",\"url\":\"https:\\\/\\\/secure.gravatar.com\\\/avatar\\\/dc91c2607c5eebda74cbb40d13031f489096c96ead89c4c30c17db262267b2b3?s=96&d=mm&r=g\",\"contentUrl\":\"https:\\\/\\\/secure.gravatar.com\\\/avatar\\\/dc91c2607c5eebda74cbb40d13031f489096c96ead89c4c30c17db262267b2b3?s=96&d=mm&r=g\",\"caption\":\"El Muki\"},\"sameAs\":[\"http:\\\/\\\/www.pulso27.com\"],\"url\":\"https:\\\/\\\/pulso27.com\\\/es\\\/author\\\/elcuervo\\\/\"}]}<\/script>\n<!-- \/ Yoast SEO plugin. -->","yoast_head_json":{"title":"Polic\u00eda neg\u00f3 agresi\u00f3n a seleccionados venezolanos tras partido contra Per\u00fa - Pulso27","robots":{"index":"index","follow":"follow","max-snippet":"max-snippet:-1","max-image-preview":"max-image-preview:large","max-video-preview":"max-video-preview:-1"},"canonical":"https:\/\/pulso27.com\/es\/deporte\/policia-nego-agresion-a-seleccionados-venezolanos-tras-partido-contra-peru\/","og_locale":"es_ES","og_type":"article","og_title":"Polic\u00eda neg\u00f3 agresi\u00f3n a seleccionados venezolanos tras partido contra Per\u00fa - Pulso27","og_description":"Comandante general Angulo de la PNP dijo que \"se origin\u00f3 un poco de desorden\" cuando los futbolistas llaneros intentaron celebrar el empate 1-1 con sus compatriotas, pero neg\u00f3 que se haya presentado alg\u00fan tipo de agresi\u00f3n.","og_url":"https:\/\/pulso27.com\/es\/deporte\/policia-nego-agresion-a-seleccionados-venezolanos-tras-partido-contra-peru\/","og_site_name":"Pulso27","article_publisher":"https:\/\/www.facebook.com\/pulso27\/","article_published_time":"2023-11-23T17:17:00+00:00","og_image":[{"width":474,"height":255,"url":"https:\/\/pulso27.com\/wp-content\/uploads\/2023\/11\/pnp-selec-venezolanos.jpg","type":"image\/jpeg"}],"author":"El Muki","twitter_card":"summary_large_image","twitter_creator":"@Pulso_27","twitter_site":"@Pulso_27","twitter_misc":{"Written by":"El Muki","Est. reading time":"2 minutos"},"schema":{"@context":"https:\/\/schema.org","@graph":[{"@type":"Article","@id":"https:\/\/pulso27.com\/deporte\/policia-nego-agresion-a-seleccionados-venezolanos-tras-partido-contra-peru\/#article","isPartOf":{"@id":"https:\/\/pulso27.com\/deporte\/policia-nego-agresion-a-seleccionados-venezolanos-tras-partido-contra-peru\/"},"author":{"name":"El Muki","@id":"https:\/\/pulso27.com\/en\/#\/schema\/person\/a0930a7f318e7d9d83bd7cffed9f34f6"},"headline":"Polic\u00eda neg\u00f3 agresi\u00f3n a seleccionados venezolanos tras partido contra Per\u00fa","datePublished":"2023-11-23T17:17:00+00:00","mainEntityOfPage":{"@id":"https:\/\/pulso27.com\/deporte\/policia-nego-agresion-a-seleccionados-venezolanos-tras-partido-contra-peru\/"},"wordCount":489,"commentCount":0,"publisher":{"@id":"https:\/\/pulso27.com\/en\/#organization"},"image":{"@id":"https:\/\/pulso27.com\/deporte\/policia-nego-agresion-a-seleccionados-venezolanos-tras-partido-contra-peru\/#primaryimage"},"thumbnailUrl":"https:\/\/pulso27.com\/wp-content\/uploads\/2023\/11\/pnp-selec-venezolanos.jpg","keywords":["clasificatoriaas 2023","PNP"],"articleSection":["Actualidad","Deporte"],"inLanguage":"es-PE","potentialAction":[{"@type":"CommentAction","name":"Comment","target":["https:\/\/pulso27.com\/deporte\/policia-nego-agresion-a-seleccionados-venezolanos-tras-partido-contra-peru\/#respond"]}]},{"@type":"WebPage","@id":"https:\/\/pulso27.com\/deporte\/policia-nego-agresion-a-seleccionados-venezolanos-tras-partido-contra-peru\/","url":"https:\/\/pulso27.com\/deporte\/policia-nego-agresion-a-seleccionados-venezolanos-tras-partido-contra-peru\/","name":"Polic\u00eda neg\u00f3 agresi\u00f3n a seleccionados venezolanos tras partido contra Per\u00fa - Pulso27","isPartOf":{"@id":"https:\/\/pulso27.com\/en\/#website"},"primaryImageOfPage":{"@id":"https:\/\/pulso27.com\/deporte\/policia-nego-agresion-a-seleccionados-venezolanos-tras-partido-contra-peru\/#primaryimage"},"image":{"@id":"https:\/\/pulso27.com\/deporte\/policia-nego-agresion-a-seleccionados-venezolanos-tras-partido-contra-peru\/#primaryimage"},"thumbnailUrl":"https:\/\/pulso27.com\/wp-content\/uploads\/2023\/11\/pnp-selec-venezolanos.jpg","datePublished":"2023-11-23T17:17:00+00:00","breadcrumb":{"@id":"https:\/\/pulso27.com\/deporte\/policia-nego-agresion-a-seleccionados-venezolanos-tras-partido-contra-peru\/#breadcrumb"},"inLanguage":"es-PE","potentialAction":[{"@type":"ReadAction","target":["https:\/\/pulso27.com\/deporte\/policia-nego-agresion-a-seleccionados-venezolanos-tras-partido-contra-peru\/"]}]},{"@type":"ImageObject","inLanguage":"es-PE","@id":"https:\/\/pulso27.com\/deporte\/policia-nego-agresion-a-seleccionados-venezolanos-tras-partido-contra-peru\/#primaryimage","url":"https:\/\/pulso27.com\/wp-content\/uploads\/2023\/11\/pnp-selec-venezolanos.jpg","contentUrl":"https:\/\/pulso27.com\/wp-content\/uploads\/2023\/11\/pnp-selec-venezolanos.jpg","width":474,"height":255},{"@type":"BreadcrumbList","@id":"https:\/\/pulso27.com\/deporte\/policia-nego-agresion-a-seleccionados-venezolanos-tras-partido-contra-peru\/#breadcrumb","itemListElement":[{"@type":"ListItem","position":1,"name":"Portada","item":"https:\/\/pulso27.com\/"},{"@type":"ListItem","position":2,"name":"Polic\u00eda neg\u00f3 agresi\u00f3n a seleccionados venezolanos tras partido contra Per\u00fa"}]},{"@type":"WebSite","@id":"https:\/\/pulso27.com\/en\/#website","url":"https:\/\/pulso27.com\/en\/","name":"Pulso27","description":"Web de noticias y publicidad","publisher":{"@id":"https:\/\/pulso27.com\/en\/#organization"},"alternateName":"El pulso del pueblo","potentialAction":[{"@type":"SearchAction","target":{"@type":"EntryPoint","urlTemplate":"https:\/\/pulso27.com\/en\/?s={search_term_string}"},"query-input":{"@type":"PropertyValueSpecification","valueRequired":true,"valueName":"search_term_string"}}],"inLanguage":"es-PE"},{"@type":"Organization","@id":"https:\/\/pulso27.com\/en\/#organization","name":"Pulso27","url":"https:\/\/pulso27.com\/en\/","logo":{"@type":"ImageObject","inLanguage":"es-PE","@id":"https:\/\/pulso27.com\/en\/#\/schema\/logo\/image\/","url":"https:\/\/pulso27.com\/wp-content\/uploads\/2026\/02\/Logotipo-de-la-organizacion-696-x-696-px-ok.png","contentUrl":"https:\/\/pulso27.com\/wp-content\/uploads\/2026\/02\/Logotipo-de-la-organizacion-696-x-696-px-ok.png","width":696,"height":696,"caption":"Pulso27"},"image":{"@id":"https:\/\/pulso27.com\/en\/#\/schema\/logo\/image\/"},"sameAs":["https:\/\/www.facebook.com\/pulso27\/","https:\/\/x.com\/Pulso_27","https:\/\/www.youtube.com\/@Pulso27","https:\/\/www.tiktok.com\/@pulso_27"]},{"@type":"Person","@id":"https:\/\/pulso27.com\/en\/#\/schema\/person\/a0930a7f318e7d9d83bd7cffed9f34f6","name":"El Muki","image":{"@type":"ImageObject","inLanguage":"es-PE","@id":"https:\/\/secure.gravatar.com\/avatar\/dc91c2607c5eebda74cbb40d13031f489096c96ead89c4c30c17db262267b2b3?s=96&d=mm&r=g","url":"https:\/\/secure.gravatar.com\/avatar\/dc91c2607c5eebda74cbb40d13031f489096c96ead89c4c30c17db262267b2b3?s=96&d=mm&r=g","contentUrl":"https:\/\/secure.gravatar.com\/avatar\/dc91c2607c5eebda74cbb40d13031f489096c96ead89c4c30c17db262267b2b3?s=96&d=mm&r=g","caption":"El Muki"},"sameAs":["http:\/\/www.pulso27.com"],"url":"https:\/\/pulso27.com\/es\/author\/elcuervo\/"}]}},"amp_enabled":true,"_links":{"self":[{"href":"https:\/\/pulso27.com\/es\/wp-json\/wp\/v2\/posts\/770","targetHints":{"allow":["GET"]}}],"collection":[{"href":"https:\/\/pulso27.com\/es\/wp-json\/wp\/v2\/posts"}],"about":[{"href":"https:\/\/pulso27.com\/es\/wp-json\/wp\/v2\/types\/post"}],"author":[{"embeddable":true,"href":"https:\/\/pulso27.com\/es\/wp-json\/wp\/v2\/users\/10"}],"replies":[{"embeddable":true,"href":"https:\/\/pulso27.com\/es\/wp-json\/wp\/v2\/comments?post=770"}],"version-history":[{"count":1,"href":"https:\/\/pulso27.com\/es\/wp-json\/wp\/v2\/posts\/770\/revisions"}],"predecessor-version":[{"id":773,"href":"https:\/\/pulso27.com\/es\/wp-json\/wp\/v2\/posts\/770\/revisions\/773"}],"wp:featuredmedia":[{"embeddable":true,"href":"https:\/\/pulso27.com\/es\/wp-json\/wp\/v2\/media\/771"}],"wp:attachment":[{"href":"https:\/\/pulso27.com\/es\/wp-json\/wp\/v2\/media?parent=770"}],"wp:term":[{"taxonomy":"category","embeddable":true,"href":"https:\/\/pulso27.com\/es\/wp-json\/wp\/v2\/categories?post=770"},{"taxonomy":"post_tag","embeddable":true,"href":"https:\/\/pulso27.com\/es\/wp-json\/wp\/v2\/tags?post=770"}],"curies":[{"name":"wp","href":"https:\/\/api.w.org\/{rel}","templated":true}]}}