{"id":7873,"date":"2026-04-26T08:09:03","date_gmt":"2026-04-26T03:09:03","guid":{"rendered":"https:\/\/pulso27.com\/?p=7873"},"modified":"2026-04-26T08:09:12","modified_gmt":"2026-04-26T03:09:12","slug":"trump-evacuado-tras-presunto-tiroteo-en-la-cena-de-corresponsales-en-washington","status":"publish","type":"post","link":"https:\/\/pulso27.com\/es\/internacional\/trump-evacuado-tras-presunto-tiroteo-en-la-cena-de-corresponsales-en-washington\/","title":{"rendered":"Trump evacuado tras presunto tiroteo en la Cena de Corresponsales en Washington"},"content":{"rendered":"\n<p>El presidente de Estados Unidos, Donald Trump, fue evacuado este s\u00e1bado de la Cena de Corresponsales de la Casa Blanca tras registrarse un incidente de seguridad con detonaciones en el hotel Washington Hilton, en Washington, D.C.. El hecho gener\u00f3 momentos de tensi\u00f3n entre los asistentes, quienes fueron retirados del recinto por personal del Servicio Secreto.<\/p>\n\n\n\n<p>De acuerdo con reportes preliminares, durante el desarrollo del evento se escucharon lo que inicialmente fueron descritos como disparos, lo que activ\u00f3 de inmediato los protocolos de emergencia. Entre los evacuados se encontraba tambi\u00e9n el vicepresidente J. D. Vance, as\u00ed como funcionarios, periodistas y otras figuras p\u00fablicas presentes en la tradicional gala.<\/p>\n\n\n\n<p>Tras la evacuaci\u00f3n, las autoridades confirmaron la detenci\u00f3n de un sospechoso vinculado al incidente. Sin embargo, hasta el momento no se han difundido detalles precisos sobre las circunstancias en que ocurrieron las detonaciones ni si estas se produjeron dentro del sal\u00f3n principal o en \u00e1reas adyacentes al hotel.<\/p>\n\n\n\n<p>El propio Trump se pronunci\u00f3 a trav\u00e9s de sus redes sociales, donde asegur\u00f3 que la situaci\u00f3n estaba bajo control y agradeci\u00f3 la r\u00e1pida intervenci\u00f3n de los equipos de seguridad. Asimismo, indic\u00f3 que no se reportaron heridos de gravedad entre los asistentes, aunque la investigaci\u00f3n contin\u00faa en curso.<\/p>\n\n\n\n<p>La Cena de Corresponsales de la Casa Blanca es uno de los eventos m\u00e1s importantes del calendario pol\u00edtico y medi\u00e1tico en Estados Unidos, por lo que el incidente ha generado gran atenci\u00f3n a nivel nacional e internacional. Las autoridades han se\u00f1alado que en las pr\u00f3ximas horas se ofrecer\u00e1 un informe m\u00e1s detallado para esclarecer lo ocurrido y determinar responsabilidades.<\/p>\n","protected":false},"excerpt":{"rendered":"<p>El presidente de Estados Unidos, Donald Trump, fue evacuado este s\u00e1bado de la Cena de Corresponsales de la Casa Blanca tras registrarse un incidente de seguridad con detonaciones en el hotel Washington Hilton, en Washington, D.C.. El hecho gener\u00f3 momentos de tensi\u00f3n entre los asistentes, quienes fueron retirados del recinto por personal del Servicio Secreto. [&hellip;]<\/p>\n","protected":false},"author":7,"featured_media":7874,"comment_status":"open","ping_status":"open","sticky":false,"template":"","format":"standard","meta":{"footnotes":""},"categories":[183,173,178,1852],"tags":[2753,2515,1883],"class_list":["post-7873","post","type-post","status-publish","format-standard","has-post-thumbnail","hentry","category-actualidad","category-internacional","category-policial","category-tendencia","tag-casa-blanca","tag-donald-trump","tag-eeuu"],"yoast_head":"<!-- This site is optimized with the Yoast SEO plugin v27.4 - https:\/\/yoast.com\/product\/yoast-seo-wordpress\/ -->\n<title>Trump evacuado tras presunto tiroteo en la Cena de Corresponsales en Washington - Pulso27<\/title>\n<meta name=\"robots\" content=\"index, follow, max-snippet:-1, max-image-preview:large, max-video-preview:-1\" \/>\n<link rel=\"canonical\" href=\"https:\/\/pulso27.com\/es\/internacional\/trump-evacuado-tras-presunto-tiroteo-en-la-cena-de-corresponsales-en-washington\/\" \/>\n<meta property=\"og:locale\" content=\"es_ES\" \/>\n<meta property=\"og:type\" content=\"article\" \/>\n<meta property=\"og:title\" content=\"Trump evacuado tras presunto tiroteo en la Cena de Corresponsales en Washington - Pulso27\" \/>\n<meta property=\"og:description\" content=\"El presidente de Estados Unidos, Donald Trump, fue evacuado este s\u00e1bado de la Cena de Corresponsales de la Casa Blanca tras registrarse un incidente de seguridad con detonaciones en el hotel Washington Hilton, en Washington, D.C.. El hecho gener\u00f3 momentos de tensi\u00f3n entre los asistentes, quienes fueron retirados del recinto por personal del Servicio Secreto. [&hellip;]\" \/>\n<meta property=\"og:url\" content=\"https:\/\/pulso27.com\/es\/internacional\/trump-evacuado-tras-presunto-tiroteo-en-la-cena-de-corresponsales-en-washington\/\" \/>\n<meta property=\"og:site_name\" content=\"Pulso27\" \/>\n<meta property=\"article:publisher\" content=\"https:\/\/www.facebook.com\/pulso27\/\" \/>\n<meta property=\"article:published_time\" content=\"2026-04-26T03:09:03+00:00\" \/>\n<meta property=\"article:modified_time\" content=\"2026-04-26T03:09:12+00:00\" \/>\n<meta property=\"og:image\" content=\"https:\/\/pulso27.com\/wp-content\/uploads\/2026\/04\/Trump.png\" \/>\n\t<meta property=\"og:image:width\" content=\"1200\" \/>\n\t<meta property=\"og:image:height\" content=\"800\" \/>\n\t<meta property=\"og:image:type\" content=\"image\/png\" \/>\n<meta name=\"author\" content=\"Tupaq\" \/>\n<meta name=\"twitter:card\" content=\"summary_large_image\" \/>\n<meta name=\"twitter:creator\" content=\"@Pulso_27\" \/>\n<meta name=\"twitter:site\" content=\"@Pulso_27\" \/>\n<meta name=\"twitter:label1\" content=\"Written by\" \/>\n\t<meta name=\"twitter:data1\" content=\"Tupaq\" \/>\n\t<meta name=\"twitter:label2\" content=\"Est. reading time\" \/>\n\t<meta name=\"twitter:data2\" content=\"2 minutos\" \/>\n<script type=\"application\/ld+json\" class=\"yoast-schema-graph\">{\"@context\":\"https:\\\/\\\/schema.org\",\"@graph\":[{\"@type\":\"Article\",\"@id\":\"https:\\\/\\\/pulso27.com\\\/internacional\\\/trump-evacuado-tras-presunto-tiroteo-en-la-cena-de-corresponsales-en-washington\\\/#article\",\"isPartOf\":{\"@id\":\"https:\\\/\\\/pulso27.com\\\/internacional\\\/trump-evacuado-tras-presunto-tiroteo-en-la-cena-de-corresponsales-en-washington\\\/\"},\"author\":{\"name\":\"Tupaq\",\"@id\":\"https:\\\/\\\/pulso27.com\\\/en\\\/#\\\/schema\\\/person\\\/d20fd7f5bc7f2e53fd150d43fca07a78\"},\"headline\":\"Trump evacuado tras presunto tiroteo en la Cena de Corresponsales en Washington\",\"datePublished\":\"2026-04-26T03:09:03+00:00\",\"dateModified\":\"2026-04-26T03:09:12+00:00\",\"mainEntityOfPage\":{\"@id\":\"https:\\\/\\\/pulso27.com\\\/internacional\\\/trump-evacuado-tras-presunto-tiroteo-en-la-cena-de-corresponsales-en-washington\\\/\"},\"wordCount\":294,\"commentCount\":0,\"publisher\":{\"@id\":\"https:\\\/\\\/pulso27.com\\\/en\\\/#organization\"},\"image\":{\"@id\":\"https:\\\/\\\/pulso27.com\\\/internacional\\\/trump-evacuado-tras-presunto-tiroteo-en-la-cena-de-corresponsales-en-washington\\\/#primaryimage\"},\"thumbnailUrl\":\"https:\\\/\\\/pulso27.com\\\/wp-content\\\/uploads\\\/2026\\\/04\\\/Trump.png\",\"keywords\":[\"Casa Blanca\",\"Donald Trump\",\"EEUU\"],\"articleSection\":[\"Actualidad\",\"Internacional\",\"Policial\",\"Tendencia\"],\"inLanguage\":\"es-PE\",\"potentialAction\":[{\"@type\":\"CommentAction\",\"name\":\"Comment\",\"target\":[\"https:\\\/\\\/pulso27.com\\\/internacional\\\/trump-evacuado-tras-presunto-tiroteo-en-la-cena-de-corresponsales-en-washington\\\/#respond\"]}]},{\"@type\":\"WebPage\",\"@id\":\"https:\\\/\\\/pulso27.com\\\/internacional\\\/trump-evacuado-tras-presunto-tiroteo-en-la-cena-de-corresponsales-en-washington\\\/\",\"url\":\"https:\\\/\\\/pulso27.com\\\/internacional\\\/trump-evacuado-tras-presunto-tiroteo-en-la-cena-de-corresponsales-en-washington\\\/\",\"name\":\"Trump evacuado tras presunto tiroteo en la Cena de Corresponsales en Washington - Pulso27\",\"isPartOf\":{\"@id\":\"https:\\\/\\\/pulso27.com\\\/en\\\/#website\"},\"primaryImageOfPage\":{\"@id\":\"https:\\\/\\\/pulso27.com\\\/internacional\\\/trump-evacuado-tras-presunto-tiroteo-en-la-cena-de-corresponsales-en-washington\\\/#primaryimage\"},\"image\":{\"@id\":\"https:\\\/\\\/pulso27.com\\\/internacional\\\/trump-evacuado-tras-presunto-tiroteo-en-la-cena-de-corresponsales-en-washington\\\/#primaryimage\"},\"thumbnailUrl\":\"https:\\\/\\\/pulso27.com\\\/wp-content\\\/uploads\\\/2026\\\/04\\\/Trump.png\",\"datePublished\":\"2026-04-26T03:09:03+00:00\",\"dateModified\":\"2026-04-26T03:09:12+00:00\",\"breadcrumb\":{\"@id\":\"https:\\\/\\\/pulso27.com\\\/internacional\\\/trump-evacuado-tras-presunto-tiroteo-en-la-cena-de-corresponsales-en-washington\\\/#breadcrumb\"},\"inLanguage\":\"es-PE\",\"potentialAction\":[{\"@type\":\"ReadAction\",\"target\":[\"https:\\\/\\\/pulso27.com\\\/internacional\\\/trump-evacuado-tras-presunto-tiroteo-en-la-cena-de-corresponsales-en-washington\\\/\"]}]},{\"@type\":\"ImageObject\",\"inLanguage\":\"es-PE\",\"@id\":\"https:\\\/\\\/pulso27.com\\\/internacional\\\/trump-evacuado-tras-presunto-tiroteo-en-la-cena-de-corresponsales-en-washington\\\/#primaryimage\",\"url\":\"https:\\\/\\\/pulso27.com\\\/wp-content\\\/uploads\\\/2026\\\/04\\\/Trump.png\",\"contentUrl\":\"https:\\\/\\\/pulso27.com\\\/wp-content\\\/uploads\\\/2026\\\/04\\\/Trump.png\",\"width\":1200,\"height\":800},{\"@type\":\"BreadcrumbList\",\"@id\":\"https:\\\/\\\/pulso27.com\\\/internacional\\\/trump-evacuado-tras-presunto-tiroteo-en-la-cena-de-corresponsales-en-washington\\\/#breadcrumb\",\"itemListElement\":[{\"@type\":\"ListItem\",\"position\":1,\"name\":\"Portada\",\"item\":\"https:\\\/\\\/pulso27.com\\\/\"},{\"@type\":\"ListItem\",\"position\":2,\"name\":\"Trump evacuado tras presunto tiroteo en la Cena de Corresponsales en Washington\"}]},{\"@type\":\"WebSite\",\"@id\":\"https:\\\/\\\/pulso27.com\\\/en\\\/#website\",\"url\":\"https:\\\/\\\/pulso27.com\\\/en\\\/\",\"name\":\"Pulso27\",\"description\":\"Web de noticias y publicidad\",\"publisher\":{\"@id\":\"https:\\\/\\\/pulso27.com\\\/en\\\/#organization\"},\"alternateName\":\"El pulso del pueblo\",\"potentialAction\":[{\"@type\":\"SearchAction\",\"target\":{\"@type\":\"EntryPoint\",\"urlTemplate\":\"https:\\\/\\\/pulso27.com\\\/en\\\/?s={search_term_string}\"},\"query-input\":{\"@type\":\"PropertyValueSpecification\",\"valueRequired\":true,\"valueName\":\"search_term_string\"}}],\"inLanguage\":\"es-PE\"},{\"@type\":\"Organization\",\"@id\":\"https:\\\/\\\/pulso27.com\\\/en\\\/#organization\",\"name\":\"Pulso27\",\"url\":\"https:\\\/\\\/pulso27.com\\\/en\\\/\",\"logo\":{\"@type\":\"ImageObject\",\"inLanguage\":\"es-PE\",\"@id\":\"https:\\\/\\\/pulso27.com\\\/en\\\/#\\\/schema\\\/logo\\\/image\\\/\",\"url\":\"https:\\\/\\\/pulso27.com\\\/wp-content\\\/uploads\\\/2026\\\/02\\\/Logotipo-de-la-organizacion-696-x-696-px-ok.png\",\"contentUrl\":\"https:\\\/\\\/pulso27.com\\\/wp-content\\\/uploads\\\/2026\\\/02\\\/Logotipo-de-la-organizacion-696-x-696-px-ok.png\",\"width\":696,\"height\":696,\"caption\":\"Pulso27\"},\"image\":{\"@id\":\"https:\\\/\\\/pulso27.com\\\/en\\\/#\\\/schema\\\/logo\\\/image\\\/\"},\"sameAs\":[\"https:\\\/\\\/www.facebook.com\\\/pulso27\\\/\",\"https:\\\/\\\/x.com\\\/Pulso_27\",\"https:\\\/\\\/www.youtube.com\\\/@Pulso27\",\"https:\\\/\\\/www.tiktok.com\\\/@pulso_27\"]},{\"@type\":\"Person\",\"@id\":\"https:\\\/\\\/pulso27.com\\\/en\\\/#\\\/schema\\\/person\\\/d20fd7f5bc7f2e53fd150d43fca07a78\",\"name\":\"Tupaq\",\"image\":{\"@type\":\"ImageObject\",\"inLanguage\":\"es-PE\",\"@id\":\"https:\\\/\\\/secure.gravatar.com\\\/avatar\\\/7929e9b034aeea560319a601e4f04c59eb5f45a79eafe192adabb67e9604e7e7?s=96&d=mm&r=g\",\"url\":\"https:\\\/\\\/secure.gravatar.com\\\/avatar\\\/7929e9b034aeea560319a601e4f04c59eb5f45a79eafe192adabb67e9604e7e7?s=96&d=mm&r=g\",\"contentUrl\":\"https:\\\/\\\/secure.gravatar.com\\\/avatar\\\/7929e9b034aeea560319a601e4f04c59eb5f45a79eafe192adabb67e9604e7e7?s=96&d=mm&r=g\",\"caption\":\"Tupaq\"},\"url\":\"https:\\\/\\\/pulso27.com\\\/es\\\/author\\\/tupaq\\\/\"}]}<\/script>\n<!-- \/ Yoast SEO plugin. -->","yoast_head_json":{"title":"Trump evacuado tras presunto tiroteo en la Cena de Corresponsales en Washington - Pulso27","robots":{"index":"index","follow":"follow","max-snippet":"max-snippet:-1","max-image-preview":"max-image-preview:large","max-video-preview":"max-video-preview:-1"},"canonical":"https:\/\/pulso27.com\/es\/internacional\/trump-evacuado-tras-presunto-tiroteo-en-la-cena-de-corresponsales-en-washington\/","og_locale":"es_ES","og_type":"article","og_title":"Trump evacuado tras presunto tiroteo en la Cena de Corresponsales en Washington - Pulso27","og_description":"El presidente de Estados Unidos, Donald Trump, fue evacuado este s\u00e1bado de la Cena de Corresponsales de la Casa Blanca tras registrarse un incidente de seguridad con detonaciones en el hotel Washington Hilton, en Washington, D.C.. El hecho gener\u00f3 momentos de tensi\u00f3n entre los asistentes, quienes fueron retirados del recinto por personal del Servicio Secreto. [&hellip;]","og_url":"https:\/\/pulso27.com\/es\/internacional\/trump-evacuado-tras-presunto-tiroteo-en-la-cena-de-corresponsales-en-washington\/","og_site_name":"Pulso27","article_publisher":"https:\/\/www.facebook.com\/pulso27\/","article_published_time":"2026-04-26T03:09:03+00:00","article_modified_time":"2026-04-26T03:09:12+00:00","og_image":[{"width":1200,"height":800,"url":"https:\/\/pulso27.com\/wp-content\/uploads\/2026\/04\/Trump.png","type":"image\/png"}],"author":"Tupaq","twitter_card":"summary_large_image","twitter_creator":"@Pulso_27","twitter_site":"@Pulso_27","twitter_misc":{"Written by":"Tupaq","Est. reading time":"2 minutos"},"schema":{"@context":"https:\/\/schema.org","@graph":[{"@type":"Article","@id":"https:\/\/pulso27.com\/internacional\/trump-evacuado-tras-presunto-tiroteo-en-la-cena-de-corresponsales-en-washington\/#article","isPartOf":{"@id":"https:\/\/pulso27.com\/internacional\/trump-evacuado-tras-presunto-tiroteo-en-la-cena-de-corresponsales-en-washington\/"},"author":{"name":"Tupaq","@id":"https:\/\/pulso27.com\/en\/#\/schema\/person\/d20fd7f5bc7f2e53fd150d43fca07a78"},"headline":"Trump evacuado tras presunto tiroteo en la Cena de Corresponsales en Washington","datePublished":"2026-04-26T03:09:03+00:00","dateModified":"2026-04-26T03:09:12+00:00","mainEntityOfPage":{"@id":"https:\/\/pulso27.com\/internacional\/trump-evacuado-tras-presunto-tiroteo-en-la-cena-de-corresponsales-en-washington\/"},"wordCount":294,"commentCount":0,"publisher":{"@id":"https:\/\/pulso27.com\/en\/#organization"},"image":{"@id":"https:\/\/pulso27.com\/internacional\/trump-evacuado-tras-presunto-tiroteo-en-la-cena-de-corresponsales-en-washington\/#primaryimage"},"thumbnailUrl":"https:\/\/pulso27.com\/wp-content\/uploads\/2026\/04\/Trump.png","keywords":["Casa Blanca","Donald Trump","EEUU"],"articleSection":["Actualidad","Internacional","Policial","Tendencia"],"inLanguage":"es-PE","potentialAction":[{"@type":"CommentAction","name":"Comment","target":["https:\/\/pulso27.com\/internacional\/trump-evacuado-tras-presunto-tiroteo-en-la-cena-de-corresponsales-en-washington\/#respond"]}]},{"@type":"WebPage","@id":"https:\/\/pulso27.com\/internacional\/trump-evacuado-tras-presunto-tiroteo-en-la-cena-de-corresponsales-en-washington\/","url":"https:\/\/pulso27.com\/internacional\/trump-evacuado-tras-presunto-tiroteo-en-la-cena-de-corresponsales-en-washington\/","name":"Trump evacuado tras presunto tiroteo en la Cena de Corresponsales en Washington - Pulso27","isPartOf":{"@id":"https:\/\/pulso27.com\/en\/#website"},"primaryImageOfPage":{"@id":"https:\/\/pulso27.com\/internacional\/trump-evacuado-tras-presunto-tiroteo-en-la-cena-de-corresponsales-en-washington\/#primaryimage"},"image":{"@id":"https:\/\/pulso27.com\/internacional\/trump-evacuado-tras-presunto-tiroteo-en-la-cena-de-corresponsales-en-washington\/#primaryimage"},"thumbnailUrl":"https:\/\/pulso27.com\/wp-content\/uploads\/2026\/04\/Trump.png","datePublished":"2026-04-26T03:09:03+00:00","dateModified":"2026-04-26T03:09:12+00:00","breadcrumb":{"@id":"https:\/\/pulso27.com\/internacional\/trump-evacuado-tras-presunto-tiroteo-en-la-cena-de-corresponsales-en-washington\/#breadcrumb"},"inLanguage":"es-PE","potentialAction":[{"@type":"ReadAction","target":["https:\/\/pulso27.com\/internacional\/trump-evacuado-tras-presunto-tiroteo-en-la-cena-de-corresponsales-en-washington\/"]}]},{"@type":"ImageObject","inLanguage":"es-PE","@id":"https:\/\/pulso27.com\/internacional\/trump-evacuado-tras-presunto-tiroteo-en-la-cena-de-corresponsales-en-washington\/#primaryimage","url":"https:\/\/pulso27.com\/wp-content\/uploads\/2026\/04\/Trump.png","contentUrl":"https:\/\/pulso27.com\/wp-content\/uploads\/2026\/04\/Trump.png","width":1200,"height":800},{"@type":"BreadcrumbList","@id":"https:\/\/pulso27.com\/internacional\/trump-evacuado-tras-presunto-tiroteo-en-la-cena-de-corresponsales-en-washington\/#breadcrumb","itemListElement":[{"@type":"ListItem","position":1,"name":"Portada","item":"https:\/\/pulso27.com\/"},{"@type":"ListItem","position":2,"name":"Trump evacuado tras presunto tiroteo en la Cena de Corresponsales en Washington"}]},{"@type":"WebSite","@id":"https:\/\/pulso27.com\/en\/#website","url":"https:\/\/pulso27.com\/en\/","name":"Pulso27","description":"Web de noticias y publicidad","publisher":{"@id":"https:\/\/pulso27.com\/en\/#organization"},"alternateName":"El pulso del pueblo","potentialAction":[{"@type":"SearchAction","target":{"@type":"EntryPoint","urlTemplate":"https:\/\/pulso27.com\/en\/?s={search_term_string}"},"query-input":{"@type":"PropertyValueSpecification","valueRequired":true,"valueName":"search_term_string"}}],"inLanguage":"es-PE"},{"@type":"Organization","@id":"https:\/\/pulso27.com\/en\/#organization","name":"Pulso27","url":"https:\/\/pulso27.com\/en\/","logo":{"@type":"ImageObject","inLanguage":"es-PE","@id":"https:\/\/pulso27.com\/en\/#\/schema\/logo\/image\/","url":"https:\/\/pulso27.com\/wp-content\/uploads\/2026\/02\/Logotipo-de-la-organizacion-696-x-696-px-ok.png","contentUrl":"https:\/\/pulso27.com\/wp-content\/uploads\/2026\/02\/Logotipo-de-la-organizacion-696-x-696-px-ok.png","width":696,"height":696,"caption":"Pulso27"},"image":{"@id":"https:\/\/pulso27.com\/en\/#\/schema\/logo\/image\/"},"sameAs":["https:\/\/www.facebook.com\/pulso27\/","https:\/\/x.com\/Pulso_27","https:\/\/www.youtube.com\/@Pulso27","https:\/\/www.tiktok.com\/@pulso_27"]},{"@type":"Person","@id":"https:\/\/pulso27.com\/en\/#\/schema\/person\/d20fd7f5bc7f2e53fd150d43fca07a78","name":"Tupaq","image":{"@type":"ImageObject","inLanguage":"es-PE","@id":"https:\/\/secure.gravatar.com\/avatar\/7929e9b034aeea560319a601e4f04c59eb5f45a79eafe192adabb67e9604e7e7?s=96&d=mm&r=g","url":"https:\/\/secure.gravatar.com\/avatar\/7929e9b034aeea560319a601e4f04c59eb5f45a79eafe192adabb67e9604e7e7?s=96&d=mm&r=g","contentUrl":"https:\/\/secure.gravatar.com\/avatar\/7929e9b034aeea560319a601e4f04c59eb5f45a79eafe192adabb67e9604e7e7?s=96&d=mm&r=g","caption":"Tupaq"},"url":"https:\/\/pulso27.com\/es\/author\/tupaq\/"}]}},"amp_enabled":true,"_links":{"self":[{"href":"https:\/\/pulso27.com\/es\/wp-json\/wp\/v2\/posts\/7873","targetHints":{"allow":["GET"]}}],"collection":[{"href":"https:\/\/pulso27.com\/es\/wp-json\/wp\/v2\/posts"}],"about":[{"href":"https:\/\/pulso27.com\/es\/wp-json\/wp\/v2\/types\/post"}],"author":[{"embeddable":true,"href":"https:\/\/pulso27.com\/es\/wp-json\/wp\/v2\/users\/7"}],"replies":[{"embeddable":true,"href":"https:\/\/pulso27.com\/es\/wp-json\/wp\/v2\/comments?post=7873"}],"version-history":[{"count":1,"href":"https:\/\/pulso27.com\/es\/wp-json\/wp\/v2\/posts\/7873\/revisions"}],"predecessor-version":[{"id":7878,"href":"https:\/\/pulso27.com\/es\/wp-json\/wp\/v2\/posts\/7873\/revisions\/7878"}],"wp:featuredmedia":[{"embeddable":true,"href":"https:\/\/pulso27.com\/es\/wp-json\/wp\/v2\/media\/7874"}],"wp:attachment":[{"href":"https:\/\/pulso27.com\/es\/wp-json\/wp\/v2\/media?parent=7873"}],"wp:term":[{"taxonomy":"category","embeddable":true,"href":"https:\/\/pulso27.com\/es\/wp-json\/wp\/v2\/categories?post=7873"},{"taxonomy":"post_tag","embeddable":true,"href":"https:\/\/pulso27.com\/es\/wp-json\/wp\/v2\/tags?post=7873"}],"curies":[{"name":"wp","href":"https:\/\/api.w.org\/{rel}","templated":true}]}}