{"id":788,"date":"2023-12-01T13:51:59","date_gmt":"2023-12-01T13:51:59","guid":{"rendered":"http:\/\/pulso27.com\/?p=788"},"modified":"2023-12-01T13:52:00","modified_gmt":"2023-12-01T13:52:00","slug":"patricia-benavides-fiscal-seria-suspendida-preventivamente-hasta-por-6-meses","status":"publish","type":"post","link":"https:\/\/pulso27.com\/es\/nacional\/patricia-benavides-fiscal-seria-suspendida-preventivamente-hasta-por-6-meses\/","title":{"rendered":"Patricia Benavides: Fiscal ser\u00eda suspendida preventivamente hasta por 6 meses"},"content":{"rendered":"\n<p>La Junta Nacional de Justicia (JNJ) ha programado para el pr\u00f3ximo mi\u00e9rcoles 6 la audiencia en la que se evaluar\u00e1 el pedido de suspensi\u00f3n preventiva en contra de la fiscal de la Naci\u00f3n, Patricia Benavides.<\/p>\n\n\n\n<p>La medida fue solicitada por Imelda Tumial\u00e1n, instructora a cargo del proceso.<\/p>\n\n\n\n<p>La posibilidad de una suspensi\u00f3n preventiva est\u00e1 contemplada en el reglamento de procesos disciplinarios de la JNJ y para ser efectiva, de acuerdo con el art\u00edculo 87, tienen que cumplirse dos supuestos: que haya elementos serios de convicci\u00f3n de la comisi\u00f3n de una falta disciplinaria grave o muy grave y que la permanencia en el cargo de la persona investigada pueda ser un obst\u00e1culo para el correcto desarrollo del proceso investigativo. Para que se haya solicitado este pedido de suspensi\u00f3n de manera formal, se entiende que Benavides cumple con ambos requisitos.<\/p>\n\n\n\n<p>El reglamento de procesos disciplinarios establece, adem\u00e1s, que la suspensi\u00f3n preventiva del cargo caduca a los seis meses de ejecutada la misma y que puede ser prorrogada una sola vez por un plazo no mayor previsto anteriormente, siempre y cuando haya razones que justifiquen esta ampliaci\u00f3n.<\/p>\n\n\n\n<figure class=\"wp-block-image size-full is-resized\"><img loading=\"lazy\" decoding=\"async\" width=\"626\" height=\"326\" src=\"http:\/\/pulso27.com\/wp-content\/uploads\/2023\/12\/image-1.png\" alt=\"\" class=\"wp-image-790\" style=\"width:734px;height:auto\" srcset=\"https:\/\/pulso27.com\/wp-content\/uploads\/2023\/12\/image-1.png 626w, https:\/\/pulso27.com\/wp-content\/uploads\/2023\/12\/image-1-300x156.png 300w\" sizes=\"auto, (max-width: 626px) 100vw, 626px\" \/><\/figure>\n\n\n\n<p>Cautelar de Benavides<br>Benavides est\u00e1 a la espera de que se resuelva la solicitud de ampliaci\u00f3n de una medida cautelar para detener el proceso disciplinario inmediato que le ha abierto la JNJ luego del operativo Valkiria V, llevado adelante por el Equipo Especial de Fiscales contra la Corrupci\u00f3n del Poder (Eficcop), que en ese momento era coordinado por la fiscal Marita Barreto.<\/p>\n\n\n\n<p>De acuerdo con la hip\u00f3tesis fiscal, Benavides y tres de sus asesores habr\u00edan conformado una organizaci\u00f3n criminal para negociar con congresistas una serie de beneficios a cambio de votos para inhabilitar a la fiscal Zoraida \u00c1valos y destituir a la JNJ.<\/p>\n\n\n\n<p><\/p>\n\n\n\n<p>Enterada Benavides de lo que ven\u00eda, y en un intento por detener el operativo, destituy\u00f3 a Barreto.<br>La decisi\u00f3n la tom\u00f3 en una reuni\u00f3n con sus colaboradores celebrada en la madrugada del lunes en la sede del Ministerio P\u00fablico.<\/p>\n\n\n\n<p>Amparo y vuelta a Eficcop<br>Ayer el abogado de Barreto, Luciano L\u00f3pez, present\u00f3 una demanda de amparo en contra de la Fiscal\u00eda de la Naci\u00f3n y de la Procuradur\u00eda P\u00fablica del Ministerio P\u00fablico para reponerla en su cargo al frente del Eficcop.<\/p>\n\n\n\n<p>El martes, L\u00f3pez tambi\u00e9n ingres\u00f3 una medida cautelar ante la Comisi\u00f3n Interamericana de Derechos Humanos.<\/p>\n\n\n\n<p>Benavides ha ido perdiendo apoyo dentro de su propia instituci\u00f3n. Han salido comunicados reprochando su conducta. Ayer se conoci\u00f3 un pronunciamiento p\u00fablico de los fiscales especializados en delitos de corrupci\u00f3n de funcionarios.<\/p>\n\n\n\n<p>En el escrito, respaldaron la investigaci\u00f3n del Eficcop, rechazaron que Barreto haya sido retirada de la coordinaci\u00f3n del equipo y le solicitaron a Benavides que \u201cante los hechos graves que se han denunciado p\u00fablicamente\u201d, considere su renuncia al cargo \u201cen procura de resguardar la imagen y la institucionalidad del Ministerio P\u00fablico\u201d.<\/p>\n\n\n\n<p>Benavides debi\u00f3 haber asistido ayer a la Comisi\u00f3n de Fiscalizaci\u00f3n del Congreso para responder por las denuncias en su contra que se han conocido a partir de Valkiria V.<\/p>\n\n\n\n<p>Al inicio de la sesi\u00f3n, el presidente Wilson Quispe (Per\u00fa Libre) dio cuenta de que la fiscal pidi\u00f3 reprogramar su presentaci\u00f3n para la semana que viene y que se le precisen los detalles de la citaci\u00f3n.<\/p>\n\n\n\n<p>a la espera. Patricia Benavides ha solicitado una ampliaci\u00f3n de la cautelar que antes la favoreci\u00f3 para detener el proceso disciplinario inmediato y que podr\u00eda derivar en su destituci\u00f3n.<\/p>\n\n\n\n<h2 class=\"wp-block-heading\">Barreto: demanda de amparo<\/h2>\n\n\n\n<p>Lo que pretende el recurso es reponer a la fiscal Barreto al frente del Eficcop.<\/p>\n\n\n\n<p>Fuente: La Republica<\/p>\n\n\n<div class=\"wp-block-image\">\n<figure class=\"aligncenter size-full is-resized\"><img loading=\"lazy\" decoding=\"async\" width=\"474\" height=\"692\" src=\"http:\/\/pulso27.com\/wp-content\/uploads\/2023\/12\/image.png\" alt=\"\" class=\"wp-image-789\" style=\"width:634px;height:auto\" srcset=\"https:\/\/pulso27.com\/wp-content\/uploads\/2023\/12\/image.png 474w, https:\/\/pulso27.com\/wp-content\/uploads\/2023\/12\/image-205x300.png 205w\" sizes=\"auto, (max-width: 474px) 100vw, 474px\" \/><\/figure><\/div>","protected":false},"excerpt":{"rendered":"<p>La Junta Nacional de Justicia (JNJ) ha programado para el pr\u00f3ximo mi\u00e9rcoles 6 la audiencia en la que se evaluar\u00e1 el pedido de suspensi\u00f3n preventiva en contra de la fiscal de la Naci\u00f3n, Patricia Benavides. La medida fue solicitada por Imelda Tumial\u00e1n, instructora a cargo del proceso. La posibilidad de una suspensi\u00f3n preventiva est\u00e1 contemplada [&hellip;]<\/p>\n","protected":false},"author":10,"featured_media":791,"comment_status":"open","ping_status":"open","sticky":false,"template":"","format":"standard","meta":{"footnotes":""},"categories":[183,174],"tags":[376,375],"class_list":["post-788","post","type-post","status-publish","format-standard","has-post-thumbnail","hentry","category-actualidad","category-nacional","tag-fiscal","tag-patricia-benavides"],"yoast_head":"<!-- This site is optimized with the Yoast SEO plugin v27.4 - https:\/\/yoast.com\/product\/yoast-seo-wordpress\/ -->\n<title>Patricia Benavides: Fiscal ser\u00eda suspendida preventivamente hasta por 6 meses - Pulso27<\/title>\n<meta name=\"robots\" content=\"index, follow, max-snippet:-1, max-image-preview:large, max-video-preview:-1\" \/>\n<link rel=\"canonical\" href=\"https:\/\/pulso27.com\/es\/nacional\/patricia-benavides-fiscal-seria-suspendida-preventivamente-hasta-por-6-meses\/\" \/>\n<meta property=\"og:locale\" content=\"es_ES\" \/>\n<meta property=\"og:type\" content=\"article\" \/>\n<meta property=\"og:title\" content=\"Patricia Benavides: Fiscal ser\u00eda suspendida preventivamente hasta por 6 meses - Pulso27\" \/>\n<meta property=\"og:description\" content=\"La Junta Nacional de Justicia (JNJ) ha programado para el pr\u00f3ximo mi\u00e9rcoles 6 la audiencia en la que se evaluar\u00e1 el pedido de suspensi\u00f3n preventiva en contra de la fiscal de la Naci\u00f3n, Patricia Benavides. La medida fue solicitada por Imelda Tumial\u00e1n, instructora a cargo del proceso. La posibilidad de una suspensi\u00f3n preventiva est\u00e1 contemplada [&hellip;]\" \/>\n<meta property=\"og:url\" content=\"https:\/\/pulso27.com\/es\/nacional\/patricia-benavides-fiscal-seria-suspendida-preventivamente-hasta-por-6-meses\/\" \/>\n<meta property=\"og:site_name\" content=\"Pulso27\" \/>\n<meta property=\"article:publisher\" content=\"https:\/\/www.facebook.com\/pulso27\/\" \/>\n<meta property=\"article:published_time\" content=\"2023-12-01T13:51:59+00:00\" \/>\n<meta property=\"article:modified_time\" content=\"2023-12-01T13:52:00+00:00\" \/>\n<meta property=\"og:image\" content=\"https:\/\/pulso27.com\/wp-content\/uploads\/2023\/12\/Patricia-Benavides.png\" \/>\n\t<meta property=\"og:image:width\" content=\"612\" \/>\n\t<meta property=\"og:image:height\" content=\"384\" \/>\n\t<meta property=\"og:image:type\" content=\"image\/png\" \/>\n<meta name=\"author\" content=\"El Muki\" \/>\n<meta name=\"twitter:card\" content=\"summary_large_image\" \/>\n<meta name=\"twitter:creator\" content=\"@Pulso_27\" \/>\n<meta name=\"twitter:site\" content=\"@Pulso_27\" \/>\n<meta name=\"twitter:label1\" content=\"Written by\" \/>\n\t<meta name=\"twitter:data1\" content=\"El Muki\" \/>\n\t<meta name=\"twitter:label2\" content=\"Est. reading time\" \/>\n\t<meta name=\"twitter:data2\" content=\"3 minutos\" \/>\n<script type=\"application\/ld+json\" class=\"yoast-schema-graph\">{\"@context\":\"https:\\\/\\\/schema.org\",\"@graph\":[{\"@type\":\"Article\",\"@id\":\"https:\\\/\\\/pulso27.com\\\/nacional\\\/patricia-benavides-fiscal-seria-suspendida-preventivamente-hasta-por-6-meses\\\/#article\",\"isPartOf\":{\"@id\":\"https:\\\/\\\/pulso27.com\\\/nacional\\\/patricia-benavides-fiscal-seria-suspendida-preventivamente-hasta-por-6-meses\\\/\"},\"author\":{\"name\":\"El Muki\",\"@id\":\"https:\\\/\\\/pulso27.com\\\/en\\\/#\\\/schema\\\/person\\\/a0930a7f318e7d9d83bd7cffed9f34f6\"},\"headline\":\"Patricia Benavides: Fiscal ser\u00eda suspendida preventivamente hasta por 6 meses\",\"datePublished\":\"2023-12-01T13:51:59+00:00\",\"dateModified\":\"2023-12-01T13:52:00+00:00\",\"mainEntityOfPage\":{\"@id\":\"https:\\\/\\\/pulso27.com\\\/nacional\\\/patricia-benavides-fiscal-seria-suspendida-preventivamente-hasta-por-6-meses\\\/\"},\"wordCount\":635,\"commentCount\":0,\"publisher\":{\"@id\":\"https:\\\/\\\/pulso27.com\\\/en\\\/#organization\"},\"image\":{\"@id\":\"https:\\\/\\\/pulso27.com\\\/nacional\\\/patricia-benavides-fiscal-seria-suspendida-preventivamente-hasta-por-6-meses\\\/#primaryimage\"},\"thumbnailUrl\":\"https:\\\/\\\/pulso27.com\\\/wp-content\\\/uploads\\\/2023\\\/12\\\/Patricia-Benavides.png\",\"keywords\":[\"Fiscal\",\"Patricia Benavides\"],\"articleSection\":[\"Actualidad\",\"Nacional\"],\"inLanguage\":\"es-PE\",\"potentialAction\":[{\"@type\":\"CommentAction\",\"name\":\"Comment\",\"target\":[\"https:\\\/\\\/pulso27.com\\\/nacional\\\/patricia-benavides-fiscal-seria-suspendida-preventivamente-hasta-por-6-meses\\\/#respond\"]}]},{\"@type\":\"WebPage\",\"@id\":\"https:\\\/\\\/pulso27.com\\\/nacional\\\/patricia-benavides-fiscal-seria-suspendida-preventivamente-hasta-por-6-meses\\\/\",\"url\":\"https:\\\/\\\/pulso27.com\\\/nacional\\\/patricia-benavides-fiscal-seria-suspendida-preventivamente-hasta-por-6-meses\\\/\",\"name\":\"Patricia Benavides: Fiscal ser\u00eda suspendida preventivamente hasta por 6 meses - Pulso27\",\"isPartOf\":{\"@id\":\"https:\\\/\\\/pulso27.com\\\/en\\\/#website\"},\"primaryImageOfPage\":{\"@id\":\"https:\\\/\\\/pulso27.com\\\/nacional\\\/patricia-benavides-fiscal-seria-suspendida-preventivamente-hasta-por-6-meses\\\/#primaryimage\"},\"image\":{\"@id\":\"https:\\\/\\\/pulso27.com\\\/nacional\\\/patricia-benavides-fiscal-seria-suspendida-preventivamente-hasta-por-6-meses\\\/#primaryimage\"},\"thumbnailUrl\":\"https:\\\/\\\/pulso27.com\\\/wp-content\\\/uploads\\\/2023\\\/12\\\/Patricia-Benavides.png\",\"datePublished\":\"2023-12-01T13:51:59+00:00\",\"dateModified\":\"2023-12-01T13:52:00+00:00\",\"breadcrumb\":{\"@id\":\"https:\\\/\\\/pulso27.com\\\/nacional\\\/patricia-benavides-fiscal-seria-suspendida-preventivamente-hasta-por-6-meses\\\/#breadcrumb\"},\"inLanguage\":\"es-PE\",\"potentialAction\":[{\"@type\":\"ReadAction\",\"target\":[\"https:\\\/\\\/pulso27.com\\\/nacional\\\/patricia-benavides-fiscal-seria-suspendida-preventivamente-hasta-por-6-meses\\\/\"]}]},{\"@type\":\"ImageObject\",\"inLanguage\":\"es-PE\",\"@id\":\"https:\\\/\\\/pulso27.com\\\/nacional\\\/patricia-benavides-fiscal-seria-suspendida-preventivamente-hasta-por-6-meses\\\/#primaryimage\",\"url\":\"https:\\\/\\\/pulso27.com\\\/wp-content\\\/uploads\\\/2023\\\/12\\\/Patricia-Benavides.png\",\"contentUrl\":\"https:\\\/\\\/pulso27.com\\\/wp-content\\\/uploads\\\/2023\\\/12\\\/Patricia-Benavides.png\",\"width\":612,\"height\":384},{\"@type\":\"BreadcrumbList\",\"@id\":\"https:\\\/\\\/pulso27.com\\\/nacional\\\/patricia-benavides-fiscal-seria-suspendida-preventivamente-hasta-por-6-meses\\\/#breadcrumb\",\"itemListElement\":[{\"@type\":\"ListItem\",\"position\":1,\"name\":\"Portada\",\"item\":\"https:\\\/\\\/pulso27.com\\\/\"},{\"@type\":\"ListItem\",\"position\":2,\"name\":\"Patricia Benavides: Fiscal ser\u00eda suspendida preventivamente hasta por 6 meses\"}]},{\"@type\":\"WebSite\",\"@id\":\"https:\\\/\\\/pulso27.com\\\/en\\\/#website\",\"url\":\"https:\\\/\\\/pulso27.com\\\/en\\\/\",\"name\":\"Pulso27\",\"description\":\"Web de noticias y publicidad\",\"publisher\":{\"@id\":\"https:\\\/\\\/pulso27.com\\\/en\\\/#organization\"},\"alternateName\":\"El pulso del pueblo\",\"potentialAction\":[{\"@type\":\"SearchAction\",\"target\":{\"@type\":\"EntryPoint\",\"urlTemplate\":\"https:\\\/\\\/pulso27.com\\\/en\\\/?s={search_term_string}\"},\"query-input\":{\"@type\":\"PropertyValueSpecification\",\"valueRequired\":true,\"valueName\":\"search_term_string\"}}],\"inLanguage\":\"es-PE\"},{\"@type\":\"Organization\",\"@id\":\"https:\\\/\\\/pulso27.com\\\/en\\\/#organization\",\"name\":\"Pulso27\",\"url\":\"https:\\\/\\\/pulso27.com\\\/en\\\/\",\"logo\":{\"@type\":\"ImageObject\",\"inLanguage\":\"es-PE\",\"@id\":\"https:\\\/\\\/pulso27.com\\\/en\\\/#\\\/schema\\\/logo\\\/image\\\/\",\"url\":\"https:\\\/\\\/pulso27.com\\\/wp-content\\\/uploads\\\/2026\\\/02\\\/Logotipo-de-la-organizacion-696-x-696-px-ok.png\",\"contentUrl\":\"https:\\\/\\\/pulso27.com\\\/wp-content\\\/uploads\\\/2026\\\/02\\\/Logotipo-de-la-organizacion-696-x-696-px-ok.png\",\"width\":696,\"height\":696,\"caption\":\"Pulso27\"},\"image\":{\"@id\":\"https:\\\/\\\/pulso27.com\\\/en\\\/#\\\/schema\\\/logo\\\/image\\\/\"},\"sameAs\":[\"https:\\\/\\\/www.facebook.com\\\/pulso27\\\/\",\"https:\\\/\\\/x.com\\\/Pulso_27\",\"https:\\\/\\\/www.youtube.com\\\/@Pulso27\",\"https:\\\/\\\/www.tiktok.com\\\/@pulso_27\"]},{\"@type\":\"Person\",\"@id\":\"https:\\\/\\\/pulso27.com\\\/en\\\/#\\\/schema\\\/person\\\/a0930a7f318e7d9d83bd7cffed9f34f6\",\"name\":\"El Muki\",\"image\":{\"@type\":\"ImageObject\",\"inLanguage\":\"es-PE\",\"@id\":\"https:\\\/\\\/secure.gravatar.com\\\/avatar\\\/dc91c2607c5eebda74cbb40d13031f489096c96ead89c4c30c17db262267b2b3?s=96&d=mm&r=g\",\"url\":\"https:\\\/\\\/secure.gravatar.com\\\/avatar\\\/dc91c2607c5eebda74cbb40d13031f489096c96ead89c4c30c17db262267b2b3?s=96&d=mm&r=g\",\"contentUrl\":\"https:\\\/\\\/secure.gravatar.com\\\/avatar\\\/dc91c2607c5eebda74cbb40d13031f489096c96ead89c4c30c17db262267b2b3?s=96&d=mm&r=g\",\"caption\":\"El Muki\"},\"sameAs\":[\"http:\\\/\\\/www.pulso27.com\"],\"url\":\"https:\\\/\\\/pulso27.com\\\/es\\\/author\\\/elcuervo\\\/\"}]}<\/script>\n<!-- \/ Yoast SEO plugin. -->","yoast_head_json":{"title":"Patricia Benavides: Fiscal ser\u00eda suspendida preventivamente hasta por 6 meses - Pulso27","robots":{"index":"index","follow":"follow","max-snippet":"max-snippet:-1","max-image-preview":"max-image-preview:large","max-video-preview":"max-video-preview:-1"},"canonical":"https:\/\/pulso27.com\/es\/nacional\/patricia-benavides-fiscal-seria-suspendida-preventivamente-hasta-por-6-meses\/","og_locale":"es_ES","og_type":"article","og_title":"Patricia Benavides: Fiscal ser\u00eda suspendida preventivamente hasta por 6 meses - Pulso27","og_description":"La Junta Nacional de Justicia (JNJ) ha programado para el pr\u00f3ximo mi\u00e9rcoles 6 la audiencia en la que se evaluar\u00e1 el pedido de suspensi\u00f3n preventiva en contra de la fiscal de la Naci\u00f3n, Patricia Benavides. La medida fue solicitada por Imelda Tumial\u00e1n, instructora a cargo del proceso. La posibilidad de una suspensi\u00f3n preventiva est\u00e1 contemplada [&hellip;]","og_url":"https:\/\/pulso27.com\/es\/nacional\/patricia-benavides-fiscal-seria-suspendida-preventivamente-hasta-por-6-meses\/","og_site_name":"Pulso27","article_publisher":"https:\/\/www.facebook.com\/pulso27\/","article_published_time":"2023-12-01T13:51:59+00:00","article_modified_time":"2023-12-01T13:52:00+00:00","og_image":[{"width":612,"height":384,"url":"https:\/\/pulso27.com\/wp-content\/uploads\/2023\/12\/Patricia-Benavides.png","type":"image\/png"}],"author":"El Muki","twitter_card":"summary_large_image","twitter_creator":"@Pulso_27","twitter_site":"@Pulso_27","twitter_misc":{"Written by":"El Muki","Est. reading time":"3 minutos"},"schema":{"@context":"https:\/\/schema.org","@graph":[{"@type":"Article","@id":"https:\/\/pulso27.com\/nacional\/patricia-benavides-fiscal-seria-suspendida-preventivamente-hasta-por-6-meses\/#article","isPartOf":{"@id":"https:\/\/pulso27.com\/nacional\/patricia-benavides-fiscal-seria-suspendida-preventivamente-hasta-por-6-meses\/"},"author":{"name":"El Muki","@id":"https:\/\/pulso27.com\/en\/#\/schema\/person\/a0930a7f318e7d9d83bd7cffed9f34f6"},"headline":"Patricia Benavides: Fiscal ser\u00eda suspendida preventivamente hasta por 6 meses","datePublished":"2023-12-01T13:51:59+00:00","dateModified":"2023-12-01T13:52:00+00:00","mainEntityOfPage":{"@id":"https:\/\/pulso27.com\/nacional\/patricia-benavides-fiscal-seria-suspendida-preventivamente-hasta-por-6-meses\/"},"wordCount":635,"commentCount":0,"publisher":{"@id":"https:\/\/pulso27.com\/en\/#organization"},"image":{"@id":"https:\/\/pulso27.com\/nacional\/patricia-benavides-fiscal-seria-suspendida-preventivamente-hasta-por-6-meses\/#primaryimage"},"thumbnailUrl":"https:\/\/pulso27.com\/wp-content\/uploads\/2023\/12\/Patricia-Benavides.png","keywords":["Fiscal","Patricia Benavides"],"articleSection":["Actualidad","Nacional"],"inLanguage":"es-PE","potentialAction":[{"@type":"CommentAction","name":"Comment","target":["https:\/\/pulso27.com\/nacional\/patricia-benavides-fiscal-seria-suspendida-preventivamente-hasta-por-6-meses\/#respond"]}]},{"@type":"WebPage","@id":"https:\/\/pulso27.com\/nacional\/patricia-benavides-fiscal-seria-suspendida-preventivamente-hasta-por-6-meses\/","url":"https:\/\/pulso27.com\/nacional\/patricia-benavides-fiscal-seria-suspendida-preventivamente-hasta-por-6-meses\/","name":"Patricia Benavides: Fiscal ser\u00eda suspendida preventivamente hasta por 6 meses - Pulso27","isPartOf":{"@id":"https:\/\/pulso27.com\/en\/#website"},"primaryImageOfPage":{"@id":"https:\/\/pulso27.com\/nacional\/patricia-benavides-fiscal-seria-suspendida-preventivamente-hasta-por-6-meses\/#primaryimage"},"image":{"@id":"https:\/\/pulso27.com\/nacional\/patricia-benavides-fiscal-seria-suspendida-preventivamente-hasta-por-6-meses\/#primaryimage"},"thumbnailUrl":"https:\/\/pulso27.com\/wp-content\/uploads\/2023\/12\/Patricia-Benavides.png","datePublished":"2023-12-01T13:51:59+00:00","dateModified":"2023-12-01T13:52:00+00:00","breadcrumb":{"@id":"https:\/\/pulso27.com\/nacional\/patricia-benavides-fiscal-seria-suspendida-preventivamente-hasta-por-6-meses\/#breadcrumb"},"inLanguage":"es-PE","potentialAction":[{"@type":"ReadAction","target":["https:\/\/pulso27.com\/nacional\/patricia-benavides-fiscal-seria-suspendida-preventivamente-hasta-por-6-meses\/"]}]},{"@type":"ImageObject","inLanguage":"es-PE","@id":"https:\/\/pulso27.com\/nacional\/patricia-benavides-fiscal-seria-suspendida-preventivamente-hasta-por-6-meses\/#primaryimage","url":"https:\/\/pulso27.com\/wp-content\/uploads\/2023\/12\/Patricia-Benavides.png","contentUrl":"https:\/\/pulso27.com\/wp-content\/uploads\/2023\/12\/Patricia-Benavides.png","width":612,"height":384},{"@type":"BreadcrumbList","@id":"https:\/\/pulso27.com\/nacional\/patricia-benavides-fiscal-seria-suspendida-preventivamente-hasta-por-6-meses\/#breadcrumb","itemListElement":[{"@type":"ListItem","position":1,"name":"Portada","item":"https:\/\/pulso27.com\/"},{"@type":"ListItem","position":2,"name":"Patricia Benavides: Fiscal ser\u00eda suspendida preventivamente hasta por 6 meses"}]},{"@type":"WebSite","@id":"https:\/\/pulso27.com\/en\/#website","url":"https:\/\/pulso27.com\/en\/","name":"Pulso27","description":"Web de noticias y publicidad","publisher":{"@id":"https:\/\/pulso27.com\/en\/#organization"},"alternateName":"El pulso del pueblo","potentialAction":[{"@type":"SearchAction","target":{"@type":"EntryPoint","urlTemplate":"https:\/\/pulso27.com\/en\/?s={search_term_string}"},"query-input":{"@type":"PropertyValueSpecification","valueRequired":true,"valueName":"search_term_string"}}],"inLanguage":"es-PE"},{"@type":"Organization","@id":"https:\/\/pulso27.com\/en\/#organization","name":"Pulso27","url":"https:\/\/pulso27.com\/en\/","logo":{"@type":"ImageObject","inLanguage":"es-PE","@id":"https:\/\/pulso27.com\/en\/#\/schema\/logo\/image\/","url":"https:\/\/pulso27.com\/wp-content\/uploads\/2026\/02\/Logotipo-de-la-organizacion-696-x-696-px-ok.png","contentUrl":"https:\/\/pulso27.com\/wp-content\/uploads\/2026\/02\/Logotipo-de-la-organizacion-696-x-696-px-ok.png","width":696,"height":696,"caption":"Pulso27"},"image":{"@id":"https:\/\/pulso27.com\/en\/#\/schema\/logo\/image\/"},"sameAs":["https:\/\/www.facebook.com\/pulso27\/","https:\/\/x.com\/Pulso_27","https:\/\/www.youtube.com\/@Pulso27","https:\/\/www.tiktok.com\/@pulso_27"]},{"@type":"Person","@id":"https:\/\/pulso27.com\/en\/#\/schema\/person\/a0930a7f318e7d9d83bd7cffed9f34f6","name":"El Muki","image":{"@type":"ImageObject","inLanguage":"es-PE","@id":"https:\/\/secure.gravatar.com\/avatar\/dc91c2607c5eebda74cbb40d13031f489096c96ead89c4c30c17db262267b2b3?s=96&d=mm&r=g","url":"https:\/\/secure.gravatar.com\/avatar\/dc91c2607c5eebda74cbb40d13031f489096c96ead89c4c30c17db262267b2b3?s=96&d=mm&r=g","contentUrl":"https:\/\/secure.gravatar.com\/avatar\/dc91c2607c5eebda74cbb40d13031f489096c96ead89c4c30c17db262267b2b3?s=96&d=mm&r=g","caption":"El Muki"},"sameAs":["http:\/\/www.pulso27.com"],"url":"https:\/\/pulso27.com\/es\/author\/elcuervo\/"}]}},"amp_enabled":true,"_links":{"self":[{"href":"https:\/\/pulso27.com\/es\/wp-json\/wp\/v2\/posts\/788","targetHints":{"allow":["GET"]}}],"collection":[{"href":"https:\/\/pulso27.com\/es\/wp-json\/wp\/v2\/posts"}],"about":[{"href":"https:\/\/pulso27.com\/es\/wp-json\/wp\/v2\/types\/post"}],"author":[{"embeddable":true,"href":"https:\/\/pulso27.com\/es\/wp-json\/wp\/v2\/users\/10"}],"replies":[{"embeddable":true,"href":"https:\/\/pulso27.com\/es\/wp-json\/wp\/v2\/comments?post=788"}],"version-history":[{"count":1,"href":"https:\/\/pulso27.com\/es\/wp-json\/wp\/v2\/posts\/788\/revisions"}],"predecessor-version":[{"id":792,"href":"https:\/\/pulso27.com\/es\/wp-json\/wp\/v2\/posts\/788\/revisions\/792"}],"wp:featuredmedia":[{"embeddable":true,"href":"https:\/\/pulso27.com\/es\/wp-json\/wp\/v2\/media\/791"}],"wp:attachment":[{"href":"https:\/\/pulso27.com\/es\/wp-json\/wp\/v2\/media?parent=788"}],"wp:term":[{"taxonomy":"category","embeddable":true,"href":"https:\/\/pulso27.com\/es\/wp-json\/wp\/v2\/categories?post=788"},{"taxonomy":"post_tag","embeddable":true,"href":"https:\/\/pulso27.com\/es\/wp-json\/wp\/v2\/tags?post=788"}],"curies":[{"name":"wp","href":"https:\/\/api.w.org\/{rel}","templated":true}]}}