{"id":809,"date":"2023-12-11T13:31:57","date_gmt":"2023-12-11T13:31:57","guid":{"rendered":"https:\/\/pulso27.com\/?p=809"},"modified":"2023-12-11T13:34:17","modified_gmt":"2023-12-11T13:34:17","slug":"peru-alta-insatisfaccion-ciudadana-con-la-democracia","status":"publish","type":"post","link":"https:\/\/pulso27.com\/es\/nacional\/peru-alta-insatisfaccion-ciudadana-con-la-democracia\/","title":{"rendered":"Per\u00fa: Alta insatisfacci\u00f3n ciudadana con la democracia"},"content":{"rendered":"\n<p>La gran mayor\u00eda de los ciudadanos en nuestro pa\u00eds est\u00e1 marcada por la insatisfacci\u00f3n con la democracia, seg\u00fan muestra una reciente encuesta de representaci\u00f3n nacional del Instituto de Estudios Peruanos (IEP).<\/p>\n\n\n\n<p>El estudio consult\u00f3 a la poblaci\u00f3n del 28 de noviembre al 5 de diciembre \u00faltimos y tiene m\u00e1rgenes de error de 2,8 puntos por encima y debajo de cada resultado en su proyecci\u00f3n respecto a la realidad nacional.<\/p>\n\n\n\n<p>Aproximadamente, 87% de los peruanos se siente insatisfecho con la democracia en distintos grados: una abrumadora mayor\u00eda est\u00e1 disconforme con un sistema que debe representarnos.<\/p>\n\n\n\n<p>El estudi\u00f3 determin\u00f3 dos grados: un 58% est\u00e1 insatisfecho y un 29% muy insatisfecho. Entre los encuestados, el desencanto est\u00e1 m\u00e1s extendido en las provincias del sur peruano.<\/p>\n\n\n\n<p>Solo un 14% de los ciudadanos se siente conforme con la democracia: un 12% est\u00e1 satisfecho y un 2% muy satisfecho.<\/p>\n\n\n\n<blockquote class=\"wp-block-quote is-layout-flow wp-block-quote-is-layout-flow\">\n<p>Percepci\u00f3n. Un 87% est\u00e1 insatisfecho o muy insatisfecho con el sistema democr\u00e1tico, solo un 14% est\u00e1 conforme. Un 48% est\u00e1 de acuerdo con apoyar a un l\u00edder que acabe con la delincuencia, aunque para hacerlo no respete los derechos de las personas.<\/p>\n<\/blockquote>\n\n\n\n<p><\/p>\n\n\n\n<figure class=\"wp-block-image size-full is-resized\"><img loading=\"lazy\" decoding=\"async\" width=\"595\" height=\"333\" src=\"https:\/\/pulso27.com\/wp-content\/uploads\/2023\/12\/image-4.png\" alt=\"\" class=\"wp-image-810\" style=\"width:742px;height:auto\" srcset=\"https:\/\/pulso27.com\/wp-content\/uploads\/2023\/12\/image-4.png 595w, https:\/\/pulso27.com\/wp-content\/uploads\/2023\/12\/image-4-300x168.png 300w\" sizes=\"auto, (max-width: 595px) 100vw, 595px\" \/><\/figure>\n\n\n\n<p><strong>Iguales, libres, seguros<\/strong><br>Al tener que elegir entre igualdad y libertad, m\u00e1s de la mitad de los peruanos, 54% de los encuestados, considera m\u00e1s importante la primera. En cambio, a un 46% de la naci\u00f3n importa m\u00e1s la libertad.<\/p>\n\n\n\n<p>La aspiraci\u00f3n a sentirnos seguros tiene efecto clave. Al tener que elegir entre seguridad y libertad, para un 82% pesa m\u00e1s la primera. Solo un 18% se queda con la preferencia por ser libres.<\/p>\n\n\n\n<p>Cerca de dos tercios del Per\u00fa, 63% de los entrevistados, cree que ahora en el pa\u00eds tenemos muy poca libertad para expresar las opiniones pol\u00edticas. En cambio, un 18% piensa que somos suficientemente libres para hacer esto y un 14% opina que esta libertad es demasiada.<\/p>\n\n\n\n<p>Un 87% cree que las personas que tienen posiciones muy diferentes a las propias tienen derecho de expresarlas. Apenas un 13% piensa que no lo tienen.<\/p>\n\n\n\n<p>Casi la mitad del pa\u00eds (un 48%) opina que debe darse prioridad a proteger el medio ambiente que a promover el crecimiento econ\u00f3mico, mientras que cerca de un tercio (un 32%) cree prioritario lo segundo.<\/p>\n\n\n\n<p>Cerca de la mitad del Per\u00fa, 48% de los encuestados, est\u00e1 de acuerdo est\u00e1 con apoyar a un l\u00edder que acabe con la delincuencia, aunque para hacerlo no respete derechos de las personas.<\/p>\n\n\n\n<p>Al contrario, un 44% est\u00e1 en desacuerdo con esta opini\u00f3n.<\/p>\n\n\n\n<p>Dos tercios de la poblaci\u00f3n (un 67%) discrepa con el matrimonio de personas del mismo sexo. Solo un 22% de acuerdo.<\/p>\n\n\n\n<p>Un 49% est\u00e1 en desacuerdo con el aborto en caso de que peligre la salud de la madre, pero un 44% lo apoya.<\/p>\n\n\n\n<p>Fuente: La Republica<\/p>\n","protected":false},"excerpt":{"rendered":"<p>Percepci\u00f3n. Un 87% est\u00e1 insatisfecho o muy insatisfecho con el sistema democr\u00e1tico, solo un 14% est\u00e1 conforme. Un 48% est\u00e1 de acuerdo con apoyar a un l\u00edder que acabe con la delincuencia, aunque para hacerlo no respete los derechos de las personas.<\/p>\n","protected":false},"author":10,"featured_media":811,"comment_status":"open","ping_status":"open","sticky":false,"template":"","format":"standard","meta":{"footnotes":""},"categories":[183,174,180],"tags":[],"class_list":["post-809","post","type-post","status-publish","format-standard","has-post-thumbnail","hentry","category-actualidad","category-nacional","category-politica"],"yoast_head":"<!-- This site is optimized with the Yoast SEO plugin v27.4 - https:\/\/yoast.com\/product\/yoast-seo-wordpress\/ -->\n<title>Per\u00fa: Alta insatisfacci\u00f3n ciudadana con la democracia - Pulso27<\/title>\n<meta name=\"robots\" content=\"index, follow, max-snippet:-1, max-image-preview:large, max-video-preview:-1\" \/>\n<link rel=\"canonical\" href=\"https:\/\/pulso27.com\/es\/nacional\/peru-alta-insatisfaccion-ciudadana-con-la-democracia\/\" \/>\n<meta property=\"og:locale\" content=\"es_ES\" \/>\n<meta property=\"og:type\" content=\"article\" \/>\n<meta property=\"og:title\" content=\"Per\u00fa: Alta insatisfacci\u00f3n ciudadana con la democracia - Pulso27\" \/>\n<meta property=\"og:description\" content=\"Percepci\u00f3n. Un 87% est\u00e1 insatisfecho o muy insatisfecho con el sistema democr\u00e1tico, solo un 14% est\u00e1 conforme. Un 48% est\u00e1 de acuerdo con apoyar a un l\u00edder que acabe con la delincuencia, aunque para hacerlo no respete los derechos de las personas.\" \/>\n<meta property=\"og:url\" content=\"https:\/\/pulso27.com\/es\/nacional\/peru-alta-insatisfaccion-ciudadana-con-la-democracia\/\" \/>\n<meta property=\"og:site_name\" content=\"Pulso27\" \/>\n<meta property=\"article:publisher\" content=\"https:\/\/www.facebook.com\/pulso27\/\" \/>\n<meta property=\"article:published_time\" content=\"2023-12-11T13:31:57+00:00\" \/>\n<meta property=\"article:modified_time\" content=\"2023-12-11T13:34:17+00:00\" \/>\n<meta property=\"og:image\" content=\"https:\/\/pulso27.com\/wp-content\/uploads\/2023\/12\/protestas-lima.png\" \/>\n\t<meta property=\"og:image:width\" content=\"715\" \/>\n\t<meta property=\"og:image:height\" content=\"419\" \/>\n\t<meta property=\"og:image:type\" content=\"image\/png\" \/>\n<meta name=\"author\" content=\"El Muki\" \/>\n<meta name=\"twitter:card\" content=\"summary_large_image\" \/>\n<meta name=\"twitter:creator\" content=\"@Pulso_27\" \/>\n<meta name=\"twitter:site\" content=\"@Pulso_27\" \/>\n<meta name=\"twitter:label1\" content=\"Written by\" \/>\n\t<meta name=\"twitter:data1\" content=\"El Muki\" \/>\n\t<meta name=\"twitter:label2\" content=\"Est. reading time\" \/>\n\t<meta name=\"twitter:data2\" content=\"2 minutos\" \/>\n<script type=\"application\/ld+json\" class=\"yoast-schema-graph\">{\"@context\":\"https:\\\/\\\/schema.org\",\"@graph\":[{\"@type\":\"Article\",\"@id\":\"https:\\\/\\\/pulso27.com\\\/nacional\\\/peru-alta-insatisfaccion-ciudadana-con-la-democracia\\\/#article\",\"isPartOf\":{\"@id\":\"https:\\\/\\\/pulso27.com\\\/nacional\\\/peru-alta-insatisfaccion-ciudadana-con-la-democracia\\\/\"},\"author\":{\"name\":\"El Muki\",\"@id\":\"https:\\\/\\\/pulso27.com\\\/en\\\/#\\\/schema\\\/person\\\/a0930a7f318e7d9d83bd7cffed9f34f6\"},\"headline\":\"Per\u00fa: Alta insatisfacci\u00f3n ciudadana con la democracia\",\"datePublished\":\"2023-12-11T13:31:57+00:00\",\"dateModified\":\"2023-12-11T13:34:17+00:00\",\"mainEntityOfPage\":{\"@id\":\"https:\\\/\\\/pulso27.com\\\/nacional\\\/peru-alta-insatisfaccion-ciudadana-con-la-democracia\\\/\"},\"wordCount\":460,\"commentCount\":0,\"publisher\":{\"@id\":\"https:\\\/\\\/pulso27.com\\\/en\\\/#organization\"},\"image\":{\"@id\":\"https:\\\/\\\/pulso27.com\\\/nacional\\\/peru-alta-insatisfaccion-ciudadana-con-la-democracia\\\/#primaryimage\"},\"thumbnailUrl\":\"https:\\\/\\\/pulso27.com\\\/wp-content\\\/uploads\\\/2023\\\/12\\\/protestas-lima.png\",\"articleSection\":[\"Actualidad\",\"Nacional\",\"Pol\u00edtica\"],\"inLanguage\":\"es-PE\",\"potentialAction\":[{\"@type\":\"CommentAction\",\"name\":\"Comment\",\"target\":[\"https:\\\/\\\/pulso27.com\\\/nacional\\\/peru-alta-insatisfaccion-ciudadana-con-la-democracia\\\/#respond\"]}]},{\"@type\":\"WebPage\",\"@id\":\"https:\\\/\\\/pulso27.com\\\/nacional\\\/peru-alta-insatisfaccion-ciudadana-con-la-democracia\\\/\",\"url\":\"https:\\\/\\\/pulso27.com\\\/nacional\\\/peru-alta-insatisfaccion-ciudadana-con-la-democracia\\\/\",\"name\":\"Per\u00fa: Alta insatisfacci\u00f3n ciudadana con la democracia - Pulso27\",\"isPartOf\":{\"@id\":\"https:\\\/\\\/pulso27.com\\\/en\\\/#website\"},\"primaryImageOfPage\":{\"@id\":\"https:\\\/\\\/pulso27.com\\\/nacional\\\/peru-alta-insatisfaccion-ciudadana-con-la-democracia\\\/#primaryimage\"},\"image\":{\"@id\":\"https:\\\/\\\/pulso27.com\\\/nacional\\\/peru-alta-insatisfaccion-ciudadana-con-la-democracia\\\/#primaryimage\"},\"thumbnailUrl\":\"https:\\\/\\\/pulso27.com\\\/wp-content\\\/uploads\\\/2023\\\/12\\\/protestas-lima.png\",\"datePublished\":\"2023-12-11T13:31:57+00:00\",\"dateModified\":\"2023-12-11T13:34:17+00:00\",\"breadcrumb\":{\"@id\":\"https:\\\/\\\/pulso27.com\\\/nacional\\\/peru-alta-insatisfaccion-ciudadana-con-la-democracia\\\/#breadcrumb\"},\"inLanguage\":\"es-PE\",\"potentialAction\":[{\"@type\":\"ReadAction\",\"target\":[\"https:\\\/\\\/pulso27.com\\\/nacional\\\/peru-alta-insatisfaccion-ciudadana-con-la-democracia\\\/\"]}]},{\"@type\":\"ImageObject\",\"inLanguage\":\"es-PE\",\"@id\":\"https:\\\/\\\/pulso27.com\\\/nacional\\\/peru-alta-insatisfaccion-ciudadana-con-la-democracia\\\/#primaryimage\",\"url\":\"https:\\\/\\\/pulso27.com\\\/wp-content\\\/uploads\\\/2023\\\/12\\\/protestas-lima.png\",\"contentUrl\":\"https:\\\/\\\/pulso27.com\\\/wp-content\\\/uploads\\\/2023\\\/12\\\/protestas-lima.png\",\"width\":715,\"height\":419},{\"@type\":\"BreadcrumbList\",\"@id\":\"https:\\\/\\\/pulso27.com\\\/nacional\\\/peru-alta-insatisfaccion-ciudadana-con-la-democracia\\\/#breadcrumb\",\"itemListElement\":[{\"@type\":\"ListItem\",\"position\":1,\"name\":\"Portada\",\"item\":\"https:\\\/\\\/pulso27.com\\\/\"},{\"@type\":\"ListItem\",\"position\":2,\"name\":\"Per\u00fa: Alta insatisfacci\u00f3n ciudadana con la democracia\"}]},{\"@type\":\"WebSite\",\"@id\":\"https:\\\/\\\/pulso27.com\\\/en\\\/#website\",\"url\":\"https:\\\/\\\/pulso27.com\\\/en\\\/\",\"name\":\"Pulso27\",\"description\":\"Web de noticias y publicidad\",\"publisher\":{\"@id\":\"https:\\\/\\\/pulso27.com\\\/en\\\/#organization\"},\"alternateName\":\"El pulso del pueblo\",\"potentialAction\":[{\"@type\":\"SearchAction\",\"target\":{\"@type\":\"EntryPoint\",\"urlTemplate\":\"https:\\\/\\\/pulso27.com\\\/en\\\/?s={search_term_string}\"},\"query-input\":{\"@type\":\"PropertyValueSpecification\",\"valueRequired\":true,\"valueName\":\"search_term_string\"}}],\"inLanguage\":\"es-PE\"},{\"@type\":\"Organization\",\"@id\":\"https:\\\/\\\/pulso27.com\\\/en\\\/#organization\",\"name\":\"Pulso27\",\"url\":\"https:\\\/\\\/pulso27.com\\\/en\\\/\",\"logo\":{\"@type\":\"ImageObject\",\"inLanguage\":\"es-PE\",\"@id\":\"https:\\\/\\\/pulso27.com\\\/en\\\/#\\\/schema\\\/logo\\\/image\\\/\",\"url\":\"https:\\\/\\\/pulso27.com\\\/wp-content\\\/uploads\\\/2026\\\/02\\\/Logotipo-de-la-organizacion-696-x-696-px-ok.png\",\"contentUrl\":\"https:\\\/\\\/pulso27.com\\\/wp-content\\\/uploads\\\/2026\\\/02\\\/Logotipo-de-la-organizacion-696-x-696-px-ok.png\",\"width\":696,\"height\":696,\"caption\":\"Pulso27\"},\"image\":{\"@id\":\"https:\\\/\\\/pulso27.com\\\/en\\\/#\\\/schema\\\/logo\\\/image\\\/\"},\"sameAs\":[\"https:\\\/\\\/www.facebook.com\\\/pulso27\\\/\",\"https:\\\/\\\/x.com\\\/Pulso_27\",\"https:\\\/\\\/www.youtube.com\\\/@Pulso27\",\"https:\\\/\\\/www.tiktok.com\\\/@pulso_27\"]},{\"@type\":\"Person\",\"@id\":\"https:\\\/\\\/pulso27.com\\\/en\\\/#\\\/schema\\\/person\\\/a0930a7f318e7d9d83bd7cffed9f34f6\",\"name\":\"El Muki\",\"image\":{\"@type\":\"ImageObject\",\"inLanguage\":\"es-PE\",\"@id\":\"https:\\\/\\\/secure.gravatar.com\\\/avatar\\\/dc91c2607c5eebda74cbb40d13031f489096c96ead89c4c30c17db262267b2b3?s=96&d=mm&r=g\",\"url\":\"https:\\\/\\\/secure.gravatar.com\\\/avatar\\\/dc91c2607c5eebda74cbb40d13031f489096c96ead89c4c30c17db262267b2b3?s=96&d=mm&r=g\",\"contentUrl\":\"https:\\\/\\\/secure.gravatar.com\\\/avatar\\\/dc91c2607c5eebda74cbb40d13031f489096c96ead89c4c30c17db262267b2b3?s=96&d=mm&r=g\",\"caption\":\"El Muki\"},\"sameAs\":[\"http:\\\/\\\/www.pulso27.com\"],\"url\":\"https:\\\/\\\/pulso27.com\\\/es\\\/author\\\/elcuervo\\\/\"}]}<\/script>\n<!-- \/ Yoast SEO plugin. -->","yoast_head_json":{"title":"Per\u00fa: Alta insatisfacci\u00f3n ciudadana con la democracia - Pulso27","robots":{"index":"index","follow":"follow","max-snippet":"max-snippet:-1","max-image-preview":"max-image-preview:large","max-video-preview":"max-video-preview:-1"},"canonical":"https:\/\/pulso27.com\/es\/nacional\/peru-alta-insatisfaccion-ciudadana-con-la-democracia\/","og_locale":"es_ES","og_type":"article","og_title":"Per\u00fa: Alta insatisfacci\u00f3n ciudadana con la democracia - Pulso27","og_description":"Percepci\u00f3n. Un 87% est\u00e1 insatisfecho o muy insatisfecho con el sistema democr\u00e1tico, solo un 14% est\u00e1 conforme. Un 48% est\u00e1 de acuerdo con apoyar a un l\u00edder que acabe con la delincuencia, aunque para hacerlo no respete los derechos de las personas.","og_url":"https:\/\/pulso27.com\/es\/nacional\/peru-alta-insatisfaccion-ciudadana-con-la-democracia\/","og_site_name":"Pulso27","article_publisher":"https:\/\/www.facebook.com\/pulso27\/","article_published_time":"2023-12-11T13:31:57+00:00","article_modified_time":"2023-12-11T13:34:17+00:00","og_image":[{"width":715,"height":419,"url":"https:\/\/pulso27.com\/wp-content\/uploads\/2023\/12\/protestas-lima.png","type":"image\/png"}],"author":"El Muki","twitter_card":"summary_large_image","twitter_creator":"@Pulso_27","twitter_site":"@Pulso_27","twitter_misc":{"Written by":"El Muki","Est. reading time":"2 minutos"},"schema":{"@context":"https:\/\/schema.org","@graph":[{"@type":"Article","@id":"https:\/\/pulso27.com\/nacional\/peru-alta-insatisfaccion-ciudadana-con-la-democracia\/#article","isPartOf":{"@id":"https:\/\/pulso27.com\/nacional\/peru-alta-insatisfaccion-ciudadana-con-la-democracia\/"},"author":{"name":"El Muki","@id":"https:\/\/pulso27.com\/en\/#\/schema\/person\/a0930a7f318e7d9d83bd7cffed9f34f6"},"headline":"Per\u00fa: Alta insatisfacci\u00f3n ciudadana con la democracia","datePublished":"2023-12-11T13:31:57+00:00","dateModified":"2023-12-11T13:34:17+00:00","mainEntityOfPage":{"@id":"https:\/\/pulso27.com\/nacional\/peru-alta-insatisfaccion-ciudadana-con-la-democracia\/"},"wordCount":460,"commentCount":0,"publisher":{"@id":"https:\/\/pulso27.com\/en\/#organization"},"image":{"@id":"https:\/\/pulso27.com\/nacional\/peru-alta-insatisfaccion-ciudadana-con-la-democracia\/#primaryimage"},"thumbnailUrl":"https:\/\/pulso27.com\/wp-content\/uploads\/2023\/12\/protestas-lima.png","articleSection":["Actualidad","Nacional","Pol\u00edtica"],"inLanguage":"es-PE","potentialAction":[{"@type":"CommentAction","name":"Comment","target":["https:\/\/pulso27.com\/nacional\/peru-alta-insatisfaccion-ciudadana-con-la-democracia\/#respond"]}]},{"@type":"WebPage","@id":"https:\/\/pulso27.com\/nacional\/peru-alta-insatisfaccion-ciudadana-con-la-democracia\/","url":"https:\/\/pulso27.com\/nacional\/peru-alta-insatisfaccion-ciudadana-con-la-democracia\/","name":"Per\u00fa: Alta insatisfacci\u00f3n ciudadana con la democracia - Pulso27","isPartOf":{"@id":"https:\/\/pulso27.com\/en\/#website"},"primaryImageOfPage":{"@id":"https:\/\/pulso27.com\/nacional\/peru-alta-insatisfaccion-ciudadana-con-la-democracia\/#primaryimage"},"image":{"@id":"https:\/\/pulso27.com\/nacional\/peru-alta-insatisfaccion-ciudadana-con-la-democracia\/#primaryimage"},"thumbnailUrl":"https:\/\/pulso27.com\/wp-content\/uploads\/2023\/12\/protestas-lima.png","datePublished":"2023-12-11T13:31:57+00:00","dateModified":"2023-12-11T13:34:17+00:00","breadcrumb":{"@id":"https:\/\/pulso27.com\/nacional\/peru-alta-insatisfaccion-ciudadana-con-la-democracia\/#breadcrumb"},"inLanguage":"es-PE","potentialAction":[{"@type":"ReadAction","target":["https:\/\/pulso27.com\/nacional\/peru-alta-insatisfaccion-ciudadana-con-la-democracia\/"]}]},{"@type":"ImageObject","inLanguage":"es-PE","@id":"https:\/\/pulso27.com\/nacional\/peru-alta-insatisfaccion-ciudadana-con-la-democracia\/#primaryimage","url":"https:\/\/pulso27.com\/wp-content\/uploads\/2023\/12\/protestas-lima.png","contentUrl":"https:\/\/pulso27.com\/wp-content\/uploads\/2023\/12\/protestas-lima.png","width":715,"height":419},{"@type":"BreadcrumbList","@id":"https:\/\/pulso27.com\/nacional\/peru-alta-insatisfaccion-ciudadana-con-la-democracia\/#breadcrumb","itemListElement":[{"@type":"ListItem","position":1,"name":"Portada","item":"https:\/\/pulso27.com\/"},{"@type":"ListItem","position":2,"name":"Per\u00fa: Alta insatisfacci\u00f3n ciudadana con la democracia"}]},{"@type":"WebSite","@id":"https:\/\/pulso27.com\/en\/#website","url":"https:\/\/pulso27.com\/en\/","name":"Pulso27","description":"Web de noticias y publicidad","publisher":{"@id":"https:\/\/pulso27.com\/en\/#organization"},"alternateName":"El pulso del pueblo","potentialAction":[{"@type":"SearchAction","target":{"@type":"EntryPoint","urlTemplate":"https:\/\/pulso27.com\/en\/?s={search_term_string}"},"query-input":{"@type":"PropertyValueSpecification","valueRequired":true,"valueName":"search_term_string"}}],"inLanguage":"es-PE"},{"@type":"Organization","@id":"https:\/\/pulso27.com\/en\/#organization","name":"Pulso27","url":"https:\/\/pulso27.com\/en\/","logo":{"@type":"ImageObject","inLanguage":"es-PE","@id":"https:\/\/pulso27.com\/en\/#\/schema\/logo\/image\/","url":"https:\/\/pulso27.com\/wp-content\/uploads\/2026\/02\/Logotipo-de-la-organizacion-696-x-696-px-ok.png","contentUrl":"https:\/\/pulso27.com\/wp-content\/uploads\/2026\/02\/Logotipo-de-la-organizacion-696-x-696-px-ok.png","width":696,"height":696,"caption":"Pulso27"},"image":{"@id":"https:\/\/pulso27.com\/en\/#\/schema\/logo\/image\/"},"sameAs":["https:\/\/www.facebook.com\/pulso27\/","https:\/\/x.com\/Pulso_27","https:\/\/www.youtube.com\/@Pulso27","https:\/\/www.tiktok.com\/@pulso_27"]},{"@type":"Person","@id":"https:\/\/pulso27.com\/en\/#\/schema\/person\/a0930a7f318e7d9d83bd7cffed9f34f6","name":"El Muki","image":{"@type":"ImageObject","inLanguage":"es-PE","@id":"https:\/\/secure.gravatar.com\/avatar\/dc91c2607c5eebda74cbb40d13031f489096c96ead89c4c30c17db262267b2b3?s=96&d=mm&r=g","url":"https:\/\/secure.gravatar.com\/avatar\/dc91c2607c5eebda74cbb40d13031f489096c96ead89c4c30c17db262267b2b3?s=96&d=mm&r=g","contentUrl":"https:\/\/secure.gravatar.com\/avatar\/dc91c2607c5eebda74cbb40d13031f489096c96ead89c4c30c17db262267b2b3?s=96&d=mm&r=g","caption":"El Muki"},"sameAs":["http:\/\/www.pulso27.com"],"url":"https:\/\/pulso27.com\/es\/author\/elcuervo\/"}]}},"amp_enabled":true,"_links":{"self":[{"href":"https:\/\/pulso27.com\/es\/wp-json\/wp\/v2\/posts\/809","targetHints":{"allow":["GET"]}}],"collection":[{"href":"https:\/\/pulso27.com\/es\/wp-json\/wp\/v2\/posts"}],"about":[{"href":"https:\/\/pulso27.com\/es\/wp-json\/wp\/v2\/types\/post"}],"author":[{"embeddable":true,"href":"https:\/\/pulso27.com\/es\/wp-json\/wp\/v2\/users\/10"}],"replies":[{"embeddable":true,"href":"https:\/\/pulso27.com\/es\/wp-json\/wp\/v2\/comments?post=809"}],"version-history":[{"count":2,"href":"https:\/\/pulso27.com\/es\/wp-json\/wp\/v2\/posts\/809\/revisions"}],"predecessor-version":[{"id":813,"href":"https:\/\/pulso27.com\/es\/wp-json\/wp\/v2\/posts\/809\/revisions\/813"}],"wp:featuredmedia":[{"embeddable":true,"href":"https:\/\/pulso27.com\/es\/wp-json\/wp\/v2\/media\/811"}],"wp:attachment":[{"href":"https:\/\/pulso27.com\/es\/wp-json\/wp\/v2\/media?parent=809"}],"wp:term":[{"taxonomy":"category","embeddable":true,"href":"https:\/\/pulso27.com\/es\/wp-json\/wp\/v2\/categories?post=809"},{"taxonomy":"post_tag","embeddable":true,"href":"https:\/\/pulso27.com\/es\/wp-json\/wp\/v2\/tags?post=809"}],"curies":[{"name":"wp","href":"https:\/\/api.w.org\/{rel}","templated":true}]}}