{"id":81,"date":"2017-07-03T14:55:13","date_gmt":"2017-07-03T18:55:13","guid":{"rendered":"http:\/\/www.mvpthemes.com\/zoxnews\/?p=81"},"modified":"2024-11-02T08:50:53","modified_gmt":"2024-11-02T03:50:53","slug":"better-call-saul-has-been-renewed-for-a-fourth-season","status":"publish","type":"post","link":"https:\/\/pulso27.com\/es\/nacional\/better-call-saul-has-been-renewed-for-a-fourth-season\/","title":{"rendered":"SUTEP anuncia paro nacional el 23 de noviembre"},"content":{"rendered":"<p>El dirigente nacional del Sindicato Unitario de Trabajadores en la Educaci\u00f3n del Per\u00fa (SUTEP), Ronald Garc\u00eda, anunci\u00f3 que ante el incumplimiento de los acuerdos de la negociaci\u00f3n colectiva realizar\u00e1n un paro nacional el 23 de noviembre exigiendo el Ejecutivo un incremento del presupuesto 2024 para el sector educaci\u00f3n.<\/p>\n<p>Garc\u00eda manifest\u00f3 que, \u201ca pesar de los 44 acuerdos a la negociaci\u00f3n colectiva donde se prioriza el aumento de remuneraciones para docentes y auxiliares de educaci\u00f3n no han sido contemplados dentro del presupuesto 2024, por lo tanto, el SUTEP realizar\u00e1 un paro nacional el 23 de noviembre exigiendo un incremento del presupuesto para el sector\u201d, a trav\u00e9s de Red de Comunicaci\u00f3n Regional (RCR).<\/p>\n<blockquote><p>\u00ab&#8230; el Congreso de la Rep\u00fablica tiene hasta el 30 de noviembre buscar la aprobaci\u00f3n del proyecto de ley para el presupuesto 2024, por lo que precis\u00f3 que el SUTEP busca que las autoridades garanticen un incremento del presupuesto para el sector educaci\u00f3n.\u00bb<\/p><\/blockquote>\n<p>Adem\u00e1s, indic\u00f3 que el Congreso de la Rep\u00fablica tiene hasta el 30 de noviembre buscar la aprobaci\u00f3n del proyecto de ley para el presupuesto 2024, por lo que precis\u00f3 que el SUTEP busca que las autoridades garanticen un incremento del presupuesto para el sector educaci\u00f3n, a fin de garantizar el cumplimiento de los acuerdos de la negociaci\u00f3n colectiva y que el argumento de que no hay presupuesto no es tan cierto.<\/p>\n<p>Por otro lado, inform\u00f3 que han realizado movilizaciones a nivel nacional y se habr\u00eda agotado el di\u00e1logo con el Poder Ejecutivo, porque han tomado acuerdos y el Ejecutivo no cumple con lo contemplado en las leyes, por lo tanto, el SUTEP habr\u00eda tomado esa decisi\u00f3n y ser\u00e1 la asamblea nacional que evalu\u00e9 el grado de acatamiento del magisterio nacional para plantear medidas de lucha m\u00e1s extremas.<\/p>\n","protected":false},"excerpt":{"rendered":"<p>Exigen incremento de presupuesto 2024 para sector Educaci\u00f3n<\/p>\n","protected":false},"author":13,"featured_media":449,"comment_status":"open","ping_status":"open","sticky":false,"template":"","format":"standard","meta":{"footnotes":""},"categories":[174],"tags":[186,184],"class_list":["post-81","post","type-post","status-publish","format-standard","has-post-thumbnail","hentry","category-nacional","tag-nacional","tag-politica"],"yoast_head":"<!-- This site is optimized with the Yoast SEO plugin v27.4 - https:\/\/yoast.com\/product\/yoast-seo-wordpress\/ -->\n<title>SUTEP anuncia paro nacional el 23 de noviembre - Pulso27<\/title>\n<meta name=\"robots\" content=\"index, follow, max-snippet:-1, max-image-preview:large, max-video-preview:-1\" \/>\n<link rel=\"canonical\" href=\"https:\/\/pulso27.com\/es\/nacional\/better-call-saul-has-been-renewed-for-a-fourth-season\/\" \/>\n<meta property=\"og:locale\" content=\"es_ES\" \/>\n<meta property=\"og:type\" content=\"article\" \/>\n<meta property=\"og:title\" content=\"SUTEP anuncia paro nacional el 23 de noviembre - Pulso27\" \/>\n<meta property=\"og:description\" content=\"Exigen incremento de presupuesto 2024 para sector Educaci\u00f3n\" \/>\n<meta property=\"og:url\" content=\"https:\/\/pulso27.com\/es\/nacional\/better-call-saul-has-been-renewed-for-a-fourth-season\/\" \/>\n<meta property=\"og:site_name\" content=\"Pulso27\" \/>\n<meta property=\"article:publisher\" content=\"https:\/\/www.facebook.com\/pulso27\/\" \/>\n<meta property=\"article:published_time\" content=\"2017-07-03T18:55:13+00:00\" \/>\n<meta property=\"article:modified_time\" content=\"2024-11-02T03:50:53+00:00\" \/>\n<meta property=\"og:image\" content=\"https:\/\/pulso27.com\/wp-content\/uploads\/2017\/07\/supet_huelga-1.jpg\" \/>\n\t<meta property=\"og:image:width\" content=\"951\" \/>\n\t<meta property=\"og:image:height\" content=\"640\" \/>\n\t<meta property=\"og:image:type\" content=\"image\/jpeg\" \/>\n<meta name=\"author\" content=\"Redactor\" \/>\n<meta name=\"twitter:card\" content=\"summary_large_image\" \/>\n<meta name=\"twitter:creator\" content=\"@Pulso_27\" \/>\n<meta name=\"twitter:site\" content=\"@Pulso_27\" \/>\n<meta name=\"twitter:label1\" content=\"Written by\" \/>\n\t<meta name=\"twitter:data1\" content=\"Redactor\" \/>\n\t<meta name=\"twitter:label2\" content=\"Est. reading time\" \/>\n\t<meta name=\"twitter:data2\" content=\"2 minutos\" \/>\n<script type=\"application\/ld+json\" class=\"yoast-schema-graph\">{\"@context\":\"https:\\\/\\\/schema.org\",\"@graph\":[{\"@type\":\"Article\",\"@id\":\"https:\\\/\\\/pulso27.com\\\/nacional\\\/better-call-saul-has-been-renewed-for-a-fourth-season\\\/#article\",\"isPartOf\":{\"@id\":\"https:\\\/\\\/pulso27.com\\\/nacional\\\/better-call-saul-has-been-renewed-for-a-fourth-season\\\/\"},\"author\":{\"name\":\"Redactor\",\"@id\":\"https:\\\/\\\/pulso27.com\\\/en\\\/#\\\/schema\\\/person\\\/bf5ee161e6c87f6c7d57f5e689ef8526\"},\"headline\":\"SUTEP anuncia paro nacional el 23 de noviembre\",\"datePublished\":\"2017-07-03T18:55:13+00:00\",\"dateModified\":\"2024-11-02T03:50:53+00:00\",\"mainEntityOfPage\":{\"@id\":\"https:\\\/\\\/pulso27.com\\\/nacional\\\/better-call-saul-has-been-renewed-for-a-fourth-season\\\/\"},\"wordCount\":311,\"commentCount\":0,\"publisher\":{\"@id\":\"https:\\\/\\\/pulso27.com\\\/en\\\/#organization\"},\"image\":{\"@id\":\"https:\\\/\\\/pulso27.com\\\/nacional\\\/better-call-saul-has-been-renewed-for-a-fourth-season\\\/#primaryimage\"},\"thumbnailUrl\":\"https:\\\/\\\/pulso27.com\\\/wp-content\\\/uploads\\\/2017\\\/07\\\/supet_huelga-1.jpg\",\"keywords\":[\"Nacional\",\"Politica\"],\"articleSection\":[\"Nacional\"],\"inLanguage\":\"es-PE\",\"potentialAction\":[{\"@type\":\"CommentAction\",\"name\":\"Comment\",\"target\":[\"https:\\\/\\\/pulso27.com\\\/nacional\\\/better-call-saul-has-been-renewed-for-a-fourth-season\\\/#respond\"]}]},{\"@type\":\"WebPage\",\"@id\":\"https:\\\/\\\/pulso27.com\\\/nacional\\\/better-call-saul-has-been-renewed-for-a-fourth-season\\\/\",\"url\":\"https:\\\/\\\/pulso27.com\\\/nacional\\\/better-call-saul-has-been-renewed-for-a-fourth-season\\\/\",\"name\":\"SUTEP anuncia paro nacional el 23 de noviembre - Pulso27\",\"isPartOf\":{\"@id\":\"https:\\\/\\\/pulso27.com\\\/en\\\/#website\"},\"primaryImageOfPage\":{\"@id\":\"https:\\\/\\\/pulso27.com\\\/nacional\\\/better-call-saul-has-been-renewed-for-a-fourth-season\\\/#primaryimage\"},\"image\":{\"@id\":\"https:\\\/\\\/pulso27.com\\\/nacional\\\/better-call-saul-has-been-renewed-for-a-fourth-season\\\/#primaryimage\"},\"thumbnailUrl\":\"https:\\\/\\\/pulso27.com\\\/wp-content\\\/uploads\\\/2017\\\/07\\\/supet_huelga-1.jpg\",\"datePublished\":\"2017-07-03T18:55:13+00:00\",\"dateModified\":\"2024-11-02T03:50:53+00:00\",\"breadcrumb\":{\"@id\":\"https:\\\/\\\/pulso27.com\\\/nacional\\\/better-call-saul-has-been-renewed-for-a-fourth-season\\\/#breadcrumb\"},\"inLanguage\":\"es-PE\",\"potentialAction\":[{\"@type\":\"ReadAction\",\"target\":[\"https:\\\/\\\/pulso27.com\\\/nacional\\\/better-call-saul-has-been-renewed-for-a-fourth-season\\\/\"]}]},{\"@type\":\"ImageObject\",\"inLanguage\":\"es-PE\",\"@id\":\"https:\\\/\\\/pulso27.com\\\/nacional\\\/better-call-saul-has-been-renewed-for-a-fourth-season\\\/#primaryimage\",\"url\":\"https:\\\/\\\/pulso27.com\\\/wp-content\\\/uploads\\\/2017\\\/07\\\/supet_huelga-1.jpg\",\"contentUrl\":\"https:\\\/\\\/pulso27.com\\\/wp-content\\\/uploads\\\/2017\\\/07\\\/supet_huelga-1.jpg\",\"width\":951,\"height\":640},{\"@type\":\"BreadcrumbList\",\"@id\":\"https:\\\/\\\/pulso27.com\\\/nacional\\\/better-call-saul-has-been-renewed-for-a-fourth-season\\\/#breadcrumb\",\"itemListElement\":[{\"@type\":\"ListItem\",\"position\":1,\"name\":\"Portada\",\"item\":\"https:\\\/\\\/pulso27.com\\\/\"},{\"@type\":\"ListItem\",\"position\":2,\"name\":\"SUTEP anuncia paro nacional el 23 de noviembre\"}]},{\"@type\":\"WebSite\",\"@id\":\"https:\\\/\\\/pulso27.com\\\/en\\\/#website\",\"url\":\"https:\\\/\\\/pulso27.com\\\/en\\\/\",\"name\":\"Pulso27\",\"description\":\"Web de noticias y publicidad\",\"publisher\":{\"@id\":\"https:\\\/\\\/pulso27.com\\\/en\\\/#organization\"},\"alternateName\":\"El pulso del pueblo\",\"potentialAction\":[{\"@type\":\"SearchAction\",\"target\":{\"@type\":\"EntryPoint\",\"urlTemplate\":\"https:\\\/\\\/pulso27.com\\\/en\\\/?s={search_term_string}\"},\"query-input\":{\"@type\":\"PropertyValueSpecification\",\"valueRequired\":true,\"valueName\":\"search_term_string\"}}],\"inLanguage\":\"es-PE\"},{\"@type\":\"Organization\",\"@id\":\"https:\\\/\\\/pulso27.com\\\/en\\\/#organization\",\"name\":\"Pulso27\",\"url\":\"https:\\\/\\\/pulso27.com\\\/en\\\/\",\"logo\":{\"@type\":\"ImageObject\",\"inLanguage\":\"es-PE\",\"@id\":\"https:\\\/\\\/pulso27.com\\\/en\\\/#\\\/schema\\\/logo\\\/image\\\/\",\"url\":\"https:\\\/\\\/pulso27.com\\\/wp-content\\\/uploads\\\/2026\\\/02\\\/Logotipo-de-la-organizacion-696-x-696-px-ok.png\",\"contentUrl\":\"https:\\\/\\\/pulso27.com\\\/wp-content\\\/uploads\\\/2026\\\/02\\\/Logotipo-de-la-organizacion-696-x-696-px-ok.png\",\"width\":696,\"height\":696,\"caption\":\"Pulso27\"},\"image\":{\"@id\":\"https:\\\/\\\/pulso27.com\\\/en\\\/#\\\/schema\\\/logo\\\/image\\\/\"},\"sameAs\":[\"https:\\\/\\\/www.facebook.com\\\/pulso27\\\/\",\"https:\\\/\\\/x.com\\\/Pulso_27\",\"https:\\\/\\\/www.youtube.com\\\/@Pulso27\",\"https:\\\/\\\/www.tiktok.com\\\/@pulso_27\"]},{\"@type\":\"Person\",\"@id\":\"https:\\\/\\\/pulso27.com\\\/en\\\/#\\\/schema\\\/person\\\/bf5ee161e6c87f6c7d57f5e689ef8526\",\"name\":\"Redactor\",\"image\":{\"@type\":\"ImageObject\",\"inLanguage\":\"es-PE\",\"@id\":\"https:\\\/\\\/pulso27.com\\\/wp-content\\\/uploads\\\/2025\\\/03\\\/a-150x150.png\",\"url\":\"https:\\\/\\\/pulso27.com\\\/wp-content\\\/uploads\\\/2025\\\/03\\\/a-150x150.png\",\"contentUrl\":\"https:\\\/\\\/pulso27.com\\\/wp-content\\\/uploads\\\/2025\\\/03\\\/a-150x150.png\",\"caption\":\"Redactor\"},\"sameAs\":[\"http:\\\/\\\/www.pulso27.com\"],\"url\":\"https:\\\/\\\/pulso27.com\\\/es\\\/author\\\/redactor\\\/\"}]}<\/script>\n<!-- \/ Yoast SEO plugin. -->","yoast_head_json":{"title":"SUTEP anuncia paro nacional el 23 de noviembre - Pulso27","robots":{"index":"index","follow":"follow","max-snippet":"max-snippet:-1","max-image-preview":"max-image-preview:large","max-video-preview":"max-video-preview:-1"},"canonical":"https:\/\/pulso27.com\/es\/nacional\/better-call-saul-has-been-renewed-for-a-fourth-season\/","og_locale":"es_ES","og_type":"article","og_title":"SUTEP anuncia paro nacional el 23 de noviembre - Pulso27","og_description":"Exigen incremento de presupuesto 2024 para sector Educaci\u00f3n","og_url":"https:\/\/pulso27.com\/es\/nacional\/better-call-saul-has-been-renewed-for-a-fourth-season\/","og_site_name":"Pulso27","article_publisher":"https:\/\/www.facebook.com\/pulso27\/","article_published_time":"2017-07-03T18:55:13+00:00","article_modified_time":"2024-11-02T03:50:53+00:00","og_image":[{"width":951,"height":640,"url":"https:\/\/pulso27.com\/wp-content\/uploads\/2017\/07\/supet_huelga-1.jpg","type":"image\/jpeg"}],"author":"Redactor","twitter_card":"summary_large_image","twitter_creator":"@Pulso_27","twitter_site":"@Pulso_27","twitter_misc":{"Written by":"Redactor","Est. reading time":"2 minutos"},"schema":{"@context":"https:\/\/schema.org","@graph":[{"@type":"Article","@id":"https:\/\/pulso27.com\/nacional\/better-call-saul-has-been-renewed-for-a-fourth-season\/#article","isPartOf":{"@id":"https:\/\/pulso27.com\/nacional\/better-call-saul-has-been-renewed-for-a-fourth-season\/"},"author":{"name":"Redactor","@id":"https:\/\/pulso27.com\/en\/#\/schema\/person\/bf5ee161e6c87f6c7d57f5e689ef8526"},"headline":"SUTEP anuncia paro nacional el 23 de noviembre","datePublished":"2017-07-03T18:55:13+00:00","dateModified":"2024-11-02T03:50:53+00:00","mainEntityOfPage":{"@id":"https:\/\/pulso27.com\/nacional\/better-call-saul-has-been-renewed-for-a-fourth-season\/"},"wordCount":311,"commentCount":0,"publisher":{"@id":"https:\/\/pulso27.com\/en\/#organization"},"image":{"@id":"https:\/\/pulso27.com\/nacional\/better-call-saul-has-been-renewed-for-a-fourth-season\/#primaryimage"},"thumbnailUrl":"https:\/\/pulso27.com\/wp-content\/uploads\/2017\/07\/supet_huelga-1.jpg","keywords":["Nacional","Politica"],"articleSection":["Nacional"],"inLanguage":"es-PE","potentialAction":[{"@type":"CommentAction","name":"Comment","target":["https:\/\/pulso27.com\/nacional\/better-call-saul-has-been-renewed-for-a-fourth-season\/#respond"]}]},{"@type":"WebPage","@id":"https:\/\/pulso27.com\/nacional\/better-call-saul-has-been-renewed-for-a-fourth-season\/","url":"https:\/\/pulso27.com\/nacional\/better-call-saul-has-been-renewed-for-a-fourth-season\/","name":"SUTEP anuncia paro nacional el 23 de noviembre - Pulso27","isPartOf":{"@id":"https:\/\/pulso27.com\/en\/#website"},"primaryImageOfPage":{"@id":"https:\/\/pulso27.com\/nacional\/better-call-saul-has-been-renewed-for-a-fourth-season\/#primaryimage"},"image":{"@id":"https:\/\/pulso27.com\/nacional\/better-call-saul-has-been-renewed-for-a-fourth-season\/#primaryimage"},"thumbnailUrl":"https:\/\/pulso27.com\/wp-content\/uploads\/2017\/07\/supet_huelga-1.jpg","datePublished":"2017-07-03T18:55:13+00:00","dateModified":"2024-11-02T03:50:53+00:00","breadcrumb":{"@id":"https:\/\/pulso27.com\/nacional\/better-call-saul-has-been-renewed-for-a-fourth-season\/#breadcrumb"},"inLanguage":"es-PE","potentialAction":[{"@type":"ReadAction","target":["https:\/\/pulso27.com\/nacional\/better-call-saul-has-been-renewed-for-a-fourth-season\/"]}]},{"@type":"ImageObject","inLanguage":"es-PE","@id":"https:\/\/pulso27.com\/nacional\/better-call-saul-has-been-renewed-for-a-fourth-season\/#primaryimage","url":"https:\/\/pulso27.com\/wp-content\/uploads\/2017\/07\/supet_huelga-1.jpg","contentUrl":"https:\/\/pulso27.com\/wp-content\/uploads\/2017\/07\/supet_huelga-1.jpg","width":951,"height":640},{"@type":"BreadcrumbList","@id":"https:\/\/pulso27.com\/nacional\/better-call-saul-has-been-renewed-for-a-fourth-season\/#breadcrumb","itemListElement":[{"@type":"ListItem","position":1,"name":"Portada","item":"https:\/\/pulso27.com\/"},{"@type":"ListItem","position":2,"name":"SUTEP anuncia paro nacional el 23 de noviembre"}]},{"@type":"WebSite","@id":"https:\/\/pulso27.com\/en\/#website","url":"https:\/\/pulso27.com\/en\/","name":"Pulso27","description":"Web de noticias y publicidad","publisher":{"@id":"https:\/\/pulso27.com\/en\/#organization"},"alternateName":"El pulso del pueblo","potentialAction":[{"@type":"SearchAction","target":{"@type":"EntryPoint","urlTemplate":"https:\/\/pulso27.com\/en\/?s={search_term_string}"},"query-input":{"@type":"PropertyValueSpecification","valueRequired":true,"valueName":"search_term_string"}}],"inLanguage":"es-PE"},{"@type":"Organization","@id":"https:\/\/pulso27.com\/en\/#organization","name":"Pulso27","url":"https:\/\/pulso27.com\/en\/","logo":{"@type":"ImageObject","inLanguage":"es-PE","@id":"https:\/\/pulso27.com\/en\/#\/schema\/logo\/image\/","url":"https:\/\/pulso27.com\/wp-content\/uploads\/2026\/02\/Logotipo-de-la-organizacion-696-x-696-px-ok.png","contentUrl":"https:\/\/pulso27.com\/wp-content\/uploads\/2026\/02\/Logotipo-de-la-organizacion-696-x-696-px-ok.png","width":696,"height":696,"caption":"Pulso27"},"image":{"@id":"https:\/\/pulso27.com\/en\/#\/schema\/logo\/image\/"},"sameAs":["https:\/\/www.facebook.com\/pulso27\/","https:\/\/x.com\/Pulso_27","https:\/\/www.youtube.com\/@Pulso27","https:\/\/www.tiktok.com\/@pulso_27"]},{"@type":"Person","@id":"https:\/\/pulso27.com\/en\/#\/schema\/person\/bf5ee161e6c87f6c7d57f5e689ef8526","name":"Redactor","image":{"@type":"ImageObject","inLanguage":"es-PE","@id":"https:\/\/pulso27.com\/wp-content\/uploads\/2025\/03\/a-150x150.png","url":"https:\/\/pulso27.com\/wp-content\/uploads\/2025\/03\/a-150x150.png","contentUrl":"https:\/\/pulso27.com\/wp-content\/uploads\/2025\/03\/a-150x150.png","caption":"Redactor"},"sameAs":["http:\/\/www.pulso27.com"],"url":"https:\/\/pulso27.com\/es\/author\/redactor\/"}]}},"amp_enabled":true,"_links":{"self":[{"href":"https:\/\/pulso27.com\/es\/wp-json\/wp\/v2\/posts\/81","targetHints":{"allow":["GET"]}}],"collection":[{"href":"https:\/\/pulso27.com\/es\/wp-json\/wp\/v2\/posts"}],"about":[{"href":"https:\/\/pulso27.com\/es\/wp-json\/wp\/v2\/types\/post"}],"author":[{"embeddable":true,"href":"https:\/\/pulso27.com\/es\/wp-json\/wp\/v2\/users\/13"}],"replies":[{"embeddable":true,"href":"https:\/\/pulso27.com\/es\/wp-json\/wp\/v2\/comments?post=81"}],"version-history":[{"count":2,"href":"https:\/\/pulso27.com\/es\/wp-json\/wp\/v2\/posts\/81\/revisions"}],"predecessor-version":[{"id":2796,"href":"https:\/\/pulso27.com\/es\/wp-json\/wp\/v2\/posts\/81\/revisions\/2796"}],"wp:featuredmedia":[{"embeddable":true,"href":"https:\/\/pulso27.com\/es\/wp-json\/wp\/v2\/media\/449"}],"wp:attachment":[{"href":"https:\/\/pulso27.com\/es\/wp-json\/wp\/v2\/media?parent=81"}],"wp:term":[{"taxonomy":"category","embeddable":true,"href":"https:\/\/pulso27.com\/es\/wp-json\/wp\/v2\/categories?post=81"},{"taxonomy":"post_tag","embeddable":true,"href":"https:\/\/pulso27.com\/es\/wp-json\/wp\/v2\/tags?post=81"}],"curies":[{"name":"wp","href":"https:\/\/api.w.org\/{rel}","templated":true}]}}