{"id":849,"date":"2023-12-12T21:40:03","date_gmt":"2023-12-12T21:40:03","guid":{"rendered":"https:\/\/pulso27.com\/?p=849"},"modified":"2023-12-12T21:40:53","modified_gmt":"2023-12-12T21:40:53","slug":"milei-modifica-decreto-que-impedia-nombrar-familiares-en-cargos-publicos-para-designar-a-su-hermana","status":"publish","type":"post","link":"https:\/\/pulso27.com\/es\/internacional\/milei-modifica-decreto-que-impedia-nombrar-familiares-en-cargos-publicos-para-designar-a-su-hermana\/","title":{"rendered":"Milei modifica decreto que imped\u00eda nombrar familiares en cargos p\u00fablicos para designar a su hermana"},"content":{"rendered":"\n<p>&#8216;El Jefe&#8217;, como llama Milei a su hermana Karina, jur\u00f3 como secretaria general de la Presidencia, pese a un decreto establecido durante el Gobierno de Mauricio Macri que lo imped\u00eda.<\/p>\n\n\n\n<p>Javier Milei asumi\u00f3 la presidencia de Argentina en una hist\u00f3rica ceremonia el \u00faltimo domingo 10 de diciembre en Buenos Aires. En su primer decreto, Milei redujo a 9 los ministerios: Capital Humano, Infraestructura, Econom\u00eda, Relaciones Exteriores, Comercio Internacional y Culto, Interior, Defensa, Seguridad, Justicia y Salud.<\/p>\n\n\n\n<p>Asimismo, modific\u00f3 un decreto establecido por Mauricio Macri que prohib\u00eda designar familiares directos en la administraci\u00f3n p\u00fablica para nombrar a su hermana mayor, Karina Milei, como secretaria general de la Presidencia.<\/p>\n\n\n\n<figure class=\"wp-block-image size-full\"><img loading=\"lazy\" decoding=\"async\" width=\"788\" height=\"520\" src=\"https:\/\/pulso27.com\/wp-content\/uploads\/2023\/12\/image-9.png\" alt=\"\" class=\"wp-image-863\" srcset=\"https:\/\/pulso27.com\/wp-content\/uploads\/2023\/12\/image-9.png 788w, https:\/\/pulso27.com\/wp-content\/uploads\/2023\/12\/image-9-300x198.png 300w, https:\/\/pulso27.com\/wp-content\/uploads\/2023\/12\/image-9-768x507.png 768w\" sizes=\"auto, (max-width: 788px) 100vw, 788px\" \/><\/figure>\n\n\n\n<p>Dicho decreto se\u00f1alaba que \u201cno podr\u00e1n efectuarse designaciones de personas, bajo cualquier modalidad, en todo el Sector P\u00fablico Nacional que tengan alg\u00fan v\u00ednculo de parentesco\u201d para mejorar \u201cla institucionalidad, la integridad y la transparencia de todas las pol\u00edticas p\u00fablicas\u201d, seg\u00fan se\u00f1al\u00f3 el entonces jefe de Gabinete Marcos Pe\u00f1a.<\/p>\n\n\n\n<p><strong>Javier Milei modifica decreto contra el nepotismo<\/strong><br>De modo que la norma fue publicada en el Bolet\u00edn Oficial este lunes 11 de diciembre de 2023, en que permite al presidente nombrar familiares pese al parentesco, argumentando que est\u00e1 facultado por la Constituci\u00f3n Nacional, seg\u00fan el principio de idoneidad para los cargos p\u00fablicos.<\/p>\n\n\n\n<p>Milei, visiblemente emocionado, tom\u00f3 juramento a Karina, a quien \u00e9l llama &#8216;El Jefe&#8217;, junto con los dem\u00e1s ministros de Estado, en una ceremonia privada y sin la participaci\u00f3n de medios de comunicaci\u00f3n. El reducido gabinete cumple con la promesa de campa\u00f1a de reducir el gasto p\u00fablico que se viraliz\u00f3 en redes sociales.<\/p>\n\n\n\n<p>\u00ab\u00a1Afuera!\u00bb, era el grito que se hizo viral meses antes de la elecci\u00f3n de Javier Milei. En un video publicado en la red social TikTok, pod\u00eda verse al l\u00edder de La Libertad Avanza retirando en\u00e9rgicamente de una pizarra etiquetas con los nombres de una docena de ministerios del Gobierno de Alberto Fern\u00e1ndez.<\/p>\n\n\n\n<p>Fuente: La Republica<\/p>\n","protected":false},"excerpt":{"rendered":"<p>&#8216;El Jefe&#8217;, como llama Milei a su hermana Karina, jur\u00f3 como secretaria general de la Presidencia, pese a un decreto establecido durante el Gobierno de Mauricio Macri que lo imped\u00eda. Javier Milei asumi\u00f3 la presidencia de Argentina en una hist\u00f3rica ceremonia el \u00faltimo domingo 10 de diciembre en Buenos Aires. En su primer decreto, Milei [&hellip;]<\/p>\n","protected":false},"author":10,"featured_media":862,"comment_status":"open","ping_status":"open","sticky":false,"template":"","format":"standard","meta":{"footnotes":""},"categories":[183,173],"tags":[397,396,395],"class_list":["post-849","post","type-post","status-publish","format-standard","has-post-thumbnail","hentry","category-actualidad","category-internacional","tag-argentina","tag-karina-milei","tag-milei"],"yoast_head":"<!-- This site is optimized with the Yoast SEO plugin v27.4 - https:\/\/yoast.com\/product\/yoast-seo-wordpress\/ -->\n<title>Milei modifica decreto que imped\u00eda nombrar familiares en cargos p\u00fablicos para designar a su hermana - Pulso27<\/title>\n<meta name=\"robots\" content=\"index, follow, max-snippet:-1, max-image-preview:large, max-video-preview:-1\" \/>\n<link rel=\"canonical\" href=\"https:\/\/pulso27.com\/es\/internacional\/milei-modifica-decreto-que-impedia-nombrar-familiares-en-cargos-publicos-para-designar-a-su-hermana\/\" \/>\n<meta property=\"og:locale\" content=\"es_ES\" \/>\n<meta property=\"og:type\" content=\"article\" \/>\n<meta property=\"og:title\" content=\"Milei modifica decreto que imped\u00eda nombrar familiares en cargos p\u00fablicos para designar a su hermana - Pulso27\" \/>\n<meta property=\"og:description\" content=\"&#8216;El Jefe&#8217;, como llama Milei a su hermana Karina, jur\u00f3 como secretaria general de la Presidencia, pese a un decreto establecido durante el Gobierno de Mauricio Macri que lo imped\u00eda. Javier Milei asumi\u00f3 la presidencia de Argentina en una hist\u00f3rica ceremonia el \u00faltimo domingo 10 de diciembre en Buenos Aires. En su primer decreto, Milei [&hellip;]\" \/>\n<meta property=\"og:url\" content=\"https:\/\/pulso27.com\/es\/internacional\/milei-modifica-decreto-que-impedia-nombrar-familiares-en-cargos-publicos-para-designar-a-su-hermana\/\" \/>\n<meta property=\"og:site_name\" content=\"Pulso27\" \/>\n<meta property=\"article:publisher\" content=\"https:\/\/www.facebook.com\/pulso27\/\" \/>\n<meta property=\"article:published_time\" content=\"2023-12-12T21:40:03+00:00\" \/>\n<meta property=\"article:modified_time\" content=\"2023-12-12T21:40:53+00:00\" \/>\n<meta property=\"og:image\" content=\"https:\/\/pulso27.com\/wp-content\/uploads\/2023\/12\/milei-y-hermana.png\" \/>\n\t<meta property=\"og:image:width\" content=\"458\" \/>\n\t<meta property=\"og:image:height\" content=\"316\" \/>\n\t<meta property=\"og:image:type\" content=\"image\/png\" \/>\n<meta name=\"author\" content=\"El Muki\" \/>\n<meta name=\"twitter:card\" content=\"summary_large_image\" \/>\n<meta name=\"twitter:creator\" content=\"@Pulso_27\" \/>\n<meta name=\"twitter:site\" content=\"@Pulso_27\" \/>\n<meta name=\"twitter:label1\" content=\"Written by\" \/>\n\t<meta name=\"twitter:data1\" content=\"El Muki\" \/>\n\t<meta name=\"twitter:label2\" content=\"Est. reading time\" \/>\n\t<meta name=\"twitter:data2\" content=\"2 minutos\" \/>\n<script type=\"application\/ld+json\" class=\"yoast-schema-graph\">{\"@context\":\"https:\\\/\\\/schema.org\",\"@graph\":[{\"@type\":\"Article\",\"@id\":\"https:\\\/\\\/pulso27.com\\\/internacional\\\/milei-modifica-decreto-que-impedia-nombrar-familiares-en-cargos-publicos-para-designar-a-su-hermana\\\/#article\",\"isPartOf\":{\"@id\":\"https:\\\/\\\/pulso27.com\\\/internacional\\\/milei-modifica-decreto-que-impedia-nombrar-familiares-en-cargos-publicos-para-designar-a-su-hermana\\\/\"},\"author\":{\"name\":\"El Muki\",\"@id\":\"https:\\\/\\\/pulso27.com\\\/en\\\/#\\\/schema\\\/person\\\/a0930a7f318e7d9d83bd7cffed9f34f6\"},\"headline\":\"Milei modifica decreto que imped\u00eda nombrar familiares en cargos p\u00fablicos para designar a su hermana\",\"datePublished\":\"2023-12-12T21:40:03+00:00\",\"dateModified\":\"2023-12-12T21:40:53+00:00\",\"mainEntityOfPage\":{\"@id\":\"https:\\\/\\\/pulso27.com\\\/internacional\\\/milei-modifica-decreto-que-impedia-nombrar-familiares-en-cargos-publicos-para-designar-a-su-hermana\\\/\"},\"wordCount\":357,\"commentCount\":0,\"publisher\":{\"@id\":\"https:\\\/\\\/pulso27.com\\\/en\\\/#organization\"},\"image\":{\"@id\":\"https:\\\/\\\/pulso27.com\\\/internacional\\\/milei-modifica-decreto-que-impedia-nombrar-familiares-en-cargos-publicos-para-designar-a-su-hermana\\\/#primaryimage\"},\"thumbnailUrl\":\"https:\\\/\\\/pulso27.com\\\/wp-content\\\/uploads\\\/2023\\\/12\\\/milei-y-hermana.png\",\"keywords\":[\"Argentina\",\"Karina Milei\",\"Milei\"],\"articleSection\":[\"Actualidad\",\"Internacional\"],\"inLanguage\":\"es-PE\",\"potentialAction\":[{\"@type\":\"CommentAction\",\"name\":\"Comment\",\"target\":[\"https:\\\/\\\/pulso27.com\\\/internacional\\\/milei-modifica-decreto-que-impedia-nombrar-familiares-en-cargos-publicos-para-designar-a-su-hermana\\\/#respond\"]}]},{\"@type\":\"WebPage\",\"@id\":\"https:\\\/\\\/pulso27.com\\\/internacional\\\/milei-modifica-decreto-que-impedia-nombrar-familiares-en-cargos-publicos-para-designar-a-su-hermana\\\/\",\"url\":\"https:\\\/\\\/pulso27.com\\\/internacional\\\/milei-modifica-decreto-que-impedia-nombrar-familiares-en-cargos-publicos-para-designar-a-su-hermana\\\/\",\"name\":\"Milei modifica decreto que imped\u00eda nombrar familiares en cargos p\u00fablicos para designar a su hermana - Pulso27\",\"isPartOf\":{\"@id\":\"https:\\\/\\\/pulso27.com\\\/en\\\/#website\"},\"primaryImageOfPage\":{\"@id\":\"https:\\\/\\\/pulso27.com\\\/internacional\\\/milei-modifica-decreto-que-impedia-nombrar-familiares-en-cargos-publicos-para-designar-a-su-hermana\\\/#primaryimage\"},\"image\":{\"@id\":\"https:\\\/\\\/pulso27.com\\\/internacional\\\/milei-modifica-decreto-que-impedia-nombrar-familiares-en-cargos-publicos-para-designar-a-su-hermana\\\/#primaryimage\"},\"thumbnailUrl\":\"https:\\\/\\\/pulso27.com\\\/wp-content\\\/uploads\\\/2023\\\/12\\\/milei-y-hermana.png\",\"datePublished\":\"2023-12-12T21:40:03+00:00\",\"dateModified\":\"2023-12-12T21:40:53+00:00\",\"breadcrumb\":{\"@id\":\"https:\\\/\\\/pulso27.com\\\/internacional\\\/milei-modifica-decreto-que-impedia-nombrar-familiares-en-cargos-publicos-para-designar-a-su-hermana\\\/#breadcrumb\"},\"inLanguage\":\"es-PE\",\"potentialAction\":[{\"@type\":\"ReadAction\",\"target\":[\"https:\\\/\\\/pulso27.com\\\/internacional\\\/milei-modifica-decreto-que-impedia-nombrar-familiares-en-cargos-publicos-para-designar-a-su-hermana\\\/\"]}]},{\"@type\":\"ImageObject\",\"inLanguage\":\"es-PE\",\"@id\":\"https:\\\/\\\/pulso27.com\\\/internacional\\\/milei-modifica-decreto-que-impedia-nombrar-familiares-en-cargos-publicos-para-designar-a-su-hermana\\\/#primaryimage\",\"url\":\"https:\\\/\\\/pulso27.com\\\/wp-content\\\/uploads\\\/2023\\\/12\\\/milei-y-hermana.png\",\"contentUrl\":\"https:\\\/\\\/pulso27.com\\\/wp-content\\\/uploads\\\/2023\\\/12\\\/milei-y-hermana.png\",\"width\":458,\"height\":316},{\"@type\":\"BreadcrumbList\",\"@id\":\"https:\\\/\\\/pulso27.com\\\/internacional\\\/milei-modifica-decreto-que-impedia-nombrar-familiares-en-cargos-publicos-para-designar-a-su-hermana\\\/#breadcrumb\",\"itemListElement\":[{\"@type\":\"ListItem\",\"position\":1,\"name\":\"Portada\",\"item\":\"https:\\\/\\\/pulso27.com\\\/\"},{\"@type\":\"ListItem\",\"position\":2,\"name\":\"Milei modifica decreto que imped\u00eda nombrar familiares en cargos p\u00fablicos para designar a su hermana\"}]},{\"@type\":\"WebSite\",\"@id\":\"https:\\\/\\\/pulso27.com\\\/en\\\/#website\",\"url\":\"https:\\\/\\\/pulso27.com\\\/en\\\/\",\"name\":\"Pulso27\",\"description\":\"Web de noticias y publicidad\",\"publisher\":{\"@id\":\"https:\\\/\\\/pulso27.com\\\/en\\\/#organization\"},\"alternateName\":\"El pulso del pueblo\",\"potentialAction\":[{\"@type\":\"SearchAction\",\"target\":{\"@type\":\"EntryPoint\",\"urlTemplate\":\"https:\\\/\\\/pulso27.com\\\/en\\\/?s={search_term_string}\"},\"query-input\":{\"@type\":\"PropertyValueSpecification\",\"valueRequired\":true,\"valueName\":\"search_term_string\"}}],\"inLanguage\":\"es-PE\"},{\"@type\":\"Organization\",\"@id\":\"https:\\\/\\\/pulso27.com\\\/en\\\/#organization\",\"name\":\"Pulso27\",\"url\":\"https:\\\/\\\/pulso27.com\\\/en\\\/\",\"logo\":{\"@type\":\"ImageObject\",\"inLanguage\":\"es-PE\",\"@id\":\"https:\\\/\\\/pulso27.com\\\/en\\\/#\\\/schema\\\/logo\\\/image\\\/\",\"url\":\"https:\\\/\\\/pulso27.com\\\/wp-content\\\/uploads\\\/2026\\\/02\\\/Logotipo-de-la-organizacion-696-x-696-px-ok.png\",\"contentUrl\":\"https:\\\/\\\/pulso27.com\\\/wp-content\\\/uploads\\\/2026\\\/02\\\/Logotipo-de-la-organizacion-696-x-696-px-ok.png\",\"width\":696,\"height\":696,\"caption\":\"Pulso27\"},\"image\":{\"@id\":\"https:\\\/\\\/pulso27.com\\\/en\\\/#\\\/schema\\\/logo\\\/image\\\/\"},\"sameAs\":[\"https:\\\/\\\/www.facebook.com\\\/pulso27\\\/\",\"https:\\\/\\\/x.com\\\/Pulso_27\",\"https:\\\/\\\/www.youtube.com\\\/@Pulso27\",\"https:\\\/\\\/www.tiktok.com\\\/@pulso_27\"]},{\"@type\":\"Person\",\"@id\":\"https:\\\/\\\/pulso27.com\\\/en\\\/#\\\/schema\\\/person\\\/a0930a7f318e7d9d83bd7cffed9f34f6\",\"name\":\"El Muki\",\"image\":{\"@type\":\"ImageObject\",\"inLanguage\":\"es-PE\",\"@id\":\"https:\\\/\\\/secure.gravatar.com\\\/avatar\\\/dc91c2607c5eebda74cbb40d13031f489096c96ead89c4c30c17db262267b2b3?s=96&d=mm&r=g\",\"url\":\"https:\\\/\\\/secure.gravatar.com\\\/avatar\\\/dc91c2607c5eebda74cbb40d13031f489096c96ead89c4c30c17db262267b2b3?s=96&d=mm&r=g\",\"contentUrl\":\"https:\\\/\\\/secure.gravatar.com\\\/avatar\\\/dc91c2607c5eebda74cbb40d13031f489096c96ead89c4c30c17db262267b2b3?s=96&d=mm&r=g\",\"caption\":\"El Muki\"},\"sameAs\":[\"http:\\\/\\\/www.pulso27.com\"],\"url\":\"https:\\\/\\\/pulso27.com\\\/es\\\/author\\\/elcuervo\\\/\"}]}<\/script>\n<!-- \/ Yoast SEO plugin. -->","yoast_head_json":{"title":"Milei modifica decreto que imped\u00eda nombrar familiares en cargos p\u00fablicos para designar a su hermana - Pulso27","robots":{"index":"index","follow":"follow","max-snippet":"max-snippet:-1","max-image-preview":"max-image-preview:large","max-video-preview":"max-video-preview:-1"},"canonical":"https:\/\/pulso27.com\/es\/internacional\/milei-modifica-decreto-que-impedia-nombrar-familiares-en-cargos-publicos-para-designar-a-su-hermana\/","og_locale":"es_ES","og_type":"article","og_title":"Milei modifica decreto que imped\u00eda nombrar familiares en cargos p\u00fablicos para designar a su hermana - Pulso27","og_description":"&#8216;El Jefe&#8217;, como llama Milei a su hermana Karina, jur\u00f3 como secretaria general de la Presidencia, pese a un decreto establecido durante el Gobierno de Mauricio Macri que lo imped\u00eda. Javier Milei asumi\u00f3 la presidencia de Argentina en una hist\u00f3rica ceremonia el \u00faltimo domingo 10 de diciembre en Buenos Aires. En su primer decreto, Milei [&hellip;]","og_url":"https:\/\/pulso27.com\/es\/internacional\/milei-modifica-decreto-que-impedia-nombrar-familiares-en-cargos-publicos-para-designar-a-su-hermana\/","og_site_name":"Pulso27","article_publisher":"https:\/\/www.facebook.com\/pulso27\/","article_published_time":"2023-12-12T21:40:03+00:00","article_modified_time":"2023-12-12T21:40:53+00:00","og_image":[{"width":458,"height":316,"url":"https:\/\/pulso27.com\/wp-content\/uploads\/2023\/12\/milei-y-hermana.png","type":"image\/png"}],"author":"El Muki","twitter_card":"summary_large_image","twitter_creator":"@Pulso_27","twitter_site":"@Pulso_27","twitter_misc":{"Written by":"El Muki","Est. reading time":"2 minutos"},"schema":{"@context":"https:\/\/schema.org","@graph":[{"@type":"Article","@id":"https:\/\/pulso27.com\/internacional\/milei-modifica-decreto-que-impedia-nombrar-familiares-en-cargos-publicos-para-designar-a-su-hermana\/#article","isPartOf":{"@id":"https:\/\/pulso27.com\/internacional\/milei-modifica-decreto-que-impedia-nombrar-familiares-en-cargos-publicos-para-designar-a-su-hermana\/"},"author":{"name":"El Muki","@id":"https:\/\/pulso27.com\/en\/#\/schema\/person\/a0930a7f318e7d9d83bd7cffed9f34f6"},"headline":"Milei modifica decreto que imped\u00eda nombrar familiares en cargos p\u00fablicos para designar a su hermana","datePublished":"2023-12-12T21:40:03+00:00","dateModified":"2023-12-12T21:40:53+00:00","mainEntityOfPage":{"@id":"https:\/\/pulso27.com\/internacional\/milei-modifica-decreto-que-impedia-nombrar-familiares-en-cargos-publicos-para-designar-a-su-hermana\/"},"wordCount":357,"commentCount":0,"publisher":{"@id":"https:\/\/pulso27.com\/en\/#organization"},"image":{"@id":"https:\/\/pulso27.com\/internacional\/milei-modifica-decreto-que-impedia-nombrar-familiares-en-cargos-publicos-para-designar-a-su-hermana\/#primaryimage"},"thumbnailUrl":"https:\/\/pulso27.com\/wp-content\/uploads\/2023\/12\/milei-y-hermana.png","keywords":["Argentina","Karina Milei","Milei"],"articleSection":["Actualidad","Internacional"],"inLanguage":"es-PE","potentialAction":[{"@type":"CommentAction","name":"Comment","target":["https:\/\/pulso27.com\/internacional\/milei-modifica-decreto-que-impedia-nombrar-familiares-en-cargos-publicos-para-designar-a-su-hermana\/#respond"]}]},{"@type":"WebPage","@id":"https:\/\/pulso27.com\/internacional\/milei-modifica-decreto-que-impedia-nombrar-familiares-en-cargos-publicos-para-designar-a-su-hermana\/","url":"https:\/\/pulso27.com\/internacional\/milei-modifica-decreto-que-impedia-nombrar-familiares-en-cargos-publicos-para-designar-a-su-hermana\/","name":"Milei modifica decreto que imped\u00eda nombrar familiares en cargos p\u00fablicos para designar a su hermana - Pulso27","isPartOf":{"@id":"https:\/\/pulso27.com\/en\/#website"},"primaryImageOfPage":{"@id":"https:\/\/pulso27.com\/internacional\/milei-modifica-decreto-que-impedia-nombrar-familiares-en-cargos-publicos-para-designar-a-su-hermana\/#primaryimage"},"image":{"@id":"https:\/\/pulso27.com\/internacional\/milei-modifica-decreto-que-impedia-nombrar-familiares-en-cargos-publicos-para-designar-a-su-hermana\/#primaryimage"},"thumbnailUrl":"https:\/\/pulso27.com\/wp-content\/uploads\/2023\/12\/milei-y-hermana.png","datePublished":"2023-12-12T21:40:03+00:00","dateModified":"2023-12-12T21:40:53+00:00","breadcrumb":{"@id":"https:\/\/pulso27.com\/internacional\/milei-modifica-decreto-que-impedia-nombrar-familiares-en-cargos-publicos-para-designar-a-su-hermana\/#breadcrumb"},"inLanguage":"es-PE","potentialAction":[{"@type":"ReadAction","target":["https:\/\/pulso27.com\/internacional\/milei-modifica-decreto-que-impedia-nombrar-familiares-en-cargos-publicos-para-designar-a-su-hermana\/"]}]},{"@type":"ImageObject","inLanguage":"es-PE","@id":"https:\/\/pulso27.com\/internacional\/milei-modifica-decreto-que-impedia-nombrar-familiares-en-cargos-publicos-para-designar-a-su-hermana\/#primaryimage","url":"https:\/\/pulso27.com\/wp-content\/uploads\/2023\/12\/milei-y-hermana.png","contentUrl":"https:\/\/pulso27.com\/wp-content\/uploads\/2023\/12\/milei-y-hermana.png","width":458,"height":316},{"@type":"BreadcrumbList","@id":"https:\/\/pulso27.com\/internacional\/milei-modifica-decreto-que-impedia-nombrar-familiares-en-cargos-publicos-para-designar-a-su-hermana\/#breadcrumb","itemListElement":[{"@type":"ListItem","position":1,"name":"Portada","item":"https:\/\/pulso27.com\/"},{"@type":"ListItem","position":2,"name":"Milei modifica decreto que imped\u00eda nombrar familiares en cargos p\u00fablicos para designar a su hermana"}]},{"@type":"WebSite","@id":"https:\/\/pulso27.com\/en\/#website","url":"https:\/\/pulso27.com\/en\/","name":"Pulso27","description":"Web de noticias y publicidad","publisher":{"@id":"https:\/\/pulso27.com\/en\/#organization"},"alternateName":"El pulso del pueblo","potentialAction":[{"@type":"SearchAction","target":{"@type":"EntryPoint","urlTemplate":"https:\/\/pulso27.com\/en\/?s={search_term_string}"},"query-input":{"@type":"PropertyValueSpecification","valueRequired":true,"valueName":"search_term_string"}}],"inLanguage":"es-PE"},{"@type":"Organization","@id":"https:\/\/pulso27.com\/en\/#organization","name":"Pulso27","url":"https:\/\/pulso27.com\/en\/","logo":{"@type":"ImageObject","inLanguage":"es-PE","@id":"https:\/\/pulso27.com\/en\/#\/schema\/logo\/image\/","url":"https:\/\/pulso27.com\/wp-content\/uploads\/2026\/02\/Logotipo-de-la-organizacion-696-x-696-px-ok.png","contentUrl":"https:\/\/pulso27.com\/wp-content\/uploads\/2026\/02\/Logotipo-de-la-organizacion-696-x-696-px-ok.png","width":696,"height":696,"caption":"Pulso27"},"image":{"@id":"https:\/\/pulso27.com\/en\/#\/schema\/logo\/image\/"},"sameAs":["https:\/\/www.facebook.com\/pulso27\/","https:\/\/x.com\/Pulso_27","https:\/\/www.youtube.com\/@Pulso27","https:\/\/www.tiktok.com\/@pulso_27"]},{"@type":"Person","@id":"https:\/\/pulso27.com\/en\/#\/schema\/person\/a0930a7f318e7d9d83bd7cffed9f34f6","name":"El Muki","image":{"@type":"ImageObject","inLanguage":"es-PE","@id":"https:\/\/secure.gravatar.com\/avatar\/dc91c2607c5eebda74cbb40d13031f489096c96ead89c4c30c17db262267b2b3?s=96&d=mm&r=g","url":"https:\/\/secure.gravatar.com\/avatar\/dc91c2607c5eebda74cbb40d13031f489096c96ead89c4c30c17db262267b2b3?s=96&d=mm&r=g","contentUrl":"https:\/\/secure.gravatar.com\/avatar\/dc91c2607c5eebda74cbb40d13031f489096c96ead89c4c30c17db262267b2b3?s=96&d=mm&r=g","caption":"El Muki"},"sameAs":["http:\/\/www.pulso27.com"],"url":"https:\/\/pulso27.com\/es\/author\/elcuervo\/"}]}},"amp_enabled":true,"_links":{"self":[{"href":"https:\/\/pulso27.com\/es\/wp-json\/wp\/v2\/posts\/849","targetHints":{"allow":["GET"]}}],"collection":[{"href":"https:\/\/pulso27.com\/es\/wp-json\/wp\/v2\/posts"}],"about":[{"href":"https:\/\/pulso27.com\/es\/wp-json\/wp\/v2\/types\/post"}],"author":[{"embeddable":true,"href":"https:\/\/pulso27.com\/es\/wp-json\/wp\/v2\/users\/10"}],"replies":[{"embeddable":true,"href":"https:\/\/pulso27.com\/es\/wp-json\/wp\/v2\/comments?post=849"}],"version-history":[{"count":1,"href":"https:\/\/pulso27.com\/es\/wp-json\/wp\/v2\/posts\/849\/revisions"}],"predecessor-version":[{"id":864,"href":"https:\/\/pulso27.com\/es\/wp-json\/wp\/v2\/posts\/849\/revisions\/864"}],"wp:featuredmedia":[{"embeddable":true,"href":"https:\/\/pulso27.com\/es\/wp-json\/wp\/v2\/media\/862"}],"wp:attachment":[{"href":"https:\/\/pulso27.com\/es\/wp-json\/wp\/v2\/media?parent=849"}],"wp:term":[{"taxonomy":"category","embeddable":true,"href":"https:\/\/pulso27.com\/es\/wp-json\/wp\/v2\/categories?post=849"},{"taxonomy":"post_tag","embeddable":true,"href":"https:\/\/pulso27.com\/es\/wp-json\/wp\/v2\/tags?post=849"}],"curies":[{"name":"wp","href":"https:\/\/api.w.org\/{rel}","templated":true}]}}