{"id":881,"date":"2023-12-22T01:31:40","date_gmt":"2023-12-22T01:31:40","guid":{"rendered":"http:\/\/pulso27.com\/?p=881"},"modified":"2024-11-02T08:54:33","modified_gmt":"2024-11-02T03:54:33","slug":"lluvias-intensas-se-produciran-en-departamentos-de-peru","status":"publish","type":"post","link":"https:\/\/pulso27.com\/es\/actualidad\/lluvias-intensas-se-produciran-en-departamentos-de-peru\/","title":{"rendered":"Lluvias intensas se producir\u00e1n en departamentos de Per\u00fa"},"content":{"rendered":"\n<p>El incremento en las precipitaciones se espera especialmente en la sierra norte, con hasta 14 mil\u00edmetros por d\u00eda (lluvia moderada), la sierra centro con alrededor de 15 mil\u00edmetros (lluvia fuerte) y la sierra sur experimentando cantidades a\u00fan mayores, aproxim\u00e1ndose a los 18 mil\u00edmetros diarios (lluvia fuerte).<\/p>\n\n\n\n<p>Adem\u00e1s, se anticipa la posibilidad de granizo y nieve en \u00e1reas ubicadas a m\u00e1s de 2,800 y 4,000 metros sobre el nivel del mar en las regiones de la sierra centro y sur del pa\u00eds.<br>\u00c1ncash, Apur\u00edmac, Arequipa, Ayacucho, Cusco, Huancavelica, Hu\u00e1nuco, Ica, Jun\u00edn, La Libertad, Lima, Moquegua, Pasco, Puno y Tacna, ser\u00edan los departamentos que ser\u00edan afectados en gran medida.<\/p>\n\n\n\n<p>Por otro lado, la Comisi\u00f3n Multisectorial Encargada del Estudio Nacional del Fen\u00f3meno El Ni\u00f1o (Enfen), organismo rector que hace un seguimiento a El Ni\u00f1o en Per\u00fa revel\u00f3 que existe una mayor probabilidad que los eventos El Ni\u00f1o Costero y El Ni\u00f1o Global coincidan en el verano de 2024, causando un calentamiento an\u00f3malo de la temperatura superficial del oc\u00e9ano Pac\u00edfico y lluvias con mayor frecuencia e intensidad.<\/p>\n\n\n\n<p><br>Estas precipitaciones abundantes podr\u00edan causar estragos, desencadenando inundaciones y deslizamientos de tierra en diversas regiones del pa\u00eds. Las zonas costeras son especialmente susceptibles a este fen\u00f3meno, lo que puede provocar interrupciones en el transporte, da\u00f1os a la infraestructura y p\u00e9rdidas econ\u00f3micas para las comunidades afectadas.<br>Fuente: Senamhi.<\/p>\n\n\n\n<p>Seg\u00fan el Servicio Nacional de Meteorolog\u00eda e Hidrolog\u00eda del Per\u00fa (Senamhi) se presentar\u00e1n fuertes lluvias que afectar\u00e1n diversas regiones del pa\u00eds, que ha alertado a los ciudadanos de estas zonas del pa\u00eds.<\/p>\n","protected":false},"excerpt":{"rendered":"<p>El incremento en las precipitaciones se espera especialmente en la sierra norte, con hasta 14 mil\u00edmetros por d\u00eda (lluvia moderada), la sierra centro con alrededor de 15 mil\u00edmetros (lluvia fuerte) y la sierra sur experimentando cantidades a\u00fan mayores, aproxim\u00e1ndose a los 18 mil\u00edmetros diarios (lluvia fuerte). Adem\u00e1s, se anticipa la posibilidad de granizo y nieve [&hellip;]<\/p>\n","protected":false},"author":7,"featured_media":0,"comment_status":"open","ping_status":"closed","sticky":false,"template":"","format":"standard","meta":{"footnotes":""},"categories":[183],"tags":[425,424,423],"class_list":["post-881","post","type-post","status-publish","format-standard","hentry","category-actualidad","tag-clima","tag-fenomeno","tag-lluvias"],"yoast_head":"<!-- This site is optimized with the Yoast SEO plugin v27.4 - https:\/\/yoast.com\/product\/yoast-seo-wordpress\/ -->\n<title>Lluvias intensas se producir\u00e1n en departamentos de Per\u00fa - Pulso27<\/title>\n<meta name=\"robots\" content=\"index, follow, max-snippet:-1, max-image-preview:large, max-video-preview:-1\" \/>\n<link rel=\"canonical\" href=\"https:\/\/pulso27.com\/es\/?p=881\" \/>\n<meta property=\"og:locale\" content=\"es_ES\" \/>\n<meta property=\"og:type\" content=\"article\" \/>\n<meta property=\"og:title\" content=\"Lluvias intensas se producir\u00e1n en departamentos de Per\u00fa - Pulso27\" \/>\n<meta property=\"og:description\" content=\"El incremento en las precipitaciones se espera especialmente en la sierra norte, con hasta 14 mil\u00edmetros por d\u00eda (lluvia moderada), la sierra centro con alrededor de 15 mil\u00edmetros (lluvia fuerte) y la sierra sur experimentando cantidades a\u00fan mayores, aproxim\u00e1ndose a los 18 mil\u00edmetros diarios (lluvia fuerte). Adem\u00e1s, se anticipa la posibilidad de granizo y nieve [&hellip;]\" \/>\n<meta property=\"og:url\" content=\"https:\/\/pulso27.com\/es\/?p=881\" \/>\n<meta property=\"og:site_name\" content=\"Pulso27\" \/>\n<meta property=\"article:publisher\" content=\"https:\/\/www.facebook.com\/pulso27\/\" \/>\n<meta property=\"article:published_time\" content=\"2023-12-22T01:31:40+00:00\" \/>\n<meta property=\"article:modified_time\" content=\"2024-11-02T03:54:33+00:00\" \/>\n<meta property=\"og:image\" content=\"https:\/\/pulso27.com\/wp-content\/uploads\/2023\/12\/Lluvias-1024x734.jpg\" \/>\n<meta name=\"author\" content=\"Tupaq\" \/>\n<meta name=\"twitter:card\" content=\"summary_large_image\" \/>\n<meta name=\"twitter:creator\" content=\"@Pulso_27\" \/>\n<meta name=\"twitter:site\" content=\"@Pulso_27\" \/>\n<meta name=\"twitter:label1\" content=\"Written by\" \/>\n\t<meta name=\"twitter:data1\" content=\"Tupaq\" \/>\n\t<meta name=\"twitter:label2\" content=\"Est. reading time\" \/>\n\t<meta name=\"twitter:data2\" content=\"1 minuto\" \/>\n<script type=\"application\/ld+json\" class=\"yoast-schema-graph\">{\"@context\":\"https:\\\/\\\/schema.org\",\"@graph\":[{\"@type\":\"Article\",\"@id\":\"https:\\\/\\\/pulso27.com\\\/?p=881#article\",\"isPartOf\":{\"@id\":\"https:\\\/\\\/pulso27.com\\\/?p=881\"},\"author\":{\"name\":\"Tupaq\",\"@id\":\"https:\\\/\\\/pulso27.com\\\/en\\\/#\\\/schema\\\/person\\\/d20fd7f5bc7f2e53fd150d43fca07a78\"},\"headline\":\"Lluvias intensas se producir\u00e1n en departamentos de Per\u00fa\",\"datePublished\":\"2023-12-22T01:31:40+00:00\",\"dateModified\":\"2024-11-02T03:54:33+00:00\",\"mainEntityOfPage\":{\"@id\":\"https:\\\/\\\/pulso27.com\\\/?p=881\"},\"wordCount\":291,\"commentCount\":0,\"publisher\":{\"@id\":\"https:\\\/\\\/pulso27.com\\\/en\\\/#organization\"},\"keywords\":[\"Clima\",\"Fen\u00f3meno\",\"Lluvias\"],\"articleSection\":[\"Actualidad\"],\"inLanguage\":\"es-PE\",\"potentialAction\":[{\"@type\":\"CommentAction\",\"name\":\"Comment\",\"target\":[\"https:\\\/\\\/pulso27.com\\\/?p=881#respond\"]}]},{\"@type\":\"WebPage\",\"@id\":\"https:\\\/\\\/pulso27.com\\\/?p=881\",\"url\":\"https:\\\/\\\/pulso27.com\\\/?p=881\",\"name\":\"Lluvias intensas se producir\u00e1n en departamentos de Per\u00fa - Pulso27\",\"isPartOf\":{\"@id\":\"https:\\\/\\\/pulso27.com\\\/en\\\/#website\"},\"datePublished\":\"2023-12-22T01:31:40+00:00\",\"dateModified\":\"2024-11-02T03:54:33+00:00\",\"breadcrumb\":{\"@id\":\"https:\\\/\\\/pulso27.com\\\/?p=881#breadcrumb\"},\"inLanguage\":\"es-PE\",\"potentialAction\":[{\"@type\":\"ReadAction\",\"target\":[\"https:\\\/\\\/pulso27.com\\\/?p=881\"]}]},{\"@type\":\"BreadcrumbList\",\"@id\":\"https:\\\/\\\/pulso27.com\\\/?p=881#breadcrumb\",\"itemListElement\":[{\"@type\":\"ListItem\",\"position\":1,\"name\":\"Portada\",\"item\":\"https:\\\/\\\/pulso27.com\\\/\"},{\"@type\":\"ListItem\",\"position\":2,\"name\":\"Lluvias intensas se producir\u00e1n en departamentos de Per\u00fa\"}]},{\"@type\":\"WebSite\",\"@id\":\"https:\\\/\\\/pulso27.com\\\/en\\\/#website\",\"url\":\"https:\\\/\\\/pulso27.com\\\/en\\\/\",\"name\":\"Pulso27\",\"description\":\"Web de noticias y publicidad\",\"publisher\":{\"@id\":\"https:\\\/\\\/pulso27.com\\\/en\\\/#organization\"},\"alternateName\":\"El pulso del pueblo\",\"potentialAction\":[{\"@type\":\"SearchAction\",\"target\":{\"@type\":\"EntryPoint\",\"urlTemplate\":\"https:\\\/\\\/pulso27.com\\\/en\\\/?s={search_term_string}\"},\"query-input\":{\"@type\":\"PropertyValueSpecification\",\"valueRequired\":true,\"valueName\":\"search_term_string\"}}],\"inLanguage\":\"es-PE\"},{\"@type\":\"Organization\",\"@id\":\"https:\\\/\\\/pulso27.com\\\/en\\\/#organization\",\"name\":\"Pulso27\",\"url\":\"https:\\\/\\\/pulso27.com\\\/en\\\/\",\"logo\":{\"@type\":\"ImageObject\",\"inLanguage\":\"es-PE\",\"@id\":\"https:\\\/\\\/pulso27.com\\\/en\\\/#\\\/schema\\\/logo\\\/image\\\/\",\"url\":\"https:\\\/\\\/pulso27.com\\\/wp-content\\\/uploads\\\/2026\\\/02\\\/Logotipo-de-la-organizacion-696-x-696-px-ok.png\",\"contentUrl\":\"https:\\\/\\\/pulso27.com\\\/wp-content\\\/uploads\\\/2026\\\/02\\\/Logotipo-de-la-organizacion-696-x-696-px-ok.png\",\"width\":696,\"height\":696,\"caption\":\"Pulso27\"},\"image\":{\"@id\":\"https:\\\/\\\/pulso27.com\\\/en\\\/#\\\/schema\\\/logo\\\/image\\\/\"},\"sameAs\":[\"https:\\\/\\\/www.facebook.com\\\/pulso27\\\/\",\"https:\\\/\\\/x.com\\\/Pulso_27\",\"https:\\\/\\\/www.youtube.com\\\/@Pulso27\",\"https:\\\/\\\/www.tiktok.com\\\/@pulso_27\"]},{\"@type\":\"Person\",\"@id\":\"https:\\\/\\\/pulso27.com\\\/en\\\/#\\\/schema\\\/person\\\/d20fd7f5bc7f2e53fd150d43fca07a78\",\"name\":\"Tupaq\",\"image\":{\"@type\":\"ImageObject\",\"inLanguage\":\"es-PE\",\"@id\":\"https:\\\/\\\/secure.gravatar.com\\\/avatar\\\/7929e9b034aeea560319a601e4f04c59eb5f45a79eafe192adabb67e9604e7e7?s=96&d=mm&r=g\",\"url\":\"https:\\\/\\\/secure.gravatar.com\\\/avatar\\\/7929e9b034aeea560319a601e4f04c59eb5f45a79eafe192adabb67e9604e7e7?s=96&d=mm&r=g\",\"contentUrl\":\"https:\\\/\\\/secure.gravatar.com\\\/avatar\\\/7929e9b034aeea560319a601e4f04c59eb5f45a79eafe192adabb67e9604e7e7?s=96&d=mm&r=g\",\"caption\":\"Tupaq\"},\"url\":\"https:\\\/\\\/pulso27.com\\\/es\\\/author\\\/tupaq\\\/\"}]}<\/script>\n<!-- \/ Yoast SEO plugin. -->","yoast_head_json":{"title":"Lluvias intensas se producir\u00e1n en departamentos de Per\u00fa - Pulso27","robots":{"index":"index","follow":"follow","max-snippet":"max-snippet:-1","max-image-preview":"max-image-preview:large","max-video-preview":"max-video-preview:-1"},"canonical":"https:\/\/pulso27.com\/es\/?p=881","og_locale":"es_ES","og_type":"article","og_title":"Lluvias intensas se producir\u00e1n en departamentos de Per\u00fa - Pulso27","og_description":"El incremento en las precipitaciones se espera especialmente en la sierra norte, con hasta 14 mil\u00edmetros por d\u00eda (lluvia moderada), la sierra centro con alrededor de 15 mil\u00edmetros (lluvia fuerte) y la sierra sur experimentando cantidades a\u00fan mayores, aproxim\u00e1ndose a los 18 mil\u00edmetros diarios (lluvia fuerte). Adem\u00e1s, se anticipa la posibilidad de granizo y nieve [&hellip;]","og_url":"https:\/\/pulso27.com\/es\/?p=881","og_site_name":"Pulso27","article_publisher":"https:\/\/www.facebook.com\/pulso27\/","article_published_time":"2023-12-22T01:31:40+00:00","article_modified_time":"2024-11-02T03:54:33+00:00","og_image":[{"url":"https:\/\/pulso27.com\/wp-content\/uploads\/2023\/12\/Lluvias-1024x734.jpg","type":"","width":"","height":""}],"author":"Tupaq","twitter_card":"summary_large_image","twitter_creator":"@Pulso_27","twitter_site":"@Pulso_27","twitter_misc":{"Written by":"Tupaq","Est. reading time":"1 minuto"},"schema":{"@context":"https:\/\/schema.org","@graph":[{"@type":"Article","@id":"https:\/\/pulso27.com\/?p=881#article","isPartOf":{"@id":"https:\/\/pulso27.com\/?p=881"},"author":{"name":"Tupaq","@id":"https:\/\/pulso27.com\/en\/#\/schema\/person\/d20fd7f5bc7f2e53fd150d43fca07a78"},"headline":"Lluvias intensas se producir\u00e1n en departamentos de Per\u00fa","datePublished":"2023-12-22T01:31:40+00:00","dateModified":"2024-11-02T03:54:33+00:00","mainEntityOfPage":{"@id":"https:\/\/pulso27.com\/?p=881"},"wordCount":291,"commentCount":0,"publisher":{"@id":"https:\/\/pulso27.com\/en\/#organization"},"keywords":["Clima","Fen\u00f3meno","Lluvias"],"articleSection":["Actualidad"],"inLanguage":"es-PE","potentialAction":[{"@type":"CommentAction","name":"Comment","target":["https:\/\/pulso27.com\/?p=881#respond"]}]},{"@type":"WebPage","@id":"https:\/\/pulso27.com\/?p=881","url":"https:\/\/pulso27.com\/?p=881","name":"Lluvias intensas se producir\u00e1n en departamentos de Per\u00fa - Pulso27","isPartOf":{"@id":"https:\/\/pulso27.com\/en\/#website"},"datePublished":"2023-12-22T01:31:40+00:00","dateModified":"2024-11-02T03:54:33+00:00","breadcrumb":{"@id":"https:\/\/pulso27.com\/?p=881#breadcrumb"},"inLanguage":"es-PE","potentialAction":[{"@type":"ReadAction","target":["https:\/\/pulso27.com\/?p=881"]}]},{"@type":"BreadcrumbList","@id":"https:\/\/pulso27.com\/?p=881#breadcrumb","itemListElement":[{"@type":"ListItem","position":1,"name":"Portada","item":"https:\/\/pulso27.com\/"},{"@type":"ListItem","position":2,"name":"Lluvias intensas se producir\u00e1n en departamentos de Per\u00fa"}]},{"@type":"WebSite","@id":"https:\/\/pulso27.com\/en\/#website","url":"https:\/\/pulso27.com\/en\/","name":"Pulso27","description":"Web de noticias y publicidad","publisher":{"@id":"https:\/\/pulso27.com\/en\/#organization"},"alternateName":"El pulso del pueblo","potentialAction":[{"@type":"SearchAction","target":{"@type":"EntryPoint","urlTemplate":"https:\/\/pulso27.com\/en\/?s={search_term_string}"},"query-input":{"@type":"PropertyValueSpecification","valueRequired":true,"valueName":"search_term_string"}}],"inLanguage":"es-PE"},{"@type":"Organization","@id":"https:\/\/pulso27.com\/en\/#organization","name":"Pulso27","url":"https:\/\/pulso27.com\/en\/","logo":{"@type":"ImageObject","inLanguage":"es-PE","@id":"https:\/\/pulso27.com\/en\/#\/schema\/logo\/image\/","url":"https:\/\/pulso27.com\/wp-content\/uploads\/2026\/02\/Logotipo-de-la-organizacion-696-x-696-px-ok.png","contentUrl":"https:\/\/pulso27.com\/wp-content\/uploads\/2026\/02\/Logotipo-de-la-organizacion-696-x-696-px-ok.png","width":696,"height":696,"caption":"Pulso27"},"image":{"@id":"https:\/\/pulso27.com\/en\/#\/schema\/logo\/image\/"},"sameAs":["https:\/\/www.facebook.com\/pulso27\/","https:\/\/x.com\/Pulso_27","https:\/\/www.youtube.com\/@Pulso27","https:\/\/www.tiktok.com\/@pulso_27"]},{"@type":"Person","@id":"https:\/\/pulso27.com\/en\/#\/schema\/person\/d20fd7f5bc7f2e53fd150d43fca07a78","name":"Tupaq","image":{"@type":"ImageObject","inLanguage":"es-PE","@id":"https:\/\/secure.gravatar.com\/avatar\/7929e9b034aeea560319a601e4f04c59eb5f45a79eafe192adabb67e9604e7e7?s=96&d=mm&r=g","url":"https:\/\/secure.gravatar.com\/avatar\/7929e9b034aeea560319a601e4f04c59eb5f45a79eafe192adabb67e9604e7e7?s=96&d=mm&r=g","contentUrl":"https:\/\/secure.gravatar.com\/avatar\/7929e9b034aeea560319a601e4f04c59eb5f45a79eafe192adabb67e9604e7e7?s=96&d=mm&r=g","caption":"Tupaq"},"url":"https:\/\/pulso27.com\/es\/author\/tupaq\/"}]}},"amp_enabled":true,"_links":{"self":[{"href":"https:\/\/pulso27.com\/es\/wp-json\/wp\/v2\/posts\/881","targetHints":{"allow":["GET"]}}],"collection":[{"href":"https:\/\/pulso27.com\/es\/wp-json\/wp\/v2\/posts"}],"about":[{"href":"https:\/\/pulso27.com\/es\/wp-json\/wp\/v2\/types\/post"}],"author":[{"embeddable":true,"href":"https:\/\/pulso27.com\/es\/wp-json\/wp\/v2\/users\/7"}],"replies":[{"embeddable":true,"href":"https:\/\/pulso27.com\/es\/wp-json\/wp\/v2\/comments?post=881"}],"version-history":[{"count":4,"href":"https:\/\/pulso27.com\/es\/wp-json\/wp\/v2\/posts\/881\/revisions"}],"predecessor-version":[{"id":2519,"href":"https:\/\/pulso27.com\/es\/wp-json\/wp\/v2\/posts\/881\/revisions\/2519"}],"wp:attachment":[{"href":"https:\/\/pulso27.com\/es\/wp-json\/wp\/v2\/media?parent=881"}],"wp:term":[{"taxonomy":"category","embeddable":true,"href":"https:\/\/pulso27.com\/es\/wp-json\/wp\/v2\/categories?post=881"},{"taxonomy":"post_tag","embeddable":true,"href":"https:\/\/pulso27.com\/es\/wp-json\/wp\/v2\/tags?post=881"}],"curies":[{"name":"wp","href":"https:\/\/api.w.org\/{rel}","templated":true}]}}