{"id":8835,"date":"2026-08-31T06:30:42","date_gmt":"2026-08-31T01:30:42","guid":{"rendered":"https:\/\/pulso27.com\/?p=8835"},"modified":"2026-08-31T06:30:46","modified_gmt":"2026-08-31T01:30:46","slug":"trujillo-cuatro-asesinados-empresario-minero-secuestrado","status":"publish","type":"post","link":"https:\/\/pulso27.com\/es\/actualidad\/policial\/trujillo-cuatro-asesinados-empresario-minero-secuestrado\/","title":{"rendered":"Trujillo: cuatro asesinados y un empresario minero secuestrado ponen nuevamente en jaque la seguridad"},"content":{"rendered":"\n<p class=\"has-text-align-center\"><strong>Un comando armado intercept\u00f3 una camioneta en plena ciudad, asesin\u00f3 a cuatro personas y se llev\u00f3 a un empresario vinculado a actividades mineras en Pataz. El ataque ocurri\u00f3 cerca de instalaciones policiales y reabre el debate sobre la efectividad de la respuesta contra el crimen organizado en La Libertad.<\/strong><\/p>\n\n\n\n<p>Trujillo, 30 de agosto de 2026.- Trujillo amaneci\u00f3 este domingo con una escena que resume la dimensi\u00f3n de la violencia criminal en el norte: cuatro personas asesinadas dentro de una camioneta y un empresario minero secuestrado durante un ataque ocurrido alrededor de las 3 de la madrugada en la avenida H\u00fasares de Jun\u00edn, en la urbanizaci\u00f3n El Recreo.<\/p>\n\n\n\n<p>La v\u00edctima del secuestro fue identificada preliminarmente como Jens Marty Lara Tantaquilla, de 31 a\u00f1os, natural de Chillia, provincia de Pataz, y vinculado a actividades de compra y venta de minerales. Su paradero contin\u00faa desconocido.<\/p>\n\n\n\n<p><strong>Falsos polic\u00edas y una operaci\u00f3n dirigida<\/strong><\/p>\n\n\n\n<p>Los primeros indicios muestran que los atacantes utilizaron prendas similares a los uniformes policiales para interceptar el veh\u00edculo. Las c\u00e1maras de seguridad registraron el momento en que los sujetos sacaron a Lara Tantaquilla de la camioneta y posteriormente dispararon contra sus acompa\u00f1antes.<\/p>\n\n\n\n<p>Las cuatro v\u00edctimas fueron identificadas preliminarmente como Farhad Andrea Monz\u00f3n Ling\u00e1n, Nadia Edith Urtecho Rodr\u00edguez, Luis Alberto Rojas Ramos de Rosas y Christopher Eduardo Garc\u00eda \u00c1lvarez. Dos de los fallecidos prestaban servicios de seguridad privada, seg\u00fan informaci\u00f3n policial difundida por RPP.<\/p>\n\n\n\n<p><strong>El dato que incomoda a la Polic\u00eda Nacional del Per\u00fa<\/strong><\/p>\n\n\n\n<p>El ataque no ocurri\u00f3 en una zona aislada. Se produjo a pocos metros de instalaciones vinculadas a la investigaci\u00f3n criminal de la Polic\u00eda, un elemento que aumenta las preguntas sobre la capacidad de prevenci\u00f3n y reacci\u00f3n frente a una operaci\u00f3n que, por sus caracter\u00edsticas, aparenta haber requerido planificaci\u00f3n.<\/p>\n\n\n\n<p>La Polic\u00eda cerr\u00f3 la zona, recogi\u00f3 evidencias y solicit\u00f3 las im\u00e1genes de las c\u00e1maras de seguridad. Adem\u00e1s, un equipo de la Unidad de Secuestros de Lima se incorpor\u00f3 a las investigaciones para apoyar la b\u00fasqueda del empresario y el esclarecimiento del crimen.<\/p>\n\n\n\n<p><strong>La emergencia vuelve a ser cuestionada<\/strong><\/p>\n\n\n\n<p>La provincia de Trujillo se encuentra bajo medidas de emergencia orientadas a enfrentar la criminalidad. Sin embargo, la Defensor\u00eda del Pueblo advirti\u00f3 este domingo que el cu\u00e1druple asesinato y el secuestro generan dudas sobre la efectividad de las declaratorias de emergencia y exigi\u00f3 a la PNP y al Ministerio P\u00fablico una investigaci\u00f3n prioritaria para identificar y capturar a los responsables.<\/p>\n\n\n\n<p>El Gobierno Regional de La Libertad fue m\u00e1s directo: sostuvo que ha destinado m\u00e1s de S\/100 millones para fortalecer a la PNP con patrulleros, tecnolog\u00eda, inteligencia y videovigilancia, pero afirm\u00f3 que equipar a la instituci\u00f3n \u201cno basta\u201d y reclam\u00f3 resultados, capturas y mayor inteligencia operativa.<\/p>\n\n\n\n<p><strong>Pataz vuelve a aparecer en el mapa<\/strong><\/p>\n\n\n\n<p>La procedencia del empresario a\u00f1ade otra dimensi\u00f3n al caso. Lara Tantaquilla es natural de Pataz, provincia marcada por una prolongada disputa alrededor de la miner\u00eda ilegal y organizaciones criminales. Su actividad vinculada al comercio de minerales forma parte de las primeras l\u00edneas de investigaci\u00f3n, pero todav\u00eda no existe una conclusi\u00f3n oficial que determine el m\u00f3vil del secuestro ni qui\u00e9n orden\u00f3 el ataque.<\/p>\n\n\n\n<p>La Polic\u00eda tambi\u00e9n deber\u00e1 determinar si el crimen responde a una organizaci\u00f3n criminal vinculada con la miner\u00eda ilegal, a una disputa por actividades econ\u00f3micas o a otro m\u00f3vil. Las primeras informaciones period\u00edsticas mencionan posibles l\u00edneas de investigaci\u00f3n relacionadas con bandas que operan en Trujillo, pero esas hip\u00f3tesis todav\u00eda no deben presentarse como responsables confirmados.<\/p>\n\n\n\n<p><strong>La indignaci\u00f3n vuelve a las redes<\/strong><\/p>\n\n\n\n<p>Mientras las autoridades investigan, la indignaci\u00f3n se traslad\u00f3 r\u00e1pidamente a las redes sociales. En Facebook y plataformas de video circulan im\u00e1genes del ataque y reclamos ciudadanos por una respuesta m\u00e1s contundente frente a los secuestros, extorsiones y asesinatos que afectan a Trujillo y otras ciudades del norte.<\/p>\n\n\n\n<p>M\u00e1s all\u00e1 de la conversaci\u00f3n digital, el caso plantea una pregunta concreta: \u00bfde qu\u00e9 sirve declarar una zona en emergencia y aumentar el equipamiento policial si una operaci\u00f3n criminal de esta magnitud puede ejecutarse en plena ciudad y cerca de instalaciones policiales?<\/p>\n\n\n\n<p><strong>La respuesta no puede quedarse en el operativo posterior<\/strong><\/p>\n\n\n\n<p>La PNP tiene ahora dos tareas inmediatas: encontrar con vida al empresario secuestrado y capturar a los responsables del cu\u00e1druple asesinato. Pero el caso tambi\u00e9n obliga a evaluar la inteligencia previa, la vigilancia urbana, la capacidad de reacci\u00f3n y la coordinaci\u00f3n entre las unidades policiales y el Ministerio P\u00fablico.<\/p>\n\n\n\n<p>La violencia criminal ya no se limita a los territorios donde operan las organizaciones vinculadas a la miner\u00eda ilegal. La pregunta para el Estado es si est\u00e1 logrando impedir que esa violencia se desplace hacia el coraz\u00f3n de las ciudades del norte.<\/p>\n","protected":false},"excerpt":{"rendered":"<p>Un comando armado intercept\u00f3 una camioneta en plena ciudad, asesin\u00f3 a cuatro personas y se llev\u00f3 a un empresario vinculado a actividades mineras en Pataz. El ataque ocurri\u00f3 cerca de instalaciones policiales y reabre el debate sobre la efectividad de la respuesta contra el crimen organizado en La Libertad. Trujillo, 30 de agosto de 2026.- [&hellip;]<\/p>\n","protected":false},"author":13,"featured_media":8836,"comment_status":"open","ping_status":"open","sticky":false,"template":"","format":"standard","meta":{"footnotes":""},"categories":[183,178,810,1852],"tags":[2940,3273,1573,555,2306,309,3274,3272,189],"class_list":["post-8835","post","type-post","status-publish","format-standard","has-post-thumbnail","hentry","category-actualidad","category-policial","category-regional","category-tendencia","tag-crimen-organizado","tag-cuatro-asesinados","tag-inseguridad","tag-la-libertad","tag-pataz","tag-pnp","tag-secuestro","tag-secuestro-de-empresario-minero-en-trujillo","tag-trujillo"],"yoast_head":"<!-- This site is optimized with the Yoast SEO plugin v28.2 - https:\/\/yoast.com\/product\/yoast-seo-wordpress\/ -->\n<title>Trujillo: cuatro asesinados y un empresario minero secuestrado ponen nuevamente en jaque la seguridad - Pulso27<\/title>\n<meta name=\"description\" content=\"Cuatro personas asesinadas y un empresario minero secuestrado en Trujillo. El ataque ocurri\u00f3 cerca de instalaciones policiales.\" \/>\n<meta name=\"robots\" content=\"index, follow, max-snippet:-1, max-image-preview:large, max-video-preview:-1\" \/>\n<link rel=\"canonical\" href=\"https:\/\/pulso27.com\/es\/actualidad\/policial\/trujillo-cuatro-asesinados-empresario-minero-secuestrado\/\" \/>\n<meta property=\"og:locale\" content=\"es_ES\" \/>\n<meta property=\"og:type\" content=\"article\" \/>\n<meta property=\"og:title\" content=\"Trujillo: cuatro asesinados y un empresario minero secuestrado ponen nuevamente en jaque la seguridad - Pulso27\" \/>\n<meta property=\"og:description\" content=\"Cuatro personas asesinadas y un empresario minero secuestrado en Trujillo. El ataque ocurri\u00f3 cerca de instalaciones policiales.\" \/>\n<meta property=\"og:url\" content=\"https:\/\/pulso27.com\/es\/actualidad\/policial\/trujillo-cuatro-asesinados-empresario-minero-secuestrado\/\" \/>\n<meta property=\"og:site_name\" content=\"Pulso27\" \/>\n<meta property=\"article:publisher\" content=\"https:\/\/www.facebook.com\/pulso27\/\" \/>\n<meta property=\"article:published_time\" content=\"2026-08-31T01:30:42+00:00\" \/>\n<meta property=\"article:modified_time\" content=\"2026-08-31T01:30:46+00:00\" \/>\n<meta property=\"og:image\" content=\"https:\/\/pulso27.com\/wp-content\/uploads\/2026\/08\/Trujillo.png\" \/>\n\t<meta property=\"og:image:width\" content=\"1250\" \/>\n\t<meta property=\"og:image:height\" content=\"833\" \/>\n\t<meta property=\"og:image:type\" content=\"image\/png\" \/>\n<meta name=\"author\" content=\"Redactor\" \/>\n<meta name=\"twitter:card\" content=\"summary_large_image\" \/>\n<meta name=\"twitter:creator\" content=\"@Pulso_27\" \/>\n<meta name=\"twitter:site\" content=\"@Pulso_27\" \/>\n<meta name=\"twitter:label1\" content=\"Written by\" \/>\n\t<meta name=\"twitter:data1\" content=\"Redactor\" \/>\n\t<meta name=\"twitter:label2\" content=\"Est. reading time\" \/>\n\t<meta name=\"twitter:data2\" content=\"4 minutos\" \/>\n<script type=\"application\/ld+json\" class=\"yoast-schema-graph\">{\"@context\":\"https:\\\/\\\/schema.org\",\"@graph\":[{\"@type\":\"NewsArticle\",\"@id\":\"https:\\\/\\\/pulso27.com\\\/actualidad\\\/policial\\\/trujillo-cuatro-asesinados-empresario-minero-secuestrado\\\/#article\",\"isPartOf\":{\"@id\":\"https:\\\/\\\/pulso27.com\\\/actualidad\\\/policial\\\/trujillo-cuatro-asesinados-empresario-minero-secuestrado\\\/\"},\"author\":{\"name\":\"Redactor\",\"@id\":\"https:\\\/\\\/pulso27.com\\\/en\\\/#\\\/schema\\\/person\\\/bf5ee161e6c87f6c7d57f5e689ef8526\"},\"headline\":\"Trujillo: cuatro asesinados y un empresario minero secuestrado ponen nuevamente en jaque la seguridad\",\"datePublished\":\"2026-08-31T01:30:42+00:00\",\"dateModified\":\"2026-08-31T01:30:46+00:00\",\"mainEntityOfPage\":{\"@id\":\"https:\\\/\\\/pulso27.com\\\/actualidad\\\/policial\\\/trujillo-cuatro-asesinados-empresario-minero-secuestrado\\\/\"},\"wordCount\":846,\"commentCount\":0,\"publisher\":{\"@id\":\"https:\\\/\\\/pulso27.com\\\/en\\\/#organization\"},\"image\":{\"@id\":\"https:\\\/\\\/pulso27.com\\\/actualidad\\\/policial\\\/trujillo-cuatro-asesinados-empresario-minero-secuestrado\\\/#primaryimage\"},\"thumbnailUrl\":\"https:\\\/\\\/pulso27.com\\\/wp-content\\\/uploads\\\/2026\\\/08\\\/Trujillo.png\",\"keywords\":[\"crimen organizado\",\"cuatro asesinados\",\"Inseguridad\",\"La Libertad\",\"Pataz\",\"PNP\",\"secuestro\",\"secuestro de empresario minero en Trujillo\",\"Trujillo\"],\"articleSection\":[\"Actualidad\",\"Policial\",\"Regional\",\"Tendencia\"],\"inLanguage\":\"es-PE\",\"potentialAction\":[{\"@type\":\"CommentAction\",\"name\":\"Comment\",\"target\":[\"https:\\\/\\\/pulso27.com\\\/actualidad\\\/policial\\\/trujillo-cuatro-asesinados-empresario-minero-secuestrado\\\/#respond\"]}]},{\"@type\":\"WebPage\",\"@id\":\"https:\\\/\\\/pulso27.com\\\/actualidad\\\/policial\\\/trujillo-cuatro-asesinados-empresario-minero-secuestrado\\\/\",\"url\":\"https:\\\/\\\/pulso27.com\\\/actualidad\\\/policial\\\/trujillo-cuatro-asesinados-empresario-minero-secuestrado\\\/\",\"name\":\"Trujillo: cuatro asesinados y un empresario minero secuestrado ponen nuevamente en jaque la seguridad - Pulso27\",\"isPartOf\":{\"@id\":\"https:\\\/\\\/pulso27.com\\\/en\\\/#website\"},\"primaryImageOfPage\":{\"@id\":\"https:\\\/\\\/pulso27.com\\\/actualidad\\\/policial\\\/trujillo-cuatro-asesinados-empresario-minero-secuestrado\\\/#primaryimage\"},\"image\":{\"@id\":\"https:\\\/\\\/pulso27.com\\\/actualidad\\\/policial\\\/trujillo-cuatro-asesinados-empresario-minero-secuestrado\\\/#primaryimage\"},\"thumbnailUrl\":\"https:\\\/\\\/pulso27.com\\\/wp-content\\\/uploads\\\/2026\\\/08\\\/Trujillo.png\",\"datePublished\":\"2026-08-31T01:30:42+00:00\",\"dateModified\":\"2026-08-31T01:30:46+00:00\",\"description\":\"Cuatro personas asesinadas y un empresario minero secuestrado en Trujillo. El ataque ocurri\u00f3 cerca de instalaciones policiales.\",\"breadcrumb\":{\"@id\":\"https:\\\/\\\/pulso27.com\\\/actualidad\\\/policial\\\/trujillo-cuatro-asesinados-empresario-minero-secuestrado\\\/#breadcrumb\"},\"inLanguage\":\"es-PE\",\"potentialAction\":[{\"@type\":\"ReadAction\",\"target\":[\"https:\\\/\\\/pulso27.com\\\/actualidad\\\/policial\\\/trujillo-cuatro-asesinados-empresario-minero-secuestrado\\\/\"]}]},{\"@type\":\"ImageObject\",\"inLanguage\":\"es-PE\",\"@id\":\"https:\\\/\\\/pulso27.com\\\/actualidad\\\/policial\\\/trujillo-cuatro-asesinados-empresario-minero-secuestrado\\\/#primaryimage\",\"url\":\"https:\\\/\\\/pulso27.com\\\/wp-content\\\/uploads\\\/2026\\\/08\\\/Trujillo.png\",\"contentUrl\":\"https:\\\/\\\/pulso27.com\\\/wp-content\\\/uploads\\\/2026\\\/08\\\/Trujillo.png\",\"width\":1250,\"height\":833},{\"@type\":\"BreadcrumbList\",\"@id\":\"https:\\\/\\\/pulso27.com\\\/actualidad\\\/policial\\\/trujillo-cuatro-asesinados-empresario-minero-secuestrado\\\/#breadcrumb\",\"itemListElement\":[{\"@type\":\"ListItem\",\"position\":1,\"name\":\"Portada\",\"item\":\"https:\\\/\\\/pulso27.com\\\/\"},{\"@type\":\"ListItem\",\"position\":2,\"name\":\"Trujillo: cuatro asesinados y un empresario minero secuestrado ponen nuevamente en jaque la seguridad\"}]},{\"@type\":\"WebSite\",\"@id\":\"https:\\\/\\\/pulso27.com\\\/en\\\/#website\",\"url\":\"https:\\\/\\\/pulso27.com\\\/en\\\/\",\"name\":\"Pulso27\",\"description\":\"Web de noticias y publicidad\",\"publisher\":{\"@id\":\"https:\\\/\\\/pulso27.com\\\/en\\\/#organization\"},\"alternateName\":\"El pulso del pueblo\",\"potentialAction\":[{\"@type\":\"SearchAction\",\"target\":{\"@type\":\"EntryPoint\",\"urlTemplate\":\"https:\\\/\\\/pulso27.com\\\/en\\\/?s={search_term_string}\"},\"query-input\":{\"@type\":\"PropertyValueSpecification\",\"valueRequired\":true,\"valueName\":\"search_term_string\"}}],\"inLanguage\":\"es-PE\"},{\"@type\":\"Organization\",\"@id\":\"https:\\\/\\\/pulso27.com\\\/en\\\/#organization\",\"name\":\"Pulso27\",\"url\":\"https:\\\/\\\/pulso27.com\\\/en\\\/\",\"logo\":{\"@type\":\"ImageObject\",\"inLanguage\":\"es-PE\",\"@id\":\"https:\\\/\\\/pulso27.com\\\/en\\\/#\\\/schema\\\/logo\\\/image\\\/\",\"url\":\"https:\\\/\\\/pulso27.com\\\/wp-content\\\/uploads\\\/2026\\\/02\\\/Logotipo-de-la-organizacion-696-x-696-px-ok.png\",\"contentUrl\":\"https:\\\/\\\/pulso27.com\\\/wp-content\\\/uploads\\\/2026\\\/02\\\/Logotipo-de-la-organizacion-696-x-696-px-ok.png\",\"width\":696,\"height\":696,\"caption\":\"Pulso27\"},\"image\":{\"@id\":\"https:\\\/\\\/pulso27.com\\\/en\\\/#\\\/schema\\\/logo\\\/image\\\/\"},\"sameAs\":[\"https:\\\/\\\/www.facebook.com\\\/pulso27\\\/\",\"https:\\\/\\\/x.com\\\/Pulso_27\",\"https:\\\/\\\/www.youtube.com\\\/@Pulso27\",\"https:\\\/\\\/www.tiktok.com\\\/@pulso_27\"]},{\"@type\":\"Person\",\"@id\":\"https:\\\/\\\/pulso27.com\\\/en\\\/#\\\/schema\\\/person\\\/bf5ee161e6c87f6c7d57f5e689ef8526\",\"name\":\"Redactor\",\"image\":{\"@type\":\"ImageObject\",\"inLanguage\":\"es-PE\",\"@id\":\"https:\\\/\\\/pulso27.com\\\/wp-content\\\/uploads\\\/2025\\\/03\\\/a-150x150.png\",\"url\":\"https:\\\/\\\/pulso27.com\\\/wp-content\\\/uploads\\\/2025\\\/03\\\/a-150x150.png\",\"contentUrl\":\"https:\\\/\\\/pulso27.com\\\/wp-content\\\/uploads\\\/2025\\\/03\\\/a-150x150.png\",\"caption\":\"Redactor\"},\"sameAs\":[\"http:\\\/\\\/www.pulso27.com\"],\"url\":\"https:\\\/\\\/pulso27.com\\\/es\\\/author\\\/redactor\\\/\"}]}<\/script>\n<!-- \/ Yoast SEO plugin. -->","yoast_head_json":{"title":"Trujillo: cuatro asesinados y un empresario minero secuestrado ponen nuevamente en jaque la seguridad - Pulso27","description":"Cuatro personas asesinadas y un empresario minero secuestrado en Trujillo. El ataque ocurri\u00f3 cerca de instalaciones policiales.","robots":{"index":"index","follow":"follow","max-snippet":"max-snippet:-1","max-image-preview":"max-image-preview:large","max-video-preview":"max-video-preview:-1"},"canonical":"https:\/\/pulso27.com\/es\/actualidad\/policial\/trujillo-cuatro-asesinados-empresario-minero-secuestrado\/","og_locale":"es_ES","og_type":"article","og_title":"Trujillo: cuatro asesinados y un empresario minero secuestrado ponen nuevamente en jaque la seguridad - Pulso27","og_description":"Cuatro personas asesinadas y un empresario minero secuestrado en Trujillo. El ataque ocurri\u00f3 cerca de instalaciones policiales.","og_url":"https:\/\/pulso27.com\/es\/actualidad\/policial\/trujillo-cuatro-asesinados-empresario-minero-secuestrado\/","og_site_name":"Pulso27","article_publisher":"https:\/\/www.facebook.com\/pulso27\/","article_published_time":"2026-08-31T01:30:42+00:00","article_modified_time":"2026-08-31T01:30:46+00:00","og_image":[{"width":1250,"height":833,"url":"https:\/\/pulso27.com\/wp-content\/uploads\/2026\/08\/Trujillo.png","type":"image\/png"}],"author":"Redactor","twitter_card":"summary_large_image","twitter_creator":"@Pulso_27","twitter_site":"@Pulso_27","twitter_misc":{"Written by":"Redactor","Est. reading time":"4 minutos"},"schema":{"@context":"https:\/\/schema.org","@graph":[{"@type":"NewsArticle","@id":"https:\/\/pulso27.com\/actualidad\/policial\/trujillo-cuatro-asesinados-empresario-minero-secuestrado\/#article","isPartOf":{"@id":"https:\/\/pulso27.com\/actualidad\/policial\/trujillo-cuatro-asesinados-empresario-minero-secuestrado\/"},"author":{"name":"Redactor","@id":"https:\/\/pulso27.com\/en\/#\/schema\/person\/bf5ee161e6c87f6c7d57f5e689ef8526"},"headline":"Trujillo: cuatro asesinados y un empresario minero secuestrado ponen nuevamente en jaque la seguridad","datePublished":"2026-08-31T01:30:42+00:00","dateModified":"2026-08-31T01:30:46+00:00","mainEntityOfPage":{"@id":"https:\/\/pulso27.com\/actualidad\/policial\/trujillo-cuatro-asesinados-empresario-minero-secuestrado\/"},"wordCount":846,"commentCount":0,"publisher":{"@id":"https:\/\/pulso27.com\/en\/#organization"},"image":{"@id":"https:\/\/pulso27.com\/actualidad\/policial\/trujillo-cuatro-asesinados-empresario-minero-secuestrado\/#primaryimage"},"thumbnailUrl":"https:\/\/pulso27.com\/wp-content\/uploads\/2026\/08\/Trujillo.png","keywords":["crimen organizado","cuatro asesinados","Inseguridad","La Libertad","Pataz","PNP","secuestro","secuestro de empresario minero en Trujillo","Trujillo"],"articleSection":["Actualidad","Policial","Regional","Tendencia"],"inLanguage":"es-PE","potentialAction":[{"@type":"CommentAction","name":"Comment","target":["https:\/\/pulso27.com\/actualidad\/policial\/trujillo-cuatro-asesinados-empresario-minero-secuestrado\/#respond"]}]},{"@type":"WebPage","@id":"https:\/\/pulso27.com\/actualidad\/policial\/trujillo-cuatro-asesinados-empresario-minero-secuestrado\/","url":"https:\/\/pulso27.com\/actualidad\/policial\/trujillo-cuatro-asesinados-empresario-minero-secuestrado\/","name":"Trujillo: cuatro asesinados y un empresario minero secuestrado ponen nuevamente en jaque la seguridad - Pulso27","isPartOf":{"@id":"https:\/\/pulso27.com\/en\/#website"},"primaryImageOfPage":{"@id":"https:\/\/pulso27.com\/actualidad\/policial\/trujillo-cuatro-asesinados-empresario-minero-secuestrado\/#primaryimage"},"image":{"@id":"https:\/\/pulso27.com\/actualidad\/policial\/trujillo-cuatro-asesinados-empresario-minero-secuestrado\/#primaryimage"},"thumbnailUrl":"https:\/\/pulso27.com\/wp-content\/uploads\/2026\/08\/Trujillo.png","datePublished":"2026-08-31T01:30:42+00:00","dateModified":"2026-08-31T01:30:46+00:00","description":"Cuatro personas asesinadas y un empresario minero secuestrado en Trujillo. El ataque ocurri\u00f3 cerca de instalaciones policiales.","breadcrumb":{"@id":"https:\/\/pulso27.com\/actualidad\/policial\/trujillo-cuatro-asesinados-empresario-minero-secuestrado\/#breadcrumb"},"inLanguage":"es-PE","potentialAction":[{"@type":"ReadAction","target":["https:\/\/pulso27.com\/actualidad\/policial\/trujillo-cuatro-asesinados-empresario-minero-secuestrado\/"]}]},{"@type":"ImageObject","inLanguage":"es-PE","@id":"https:\/\/pulso27.com\/actualidad\/policial\/trujillo-cuatro-asesinados-empresario-minero-secuestrado\/#primaryimage","url":"https:\/\/pulso27.com\/wp-content\/uploads\/2026\/08\/Trujillo.png","contentUrl":"https:\/\/pulso27.com\/wp-content\/uploads\/2026\/08\/Trujillo.png","width":1250,"height":833},{"@type":"BreadcrumbList","@id":"https:\/\/pulso27.com\/actualidad\/policial\/trujillo-cuatro-asesinados-empresario-minero-secuestrado\/#breadcrumb","itemListElement":[{"@type":"ListItem","position":1,"name":"Portada","item":"https:\/\/pulso27.com\/"},{"@type":"ListItem","position":2,"name":"Trujillo: cuatro asesinados y un empresario minero secuestrado ponen nuevamente en jaque la seguridad"}]},{"@type":"WebSite","@id":"https:\/\/pulso27.com\/en\/#website","url":"https:\/\/pulso27.com\/en\/","name":"Pulso27","description":"Web de noticias y publicidad","publisher":{"@id":"https:\/\/pulso27.com\/en\/#organization"},"alternateName":"El pulso del pueblo","potentialAction":[{"@type":"SearchAction","target":{"@type":"EntryPoint","urlTemplate":"https:\/\/pulso27.com\/en\/?s={search_term_string}"},"query-input":{"@type":"PropertyValueSpecification","valueRequired":true,"valueName":"search_term_string"}}],"inLanguage":"es-PE"},{"@type":"Organization","@id":"https:\/\/pulso27.com\/en\/#organization","name":"Pulso27","url":"https:\/\/pulso27.com\/en\/","logo":{"@type":"ImageObject","inLanguage":"es-PE","@id":"https:\/\/pulso27.com\/en\/#\/schema\/logo\/image\/","url":"https:\/\/pulso27.com\/wp-content\/uploads\/2026\/02\/Logotipo-de-la-organizacion-696-x-696-px-ok.png","contentUrl":"https:\/\/pulso27.com\/wp-content\/uploads\/2026\/02\/Logotipo-de-la-organizacion-696-x-696-px-ok.png","width":696,"height":696,"caption":"Pulso27"},"image":{"@id":"https:\/\/pulso27.com\/en\/#\/schema\/logo\/image\/"},"sameAs":["https:\/\/www.facebook.com\/pulso27\/","https:\/\/x.com\/Pulso_27","https:\/\/www.youtube.com\/@Pulso27","https:\/\/www.tiktok.com\/@pulso_27"]},{"@type":"Person","@id":"https:\/\/pulso27.com\/en\/#\/schema\/person\/bf5ee161e6c87f6c7d57f5e689ef8526","name":"Redactor","image":{"@type":"ImageObject","inLanguage":"es-PE","@id":"https:\/\/pulso27.com\/wp-content\/uploads\/2025\/03\/a-150x150.png","url":"https:\/\/pulso27.com\/wp-content\/uploads\/2025\/03\/a-150x150.png","contentUrl":"https:\/\/pulso27.com\/wp-content\/uploads\/2025\/03\/a-150x150.png","caption":"Redactor"},"sameAs":["http:\/\/www.pulso27.com"],"url":"https:\/\/pulso27.com\/es\/author\/redactor\/"}]}},"amp_enabled":true,"_links":{"self":[{"href":"https:\/\/pulso27.com\/es\/wp-json\/wp\/v2\/posts\/8835","targetHints":{"allow":["GET"]}}],"collection":[{"href":"https:\/\/pulso27.com\/es\/wp-json\/wp\/v2\/posts"}],"about":[{"href":"https:\/\/pulso27.com\/es\/wp-json\/wp\/v2\/types\/post"}],"author":[{"embeddable":true,"href":"https:\/\/pulso27.com\/es\/wp-json\/wp\/v2\/users\/13"}],"replies":[{"embeddable":true,"href":"https:\/\/pulso27.com\/es\/wp-json\/wp\/v2\/comments?post=8835"}],"version-history":[{"count":1,"href":"https:\/\/pulso27.com\/es\/wp-json\/wp\/v2\/posts\/8835\/revisions"}],"predecessor-version":[{"id":8840,"href":"https:\/\/pulso27.com\/es\/wp-json\/wp\/v2\/posts\/8835\/revisions\/8840"}],"wp:featuredmedia":[{"embeddable":true,"href":"https:\/\/pulso27.com\/es\/wp-json\/wp\/v2\/media\/8836"}],"wp:attachment":[{"href":"https:\/\/pulso27.com\/es\/wp-json\/wp\/v2\/media?parent=8835"}],"wp:term":[{"taxonomy":"category","embeddable":true,"href":"https:\/\/pulso27.com\/es\/wp-json\/wp\/v2\/categories?post=8835"},{"taxonomy":"post_tag","embeddable":true,"href":"https:\/\/pulso27.com\/es\/wp-json\/wp\/v2\/tags?post=8835"}],"curies":[{"name":"wp","href":"https:\/\/api.w.org\/{rel}","templated":true}]}}