{"id":8841,"date":"2026-08-31T07:59:41","date_gmt":"2026-08-31T02:59:41","guid":{"rendered":"https:\/\/pulso27.com\/?p=8841"},"modified":"2026-08-31T07:59:45","modified_gmt":"2026-08-31T02:59:45","slug":"asesor-de-keiko-fujimori-relacionado-con-fernando-cerimedo","status":"publish","type":"post","link":"https:\/\/pulso27.com\/es\/actualidad\/asesor-de-keiko-fujimori-relacionado-con-fernando-cerimedo\/","title":{"rendered":"Asesor cercano de Keiko Fujimori aparece vinculado a consultor pol\u00edtico Fernando Cerimedo detenido en Bolivia"},"content":{"rendered":"\n<p class=\"has-text-align-center\"><strong>Carlos D\u00edaz-Rosillo, asesor y amigo de la presidenta, aparece en una fotograf\u00eda publicada por Fernando Cerimedo, actualmente detenido en Bolivia e investigado por un presunto intento de feminicidio. La conexi\u00f3n abre preguntas sobre los operadores pol\u00edticos que rodean al Gobierno peruano.<\/strong><\/p>\n\n\n\n<p>Lima, 29 de agosto de 2026.- Una fotograf\u00eda publicada por el propio Fernando Gabriel Cerimedo constituye uno de los elementos documentados del v\u00ednculo. La imagen, difundida en marzo de 2025, muestra al consultor argentino junto a Carlos D\u00edaz-Rosillo, acad\u00e9mico cubano-estadounidense y asesor cercano de la presidenta Keiko Fujimori. Cerimedo present\u00f3 aquel encuentro como un desayuno de trabajo.<\/p>\n\n\n\n<p>D\u00edaz-Rosillo dirige el Centro Adam Smith para la Libertad Econ\u00f3mica de la Universidad Internacional de Florida (FIU), instituci\u00f3n que incorpor\u00f3 a Fujimori como docente y conferencista. Seg\u00fan declaraciones del propio D\u00edaz-Rosillo recogidas por La Rep\u00fablica, las actividades acad\u00e9micas de Fujimori le generaron ingresos de US$45.000 durante el periodo reportado.<\/p>\n\n\n\n<p><strong>Del \u00e1mbito acad\u00e9mico al entorno presidencial<\/strong><\/p>\n\n\n\n<p>La relaci\u00f3n entre D\u00edaz-Rosillo y Fujimori no se limita a aquella actividad acad\u00e9mica. La investigaci\u00f3n period\u00edstica lo identifica como amigo y consejero personal de la mandataria, aunque no ocupa un cargo oficial dentro del Gobierno.<\/p>\n\n\n\n<p>La relevancia de la conexi\u00f3n con Cerimedo radica precisamente en esa posici\u00f3n informal. D\u00edaz-Rosillo aparece como un punto de contacto entre el entorno presidencial peruano y un consultor argentino que ha desarrollado actividades de asesor\u00eda pol\u00edtica y estrategias digitales en distintos pa\u00edses de la regi\u00f3n.<\/p>\n\n\n\n<p><strong>Cerimedo: de estratega digital a detenido en Bolivia<\/strong><\/p>\n\n\n\n<p>Cerimedo permanece detenido preventivamente en Bolivia despu\u00e9s de que la Fiscal\u00eda lo imputara por su presunta participaci\u00f3n en un ataque contra su expareja Nadia Beller. La mujer sobrevivi\u00f3 a un atentado ocurrido en Santa Cruz de la Sierra y se\u00f1al\u00f3 a Cerimedo como responsable de haberlo ordenado. La defensa del argentino niega las acusaciones.<\/p>\n\n\n\n<p>La investigaci\u00f3n boliviana se ampli\u00f3 posteriormente a otros presuntos delitos. Autoridades tambi\u00e9n investigan posibles hechos de enriquecimiento il\u00edcito y supuestos v\u00ednculos con narcotr\u00e1fico. Durante los allanamientos, investigadores reportaron el hallazgo de dinero y una infraestructura tecnol\u00f3gica descrita como una \u201cgranja de bots\u201d.<\/p>\n\n\n\n<p><strong>El componente pol\u00edtico<\/strong><\/p>\n\n\n\n<p>Antes de su detenci\u00f3n, Cerimedo hab\u00eda sido relacionado con campa\u00f1as y operadores pol\u00edticos de derecha en Am\u00e9rica Latina. Fuentes period\u00edsticas lo vinculan con los entornos de Javier Milei en Argentina, Jair Bolsonaro en Brasil y Rodrigo Paz en Bolivia, adem\u00e1s de operaciones digitales destinadas a favorecer determinadas candidaturas o atacar a adversarios.<\/p>\n\n\n\n<p>La existencia de esos antecedentes convierte la relaci\u00f3n documentada con D\u00edaz-Rosillo en un asunto pol\u00edticamente relevante. Sin embargo, un v\u00ednculo personal o profesional no demuestra que D\u00edaz-Rosillo haya participado en las operaciones digitales atribuidas a Cerimedo, ni que estas hayan sido utilizadas por el Gobierno peruano.<\/p>\n\n\n\n<p><strong>Per\u00fa aparece en la investigaci\u00f3n regional<\/strong><\/p>\n\n\n\n<p>La propia investigaci\u00f3n de La Rep\u00fablica se\u00f1ala que Cerimedo tuvo actividad relacionada con el escenario pol\u00edtico peruano. Entre los elementos citados figura una publicaci\u00f3n de 2021 sobre las actas electorales del extranjero durante la campa\u00f1a presidencial. Tambi\u00e9n se han difundido investigaciones sobre redes digitales vinculadas con campa\u00f1as pol\u00edticas y ataques a opositores.<\/p>\n\n\n\n<p>Pero existe una diferencia fundamental entre haber intervenido en el debate pol\u00edtico peruano y haber trabajado para la actual presidenta. Hasta el cierre de esta nota no existe evidencia p\u00fablica suficiente para afirmar que Cerimedo haya recibido pagos de Fujimori, contratado servicios directamente con el Gobierno peruano o dirigido operaciones digitales para la mandataria.<\/p>\n\n\n\n<p><strong>D\u00edaz-Rosillo todav\u00eda no responde<\/strong><\/p>\n\n\n\n<p>La Rep\u00fablica inform\u00f3 que solicit\u00f3 reiteradamente a D\u00edaz-Rosillo explicaciones sobre su relaci\u00f3n con Cerimedo, sin obtener respuesta. Tampoco Keiko Fujimori ha explicado p\u00fablicamente si conoc\u00eda esa relaci\u00f3n y cu\u00e1l era su naturaleza.<\/p>\n\n\n\n<p>Estas respuestas son relevantes porque D\u00edaz-Rosillo no es un actor perif\u00e9rico del entorno presidencial: mantiene una relaci\u00f3n personal con Fujimori y dirige la instituci\u00f3n acad\u00e9mica que la contrat\u00f3 como docente.<\/p>\n\n\n\n<p><strong>La pregunta que queda abierta<\/strong><\/p>\n\n\n\n<p>El hecho comprobado hasta ahora es un v\u00ednculo documentado entre D\u00edaz-Rosillo y Cerimedo, mientras que la relaci\u00f3n de ambos con el entorno de Keiko Fujimori est\u00e1 sustentada por distintas actividades p\u00fablicas y declaraciones.<\/p>\n\n\n\n<p>Lo que todav\u00eda debe establecerse es qu\u00e9 naturaleza tuvo esa relaci\u00f3n, si se mantuvo despu\u00e9s de aquel encuentro, si D\u00edaz-Rosillo conoc\u00eda las actividades pol\u00edticas y digitales de Cerimedo y si existi\u00f3 alguna conexi\u00f3n adicional con actores pol\u00edticos peruanos.<\/p>\n","protected":false},"excerpt":{"rendered":"<p>Carlos D\u00edaz-Rosillo, asesor y amigo de la presidenta, aparece en una fotograf\u00eda publicada por Fernando Cerimedo, actualmente detenido en Bolivia e investigado por un presunto intento de feminicidio. La conexi\u00f3n abre preguntas sobre los operadores pol\u00edticos que rodean al Gobierno peruano. Lima, 29 de agosto de 2026.- Una fotograf\u00eda publicada por el propio Fernando Gabriel [&hellip;]<\/p>\n","protected":false},"author":11,"featured_media":8842,"comment_status":"open","ping_status":"open","sticky":false,"template":"","format":"standard","meta":{"footnotes":""},"categories":[183,173,180],"tags":[397,445,3279,3280,2573,1883,3278,761],"class_list":["post-8841","post","type-post","status-publish","format-standard","has-post-thumbnail","hentry","category-actualidad","category-internacional","category-politica","tag-argentina","tag-bolivia","tag-carlos-diaz-rosillo","tag-consultor","tag-cuba","tag-eeuu","tag-fernando-gabriel-cerimedo","tag-keiko-fujimori"],"yoast_head":"<!-- This site is optimized with the Yoast SEO plugin v28.2 - https:\/\/yoast.com\/product\/yoast-seo-wordpress\/ -->\n<title>Asesor cercano de Keiko Fujimori aparece vinculado a consultor pol\u00edtico Fernando Cerimedo detenido en Bolivia - Pulso27<\/title>\n<meta name=\"description\" content=\"Carlos D\u00edaz-Rosillo, asesor y amigo de la presidenta, aparece en una fotograf\u00eda publicada por Fernando Cerimedo\" \/>\n<meta name=\"robots\" content=\"index, follow, max-snippet:-1, max-image-preview:large, max-video-preview:-1\" \/>\n<link rel=\"canonical\" href=\"https:\/\/pulso27.com\/es\/actualidad\/asesor-de-keiko-fujimori-relacionado-con-fernando-cerimedo\/\" \/>\n<meta property=\"og:locale\" content=\"es_ES\" \/>\n<meta property=\"og:type\" content=\"article\" \/>\n<meta property=\"og:title\" content=\"Asesor cercano de Keiko Fujimori aparece vinculado a consultor pol\u00edtico Fernando Cerimedo detenido en Bolivia - Pulso27\" \/>\n<meta property=\"og:description\" content=\"Carlos D\u00edaz-Rosillo, asesor y amigo de la presidenta, aparece en una fotograf\u00eda publicada por Fernando Cerimedo\" \/>\n<meta property=\"og:url\" content=\"https:\/\/pulso27.com\/es\/actualidad\/asesor-de-keiko-fujimori-relacionado-con-fernando-cerimedo\/\" \/>\n<meta property=\"og:site_name\" content=\"Pulso27\" \/>\n<meta property=\"article:publisher\" content=\"https:\/\/www.facebook.com\/pulso27\/\" \/>\n<meta property=\"article:author\" content=\"https:\/\/www.facebook.com\/pulso27\" \/>\n<meta property=\"article:published_time\" content=\"2026-08-31T02:59:41+00:00\" \/>\n<meta property=\"article:modified_time\" content=\"2026-08-31T02:59:45+00:00\" \/>\n<meta property=\"og:image\" content=\"https:\/\/pulso27.com\/wp-content\/uploads\/2026\/08\/Cerimedo1.png\" \/>\n\t<meta property=\"og:image:width\" content=\"1250\" \/>\n\t<meta property=\"og:image:height\" content=\"833\" \/>\n\t<meta property=\"og:image:type\" content=\"image\/png\" \/>\n<meta name=\"author\" content=\"Editor\" \/>\n<meta name=\"twitter:card\" content=\"summary_large_image\" \/>\n<meta name=\"twitter:creator\" content=\"@https:\/\/x.com\/Pulso_27\" \/>\n<meta name=\"twitter:site\" content=\"@Pulso_27\" \/>\n<meta name=\"twitter:label1\" content=\"Written by\" \/>\n\t<meta name=\"twitter:data1\" content=\"Editor\" \/>\n\t<meta name=\"twitter:label2\" content=\"Est. reading time\" \/>\n\t<meta name=\"twitter:data2\" content=\"4 minutos\" \/>\n<script type=\"application\/ld+json\" class=\"yoast-schema-graph\">{\"@context\":\"https:\\\/\\\/schema.org\",\"@graph\":[{\"@type\":\"Article\",\"@id\":\"https:\\\/\\\/pulso27.com\\\/actualidad\\\/asesor-de-keiko-fujimori-relacionado-con-fernando-cerimedo\\\/#article\",\"isPartOf\":{\"@id\":\"https:\\\/\\\/pulso27.com\\\/actualidad\\\/asesor-de-keiko-fujimori-relacionado-con-fernando-cerimedo\\\/\"},\"author\":{\"name\":\"Editor\",\"@id\":\"https:\\\/\\\/pulso27.com\\\/en\\\/#\\\/schema\\\/person\\\/e0da4cfacbab724cbf4ab44bcc030735\"},\"headline\":\"Asesor cercano de Keiko Fujimori aparece vinculado a consultor pol\u00edtico Fernando Cerimedo detenido en Bolivia\",\"datePublished\":\"2026-08-31T02:59:41+00:00\",\"dateModified\":\"2026-08-31T02:59:45+00:00\",\"mainEntityOfPage\":{\"@id\":\"https:\\\/\\\/pulso27.com\\\/actualidad\\\/asesor-de-keiko-fujimori-relacionado-con-fernando-cerimedo\\\/\"},\"wordCount\":794,\"commentCount\":0,\"publisher\":{\"@id\":\"https:\\\/\\\/pulso27.com\\\/en\\\/#organization\"},\"image\":{\"@id\":\"https:\\\/\\\/pulso27.com\\\/actualidad\\\/asesor-de-keiko-fujimori-relacionado-con-fernando-cerimedo\\\/#primaryimage\"},\"thumbnailUrl\":\"https:\\\/\\\/pulso27.com\\\/wp-content\\\/uploads\\\/2026\\\/08\\\/Cerimedo1.png\",\"keywords\":[\"Argentina\",\"Bolivia\",\"Carlos Diaz-Rosillo\",\"Consultor\",\"Cuba\",\"EEUU\",\"Fernando Gabriel Cerimedo\",\"Keiko Fujimori\"],\"articleSection\":[\"Actualidad\",\"Internacional\",\"Pol\u00edtica\"],\"inLanguage\":\"es-PE\",\"potentialAction\":[{\"@type\":\"CommentAction\",\"name\":\"Comment\",\"target\":[\"https:\\\/\\\/pulso27.com\\\/actualidad\\\/asesor-de-keiko-fujimori-relacionado-con-fernando-cerimedo\\\/#respond\"]}]},{\"@type\":\"WebPage\",\"@id\":\"https:\\\/\\\/pulso27.com\\\/actualidad\\\/asesor-de-keiko-fujimori-relacionado-con-fernando-cerimedo\\\/\",\"url\":\"https:\\\/\\\/pulso27.com\\\/actualidad\\\/asesor-de-keiko-fujimori-relacionado-con-fernando-cerimedo\\\/\",\"name\":\"Asesor cercano de Keiko Fujimori aparece vinculado a consultor pol\u00edtico Fernando Cerimedo detenido en Bolivia - Pulso27\",\"isPartOf\":{\"@id\":\"https:\\\/\\\/pulso27.com\\\/en\\\/#website\"},\"primaryImageOfPage\":{\"@id\":\"https:\\\/\\\/pulso27.com\\\/actualidad\\\/asesor-de-keiko-fujimori-relacionado-con-fernando-cerimedo\\\/#primaryimage\"},\"image\":{\"@id\":\"https:\\\/\\\/pulso27.com\\\/actualidad\\\/asesor-de-keiko-fujimori-relacionado-con-fernando-cerimedo\\\/#primaryimage\"},\"thumbnailUrl\":\"https:\\\/\\\/pulso27.com\\\/wp-content\\\/uploads\\\/2026\\\/08\\\/Cerimedo1.png\",\"datePublished\":\"2026-08-31T02:59:41+00:00\",\"dateModified\":\"2026-08-31T02:59:45+00:00\",\"description\":\"Carlos D\u00edaz-Rosillo, asesor y amigo de la presidenta, aparece en una fotograf\u00eda publicada por Fernando Cerimedo\",\"breadcrumb\":{\"@id\":\"https:\\\/\\\/pulso27.com\\\/actualidad\\\/asesor-de-keiko-fujimori-relacionado-con-fernando-cerimedo\\\/#breadcrumb\"},\"inLanguage\":\"es-PE\",\"potentialAction\":[{\"@type\":\"ReadAction\",\"target\":[\"https:\\\/\\\/pulso27.com\\\/actualidad\\\/asesor-de-keiko-fujimori-relacionado-con-fernando-cerimedo\\\/\"]}]},{\"@type\":\"ImageObject\",\"inLanguage\":\"es-PE\",\"@id\":\"https:\\\/\\\/pulso27.com\\\/actualidad\\\/asesor-de-keiko-fujimori-relacionado-con-fernando-cerimedo\\\/#primaryimage\",\"url\":\"https:\\\/\\\/pulso27.com\\\/wp-content\\\/uploads\\\/2026\\\/08\\\/Cerimedo1.png\",\"contentUrl\":\"https:\\\/\\\/pulso27.com\\\/wp-content\\\/uploads\\\/2026\\\/08\\\/Cerimedo1.png\",\"width\":1250,\"height\":833},{\"@type\":\"BreadcrumbList\",\"@id\":\"https:\\\/\\\/pulso27.com\\\/actualidad\\\/asesor-de-keiko-fujimori-relacionado-con-fernando-cerimedo\\\/#breadcrumb\",\"itemListElement\":[{\"@type\":\"ListItem\",\"position\":1,\"name\":\"Portada\",\"item\":\"https:\\\/\\\/pulso27.com\\\/\"},{\"@type\":\"ListItem\",\"position\":2,\"name\":\"Asesor cercano de Keiko Fujimori aparece vinculado a consultor pol\u00edtico Fernando Cerimedo detenido en Bolivia\"}]},{\"@type\":\"WebSite\",\"@id\":\"https:\\\/\\\/pulso27.com\\\/en\\\/#website\",\"url\":\"https:\\\/\\\/pulso27.com\\\/en\\\/\",\"name\":\"Pulso27\",\"description\":\"Web de noticias y publicidad\",\"publisher\":{\"@id\":\"https:\\\/\\\/pulso27.com\\\/en\\\/#organization\"},\"alternateName\":\"El pulso del pueblo\",\"potentialAction\":[{\"@type\":\"SearchAction\",\"target\":{\"@type\":\"EntryPoint\",\"urlTemplate\":\"https:\\\/\\\/pulso27.com\\\/en\\\/?s={search_term_string}\"},\"query-input\":{\"@type\":\"PropertyValueSpecification\",\"valueRequired\":true,\"valueName\":\"search_term_string\"}}],\"inLanguage\":\"es-PE\"},{\"@type\":\"Organization\",\"@id\":\"https:\\\/\\\/pulso27.com\\\/en\\\/#organization\",\"name\":\"Pulso27\",\"url\":\"https:\\\/\\\/pulso27.com\\\/en\\\/\",\"logo\":{\"@type\":\"ImageObject\",\"inLanguage\":\"es-PE\",\"@id\":\"https:\\\/\\\/pulso27.com\\\/en\\\/#\\\/schema\\\/logo\\\/image\\\/\",\"url\":\"https:\\\/\\\/pulso27.com\\\/wp-content\\\/uploads\\\/2026\\\/02\\\/Logotipo-de-la-organizacion-696-x-696-px-ok.png\",\"contentUrl\":\"https:\\\/\\\/pulso27.com\\\/wp-content\\\/uploads\\\/2026\\\/02\\\/Logotipo-de-la-organizacion-696-x-696-px-ok.png\",\"width\":696,\"height\":696,\"caption\":\"Pulso27\"},\"image\":{\"@id\":\"https:\\\/\\\/pulso27.com\\\/en\\\/#\\\/schema\\\/logo\\\/image\\\/\"},\"sameAs\":[\"https:\\\/\\\/www.facebook.com\\\/pulso27\\\/\",\"https:\\\/\\\/x.com\\\/Pulso_27\",\"https:\\\/\\\/www.youtube.com\\\/@Pulso27\",\"https:\\\/\\\/www.tiktok.com\\\/@pulso_27\"]},{\"@type\":\"Person\",\"@id\":\"https:\\\/\\\/pulso27.com\\\/en\\\/#\\\/schema\\\/person\\\/e0da4cfacbab724cbf4ab44bcc030735\",\"name\":\"Editor\",\"image\":{\"@type\":\"ImageObject\",\"inLanguage\":\"es-PE\",\"@id\":\"https:\\\/\\\/pulso27.com\\\/wp-content\\\/uploads\\\/2025\\\/03\\\/c-150x150.png\",\"url\":\"https:\\\/\\\/pulso27.com\\\/wp-content\\\/uploads\\\/2025\\\/03\\\/c-150x150.png\",\"contentUrl\":\"https:\\\/\\\/pulso27.com\\\/wp-content\\\/uploads\\\/2025\\\/03\\\/c-150x150.png\",\"caption\":\"Editor\"},\"sameAs\":[\"http:\\\/\\\/www.pulso27.com\",\"https:\\\/\\\/www.facebook.com\\\/pulso27\",\"https:\\\/\\\/x.com\\\/https:\\\/\\\/x.com\\\/Pulso_27\",\"https:\\\/\\\/www.youtube.com\\\/@Pulso27\"],\"url\":\"https:\\\/\\\/pulso27.com\\\/es\\\/author\\\/editor\\\/\"}]}<\/script>\n<!-- \/ Yoast SEO plugin. -->","yoast_head_json":{"title":"Asesor cercano de Keiko Fujimori aparece vinculado a consultor pol\u00edtico Fernando Cerimedo detenido en Bolivia - Pulso27","description":"Carlos D\u00edaz-Rosillo, asesor y amigo de la presidenta, aparece en una fotograf\u00eda publicada por Fernando Cerimedo","robots":{"index":"index","follow":"follow","max-snippet":"max-snippet:-1","max-image-preview":"max-image-preview:large","max-video-preview":"max-video-preview:-1"},"canonical":"https:\/\/pulso27.com\/es\/actualidad\/asesor-de-keiko-fujimori-relacionado-con-fernando-cerimedo\/","og_locale":"es_ES","og_type":"article","og_title":"Asesor cercano de Keiko Fujimori aparece vinculado a consultor pol\u00edtico Fernando Cerimedo detenido en Bolivia - Pulso27","og_description":"Carlos D\u00edaz-Rosillo, asesor y amigo de la presidenta, aparece en una fotograf\u00eda publicada por Fernando Cerimedo","og_url":"https:\/\/pulso27.com\/es\/actualidad\/asesor-de-keiko-fujimori-relacionado-con-fernando-cerimedo\/","og_site_name":"Pulso27","article_publisher":"https:\/\/www.facebook.com\/pulso27\/","article_author":"https:\/\/www.facebook.com\/pulso27","article_published_time":"2026-08-31T02:59:41+00:00","article_modified_time":"2026-08-31T02:59:45+00:00","og_image":[{"width":1250,"height":833,"url":"https:\/\/pulso27.com\/wp-content\/uploads\/2026\/08\/Cerimedo1.png","type":"image\/png"}],"author":"Editor","twitter_card":"summary_large_image","twitter_creator":"@https:\/\/x.com\/Pulso_27","twitter_site":"@Pulso_27","twitter_misc":{"Written by":"Editor","Est. reading time":"4 minutos"},"schema":{"@context":"https:\/\/schema.org","@graph":[{"@type":"Article","@id":"https:\/\/pulso27.com\/actualidad\/asesor-de-keiko-fujimori-relacionado-con-fernando-cerimedo\/#article","isPartOf":{"@id":"https:\/\/pulso27.com\/actualidad\/asesor-de-keiko-fujimori-relacionado-con-fernando-cerimedo\/"},"author":{"name":"Editor","@id":"https:\/\/pulso27.com\/en\/#\/schema\/person\/e0da4cfacbab724cbf4ab44bcc030735"},"headline":"Asesor cercano de Keiko Fujimori aparece vinculado a consultor pol\u00edtico Fernando Cerimedo detenido en Bolivia","datePublished":"2026-08-31T02:59:41+00:00","dateModified":"2026-08-31T02:59:45+00:00","mainEntityOfPage":{"@id":"https:\/\/pulso27.com\/actualidad\/asesor-de-keiko-fujimori-relacionado-con-fernando-cerimedo\/"},"wordCount":794,"commentCount":0,"publisher":{"@id":"https:\/\/pulso27.com\/en\/#organization"},"image":{"@id":"https:\/\/pulso27.com\/actualidad\/asesor-de-keiko-fujimori-relacionado-con-fernando-cerimedo\/#primaryimage"},"thumbnailUrl":"https:\/\/pulso27.com\/wp-content\/uploads\/2026\/08\/Cerimedo1.png","keywords":["Argentina","Bolivia","Carlos Diaz-Rosillo","Consultor","Cuba","EEUU","Fernando Gabriel Cerimedo","Keiko Fujimori"],"articleSection":["Actualidad","Internacional","Pol\u00edtica"],"inLanguage":"es-PE","potentialAction":[{"@type":"CommentAction","name":"Comment","target":["https:\/\/pulso27.com\/actualidad\/asesor-de-keiko-fujimori-relacionado-con-fernando-cerimedo\/#respond"]}]},{"@type":"WebPage","@id":"https:\/\/pulso27.com\/actualidad\/asesor-de-keiko-fujimori-relacionado-con-fernando-cerimedo\/","url":"https:\/\/pulso27.com\/actualidad\/asesor-de-keiko-fujimori-relacionado-con-fernando-cerimedo\/","name":"Asesor cercano de Keiko Fujimori aparece vinculado a consultor pol\u00edtico Fernando Cerimedo detenido en Bolivia - Pulso27","isPartOf":{"@id":"https:\/\/pulso27.com\/en\/#website"},"primaryImageOfPage":{"@id":"https:\/\/pulso27.com\/actualidad\/asesor-de-keiko-fujimori-relacionado-con-fernando-cerimedo\/#primaryimage"},"image":{"@id":"https:\/\/pulso27.com\/actualidad\/asesor-de-keiko-fujimori-relacionado-con-fernando-cerimedo\/#primaryimage"},"thumbnailUrl":"https:\/\/pulso27.com\/wp-content\/uploads\/2026\/08\/Cerimedo1.png","datePublished":"2026-08-31T02:59:41+00:00","dateModified":"2026-08-31T02:59:45+00:00","description":"Carlos D\u00edaz-Rosillo, asesor y amigo de la presidenta, aparece en una fotograf\u00eda publicada por Fernando Cerimedo","breadcrumb":{"@id":"https:\/\/pulso27.com\/actualidad\/asesor-de-keiko-fujimori-relacionado-con-fernando-cerimedo\/#breadcrumb"},"inLanguage":"es-PE","potentialAction":[{"@type":"ReadAction","target":["https:\/\/pulso27.com\/actualidad\/asesor-de-keiko-fujimori-relacionado-con-fernando-cerimedo\/"]}]},{"@type":"ImageObject","inLanguage":"es-PE","@id":"https:\/\/pulso27.com\/actualidad\/asesor-de-keiko-fujimori-relacionado-con-fernando-cerimedo\/#primaryimage","url":"https:\/\/pulso27.com\/wp-content\/uploads\/2026\/08\/Cerimedo1.png","contentUrl":"https:\/\/pulso27.com\/wp-content\/uploads\/2026\/08\/Cerimedo1.png","width":1250,"height":833},{"@type":"BreadcrumbList","@id":"https:\/\/pulso27.com\/actualidad\/asesor-de-keiko-fujimori-relacionado-con-fernando-cerimedo\/#breadcrumb","itemListElement":[{"@type":"ListItem","position":1,"name":"Portada","item":"https:\/\/pulso27.com\/"},{"@type":"ListItem","position":2,"name":"Asesor cercano de Keiko Fujimori aparece vinculado a consultor pol\u00edtico Fernando Cerimedo detenido en Bolivia"}]},{"@type":"WebSite","@id":"https:\/\/pulso27.com\/en\/#website","url":"https:\/\/pulso27.com\/en\/","name":"Pulso27","description":"Web de noticias y publicidad","publisher":{"@id":"https:\/\/pulso27.com\/en\/#organization"},"alternateName":"El pulso del pueblo","potentialAction":[{"@type":"SearchAction","target":{"@type":"EntryPoint","urlTemplate":"https:\/\/pulso27.com\/en\/?s={search_term_string}"},"query-input":{"@type":"PropertyValueSpecification","valueRequired":true,"valueName":"search_term_string"}}],"inLanguage":"es-PE"},{"@type":"Organization","@id":"https:\/\/pulso27.com\/en\/#organization","name":"Pulso27","url":"https:\/\/pulso27.com\/en\/","logo":{"@type":"ImageObject","inLanguage":"es-PE","@id":"https:\/\/pulso27.com\/en\/#\/schema\/logo\/image\/","url":"https:\/\/pulso27.com\/wp-content\/uploads\/2026\/02\/Logotipo-de-la-organizacion-696-x-696-px-ok.png","contentUrl":"https:\/\/pulso27.com\/wp-content\/uploads\/2026\/02\/Logotipo-de-la-organizacion-696-x-696-px-ok.png","width":696,"height":696,"caption":"Pulso27"},"image":{"@id":"https:\/\/pulso27.com\/en\/#\/schema\/logo\/image\/"},"sameAs":["https:\/\/www.facebook.com\/pulso27\/","https:\/\/x.com\/Pulso_27","https:\/\/www.youtube.com\/@Pulso27","https:\/\/www.tiktok.com\/@pulso_27"]},{"@type":"Person","@id":"https:\/\/pulso27.com\/en\/#\/schema\/person\/e0da4cfacbab724cbf4ab44bcc030735","name":"Editor","image":{"@type":"ImageObject","inLanguage":"es-PE","@id":"https:\/\/pulso27.com\/wp-content\/uploads\/2025\/03\/c-150x150.png","url":"https:\/\/pulso27.com\/wp-content\/uploads\/2025\/03\/c-150x150.png","contentUrl":"https:\/\/pulso27.com\/wp-content\/uploads\/2025\/03\/c-150x150.png","caption":"Editor"},"sameAs":["http:\/\/www.pulso27.com","https:\/\/www.facebook.com\/pulso27","https:\/\/x.com\/https:\/\/x.com\/Pulso_27","https:\/\/www.youtube.com\/@Pulso27"],"url":"https:\/\/pulso27.com\/es\/author\/editor\/"}]}},"amp_enabled":true,"_links":{"self":[{"href":"https:\/\/pulso27.com\/es\/wp-json\/wp\/v2\/posts\/8841","targetHints":{"allow":["GET"]}}],"collection":[{"href":"https:\/\/pulso27.com\/es\/wp-json\/wp\/v2\/posts"}],"about":[{"href":"https:\/\/pulso27.com\/es\/wp-json\/wp\/v2\/types\/post"}],"author":[{"embeddable":true,"href":"https:\/\/pulso27.com\/es\/wp-json\/wp\/v2\/users\/11"}],"replies":[{"embeddable":true,"href":"https:\/\/pulso27.com\/es\/wp-json\/wp\/v2\/comments?post=8841"}],"version-history":[{"count":1,"href":"https:\/\/pulso27.com\/es\/wp-json\/wp\/v2\/posts\/8841\/revisions"}],"predecessor-version":[{"id":8846,"href":"https:\/\/pulso27.com\/es\/wp-json\/wp\/v2\/posts\/8841\/revisions\/8846"}],"wp:featuredmedia":[{"embeddable":true,"href":"https:\/\/pulso27.com\/es\/wp-json\/wp\/v2\/media\/8842"}],"wp:attachment":[{"href":"https:\/\/pulso27.com\/es\/wp-json\/wp\/v2\/media?parent=8841"}],"wp:term":[{"taxonomy":"category","embeddable":true,"href":"https:\/\/pulso27.com\/es\/wp-json\/wp\/v2\/categories?post=8841"},{"taxonomy":"post_tag","embeddable":true,"href":"https:\/\/pulso27.com\/es\/wp-json\/wp\/v2\/tags?post=8841"}],"curies":[{"name":"wp","href":"https:\/\/api.w.org\/{rel}","templated":true}]}}