{"id":8847,"date":"2026-09-01T10:23:50","date_gmt":"2026-09-01T05:23:50","guid":{"rendered":"https:\/\/pulso27.com\/?p=8847"},"modified":"2026-09-01T10:44:24","modified_gmt":"2026-09-01T05:44:24","slug":"cuatro-muertos-un-empresario-minero-secuestrado","status":"publish","type":"post","link":"https:\/\/pulso27.com\/es\/actualidad\/policial\/cuatro-muertos-un-empresario-minero-secuestrado\/","title":{"rendered":"\u00bfCrisis inducida? El sangriento ataque en Trujillo que expone fallas de Inteligencia y alimenta sospechas de instrumentalizaci\u00f3n pol\u00edtica"},"content":{"rendered":"\n<p class=\"has-text-align-left\">Trujillo, 31 de agosto de 2026.- El ataque armado en Trujillo, que dej\u00f3 cuatro personas asesinadas y el secuestro del empresario minero Jens Marty Lara Tantaquilla, no fue un hecho aislado ni improvisado. Seg\u00fan la Polic\u00eda Nacional, el secuestro fue planificado al menos desde hace tres meses, y los atacantes actuaron con uniformes, placas e insignias del Grupo Especial Contra el Crimen Organizado (Grecco), simularon una intervenci\u00f3n policial y usaron armas de guerra para anular cualquier resistencia. La operaci\u00f3n, ejecutada en la madrugada del 30 de agosto, expone graves fallas en la prevenci\u00f3n y contrainteligencia estatal.<\/p>\n\n\n\n<p class=\"has-text-align-left\">El jefe de la Regi\u00f3n Policial La Libertad, general Ricardo Espinoza, confirm\u00f3 que Inteligencia sab\u00eda del riesgo desde meses atr\u00e1s y que se hab\u00eda advertido a posibles blancos, incluyendo a Lara Tantaquilla. Sin embargo, el empresario, vinculado a investigaciones por lavado de oro ilegal, fue interceptado en la avenida H\u00fasares de Jun\u00edn por un comando que fingi\u00f3 ser polic\u00eda. Las v\u00edctimas fueron Farhad Andrea Monz\u00f3n Ling\u00e1n, Nadia Edith Urtecho Rodr\u00edguez, Luis Alberto Rojas Ramos y Christopher Eduardo Garc\u00eda \u00c1lvarez, todos parte de su equipo de seguridad.<\/p>\n\n\n\n<p class=\"has-text-align-left\">El uso de uniformes, insignias y t\u00e1cticas policiales por parte de los atacantes plantea una pregunta clave: \u00bfC\u00f3mo obtuvieron informaci\u00f3n, indumentaria y capacidad operativa para simular una intervenci\u00f3n oficial? La Inspector\u00eda General de la PNP ya activ\u00f3 un plan de contrainteligencia, pero el da\u00f1o est\u00e1 hecho. Si el Estado ten\u00eda informaci\u00f3n previa, \u00bfpor qu\u00e9 no actu\u00f3? \u00bfHubo negligencia, infiltraci\u00f3n o incluso participaci\u00f3n indirecta de agentes estatales?<\/p>\n\n\n\n<p class=\"has-text-align-left\">El programa \u00abBeto a Saber\u00bb de Willax Televisi\u00f3n difundi\u00f3 im\u00e1genes exclusivas que muestran que la camioneta blanca de los falsos polic\u00edas (Toyota Hilux) que segu\u00edan a las v\u00edctimas era, a su vez, seguida por una patrulla de la Polic\u00eda Nacional con la circulina encendida en las inmediaciones del lugar de los hechos. Seg\u00fan el reportaje, la patrulla dobla en la misma direcci\u00f3n que los agresores durante el incidente, lo que genera nuevas y graves preguntas sobre la posible complicidad o negligencia de agentes estatales.<\/p>\n\n\n\n<figure class=\"wp-block-image size-large\"><img loading=\"lazy\" decoding=\"async\" width=\"1024\" height=\"590\" src=\"https:\/\/pulso27.com\/wp-content\/uploads\/2026\/09\/image-1024x590.png\" alt=\"\" class=\"wp-image-8856\" srcset=\"https:\/\/pulso27.com\/wp-content\/uploads\/2026\/09\/image-1024x590.png 1024w, https:\/\/pulso27.com\/wp-content\/uploads\/2026\/09\/image-300x173.png 300w, https:\/\/pulso27.com\/wp-content\/uploads\/2026\/09\/image-768x443.png 768w, https:\/\/pulso27.com\/wp-content\/uploads\/2026\/09\/image-18x10.png 18w, https:\/\/pulso27.com\/wp-content\/uploads\/2026\/09\/image.png 1081w\" sizes=\"auto, (max-width: 1024px) 100vw, 1024px\" \/><figcaption class=\"wp-element-caption\"><em>El ministro de Defensa Rafael Belaunde, y el comandante general de la Polic\u00eda Nacional del Per\u00fa (PNP), \u00d3scar Arriola, con uno de los detenidos en Trujillo.<\/em><\/figcaption><\/figure>\n\n\n\n<p class=\"has-text-align-left\">El corresponsal \u00c1ngel Chanta destac\u00f3 que la camioneta de los agresores ten\u00eda un sticker con el nombre \u00abEl Cartel\u00bb, lo que sugiere vinculaci\u00f3n con organizaciones criminales que vigilaban al empresario. Adem\u00e1s, el analista en seguridad Pedro Yaranga calific\u00f3 la operaci\u00f3n como de pel\u00edcula, subrayando que los atacantes portaban armas de guerra con silenciadores y actuaron con t\u00e1cticas especializadas, lo que refuerza la hip\u00f3tesis de un comando organizado y no de delincuentes comunes.<\/p>\n\n\n\n<p class=\"has-text-align-left\">En menos de 24 horas, la Polic\u00eda anunci\u00f3 la captura de sospechosos y la liberaci\u00f3n de Lara Tantaquilla, tras un operativo de inteligencia. Si el Estado ten\u00eda capacidad para localizarlo tan r\u00e1pido, \u00bfpor qu\u00e9 no evit\u00f3 el ataque? Las autoridades vinculan preliminarmente a la organizaci\u00f3n criminal \u00abLos Pulpos\u00bb, pero la familia del empresario habr\u00eda negociado un pago de US$ 3 millones por su rescate, seg\u00fan versiones extraoficiales.<\/p>\n\n\n\n<p class=\"has-text-align-left\">El ataque ocurri\u00f3 en una ciudad donde \u00abLos Pulpos\u00bb, una organizaci\u00f3n con d\u00e9cadas de operaci\u00f3n en La Libertad, tienen capacidad para ejecutar secuestros, extorsiones y sicariatos. El exoficial de la PNP Robert Marav\u00ed advirti\u00f3 que el nivel de planificaci\u00f3n del secuestro revela inteligencia criminal previa, incluyendo seguimiento a la v\u00edctima y conocimiento de sus movimientos. \u00bfQui\u00e9n filtr\u00f3 esa informaci\u00f3n?<\/p>\n\n\n\n<p class=\"has-text-align-left\">Lara Tantaquilla est\u00e1 investigado desde 2020 por lavado de activos vinculado al comercio de oro ilegal, a trav\u00e9s de empresas como Matwork y Consorcio Minero JyJ E.I.R.L. Expertos en crimen organizado se\u00f1alan que los delincuentes buscan v\u00edctimas con perfil econ\u00f3mico alto o acceso r\u00e1pido a recursos. \u00bfFue el secuestro un ajuste de cuentas o una extorsi\u00f3n planificada?<\/p>\n\n\n\n<p class=\"has-text-align-left\">El ministro de Defensa, Rafael Belaunde Llosa, exigi\u00f3 resultados inmediatos a la PNP, mientras la gobernadora regional de La Libertad, Joana Cabrera, coordin\u00f3 el apoyo de las Fuerzas Armadas para reforzar la seguridad. Sin embargo, el diputado Harvey Colchado critic\u00f3 que el Ejecutivo pide facultades al Congreso sin modificar la Ley 31570, que limita el mandato del comandante general de la PNP. \u00bfSe busca ampliar el poder del Estado bajo el pretexto de la inseguridad?<\/p>\n\n\n\n<p class=\"has-text-align-left\">Las cuatro personas asesinadas, dos guardias de seguridad y dos acompa\u00f1antes, dejaron familias destrozadas. Christopher Garc\u00eda, Luis Rojas, Farhad Monz\u00f3n y Nadia Urtecho fueron acribillados en una operaci\u00f3n que, seg\u00fan testigos, simul\u00f3 una intervenci\u00f3n policial. \u00bfPor qu\u00e9 no hubo reacci\u00f3n a tiempo?<\/p>\n\n\n\n<p class=\"has-text-align-left\">No hay pruebas de que el Gobierno ordenara el ataque, pero s\u00ed hay se\u00f1ales de que la crisis podr\u00eda ser instrumentalizada. La rapidez del rescate, el conocimiento previo del riesgo y la vinculaci\u00f3n con organizaciones criminales exigen una investigaci\u00f3n independiente que explore: \u00bfQui\u00e9nes en el Estado conoc\u00edan la amenaza y no actuaron? \u00bfC\u00f3mo obtuvieron los delincuentes informaci\u00f3n y recursos policiales? \u00bfPor qu\u00e9 se permite que el miedo social justifique m\u00e1s poder para el Ejecutivo sin transparencia?<\/p>\n\n\n\n<p class=\"has-text-align-left\">Ante las revelaciones de Beto Ortiz sobre la patrulla policial que segu\u00eda a los agresores, la sociedad exige una investigaci\u00f3n independiente que aclare el rol de la patrulla en el seguimiento, la posible infiltraci\u00f3n o complicidad de agentes estatales y la transparencia en el proceso de captura de los implicados.<\/p>\n\n\n\n<p class=\"has-text-align-left\">La Inspector\u00eda General de la PNP ya activ\u00f3 un plan de contrainteligencia, pero la presi\u00f3n social y medi\u00e1tica crece para que se esclarezcan estos nuevos elementos. La pregunta central sigue en pie: \u00bfFue un crimen prevenible, una falla de Inteligencia o una operaci\u00f3n con participaci\u00f3n estatal? La respuesta solo puede construirse con evidencia, no con teor\u00edas.<\/p>\n","protected":false},"excerpt":{"rendered":"<p>Trujillo, 31 de agosto de 2026.- El ataque armado en Trujillo, que dej\u00f3 cuatro personas asesinadas y el secuestro del empresario minero Jens Marty Lara Tantaquilla, no fue un hecho aislado ni improvisado. Seg\u00fan la Polic\u00eda Nacional, el secuestro fue planificado al menos desde hace tres meses, y los atacantes actuaron con uniformes, placas e [&hellip;]<\/p>\n","protected":false},"author":13,"featured_media":8849,"comment_status":"open","ping_status":"open","sticky":false,"template":"","format":"standard","meta":{"footnotes":""},"categories":[1843,178,810,1852],"tags":[3282,2940,3287,3286,3285,3281,3283,555,3284,3288,316,3274,189],"class_list":["post-8847","post","type-post","status-publish","format-standard","has-post-thumbnail","hentry","category-opinion","category-policial","category-regional","category-tendencia","tag-contrainteligencia","tag-crimen-organizado","tag-crisis-politica","tag-empresario-minero","tag-falsos-policias","tag-inteligencia-policial","tag-jens-marty-lara-tantaquilla","tag-la-libertad","tag-lavado-de-oro","tag-los-pulpos","tag-peru","tag-secuestro","tag-trujillo"],"yoast_head":"<!-- This site is optimized with the Yoast SEO plugin v28.2 - https:\/\/yoast.com\/product\/yoast-seo-wordpress\/ -->\n<title>\u00bfCrisis inducida? El sangriento ataque en Trujillo que expone fallas de Inteligencia y alimenta sospechas de instrumentalizaci\u00f3n pol\u00edtica - Pulso27<\/title>\n<meta name=\"description\" content=\"\u00bfPor qu\u00e9 el Estado no actu\u00f3 a tiempo si conoc\u00eda el riesgo? \u00bfQui\u00e9nes est\u00e1n detr\u00e1s de la operaci\u00f3n y qu\u00e9 buscan con su instrumentalizaci\u00f3n?\" \/>\n<meta name=\"robots\" content=\"index, follow, max-snippet:-1, max-image-preview:large, max-video-preview:-1\" \/>\n<link rel=\"canonical\" href=\"https:\/\/pulso27.com\/es\/actualidad\/policial\/cuatro-muertos-un-empresario-minero-secuestrado\/\" \/>\n<meta property=\"og:locale\" content=\"es_ES\" \/>\n<meta property=\"og:type\" content=\"article\" \/>\n<meta property=\"og:title\" content=\"\u00bfCrisis inducida? El sangriento ataque en Trujillo que expone fallas de Inteligencia y alimenta sospechas de instrumentalizaci\u00f3n pol\u00edtica - Pulso27\" \/>\n<meta property=\"og:description\" content=\"\u00bfPor qu\u00e9 el Estado no actu\u00f3 a tiempo si conoc\u00eda el riesgo? \u00bfQui\u00e9nes est\u00e1n detr\u00e1s de la operaci\u00f3n y qu\u00e9 buscan con su instrumentalizaci\u00f3n?\" \/>\n<meta property=\"og:url\" content=\"https:\/\/pulso27.com\/es\/actualidad\/policial\/cuatro-muertos-un-empresario-minero-secuestrado\/\" \/>\n<meta property=\"og:site_name\" content=\"Pulso27\" \/>\n<meta property=\"article:publisher\" content=\"https:\/\/www.facebook.com\/pulso27\/\" \/>\n<meta property=\"article:published_time\" content=\"2026-09-01T05:23:50+00:00\" \/>\n<meta property=\"article:modified_time\" content=\"2026-09-01T05:44:24+00:00\" \/>\n<meta property=\"og:image\" content=\"https:\/\/pulso27.com\/wp-content\/uploads\/2026\/09\/Trujillo3.png\" \/>\n\t<meta property=\"og:image:width\" content=\"1200\" \/>\n\t<meta property=\"og:image:height\" content=\"800\" \/>\n\t<meta property=\"og:image:type\" content=\"image\/png\" \/>\n<meta name=\"author\" content=\"Redactor\" \/>\n<meta name=\"twitter:card\" content=\"summary_large_image\" \/>\n<meta name=\"twitter:creator\" content=\"@Pulso_27\" \/>\n<meta name=\"twitter:site\" content=\"@Pulso_27\" \/>\n<meta name=\"twitter:label1\" content=\"Written by\" \/>\n\t<meta name=\"twitter:data1\" content=\"Redactor\" \/>\n\t<meta name=\"twitter:label2\" content=\"Est. reading time\" \/>\n\t<meta name=\"twitter:data2\" content=\"5 minutos\" \/>\n<script type=\"application\/ld+json\" class=\"yoast-schema-graph\">{\"@context\":\"https:\\\/\\\/schema.org\",\"@graph\":[{\"@type\":\"Article\",\"@id\":\"https:\\\/\\\/pulso27.com\\\/actualidad\\\/policial\\\/cuatro-muertos-un-empresario-minero-secuestrado\\\/#article\",\"isPartOf\":{\"@id\":\"https:\\\/\\\/pulso27.com\\\/actualidad\\\/policial\\\/cuatro-muertos-un-empresario-minero-secuestrado\\\/\"},\"author\":{\"name\":\"Redactor\",\"@id\":\"https:\\\/\\\/pulso27.com\\\/en\\\/#\\\/schema\\\/person\\\/bf5ee161e6c87f6c7d57f5e689ef8526\"},\"headline\":\"\u00bfCrisis inducida? El sangriento ataque en Trujillo que expone fallas de Inteligencia y alimenta sospechas de instrumentalizaci\u00f3n pol\u00edtica\",\"datePublished\":\"2026-09-01T05:23:50+00:00\",\"dateModified\":\"2026-09-01T05:44:24+00:00\",\"mainEntityOfPage\":{\"@id\":\"https:\\\/\\\/pulso27.com\\\/actualidad\\\/policial\\\/cuatro-muertos-un-empresario-minero-secuestrado\\\/\"},\"wordCount\":1017,\"commentCount\":0,\"publisher\":{\"@id\":\"https:\\\/\\\/pulso27.com\\\/en\\\/#organization\"},\"image\":{\"@id\":\"https:\\\/\\\/pulso27.com\\\/actualidad\\\/policial\\\/cuatro-muertos-un-empresario-minero-secuestrado\\\/#primaryimage\"},\"thumbnailUrl\":\"https:\\\/\\\/pulso27.com\\\/wp-content\\\/uploads\\\/2026\\\/09\\\/Trujillo3.png\",\"keywords\":[\"contrainteligencia\",\"crimen organizado\",\"crisis pol\u00edtica\",\"empresario minero\",\"falsos polic\u00edas\",\"Inteligencia policial\",\"Jens Marty Lara Tantaquilla\",\"La Libertad\",\"lavado de oro\",\"Los Pulpos\",\"Per\u00fa\",\"secuestro\",\"Trujillo\"],\"articleSection\":[\"Opini\u00f3n\",\"Policial\",\"Regional\",\"Tendencia\"],\"inLanguage\":\"es-PE\",\"potentialAction\":[{\"@type\":\"CommentAction\",\"name\":\"Comment\",\"target\":[\"https:\\\/\\\/pulso27.com\\\/actualidad\\\/policial\\\/cuatro-muertos-un-empresario-minero-secuestrado\\\/#respond\"]}]},{\"@type\":\"WebPage\",\"@id\":\"https:\\\/\\\/pulso27.com\\\/actualidad\\\/policial\\\/cuatro-muertos-un-empresario-minero-secuestrado\\\/\",\"url\":\"https:\\\/\\\/pulso27.com\\\/actualidad\\\/policial\\\/cuatro-muertos-un-empresario-minero-secuestrado\\\/\",\"name\":\"\u00bfCrisis inducida? El sangriento ataque en Trujillo que expone fallas de Inteligencia y alimenta sospechas de instrumentalizaci\u00f3n pol\u00edtica - Pulso27\",\"isPartOf\":{\"@id\":\"https:\\\/\\\/pulso27.com\\\/en\\\/#website\"},\"primaryImageOfPage\":{\"@id\":\"https:\\\/\\\/pulso27.com\\\/actualidad\\\/policial\\\/cuatro-muertos-un-empresario-minero-secuestrado\\\/#primaryimage\"},\"image\":{\"@id\":\"https:\\\/\\\/pulso27.com\\\/actualidad\\\/policial\\\/cuatro-muertos-un-empresario-minero-secuestrado\\\/#primaryimage\"},\"thumbnailUrl\":\"https:\\\/\\\/pulso27.com\\\/wp-content\\\/uploads\\\/2026\\\/09\\\/Trujillo3.png\",\"datePublished\":\"2026-09-01T05:23:50+00:00\",\"dateModified\":\"2026-09-01T05:44:24+00:00\",\"description\":\"\u00bfPor qu\u00e9 el Estado no actu\u00f3 a tiempo si conoc\u00eda el riesgo? \u00bfQui\u00e9nes est\u00e1n detr\u00e1s de la operaci\u00f3n y qu\u00e9 buscan con su instrumentalizaci\u00f3n?\",\"breadcrumb\":{\"@id\":\"https:\\\/\\\/pulso27.com\\\/actualidad\\\/policial\\\/cuatro-muertos-un-empresario-minero-secuestrado\\\/#breadcrumb\"},\"inLanguage\":\"es-PE\",\"potentialAction\":[{\"@type\":\"ReadAction\",\"target\":[\"https:\\\/\\\/pulso27.com\\\/actualidad\\\/policial\\\/cuatro-muertos-un-empresario-minero-secuestrado\\\/\"]}]},{\"@type\":\"ImageObject\",\"inLanguage\":\"es-PE\",\"@id\":\"https:\\\/\\\/pulso27.com\\\/actualidad\\\/policial\\\/cuatro-muertos-un-empresario-minero-secuestrado\\\/#primaryimage\",\"url\":\"https:\\\/\\\/pulso27.com\\\/wp-content\\\/uploads\\\/2026\\\/09\\\/Trujillo3.png\",\"contentUrl\":\"https:\\\/\\\/pulso27.com\\\/wp-content\\\/uploads\\\/2026\\\/09\\\/Trujillo3.png\",\"width\":1200,\"height\":800},{\"@type\":\"BreadcrumbList\",\"@id\":\"https:\\\/\\\/pulso27.com\\\/actualidad\\\/policial\\\/cuatro-muertos-un-empresario-minero-secuestrado\\\/#breadcrumb\",\"itemListElement\":[{\"@type\":\"ListItem\",\"position\":1,\"name\":\"Portada\",\"item\":\"https:\\\/\\\/pulso27.com\\\/\"},{\"@type\":\"ListItem\",\"position\":2,\"name\":\"\u00bfCrisis inducida? El sangriento ataque en Trujillo que expone fallas de Inteligencia y alimenta sospechas de instrumentalizaci\u00f3n pol\u00edtica\"}]},{\"@type\":\"WebSite\",\"@id\":\"https:\\\/\\\/pulso27.com\\\/en\\\/#website\",\"url\":\"https:\\\/\\\/pulso27.com\\\/en\\\/\",\"name\":\"Pulso27\",\"description\":\"Web de noticias y publicidad\",\"publisher\":{\"@id\":\"https:\\\/\\\/pulso27.com\\\/en\\\/#organization\"},\"alternateName\":\"El pulso del pueblo\",\"potentialAction\":[{\"@type\":\"SearchAction\",\"target\":{\"@type\":\"EntryPoint\",\"urlTemplate\":\"https:\\\/\\\/pulso27.com\\\/en\\\/?s={search_term_string}\"},\"query-input\":{\"@type\":\"PropertyValueSpecification\",\"valueRequired\":true,\"valueName\":\"search_term_string\"}}],\"inLanguage\":\"es-PE\"},{\"@type\":\"Organization\",\"@id\":\"https:\\\/\\\/pulso27.com\\\/en\\\/#organization\",\"name\":\"Pulso27\",\"url\":\"https:\\\/\\\/pulso27.com\\\/en\\\/\",\"logo\":{\"@type\":\"ImageObject\",\"inLanguage\":\"es-PE\",\"@id\":\"https:\\\/\\\/pulso27.com\\\/en\\\/#\\\/schema\\\/logo\\\/image\\\/\",\"url\":\"https:\\\/\\\/pulso27.com\\\/wp-content\\\/uploads\\\/2026\\\/02\\\/Logotipo-de-la-organizacion-696-x-696-px-ok.png\",\"contentUrl\":\"https:\\\/\\\/pulso27.com\\\/wp-content\\\/uploads\\\/2026\\\/02\\\/Logotipo-de-la-organizacion-696-x-696-px-ok.png\",\"width\":696,\"height\":696,\"caption\":\"Pulso27\"},\"image\":{\"@id\":\"https:\\\/\\\/pulso27.com\\\/en\\\/#\\\/schema\\\/logo\\\/image\\\/\"},\"sameAs\":[\"https:\\\/\\\/www.facebook.com\\\/pulso27\\\/\",\"https:\\\/\\\/x.com\\\/Pulso_27\",\"https:\\\/\\\/www.youtube.com\\\/@Pulso27\",\"https:\\\/\\\/www.tiktok.com\\\/@pulso_27\"]},{\"@type\":\"Person\",\"@id\":\"https:\\\/\\\/pulso27.com\\\/en\\\/#\\\/schema\\\/person\\\/bf5ee161e6c87f6c7d57f5e689ef8526\",\"name\":\"Redactor\",\"image\":{\"@type\":\"ImageObject\",\"inLanguage\":\"es-PE\",\"@id\":\"https:\\\/\\\/pulso27.com\\\/wp-content\\\/uploads\\\/2025\\\/03\\\/a-150x150.png\",\"url\":\"https:\\\/\\\/pulso27.com\\\/wp-content\\\/uploads\\\/2025\\\/03\\\/a-150x150.png\",\"contentUrl\":\"https:\\\/\\\/pulso27.com\\\/wp-content\\\/uploads\\\/2025\\\/03\\\/a-150x150.png\",\"caption\":\"Redactor\"},\"sameAs\":[\"http:\\\/\\\/www.pulso27.com\"],\"url\":\"https:\\\/\\\/pulso27.com\\\/es\\\/author\\\/redactor\\\/\"}]}<\/script>\n<!-- \/ Yoast SEO plugin. -->","yoast_head_json":{"title":"\u00bfCrisis inducida? El sangriento ataque en Trujillo que expone fallas de Inteligencia y alimenta sospechas de instrumentalizaci\u00f3n pol\u00edtica - Pulso27","description":"\u00bfPor qu\u00e9 el Estado no actu\u00f3 a tiempo si conoc\u00eda el riesgo? \u00bfQui\u00e9nes est\u00e1n detr\u00e1s de la operaci\u00f3n y qu\u00e9 buscan con su instrumentalizaci\u00f3n?","robots":{"index":"index","follow":"follow","max-snippet":"max-snippet:-1","max-image-preview":"max-image-preview:large","max-video-preview":"max-video-preview:-1"},"canonical":"https:\/\/pulso27.com\/es\/actualidad\/policial\/cuatro-muertos-un-empresario-minero-secuestrado\/","og_locale":"es_ES","og_type":"article","og_title":"\u00bfCrisis inducida? El sangriento ataque en Trujillo que expone fallas de Inteligencia y alimenta sospechas de instrumentalizaci\u00f3n pol\u00edtica - Pulso27","og_description":"\u00bfPor qu\u00e9 el Estado no actu\u00f3 a tiempo si conoc\u00eda el riesgo? \u00bfQui\u00e9nes est\u00e1n detr\u00e1s de la operaci\u00f3n y qu\u00e9 buscan con su instrumentalizaci\u00f3n?","og_url":"https:\/\/pulso27.com\/es\/actualidad\/policial\/cuatro-muertos-un-empresario-minero-secuestrado\/","og_site_name":"Pulso27","article_publisher":"https:\/\/www.facebook.com\/pulso27\/","article_published_time":"2026-09-01T05:23:50+00:00","article_modified_time":"2026-09-01T05:44:24+00:00","og_image":[{"width":1200,"height":800,"url":"https:\/\/pulso27.com\/wp-content\/uploads\/2026\/09\/Trujillo3.png","type":"image\/png"}],"author":"Redactor","twitter_card":"summary_large_image","twitter_creator":"@Pulso_27","twitter_site":"@Pulso_27","twitter_misc":{"Written by":"Redactor","Est. reading time":"5 minutos"},"schema":{"@context":"https:\/\/schema.org","@graph":[{"@type":"Article","@id":"https:\/\/pulso27.com\/actualidad\/policial\/cuatro-muertos-un-empresario-minero-secuestrado\/#article","isPartOf":{"@id":"https:\/\/pulso27.com\/actualidad\/policial\/cuatro-muertos-un-empresario-minero-secuestrado\/"},"author":{"name":"Redactor","@id":"https:\/\/pulso27.com\/en\/#\/schema\/person\/bf5ee161e6c87f6c7d57f5e689ef8526"},"headline":"\u00bfCrisis inducida? El sangriento ataque en Trujillo que expone fallas de Inteligencia y alimenta sospechas de instrumentalizaci\u00f3n pol\u00edtica","datePublished":"2026-09-01T05:23:50+00:00","dateModified":"2026-09-01T05:44:24+00:00","mainEntityOfPage":{"@id":"https:\/\/pulso27.com\/actualidad\/policial\/cuatro-muertos-un-empresario-minero-secuestrado\/"},"wordCount":1017,"commentCount":0,"publisher":{"@id":"https:\/\/pulso27.com\/en\/#organization"},"image":{"@id":"https:\/\/pulso27.com\/actualidad\/policial\/cuatro-muertos-un-empresario-minero-secuestrado\/#primaryimage"},"thumbnailUrl":"https:\/\/pulso27.com\/wp-content\/uploads\/2026\/09\/Trujillo3.png","keywords":["contrainteligencia","crimen organizado","crisis pol\u00edtica","empresario minero","falsos polic\u00edas","Inteligencia policial","Jens Marty Lara Tantaquilla","La Libertad","lavado de oro","Los Pulpos","Per\u00fa","secuestro","Trujillo"],"articleSection":["Opini\u00f3n","Policial","Regional","Tendencia"],"inLanguage":"es-PE","potentialAction":[{"@type":"CommentAction","name":"Comment","target":["https:\/\/pulso27.com\/actualidad\/policial\/cuatro-muertos-un-empresario-minero-secuestrado\/#respond"]}]},{"@type":"WebPage","@id":"https:\/\/pulso27.com\/actualidad\/policial\/cuatro-muertos-un-empresario-minero-secuestrado\/","url":"https:\/\/pulso27.com\/actualidad\/policial\/cuatro-muertos-un-empresario-minero-secuestrado\/","name":"\u00bfCrisis inducida? El sangriento ataque en Trujillo que expone fallas de Inteligencia y alimenta sospechas de instrumentalizaci\u00f3n pol\u00edtica - Pulso27","isPartOf":{"@id":"https:\/\/pulso27.com\/en\/#website"},"primaryImageOfPage":{"@id":"https:\/\/pulso27.com\/actualidad\/policial\/cuatro-muertos-un-empresario-minero-secuestrado\/#primaryimage"},"image":{"@id":"https:\/\/pulso27.com\/actualidad\/policial\/cuatro-muertos-un-empresario-minero-secuestrado\/#primaryimage"},"thumbnailUrl":"https:\/\/pulso27.com\/wp-content\/uploads\/2026\/09\/Trujillo3.png","datePublished":"2026-09-01T05:23:50+00:00","dateModified":"2026-09-01T05:44:24+00:00","description":"\u00bfPor qu\u00e9 el Estado no actu\u00f3 a tiempo si conoc\u00eda el riesgo? \u00bfQui\u00e9nes est\u00e1n detr\u00e1s de la operaci\u00f3n y qu\u00e9 buscan con su instrumentalizaci\u00f3n?","breadcrumb":{"@id":"https:\/\/pulso27.com\/actualidad\/policial\/cuatro-muertos-un-empresario-minero-secuestrado\/#breadcrumb"},"inLanguage":"es-PE","potentialAction":[{"@type":"ReadAction","target":["https:\/\/pulso27.com\/actualidad\/policial\/cuatro-muertos-un-empresario-minero-secuestrado\/"]}]},{"@type":"ImageObject","inLanguage":"es-PE","@id":"https:\/\/pulso27.com\/actualidad\/policial\/cuatro-muertos-un-empresario-minero-secuestrado\/#primaryimage","url":"https:\/\/pulso27.com\/wp-content\/uploads\/2026\/09\/Trujillo3.png","contentUrl":"https:\/\/pulso27.com\/wp-content\/uploads\/2026\/09\/Trujillo3.png","width":1200,"height":800},{"@type":"BreadcrumbList","@id":"https:\/\/pulso27.com\/actualidad\/policial\/cuatro-muertos-un-empresario-minero-secuestrado\/#breadcrumb","itemListElement":[{"@type":"ListItem","position":1,"name":"Portada","item":"https:\/\/pulso27.com\/"},{"@type":"ListItem","position":2,"name":"\u00bfCrisis inducida? El sangriento ataque en Trujillo que expone fallas de Inteligencia y alimenta sospechas de instrumentalizaci\u00f3n pol\u00edtica"}]},{"@type":"WebSite","@id":"https:\/\/pulso27.com\/en\/#website","url":"https:\/\/pulso27.com\/en\/","name":"Pulso27","description":"Web de noticias y publicidad","publisher":{"@id":"https:\/\/pulso27.com\/en\/#organization"},"alternateName":"El pulso del pueblo","potentialAction":[{"@type":"SearchAction","target":{"@type":"EntryPoint","urlTemplate":"https:\/\/pulso27.com\/en\/?s={search_term_string}"},"query-input":{"@type":"PropertyValueSpecification","valueRequired":true,"valueName":"search_term_string"}}],"inLanguage":"es-PE"},{"@type":"Organization","@id":"https:\/\/pulso27.com\/en\/#organization","name":"Pulso27","url":"https:\/\/pulso27.com\/en\/","logo":{"@type":"ImageObject","inLanguage":"es-PE","@id":"https:\/\/pulso27.com\/en\/#\/schema\/logo\/image\/","url":"https:\/\/pulso27.com\/wp-content\/uploads\/2026\/02\/Logotipo-de-la-organizacion-696-x-696-px-ok.png","contentUrl":"https:\/\/pulso27.com\/wp-content\/uploads\/2026\/02\/Logotipo-de-la-organizacion-696-x-696-px-ok.png","width":696,"height":696,"caption":"Pulso27"},"image":{"@id":"https:\/\/pulso27.com\/en\/#\/schema\/logo\/image\/"},"sameAs":["https:\/\/www.facebook.com\/pulso27\/","https:\/\/x.com\/Pulso_27","https:\/\/www.youtube.com\/@Pulso27","https:\/\/www.tiktok.com\/@pulso_27"]},{"@type":"Person","@id":"https:\/\/pulso27.com\/en\/#\/schema\/person\/bf5ee161e6c87f6c7d57f5e689ef8526","name":"Redactor","image":{"@type":"ImageObject","inLanguage":"es-PE","@id":"https:\/\/pulso27.com\/wp-content\/uploads\/2025\/03\/a-150x150.png","url":"https:\/\/pulso27.com\/wp-content\/uploads\/2025\/03\/a-150x150.png","contentUrl":"https:\/\/pulso27.com\/wp-content\/uploads\/2025\/03\/a-150x150.png","caption":"Redactor"},"sameAs":["http:\/\/www.pulso27.com"],"url":"https:\/\/pulso27.com\/es\/author\/redactor\/"}]}},"amp_enabled":true,"_links":{"self":[{"href":"https:\/\/pulso27.com\/es\/wp-json\/wp\/v2\/posts\/8847","targetHints":{"allow":["GET"]}}],"collection":[{"href":"https:\/\/pulso27.com\/es\/wp-json\/wp\/v2\/posts"}],"about":[{"href":"https:\/\/pulso27.com\/es\/wp-json\/wp\/v2\/types\/post"}],"author":[{"embeddable":true,"href":"https:\/\/pulso27.com\/es\/wp-json\/wp\/v2\/users\/13"}],"replies":[{"embeddable":true,"href":"https:\/\/pulso27.com\/es\/wp-json\/wp\/v2\/comments?post=8847"}],"version-history":[{"count":2,"href":"https:\/\/pulso27.com\/es\/wp-json\/wp\/v2\/posts\/8847\/revisions"}],"predecessor-version":[{"id":8858,"href":"https:\/\/pulso27.com\/es\/wp-json\/wp\/v2\/posts\/8847\/revisions\/8858"}],"wp:featuredmedia":[{"embeddable":true,"href":"https:\/\/pulso27.com\/es\/wp-json\/wp\/v2\/media\/8849"}],"wp:attachment":[{"href":"https:\/\/pulso27.com\/es\/wp-json\/wp\/v2\/media?parent=8847"}],"wp:term":[{"taxonomy":"category","embeddable":true,"href":"https:\/\/pulso27.com\/es\/wp-json\/wp\/v2\/categories?post=8847"},{"taxonomy":"post_tag","embeddable":true,"href":"https:\/\/pulso27.com\/es\/wp-json\/wp\/v2\/tags?post=8847"}],"curies":[{"name":"wp","href":"https:\/\/api.w.org\/{rel}","templated":true}]}}