{"id":8866,"date":"2026-09-02T11:02:48","date_gmt":"2026-09-02T06:02:48","guid":{"rendered":"https:\/\/pulso27.com\/?p=8866"},"modified":"2026-09-02T11:02:56","modified_gmt":"2026-09-02T06:02:56","slug":"el_nino_emergencia_por_60_dias","status":"publish","type":"post","link":"https:\/\/pulso27.com\/es\/actualidad\/ambiente\/el_nino_emergencia_por_60_dias\/","title":{"rendered":"El Ni\u00f1o pone en alerta a 893 distritos: Ejecutivo declara emergencia por 60 d\u00edas ante riesgo de lluvias intensas"},"content":{"rendered":"\n<p class=\"has-text-align-center\"><strong>La medida alcanza a 22 departamentos y el Callao. ENFEN advierte que existe al menos 62% de probabilidad de que El Ni\u00f1o Costero alcance una magnitud extraordinaria entre septiembre de 2026 y enero de 2027.<\/strong><\/p>\n\n\n\n<p>Lima, 1 de setiembre de 2026.- El Poder Ejecutivo declar\u00f3 el estado de emergencia por 60 d\u00edas calendario en 893 distritos de 154 provincias, ubicados en 22 departamentos del pa\u00eds y la Provincia Constitucional del Callao, ante el peligro inminente generado por intensas precipitaciones pluviales asociadas al fen\u00f3meno El Ni\u00f1o 2026-2027. La medida fue oficializada mediante el Decreto Supremo N.\u00b0 124-2026-PCM, publicado el 1 de septiembre en el diario oficial El Peruano.<\/p>\n\n\n\n<p><strong>Una emergencia de alcance nacional<\/strong><\/p>\n\n\n\n<p>La declaratoria comprende Amazonas, \u00c1ncash, Apur\u00edmac, Arequipa, Ayacucho, Cajamarca, Huancavelica, Hu\u00e1nuco, Ica, Jun\u00edn, La Libertad, Lambayeque, Lima, Loreto, Madre de Dios, Moquegua, Pasco, Piura, San Mart\u00edn, Tacna, Tumbes y Ucayali, adem\u00e1s del Callao. La norma establece que las jurisdicciones involucradas presentan un \u201cmuy alto riesgo\u201d que requiere intervenciones inmediatas de reducci\u00f3n del riesgo, respuesta y rehabilitaci\u00f3n.<\/p>\n\n\n\n<p>La decisi\u00f3n no responde \u00fanicamente a una previsi\u00f3n meteorol\u00f3gica. El expediente t\u00e9cnico utilizado por el Ejecutivo incorpora informes del Instituto Nacional de Defensa Civil (INDECI), el Servicio Nacional de Meteorolog\u00eda e Hidrolog\u00eda (SENAMHI), el Centro Nacional de Estimaci\u00f3n, Prevenci\u00f3n y Reducci\u00f3n del Riesgo de Desastres (CENEPRED) y la Comisi\u00f3n Multisectorial encargada del Estudio Nacional del Fen\u00f3meno El Ni\u00f1o (ENFEN).<\/p>\n\n\n\n<p>El riesgo clim\u00e1tico aumenta<\/p>\n\n\n\n<p>La advertencia m\u00e1s reciente de ENFEN eleva el nivel de preocupaci\u00f3n. En su Comunicado Oficial N.\u00b0 15-2026, publicado el 28 de agosto, la comisi\u00f3n mantiene la Alerta de El Ni\u00f1o Costero y estima una probabilidad igual o superior al 62% de que alcance una magnitud extraordinaria entre septiembre de 2026 y enero de 2027. Para febrero y marzo de 2027, el escenario m\u00e1s probable se ubica entre fuerte y extraordinario.<\/p>\n\n\n\n<p>El organismo cient\u00edfico tambi\u00e9n advierte que entre septiembre y noviembre las temperaturas del aire permanecer\u00edan muy por encima de lo normal en toda la costa, con alta probabilidad de nuevos r\u00e9cords. Para la costa norte se prev\u00e9n precipitaciones superiores a lo normal, mientras que durante el verano de 2027 las lluvias podr\u00edan superar sus valores habituales en la costa norte, costa central y sierra noroccidental.<\/p>\n\n\n\n<p><strong>El verano ser\u00e1 el periodo cr\u00edtico<\/strong><\/p>\n\n\n\n<p>El vocero de ENFEN, Luis V\u00e1squez Espinoza, se\u00f1al\u00f3 que, si el evento alcanza una condici\u00f3n extraordinaria, la temperatura superficial del mar podr\u00eda presentar anomal\u00edas superiores a 3,5 \u00b0C entre septiembre y enero. El periodo de mayor impacto de las lluvias intensas se proyecta para el verano, particularmente en la costa norte y la sierra noroccidental.<\/p>\n\n\n\n<p>La dimensi\u00f3n del riesgo tambi\u00e9n plantea un desaf\u00edo para la infraestructura p\u00fablica, la agricultura, el transporte y los servicios b\u00e1sicos. Desbordes de r\u00edos, inundaciones, huaicos y movimientos en masa podr\u00edan afectar poblaciones y medios de vida en territorios previamente identificados como vulnerables. Por ello, la declaratoria busca intervenir antes de que el peligro se convierta en desastre.<\/p>\n\n\n\n<p><strong>\u00bfQu\u00e9 podr\u00e1n hacer las autoridades?<\/strong><\/p>\n\n\n\n<p>Durante los 60 d\u00edas de vigencia, los gobiernos regionales y locales deber\u00e1n ejecutar las medidas de excepci\u00f3n necesarias para reducir el muy alto riesgo existente. Estas acciones deben guardar una relaci\u00f3n directa con el peligro que sustenta la declaratoria y podr\u00e1n comprender actividades de prevenci\u00f3n, respuesta y rehabilitaci\u00f3n.<\/p>\n\n\n\n<p>INDECI tendr\u00e1 a su cargo la coordinaci\u00f3n t\u00e9cnica y el seguimiento de las acciones, con participaci\u00f3n de diversos sectores del Ejecutivo, entre ellos Salud, Educaci\u00f3n, Desarrollo Agrario y Riego, Vivienda, Defensa, Interior, Transportes y Comunicaciones, Energ\u00eda y Minas, Mujer y Poblaciones Vulnerables y Desarrollo e Inclusi\u00f3n Social.<\/p>\n\n\n\n<p><strong>La emergencia tambi\u00e9n pone a prueba la capacidad del Estado<\/strong><\/p>\n\n\n\n<p>El punto cr\u00edtico ahora no es solamente la declaratoria, sino la capacidad de convertirla en acciones concretas antes de la temporada de mayor impacto. La propia norma establece que las intervenciones deber\u00e1n ejecutarse con cargo a los presupuestos institucionales de las entidades comprendidas, sin demandar recursos adicionales al Tesoro P\u00fablico.<\/p>\n\n\n\n<p>Para Pulso27, el dato central es que el Estado dispone ahora de un periodo limitado para reducir vulnerabilidades que ya han sido identificadas t\u00e9cnicamente. Con ENFEN proyectando un escenario extraordinario para los pr\u00f3ximos meses, la eficacia de la respuesta depender\u00e1 menos de nuevas declaraciones y m\u00e1s de la rapidez con que gobiernos regionales, municipios y sectores nacionales conviertan los diagn\u00f3sticos de riesgo en obras, limpieza de cauces, protecci\u00f3n de infraestructura y medidas efectivas para proteger a la poblaci\u00f3n y sus medios de vida.<\/p>\n","protected":false},"excerpt":{"rendered":"<p>La medida alcanza a 22 departamentos y el Callao. ENFEN advierte que existe al menos 62% de probabilidad de que El Ni\u00f1o Costero alcance una magnitud extraordinaria entre septiembre de 2026 y enero de 2027. Lima, 1 de setiembre de 2026.- El Poder Ejecutivo declar\u00f3 el estado de emergencia por 60 d\u00edas calendario en 893 [&hellip;]<\/p>\n","protected":false},"author":7,"featured_media":8867,"comment_status":"open","ping_status":"open","sticky":false,"template":"","format":"standard","meta":{"footnotes":""},"categories":[1847,174,809,1852],"tags":[3297,3295,3045,3296,3299,822,3300,3298,3152],"class_list":["post-8866","post","type-post","status-publish","format-standard","has-post-thumbnail","hentry","category-ambiente","category-nacional","category-salud","category-tendencia","tag-893-distritos","tag-el-nino-2026-2027","tag-el-nino-costero","tag-enfen","tag-estado-de-emergencia-peru","tag-indeci","tag-lluvias-intensas","tag-lluvias-peru","tag-prevencion-de-desastres"],"yoast_head":"<!-- This site is optimized with the Yoast SEO plugin v28.2 - https:\/\/yoast.com\/product\/yoast-seo-wordpress\/ -->\n<title>El Ni\u00f1o pone en alerta a 893 distritos: Ejecutivo declara emergencia por 60 d\u00edas ante riesgo de lluvias intensas - Pulso27<\/title>\n<meta name=\"description\" content=\"Ejecutivo declara emergencia por 60 d\u00edas ante riesgo de lluvias intensas en Per\u00fa\" \/>\n<meta name=\"robots\" content=\"index, follow, max-snippet:-1, max-image-preview:large, max-video-preview:-1\" \/>\n<link rel=\"canonical\" href=\"https:\/\/pulso27.com\/es\/actualidad\/ambiente\/el_nino_emergencia_por_60_dias\/\" \/>\n<meta property=\"og:locale\" content=\"es_ES\" \/>\n<meta property=\"og:type\" content=\"article\" \/>\n<meta property=\"og:title\" content=\"El Ni\u00f1o pone en alerta a 893 distritos: Ejecutivo declara emergencia por 60 d\u00edas ante riesgo de lluvias intensas - Pulso27\" \/>\n<meta property=\"og:description\" content=\"Ejecutivo declara emergencia por 60 d\u00edas ante riesgo de lluvias intensas en Per\u00fa\" \/>\n<meta property=\"og:url\" content=\"https:\/\/pulso27.com\/es\/actualidad\/ambiente\/el_nino_emergencia_por_60_dias\/\" \/>\n<meta property=\"og:site_name\" content=\"Pulso27\" \/>\n<meta property=\"article:publisher\" content=\"https:\/\/www.facebook.com\/pulso27\/\" \/>\n<meta property=\"article:published_time\" content=\"2026-09-02T06:02:48+00:00\" \/>\n<meta property=\"article:modified_time\" content=\"2026-09-02T06:02:56+00:00\" \/>\n<meta property=\"og:image\" content=\"https:\/\/pulso27.com\/wp-content\/uploads\/2026\/09\/El-Nino.png\" \/>\n\t<meta property=\"og:image:width\" content=\"1200\" \/>\n\t<meta property=\"og:image:height\" content=\"800\" \/>\n\t<meta property=\"og:image:type\" content=\"image\/png\" \/>\n<meta name=\"author\" content=\"Tupaq\" \/>\n<meta name=\"twitter:card\" content=\"summary_large_image\" \/>\n<meta name=\"twitter:creator\" content=\"@Pulso_27\" \/>\n<meta name=\"twitter:site\" content=\"@Pulso_27\" \/>\n<meta name=\"twitter:label1\" content=\"Written by\" \/>\n\t<meta name=\"twitter:data1\" content=\"Tupaq\" \/>\n\t<meta name=\"twitter:label2\" content=\"Est. reading time\" \/>\n\t<meta name=\"twitter:data2\" content=\"4 minutos\" \/>\n<script type=\"application\/ld+json\" class=\"yoast-schema-graph\">{\"@context\":\"https:\\\/\\\/schema.org\",\"@graph\":[{\"@type\":\"Article\",\"@id\":\"https:\\\/\\\/pulso27.com\\\/actualidad\\\/ambiente\\\/el_nino_emergencia_por_60_dias\\\/#article\",\"isPartOf\":{\"@id\":\"https:\\\/\\\/pulso27.com\\\/actualidad\\\/ambiente\\\/el_nino_emergencia_por_60_dias\\\/\"},\"author\":{\"name\":\"Tupaq\",\"@id\":\"https:\\\/\\\/pulso27.com\\\/en\\\/#\\\/schema\\\/person\\\/d20fd7f5bc7f2e53fd150d43fca07a78\"},\"headline\":\"El Ni\u00f1o pone en alerta a 893 distritos: Ejecutivo declara emergencia por 60 d\u00edas ante riesgo de lluvias intensas\",\"datePublished\":\"2026-09-02T06:02:48+00:00\",\"dateModified\":\"2026-09-02T06:02:56+00:00\",\"mainEntityOfPage\":{\"@id\":\"https:\\\/\\\/pulso27.com\\\/actualidad\\\/ambiente\\\/el_nino_emergencia_por_60_dias\\\/\"},\"wordCount\":802,\"commentCount\":0,\"publisher\":{\"@id\":\"https:\\\/\\\/pulso27.com\\\/en\\\/#organization\"},\"image\":{\"@id\":\"https:\\\/\\\/pulso27.com\\\/actualidad\\\/ambiente\\\/el_nino_emergencia_por_60_dias\\\/#primaryimage\"},\"thumbnailUrl\":\"https:\\\/\\\/pulso27.com\\\/wp-content\\\/uploads\\\/2026\\\/09\\\/El-Nino.png\",\"keywords\":[\"893 distritos\",\"El Ni\u00f1o 2026-2027\",\"El Ni\u00f1o Costero\",\"ENFEN\",\"estado de emergencia Per\u00fa\",\"Indeci\",\"lluvias intensas\",\"lluvias Per\u00fa\",\"prevenci\u00f3n de desastres\"],\"articleSection\":[\"Ambiente\",\"Nacional\",\"Salud\",\"Tendencia\"],\"inLanguage\":\"es-PE\",\"potentialAction\":[{\"@type\":\"CommentAction\",\"name\":\"Comment\",\"target\":[\"https:\\\/\\\/pulso27.com\\\/actualidad\\\/ambiente\\\/el_nino_emergencia_por_60_dias\\\/#respond\"]}]},{\"@type\":\"WebPage\",\"@id\":\"https:\\\/\\\/pulso27.com\\\/actualidad\\\/ambiente\\\/el_nino_emergencia_por_60_dias\\\/\",\"url\":\"https:\\\/\\\/pulso27.com\\\/actualidad\\\/ambiente\\\/el_nino_emergencia_por_60_dias\\\/\",\"name\":\"El Ni\u00f1o pone en alerta a 893 distritos: Ejecutivo declara emergencia por 60 d\u00edas ante riesgo de lluvias intensas - Pulso27\",\"isPartOf\":{\"@id\":\"https:\\\/\\\/pulso27.com\\\/en\\\/#website\"},\"primaryImageOfPage\":{\"@id\":\"https:\\\/\\\/pulso27.com\\\/actualidad\\\/ambiente\\\/el_nino_emergencia_por_60_dias\\\/#primaryimage\"},\"image\":{\"@id\":\"https:\\\/\\\/pulso27.com\\\/actualidad\\\/ambiente\\\/el_nino_emergencia_por_60_dias\\\/#primaryimage\"},\"thumbnailUrl\":\"https:\\\/\\\/pulso27.com\\\/wp-content\\\/uploads\\\/2026\\\/09\\\/El-Nino.png\",\"datePublished\":\"2026-09-02T06:02:48+00:00\",\"dateModified\":\"2026-09-02T06:02:56+00:00\",\"description\":\"Ejecutivo declara emergencia por 60 d\u00edas ante riesgo de lluvias intensas en Per\u00fa\",\"breadcrumb\":{\"@id\":\"https:\\\/\\\/pulso27.com\\\/actualidad\\\/ambiente\\\/el_nino_emergencia_por_60_dias\\\/#breadcrumb\"},\"inLanguage\":\"es-PE\",\"potentialAction\":[{\"@type\":\"ReadAction\",\"target\":[\"https:\\\/\\\/pulso27.com\\\/actualidad\\\/ambiente\\\/el_nino_emergencia_por_60_dias\\\/\"]}]},{\"@type\":\"ImageObject\",\"inLanguage\":\"es-PE\",\"@id\":\"https:\\\/\\\/pulso27.com\\\/actualidad\\\/ambiente\\\/el_nino_emergencia_por_60_dias\\\/#primaryimage\",\"url\":\"https:\\\/\\\/pulso27.com\\\/wp-content\\\/uploads\\\/2026\\\/09\\\/El-Nino.png\",\"contentUrl\":\"https:\\\/\\\/pulso27.com\\\/wp-content\\\/uploads\\\/2026\\\/09\\\/El-Nino.png\",\"width\":1200,\"height\":800},{\"@type\":\"BreadcrumbList\",\"@id\":\"https:\\\/\\\/pulso27.com\\\/actualidad\\\/ambiente\\\/el_nino_emergencia_por_60_dias\\\/#breadcrumb\",\"itemListElement\":[{\"@type\":\"ListItem\",\"position\":1,\"name\":\"Portada\",\"item\":\"https:\\\/\\\/pulso27.com\\\/\"},{\"@type\":\"ListItem\",\"position\":2,\"name\":\"El Ni\u00f1o pone en alerta a 893 distritos: Ejecutivo declara emergencia por 60 d\u00edas ante riesgo de lluvias intensas\"}]},{\"@type\":\"WebSite\",\"@id\":\"https:\\\/\\\/pulso27.com\\\/en\\\/#website\",\"url\":\"https:\\\/\\\/pulso27.com\\\/en\\\/\",\"name\":\"Pulso27\",\"description\":\"Web de noticias y publicidad\",\"publisher\":{\"@id\":\"https:\\\/\\\/pulso27.com\\\/en\\\/#organization\"},\"alternateName\":\"El pulso del pueblo\",\"potentialAction\":[{\"@type\":\"SearchAction\",\"target\":{\"@type\":\"EntryPoint\",\"urlTemplate\":\"https:\\\/\\\/pulso27.com\\\/en\\\/?s={search_term_string}\"},\"query-input\":{\"@type\":\"PropertyValueSpecification\",\"valueRequired\":true,\"valueName\":\"search_term_string\"}}],\"inLanguage\":\"es-PE\"},{\"@type\":\"Organization\",\"@id\":\"https:\\\/\\\/pulso27.com\\\/en\\\/#organization\",\"name\":\"Pulso27\",\"url\":\"https:\\\/\\\/pulso27.com\\\/en\\\/\",\"logo\":{\"@type\":\"ImageObject\",\"inLanguage\":\"es-PE\",\"@id\":\"https:\\\/\\\/pulso27.com\\\/en\\\/#\\\/schema\\\/logo\\\/image\\\/\",\"url\":\"https:\\\/\\\/pulso27.com\\\/wp-content\\\/uploads\\\/2026\\\/02\\\/Logotipo-de-la-organizacion-696-x-696-px-ok.png\",\"contentUrl\":\"https:\\\/\\\/pulso27.com\\\/wp-content\\\/uploads\\\/2026\\\/02\\\/Logotipo-de-la-organizacion-696-x-696-px-ok.png\",\"width\":696,\"height\":696,\"caption\":\"Pulso27\"},\"image\":{\"@id\":\"https:\\\/\\\/pulso27.com\\\/en\\\/#\\\/schema\\\/logo\\\/image\\\/\"},\"sameAs\":[\"https:\\\/\\\/www.facebook.com\\\/pulso27\\\/\",\"https:\\\/\\\/x.com\\\/Pulso_27\",\"https:\\\/\\\/www.youtube.com\\\/@Pulso27\",\"https:\\\/\\\/www.tiktok.com\\\/@pulso_27\"]},{\"@type\":\"Person\",\"@id\":\"https:\\\/\\\/pulso27.com\\\/en\\\/#\\\/schema\\\/person\\\/d20fd7f5bc7f2e53fd150d43fca07a78\",\"name\":\"Tupaq\",\"image\":{\"@type\":\"ImageObject\",\"inLanguage\":\"es-PE\",\"@id\":\"https:\\\/\\\/secure.gravatar.com\\\/avatar\\\/7929e9b034aeea560319a601e4f04c59eb5f45a79eafe192adabb67e9604e7e7?s=96&d=mm&r=g\",\"url\":\"https:\\\/\\\/secure.gravatar.com\\\/avatar\\\/7929e9b034aeea560319a601e4f04c59eb5f45a79eafe192adabb67e9604e7e7?s=96&d=mm&r=g\",\"contentUrl\":\"https:\\\/\\\/secure.gravatar.com\\\/avatar\\\/7929e9b034aeea560319a601e4f04c59eb5f45a79eafe192adabb67e9604e7e7?s=96&d=mm&r=g\",\"caption\":\"Tupaq\"},\"url\":\"https:\\\/\\\/pulso27.com\\\/es\\\/author\\\/tupaq\\\/\"}]}<\/script>\n<!-- \/ Yoast SEO plugin. -->","yoast_head_json":{"title":"El Ni\u00f1o pone en alerta a 893 distritos: Ejecutivo declara emergencia por 60 d\u00edas ante riesgo de lluvias intensas - Pulso27","description":"Ejecutivo declara emergencia por 60 d\u00edas ante riesgo de lluvias intensas en Per\u00fa","robots":{"index":"index","follow":"follow","max-snippet":"max-snippet:-1","max-image-preview":"max-image-preview:large","max-video-preview":"max-video-preview:-1"},"canonical":"https:\/\/pulso27.com\/es\/actualidad\/ambiente\/el_nino_emergencia_por_60_dias\/","og_locale":"es_ES","og_type":"article","og_title":"El Ni\u00f1o pone en alerta a 893 distritos: Ejecutivo declara emergencia por 60 d\u00edas ante riesgo de lluvias intensas - Pulso27","og_description":"Ejecutivo declara emergencia por 60 d\u00edas ante riesgo de lluvias intensas en Per\u00fa","og_url":"https:\/\/pulso27.com\/es\/actualidad\/ambiente\/el_nino_emergencia_por_60_dias\/","og_site_name":"Pulso27","article_publisher":"https:\/\/www.facebook.com\/pulso27\/","article_published_time":"2026-09-02T06:02:48+00:00","article_modified_time":"2026-09-02T06:02:56+00:00","og_image":[{"width":1200,"height":800,"url":"https:\/\/pulso27.com\/wp-content\/uploads\/2026\/09\/El-Nino.png","type":"image\/png"}],"author":"Tupaq","twitter_card":"summary_large_image","twitter_creator":"@Pulso_27","twitter_site":"@Pulso_27","twitter_misc":{"Written by":"Tupaq","Est. reading time":"4 minutos"},"schema":{"@context":"https:\/\/schema.org","@graph":[{"@type":"Article","@id":"https:\/\/pulso27.com\/actualidad\/ambiente\/el_nino_emergencia_por_60_dias\/#article","isPartOf":{"@id":"https:\/\/pulso27.com\/actualidad\/ambiente\/el_nino_emergencia_por_60_dias\/"},"author":{"name":"Tupaq","@id":"https:\/\/pulso27.com\/en\/#\/schema\/person\/d20fd7f5bc7f2e53fd150d43fca07a78"},"headline":"El Ni\u00f1o pone en alerta a 893 distritos: Ejecutivo declara emergencia por 60 d\u00edas ante riesgo de lluvias intensas","datePublished":"2026-09-02T06:02:48+00:00","dateModified":"2026-09-02T06:02:56+00:00","mainEntityOfPage":{"@id":"https:\/\/pulso27.com\/actualidad\/ambiente\/el_nino_emergencia_por_60_dias\/"},"wordCount":802,"commentCount":0,"publisher":{"@id":"https:\/\/pulso27.com\/en\/#organization"},"image":{"@id":"https:\/\/pulso27.com\/actualidad\/ambiente\/el_nino_emergencia_por_60_dias\/#primaryimage"},"thumbnailUrl":"https:\/\/pulso27.com\/wp-content\/uploads\/2026\/09\/El-Nino.png","keywords":["893 distritos","El Ni\u00f1o 2026-2027","El Ni\u00f1o Costero","ENFEN","estado de emergencia Per\u00fa","Indeci","lluvias intensas","lluvias Per\u00fa","prevenci\u00f3n de desastres"],"articleSection":["Ambiente","Nacional","Salud","Tendencia"],"inLanguage":"es-PE","potentialAction":[{"@type":"CommentAction","name":"Comment","target":["https:\/\/pulso27.com\/actualidad\/ambiente\/el_nino_emergencia_por_60_dias\/#respond"]}]},{"@type":"WebPage","@id":"https:\/\/pulso27.com\/actualidad\/ambiente\/el_nino_emergencia_por_60_dias\/","url":"https:\/\/pulso27.com\/actualidad\/ambiente\/el_nino_emergencia_por_60_dias\/","name":"El Ni\u00f1o pone en alerta a 893 distritos: Ejecutivo declara emergencia por 60 d\u00edas ante riesgo de lluvias intensas - Pulso27","isPartOf":{"@id":"https:\/\/pulso27.com\/en\/#website"},"primaryImageOfPage":{"@id":"https:\/\/pulso27.com\/actualidad\/ambiente\/el_nino_emergencia_por_60_dias\/#primaryimage"},"image":{"@id":"https:\/\/pulso27.com\/actualidad\/ambiente\/el_nino_emergencia_por_60_dias\/#primaryimage"},"thumbnailUrl":"https:\/\/pulso27.com\/wp-content\/uploads\/2026\/09\/El-Nino.png","datePublished":"2026-09-02T06:02:48+00:00","dateModified":"2026-09-02T06:02:56+00:00","description":"Ejecutivo declara emergencia por 60 d\u00edas ante riesgo de lluvias intensas en Per\u00fa","breadcrumb":{"@id":"https:\/\/pulso27.com\/actualidad\/ambiente\/el_nino_emergencia_por_60_dias\/#breadcrumb"},"inLanguage":"es-PE","potentialAction":[{"@type":"ReadAction","target":["https:\/\/pulso27.com\/actualidad\/ambiente\/el_nino_emergencia_por_60_dias\/"]}]},{"@type":"ImageObject","inLanguage":"es-PE","@id":"https:\/\/pulso27.com\/actualidad\/ambiente\/el_nino_emergencia_por_60_dias\/#primaryimage","url":"https:\/\/pulso27.com\/wp-content\/uploads\/2026\/09\/El-Nino.png","contentUrl":"https:\/\/pulso27.com\/wp-content\/uploads\/2026\/09\/El-Nino.png","width":1200,"height":800},{"@type":"BreadcrumbList","@id":"https:\/\/pulso27.com\/actualidad\/ambiente\/el_nino_emergencia_por_60_dias\/#breadcrumb","itemListElement":[{"@type":"ListItem","position":1,"name":"Portada","item":"https:\/\/pulso27.com\/"},{"@type":"ListItem","position":2,"name":"El Ni\u00f1o pone en alerta a 893 distritos: Ejecutivo declara emergencia por 60 d\u00edas ante riesgo de lluvias intensas"}]},{"@type":"WebSite","@id":"https:\/\/pulso27.com\/en\/#website","url":"https:\/\/pulso27.com\/en\/","name":"Pulso27","description":"Web de noticias y publicidad","publisher":{"@id":"https:\/\/pulso27.com\/en\/#organization"},"alternateName":"El pulso del pueblo","potentialAction":[{"@type":"SearchAction","target":{"@type":"EntryPoint","urlTemplate":"https:\/\/pulso27.com\/en\/?s={search_term_string}"},"query-input":{"@type":"PropertyValueSpecification","valueRequired":true,"valueName":"search_term_string"}}],"inLanguage":"es-PE"},{"@type":"Organization","@id":"https:\/\/pulso27.com\/en\/#organization","name":"Pulso27","url":"https:\/\/pulso27.com\/en\/","logo":{"@type":"ImageObject","inLanguage":"es-PE","@id":"https:\/\/pulso27.com\/en\/#\/schema\/logo\/image\/","url":"https:\/\/pulso27.com\/wp-content\/uploads\/2026\/02\/Logotipo-de-la-organizacion-696-x-696-px-ok.png","contentUrl":"https:\/\/pulso27.com\/wp-content\/uploads\/2026\/02\/Logotipo-de-la-organizacion-696-x-696-px-ok.png","width":696,"height":696,"caption":"Pulso27"},"image":{"@id":"https:\/\/pulso27.com\/en\/#\/schema\/logo\/image\/"},"sameAs":["https:\/\/www.facebook.com\/pulso27\/","https:\/\/x.com\/Pulso_27","https:\/\/www.youtube.com\/@Pulso27","https:\/\/www.tiktok.com\/@pulso_27"]},{"@type":"Person","@id":"https:\/\/pulso27.com\/en\/#\/schema\/person\/d20fd7f5bc7f2e53fd150d43fca07a78","name":"Tupaq","image":{"@type":"ImageObject","inLanguage":"es-PE","@id":"https:\/\/secure.gravatar.com\/avatar\/7929e9b034aeea560319a601e4f04c59eb5f45a79eafe192adabb67e9604e7e7?s=96&d=mm&r=g","url":"https:\/\/secure.gravatar.com\/avatar\/7929e9b034aeea560319a601e4f04c59eb5f45a79eafe192adabb67e9604e7e7?s=96&d=mm&r=g","contentUrl":"https:\/\/secure.gravatar.com\/avatar\/7929e9b034aeea560319a601e4f04c59eb5f45a79eafe192adabb67e9604e7e7?s=96&d=mm&r=g","caption":"Tupaq"},"url":"https:\/\/pulso27.com\/es\/author\/tupaq\/"}]}},"amp_enabled":true,"_links":{"self":[{"href":"https:\/\/pulso27.com\/es\/wp-json\/wp\/v2\/posts\/8866","targetHints":{"allow":["GET"]}}],"collection":[{"href":"https:\/\/pulso27.com\/es\/wp-json\/wp\/v2\/posts"}],"about":[{"href":"https:\/\/pulso27.com\/es\/wp-json\/wp\/v2\/types\/post"}],"author":[{"embeddable":true,"href":"https:\/\/pulso27.com\/es\/wp-json\/wp\/v2\/users\/7"}],"replies":[{"embeddable":true,"href":"https:\/\/pulso27.com\/es\/wp-json\/wp\/v2\/comments?post=8866"}],"version-history":[{"count":1,"href":"https:\/\/pulso27.com\/es\/wp-json\/wp\/v2\/posts\/8866\/revisions"}],"predecessor-version":[{"id":8871,"href":"https:\/\/pulso27.com\/es\/wp-json\/wp\/v2\/posts\/8866\/revisions\/8871"}],"wp:featuredmedia":[{"embeddable":true,"href":"https:\/\/pulso27.com\/es\/wp-json\/wp\/v2\/media\/8867"}],"wp:attachment":[{"href":"https:\/\/pulso27.com\/es\/wp-json\/wp\/v2\/media?parent=8866"}],"wp:term":[{"taxonomy":"category","embeddable":true,"href":"https:\/\/pulso27.com\/es\/wp-json\/wp\/v2\/categories?post=8866"},{"taxonomy":"post_tag","embeddable":true,"href":"https:\/\/pulso27.com\/es\/wp-json\/wp\/v2\/tags?post=8866"}],"curies":[{"name":"wp","href":"https:\/\/api.w.org\/{rel}","templated":true}]}}