{"id":8874,"date":"2026-09-04T02:13:47","date_gmt":"2026-09-03T21:13:47","guid":{"rendered":"https:\/\/pulso27.com\/?p=8874"},"modified":"2026-09-04T02:24:55","modified_gmt":"2026-09-03T21:24:55","slug":"dengue-lambayeque-casos-vacunacion-2026","status":"publish","type":"post","link":"https:\/\/pulso27.com\/es\/actualidad\/ambiente\/dengue-lambayeque-casos-vacunacion-2026\/","title":{"rendered":"Dengue en Lambayeque supera los 4 mil casos y avanza vacunaci\u00f3n"},"content":{"rendered":"\n<p><strong>Chiclayo, 3 de septiembre de 2026.-<\/strong> Lambayeque enfrenta un nuevo escenario de presi\u00f3n sanitaria por el dengue: la Gerencia Regional de Salud reporta 3,375 casos confirmados, mientras un reporte epidemiol\u00f3gico con corte al 27 de agosto contabiliza 4,319 casos entre confirmados y probables y nueve fallecidos. En paralelo, la campa\u00f1a de vacunaci\u00f3n escolar contra la enfermedad alcanza 3,987 dosis aplicadas en sus primeras dos semanas.<\/p>\n\n\n\n<h2 class=\"wp-block-heading\">Chiclayo concentra la mayor cantidad<\/h2>\n\n\n\n<p>De acuerdo con la Geresa, Chiclayo registra la mayor incidencia, con cerca de mil casos confirmados, seguido por La Victoria. La situaci\u00f3n tambi\u00e9n alcanza a Motupe, Olmos, Jayanca y Oyot\u00fan, distritos donde las autoridades han reportado brotes y desplegado brigadas de prevenci\u00f3n y control.<\/p>\n\n\n\n<p>El reporte publicado por <em>Correo<\/em> muestra una dimensi\u00f3n mayor del problema: 4,319 casos acumulados hasta el 27 de agosto, de los cuales 3,374 eran confirmados y 945 probables. El mismo reporte contabiliz\u00f3 nueve fallecimientos y hasta 32 pacientes hospitalizados durante el pico registrado entre el 17 y 19 de agosto.<\/p>\n\n\n\n<p>La diferencia entre las cifras responde a los distintos cortes y criterios de clasificaci\u00f3n utilizados en los reportes. Por ello, la cifra m\u00e1s reciente comunicada por la Geresa corresponde a los casos confirmados al 2 de septiembre, mientras que el reporte de 4,319 incluye tambi\u00e9n casos probables y tiene un corte anterior.<\/p>\n\n\n\n<figure class=\"wp-block-image size-full\"><img loading=\"lazy\" decoding=\"async\" width=\"992\" height=\"558\" src=\"https:\/\/pulso27.com\/wp-content\/uploads\/2026\/09\/image-1.png\" alt=\"\" class=\"wp-image-8875\" srcset=\"https:\/\/pulso27.com\/wp-content\/uploads\/2026\/09\/image-1.png 992w, https:\/\/pulso27.com\/wp-content\/uploads\/2026\/09\/image-1-300x169.png 300w, https:\/\/pulso27.com\/wp-content\/uploads\/2026\/09\/image-1-768x432.png 768w, https:\/\/pulso27.com\/wp-content\/uploads\/2026\/09\/image-1-18x10.png 18w\" sizes=\"auto, (max-width: 992px) 100vw, 992px\" \/><figcaption class=\"wp-element-caption\"><em>Mosquito y sancudos que transmite el dengue se expande en el litoral del norte peruano<\/em><\/figcaption><\/figure>\n\n\n\n<h2 class=\"wp-block-heading\">El calor favorece al mosquito<\/h2>\n\n\n\n<p>La expansi\u00f3n del dengue ocurre en un contexto clim\u00e1tico adverso. El 7 de agosto, Pasabar, en Olmos, alcanz\u00f3 los 37.3 \u00b0C, mientras Motupe lleg\u00f3 a 35.5 \u00b0C y Jayanca a 35 \u00b0C, registros particularmente elevados para el invierno.<\/p>\n\n\n\n<p>Las temperaturas altas generan condiciones favorables para el ciclo reproductivo del <em>Aedes aegypti<\/em>, vector del dengue. La Geresa ya hab\u00eda advertido que el calor y la posibilidad de lluvias pod\u00edan impulsar nuevamente la curva de contagios.<\/p>\n\n\n\n<p>Pero el factor clim\u00e1tico no explica por s\u00ed solo la persistencia de la enfermedad. El almacenamiento de agua en recipientes que no permanecen correctamente tapados puede convertirse en criadero del mosquito, especialmente en zonas con dificultades de abastecimiento continuo.<\/p>\n\n\n\n<h2 class=\"wp-block-heading\">Vacunaci\u00f3n alcanza 12 %<\/h2>\n\n\n\n<p>Frente a este escenario, la campa\u00f1a de vacunaci\u00f3n dirigida a menores de 10 a 16 a\u00f1os registra 3,987 dosis aplicadas en Chiclayo, La Victoria y Motupe, equivalente a un avance del 12 % durante las primeras dos semanas.<\/p>\n\n\n\n<p>La vacuna es gratuita y requiere dos dosis. La segunda debe administrarse tres meses despu\u00e9s de la primera. La estrategia incluye intervenciones en colegios y jornadas de informaci\u00f3n dirigidas a los padres, cuya autorizaci\u00f3n es necesaria para inmunizar a los menores.<\/p>\n\n\n\n<p>El Ministerio de Salud distribuy\u00f3 previamente 199,892 dosis de la vacuna contra el dengue a cinco regiones priorizadas, entre ellas Lambayeque, debido a su elevada carga de casos.<\/p>\n\n\n\n<h2 class=\"wp-block-heading\">El desaf\u00edo est\u00e1 fuera de los colegios<\/h2>\n\n\n\n<p>La vacunaci\u00f3n representa una nueva herramienta de prevenci\u00f3n, pero no sustituye las medidas destinadas a eliminar los criaderos del mosquito. En agosto, el Minsa inform\u00f3 que m\u00e1s de 16 mil viviendas de la provincia de Lambayeque ser\u00edan intervenidas mediante acciones de control larvario.<\/p>\n\n\n\n<p>El desaf\u00edo para las autoridades ser\u00e1 sostener simult\u00e1neamente la vacunaci\u00f3n, la vigilancia epidemiol\u00f3gica, el control del vector y la atenci\u00f3n oportuna de los pacientes. Con temperaturas superiores a las habituales en la costa norte, cualquier relajamiento de estas acciones puede favorecer nuevos contagios.<\/p>\n\n\n\n<p>Para las familias, la prevenci\u00f3n contin\u00faa siendo decisiva: eliminar recipientes que acumulen agua, mantener correctamente tapados los dep\u00f3sitos y permitir el ingreso del personal sanitario identificado son medidas esenciales. Ante s\u00edntomas compatibles con dengue, la recomendaci\u00f3n sanitaria es acudir oportunamente a un establecimiento de salud y evitar la automedicaci\u00f3n.<\/p>\n\n\n\n<p>El problema que enfrenta Lambayeque ya no puede observarse \u00fanicamente como un brote localizado. El crecimiento de los casos, la presencia del vector en gran parte del territorio y las condiciones clim\u00e1ticas constituyen un escenario que exige una respuesta sostenida del Estado y una participaci\u00f3n activa de la poblaci\u00f3n.<\/p>\n","protected":false},"excerpt":{"rendered":"<p>Chiclayo, 3 de septiembre de 2026.- Lambayeque enfrenta un nuevo escenario de presi\u00f3n sanitaria por el dengue: la Gerencia Regional de Salud reporta 3,375 casos confirmados, mientras un reporte epidemiol\u00f3gico con corte al 27 de agosto contabiliza 4,319 casos entre confirmados y probables y nueve fallecidos. En paralelo, la campa\u00f1a de vacunaci\u00f3n escolar contra la [&hellip;]<\/p>\n","protected":false},"author":7,"featured_media":8876,"comment_status":"open","ping_status":"open","sticky":false,"template":"","format":"standard","meta":{"footnotes":""},"categories":[1847,810],"tags":[3303,2116,3304,3305,1872,3302],"class_list":["post-8874","post","type-post","status-publish","format-standard","has-post-thumbnail","hentry","category-ambiente","category-regional","tag-casos-de-dengue","tag-chiclayo","tag-dengue-2026","tag-dengue-en-lambayeque","tag-lambayeque","tag-vacunacion-contra-el-dengue"],"yoast_head":"<!-- This site is optimized with the Yoast SEO plugin v28.2 - https:\/\/yoast.com\/product\/yoast-seo-wordpress\/ -->\n<title>Dengue en Lambayeque supera los 4 mil casos y avanza vacunaci\u00f3n - Pulso27<\/title>\n<meta name=\"description\" content=\"Lambayeque registra miles de casos de dengue mientras avanza la vacunaci\u00f3n escolar. El calor y la presencia del mosquito elevan el riesgo.\" \/>\n<meta name=\"robots\" content=\"index, follow, max-snippet:-1, max-image-preview:large, max-video-preview:-1\" \/>\n<link rel=\"canonical\" href=\"https:\/\/pulso27.com\/es\/actualidad\/ambiente\/dengue-lambayeque-casos-vacunacion-2026\/\" \/>\n<meta property=\"og:locale\" content=\"es_ES\" \/>\n<meta property=\"og:type\" content=\"article\" \/>\n<meta property=\"og:title\" content=\"Dengue en Lambayeque supera los 4 mil casos y avanza vacunaci\u00f3n - Pulso27\" \/>\n<meta property=\"og:description\" content=\"Lambayeque registra miles de casos de dengue mientras avanza la vacunaci\u00f3n escolar. El calor y la presencia del mosquito elevan el riesgo.\" \/>\n<meta property=\"og:url\" content=\"https:\/\/pulso27.com\/es\/actualidad\/ambiente\/dengue-lambayeque-casos-vacunacion-2026\/\" \/>\n<meta property=\"og:site_name\" content=\"Pulso27\" \/>\n<meta property=\"article:publisher\" content=\"https:\/\/www.facebook.com\/pulso27\/\" \/>\n<meta property=\"article:published_time\" content=\"2026-09-03T21:13:47+00:00\" \/>\n<meta property=\"article:modified_time\" content=\"2026-09-03T21:24:55+00:00\" \/>\n<meta property=\"og:image\" content=\"https:\/\/pulso27.com\/wp-content\/uploads\/2026\/09\/Dengue.png\" \/>\n\t<meta property=\"og:image:width\" content=\"1200\" \/>\n\t<meta property=\"og:image:height\" content=\"800\" \/>\n\t<meta property=\"og:image:type\" content=\"image\/png\" \/>\n<meta name=\"author\" content=\"Tupaq\" \/>\n<meta name=\"twitter:card\" content=\"summary_large_image\" \/>\n<meta name=\"twitter:creator\" content=\"@Pulso_27\" \/>\n<meta name=\"twitter:site\" content=\"@Pulso_27\" \/>\n<meta name=\"twitter:label1\" content=\"Written by\" \/>\n\t<meta name=\"twitter:data1\" content=\"Tupaq\" \/>\n\t<meta name=\"twitter:label2\" content=\"Est. reading time\" \/>\n\t<meta name=\"twitter:data2\" content=\"4 minutos\" \/>\n<script type=\"application\/ld+json\" class=\"yoast-schema-graph\">{\"@context\":\"https:\\\/\\\/schema.org\",\"@graph\":[{\"@type\":\"Article\",\"@id\":\"https:\\\/\\\/pulso27.com\\\/actualidad\\\/ambiente\\\/dengue-lambayeque-casos-vacunacion-2026\\\/#article\",\"isPartOf\":{\"@id\":\"https:\\\/\\\/pulso27.com\\\/actualidad\\\/ambiente\\\/dengue-lambayeque-casos-vacunacion-2026\\\/\"},\"author\":{\"name\":\"Tupaq\",\"@id\":\"https:\\\/\\\/pulso27.com\\\/en\\\/#\\\/schema\\\/person\\\/d20fd7f5bc7f2e53fd150d43fca07a78\"},\"headline\":\"Dengue en Lambayeque supera los 4 mil casos y avanza vacunaci\u00f3n\",\"datePublished\":\"2026-09-03T21:13:47+00:00\",\"dateModified\":\"2026-09-03T21:24:55+00:00\",\"mainEntityOfPage\":{\"@id\":\"https:\\\/\\\/pulso27.com\\\/actualidad\\\/ambiente\\\/dengue-lambayeque-casos-vacunacion-2026\\\/\"},\"wordCount\":678,\"commentCount\":0,\"publisher\":{\"@id\":\"https:\\\/\\\/pulso27.com\\\/en\\\/#organization\"},\"image\":{\"@id\":\"https:\\\/\\\/pulso27.com\\\/actualidad\\\/ambiente\\\/dengue-lambayeque-casos-vacunacion-2026\\\/#primaryimage\"},\"thumbnailUrl\":\"https:\\\/\\\/pulso27.com\\\/wp-content\\\/uploads\\\/2026\\\/09\\\/Dengue.png\",\"keywords\":[\"casos de dengue\",\"Chiclayo\",\"dengue 2026\",\"Dengue en Lambayeque\",\"Lambayeque\",\"vacunaci\u00f3n contra el dengue\"],\"articleSection\":[\"Ambiente\",\"Regional\"],\"inLanguage\":\"es-PE\",\"potentialAction\":[{\"@type\":\"CommentAction\",\"name\":\"Comment\",\"target\":[\"https:\\\/\\\/pulso27.com\\\/actualidad\\\/ambiente\\\/dengue-lambayeque-casos-vacunacion-2026\\\/#respond\"]}]},{\"@type\":\"WebPage\",\"@id\":\"https:\\\/\\\/pulso27.com\\\/actualidad\\\/ambiente\\\/dengue-lambayeque-casos-vacunacion-2026\\\/\",\"url\":\"https:\\\/\\\/pulso27.com\\\/actualidad\\\/ambiente\\\/dengue-lambayeque-casos-vacunacion-2026\\\/\",\"name\":\"Dengue en Lambayeque supera los 4 mil casos y avanza vacunaci\u00f3n - Pulso27\",\"isPartOf\":{\"@id\":\"https:\\\/\\\/pulso27.com\\\/en\\\/#website\"},\"primaryImageOfPage\":{\"@id\":\"https:\\\/\\\/pulso27.com\\\/actualidad\\\/ambiente\\\/dengue-lambayeque-casos-vacunacion-2026\\\/#primaryimage\"},\"image\":{\"@id\":\"https:\\\/\\\/pulso27.com\\\/actualidad\\\/ambiente\\\/dengue-lambayeque-casos-vacunacion-2026\\\/#primaryimage\"},\"thumbnailUrl\":\"https:\\\/\\\/pulso27.com\\\/wp-content\\\/uploads\\\/2026\\\/09\\\/Dengue.png\",\"datePublished\":\"2026-09-03T21:13:47+00:00\",\"dateModified\":\"2026-09-03T21:24:55+00:00\",\"description\":\"Lambayeque registra miles de casos de dengue mientras avanza la vacunaci\u00f3n escolar. El calor y la presencia del mosquito elevan el riesgo.\",\"breadcrumb\":{\"@id\":\"https:\\\/\\\/pulso27.com\\\/actualidad\\\/ambiente\\\/dengue-lambayeque-casos-vacunacion-2026\\\/#breadcrumb\"},\"inLanguage\":\"es-PE\",\"potentialAction\":[{\"@type\":\"ReadAction\",\"target\":[\"https:\\\/\\\/pulso27.com\\\/actualidad\\\/ambiente\\\/dengue-lambayeque-casos-vacunacion-2026\\\/\"]}]},{\"@type\":\"ImageObject\",\"inLanguage\":\"es-PE\",\"@id\":\"https:\\\/\\\/pulso27.com\\\/actualidad\\\/ambiente\\\/dengue-lambayeque-casos-vacunacion-2026\\\/#primaryimage\",\"url\":\"https:\\\/\\\/pulso27.com\\\/wp-content\\\/uploads\\\/2026\\\/09\\\/Dengue.png\",\"contentUrl\":\"https:\\\/\\\/pulso27.com\\\/wp-content\\\/uploads\\\/2026\\\/09\\\/Dengue.png\",\"width\":1200,\"height\":800},{\"@type\":\"BreadcrumbList\",\"@id\":\"https:\\\/\\\/pulso27.com\\\/actualidad\\\/ambiente\\\/dengue-lambayeque-casos-vacunacion-2026\\\/#breadcrumb\",\"itemListElement\":[{\"@type\":\"ListItem\",\"position\":1,\"name\":\"Portada\",\"item\":\"https:\\\/\\\/pulso27.com\\\/\"},{\"@type\":\"ListItem\",\"position\":2,\"name\":\"Dengue en Lambayeque supera los 4 mil casos y avanza vacunaci\u00f3n\"}]},{\"@type\":\"WebSite\",\"@id\":\"https:\\\/\\\/pulso27.com\\\/en\\\/#website\",\"url\":\"https:\\\/\\\/pulso27.com\\\/en\\\/\",\"name\":\"Pulso27\",\"description\":\"Web de noticias y publicidad\",\"publisher\":{\"@id\":\"https:\\\/\\\/pulso27.com\\\/en\\\/#organization\"},\"alternateName\":\"El pulso del pueblo\",\"potentialAction\":[{\"@type\":\"SearchAction\",\"target\":{\"@type\":\"EntryPoint\",\"urlTemplate\":\"https:\\\/\\\/pulso27.com\\\/en\\\/?s={search_term_string}\"},\"query-input\":{\"@type\":\"PropertyValueSpecification\",\"valueRequired\":true,\"valueName\":\"search_term_string\"}}],\"inLanguage\":\"es-PE\"},{\"@type\":\"Organization\",\"@id\":\"https:\\\/\\\/pulso27.com\\\/en\\\/#organization\",\"name\":\"Pulso27\",\"url\":\"https:\\\/\\\/pulso27.com\\\/en\\\/\",\"logo\":{\"@type\":\"ImageObject\",\"inLanguage\":\"es-PE\",\"@id\":\"https:\\\/\\\/pulso27.com\\\/en\\\/#\\\/schema\\\/logo\\\/image\\\/\",\"url\":\"https:\\\/\\\/pulso27.com\\\/wp-content\\\/uploads\\\/2026\\\/02\\\/Logotipo-de-la-organizacion-696-x-696-px-ok.png\",\"contentUrl\":\"https:\\\/\\\/pulso27.com\\\/wp-content\\\/uploads\\\/2026\\\/02\\\/Logotipo-de-la-organizacion-696-x-696-px-ok.png\",\"width\":696,\"height\":696,\"caption\":\"Pulso27\"},\"image\":{\"@id\":\"https:\\\/\\\/pulso27.com\\\/en\\\/#\\\/schema\\\/logo\\\/image\\\/\"},\"sameAs\":[\"https:\\\/\\\/www.facebook.com\\\/pulso27\\\/\",\"https:\\\/\\\/x.com\\\/Pulso_27\",\"https:\\\/\\\/www.youtube.com\\\/@Pulso27\",\"https:\\\/\\\/www.tiktok.com\\\/@pulso_27\"]},{\"@type\":\"Person\",\"@id\":\"https:\\\/\\\/pulso27.com\\\/en\\\/#\\\/schema\\\/person\\\/d20fd7f5bc7f2e53fd150d43fca07a78\",\"name\":\"Tupaq\",\"image\":{\"@type\":\"ImageObject\",\"inLanguage\":\"es-PE\",\"@id\":\"https:\\\/\\\/secure.gravatar.com\\\/avatar\\\/7929e9b034aeea560319a601e4f04c59eb5f45a79eafe192adabb67e9604e7e7?s=96&d=mm&r=g\",\"url\":\"https:\\\/\\\/secure.gravatar.com\\\/avatar\\\/7929e9b034aeea560319a601e4f04c59eb5f45a79eafe192adabb67e9604e7e7?s=96&d=mm&r=g\",\"contentUrl\":\"https:\\\/\\\/secure.gravatar.com\\\/avatar\\\/7929e9b034aeea560319a601e4f04c59eb5f45a79eafe192adabb67e9604e7e7?s=96&d=mm&r=g\",\"caption\":\"Tupaq\"},\"url\":\"https:\\\/\\\/pulso27.com\\\/es\\\/author\\\/tupaq\\\/\"}]}<\/script>\n<!-- \/ Yoast SEO plugin. -->","yoast_head_json":{"title":"Dengue en Lambayeque supera los 4 mil casos y avanza vacunaci\u00f3n - Pulso27","description":"Lambayeque registra miles de casos de dengue mientras avanza la vacunaci\u00f3n escolar. El calor y la presencia del mosquito elevan el riesgo.","robots":{"index":"index","follow":"follow","max-snippet":"max-snippet:-1","max-image-preview":"max-image-preview:large","max-video-preview":"max-video-preview:-1"},"canonical":"https:\/\/pulso27.com\/es\/actualidad\/ambiente\/dengue-lambayeque-casos-vacunacion-2026\/","og_locale":"es_ES","og_type":"article","og_title":"Dengue en Lambayeque supera los 4 mil casos y avanza vacunaci\u00f3n - Pulso27","og_description":"Lambayeque registra miles de casos de dengue mientras avanza la vacunaci\u00f3n escolar. El calor y la presencia del mosquito elevan el riesgo.","og_url":"https:\/\/pulso27.com\/es\/actualidad\/ambiente\/dengue-lambayeque-casos-vacunacion-2026\/","og_site_name":"Pulso27","article_publisher":"https:\/\/www.facebook.com\/pulso27\/","article_published_time":"2026-09-03T21:13:47+00:00","article_modified_time":"2026-09-03T21:24:55+00:00","og_image":[{"width":1200,"height":800,"url":"https:\/\/pulso27.com\/wp-content\/uploads\/2026\/09\/Dengue.png","type":"image\/png"}],"author":"Tupaq","twitter_card":"summary_large_image","twitter_creator":"@Pulso_27","twitter_site":"@Pulso_27","twitter_misc":{"Written by":"Tupaq","Est. reading time":"4 minutos"},"schema":{"@context":"https:\/\/schema.org","@graph":[{"@type":"Article","@id":"https:\/\/pulso27.com\/actualidad\/ambiente\/dengue-lambayeque-casos-vacunacion-2026\/#article","isPartOf":{"@id":"https:\/\/pulso27.com\/actualidad\/ambiente\/dengue-lambayeque-casos-vacunacion-2026\/"},"author":{"name":"Tupaq","@id":"https:\/\/pulso27.com\/en\/#\/schema\/person\/d20fd7f5bc7f2e53fd150d43fca07a78"},"headline":"Dengue en Lambayeque supera los 4 mil casos y avanza vacunaci\u00f3n","datePublished":"2026-09-03T21:13:47+00:00","dateModified":"2026-09-03T21:24:55+00:00","mainEntityOfPage":{"@id":"https:\/\/pulso27.com\/actualidad\/ambiente\/dengue-lambayeque-casos-vacunacion-2026\/"},"wordCount":678,"commentCount":0,"publisher":{"@id":"https:\/\/pulso27.com\/en\/#organization"},"image":{"@id":"https:\/\/pulso27.com\/actualidad\/ambiente\/dengue-lambayeque-casos-vacunacion-2026\/#primaryimage"},"thumbnailUrl":"https:\/\/pulso27.com\/wp-content\/uploads\/2026\/09\/Dengue.png","keywords":["casos de dengue","Chiclayo","dengue 2026","Dengue en Lambayeque","Lambayeque","vacunaci\u00f3n contra el dengue"],"articleSection":["Ambiente","Regional"],"inLanguage":"es-PE","potentialAction":[{"@type":"CommentAction","name":"Comment","target":["https:\/\/pulso27.com\/actualidad\/ambiente\/dengue-lambayeque-casos-vacunacion-2026\/#respond"]}]},{"@type":"WebPage","@id":"https:\/\/pulso27.com\/actualidad\/ambiente\/dengue-lambayeque-casos-vacunacion-2026\/","url":"https:\/\/pulso27.com\/actualidad\/ambiente\/dengue-lambayeque-casos-vacunacion-2026\/","name":"Dengue en Lambayeque supera los 4 mil casos y avanza vacunaci\u00f3n - Pulso27","isPartOf":{"@id":"https:\/\/pulso27.com\/en\/#website"},"primaryImageOfPage":{"@id":"https:\/\/pulso27.com\/actualidad\/ambiente\/dengue-lambayeque-casos-vacunacion-2026\/#primaryimage"},"image":{"@id":"https:\/\/pulso27.com\/actualidad\/ambiente\/dengue-lambayeque-casos-vacunacion-2026\/#primaryimage"},"thumbnailUrl":"https:\/\/pulso27.com\/wp-content\/uploads\/2026\/09\/Dengue.png","datePublished":"2026-09-03T21:13:47+00:00","dateModified":"2026-09-03T21:24:55+00:00","description":"Lambayeque registra miles de casos de dengue mientras avanza la vacunaci\u00f3n escolar. El calor y la presencia del mosquito elevan el riesgo.","breadcrumb":{"@id":"https:\/\/pulso27.com\/actualidad\/ambiente\/dengue-lambayeque-casos-vacunacion-2026\/#breadcrumb"},"inLanguage":"es-PE","potentialAction":[{"@type":"ReadAction","target":["https:\/\/pulso27.com\/actualidad\/ambiente\/dengue-lambayeque-casos-vacunacion-2026\/"]}]},{"@type":"ImageObject","inLanguage":"es-PE","@id":"https:\/\/pulso27.com\/actualidad\/ambiente\/dengue-lambayeque-casos-vacunacion-2026\/#primaryimage","url":"https:\/\/pulso27.com\/wp-content\/uploads\/2026\/09\/Dengue.png","contentUrl":"https:\/\/pulso27.com\/wp-content\/uploads\/2026\/09\/Dengue.png","width":1200,"height":800},{"@type":"BreadcrumbList","@id":"https:\/\/pulso27.com\/actualidad\/ambiente\/dengue-lambayeque-casos-vacunacion-2026\/#breadcrumb","itemListElement":[{"@type":"ListItem","position":1,"name":"Portada","item":"https:\/\/pulso27.com\/"},{"@type":"ListItem","position":2,"name":"Dengue en Lambayeque supera los 4 mil casos y avanza vacunaci\u00f3n"}]},{"@type":"WebSite","@id":"https:\/\/pulso27.com\/en\/#website","url":"https:\/\/pulso27.com\/en\/","name":"Pulso27","description":"Web de noticias y publicidad","publisher":{"@id":"https:\/\/pulso27.com\/en\/#organization"},"alternateName":"El pulso del pueblo","potentialAction":[{"@type":"SearchAction","target":{"@type":"EntryPoint","urlTemplate":"https:\/\/pulso27.com\/en\/?s={search_term_string}"},"query-input":{"@type":"PropertyValueSpecification","valueRequired":true,"valueName":"search_term_string"}}],"inLanguage":"es-PE"},{"@type":"Organization","@id":"https:\/\/pulso27.com\/en\/#organization","name":"Pulso27","url":"https:\/\/pulso27.com\/en\/","logo":{"@type":"ImageObject","inLanguage":"es-PE","@id":"https:\/\/pulso27.com\/en\/#\/schema\/logo\/image\/","url":"https:\/\/pulso27.com\/wp-content\/uploads\/2026\/02\/Logotipo-de-la-organizacion-696-x-696-px-ok.png","contentUrl":"https:\/\/pulso27.com\/wp-content\/uploads\/2026\/02\/Logotipo-de-la-organizacion-696-x-696-px-ok.png","width":696,"height":696,"caption":"Pulso27"},"image":{"@id":"https:\/\/pulso27.com\/en\/#\/schema\/logo\/image\/"},"sameAs":["https:\/\/www.facebook.com\/pulso27\/","https:\/\/x.com\/Pulso_27","https:\/\/www.youtube.com\/@Pulso27","https:\/\/www.tiktok.com\/@pulso_27"]},{"@type":"Person","@id":"https:\/\/pulso27.com\/en\/#\/schema\/person\/d20fd7f5bc7f2e53fd150d43fca07a78","name":"Tupaq","image":{"@type":"ImageObject","inLanguage":"es-PE","@id":"https:\/\/secure.gravatar.com\/avatar\/7929e9b034aeea560319a601e4f04c59eb5f45a79eafe192adabb67e9604e7e7?s=96&d=mm&r=g","url":"https:\/\/secure.gravatar.com\/avatar\/7929e9b034aeea560319a601e4f04c59eb5f45a79eafe192adabb67e9604e7e7?s=96&d=mm&r=g","contentUrl":"https:\/\/secure.gravatar.com\/avatar\/7929e9b034aeea560319a601e4f04c59eb5f45a79eafe192adabb67e9604e7e7?s=96&d=mm&r=g","caption":"Tupaq"},"url":"https:\/\/pulso27.com\/es\/author\/tupaq\/"}]}},"amp_enabled":true,"_links":{"self":[{"href":"https:\/\/pulso27.com\/es\/wp-json\/wp\/v2\/posts\/8874","targetHints":{"allow":["GET"]}}],"collection":[{"href":"https:\/\/pulso27.com\/es\/wp-json\/wp\/v2\/posts"}],"about":[{"href":"https:\/\/pulso27.com\/es\/wp-json\/wp\/v2\/types\/post"}],"author":[{"embeddable":true,"href":"https:\/\/pulso27.com\/es\/wp-json\/wp\/v2\/users\/7"}],"replies":[{"embeddable":true,"href":"https:\/\/pulso27.com\/es\/wp-json\/wp\/v2\/comments?post=8874"}],"version-history":[{"count":1,"href":"https:\/\/pulso27.com\/es\/wp-json\/wp\/v2\/posts\/8874\/revisions"}],"predecessor-version":[{"id":8880,"href":"https:\/\/pulso27.com\/es\/wp-json\/wp\/v2\/posts\/8874\/revisions\/8880"}],"wp:featuredmedia":[{"embeddable":true,"href":"https:\/\/pulso27.com\/es\/wp-json\/wp\/v2\/media\/8876"}],"wp:attachment":[{"href":"https:\/\/pulso27.com\/es\/wp-json\/wp\/v2\/media?parent=8874"}],"wp:term":[{"taxonomy":"category","embeddable":true,"href":"https:\/\/pulso27.com\/es\/wp-json\/wp\/v2\/categories?post=8874"},{"taxonomy":"post_tag","embeddable":true,"href":"https:\/\/pulso27.com\/es\/wp-json\/wp\/v2\/tags?post=8874"}],"curies":[{"name":"wp","href":"https:\/\/api.w.org\/{rel}","templated":true}]}}