{"id":90,"date":"2017-07-24T21:16:51","date_gmt":"2017-07-25T01:16:51","guid":{"rendered":"http:\/\/www.mvpthemes.com\/zoxnews\/?p=90"},"modified":"2024-10-14T10:14:47","modified_gmt":"2024-10-14T05:14:47","slug":"illinois-financial-crisis-could-bring-the-state-to-a-halt","status":"publish","type":"post","link":"https:\/\/pulso27.com\/es\/actualidad\/politica\/illinois-financial-crisis-could-bring-the-state-to-a-halt\/","title":{"rendered":"Margot de las alturas"},"content":{"rendered":"<p>Ahora la palabra indio me parece que ya tiene un sustento m\u00e1s justo, un contenido m\u00e1s justo; indio ya quiere decir hombre, econ\u00f3mica y socialmente explotado y, en ese sentido, no solamente todos somos indigenistas en el Per\u00fa, todos somos indios de un peque\u00f1o grupo de explotadores\u201d, Jos\u00e9 Mar\u00eda Arguedas.<\/p>\n<p>En su semana de representaci\u00f3n, la congresista Margot Palacios Huam\u00e1n; recorri\u00f3 las comunidades olvidadas del Sur de Ayacucho para llevar las buenas nuevas del Proyecto de Ley, de su autor\u00eda que declara de necesidad p\u00fablica y preferente inter\u00e9s nacional, la creaci\u00f3n de la Universidad Nacional Tecnol\u00f3gica del Sur (UNATSUR).<\/p>\n<p>En su visita por las comunidades del sur, la congresista Margot, fue recibida<br \/>por las autoridades de cada distrito, instituciones educativas, comunidades campesinas, organizaciones sociales y pueblo en general, que expresaron su sentir invit\u00e1ndola a desfilar en vistosos y coloridos pasacalles, al comp\u00e1s de alegres comparsas, recibiendo el cari\u00f1o y afecto de la poblaci\u00f3n.<\/p>\n<p>Cabe destacar que la congresista Palacios es graduada en Ciencias de la comunicaci\u00f3n de la Universidad Nacional San Crist\u00f3bal de Huamanga, con maestr\u00eda en Gesti\u00f3n P\u00fablica, Catedr\u00e1tica, Especialista en Gesti\u00f3n de Proyectos de Desarrollo Social, Promotora Regional en Educaci\u00f3n (MINEDU) y en la Direcci\u00f3n Regional de Agricultura.<\/p>\n<p>Este Proyecto Ley ha generado una expectativa grande en toda la regi\u00f3n debido a su potencial impacto en el desarrollo acad\u00e9mico, econ\u00f3mico y social, y representa una oportunidad \u00fanica para elevar la calidad de la educaci\u00f3n brindando a los j\u00f3venes de la regi\u00f3n, acceso a una formaci\u00f3n profesional de alto nivel.<\/p>\n<p>La universidad ofrecer\u00e1 las carreras de Ingenier\u00eda Agr\u00f3noma, Ambiental, Civil, Industria Alimentaria, Administraci\u00f3n y Turismo, Derecho y Ciencia Pol\u00edticas, Medicina Humana, Medicina Veterinaria y Ciencias Sociales.<\/p>\n<p>Las provincias que se beneficiaran con esta Ley son: Huanca Santos, Lucanas, Parinacochas, Paucar del Sara Sara, Sucre, V\u00edctor Fajardo, Palpa, Nazca, Huaytar\u00e1, Caraveli, La Uni\u00f3n, Antabamba y Aymaraes.<\/p>\n<p>La creaci\u00f3n de la Universidad Nacional Tecnol\u00f3gica del Sur &#8211; UNATSUR beneficiar\u00e1 a la poblaci\u00f3n estudiantil de 7 provincias de influencia directa del departamento de Ayacucho y 6 provincias de departamentos de las zonas de influencia indirecta, lo que hace un aproximado de 16,500 escolares egresados de secundaria, que postularan anualmente su ingreso a la universida<\/p>\n<p>Su amplia experiencia en el campo profesional y laboral, le ha permitido conocer de cerca la realidad de nuestras regiones, y convertirse en poco tiempo, en la voz de los sin voz y enfrentar un pa\u00eds de hondas diferencias de clases, donde una \u00e9lite social \u201ccolonialista\u201d, sigue negando recursos, infraestructura y oportunidades a las regiones del Per\u00fa profundo, despreciando al pueblo andino y sus costumbres; perpetuando la pobreza y la marginaci\u00f3n.<\/p>\n<p>Por todo ello, la congresista Margot, desde su despacho, ha implementado una serie de Proyecto Ley que se convertir\u00e1n en poco tiempo, en obras trascendentales para el desarrollo de las regiones.<\/p>\n<p>\u201cLa realidad de nuestro pa\u00eds nos exige aperturar nuevas propuestas hacia los pueblos olvidados, sin discriminaci\u00f3n alguna, legislando leyes para favorecer al pueblo y denunciando el abuso y su explotaci\u00f3n\u201d ha se\u00f1alado la legisladora.<\/p>\n<p>La congresista Margot, representa ese Per\u00fa andino marginado, que se pretende esconder y desconocer y desde su tribuna en el congreso, ha hecho suya la frase del \u201ctaita\u201d Arguedas: \u201cEstoy luchando en un pa\u00eds de halcones y sapos\u201d.<\/p>\n<blockquote>\n<p>\u00abLa realidad de nuestro pa\u00eds nos exige aperturar nuevas propuestas hacia los pueblos olvidados, sin discriminaci\u00f3n alguna, legislando leyes para favorecer al pueblo y denunciando el abuso y su explotaci\u00f3n\u00bb<\/p>\n<\/blockquote>\n<p>La universidad ofrecer\u00e1 las carreras de Ingenier\u00eda Agr\u00f3noma, Ambiental, Civil, Industria Alimentaria, Administraci\u00f3n y Turismo, Derecho y Ciencia Pol\u00edticas, Medicina Humana, Medicina Veterinaria y Ciencias Sociales.<\/p>\n<p>Las provincias que se beneficiaran con esta Ley son: Huanca Santos, Lucanas, Parinacochas, Paucar del Sara Sara, Sucre, V\u00edctor Fajardo, Palpa, Nazca, Huaytar\u00e1, Caraveli, La Uni\u00f3n, Antabamba y Aymaraes.<\/p>\n<p>La creaci\u00f3n de la Universidad Nacional Tecnol\u00f3gica del Sur &#8211; UNATSUR beneficiar\u00e1 a la poblaci\u00f3n estudiantil de 7 provincias de influencia directa del departamento de Ayacucho y 6 provincias de departamentos de las zonas de influencia indirecta, lo que hace un aproximado de 16,500 escolares egresados de secundaria, que postularan anualmente su ingreso a la universida<\/p>\n<p>Su amplia experiencia en el campo profesional y laboral, le ha permitido conocer de cerca la realidad de nuestras regiones, y convertirse en poco tiempo, en la voz de los sin voz y enfrentar un pa\u00eds de hondas diferencias de clases, donde una \u00e9lite social \u201ccolonialista\u201d, sigue negando recursos, infraestructura y oportunidades a las regiones del Per\u00fa profundo, despreciando al pueblo andino y sus costumbres; perpetuando la pobreza y la marginaci\u00f3n.<\/p>\n<p>Por todo ello, la congresista Margot, desde su despacho, ha implementado una serie de Proyecto Ley que se convertir\u00e1n en poco tiempo, en obras trascendentales para el desarrollo de las regiones.<\/p>\n<p>\u201cLa realidad de nuestro pa\u00eds nos exige aperturar nuevas propuestas hacia los pueblos olvidados, sin discriminaci\u00f3n alguna, legislando leyes para favorecer al pueblo y denunciando el abuso y su explotaci\u00f3n\u201d ha se\u00f1alado la legisladora.<\/p>\n<p>La congresista Margot, representa ese Per\u00fa andino marginado, que se pretende esconder y desconocer y desde su tribuna en el congreso, ha hecho suya la frase del \u201ctaita\u201d Arguedas: \u201cEstoy luchando en un pa\u00eds de halcones y sapos\u201d.<\/p>\n\n\n<figure class=\"wp-block-image size-full\"><img loading=\"lazy\" decoding=\"async\" width=\"562\" height=\"848\" src=\"http:\/\/pulso27.com\/wp-content\/uploads\/2023\/11\/margot-29.10.23.jpg\" alt=\"\" class=\"wp-image-415\" srcset=\"https:\/\/pulso27.com\/wp-content\/uploads\/2023\/11\/margot-29.10.23.jpg 562w, https:\/\/pulso27.com\/wp-content\/uploads\/2023\/11\/margot-29.10.23-199x300.jpg 199w\" sizes=\"auto, (max-width: 562px) 100vw, 562px\" \/><\/figure>\n","protected":false},"excerpt":{"rendered":"<p>La realidad de nuestro pa\u00eds nos exige aperturar nuevas propuestas hacia los pueblos olvidados, sin discriminaci\u00f3n alguna, legislando leyes para favorecer al pueblo y denunciando el abuso y su explotaci\u00f3n<\/p>\n","protected":false},"author":13,"featured_media":413,"comment_status":"open","ping_status":"open","sticky":false,"template":"","format":"standard","meta":{"footnotes":""},"categories":[180,810],"tags":[1264,1263,305],"class_list":["post-90","post","type-post","status-publish","format-standard","has-post-thumbnail","hentry","category-politica","category-regional","tag-ayacuchana","tag-margotpalacios","tag-politica-2"],"yoast_head":"<!-- This site is optimized with the Yoast SEO plugin v27.4 - https:\/\/yoast.com\/product\/yoast-seo-wordpress\/ -->\n<title>Margot de las alturas - Pulso27<\/title>\n<meta name=\"robots\" content=\"index, follow, max-snippet:-1, max-image-preview:large, max-video-preview:-1\" \/>\n<link rel=\"canonical\" href=\"https:\/\/pulso27.com\/es\/actualidad\/politica\/illinois-financial-crisis-could-bring-the-state-to-a-halt\/\" \/>\n<meta property=\"og:locale\" content=\"es_ES\" \/>\n<meta property=\"og:type\" content=\"article\" \/>\n<meta property=\"og:title\" content=\"Margot de las alturas - Pulso27\" \/>\n<meta property=\"og:description\" content=\"La realidad de nuestro pa\u00eds nos exige aperturar nuevas propuestas hacia los pueblos olvidados, sin discriminaci\u00f3n alguna, legislando leyes para favorecer al pueblo y denunciando el abuso y su explotaci\u00f3n\" \/>\n<meta property=\"og:url\" content=\"https:\/\/pulso27.com\/es\/actualidad\/politica\/illinois-financial-crisis-could-bring-the-state-to-a-halt\/\" \/>\n<meta property=\"og:site_name\" content=\"Pulso27\" \/>\n<meta property=\"article:publisher\" content=\"https:\/\/www.facebook.com\/pulso27\/\" \/>\n<meta property=\"article:published_time\" content=\"2017-07-25T01:16:51+00:00\" \/>\n<meta property=\"article:modified_time\" content=\"2024-10-14T05:14:47+00:00\" \/>\n<meta property=\"og:image\" content=\"https:\/\/pulso27.com\/wp-content\/uploads\/2017\/07\/margot-29.10.23.jpg\" \/>\n\t<meta property=\"og:image:width\" content=\"562\" \/>\n\t<meta property=\"og:image:height\" content=\"848\" \/>\n\t<meta property=\"og:image:type\" content=\"image\/jpeg\" \/>\n<meta name=\"author\" content=\"Redactor\" \/>\n<meta name=\"twitter:card\" content=\"summary_large_image\" \/>\n<meta name=\"twitter:creator\" content=\"@Pulso_27\" \/>\n<meta name=\"twitter:site\" content=\"@Pulso_27\" \/>\n<meta name=\"twitter:label1\" content=\"Written by\" \/>\n\t<meta name=\"twitter:data1\" content=\"Redactor\" \/>\n\t<meta name=\"twitter:label2\" content=\"Est. reading time\" \/>\n\t<meta name=\"twitter:data2\" content=\"5 minutos\" \/>\n<script type=\"application\/ld+json\" class=\"yoast-schema-graph\">{\"@context\":\"https:\\\/\\\/schema.org\",\"@graph\":[{\"@type\":\"Article\",\"@id\":\"https:\\\/\\\/pulso27.com\\\/actualidad\\\/politica\\\/illinois-financial-crisis-could-bring-the-state-to-a-halt\\\/#article\",\"isPartOf\":{\"@id\":\"https:\\\/\\\/pulso27.com\\\/actualidad\\\/politica\\\/illinois-financial-crisis-could-bring-the-state-to-a-halt\\\/\"},\"author\":{\"name\":\"Redactor\",\"@id\":\"https:\\\/\\\/pulso27.com\\\/en\\\/#\\\/schema\\\/person\\\/bf5ee161e6c87f6c7d57f5e689ef8526\"},\"headline\":\"Margot de las alturas\",\"datePublished\":\"2017-07-25T01:16:51+00:00\",\"dateModified\":\"2024-10-14T05:14:47+00:00\",\"mainEntityOfPage\":{\"@id\":\"https:\\\/\\\/pulso27.com\\\/actualidad\\\/politica\\\/illinois-financial-crisis-could-bring-the-state-to-a-halt\\\/\"},\"wordCount\":917,\"commentCount\":0,\"publisher\":{\"@id\":\"https:\\\/\\\/pulso27.com\\\/en\\\/#organization\"},\"image\":{\"@id\":\"https:\\\/\\\/pulso27.com\\\/actualidad\\\/politica\\\/illinois-financial-crisis-could-bring-the-state-to-a-halt\\\/#primaryimage\"},\"thumbnailUrl\":\"https:\\\/\\\/pulso27.com\\\/wp-content\\\/uploads\\\/2017\\\/07\\\/margot-29.10.23.jpg\",\"keywords\":[\"Ayacuchana\",\"MargotPalacios\",\"Pol\u00edtica\"],\"articleSection\":[\"Pol\u00edtica\",\"Regional\"],\"inLanguage\":\"es-PE\",\"potentialAction\":[{\"@type\":\"CommentAction\",\"name\":\"Comment\",\"target\":[\"https:\\\/\\\/pulso27.com\\\/actualidad\\\/politica\\\/illinois-financial-crisis-could-bring-the-state-to-a-halt\\\/#respond\"]}]},{\"@type\":\"WebPage\",\"@id\":\"https:\\\/\\\/pulso27.com\\\/actualidad\\\/politica\\\/illinois-financial-crisis-could-bring-the-state-to-a-halt\\\/\",\"url\":\"https:\\\/\\\/pulso27.com\\\/actualidad\\\/politica\\\/illinois-financial-crisis-could-bring-the-state-to-a-halt\\\/\",\"name\":\"Margot de las alturas - Pulso27\",\"isPartOf\":{\"@id\":\"https:\\\/\\\/pulso27.com\\\/en\\\/#website\"},\"primaryImageOfPage\":{\"@id\":\"https:\\\/\\\/pulso27.com\\\/actualidad\\\/politica\\\/illinois-financial-crisis-could-bring-the-state-to-a-halt\\\/#primaryimage\"},\"image\":{\"@id\":\"https:\\\/\\\/pulso27.com\\\/actualidad\\\/politica\\\/illinois-financial-crisis-could-bring-the-state-to-a-halt\\\/#primaryimage\"},\"thumbnailUrl\":\"https:\\\/\\\/pulso27.com\\\/wp-content\\\/uploads\\\/2017\\\/07\\\/margot-29.10.23.jpg\",\"datePublished\":\"2017-07-25T01:16:51+00:00\",\"dateModified\":\"2024-10-14T05:14:47+00:00\",\"breadcrumb\":{\"@id\":\"https:\\\/\\\/pulso27.com\\\/actualidad\\\/politica\\\/illinois-financial-crisis-could-bring-the-state-to-a-halt\\\/#breadcrumb\"},\"inLanguage\":\"es-PE\",\"potentialAction\":[{\"@type\":\"ReadAction\",\"target\":[\"https:\\\/\\\/pulso27.com\\\/actualidad\\\/politica\\\/illinois-financial-crisis-could-bring-the-state-to-a-halt\\\/\"]}]},{\"@type\":\"ImageObject\",\"inLanguage\":\"es-PE\",\"@id\":\"https:\\\/\\\/pulso27.com\\\/actualidad\\\/politica\\\/illinois-financial-crisis-could-bring-the-state-to-a-halt\\\/#primaryimage\",\"url\":\"https:\\\/\\\/pulso27.com\\\/wp-content\\\/uploads\\\/2017\\\/07\\\/margot-29.10.23.jpg\",\"contentUrl\":\"https:\\\/\\\/pulso27.com\\\/wp-content\\\/uploads\\\/2017\\\/07\\\/margot-29.10.23.jpg\",\"width\":562,\"height\":848},{\"@type\":\"BreadcrumbList\",\"@id\":\"https:\\\/\\\/pulso27.com\\\/actualidad\\\/politica\\\/illinois-financial-crisis-could-bring-the-state-to-a-halt\\\/#breadcrumb\",\"itemListElement\":[{\"@type\":\"ListItem\",\"position\":1,\"name\":\"Portada\",\"item\":\"https:\\\/\\\/pulso27.com\\\/\"},{\"@type\":\"ListItem\",\"position\":2,\"name\":\"Margot de las alturas\"}]},{\"@type\":\"WebSite\",\"@id\":\"https:\\\/\\\/pulso27.com\\\/en\\\/#website\",\"url\":\"https:\\\/\\\/pulso27.com\\\/en\\\/\",\"name\":\"Pulso27\",\"description\":\"Web de noticias y publicidad\",\"publisher\":{\"@id\":\"https:\\\/\\\/pulso27.com\\\/en\\\/#organization\"},\"alternateName\":\"El pulso del pueblo\",\"potentialAction\":[{\"@type\":\"SearchAction\",\"target\":{\"@type\":\"EntryPoint\",\"urlTemplate\":\"https:\\\/\\\/pulso27.com\\\/en\\\/?s={search_term_string}\"},\"query-input\":{\"@type\":\"PropertyValueSpecification\",\"valueRequired\":true,\"valueName\":\"search_term_string\"}}],\"inLanguage\":\"es-PE\"},{\"@type\":\"Organization\",\"@id\":\"https:\\\/\\\/pulso27.com\\\/en\\\/#organization\",\"name\":\"Pulso27\",\"url\":\"https:\\\/\\\/pulso27.com\\\/en\\\/\",\"logo\":{\"@type\":\"ImageObject\",\"inLanguage\":\"es-PE\",\"@id\":\"https:\\\/\\\/pulso27.com\\\/en\\\/#\\\/schema\\\/logo\\\/image\\\/\",\"url\":\"https:\\\/\\\/pulso27.com\\\/wp-content\\\/uploads\\\/2026\\\/02\\\/Logotipo-de-la-organizacion-696-x-696-px-ok.png\",\"contentUrl\":\"https:\\\/\\\/pulso27.com\\\/wp-content\\\/uploads\\\/2026\\\/02\\\/Logotipo-de-la-organizacion-696-x-696-px-ok.png\",\"width\":696,\"height\":696,\"caption\":\"Pulso27\"},\"image\":{\"@id\":\"https:\\\/\\\/pulso27.com\\\/en\\\/#\\\/schema\\\/logo\\\/image\\\/\"},\"sameAs\":[\"https:\\\/\\\/www.facebook.com\\\/pulso27\\\/\",\"https:\\\/\\\/x.com\\\/Pulso_27\",\"https:\\\/\\\/www.youtube.com\\\/@Pulso27\",\"https:\\\/\\\/www.tiktok.com\\\/@pulso_27\"]},{\"@type\":\"Person\",\"@id\":\"https:\\\/\\\/pulso27.com\\\/en\\\/#\\\/schema\\\/person\\\/bf5ee161e6c87f6c7d57f5e689ef8526\",\"name\":\"Redactor\",\"image\":{\"@type\":\"ImageObject\",\"inLanguage\":\"es-PE\",\"@id\":\"https:\\\/\\\/pulso27.com\\\/wp-content\\\/uploads\\\/2025\\\/03\\\/a-150x150.png\",\"url\":\"https:\\\/\\\/pulso27.com\\\/wp-content\\\/uploads\\\/2025\\\/03\\\/a-150x150.png\",\"contentUrl\":\"https:\\\/\\\/pulso27.com\\\/wp-content\\\/uploads\\\/2025\\\/03\\\/a-150x150.png\",\"caption\":\"Redactor\"},\"sameAs\":[\"http:\\\/\\\/www.pulso27.com\"],\"url\":\"https:\\\/\\\/pulso27.com\\\/es\\\/author\\\/redactor\\\/\"}]}<\/script>\n<!-- \/ Yoast SEO plugin. -->","yoast_head_json":{"title":"Margot de las alturas - Pulso27","robots":{"index":"index","follow":"follow","max-snippet":"max-snippet:-1","max-image-preview":"max-image-preview:large","max-video-preview":"max-video-preview:-1"},"canonical":"https:\/\/pulso27.com\/es\/actualidad\/politica\/illinois-financial-crisis-could-bring-the-state-to-a-halt\/","og_locale":"es_ES","og_type":"article","og_title":"Margot de las alturas - Pulso27","og_description":"La realidad de nuestro pa\u00eds nos exige aperturar nuevas propuestas hacia los pueblos olvidados, sin discriminaci\u00f3n alguna, legislando leyes para favorecer al pueblo y denunciando el abuso y su explotaci\u00f3n","og_url":"https:\/\/pulso27.com\/es\/actualidad\/politica\/illinois-financial-crisis-could-bring-the-state-to-a-halt\/","og_site_name":"Pulso27","article_publisher":"https:\/\/www.facebook.com\/pulso27\/","article_published_time":"2017-07-25T01:16:51+00:00","article_modified_time":"2024-10-14T05:14:47+00:00","og_image":[{"width":562,"height":848,"url":"https:\/\/pulso27.com\/wp-content\/uploads\/2017\/07\/margot-29.10.23.jpg","type":"image\/jpeg"}],"author":"Redactor","twitter_card":"summary_large_image","twitter_creator":"@Pulso_27","twitter_site":"@Pulso_27","twitter_misc":{"Written by":"Redactor","Est. reading time":"5 minutos"},"schema":{"@context":"https:\/\/schema.org","@graph":[{"@type":"Article","@id":"https:\/\/pulso27.com\/actualidad\/politica\/illinois-financial-crisis-could-bring-the-state-to-a-halt\/#article","isPartOf":{"@id":"https:\/\/pulso27.com\/actualidad\/politica\/illinois-financial-crisis-could-bring-the-state-to-a-halt\/"},"author":{"name":"Redactor","@id":"https:\/\/pulso27.com\/en\/#\/schema\/person\/bf5ee161e6c87f6c7d57f5e689ef8526"},"headline":"Margot de las alturas","datePublished":"2017-07-25T01:16:51+00:00","dateModified":"2024-10-14T05:14:47+00:00","mainEntityOfPage":{"@id":"https:\/\/pulso27.com\/actualidad\/politica\/illinois-financial-crisis-could-bring-the-state-to-a-halt\/"},"wordCount":917,"commentCount":0,"publisher":{"@id":"https:\/\/pulso27.com\/en\/#organization"},"image":{"@id":"https:\/\/pulso27.com\/actualidad\/politica\/illinois-financial-crisis-could-bring-the-state-to-a-halt\/#primaryimage"},"thumbnailUrl":"https:\/\/pulso27.com\/wp-content\/uploads\/2017\/07\/margot-29.10.23.jpg","keywords":["Ayacuchana","MargotPalacios","Pol\u00edtica"],"articleSection":["Pol\u00edtica","Regional"],"inLanguage":"es-PE","potentialAction":[{"@type":"CommentAction","name":"Comment","target":["https:\/\/pulso27.com\/actualidad\/politica\/illinois-financial-crisis-could-bring-the-state-to-a-halt\/#respond"]}]},{"@type":"WebPage","@id":"https:\/\/pulso27.com\/actualidad\/politica\/illinois-financial-crisis-could-bring-the-state-to-a-halt\/","url":"https:\/\/pulso27.com\/actualidad\/politica\/illinois-financial-crisis-could-bring-the-state-to-a-halt\/","name":"Margot de las alturas - Pulso27","isPartOf":{"@id":"https:\/\/pulso27.com\/en\/#website"},"primaryImageOfPage":{"@id":"https:\/\/pulso27.com\/actualidad\/politica\/illinois-financial-crisis-could-bring-the-state-to-a-halt\/#primaryimage"},"image":{"@id":"https:\/\/pulso27.com\/actualidad\/politica\/illinois-financial-crisis-could-bring-the-state-to-a-halt\/#primaryimage"},"thumbnailUrl":"https:\/\/pulso27.com\/wp-content\/uploads\/2017\/07\/margot-29.10.23.jpg","datePublished":"2017-07-25T01:16:51+00:00","dateModified":"2024-10-14T05:14:47+00:00","breadcrumb":{"@id":"https:\/\/pulso27.com\/actualidad\/politica\/illinois-financial-crisis-could-bring-the-state-to-a-halt\/#breadcrumb"},"inLanguage":"es-PE","potentialAction":[{"@type":"ReadAction","target":["https:\/\/pulso27.com\/actualidad\/politica\/illinois-financial-crisis-could-bring-the-state-to-a-halt\/"]}]},{"@type":"ImageObject","inLanguage":"es-PE","@id":"https:\/\/pulso27.com\/actualidad\/politica\/illinois-financial-crisis-could-bring-the-state-to-a-halt\/#primaryimage","url":"https:\/\/pulso27.com\/wp-content\/uploads\/2017\/07\/margot-29.10.23.jpg","contentUrl":"https:\/\/pulso27.com\/wp-content\/uploads\/2017\/07\/margot-29.10.23.jpg","width":562,"height":848},{"@type":"BreadcrumbList","@id":"https:\/\/pulso27.com\/actualidad\/politica\/illinois-financial-crisis-could-bring-the-state-to-a-halt\/#breadcrumb","itemListElement":[{"@type":"ListItem","position":1,"name":"Portada","item":"https:\/\/pulso27.com\/"},{"@type":"ListItem","position":2,"name":"Margot de las alturas"}]},{"@type":"WebSite","@id":"https:\/\/pulso27.com\/en\/#website","url":"https:\/\/pulso27.com\/en\/","name":"Pulso27","description":"Web de noticias y publicidad","publisher":{"@id":"https:\/\/pulso27.com\/en\/#organization"},"alternateName":"El pulso del pueblo","potentialAction":[{"@type":"SearchAction","target":{"@type":"EntryPoint","urlTemplate":"https:\/\/pulso27.com\/en\/?s={search_term_string}"},"query-input":{"@type":"PropertyValueSpecification","valueRequired":true,"valueName":"search_term_string"}}],"inLanguage":"es-PE"},{"@type":"Organization","@id":"https:\/\/pulso27.com\/en\/#organization","name":"Pulso27","url":"https:\/\/pulso27.com\/en\/","logo":{"@type":"ImageObject","inLanguage":"es-PE","@id":"https:\/\/pulso27.com\/en\/#\/schema\/logo\/image\/","url":"https:\/\/pulso27.com\/wp-content\/uploads\/2026\/02\/Logotipo-de-la-organizacion-696-x-696-px-ok.png","contentUrl":"https:\/\/pulso27.com\/wp-content\/uploads\/2026\/02\/Logotipo-de-la-organizacion-696-x-696-px-ok.png","width":696,"height":696,"caption":"Pulso27"},"image":{"@id":"https:\/\/pulso27.com\/en\/#\/schema\/logo\/image\/"},"sameAs":["https:\/\/www.facebook.com\/pulso27\/","https:\/\/x.com\/Pulso_27","https:\/\/www.youtube.com\/@Pulso27","https:\/\/www.tiktok.com\/@pulso_27"]},{"@type":"Person","@id":"https:\/\/pulso27.com\/en\/#\/schema\/person\/bf5ee161e6c87f6c7d57f5e689ef8526","name":"Redactor","image":{"@type":"ImageObject","inLanguage":"es-PE","@id":"https:\/\/pulso27.com\/wp-content\/uploads\/2025\/03\/a-150x150.png","url":"https:\/\/pulso27.com\/wp-content\/uploads\/2025\/03\/a-150x150.png","contentUrl":"https:\/\/pulso27.com\/wp-content\/uploads\/2025\/03\/a-150x150.png","caption":"Redactor"},"sameAs":["http:\/\/www.pulso27.com"],"url":"https:\/\/pulso27.com\/es\/author\/redactor\/"}]}},"amp_enabled":true,"_links":{"self":[{"href":"https:\/\/pulso27.com\/es\/wp-json\/wp\/v2\/posts\/90","targetHints":{"allow":["GET"]}}],"collection":[{"href":"https:\/\/pulso27.com\/es\/wp-json\/wp\/v2\/posts"}],"about":[{"href":"https:\/\/pulso27.com\/es\/wp-json\/wp\/v2\/types\/post"}],"author":[{"embeddable":true,"href":"https:\/\/pulso27.com\/es\/wp-json\/wp\/v2\/users\/13"}],"replies":[{"embeddable":true,"href":"https:\/\/pulso27.com\/es\/wp-json\/wp\/v2\/comments?post=90"}],"version-history":[{"count":7,"href":"https:\/\/pulso27.com\/es\/wp-json\/wp\/v2\/posts\/90\/revisions"}],"predecessor-version":[{"id":2327,"href":"https:\/\/pulso27.com\/es\/wp-json\/wp\/v2\/posts\/90\/revisions\/2327"}],"wp:featuredmedia":[{"embeddable":true,"href":"https:\/\/pulso27.com\/es\/wp-json\/wp\/v2\/media\/413"}],"wp:attachment":[{"href":"https:\/\/pulso27.com\/es\/wp-json\/wp\/v2\/media?parent=90"}],"wp:term":[{"taxonomy":"category","embeddable":true,"href":"https:\/\/pulso27.com\/es\/wp-json\/wp\/v2\/categories?post=90"},{"taxonomy":"post_tag","embeddable":true,"href":"https:\/\/pulso27.com\/es\/wp-json\/wp\/v2\/tags?post=90"}],"curies":[{"name":"wp","href":"https:\/\/api.w.org\/{rel}","templated":true}]}}